{"id":70293,"date":"2017-04-06T23:51:03","date_gmt":"2017-04-07T02:51:03","guid":{"rendered":"http:\/\/www.gentedebasquet.com.ar\/?p=70293"},"modified":"2017-04-06T23:51:03","modified_gmt":"2017-04-07T02:51:03","slug":"naposta-no-adhirio-al-paro","status":"publish","type":"post","link":"https:\/\/gentedebasquet.com.ar\/sitio\/2017\/04\/06\/naposta-no-adhirio-al-paro\/","title":{"rendered":"Napost\u00e1 no adhiri\u00f3 al paro"},"content":{"rendered":"<p><strong>Haber superado un mal primer tiempo fue uno de los m\u00e9ritos de Napost\u00e1, que trabaj\u00f3 y mucho para vencer a Alem en el Antonio Palma por 70 a 67. El equipo dirigido por Sebasti\u00e1n Aleksoski hizo un buen scouting defensivo, aunque comenz\u00f3 a dominar cuando fluy\u00f3 su ataque. All\u00ed, Quiroga fue el de las primeras fechas (19, 7 rebotes, 3 asistencias, 3 robos y 3 tapas) y Radavero impuso sus aptitudes sacando provecho de m\u00e1s cent\u00edmetros y kilos en la pintura. Sin Torre (pubalgia) y con apenas 7m48\u00a0de Rotta (muscular), a Alem se le hizo cuesta arriba. Cinti (23) y Banegas (16), los m\u00e1s destacados.<\/strong><\/p>\n<p>Dos golpes de efecto causaron da\u00f1o en la estructura de Leandro N. Alem.<\/p>\n<p>La primera, de antemano: por un principio de pubalgia, el base Santiago Torre, <a href=\"http:\/\/www.gentedebasquet.com.ar\/primera-asistencias-2\/\" target=\"_blank\" rel=\"noopener\">l\u00edder en asistencias<\/a>, no estuvo disponible. La segunda, a 2m12 del cierre del 1C, cuando por intentar salvar una pelota que se iba del campo Juan Pablo Rotta sinti\u00f3 una molestia muscular que no le permiti\u00f3 regresar al juego.<\/p>\n<p><img decoding=\"async\" class=\"size-full wp-image-70298 alignright\" src=\"http:\/\/www.gentedebasquet.com.ar\/wp-content\/uploads\/2017\/04\/Banegas-Napost\u00e1-Alem.jpg\" alt=\"Banegas Napost\u00e1 Alem\" width=\"400\" height=\"270\" \/><\/p>\n<p>\u00c9l, con dos triples, hab\u00eda sido hasta el momento, la principal v\u00eda de gol en la visita, que alcanz\u00f3 a sacar 7 de luz (13-20) a 1m09 del cierre del primer parcial.<\/p>\n<p>Napost\u00e1 fue desorden puro y de no haber sido por el superlativo nivel de Nico Quiroga (8 puntos \u00a0y una tapa impresionante a Banegas en el 1C), el <a href=\"http:\/\/www.gentedebasquet.com.ar\/primera-valoracion-3\/\" target=\"_blank\" rel=\"noopener\">mejor jugador en lo que va del a\u00f1o en Primera<\/a>, hubiese quedado muy relegado.<\/p>\n<p>Sin embargo, a Alem le cost\u00f3, no estuvo fino con el traslado y el escaso recambio le hizo perder consistencia. As\u00ed, el local se puso en partido, el pick Gentili-Quiroga sali\u00f3 con m\u00e1s naturalidad y de a poco Radavero se fue haciendo ancho en la pintura ante defensas de menor tama\u00f1o.<\/p>\n<p>Ya con el resultado equilibrado, Napost\u00e1 gan\u00f3 en confianza. Para colmo, sell\u00f3 un parcial de 6-0 en el amanecer del 3C que lo revitaliz\u00f3. M\u00e1s tarde, concret\u00f3 un genial alley oop entre sus internos iniciales y alcanz\u00f3 una m\u00e1xima de siete (47-40) a 2m58 del final del 3C.<\/p>\n<blockquote><p>Regularidad no tenemos; si estamos conformes, aunque no nos quedamos con eso. La verdad, en cinco partidos no imagin\u00e1bamos estar en una situaci\u00f3n como la que estamos, con mucho para corregir, pero habiendo ganado tres partidos y los que perdimos llegando palo a palo al final. Hoy aprovechamos la ventaja f\u00edsica en el juego interior; sobre todo cuando ellos jugaron con un cuatro disfrazado (Federico Radavero)<\/p><\/blockquote>\n<p>Sin embargo, en la parcialidad local varios quedaron at\u00f3nitos cuando Quiroga se dej\u00f3 caer con una clara molestia en su rodilla derecha. Por suerte para el local, el pivot volvi\u00f3 en el 4C aunque con el correr de los d\u00edas se podr\u00e1 saber a ciencia cierta si sufri\u00f3 alguna lesi\u00f3n o fue solo el susto.<\/p>\n<p>Sin \u00e9l, Alem aprovech\u00f3 para darle juego a Banegas, hasta el momento bien controlado y obligado a pasar la bola cada vez que se posteaba. Cuatro puntos en fila del Flaco devolvieron a la visita al juego.<\/p>\n<p>M\u00e1s tarde, Petrini acert\u00f3 a distancia y Cinti tom\u00f3 protagonismo aprovechando cortinas para llegar al cesto en bandeja. Ese combo dej\u00f3 al verdirrojo a tiro entrando a los \u00faltimos segundos.<\/p>\n<p>La ventaja en el cierre favoreci\u00f3 al local, aunque estando 68-62 arriba y con apenas 9s por delante, se dio una situaci\u00f3n muy particular. Cinti fue a la l\u00ednea y anot\u00f3 1\/2, aunque el rebote del libre fallado deriv\u00f3 en Genaro Priore, quien clav\u00f3 un triple (68-66).<\/p>\n<p>Napost\u00e1 repuso y Gentili fue autom\u00e1ticamente cortado con falta, pero una discusi\u00f3n entre Aleksoski y el relojero (uno de los lum\u00ednicos se tildaba) fue sancionada con t\u00e9cnica al banco local. En s\u00edntesis, Gentili meti\u00f3 2\/2 y Augusto Priore se hizo cargo del libre por la t\u00e9cnica (70-67).<\/p>\n<p>La bola le correspondi\u00f3 a Alem, m\u00e1s all\u00e1 de que las cinco d\u00e9cimas con las que contaba no fueron suficientes para tomar un lanzamiento e intentar alcanzar el suplementario.<\/p>\n<p><iframe loading=\"lazy\" width=\"560\" height=\"315\" src=\"https:\/\/www.youtube.com\/embed\/8CLBGzh8lVI\" frameborder=\"0\" allowfullscreen><\/iframe><\/p>\n<p><strong>S\u00edntesis | <\/strong>Primera Divisi\u00f3n &#8211; Primer Tramo &#8211; Fecha #6<\/p>\n<p><strong>Napost\u00e1 70:<\/strong> Gustavo Gentili 4, Federico Harina 16, Tom\u00e1s Tajan 0, Federico Radavero 20, Nicol\u00e1s Quiroga 19 (x) (Fi); Ramiro Aguirre 8, Augusto Meneses 2, Mateo Fern\u00e1ndez Solari 1 y Ramiro Catal\u00e1 0. DT: Sebasti\u00e1n Aleksoski.<\/p>\n<p><strong>Alem 67: <\/strong>Augusto Priore 4, Sebasti\u00e1n Cinti \u00a023, Juan Pablo Rotta 6, Joaqu\u00edn Larrandart 7, H\u00e9rman Banegas 16 (Fi); Iv\u00e1n Petrini 8 (x), Genaro Priore 3, Patricio Zapata 0 y Agust\u00edn Astradas 0. DT. Alejandro \u00c1lvarez.<\/p>\n<p>Parciales<strong>:<\/strong>\u00a015-20, 29-29 (14-9), 51-48 (22-19) y 70-67 (19-19).<\/p>\n<p><strong>\u00c1rbitros:<\/strong> Horacio Sed\u00e1n &#8211; Mauro Reyes.<\/p>\n<p><strong>Estadio: <\/strong>Antonio Palma (Napost\u00e1).<\/p>\n<p><a class=\"modalf iframe\" title=\"Planilla\" href=\"https:\/\/docs.google.com\/spreadsheets\/d\/1h0bLHRuJbiBA38BpZNOgHTo5ziUtXe5u5ChvKc-pGO4\/pubhtml\" target=\"_blank\" rel=\"noopener\">Ver Planilla<\/a><\/p>\n","protected":false},"excerpt":{"rendered":"<p>Trabaj\u00f3 y mucho para vencer a un limitado Alem, como local, por 70 a 67<\/p>\n","protected":false},"author":1,"featured_media":70299,"comment_status":"closed","ping_status":"open","sticky":false,"template":"","format":"standard","meta":{"jnews-multi-image_gallery":[],"jnews_single_post":[],"jnews_primary_category":[],"footnotes":""},"categories":[23,101],"tags":[599,230,48,612,15,283,604,227],"class_list":["post-70293","post","type-post","status-publish","format-standard","has-post-thumbnail","hentry","category-primera","category-slide","tag-federico-radavero","tag-herman-banegas","tag-juan-pablo-rotta","tag-leandro-n-alem","tag-naposta","tag-nicolas-quiroga","tag-santiago-torre","tag-sebastian-cinti"],"yoast_head":"<!-- This site is optimized with the Yoast SEO plugin v27.5 - https:\/\/yoast.com\/product\/yoast-seo-wordpress\/ -->\n<title>Napost\u00e1 no adhiri\u00f3 al paro - Gente de B\u00e1squet<\/title>\n<meta name=\"robots\" content=\"index, follow, max-snippet:-1, max-image-preview:large, max-video-preview:-1\" \/>\n<link rel=\"canonical\" href=\"https:\/\/gentedebasquet.com.ar\/sitio\/2017\/04\/06\/naposta-no-adhirio-al-paro\/\" \/>\n<meta property=\"og:locale\" content=\"es_ES\" \/>\n<meta property=\"og:type\" content=\"article\" \/>\n<meta property=\"og:title\" content=\"Napost\u00e1 no adhiri\u00f3 al paro - Gente de B\u00e1squet\" \/>\n<meta property=\"og:description\" content=\"Trabaj\u00f3 y mucho para vencer a un limitado Alem, como local, por 70 a 67\" \/>\n<meta property=\"og:url\" content=\"https:\/\/gentedebasquet.com.ar\/sitio\/2017\/04\/06\/naposta-no-adhirio-al-paro\/\" \/>\n<meta property=\"og:site_name\" content=\"Gente de B\u00e1squet\" \/>\n<meta property=\"article:published_time\" content=\"2017-04-07T02:51:03+00:00\" \/>\n<meta property=\"og:image\" content=\"https:\/\/gentedebasquet.com.ar\/sitio\/wp-content\/uploads\/2017\/04\/Radavero-Naposta-Alem.jpg\" \/>\n\t<meta property=\"og:image:width\" content=\"690\" \/>\n\t<meta property=\"og:image:height\" content=\"319\" \/>\n\t<meta property=\"og:image:type\" content=\"image\/jpeg\" \/>\n<meta name=\"author\" content=\"Gente de B\u00e1squet\" \/>\n<meta name=\"twitter:card\" content=\"summary_large_image\" \/>\n<meta name=\"twitter:label1\" content=\"Escrito por\" \/>\n\t<meta name=\"twitter:data1\" content=\"Gente de B\u00e1squet\" \/>\n\t<meta name=\"twitter:label2\" content=\"Tiempo de lectura\" \/>\n\t<meta name=\"twitter:data2\" content=\"4 minutos\" \/>\n<script type=\"application\/ld+json\" class=\"yoast-schema-graph\">{\"@context\":\"https:\\\/\\\/schema.org\",\"@graph\":[{\"@type\":\"Article\",\"@id\":\"https:\\\/\\\/gentedebasquet.com.ar\\\/sitio\\\/2017\\\/04\\\/06\\\/naposta-no-adhirio-al-paro\\\/#article\",\"isPartOf\":{\"@id\":\"https:\\\/\\\/gentedebasquet.com.ar\\\/sitio\\\/2017\\\/04\\\/06\\\/naposta-no-adhirio-al-paro\\\/\"},\"author\":{\"name\":\"Gente de B\u00e1squet\",\"@id\":\"https:\\\/\\\/gentedebasquet.com.ar\\\/sitio\\\/#\\\/schema\\\/person\\\/ca0b63bbb977369988a7bbbdc519943a\"},\"headline\":\"Napost\u00e1 no adhiri\u00f3 al paro\",\"datePublished\":\"2017-04-07T02:51:03+00:00\",\"mainEntityOfPage\":{\"@id\":\"https:\\\/\\\/gentedebasquet.com.ar\\\/sitio\\\/2017\\\/04\\\/06\\\/naposta-no-adhirio-al-paro\\\/\"},\"wordCount\":771,\"image\":{\"@id\":\"https:\\\/\\\/gentedebasquet.com.ar\\\/sitio\\\/2017\\\/04\\\/06\\\/naposta-no-adhirio-al-paro\\\/#primaryimage\"},\"thumbnailUrl\":\"https:\\\/\\\/gentedebasquet.com.ar\\\/sitio\\\/wp-content\\\/uploads\\\/2017\\\/04\\\/Radavero-Naposta-Alem.jpg\",\"keywords\":[\"Federico Radavero\",\"Herman Banegas\",\"Juan Pablo Rotta\",\"Leandro N. Alem\",\"Naposta\",\"Nicol\u00e1s Quiroga\",\"Santiago Torre\",\"Sebasti\u00e1n Cinti\"],\"articleSection\":[\"Primera\",\"Slide\"],\"inLanguage\":\"es\"},{\"@type\":\"WebPage\",\"@id\":\"https:\\\/\\\/gentedebasquet.com.ar\\\/sitio\\\/2017\\\/04\\\/06\\\/naposta-no-adhirio-al-paro\\\/\",\"url\":\"https:\\\/\\\/gentedebasquet.com.ar\\\/sitio\\\/2017\\\/04\\\/06\\\/naposta-no-adhirio-al-paro\\\/\",\"name\":\"Napost\u00e1 no adhiri\u00f3 al paro - Gente de B\u00e1squet\",\"isPartOf\":{\"@id\":\"https:\\\/\\\/gentedebasquet.com.ar\\\/sitio\\\/#website\"},\"primaryImageOfPage\":{\"@id\":\"https:\\\/\\\/gentedebasquet.com.ar\\\/sitio\\\/2017\\\/04\\\/06\\\/naposta-no-adhirio-al-paro\\\/#primaryimage\"},\"image\":{\"@id\":\"https:\\\/\\\/gentedebasquet.com.ar\\\/sitio\\\/2017\\\/04\\\/06\\\/naposta-no-adhirio-al-paro\\\/#primaryimage\"},\"thumbnailUrl\":\"https:\\\/\\\/gentedebasquet.com.ar\\\/sitio\\\/wp-content\\\/uploads\\\/2017\\\/04\\\/Radavero-Naposta-Alem.jpg\",\"datePublished\":\"2017-04-07T02:51:03+00:00\",\"author\":{\"@id\":\"https:\\\/\\\/gentedebasquet.com.ar\\\/sitio\\\/#\\\/schema\\\/person\\\/ca0b63bbb977369988a7bbbdc519943a\"},\"breadcrumb\":{\"@id\":\"https:\\\/\\\/gentedebasquet.com.ar\\\/sitio\\\/2017\\\/04\\\/06\\\/naposta-no-adhirio-al-paro\\\/#breadcrumb\"},\"inLanguage\":\"es\",\"potentialAction\":[{\"@type\":\"ReadAction\",\"target\":[\"https:\\\/\\\/gentedebasquet.com.ar\\\/sitio\\\/2017\\\/04\\\/06\\\/naposta-no-adhirio-al-paro\\\/\"]}]},{\"@type\":\"ImageObject\",\"inLanguage\":\"es\",\"@id\":\"https:\\\/\\\/gentedebasquet.com.ar\\\/sitio\\\/2017\\\/04\\\/06\\\/naposta-no-adhirio-al-paro\\\/#primaryimage\",\"url\":\"https:\\\/\\\/gentedebasquet.com.ar\\\/sitio\\\/wp-content\\\/uploads\\\/2017\\\/04\\\/Radavero-Naposta-Alem.jpg\",\"contentUrl\":\"https:\\\/\\\/gentedebasquet.com.ar\\\/sitio\\\/wp-content\\\/uploads\\\/2017\\\/04\\\/Radavero-Naposta-Alem.jpg\",\"width\":690,\"height\":319},{\"@type\":\"BreadcrumbList\",\"@id\":\"https:\\\/\\\/gentedebasquet.com.ar\\\/sitio\\\/2017\\\/04\\\/06\\\/naposta-no-adhirio-al-paro\\\/#breadcrumb\",\"itemListElement\":[{\"@type\":\"ListItem\",\"position\":1,\"name\":\"Portada\",\"item\":\"https:\\\/\\\/gentedebasquet.com.ar\\\/sitio\\\/\"},{\"@type\":\"ListItem\",\"position\":2,\"name\":\"Napost\u00e1 no adhiri\u00f3 al paro\"}]},{\"@type\":\"WebSite\",\"@id\":\"https:\\\/\\\/gentedebasquet.com.ar\\\/sitio\\\/#website\",\"url\":\"https:\\\/\\\/gentedebasquet.com.ar\\\/sitio\\\/\",\"name\":\"Gente de B\u00e1squet\",\"description\":\"La revista del basquet de Bah\u00eda Blanca\",\"potentialAction\":[{\"@type\":\"SearchAction\",\"target\":{\"@type\":\"EntryPoint\",\"urlTemplate\":\"https:\\\/\\\/gentedebasquet.com.ar\\\/sitio\\\/?s={search_term_string}\"},\"query-input\":{\"@type\":\"PropertyValueSpecification\",\"valueRequired\":true,\"valueName\":\"search_term_string\"}}],\"inLanguage\":\"es\"},{\"@type\":\"Person\",\"@id\":\"https:\\\/\\\/gentedebasquet.com.ar\\\/sitio\\\/#\\\/schema\\\/person\\\/ca0b63bbb977369988a7bbbdc519943a\",\"name\":\"Gente de B\u00e1squet\",\"image\":{\"@type\":\"ImageObject\",\"inLanguage\":\"es\",\"@id\":\"https:\\\/\\\/secure.gravatar.com\\\/avatar\\\/7f2c48bdc33b30088f941fb6082e555f2874c98e20cb159d7b92b50eadfce793?s=96&d=mm&r=g\",\"url\":\"https:\\\/\\\/secure.gravatar.com\\\/avatar\\\/7f2c48bdc33b30088f941fb6082e555f2874c98e20cb159d7b92b50eadfce793?s=96&d=mm&r=g\",\"contentUrl\":\"https:\\\/\\\/secure.gravatar.com\\\/avatar\\\/7f2c48bdc33b30088f941fb6082e555f2874c98e20cb159d7b92b50eadfce793?s=96&d=mm&r=g\",\"caption\":\"Gente de B\u00e1squet\"},\"sameAs\":[\"http:\\\/\\\/gentedebasquet.com.ar\\\/sitio\"],\"url\":\"https:\\\/\\\/gentedebasquet.com.ar\\\/sitio\\\/author\\\/ulises\\\/\"}]}<\/script>\n<!-- \/ Yoast SEO plugin. -->","yoast_head_json":{"title":"Napost\u00e1 no adhiri\u00f3 al paro - Gente de B\u00e1squet","robots":{"index":"index","follow":"follow","max-snippet":"max-snippet:-1","max-image-preview":"max-image-preview:large","max-video-preview":"max-video-preview:-1"},"canonical":"https:\/\/gentedebasquet.com.ar\/sitio\/2017\/04\/06\/naposta-no-adhirio-al-paro\/","og_locale":"es_ES","og_type":"article","og_title":"Napost\u00e1 no adhiri\u00f3 al paro - Gente de B\u00e1squet","og_description":"Trabaj\u00f3 y mucho para vencer a un limitado Alem, como local, por 70 a 67","og_url":"https:\/\/gentedebasquet.com.ar\/sitio\/2017\/04\/06\/naposta-no-adhirio-al-paro\/","og_site_name":"Gente de B\u00e1squet","article_published_time":"2017-04-07T02:51:03+00:00","og_image":[{"width":690,"height":319,"url":"https:\/\/gentedebasquet.com.ar\/sitio\/wp-content\/uploads\/2017\/04\/Radavero-Naposta-Alem.jpg","type":"image\/jpeg"}],"author":"Gente de B\u00e1squet","twitter_card":"summary_large_image","twitter_misc":{"Escrito por":"Gente de B\u00e1squet","Tiempo de lectura":"4 minutos"},"schema":{"@context":"https:\/\/schema.org","@graph":[{"@type":"Article","@id":"https:\/\/gentedebasquet.com.ar\/sitio\/2017\/04\/06\/naposta-no-adhirio-al-paro\/#article","isPartOf":{"@id":"https:\/\/gentedebasquet.com.ar\/sitio\/2017\/04\/06\/naposta-no-adhirio-al-paro\/"},"author":{"name":"Gente de B\u00e1squet","@id":"https:\/\/gentedebasquet.com.ar\/sitio\/#\/schema\/person\/ca0b63bbb977369988a7bbbdc519943a"},"headline":"Napost\u00e1 no adhiri\u00f3 al paro","datePublished":"2017-04-07T02:51:03+00:00","mainEntityOfPage":{"@id":"https:\/\/gentedebasquet.com.ar\/sitio\/2017\/04\/06\/naposta-no-adhirio-al-paro\/"},"wordCount":771,"image":{"@id":"https:\/\/gentedebasquet.com.ar\/sitio\/2017\/04\/06\/naposta-no-adhirio-al-paro\/#primaryimage"},"thumbnailUrl":"https:\/\/gentedebasquet.com.ar\/sitio\/wp-content\/uploads\/2017\/04\/Radavero-Naposta-Alem.jpg","keywords":["Federico Radavero","Herman Banegas","Juan Pablo Rotta","Leandro N. Alem","Naposta","Nicol\u00e1s Quiroga","Santiago Torre","Sebasti\u00e1n Cinti"],"articleSection":["Primera","Slide"],"inLanguage":"es"},{"@type":"WebPage","@id":"https:\/\/gentedebasquet.com.ar\/sitio\/2017\/04\/06\/naposta-no-adhirio-al-paro\/","url":"https:\/\/gentedebasquet.com.ar\/sitio\/2017\/04\/06\/naposta-no-adhirio-al-paro\/","name":"Napost\u00e1 no adhiri\u00f3 al paro - Gente de B\u00e1squet","isPartOf":{"@id":"https:\/\/gentedebasquet.com.ar\/sitio\/#website"},"primaryImageOfPage":{"@id":"https:\/\/gentedebasquet.com.ar\/sitio\/2017\/04\/06\/naposta-no-adhirio-al-paro\/#primaryimage"},"image":{"@id":"https:\/\/gentedebasquet.com.ar\/sitio\/2017\/04\/06\/naposta-no-adhirio-al-paro\/#primaryimage"},"thumbnailUrl":"https:\/\/gentedebasquet.com.ar\/sitio\/wp-content\/uploads\/2017\/04\/Radavero-Naposta-Alem.jpg","datePublished":"2017-04-07T02:51:03+00:00","author":{"@id":"https:\/\/gentedebasquet.com.ar\/sitio\/#\/schema\/person\/ca0b63bbb977369988a7bbbdc519943a"},"breadcrumb":{"@id":"https:\/\/gentedebasquet.com.ar\/sitio\/2017\/04\/06\/naposta-no-adhirio-al-paro\/#breadcrumb"},"inLanguage":"es","potentialAction":[{"@type":"ReadAction","target":["https:\/\/gentedebasquet.com.ar\/sitio\/2017\/04\/06\/naposta-no-adhirio-al-paro\/"]}]},{"@type":"ImageObject","inLanguage":"es","@id":"https:\/\/gentedebasquet.com.ar\/sitio\/2017\/04\/06\/naposta-no-adhirio-al-paro\/#primaryimage","url":"https:\/\/gentedebasquet.com.ar\/sitio\/wp-content\/uploads\/2017\/04\/Radavero-Naposta-Alem.jpg","contentUrl":"https:\/\/gentedebasquet.com.ar\/sitio\/wp-content\/uploads\/2017\/04\/Radavero-Naposta-Alem.jpg","width":690,"height":319},{"@type":"BreadcrumbList","@id":"https:\/\/gentedebasquet.com.ar\/sitio\/2017\/04\/06\/naposta-no-adhirio-al-paro\/#breadcrumb","itemListElement":[{"@type":"ListItem","position":1,"name":"Portada","item":"https:\/\/gentedebasquet.com.ar\/sitio\/"},{"@type":"ListItem","position":2,"name":"Napost\u00e1 no adhiri\u00f3 al paro"}]},{"@type":"WebSite","@id":"https:\/\/gentedebasquet.com.ar\/sitio\/#website","url":"https:\/\/gentedebasquet.com.ar\/sitio\/","name":"Gente de B\u00e1squet","description":"La revista del basquet de Bah\u00eda Blanca","potentialAction":[{"@type":"SearchAction","target":{"@type":"EntryPoint","urlTemplate":"https:\/\/gentedebasquet.com.ar\/sitio\/?s={search_term_string}"},"query-input":{"@type":"PropertyValueSpecification","valueRequired":true,"valueName":"search_term_string"}}],"inLanguage":"es"},{"@type":"Person","@id":"https:\/\/gentedebasquet.com.ar\/sitio\/#\/schema\/person\/ca0b63bbb977369988a7bbbdc519943a","name":"Gente de B\u00e1squet","image":{"@type":"ImageObject","inLanguage":"es","@id":"https:\/\/secure.gravatar.com\/avatar\/7f2c48bdc33b30088f941fb6082e555f2874c98e20cb159d7b92b50eadfce793?s=96&d=mm&r=g","url":"https:\/\/secure.gravatar.com\/avatar\/7f2c48bdc33b30088f941fb6082e555f2874c98e20cb159d7b92b50eadfce793?s=96&d=mm&r=g","contentUrl":"https:\/\/secure.gravatar.com\/avatar\/7f2c48bdc33b30088f941fb6082e555f2874c98e20cb159d7b92b50eadfce793?s=96&d=mm&r=g","caption":"Gente de B\u00e1squet"},"sameAs":["http:\/\/gentedebasquet.com.ar\/sitio"],"url":"https:\/\/gentedebasquet.com.ar\/sitio\/author\/ulises\/"}]}},"_links":{"self":[{"href":"https:\/\/gentedebasquet.com.ar\/sitio\/wp-json\/wp\/v2\/posts\/70293","targetHints":{"allow":["GET"]}}],"collection":[{"href":"https:\/\/gentedebasquet.com.ar\/sitio\/wp-json\/wp\/v2\/posts"}],"about":[{"href":"https:\/\/gentedebasquet.com.ar\/sitio\/wp-json\/wp\/v2\/types\/post"}],"author":[{"embeddable":true,"href":"https:\/\/gentedebasquet.com.ar\/sitio\/wp-json\/wp\/v2\/users\/1"}],"replies":[{"embeddable":true,"href":"https:\/\/gentedebasquet.com.ar\/sitio\/wp-json\/wp\/v2\/comments?post=70293"}],"version-history":[{"count":0,"href":"https:\/\/gentedebasquet.com.ar\/sitio\/wp-json\/wp\/v2\/posts\/70293\/revisions"}],"wp:featuredmedia":[{"embeddable":true,"href":"https:\/\/gentedebasquet.com.ar\/sitio\/wp-json\/wp\/v2\/media\/70299"}],"wp:attachment":[{"href":"https:\/\/gentedebasquet.com.ar\/sitio\/wp-json\/wp\/v2\/media?parent=70293"}],"wp:term":[{"taxonomy":"category","embeddable":true,"href":"https:\/\/gentedebasquet.com.ar\/sitio\/wp-json\/wp\/v2\/categories?post=70293"},{"taxonomy":"post_tag","embeddable":true,"href":"https:\/\/gentedebasquet.com.ar\/sitio\/wp-json\/wp\/v2\/tags?post=70293"}],"curies":[{"name":"wp","href":"https:\/\/api.w.org\/{rel}","templated":true}]}}