{"id":70310,"date":"2017-04-06T23:05:54","date_gmt":"2017-04-07T02:05:54","guid":{"rendered":"http:\/\/www.gentedebasquet.com.ar\/?p=70310"},"modified":"2017-04-06T23:05:54","modified_gmt":"2017-04-07T02:05:54","slug":"chaves-mi-buen-amigo-2","status":"publish","type":"post","link":"https:\/\/gentedebasquet.com.ar\/sitio\/2017\/04\/06\/chaves-mi-buen-amigo-2\/","title":{"rendered":"Chaves, mi buen Amigo"},"content":{"rendered":"<p><strong>El Nacional derrot\u00f3 en el Sagasti a Liniers por 83 a 75. Tras un 1C favorable al \u2018Chivo\u2019, el visitante se puso r\u00e1pido en juego y entr\u00f3 al frente por la m\u00ednima (72-71) a los 2 minutos finales, donde tuvo resto y personalidad para llevarse la victoria. El partidazo de Franco Amigo (27, 5\/7 T3, 10 en 1C y 3C, 11 reb, 3 as, 4 rob) y el enorme cierre de Lucas Chaves (13 de sus 16 en el 4C, inici\u00f3 0\/9 TC) fueron los grandes art\u00edfices del triunfo \u2018Celeste\u2019 que cont\u00f3 con aportes claves de Fabricio Starc (17, 6\/7 T2) y Ezequiel Meneses (11). En el local, que puso a cuatro jugadores en dos d\u00edgitos, el goleador fue Gonzalo Mart\u00ednez (19, 5\/14 T3).<\/strong><\/p>\n<p>Liniers impuso condiciones de arranque gracias a una ofensiva encendida (4\/6 TC), con los triples de Miguel (5) y Mart\u00ednez, que comandaban una ventaja de 10 a 4 en 3.08m. La mejora de El Nacional se mostr\u00f3 en el costado ofensivo, ya que la mano caliente de Amigo (10, 3\/4 T3) y los puntos en la pintura de Garbarino (4) le dieron respuestas en ataque para arrimar a un doble (12-10 a 4.33m), pero el \u2018Celeste\u2019 sigui\u00f3 padeciendo los ataques locales: Es que Mart\u00ednez (11, 3\/5 T3) y Miguel (cerr\u00f3 con 8) mantuvieron su andar intratable para que el \u2018Chivo\u2019, llegue a sacar 11 de luz (24-13 a 45s), y se lleve el primer per\u00edodo por 26 a 18.<\/p>\n<p><img decoding=\"async\" class=\"size-medium wp-image-70311 alignright\" src=\"http:\/\/www.gentedebasquet.com.ar\/wp-content\/uploads\/2017\/04\/LIN1-282x300.jpg\" alt=\"LIN1\" width=\"282\" height=\"300\" srcset=\"https:\/\/gentedebasquet.com.ar\/sitio\/wp-content\/uploads\/2017\/04\/LIN1-282x300.jpg 282w, https:\/\/gentedebasquet.com.ar\/sitio\/wp-content\/uploads\/2017\/04\/LIN1.jpg 400w\" sizes=\"(max-width: 282px) 100vw, 282px\" \/><\/p>\n<p>Todo lo bueno que hizo el equipo de Ferhmin en el primer segmento pareci\u00f3 desvanecerse en un instante, porque careci\u00f3 de ideas y no encontr\u00f3 el aro: Sin punter\u00eda en tiros de tres puntos (0\/9 T3) y mostrando problemas en el juego de pases (5 p\u00e9rdidas), sum\u00f3 m\u00e1s puntos en los \u00faltimos 2 minutos gracias a una r\u00e1faga de Pizzo (6, 4\/5 T1) que en los 8 anteriores (solo 3 unidades). En ese contexto El Nacional se mostr\u00f3 renovado, m\u00e1s all\u00e1 de no tener buenos porcentajes, poco a poco lim\u00f3 la diferencia y lleg\u00f3 a sacar 4 de ventaja (33-29 a 2m), con Starc (7) d\u00e1ndole versatilidad en ambos costados y comandando a un equipo que no termin\u00f3 de maximizar su buen pasaje defensivo -presi\u00f3n en la salida rival-, dejando el marcador empatado camino a los vestuarios: 35-35.<\/p>\n<blockquote><p>Fue un partido en el que ninguno de los dos encontramos el juego, atacamos como pudimos y fue m\u00e1s que nada intensidad en defensa. En el cierre tuvimos un poco m\u00e1s de fortuna, porque los tiros tampoco fueron tan claros. Era importante ganar para recuperar el partido que perdimos como local contra Bahiense, y m\u00e1s contra un equipo como Liniers. Siempre en esos \u00faltimos minutos uno se tiene que sacar de la cabeza lo que viene haciendo. Si bien tenemos tres triunfos, todav\u00eda no estamos jugando bien (Lucas Chaves).<\/p><\/blockquote>\n<p>Palo por palo, as\u00ed fue el tr\u00e1mite durante todo el tercer cuarto, donde ning\u00fan equipo pudo sacar una diferencia mayor a tres puntos. M\u00e1s all\u00e1 de varias imprecisiones, a la visita esta vez le funcion\u00f3 la receta del primer per\u00edodo, porque Franco Amigo (10 tirando para 12) volvi\u00f3 a aparecer en el juego, tirando de una ofensiva que sufri\u00f3 de larga distancia (el resto 0\/5 T3). Por su parte, Liniers sigui\u00f3 abusando del tiro detr\u00e1s de 6.75 aunque esta vez logr\u00f3 sumar (2\/7 T3), y los puntos de Pizzo (6) y Miguel (5) m\u00e1s los primeros goles de campo de Pascual (5) mantuvieron al \u2018Chivo\u2019 moviendo el tablero. A falta de 10 minutos, el partido segu\u00eda igualado, esta vez en 53.<\/p>\n<p>La postura no cambi\u00f3 para el \u00faltimo segmento. El Nacional pareci\u00f3 m\u00e1s l\u00facido a la hora de tomar decisiones, con la regularidad de Starc (6, 3\/3 T2) y la conducci\u00f3n de Meneses (5), m\u00e1s la necesaria aparici\u00f3n de Chaves (8, 2\/3 T3) que se sacaba la mufa (llevaba 3 unidades con 3\/4 T1 y 0\/9 en tiros de campo) y comenzaba a tomar un papel preponderante en la ofensiva visitante; pero los triples de Mart\u00ednez (6) y Miguel \u2013salida clave por 5F a 3.03m- m\u00e1s el oficio de Pizzo (5) hicieron que Liniers se mantenga abajo por la m\u00ednima (72-71) con 2 minutos por jugar.<\/p>\n<p>Aunque Starc y Chaves estiraron la diferencia con un par de buenos dobles, entre Mart\u00ednez y\u00a0 Marinsalta acortaron a un doble (77-75), pero Amigo desde la l\u00ednea (2\/2 T1) dej\u00f3 el juego en dos posesiones (79-75) a 17.9s. En la reposici\u00f3n, Mart\u00ednez pis\u00f3 la l\u00ednea al recibir al bal\u00f3n, Amigo y Chaves fueron eficientes en los tiros libres y el propio Franco cerr\u00f3 el triunfo \u2018Celeste\u2019 con una volcada corriendo el contragolpe.<\/p>\n<p><iframe loading=\"lazy\" src=\"https:\/\/www.youtube.com\/embed\/ZV_qGBn2cAI\" width=\"560\" height=\"315\" frameborder=\"0\" allowfullscreen=\"allowfullscreen\"><\/iframe><br \/>\n<strong>S\u00edntesis |<\/strong>\u00a0Primera Divisi\u00f3n \u2013 Ciudad de Bah\u00eda Blanca \u2013 Fecha #6<\/p>\n<p><strong>Liniers 75:<\/strong>\u00a0Santiago Pascual 6, Gonzalo Mart\u00ednez 19, Emanuel Miguel 16 (x), Mariano Pizzo 17, Juli\u00e1n Marinsalta 10 (FI); Bautista Olivera 3, Bruno Ferrandi 4, Franco Ferrari 0. DT: Ignacio Ferhmin.<\/p>\n<p><strong>El Nacional 83:<\/strong>\u00a0Ezequiel Meneses 11, Luchas Chaves 16, Franco Amigo 27, Francisco Hoffman 0, Pomar Garbarino 5 (FI); Fabricio Starc 17, Fausto De Paoli 0, Ferm\u00edn Garmendia 2, Esteban Arteaga 0, Emiliano Iraola 5. DT: Juan Andr\u00e9s Garc\u00eda.<\/p>\n<p><strong>Parciales:<\/strong>\u00a026-18, 35-35 (9-17), 53-53 (18-18), 75-83 (22-30).<\/p>\n<p><strong>\u00c1rbitros:<\/strong>\u00a0Eduardo Ferreyra \u2013 Alejandro Vizcaino.<\/p>\n<p><strong>Estadio:<\/strong>\u00a0Hern\u00e1n Sagasti (Liniers).<\/p>\n<p><a class=\"modalf iframe\" title=\"Planilla\" href=\"https:\/\/docs.google.com\/spreadsheets\/d\/1na3YyA3msSkr-N-N0xeYX6jdMGk9f9d8jQXrepQbs7Q\/pubhtml?gid=1165487860&amp;single=true\">Ver Planilla<\/a><\/p>\n","protected":false},"excerpt":{"rendered":"<p>Lucas (13 en el 4C) y Franco (27+11) lideraron a El Nacional contra Liniers: 83-75<\/p>\n","protected":false},"author":1,"featured_media":70312,"comment_status":"closed","ping_status":"open","sticky":false,"template":"","format":"standard","meta":{"jnews-multi-image_gallery":[],"jnews_single_post":[],"jnews_primary_category":[],"footnotes":""},"categories":[23,101],"tags":[9,607,242,223,329,14,79],"class_list":["post-70310","post","type-post","status-publish","format-standard","has-post-thumbnail","hentry","category-primera","category-slide","tag-el-nacional","tag-ezequiel-meneses","tag-fabricio-starc","tag-franco-amigo","tag-gonzalo-martinez","tag-liniers","tag-lucas-chaves"],"yoast_head":"<!-- This site is optimized with the Yoast SEO plugin v27.5 - https:\/\/yoast.com\/product\/yoast-seo-wordpress\/ -->\n<title>Chaves, mi buen Amigo - Gente de B\u00e1squet<\/title>\n<meta name=\"robots\" content=\"index, follow, max-snippet:-1, max-image-preview:large, max-video-preview:-1\" \/>\n<link rel=\"canonical\" href=\"http:\/\/gentedebasquet.com.ar\/sitio\/2017\/04\/06\/chaves-mi-buen-amigo-2\/\" \/>\n<meta property=\"og:locale\" content=\"es_ES\" \/>\n<meta property=\"og:type\" content=\"article\" \/>\n<meta property=\"og:title\" content=\"Chaves, mi buen Amigo - Gente de B\u00e1squet\" \/>\n<meta property=\"og:description\" content=\"Lucas (13 en el 4C) y Franco (27+11) lideraron a El Nacional contra Liniers: 83-75\" \/>\n<meta property=\"og:url\" content=\"http:\/\/gentedebasquet.com.ar\/sitio\/2017\/04\/06\/chaves-mi-buen-amigo-2\/\" \/>\n<meta property=\"og:site_name\" content=\"Gente de B\u00e1squet\" \/>\n<meta property=\"article:published_time\" content=\"2017-04-07T02:05:54+00:00\" \/>\n<meta property=\"og:image\" content=\"http:\/\/gentedebasquet.com.ar\/sitio\/wp-content\/uploads\/2017\/04\/CEN1.jpg\" \/>\n\t<meta property=\"og:image:width\" content=\"690\" \/>\n\t<meta property=\"og:image:height\" content=\"319\" \/>\n\t<meta property=\"og:image:type\" content=\"image\/jpeg\" \/>\n<meta name=\"author\" content=\"Gente de B\u00e1squet\" \/>\n<meta name=\"twitter:card\" content=\"summary_large_image\" \/>\n<meta name=\"twitter:label1\" content=\"Escrito por\" \/>\n\t<meta name=\"twitter:data1\" content=\"Gente de B\u00e1squet\" \/>\n\t<meta name=\"twitter:label2\" content=\"Tiempo de lectura\" \/>\n\t<meta name=\"twitter:data2\" content=\"4 minutos\" \/>\n<script type=\"application\/ld+json\" class=\"yoast-schema-graph\">{\"@context\":\"https:\\\/\\\/schema.org\",\"@graph\":[{\"@type\":\"Article\",\"@id\":\"http:\\\/\\\/gentedebasquet.com.ar\\\/sitio\\\/2017\\\/04\\\/06\\\/chaves-mi-buen-amigo-2\\\/#article\",\"isPartOf\":{\"@id\":\"http:\\\/\\\/gentedebasquet.com.ar\\\/sitio\\\/2017\\\/04\\\/06\\\/chaves-mi-buen-amigo-2\\\/\"},\"author\":{\"name\":\"Gente de B\u00e1squet\",\"@id\":\"https:\\\/\\\/gentedebasquet.com.ar\\\/sitio\\\/#\\\/schema\\\/person\\\/ca0b63bbb977369988a7bbbdc519943a\"},\"headline\":\"Chaves, mi buen Amigo\",\"datePublished\":\"2017-04-07T02:05:54+00:00\",\"mainEntityOfPage\":{\"@id\":\"http:\\\/\\\/gentedebasquet.com.ar\\\/sitio\\\/2017\\\/04\\\/06\\\/chaves-mi-buen-amigo-2\\\/\"},\"wordCount\":837,\"image\":{\"@id\":\"http:\\\/\\\/gentedebasquet.com.ar\\\/sitio\\\/2017\\\/04\\\/06\\\/chaves-mi-buen-amigo-2\\\/#primaryimage\"},\"thumbnailUrl\":\"https:\\\/\\\/gentedebasquet.com.ar\\\/sitio\\\/wp-content\\\/uploads\\\/2017\\\/04\\\/CEN1.jpg\",\"keywords\":[\"El Nacional\",\"Ezequiel Meneses\",\"Fabricio Starc\",\"Franco Amigo\",\"Gonzalo Mart\u00ednez\",\"Liniers\",\"Lucas Chaves\"],\"articleSection\":[\"Primera\",\"Slide\"],\"inLanguage\":\"es\"},{\"@type\":\"WebPage\",\"@id\":\"http:\\\/\\\/gentedebasquet.com.ar\\\/sitio\\\/2017\\\/04\\\/06\\\/chaves-mi-buen-amigo-2\\\/\",\"url\":\"http:\\\/\\\/gentedebasquet.com.ar\\\/sitio\\\/2017\\\/04\\\/06\\\/chaves-mi-buen-amigo-2\\\/\",\"name\":\"Chaves, mi buen Amigo - Gente de B\u00e1squet\",\"isPartOf\":{\"@id\":\"https:\\\/\\\/gentedebasquet.com.ar\\\/sitio\\\/#website\"},\"primaryImageOfPage\":{\"@id\":\"http:\\\/\\\/gentedebasquet.com.ar\\\/sitio\\\/2017\\\/04\\\/06\\\/chaves-mi-buen-amigo-2\\\/#primaryimage\"},\"image\":{\"@id\":\"http:\\\/\\\/gentedebasquet.com.ar\\\/sitio\\\/2017\\\/04\\\/06\\\/chaves-mi-buen-amigo-2\\\/#primaryimage\"},\"thumbnailUrl\":\"https:\\\/\\\/gentedebasquet.com.ar\\\/sitio\\\/wp-content\\\/uploads\\\/2017\\\/04\\\/CEN1.jpg\",\"datePublished\":\"2017-04-07T02:05:54+00:00\",\"author\":{\"@id\":\"https:\\\/\\\/gentedebasquet.com.ar\\\/sitio\\\/#\\\/schema\\\/person\\\/ca0b63bbb977369988a7bbbdc519943a\"},\"breadcrumb\":{\"@id\":\"http:\\\/\\\/gentedebasquet.com.ar\\\/sitio\\\/2017\\\/04\\\/06\\\/chaves-mi-buen-amigo-2\\\/#breadcrumb\"},\"inLanguage\":\"es\",\"potentialAction\":[{\"@type\":\"ReadAction\",\"target\":[\"http:\\\/\\\/gentedebasquet.com.ar\\\/sitio\\\/2017\\\/04\\\/06\\\/chaves-mi-buen-amigo-2\\\/\"]}]},{\"@type\":\"ImageObject\",\"inLanguage\":\"es\",\"@id\":\"http:\\\/\\\/gentedebasquet.com.ar\\\/sitio\\\/2017\\\/04\\\/06\\\/chaves-mi-buen-amigo-2\\\/#primaryimage\",\"url\":\"https:\\\/\\\/gentedebasquet.com.ar\\\/sitio\\\/wp-content\\\/uploads\\\/2017\\\/04\\\/CEN1.jpg\",\"contentUrl\":\"https:\\\/\\\/gentedebasquet.com.ar\\\/sitio\\\/wp-content\\\/uploads\\\/2017\\\/04\\\/CEN1.jpg\",\"width\":690,\"height\":319},{\"@type\":\"BreadcrumbList\",\"@id\":\"http:\\\/\\\/gentedebasquet.com.ar\\\/sitio\\\/2017\\\/04\\\/06\\\/chaves-mi-buen-amigo-2\\\/#breadcrumb\",\"itemListElement\":[{\"@type\":\"ListItem\",\"position\":1,\"name\":\"Portada\",\"item\":\"https:\\\/\\\/gentedebasquet.com.ar\\\/sitio\\\/\"},{\"@type\":\"ListItem\",\"position\":2,\"name\":\"Chaves, mi buen Amigo\"}]},{\"@type\":\"WebSite\",\"@id\":\"https:\\\/\\\/gentedebasquet.com.ar\\\/sitio\\\/#website\",\"url\":\"https:\\\/\\\/gentedebasquet.com.ar\\\/sitio\\\/\",\"name\":\"Gente de B\u00e1squet\",\"description\":\"La revista del basquet de Bah\u00eda Blanca\",\"potentialAction\":[{\"@type\":\"SearchAction\",\"target\":{\"@type\":\"EntryPoint\",\"urlTemplate\":\"https:\\\/\\\/gentedebasquet.com.ar\\\/sitio\\\/?s={search_term_string}\"},\"query-input\":{\"@type\":\"PropertyValueSpecification\",\"valueRequired\":true,\"valueName\":\"search_term_string\"}}],\"inLanguage\":\"es\"},{\"@type\":\"Person\",\"@id\":\"https:\\\/\\\/gentedebasquet.com.ar\\\/sitio\\\/#\\\/schema\\\/person\\\/ca0b63bbb977369988a7bbbdc519943a\",\"name\":\"Gente de B\u00e1squet\",\"image\":{\"@type\":\"ImageObject\",\"inLanguage\":\"es\",\"@id\":\"https:\\\/\\\/secure.gravatar.com\\\/avatar\\\/7f2c48bdc33b30088f941fb6082e555f2874c98e20cb159d7b92b50eadfce793?s=96&d=mm&r=g\",\"url\":\"https:\\\/\\\/secure.gravatar.com\\\/avatar\\\/7f2c48bdc33b30088f941fb6082e555f2874c98e20cb159d7b92b50eadfce793?s=96&d=mm&r=g\",\"contentUrl\":\"https:\\\/\\\/secure.gravatar.com\\\/avatar\\\/7f2c48bdc33b30088f941fb6082e555f2874c98e20cb159d7b92b50eadfce793?s=96&d=mm&r=g\",\"caption\":\"Gente de B\u00e1squet\"},\"sameAs\":[\"http:\\\/\\\/gentedebasquet.com.ar\\\/sitio\"],\"url\":\"https:\\\/\\\/gentedebasquet.com.ar\\\/sitio\\\/author\\\/ulises\\\/\"}]}<\/script>\n<!-- \/ Yoast SEO plugin. -->","yoast_head_json":{"title":"Chaves, mi buen Amigo - Gente de B\u00e1squet","robots":{"index":"index","follow":"follow","max-snippet":"max-snippet:-1","max-image-preview":"max-image-preview:large","max-video-preview":"max-video-preview:-1"},"canonical":"http:\/\/gentedebasquet.com.ar\/sitio\/2017\/04\/06\/chaves-mi-buen-amigo-2\/","og_locale":"es_ES","og_type":"article","og_title":"Chaves, mi buen Amigo - Gente de B\u00e1squet","og_description":"Lucas (13 en el 4C) y Franco (27+11) lideraron a El Nacional contra Liniers: 83-75","og_url":"http:\/\/gentedebasquet.com.ar\/sitio\/2017\/04\/06\/chaves-mi-buen-amigo-2\/","og_site_name":"Gente de B\u00e1squet","article_published_time":"2017-04-07T02:05:54+00:00","og_image":[{"width":690,"height":319,"url":"http:\/\/gentedebasquet.com.ar\/sitio\/wp-content\/uploads\/2017\/04\/CEN1.jpg","type":"image\/jpeg"}],"author":"Gente de B\u00e1squet","twitter_card":"summary_large_image","twitter_misc":{"Escrito por":"Gente de B\u00e1squet","Tiempo de lectura":"4 minutos"},"schema":{"@context":"https:\/\/schema.org","@graph":[{"@type":"Article","@id":"http:\/\/gentedebasquet.com.ar\/sitio\/2017\/04\/06\/chaves-mi-buen-amigo-2\/#article","isPartOf":{"@id":"http:\/\/gentedebasquet.com.ar\/sitio\/2017\/04\/06\/chaves-mi-buen-amigo-2\/"},"author":{"name":"Gente de B\u00e1squet","@id":"https:\/\/gentedebasquet.com.ar\/sitio\/#\/schema\/person\/ca0b63bbb977369988a7bbbdc519943a"},"headline":"Chaves, mi buen Amigo","datePublished":"2017-04-07T02:05:54+00:00","mainEntityOfPage":{"@id":"http:\/\/gentedebasquet.com.ar\/sitio\/2017\/04\/06\/chaves-mi-buen-amigo-2\/"},"wordCount":837,"image":{"@id":"http:\/\/gentedebasquet.com.ar\/sitio\/2017\/04\/06\/chaves-mi-buen-amigo-2\/#primaryimage"},"thumbnailUrl":"https:\/\/gentedebasquet.com.ar\/sitio\/wp-content\/uploads\/2017\/04\/CEN1.jpg","keywords":["El Nacional","Ezequiel Meneses","Fabricio Starc","Franco Amigo","Gonzalo Mart\u00ednez","Liniers","Lucas Chaves"],"articleSection":["Primera","Slide"],"inLanguage":"es"},{"@type":"WebPage","@id":"http:\/\/gentedebasquet.com.ar\/sitio\/2017\/04\/06\/chaves-mi-buen-amigo-2\/","url":"http:\/\/gentedebasquet.com.ar\/sitio\/2017\/04\/06\/chaves-mi-buen-amigo-2\/","name":"Chaves, mi buen Amigo - Gente de B\u00e1squet","isPartOf":{"@id":"https:\/\/gentedebasquet.com.ar\/sitio\/#website"},"primaryImageOfPage":{"@id":"http:\/\/gentedebasquet.com.ar\/sitio\/2017\/04\/06\/chaves-mi-buen-amigo-2\/#primaryimage"},"image":{"@id":"http:\/\/gentedebasquet.com.ar\/sitio\/2017\/04\/06\/chaves-mi-buen-amigo-2\/#primaryimage"},"thumbnailUrl":"https:\/\/gentedebasquet.com.ar\/sitio\/wp-content\/uploads\/2017\/04\/CEN1.jpg","datePublished":"2017-04-07T02:05:54+00:00","author":{"@id":"https:\/\/gentedebasquet.com.ar\/sitio\/#\/schema\/person\/ca0b63bbb977369988a7bbbdc519943a"},"breadcrumb":{"@id":"http:\/\/gentedebasquet.com.ar\/sitio\/2017\/04\/06\/chaves-mi-buen-amigo-2\/#breadcrumb"},"inLanguage":"es","potentialAction":[{"@type":"ReadAction","target":["http:\/\/gentedebasquet.com.ar\/sitio\/2017\/04\/06\/chaves-mi-buen-amigo-2\/"]}]},{"@type":"ImageObject","inLanguage":"es","@id":"http:\/\/gentedebasquet.com.ar\/sitio\/2017\/04\/06\/chaves-mi-buen-amigo-2\/#primaryimage","url":"https:\/\/gentedebasquet.com.ar\/sitio\/wp-content\/uploads\/2017\/04\/CEN1.jpg","contentUrl":"https:\/\/gentedebasquet.com.ar\/sitio\/wp-content\/uploads\/2017\/04\/CEN1.jpg","width":690,"height":319},{"@type":"BreadcrumbList","@id":"http:\/\/gentedebasquet.com.ar\/sitio\/2017\/04\/06\/chaves-mi-buen-amigo-2\/#breadcrumb","itemListElement":[{"@type":"ListItem","position":1,"name":"Portada","item":"https:\/\/gentedebasquet.com.ar\/sitio\/"},{"@type":"ListItem","position":2,"name":"Chaves, mi buen Amigo"}]},{"@type":"WebSite","@id":"https:\/\/gentedebasquet.com.ar\/sitio\/#website","url":"https:\/\/gentedebasquet.com.ar\/sitio\/","name":"Gente de B\u00e1squet","description":"La revista del basquet de Bah\u00eda Blanca","potentialAction":[{"@type":"SearchAction","target":{"@type":"EntryPoint","urlTemplate":"https:\/\/gentedebasquet.com.ar\/sitio\/?s={search_term_string}"},"query-input":{"@type":"PropertyValueSpecification","valueRequired":true,"valueName":"search_term_string"}}],"inLanguage":"es"},{"@type":"Person","@id":"https:\/\/gentedebasquet.com.ar\/sitio\/#\/schema\/person\/ca0b63bbb977369988a7bbbdc519943a","name":"Gente de B\u00e1squet","image":{"@type":"ImageObject","inLanguage":"es","@id":"https:\/\/secure.gravatar.com\/avatar\/7f2c48bdc33b30088f941fb6082e555f2874c98e20cb159d7b92b50eadfce793?s=96&d=mm&r=g","url":"https:\/\/secure.gravatar.com\/avatar\/7f2c48bdc33b30088f941fb6082e555f2874c98e20cb159d7b92b50eadfce793?s=96&d=mm&r=g","contentUrl":"https:\/\/secure.gravatar.com\/avatar\/7f2c48bdc33b30088f941fb6082e555f2874c98e20cb159d7b92b50eadfce793?s=96&d=mm&r=g","caption":"Gente de B\u00e1squet"},"sameAs":["http:\/\/gentedebasquet.com.ar\/sitio"],"url":"https:\/\/gentedebasquet.com.ar\/sitio\/author\/ulises\/"}]}},"_links":{"self":[{"href":"https:\/\/gentedebasquet.com.ar\/sitio\/wp-json\/wp\/v2\/posts\/70310","targetHints":{"allow":["GET"]}}],"collection":[{"href":"https:\/\/gentedebasquet.com.ar\/sitio\/wp-json\/wp\/v2\/posts"}],"about":[{"href":"https:\/\/gentedebasquet.com.ar\/sitio\/wp-json\/wp\/v2\/types\/post"}],"author":[{"embeddable":true,"href":"https:\/\/gentedebasquet.com.ar\/sitio\/wp-json\/wp\/v2\/users\/1"}],"replies":[{"embeddable":true,"href":"https:\/\/gentedebasquet.com.ar\/sitio\/wp-json\/wp\/v2\/comments?post=70310"}],"version-history":[{"count":0,"href":"https:\/\/gentedebasquet.com.ar\/sitio\/wp-json\/wp\/v2\/posts\/70310\/revisions"}],"wp:featuredmedia":[{"embeddable":true,"href":"https:\/\/gentedebasquet.com.ar\/sitio\/wp-json\/wp\/v2\/media\/70312"}],"wp:attachment":[{"href":"https:\/\/gentedebasquet.com.ar\/sitio\/wp-json\/wp\/v2\/media?parent=70310"}],"wp:term":[{"taxonomy":"category","embeddable":true,"href":"https:\/\/gentedebasquet.com.ar\/sitio\/wp-json\/wp\/v2\/categories?post=70310"},{"taxonomy":"post_tag","embeddable":true,"href":"https:\/\/gentedebasquet.com.ar\/sitio\/wp-json\/wp\/v2\/tags?post=70310"}],"curies":[{"name":"wp","href":"https:\/\/api.w.org\/{rel}","templated":true}]}}