{"id":70343,"date":"2017-04-07T22:51:53","date_gmt":"2017-04-08T01:51:53","guid":{"rendered":"http:\/\/www.gentedebasquet.com.ar\/?p=70343"},"modified":"2017-04-07T22:51:53","modified_gmt":"2017-04-08T01:51:53","slug":"no-fue-pacifico","status":"publish","type":"post","link":"https:\/\/gentedebasquet.com.ar\/sitio\/2017\/04\/07\/no-fue-pacifico\/","title":{"rendered":"No fue Pac\u00edfico"},"content":{"rendered":"<p><strong>Por la sexta fecha de Segunda Divisi\u00f3n, Pacifico logr\u00f3 su primera victoria fuera de casa frente a Sportivo por 79-58.\u00a0El verde, de gran juego a lo largo de todo el partido, tuvo un protagonismo repartido entre Branco Salvatori y Di Meglio, ambos con 14 unidades, Manuel Maina con 13 puntos y Franco Cardone con 12. Por su parte, en el equipo local no alcanzaron las grandes actuaciones de Facundo Sastre, con 15 puntos, y Mart\u00edn Quevedo, con 12.<\/strong><\/p>\n<p>El inicio del partido fue chato, sin tantas penetraciones, con varios intentos de triples y con defensas bien paradas. Por ese motivo el primer cuarto no fue de gran glamour para los presentes. La escasez de juego estuvo a la vista pese a algunas jugadas individuales que desentonaron.<\/p>\n<p>Ya en el 2C la cosa fue variando a favor de la visita, quien propuso una presi\u00f3n alta con la idea de ahogar al rival a la salida y no permitir que juegue c\u00f3modo. Dicha apuesta le result\u00f3 a la perfecci\u00f3n, dando un plus de manejo de juego y una mayor contundencia a la hora de penetrar. Branco Salvatori con 6 puntos (3\/3 t2) y Franco Cardone tambi\u00e9n con la misma cantidad (3\/3t2) fueron los responsables de sobresalir en su equipo.<\/p>\n<p>En cambio, pese a la presencia de Facundo Sastre aportando 8 unidades (2\/3 t3, 1\/1 t2), los locales no supieron contrarrestar la intenci\u00f3n de su oponente, lo que trajo consigo malas decisiones acompa\u00f1adas de varias p\u00e9rdidas, las cuales pagar\u00edan caro. De esa forma, se fueron al descanso 27-39.<\/p>\n<blockquote><p>Conseguimos una buena victoria, el equipo se est\u00e1 ensamblando con una gran cantidad de chicos del club, lo que me alegra mucho. Hoy fue un resultado alargado, el cual no esper\u00e1bamos porque Sportivo es un equipo duro. El \u00faltimo cuarto se nos complico un poco, no administramos bien las energ\u00edas y por eso llegamos cansados al final. La presi\u00f3n alta es una de nuestras principales herramientas de juego. Viene Argentino, un lindo rival para enfrentar, nosotros vamos a hacer nuestro juego y tratar de hacernos fuerte en casa (Franco Cardone)<\/p><\/blockquote>\n<p>A la vuelta de los vestuarios el tr\u00e1mite no vari\u00f3 demasiado. Si bien Ma<a href=\"http:\/\/www.gentedebasquet.com.ar\/wp-content\/uploads\/2017\/04\/foto-de-cuerpo.jpeg\" rel=\"attachment wp-att-70375\"><img decoding=\"async\" class=\"size-medium wp-image-70375 alignright\" src=\"http:\/\/www.gentedebasquet.com.ar\/wp-content\/uploads\/2017\/04\/foto-de-cuerpo-300x203.jpeg\" alt=\"foto de cuerpo\" width=\"300\" height=\"203\" srcset=\"https:\/\/gentedebasquet.com.ar\/sitio\/wp-content\/uploads\/2017\/04\/foto-de-cuerpo-300x203.jpeg 300w, https:\/\/gentedebasquet.com.ar\/sitio\/wp-content\/uploads\/2017\/04\/foto-de-cuerpo.jpeg 400w\" sizes=\"(max-width: 300px) 100vw, 300px\" \/><\/a>rt\u00edn Quevedo convirti\u00f3 en tres oportunidades distintas y las defensas fueron similares al inicio del show, fue Pac\u00edfico quien volvi\u00f3 a dar la nota.<\/p>\n<p>Con rotaciones, buenas individualidades y sobre todo con un gran juego colectivo, el verde fue amo y se\u00f1or del bal\u00f3n. Con la misma ambici\u00f3n que en el cuarto anterior, sali\u00f3 a comerse la cancha y no sac\u00f3 el pie del acelerador, consiguiendo as\u00ed irse al ep\u00edlogo con una diferencia de 20 unidades a su favor.<\/p>\n<p>Es habitual que ante una diferencia de 20 puntos, el elenco que est\u00e9 por debajo del marcador no logre jugar un gran \u00faltimo cuarto por la simple raz\u00f3n de ir en busca de la heroica y dejar espacios vac\u00edos en el fondo. Sin embargo, los dirigidos por Gustavo Candia hicieron sus mejores 10 minutos del cotejo, jugando de igual a igual como si el pleito reci\u00e9n arrancara. El tricolor no se dio por vencido y le dio un dolor de cabeza importante a su oponente. No obstante, los jugadores de Mart\u00edn Luis no pudieron bajar el ritmo de juego, sino todo lo contrario.<\/p>\n<p>Igualmente, pese al gran esfuerzo que hizo Sportivo en los minutos finales, Pac\u00edfico no par\u00f3 y cosech\u00f3 su primera victoria en condici\u00f3n de visitante.<\/p>\n<p>&nbsp;<\/p>\n<p><strong>S\u00edntesis |<\/strong> Segunda Divisi\u00f3n \u2013 Primer Tramo \u2013 Fecha #6<\/p>\n<p><strong>Sportivo 58:<\/strong>\u00a0Joaqu\u00edn Tuero 4, Lucas Iriarte 6, Facundo Sastre 15, Luciano Temporelli 6, Emiliano Velasco 2 (Fi); Mart\u00edn Quevedo 12, Nicol\u00e1s Mart\u00ednez 6, Mariano Ticozzi 3, Nahuel M\u00e9lida 2, Lucas Casali 2 y Mat\u00edas Ticozzi 0. DT: Gustavo Candia.<\/p>\n<p><strong>Pacifico 79:<\/strong>\u00a0Juan Franco Di Meglio 14, Franco Cardone 12, Mauricio Gonz\u00e1lez 8, Facundo Wattson 3, Emanuel Kloster 2 (Fi); Branco Salvatori 14, Manuel Maina\u00a013, Walter Acebedo 7, Juan Scattolini 6, Leonel Alvarez 0 y Mauro Richotti 0. DT: Mart\u00edn Luis.<\/p>\n<p><strong>Parciales:<\/strong>\u00a012-17, 27-39 (15-22), 36-56 (9-17) y 58-79 (22-23).<\/p>\n<p><strong>\u00c1rbitros:<\/strong>\u00a0Eduardo Ferreyra \u2013 Mauro Reyes.<\/p>\n<p><strong>Estadio:<\/strong> Eladio Santos<strong>\u00a0<\/strong>(Sportivo).<\/p>\n<p><strong>Colaboraci\u00f3n:<\/strong> Rodrigo Mesa.<\/p>\n<p><a href=\"https:\/\/docs.google.com\/spreadsheets\/d\/1Cb1iIVo5iYyn3ho40Q8l7dj6PTjAUFyZ8-sjThU6AOg\/pubhtml\" target=\"_blank\" rel=\"noopener\">Ver planilla<\/a><\/p>\n","protected":false},"excerpt":{"rendered":"<p>El Verde arras\u00f3 con Sportivo de visitante y se qued\u00f3 con el partido por 79 a 58<\/p>\n","protected":false},"author":1,"featured_media":70384,"comment_status":"closed","ping_status":"open","sticky":false,"template":"","format":"standard","meta":{"jnews-multi-image_gallery":[],"jnews_single_post":[],"jnews_primary_category":[],"footnotes":""},"categories":[25,101],"tags":[17,583],"class_list":["post-70343","post","type-post","status-publish","format-standard","has-post-thumbnail","hentry","category-segunda","category-slide","tag-pacifico","tag-sportivo"],"yoast_head":"<!-- This site is optimized with the Yoast SEO plugin v27.5 - https:\/\/yoast.com\/product\/yoast-seo-wordpress\/ -->\n<title>No fue Pac\u00edfico - Gente de B\u00e1squet<\/title>\n<meta name=\"robots\" content=\"index, follow, max-snippet:-1, max-image-preview:large, max-video-preview:-1\" \/>\n<link rel=\"canonical\" href=\"http:\/\/gentedebasquet.com.ar\/sitio\/2017\/04\/07\/no-fue-pacifico\/\" \/>\n<meta property=\"og:locale\" content=\"es_ES\" \/>\n<meta property=\"og:type\" content=\"article\" \/>\n<meta property=\"og:title\" content=\"No fue Pac\u00edfico - Gente de B\u00e1squet\" \/>\n<meta property=\"og:description\" content=\"El Verde arras\u00f3 con Sportivo de visitante y se qued\u00f3 con el partido por 79 a 58\" \/>\n<meta property=\"og:url\" content=\"http:\/\/gentedebasquet.com.ar\/sitio\/2017\/04\/07\/no-fue-pacifico\/\" \/>\n<meta property=\"og:site_name\" content=\"Gente de B\u00e1squet\" \/>\n<meta property=\"article:published_time\" content=\"2017-04-08T01:51:53+00:00\" \/>\n<meta property=\"og:image\" content=\"http:\/\/gentedebasquet.com.ar\/sitio\/wp-content\/uploads\/2017\/04\/Pacifico-Sportivo.jpeg\" \/>\n\t<meta property=\"og:image:width\" content=\"690\" \/>\n\t<meta property=\"og:image:height\" content=\"319\" \/>\n\t<meta property=\"og:image:type\" content=\"image\/jpeg\" \/>\n<meta name=\"author\" content=\"Gente de B\u00e1squet\" \/>\n<meta name=\"twitter:card\" content=\"summary_large_image\" \/>\n<meta name=\"twitter:label1\" content=\"Escrito por\" \/>\n\t<meta name=\"twitter:data1\" content=\"Gente de B\u00e1squet\" \/>\n\t<meta name=\"twitter:label2\" content=\"Tiempo de lectura\" \/>\n\t<meta name=\"twitter:data2\" content=\"3 minutos\" \/>\n<script type=\"application\/ld+json\" class=\"yoast-schema-graph\">{\"@context\":\"https:\\\/\\\/schema.org\",\"@graph\":[{\"@type\":\"Article\",\"@id\":\"http:\\\/\\\/gentedebasquet.com.ar\\\/sitio\\\/2017\\\/04\\\/07\\\/no-fue-pacifico\\\/#article\",\"isPartOf\":{\"@id\":\"http:\\\/\\\/gentedebasquet.com.ar\\\/sitio\\\/2017\\\/04\\\/07\\\/no-fue-pacifico\\\/\"},\"author\":{\"name\":\"Gente de B\u00e1squet\",\"@id\":\"https:\\\/\\\/gentedebasquet.com.ar\\\/sitio\\\/#\\\/schema\\\/person\\\/ca0b63bbb977369988a7bbbdc519943a\"},\"headline\":\"No fue Pac\u00edfico\",\"datePublished\":\"2017-04-08T01:51:53+00:00\",\"mainEntityOfPage\":{\"@id\":\"http:\\\/\\\/gentedebasquet.com.ar\\\/sitio\\\/2017\\\/04\\\/07\\\/no-fue-pacifico\\\/\"},\"wordCount\":682,\"image\":{\"@id\":\"http:\\\/\\\/gentedebasquet.com.ar\\\/sitio\\\/2017\\\/04\\\/07\\\/no-fue-pacifico\\\/#primaryimage\"},\"thumbnailUrl\":\"https:\\\/\\\/gentedebasquet.com.ar\\\/sitio\\\/wp-content\\\/uploads\\\/2017\\\/04\\\/Pacifico-Sportivo.jpeg\",\"keywords\":[\"Pacifico\",\"Sportivo\"],\"articleSection\":[\"Segunda\",\"Slide\"],\"inLanguage\":\"es\"},{\"@type\":\"WebPage\",\"@id\":\"http:\\\/\\\/gentedebasquet.com.ar\\\/sitio\\\/2017\\\/04\\\/07\\\/no-fue-pacifico\\\/\",\"url\":\"http:\\\/\\\/gentedebasquet.com.ar\\\/sitio\\\/2017\\\/04\\\/07\\\/no-fue-pacifico\\\/\",\"name\":\"No fue Pac\u00edfico - Gente de B\u00e1squet\",\"isPartOf\":{\"@id\":\"https:\\\/\\\/gentedebasquet.com.ar\\\/sitio\\\/#website\"},\"primaryImageOfPage\":{\"@id\":\"http:\\\/\\\/gentedebasquet.com.ar\\\/sitio\\\/2017\\\/04\\\/07\\\/no-fue-pacifico\\\/#primaryimage\"},\"image\":{\"@id\":\"http:\\\/\\\/gentedebasquet.com.ar\\\/sitio\\\/2017\\\/04\\\/07\\\/no-fue-pacifico\\\/#primaryimage\"},\"thumbnailUrl\":\"https:\\\/\\\/gentedebasquet.com.ar\\\/sitio\\\/wp-content\\\/uploads\\\/2017\\\/04\\\/Pacifico-Sportivo.jpeg\",\"datePublished\":\"2017-04-08T01:51:53+00:00\",\"author\":{\"@id\":\"https:\\\/\\\/gentedebasquet.com.ar\\\/sitio\\\/#\\\/schema\\\/person\\\/ca0b63bbb977369988a7bbbdc519943a\"},\"breadcrumb\":{\"@id\":\"http:\\\/\\\/gentedebasquet.com.ar\\\/sitio\\\/2017\\\/04\\\/07\\\/no-fue-pacifico\\\/#breadcrumb\"},\"inLanguage\":\"es\",\"potentialAction\":[{\"@type\":\"ReadAction\",\"target\":[\"http:\\\/\\\/gentedebasquet.com.ar\\\/sitio\\\/2017\\\/04\\\/07\\\/no-fue-pacifico\\\/\"]}]},{\"@type\":\"ImageObject\",\"inLanguage\":\"es\",\"@id\":\"http:\\\/\\\/gentedebasquet.com.ar\\\/sitio\\\/2017\\\/04\\\/07\\\/no-fue-pacifico\\\/#primaryimage\",\"url\":\"https:\\\/\\\/gentedebasquet.com.ar\\\/sitio\\\/wp-content\\\/uploads\\\/2017\\\/04\\\/Pacifico-Sportivo.jpeg\",\"contentUrl\":\"https:\\\/\\\/gentedebasquet.com.ar\\\/sitio\\\/wp-content\\\/uploads\\\/2017\\\/04\\\/Pacifico-Sportivo.jpeg\",\"width\":690,\"height\":319},{\"@type\":\"BreadcrumbList\",\"@id\":\"http:\\\/\\\/gentedebasquet.com.ar\\\/sitio\\\/2017\\\/04\\\/07\\\/no-fue-pacifico\\\/#breadcrumb\",\"itemListElement\":[{\"@type\":\"ListItem\",\"position\":1,\"name\":\"Portada\",\"item\":\"https:\\\/\\\/gentedebasquet.com.ar\\\/sitio\\\/\"},{\"@type\":\"ListItem\",\"position\":2,\"name\":\"No fue Pac\u00edfico\"}]},{\"@type\":\"WebSite\",\"@id\":\"https:\\\/\\\/gentedebasquet.com.ar\\\/sitio\\\/#website\",\"url\":\"https:\\\/\\\/gentedebasquet.com.ar\\\/sitio\\\/\",\"name\":\"Gente de B\u00e1squet\",\"description\":\"La revista del basquet de Bah\u00eda Blanca\",\"potentialAction\":[{\"@type\":\"SearchAction\",\"target\":{\"@type\":\"EntryPoint\",\"urlTemplate\":\"https:\\\/\\\/gentedebasquet.com.ar\\\/sitio\\\/?s={search_term_string}\"},\"query-input\":{\"@type\":\"PropertyValueSpecification\",\"valueRequired\":true,\"valueName\":\"search_term_string\"}}],\"inLanguage\":\"es\"},{\"@type\":\"Person\",\"@id\":\"https:\\\/\\\/gentedebasquet.com.ar\\\/sitio\\\/#\\\/schema\\\/person\\\/ca0b63bbb977369988a7bbbdc519943a\",\"name\":\"Gente de B\u00e1squet\",\"image\":{\"@type\":\"ImageObject\",\"inLanguage\":\"es\",\"@id\":\"https:\\\/\\\/secure.gravatar.com\\\/avatar\\\/7f2c48bdc33b30088f941fb6082e555f2874c98e20cb159d7b92b50eadfce793?s=96&d=mm&r=g\",\"url\":\"https:\\\/\\\/secure.gravatar.com\\\/avatar\\\/7f2c48bdc33b30088f941fb6082e555f2874c98e20cb159d7b92b50eadfce793?s=96&d=mm&r=g\",\"contentUrl\":\"https:\\\/\\\/secure.gravatar.com\\\/avatar\\\/7f2c48bdc33b30088f941fb6082e555f2874c98e20cb159d7b92b50eadfce793?s=96&d=mm&r=g\",\"caption\":\"Gente de B\u00e1squet\"},\"sameAs\":[\"http:\\\/\\\/gentedebasquet.com.ar\\\/sitio\"],\"url\":\"https:\\\/\\\/gentedebasquet.com.ar\\\/sitio\\\/author\\\/ulises\\\/\"}]}<\/script>\n<!-- \/ Yoast SEO plugin. -->","yoast_head_json":{"title":"No fue Pac\u00edfico - Gente de B\u00e1squet","robots":{"index":"index","follow":"follow","max-snippet":"max-snippet:-1","max-image-preview":"max-image-preview:large","max-video-preview":"max-video-preview:-1"},"canonical":"http:\/\/gentedebasquet.com.ar\/sitio\/2017\/04\/07\/no-fue-pacifico\/","og_locale":"es_ES","og_type":"article","og_title":"No fue Pac\u00edfico - Gente de B\u00e1squet","og_description":"El Verde arras\u00f3 con Sportivo de visitante y se qued\u00f3 con el partido por 79 a 58","og_url":"http:\/\/gentedebasquet.com.ar\/sitio\/2017\/04\/07\/no-fue-pacifico\/","og_site_name":"Gente de B\u00e1squet","article_published_time":"2017-04-08T01:51:53+00:00","og_image":[{"width":690,"height":319,"url":"http:\/\/gentedebasquet.com.ar\/sitio\/wp-content\/uploads\/2017\/04\/Pacifico-Sportivo.jpeg","type":"image\/jpeg"}],"author":"Gente de B\u00e1squet","twitter_card":"summary_large_image","twitter_misc":{"Escrito por":"Gente de B\u00e1squet","Tiempo de lectura":"3 minutos"},"schema":{"@context":"https:\/\/schema.org","@graph":[{"@type":"Article","@id":"http:\/\/gentedebasquet.com.ar\/sitio\/2017\/04\/07\/no-fue-pacifico\/#article","isPartOf":{"@id":"http:\/\/gentedebasquet.com.ar\/sitio\/2017\/04\/07\/no-fue-pacifico\/"},"author":{"name":"Gente de B\u00e1squet","@id":"https:\/\/gentedebasquet.com.ar\/sitio\/#\/schema\/person\/ca0b63bbb977369988a7bbbdc519943a"},"headline":"No fue Pac\u00edfico","datePublished":"2017-04-08T01:51:53+00:00","mainEntityOfPage":{"@id":"http:\/\/gentedebasquet.com.ar\/sitio\/2017\/04\/07\/no-fue-pacifico\/"},"wordCount":682,"image":{"@id":"http:\/\/gentedebasquet.com.ar\/sitio\/2017\/04\/07\/no-fue-pacifico\/#primaryimage"},"thumbnailUrl":"https:\/\/gentedebasquet.com.ar\/sitio\/wp-content\/uploads\/2017\/04\/Pacifico-Sportivo.jpeg","keywords":["Pacifico","Sportivo"],"articleSection":["Segunda","Slide"],"inLanguage":"es"},{"@type":"WebPage","@id":"http:\/\/gentedebasquet.com.ar\/sitio\/2017\/04\/07\/no-fue-pacifico\/","url":"http:\/\/gentedebasquet.com.ar\/sitio\/2017\/04\/07\/no-fue-pacifico\/","name":"No fue Pac\u00edfico - Gente de B\u00e1squet","isPartOf":{"@id":"https:\/\/gentedebasquet.com.ar\/sitio\/#website"},"primaryImageOfPage":{"@id":"http:\/\/gentedebasquet.com.ar\/sitio\/2017\/04\/07\/no-fue-pacifico\/#primaryimage"},"image":{"@id":"http:\/\/gentedebasquet.com.ar\/sitio\/2017\/04\/07\/no-fue-pacifico\/#primaryimage"},"thumbnailUrl":"https:\/\/gentedebasquet.com.ar\/sitio\/wp-content\/uploads\/2017\/04\/Pacifico-Sportivo.jpeg","datePublished":"2017-04-08T01:51:53+00:00","author":{"@id":"https:\/\/gentedebasquet.com.ar\/sitio\/#\/schema\/person\/ca0b63bbb977369988a7bbbdc519943a"},"breadcrumb":{"@id":"http:\/\/gentedebasquet.com.ar\/sitio\/2017\/04\/07\/no-fue-pacifico\/#breadcrumb"},"inLanguage":"es","potentialAction":[{"@type":"ReadAction","target":["http:\/\/gentedebasquet.com.ar\/sitio\/2017\/04\/07\/no-fue-pacifico\/"]}]},{"@type":"ImageObject","inLanguage":"es","@id":"http:\/\/gentedebasquet.com.ar\/sitio\/2017\/04\/07\/no-fue-pacifico\/#primaryimage","url":"https:\/\/gentedebasquet.com.ar\/sitio\/wp-content\/uploads\/2017\/04\/Pacifico-Sportivo.jpeg","contentUrl":"https:\/\/gentedebasquet.com.ar\/sitio\/wp-content\/uploads\/2017\/04\/Pacifico-Sportivo.jpeg","width":690,"height":319},{"@type":"BreadcrumbList","@id":"http:\/\/gentedebasquet.com.ar\/sitio\/2017\/04\/07\/no-fue-pacifico\/#breadcrumb","itemListElement":[{"@type":"ListItem","position":1,"name":"Portada","item":"https:\/\/gentedebasquet.com.ar\/sitio\/"},{"@type":"ListItem","position":2,"name":"No fue Pac\u00edfico"}]},{"@type":"WebSite","@id":"https:\/\/gentedebasquet.com.ar\/sitio\/#website","url":"https:\/\/gentedebasquet.com.ar\/sitio\/","name":"Gente de B\u00e1squet","description":"La revista del basquet de Bah\u00eda Blanca","potentialAction":[{"@type":"SearchAction","target":{"@type":"EntryPoint","urlTemplate":"https:\/\/gentedebasquet.com.ar\/sitio\/?s={search_term_string}"},"query-input":{"@type":"PropertyValueSpecification","valueRequired":true,"valueName":"search_term_string"}}],"inLanguage":"es"},{"@type":"Person","@id":"https:\/\/gentedebasquet.com.ar\/sitio\/#\/schema\/person\/ca0b63bbb977369988a7bbbdc519943a","name":"Gente de B\u00e1squet","image":{"@type":"ImageObject","inLanguage":"es","@id":"https:\/\/secure.gravatar.com\/avatar\/7f2c48bdc33b30088f941fb6082e555f2874c98e20cb159d7b92b50eadfce793?s=96&d=mm&r=g","url":"https:\/\/secure.gravatar.com\/avatar\/7f2c48bdc33b30088f941fb6082e555f2874c98e20cb159d7b92b50eadfce793?s=96&d=mm&r=g","contentUrl":"https:\/\/secure.gravatar.com\/avatar\/7f2c48bdc33b30088f941fb6082e555f2874c98e20cb159d7b92b50eadfce793?s=96&d=mm&r=g","caption":"Gente de B\u00e1squet"},"sameAs":["http:\/\/gentedebasquet.com.ar\/sitio"],"url":"https:\/\/gentedebasquet.com.ar\/sitio\/author\/ulises\/"}]}},"_links":{"self":[{"href":"https:\/\/gentedebasquet.com.ar\/sitio\/wp-json\/wp\/v2\/posts\/70343","targetHints":{"allow":["GET"]}}],"collection":[{"href":"https:\/\/gentedebasquet.com.ar\/sitio\/wp-json\/wp\/v2\/posts"}],"about":[{"href":"https:\/\/gentedebasquet.com.ar\/sitio\/wp-json\/wp\/v2\/types\/post"}],"author":[{"embeddable":true,"href":"https:\/\/gentedebasquet.com.ar\/sitio\/wp-json\/wp\/v2\/users\/1"}],"replies":[{"embeddable":true,"href":"https:\/\/gentedebasquet.com.ar\/sitio\/wp-json\/wp\/v2\/comments?post=70343"}],"version-history":[{"count":0,"href":"https:\/\/gentedebasquet.com.ar\/sitio\/wp-json\/wp\/v2\/posts\/70343\/revisions"}],"wp:featuredmedia":[{"embeddable":true,"href":"https:\/\/gentedebasquet.com.ar\/sitio\/wp-json\/wp\/v2\/media\/70384"}],"wp:attachment":[{"href":"https:\/\/gentedebasquet.com.ar\/sitio\/wp-json\/wp\/v2\/media?parent=70343"}],"wp:term":[{"taxonomy":"category","embeddable":true,"href":"https:\/\/gentedebasquet.com.ar\/sitio\/wp-json\/wp\/v2\/categories?post=70343"},{"taxonomy":"post_tag","embeddable":true,"href":"https:\/\/gentedebasquet.com.ar\/sitio\/wp-json\/wp\/v2\/tags?post=70343"}],"curies":[{"name":"wp","href":"https:\/\/api.w.org\/{rel}","templated":true}]}}