{"id":70432,"date":"2017-04-08T23:18:46","date_gmt":"2017-04-09T02:18:46","guid":{"rendered":"http:\/\/www.gentedebasquet.com.ar\/?p=70432"},"modified":"2017-04-08T23:18:46","modified_gmt":"2017-04-09T02:18:46","slug":"sabado-redondo","status":"publish","type":"post","link":"https:\/\/gentedebasquet.com.ar\/sitio\/2017\/04\/08\/sabado-redondo\/","title":{"rendered":"S\u00e1bado redondo"},"content":{"rendered":"<p><strong>La fecha 4 de la Liga U19 le sonri\u00f3 a los equipos de nuestra ciudad. Pac\u00edfico (2-2) se trajo un gran triunfo de Olavarr\u00eda, al derrotar por 77 a 51 a Estudiantes. Bahiense (3-1) no tuvo inconvenientes para doblegar a Centro Basko (Necochea): 78-23. Mientras que 9 de Julio (3-1) venci\u00f3 en su casa a Kimberley (Mar del Plata) por 78 a 60. Los partidos de Olimpo\u00a0 -frente a IAE de Mar del Plata- y Liniers -con Independiente de Tandil- fueron postergados. En tanto, El Nacional tuvo jornada libre.<\/strong><\/p>\n<p>&nbsp;<\/p>\n<p><strong>S\u00edntesis |<\/strong>\u00a0Liga U19 \u2013 Zona Sur 2 \u2013 Fecha #4<\/p>\n<p><strong>Estudiantes (Olavarr\u00eda) 51:<\/strong>\u00a0Nazareno Messina 8, Ignacio Aman 7, Agust\u00edn Coronel 0, Agust\u00edn Oroquieta 7, Alexis Adri\u00e1n 8 (FI); Tom\u00e1s Mondini 12, Lautaro Bessonart 0, Ezequiel Masson 6, Franco Piccinelli 0, Bautista Aramburu 0, Luciano Dislacio 3, Agust\u00edn S\u00e1nchez 0. DT: Agust\u00edn Bianchi.<\/p>\n<p><strong>Pac\u00edfico 77:<\/strong>\u00a0Branco Salvatori 17, Juan Ignacio Scattolini 8, Giuliano Ambroggi 4, Manuel Maina 17, Tom\u00e1s Burastero 5 (FI); Emanuel Kloster 8, Ignacio Carbajo 3, Esteban Walter 10, Luciano Bonifazi 4, Bastasar Dominguez 1, Agust\u00edn Vi\u00f1uela 0. DT: Mart\u00edn Luis.<\/p>\n<p><strong>Parciales:<\/strong>\u00a011-18, 32-41 (21-23), 38-60 (6-19), 51-77 (13-17).<\/p>\n<p><strong>Estadio:<\/strong>\u00a0Parque Carlos Guerrero (Estudiantes).<\/p>\n<p><a href=\"http:\/\/www.fibalivestats.com\/u\/FDBB\/590629\/bs.html\" target=\"_blank\" rel=\"noopener\">ESTAD\u00cdSTICAS OFICIALES<\/a><\/p>\n<p>&nbsp;<\/p>\n<p><strong>S\u00edntesis |<\/strong>\u00a0Liga U19 \u2013 Zona Sur 2 \u2013 Fecha #4<\/p>\n<p><strong>Centro Basko (Necochea) 23:<\/strong> Tom\u00e1s Cuello 8, Agust\u00edn De Agostini 0, Mart\u00edn Bracciale 0, Franco Fuentes 2, Jonathan Vel\u00e1zquez 2 (FI); Manuel Rizzo 0, Nahuel Massa 2, Francisco Povilaitis 0, Nahuel Pardo 4, Lucas Micucci 3, Gonzalo Lobato 2, Jonathan Ba\u00f1os 0. DT: Federico De Agostini.<\/p>\n<p><strong>Bahiense del Norte 78:<\/strong>\u00a0Juan Ignacio Gonz\u00e1lez 10, Manuel Peyronnet 8, Amaury Hevia 24, Mart\u00edn Fagotti 6, Franco P\u00e9rez 11 (FI); Mauro Parra 0, Ramiro Atencio 5, Facundo Menecozzi 7, Mart\u00edn Mercado 3, \u00a0Iv\u00e1n G\u00f3mez Lepez 4. DT: Alejandro Navallo.<\/p>\n<p><strong>Parciales: <\/strong>8-16, 16-42 (8-26), 18-60 (2-18), 23-78 (5-18).<\/p>\n<p><strong>Estadio:<\/strong> Centro Basko.<\/p>\n<p><a href=\"http:\/\/www.fibalivestats.com\/u\/FDBB\/590630\/bs.html\" target=\"_blank\" rel=\"noopener\">ESTAD\u00cdSTICAS OFICIALES<\/a><\/p>\n<p>&nbsp;<\/p>\n<p><strong>S\u00edntesis |<\/strong>\u00a0Liga U19 \u2013 Zona Sur 1 \u2013 Fecha #4<\/p>\n<p><strong>9 de Julio 78:<\/strong> Manuel Costa 15, Manuel Slonimsqui 6, Nicol\u00e1s Valdebenito 0, Alan Prost 14, Francisco Bonaguro 23 (FI); Benjam\u00edn Didone 0, Rodrigo Blanco 10, Fabio Campetti 2, Sebasti\u00e1n Villegas 6, Tom\u00e1s Corbalan 0, Federico Escobar 2. DT: Andr\u00e9s Iannamico.<\/p>\n<p><strong>Kimberley (Mar del Plata) 60: <\/strong>Pablo Girotti 21, Joaqu\u00edn Pazos 0, Nicol\u00e1s Gonz\u00e1lez 0, Ramiro D\u2019agostino 11, Franco Maeso 4 (FI); Lautaro Celuce 10, Santiago Bogoslavsky 0, Tiago Mansilla 0, Malaqu\u00edas Palomino 8, Felipe Miranda 6, Jerem\u00edas Alonso 0, Gonzalo Ghizzoni 0. DT: Juan Mart\u00edn Pablo Tumminello.<\/p>\n<p><strong>Parciales: <\/strong>26-18, 46-31 (20-13), 58-48 (12-17), 78-60 (20-12).<\/p>\n<p><strong>Estadio:<\/strong> Nestor Damiani (9 de Julio).<\/p>\n<p><a href=\"http:\/\/www.fibalivestats.com\/u\/FDBB\/590603\/bs.html\" target=\"_blank\" rel=\"noopener\">ESTAD\u00cdSTICAS OFICIALES<\/a><\/p>\n<p><strong>Foto:<\/strong> Marcelo Kehler (El Popular, Olavarr\u00eda).<\/p>\n","protected":false},"excerpt":{"rendered":"<p>Pac\u00edfico, Bahiense y 9 de Julio festejaron por la 4\u00ba fecha de la Liga Juvenil<\/p>\n","protected":false},"author":1,"featured_media":70433,"comment_status":"closed","ping_status":"open","sticky":false,"template":"","format":"standard","meta":{"jnews-multi-image_gallery":[],"jnews_single_post":[],"jnews_primary_category":[],"footnotes":""},"categories":[101,26],"tags":[2,5,468,17],"class_list":["post-70432","post","type-post","status-publish","format-standard","has-post-thumbnail","hentry","category-slide","category-u19","tag-9dejulio","tag-bahiense-del-norte","tag-liga-u19","tag-pacifico"],"yoast_head":"<!-- This site is optimized with the Yoast SEO plugin v27.5 - https:\/\/yoast.com\/product\/yoast-seo-wordpress\/ -->\n<title>S\u00e1bado redondo - Gente de B\u00e1squet<\/title>\n<meta name=\"robots\" content=\"index, follow, max-snippet:-1, max-image-preview:large, max-video-preview:-1\" \/>\n<link rel=\"canonical\" href=\"http:\/\/gentedebasquet.com.ar\/sitio\/2017\/04\/08\/sabado-redondo\/\" \/>\n<meta property=\"og:locale\" content=\"es_ES\" \/>\n<meta property=\"og:type\" content=\"article\" \/>\n<meta property=\"og:title\" content=\"S\u00e1bado redondo - Gente de B\u00e1squet\" \/>\n<meta property=\"og:description\" content=\"Pac\u00edfico, Bahiense y 9 de Julio festejaron por la 4\u00ba fecha de la Liga Juvenil\" \/>\n<meta property=\"og:url\" content=\"http:\/\/gentedebasquet.com.ar\/sitio\/2017\/04\/08\/sabado-redondo\/\" \/>\n<meta property=\"og:site_name\" content=\"Gente de B\u00e1squet\" \/>\n<meta property=\"article:published_time\" content=\"2017-04-09T02:18:46+00:00\" \/>\n<meta property=\"og:image\" content=\"http:\/\/gentedebasquet.com.ar\/sitio\/wp-content\/uploads\/2017\/04\/Estudiantes-Pacifico-Liga-U19.jpg\" \/>\n\t<meta property=\"og:image:width\" content=\"690\" \/>\n\t<meta property=\"og:image:height\" content=\"319\" \/>\n\t<meta property=\"og:image:type\" content=\"image\/jpeg\" \/>\n<meta name=\"author\" content=\"Gente de B\u00e1squet\" \/>\n<meta name=\"twitter:card\" content=\"summary_large_image\" \/>\n<meta name=\"twitter:label1\" content=\"Escrito por\" \/>\n\t<meta name=\"twitter:data1\" content=\"Gente de B\u00e1squet\" \/>\n\t<meta name=\"twitter:label2\" content=\"Tiempo de lectura\" \/>\n\t<meta name=\"twitter:data2\" content=\"2 minutos\" \/>\n<script type=\"application\/ld+json\" class=\"yoast-schema-graph\">{\"@context\":\"https:\\\/\\\/schema.org\",\"@graph\":[{\"@type\":\"Article\",\"@id\":\"http:\\\/\\\/gentedebasquet.com.ar\\\/sitio\\\/2017\\\/04\\\/08\\\/sabado-redondo\\\/#article\",\"isPartOf\":{\"@id\":\"http:\\\/\\\/gentedebasquet.com.ar\\\/sitio\\\/2017\\\/04\\\/08\\\/sabado-redondo\\\/\"},\"author\":{\"name\":\"Gente de B\u00e1squet\",\"@id\":\"https:\\\/\\\/gentedebasquet.com.ar\\\/sitio\\\/#\\\/schema\\\/person\\\/ca0b63bbb977369988a7bbbdc519943a\"},\"headline\":\"S\u00e1bado redondo\",\"datePublished\":\"2017-04-09T02:18:46+00:00\",\"mainEntityOfPage\":{\"@id\":\"http:\\\/\\\/gentedebasquet.com.ar\\\/sitio\\\/2017\\\/04\\\/08\\\/sabado-redondo\\\/\"},\"wordCount\":383,\"image\":{\"@id\":\"http:\\\/\\\/gentedebasquet.com.ar\\\/sitio\\\/2017\\\/04\\\/08\\\/sabado-redondo\\\/#primaryimage\"},\"thumbnailUrl\":\"https:\\\/\\\/gentedebasquet.com.ar\\\/sitio\\\/wp-content\\\/uploads\\\/2017\\\/04\\\/Estudiantes-Pacifico-Liga-U19.jpg\",\"keywords\":[\"9 de Julio\",\"Bahiense Del Norte\",\"Liga U19\",\"Pacifico\"],\"articleSection\":[\"Slide\",\"U19\"],\"inLanguage\":\"es\"},{\"@type\":\"WebPage\",\"@id\":\"http:\\\/\\\/gentedebasquet.com.ar\\\/sitio\\\/2017\\\/04\\\/08\\\/sabado-redondo\\\/\",\"url\":\"http:\\\/\\\/gentedebasquet.com.ar\\\/sitio\\\/2017\\\/04\\\/08\\\/sabado-redondo\\\/\",\"name\":\"S\u00e1bado redondo - Gente de B\u00e1squet\",\"isPartOf\":{\"@id\":\"https:\\\/\\\/gentedebasquet.com.ar\\\/sitio\\\/#website\"},\"primaryImageOfPage\":{\"@id\":\"http:\\\/\\\/gentedebasquet.com.ar\\\/sitio\\\/2017\\\/04\\\/08\\\/sabado-redondo\\\/#primaryimage\"},\"image\":{\"@id\":\"http:\\\/\\\/gentedebasquet.com.ar\\\/sitio\\\/2017\\\/04\\\/08\\\/sabado-redondo\\\/#primaryimage\"},\"thumbnailUrl\":\"https:\\\/\\\/gentedebasquet.com.ar\\\/sitio\\\/wp-content\\\/uploads\\\/2017\\\/04\\\/Estudiantes-Pacifico-Liga-U19.jpg\",\"datePublished\":\"2017-04-09T02:18:46+00:00\",\"author\":{\"@id\":\"https:\\\/\\\/gentedebasquet.com.ar\\\/sitio\\\/#\\\/schema\\\/person\\\/ca0b63bbb977369988a7bbbdc519943a\"},\"breadcrumb\":{\"@id\":\"http:\\\/\\\/gentedebasquet.com.ar\\\/sitio\\\/2017\\\/04\\\/08\\\/sabado-redondo\\\/#breadcrumb\"},\"inLanguage\":\"es\",\"potentialAction\":[{\"@type\":\"ReadAction\",\"target\":[\"http:\\\/\\\/gentedebasquet.com.ar\\\/sitio\\\/2017\\\/04\\\/08\\\/sabado-redondo\\\/\"]}]},{\"@type\":\"ImageObject\",\"inLanguage\":\"es\",\"@id\":\"http:\\\/\\\/gentedebasquet.com.ar\\\/sitio\\\/2017\\\/04\\\/08\\\/sabado-redondo\\\/#primaryimage\",\"url\":\"https:\\\/\\\/gentedebasquet.com.ar\\\/sitio\\\/wp-content\\\/uploads\\\/2017\\\/04\\\/Estudiantes-Pacifico-Liga-U19.jpg\",\"contentUrl\":\"https:\\\/\\\/gentedebasquet.com.ar\\\/sitio\\\/wp-content\\\/uploads\\\/2017\\\/04\\\/Estudiantes-Pacifico-Liga-U19.jpg\",\"width\":690,\"height\":319},{\"@type\":\"BreadcrumbList\",\"@id\":\"http:\\\/\\\/gentedebasquet.com.ar\\\/sitio\\\/2017\\\/04\\\/08\\\/sabado-redondo\\\/#breadcrumb\",\"itemListElement\":[{\"@type\":\"ListItem\",\"position\":1,\"name\":\"Portada\",\"item\":\"https:\\\/\\\/gentedebasquet.com.ar\\\/sitio\\\/\"},{\"@type\":\"ListItem\",\"position\":2,\"name\":\"S\u00e1bado redondo\"}]},{\"@type\":\"WebSite\",\"@id\":\"https:\\\/\\\/gentedebasquet.com.ar\\\/sitio\\\/#website\",\"url\":\"https:\\\/\\\/gentedebasquet.com.ar\\\/sitio\\\/\",\"name\":\"Gente de B\u00e1squet\",\"description\":\"La revista del basquet de Bah\u00eda Blanca\",\"potentialAction\":[{\"@type\":\"SearchAction\",\"target\":{\"@type\":\"EntryPoint\",\"urlTemplate\":\"https:\\\/\\\/gentedebasquet.com.ar\\\/sitio\\\/?s={search_term_string}\"},\"query-input\":{\"@type\":\"PropertyValueSpecification\",\"valueRequired\":true,\"valueName\":\"search_term_string\"}}],\"inLanguage\":\"es\"},{\"@type\":\"Person\",\"@id\":\"https:\\\/\\\/gentedebasquet.com.ar\\\/sitio\\\/#\\\/schema\\\/person\\\/ca0b63bbb977369988a7bbbdc519943a\",\"name\":\"Gente de B\u00e1squet\",\"image\":{\"@type\":\"ImageObject\",\"inLanguage\":\"es\",\"@id\":\"https:\\\/\\\/secure.gravatar.com\\\/avatar\\\/7f2c48bdc33b30088f941fb6082e555f2874c98e20cb159d7b92b50eadfce793?s=96&d=mm&r=g\",\"url\":\"https:\\\/\\\/secure.gravatar.com\\\/avatar\\\/7f2c48bdc33b30088f941fb6082e555f2874c98e20cb159d7b92b50eadfce793?s=96&d=mm&r=g\",\"contentUrl\":\"https:\\\/\\\/secure.gravatar.com\\\/avatar\\\/7f2c48bdc33b30088f941fb6082e555f2874c98e20cb159d7b92b50eadfce793?s=96&d=mm&r=g\",\"caption\":\"Gente de B\u00e1squet\"},\"sameAs\":[\"http:\\\/\\\/gentedebasquet.com.ar\\\/sitio\"],\"url\":\"https:\\\/\\\/gentedebasquet.com.ar\\\/sitio\\\/author\\\/ulises\\\/\"}]}<\/script>\n<!-- \/ Yoast SEO plugin. -->","yoast_head_json":{"title":"S\u00e1bado redondo - Gente de B\u00e1squet","robots":{"index":"index","follow":"follow","max-snippet":"max-snippet:-1","max-image-preview":"max-image-preview:large","max-video-preview":"max-video-preview:-1"},"canonical":"http:\/\/gentedebasquet.com.ar\/sitio\/2017\/04\/08\/sabado-redondo\/","og_locale":"es_ES","og_type":"article","og_title":"S\u00e1bado redondo - Gente de B\u00e1squet","og_description":"Pac\u00edfico, Bahiense y 9 de Julio festejaron por la 4\u00ba fecha de la Liga Juvenil","og_url":"http:\/\/gentedebasquet.com.ar\/sitio\/2017\/04\/08\/sabado-redondo\/","og_site_name":"Gente de B\u00e1squet","article_published_time":"2017-04-09T02:18:46+00:00","og_image":[{"width":690,"height":319,"url":"http:\/\/gentedebasquet.com.ar\/sitio\/wp-content\/uploads\/2017\/04\/Estudiantes-Pacifico-Liga-U19.jpg","type":"image\/jpeg"}],"author":"Gente de B\u00e1squet","twitter_card":"summary_large_image","twitter_misc":{"Escrito por":"Gente de B\u00e1squet","Tiempo de lectura":"2 minutos"},"schema":{"@context":"https:\/\/schema.org","@graph":[{"@type":"Article","@id":"http:\/\/gentedebasquet.com.ar\/sitio\/2017\/04\/08\/sabado-redondo\/#article","isPartOf":{"@id":"http:\/\/gentedebasquet.com.ar\/sitio\/2017\/04\/08\/sabado-redondo\/"},"author":{"name":"Gente de B\u00e1squet","@id":"https:\/\/gentedebasquet.com.ar\/sitio\/#\/schema\/person\/ca0b63bbb977369988a7bbbdc519943a"},"headline":"S\u00e1bado redondo","datePublished":"2017-04-09T02:18:46+00:00","mainEntityOfPage":{"@id":"http:\/\/gentedebasquet.com.ar\/sitio\/2017\/04\/08\/sabado-redondo\/"},"wordCount":383,"image":{"@id":"http:\/\/gentedebasquet.com.ar\/sitio\/2017\/04\/08\/sabado-redondo\/#primaryimage"},"thumbnailUrl":"https:\/\/gentedebasquet.com.ar\/sitio\/wp-content\/uploads\/2017\/04\/Estudiantes-Pacifico-Liga-U19.jpg","keywords":["9 de Julio","Bahiense Del Norte","Liga U19","Pacifico"],"articleSection":["Slide","U19"],"inLanguage":"es"},{"@type":"WebPage","@id":"http:\/\/gentedebasquet.com.ar\/sitio\/2017\/04\/08\/sabado-redondo\/","url":"http:\/\/gentedebasquet.com.ar\/sitio\/2017\/04\/08\/sabado-redondo\/","name":"S\u00e1bado redondo - Gente de B\u00e1squet","isPartOf":{"@id":"https:\/\/gentedebasquet.com.ar\/sitio\/#website"},"primaryImageOfPage":{"@id":"http:\/\/gentedebasquet.com.ar\/sitio\/2017\/04\/08\/sabado-redondo\/#primaryimage"},"image":{"@id":"http:\/\/gentedebasquet.com.ar\/sitio\/2017\/04\/08\/sabado-redondo\/#primaryimage"},"thumbnailUrl":"https:\/\/gentedebasquet.com.ar\/sitio\/wp-content\/uploads\/2017\/04\/Estudiantes-Pacifico-Liga-U19.jpg","datePublished":"2017-04-09T02:18:46+00:00","author":{"@id":"https:\/\/gentedebasquet.com.ar\/sitio\/#\/schema\/person\/ca0b63bbb977369988a7bbbdc519943a"},"breadcrumb":{"@id":"http:\/\/gentedebasquet.com.ar\/sitio\/2017\/04\/08\/sabado-redondo\/#breadcrumb"},"inLanguage":"es","potentialAction":[{"@type":"ReadAction","target":["http:\/\/gentedebasquet.com.ar\/sitio\/2017\/04\/08\/sabado-redondo\/"]}]},{"@type":"ImageObject","inLanguage":"es","@id":"http:\/\/gentedebasquet.com.ar\/sitio\/2017\/04\/08\/sabado-redondo\/#primaryimage","url":"https:\/\/gentedebasquet.com.ar\/sitio\/wp-content\/uploads\/2017\/04\/Estudiantes-Pacifico-Liga-U19.jpg","contentUrl":"https:\/\/gentedebasquet.com.ar\/sitio\/wp-content\/uploads\/2017\/04\/Estudiantes-Pacifico-Liga-U19.jpg","width":690,"height":319},{"@type":"BreadcrumbList","@id":"http:\/\/gentedebasquet.com.ar\/sitio\/2017\/04\/08\/sabado-redondo\/#breadcrumb","itemListElement":[{"@type":"ListItem","position":1,"name":"Portada","item":"https:\/\/gentedebasquet.com.ar\/sitio\/"},{"@type":"ListItem","position":2,"name":"S\u00e1bado redondo"}]},{"@type":"WebSite","@id":"https:\/\/gentedebasquet.com.ar\/sitio\/#website","url":"https:\/\/gentedebasquet.com.ar\/sitio\/","name":"Gente de B\u00e1squet","description":"La revista del basquet de Bah\u00eda Blanca","potentialAction":[{"@type":"SearchAction","target":{"@type":"EntryPoint","urlTemplate":"https:\/\/gentedebasquet.com.ar\/sitio\/?s={search_term_string}"},"query-input":{"@type":"PropertyValueSpecification","valueRequired":true,"valueName":"search_term_string"}}],"inLanguage":"es"},{"@type":"Person","@id":"https:\/\/gentedebasquet.com.ar\/sitio\/#\/schema\/person\/ca0b63bbb977369988a7bbbdc519943a","name":"Gente de B\u00e1squet","image":{"@type":"ImageObject","inLanguage":"es","@id":"https:\/\/secure.gravatar.com\/avatar\/7f2c48bdc33b30088f941fb6082e555f2874c98e20cb159d7b92b50eadfce793?s=96&d=mm&r=g","url":"https:\/\/secure.gravatar.com\/avatar\/7f2c48bdc33b30088f941fb6082e555f2874c98e20cb159d7b92b50eadfce793?s=96&d=mm&r=g","contentUrl":"https:\/\/secure.gravatar.com\/avatar\/7f2c48bdc33b30088f941fb6082e555f2874c98e20cb159d7b92b50eadfce793?s=96&d=mm&r=g","caption":"Gente de B\u00e1squet"},"sameAs":["http:\/\/gentedebasquet.com.ar\/sitio"],"url":"https:\/\/gentedebasquet.com.ar\/sitio\/author\/ulises\/"}]}},"_links":{"self":[{"href":"https:\/\/gentedebasquet.com.ar\/sitio\/wp-json\/wp\/v2\/posts\/70432","targetHints":{"allow":["GET"]}}],"collection":[{"href":"https:\/\/gentedebasquet.com.ar\/sitio\/wp-json\/wp\/v2\/posts"}],"about":[{"href":"https:\/\/gentedebasquet.com.ar\/sitio\/wp-json\/wp\/v2\/types\/post"}],"author":[{"embeddable":true,"href":"https:\/\/gentedebasquet.com.ar\/sitio\/wp-json\/wp\/v2\/users\/1"}],"replies":[{"embeddable":true,"href":"https:\/\/gentedebasquet.com.ar\/sitio\/wp-json\/wp\/v2\/comments?post=70432"}],"version-history":[{"count":0,"href":"https:\/\/gentedebasquet.com.ar\/sitio\/wp-json\/wp\/v2\/posts\/70432\/revisions"}],"wp:featuredmedia":[{"embeddable":true,"href":"https:\/\/gentedebasquet.com.ar\/sitio\/wp-json\/wp\/v2\/media\/70433"}],"wp:attachment":[{"href":"https:\/\/gentedebasquet.com.ar\/sitio\/wp-json\/wp\/v2\/media?parent=70432"}],"wp:term":[{"taxonomy":"category","embeddable":true,"href":"https:\/\/gentedebasquet.com.ar\/sitio\/wp-json\/wp\/v2\/categories?post=70432"},{"taxonomy":"post_tag","embeddable":true,"href":"https:\/\/gentedebasquet.com.ar\/sitio\/wp-json\/wp\/v2\/tags?post=70432"}],"curies":[{"name":"wp","href":"https:\/\/api.w.org\/{rel}","templated":true}]}}