{"id":70518,"date":"2017-04-13T10:08:55","date_gmt":"2017-04-13T13:08:55","guid":{"rendered":"http:\/\/www.gentedebasquet.com.ar\/?p=70518"},"modified":"2017-04-13T10:08:55","modified_gmt":"2017-04-13T13:08:55","slug":"se-viene-el-38o-provincial-u17","status":"publish","type":"post","link":"https:\/\/gentedebasquet.com.ar\/sitio\/2017\/04\/13\/se-viene-el-38o-provincial-u17\/","title":{"rendered":"Arranca el 38\u00ba Provincial U17"},"content":{"rendered":"<p><strong>El 38\u00ba Campeonato Provincial de Cadetes se disputar\u00e1 en Olavarr\u00eda\u00a0hasta el domingo 16, y all\u00ed estar\u00e1 <a href=\"https:\/\/twitter.com\/GenteDeBasquet\" target=\"_blank\" rel=\"noopener\">Gente de B\u00e1squet<\/a>. Bah\u00eda Blanca participar\u00e1 bajo el mando de Mario Errazu, encargado de dirigir todas las selecciones formativas tras el desarrollo del <a href=\"http:\/\/www.gentedebasquet.com.ar\/la-primera-seleccion\/\" target=\"_blank\" rel=\"noopener\">Torneo de Conferencias<\/a>. En el Zonal, Bah\u00eda e impuso <a href=\"http:\/\/www.gentedebasquet.com.ar\/al-ritmo-de-bahia\/\" target=\"_blank\" rel=\"noopener\">95-48 en la ida<\/a> y <a href=\"http:\/\/www.gentedebasquet.com.ar\/a-olavarria-caminando\/\" target=\"_blank\" rel=\"noopener\">108-50 en la vuelta<\/a>. En esta categor\u00eda, los seleccionados bahienses lograron 16 t\u00edtulos, siendo el \u00faltimo el del <a href=\"http:\/\/www.gentedebasquet.com.ar\/diagonal-al-titulo\/\" target=\"_blank\" rel=\"noopener\">a\u00f1o pasado en La Plata<\/a>. Repas\u00e1 todos los partidos y el plantel que representar\u00e1 a la Asociaci\u00f3n Bahiense.<\/strong><\/p>\n<p>&nbsp;<\/p>\n<p><strong>\u00a0<\/strong><\/p>\n<table border=\"2\" width=\"100%\">\n<tbody>\n<tr>\n<td align=\"center\" bgcolor=\"#ffffff\"><span style=\"color: #000000; font-family: tahoma, verdana, arial, helvetica, sans-serif; font-size: small;\"><strong>PROVINCIAL U17<\/strong><\/span><\/td>\n<td align=\"center\" bgcolor=\"#ffffff\"><span style=\"color: #000000; font-family: tahoma, verdana, arial, helvetica, sans-serif; font-size: small;\"><strong>\u00a0 \u00a0 PROGRAMA\u00a0 \u00a0<\/strong><\/span><\/td>\n<\/tr>\n<\/tbody>\n<\/table>\n<p>&nbsp;<\/p>\n<table border=\"2\" width=\"100%\">\n<tbody>\n<tr>\n<td align=\"center\" bgcolor=\"#095abf\"><span style=\"color: #ffffff; font-family: tahoma, verdana, arial, helvetica, sans-serif; font-size: small;\"><strong>FECHA 1 &#8211; Jueves 13\/04\/2017<\/strong><\/span><\/td>\n<\/tr>\n<\/tbody>\n<\/table>\n<table border=\"2\" width=\"100%\">\n<tbody>\n<tr>\n<td align=\"center\" bgcolor=\"#e87006\"><span style=\"color: #000000; font-family: tahoma, verdana, arial, helvetica, sans-serif; font-size: small;\"><strong>HORA \/ SEDE<\/strong><\/span><\/td>\n<td align=\"center\" bgcolor=\"#e87006\"><span style=\"color: #000000; font-family: tahoma, verdana, arial, helvetica, sans-serif; font-size: small;\"><strong>LOCAL<\/strong><\/span><\/td>\n<td align=\"center\" bgcolor=\"#000000\"><span style=\"color: #ffffff; font-family: tahoma, verdana, arial, helvetica, sans-serif; font-size: small;\"><strong>RES<\/strong><\/span><\/td>\n<td align=\"center\" bgcolor=\"#e87006\"><span style=\"color: #000000; font-family: tahoma, verdana, arial, helvetica, sans-serif; font-size: small;\"><strong>VISITANTE<\/strong><\/span><\/td>\n<\/tr>\n<tr>\n<td align=\"center\" bgcolor=\"#dcdcdc\"><span style=\"font-family: tahoma, verdana, arial, helvetica, sans-serif; font-size: small;\">18.00 (Estudiantes)<\/span><\/td>\n<td align=\"center\" bgcolor=\"#dcdcdc\"><span style=\"font-family: tahoma, verdana, arial, helvetica, sans-serif; font-size: small;\">San Nicol\u00e1s<\/span><\/td>\n<td align=\"center\" bgcolor=\"#dcdcdc\"><span style=\"font-family: tahoma, verdana, arial, helvetica, sans-serif; font-size: small;\">00-00<\/span><\/td>\n<td align=\"center\" bgcolor=\"#dcdcdc\"><span style=\"font-family: tahoma, verdana, arial, helvetica, sans-serif; font-size: small;\">Mar del Plata<\/span><\/td>\n<\/tr>\n<tr>\n<td align=\"center\" bgcolor=\"#eeeeee\"><span style=\"font-family: tahoma, verdana, arial, helvetica, sans-serif; font-size: small;\">18.00 (Pueblo Nuevo)<\/span><\/td>\n<td align=\"center\" bgcolor=\"#eeeeee\"><span style=\"font-family: tahoma, verdana, arial, helvetica, sans-serif; font-size: small;\">BAH\u00cdA BLANCA<\/span><\/td>\n<td align=\"center\" bgcolor=\"#eeeeee\"><span style=\"font-family: tahoma, verdana, arial, helvetica, sans-serif; font-size: small;\">00-00<\/span><\/td>\n<td align=\"center\" bgcolor=\"#eeeeee\"><span style=\"font-family: tahoma, verdana, arial, helvetica, sans-serif; font-size: small;\"><span style=\"line-height: 19.5px;\">La Plata<\/span><\/span><\/td>\n<\/tr>\n<tr>\n<td align=\"center\" bgcolor=\"#dcdcdc\"><span style=\"font-family: tahoma, verdana, arial, helvetica, sans-serif; font-size: small;\">20.30 (Pueblo Nuevo)<\/span><\/td>\n<td align=\"center\" bgcolor=\"#dcdcdc\"><span style=\"font-family: tahoma, verdana, arial, helvetica, sans-serif; font-size: small;\">Olavarr\u00eda<\/span><\/td>\n<td align=\"center\" bgcolor=\"#dcdcdc\"><span style=\"font-family: tahoma, verdana, arial, helvetica, sans-serif; font-size: small;\">00-00<\/span><\/td>\n<td align=\"center\" bgcolor=\"#dcdcdc\"><span style=\"font-family: tahoma, verdana, arial, helvetica, sans-serif; font-size: small;\">Jun\u00edn<\/span><\/td>\n<\/tr>\n<tr>\n<td align=\"center\" bgcolor=\"#095abf\"><span style=\"font-family: tahoma, verdana, arial, helvetica, sans-serif; font-size: small;\">*******************<\/span><\/td>\n<td align=\"center\" bgcolor=\"#095abf\"><span style=\"font-family: tahoma, verdana, arial, helvetica, sans-serif; font-size: small;\">********************<\/span><\/td>\n<td align=\"center\" bgcolor=\"#095abf\"><span style=\"font-family: tahoma, verdana, arial, helvetica, sans-serif; font-size: small;\">******<\/span><\/td>\n<td align=\"center\" bgcolor=\"#095abf\"><span style=\"font-family: tahoma, verdana, arial, helvetica, sans-serif; font-size: small;\">********************<\/span><\/td>\n<\/tr>\n<\/tbody>\n<\/table>\n<p>&nbsp;<\/p>\n<table border=\"2\" width=\"100%\">\n<tbody>\n<tr>\n<td align=\"center\" bgcolor=\"#095abf\"><span style=\"color: #ffffff; font-family: tahoma, verdana, arial, helvetica, sans-serif; font-size: small;\"><strong>FECHA 2 &#8211; Viernes 14\/04\/2017<\/strong><\/span><\/td>\n<\/tr>\n<\/tbody>\n<\/table>\n<table border=\"2\" width=\"100%\">\n<tbody>\n<tr>\n<td align=\"center\" bgcolor=\"#e87006\"><span style=\"color: #000000; font-family: tahoma, verdana, arial, helvetica, sans-serif; font-size: small;\"><strong>HORA \/ SEDE<\/strong><\/span><\/td>\n<td align=\"center\" bgcolor=\"#e87006\"><span style=\"color: #000000; font-family: tahoma, verdana, arial, helvetica, sans-serif; font-size: small;\"><strong>LOCAL<\/strong><\/span><\/td>\n<td align=\"center\" bgcolor=\"#000000\"><span style=\"color: #ffffff; font-family: tahoma, verdana, arial, helvetica, sans-serif; font-size: small;\"><strong>RES<\/strong><\/span><\/td>\n<td align=\"center\" bgcolor=\"#e87006\"><span style=\"color: #000000; font-family: tahoma, verdana, arial, helvetica, sans-serif; font-size: small;\"><strong>VISITANTE<\/strong><\/span><\/td>\n<\/tr>\n<tr>\n<td align=\"center\" bgcolor=\"#dcdcdc\"><span style=\"font-family: tahoma, verdana, arial, helvetica, sans-serif; font-size: small;\">10.30 (Estudiantes)<\/span><\/td>\n<td align=\"center\" bgcolor=\"#dcdcdc\"><span style=\"font-family: tahoma, verdana, arial, helvetica, sans-serif; font-size: small;\">BAH\u00cdA BLANCA<\/span><\/td>\n<td align=\"center\" bgcolor=\"#dcdcdc\"><span style=\"font-family: tahoma, verdana, arial, helvetica, sans-serif; font-size: small;\">00-00<\/span><\/td>\n<td align=\"center\" bgcolor=\"#dcdcdc\"><span style=\"font-family: tahoma, verdana, arial, helvetica, sans-serif; font-size: small;\"><span style=\"line-height: 19.5px;\">San Nicol\u00e1s<\/span><\/span><\/td>\n<\/tr>\n<tr>\n<td align=\"center\" bgcolor=\"#eeeeee\"><span style=\"font-family: tahoma, verdana, arial, helvetica, sans-serif; font-size: small;\">10.30 (Pueblo Nuevo)<\/span><\/td>\n<td align=\"center\" bgcolor=\"#eeeeee\"><span style=\"font-family: tahoma, verdana, arial, helvetica, sans-serif; font-size: small;\">Olavarr\u00eda<\/span><\/td>\n<td align=\"center\" bgcolor=\"#eeeeee\"><span style=\"font-family: tahoma, verdana, arial, helvetica, sans-serif; font-size: small;\">00-00<\/span><\/td>\n<td align=\"center\" bgcolor=\"#eeeeee\"><span style=\"font-family: tahoma, verdana, arial, helvetica, sans-serif; font-size: small;\"><span style=\"line-height: 19.5px;\">La Plata<\/span><\/span><\/td>\n<\/tr>\n<tr>\n<td align=\"center\" bgcolor=\"#dcdcdc\"><span style=\"font-family: tahoma, verdana, arial, helvetica, sans-serif; font-size: small;\">10.30 (El Fort\u00edn)<\/span><\/td>\n<td align=\"center\" bgcolor=\"#dcdcdc\"><span style=\"font-family: tahoma, verdana, arial, helvetica, sans-serif; font-size: small;\">Jun\u00edn<\/span><\/td>\n<td align=\"center\" bgcolor=\"#dcdcdc\"><span style=\"font-family: tahoma, verdana, arial, helvetica, sans-serif; font-size: small;\">00-00<\/span><\/td>\n<td align=\"center\" bgcolor=\"#dcdcdc\"><span style=\"font-family: tahoma, verdana, arial, helvetica, sans-serif; font-size: small;\"><span style=\"line-height: 19.5px;\">Mar del Plata<\/span><\/span><\/td>\n<\/tr>\n<tr>\n<td align=\"center\" bgcolor=\"#095abf\"><span style=\"font-family: tahoma, verdana, arial, helvetica, sans-serif; font-size: small;\">*******************<\/span><\/td>\n<td align=\"center\" bgcolor=\"#095abf\"><span style=\"font-family: tahoma, verdana, arial, helvetica, sans-serif; font-size: small;\">********************<\/span><\/td>\n<td align=\"center\" bgcolor=\"#095abf\"><span style=\"font-family: tahoma, verdana, arial, helvetica, sans-serif; font-size: small;\">******<\/span><\/td>\n<td align=\"center\" bgcolor=\"#095abf\"><span style=\"font-family: tahoma, verdana, arial, helvetica, sans-serif; font-size: small;\">********************<\/span><\/td>\n<\/tr>\n<\/tbody>\n<\/table>\n<p>&nbsp;<\/p>\n<table border=\"2\" width=\"100%\">\n<tbody>\n<tr>\n<td align=\"center\" bgcolor=\"#095abf\"><span style=\"color: #ffffff; font-family: tahoma, verdana, arial, helvetica, sans-serif; font-size: small;\"><strong>FECHA 3 &#8211; Viernes 14\/04\/2017<\/strong><\/span><\/td>\n<\/tr>\n<\/tbody>\n<\/table>\n<table border=\"2\" width=\"100%\">\n<tbody>\n<tr>\n<td align=\"center\" bgcolor=\"#e87006\"><span style=\"color: #000000; font-family: tahoma, verdana, arial, helvetica, sans-serif; font-size: small;\"><strong>HORA \/ SEDE<\/strong><\/span><\/td>\n<td align=\"center\" bgcolor=\"#e87006\"><span style=\"color: #000000; font-family: tahoma, verdana, arial, helvetica, sans-serif; font-size: small;\"><strong>LOCAL<\/strong><\/span><\/td>\n<td align=\"center\" bgcolor=\"#000000\"><span style=\"color: #ffffff; font-family: tahoma, verdana, arial, helvetica, sans-serif; font-size: small;\"><strong>RES<\/strong><\/span><\/td>\n<td align=\"center\" bgcolor=\"#e87006\"><span style=\"color: #000000; font-family: tahoma, verdana, arial, helvetica, sans-serif; font-size: small;\"><strong>VISITANTE<\/strong><\/span><\/td>\n<\/tr>\n<tr>\n<td align=\"center\" bgcolor=\"#dcdcdc\"><span style=\"font-family: tahoma, verdana, arial, helvetica, sans-serif; font-size: small;\">18.30 (Estudiantes)<\/span><\/td>\n<td align=\"center\" bgcolor=\"#dcdcdc\"><span style=\"font-family: tahoma, verdana, arial, helvetica, sans-serif; font-size: small;\">Jun\u00edn<\/span><\/td>\n<td align=\"center\" bgcolor=\"#dcdcdc\"><span style=\"font-family: tahoma, verdana, arial, helvetica, sans-serif; font-size: small;\">00-00<\/span><\/td>\n<td align=\"center\" bgcolor=\"#dcdcdc\"><span style=\"font-family: tahoma, verdana, arial, helvetica, sans-serif; font-size: small;\"><span style=\"line-height: 19.5px;\">BAH\u00cdA BLANCA<\/span><\/span><\/td>\n<\/tr>\n<tr>\n<td align=\"center\" bgcolor=\"#eeeeee\"><span style=\"font-family: tahoma, verdana, arial, helvetica, sans-serif; font-size: small;\">18.30 (Pueblo Nuevo)<\/span><\/td>\n<td align=\"center\" bgcolor=\"#eeeeee\"><span style=\"font-family: tahoma, verdana, arial, helvetica, sans-serif; font-size: small;\">La Plata<\/span><\/td>\n<td align=\"center\" bgcolor=\"#eeeeee\"><span style=\"font-family: tahoma, verdana, arial, helvetica, sans-serif; font-size: small;\">00-00<\/span><\/td>\n<td align=\"center\" bgcolor=\"#eeeeee\"><span style=\"font-family: tahoma, verdana, arial, helvetica, sans-serif; font-size: small;\"><span style=\"line-height: 19.5px;\">San Nicol\u00e1s<\/span><\/span><\/td>\n<\/tr>\n<tr>\n<td align=\"center\" bgcolor=\"#dcdcdc\"><span style=\"font-family: tahoma, verdana, arial, helvetica, sans-serif; font-size: small;\">20.30 (Pueblo Nuevo)<\/span><\/td>\n<td align=\"center\" bgcolor=\"#dcdcdc\"><span style=\"font-family: tahoma, verdana, arial, helvetica, sans-serif; font-size: small;\">Olavarr\u00eda<\/span><\/td>\n<td align=\"center\" bgcolor=\"#dcdcdc\"><span style=\"font-family: tahoma, verdana, arial, helvetica, sans-serif; font-size: small;\">00-00<\/span><\/td>\n<td align=\"center\" bgcolor=\"#dcdcdc\"><span style=\"font-family: tahoma, verdana, arial, helvetica, sans-serif; font-size: small;\"><span style=\"line-height: 19.5px;\">Mar del Plata<\/span><\/span><\/td>\n<\/tr>\n<tr>\n<td align=\"center\" bgcolor=\"#095abf\"><span style=\"font-family: tahoma, verdana, arial, helvetica, sans-serif; font-size: small;\">*******************<\/span><\/td>\n<td align=\"center\" bgcolor=\"#095abf\"><span style=\"font-family: tahoma, verdana, arial, helvetica, sans-serif; font-size: small;\">********************<\/span><\/td>\n<td align=\"center\" bgcolor=\"#095abf\"><span style=\"font-family: tahoma, verdana, arial, helvetica, sans-serif; font-size: small;\">******<\/span><\/td>\n<td align=\"center\" bgcolor=\"#095abf\"><span style=\"font-family: tahoma, verdana, arial, helvetica, sans-serif; font-size: small;\">********************<\/span><\/td>\n<\/tr>\n<\/tbody>\n<\/table>\n<p>&nbsp;<\/p>\n<table border=\"2\" width=\"100%\">\n<tbody>\n<tr>\n<td align=\"center\" bgcolor=\"#095abf\"><span style=\"color: #ffffff; font-family: tahoma, verdana, arial, helvetica, sans-serif; font-size: small;\"><strong>FECHA 4 &#8211; S\u00e1bado 15\/04\/2017<\/strong><\/span><\/td>\n<\/tr>\n<\/tbody>\n<\/table>\n<table border=\"2\" width=\"100%\">\n<tbody>\n<tr>\n<td align=\"center\" bgcolor=\"#e87006\"><span style=\"color: #000000; font-family: tahoma, verdana, arial, helvetica, sans-serif; font-size: small;\"><strong>HORA \/ SEDE<\/strong><\/span><\/td>\n<td align=\"center\" bgcolor=\"#e87006\"><span style=\"color: #000000; font-family: tahoma, verdana, arial, helvetica, sans-serif; font-size: small;\"><strong>LOCAL<\/strong><\/span><\/td>\n<td align=\"center\" bgcolor=\"#000000\"><span style=\"color: #ffffff; font-family: tahoma, verdana, arial, helvetica, sans-serif; font-size: small;\"><strong>RES<\/strong><\/span><\/td>\n<td align=\"center\" bgcolor=\"#e87006\"><span style=\"color: #000000; font-family: tahoma, verdana, arial, helvetica, sans-serif; font-size: small;\"><strong>VISITANTE<\/strong><\/span><\/td>\n<\/tr>\n<tr>\n<td align=\"center\" bgcolor=\"#dcdcdc\"><span style=\"font-family: tahoma, verdana, arial, helvetica, sans-serif; font-size: small;\">18.00 (Racing)<\/span><\/td>\n<td align=\"center\" bgcolor=\"#dcdcdc\"><span style=\"font-family: tahoma, verdana, arial, helvetica, sans-serif; font-size: small;\">San Nicol\u00e1s<\/span><\/td>\n<td align=\"center\" bgcolor=\"#dcdcdc\"><span style=\"font-family: tahoma, verdana, arial, helvetica, sans-serif; font-size: small;\">00-00<\/span><\/td>\n<td align=\"center\" bgcolor=\"#dcdcdc\"><span style=\"font-family: tahoma, verdana, arial, helvetica, sans-serif; font-size: small;\">Jun\u00edn<\/span><\/td>\n<\/tr>\n<tr>\n<td align=\"center\" bgcolor=\"#eeeeee\"><span style=\"font-family: tahoma, verdana, arial, helvetica, sans-serif; font-size: small;\">18.00 (Pueblo Nuevo)<\/span><\/td>\n<td align=\"center\" bgcolor=\"#eeeeee\"><span style=\"font-family: tahoma, verdana, arial, helvetica, sans-serif; font-size: small;\">Mar del Plata<\/span><\/td>\n<td align=\"center\" bgcolor=\"#eeeeee\"><span style=\"font-family: tahoma, verdana, arial, helvetica, sans-serif; font-size: small;\">00-00<\/span><\/td>\n<td align=\"center\" bgcolor=\"#eeeeee\"><span style=\"font-family: tahoma, verdana, arial, helvetica, sans-serif; font-size: small;\">La Plata<\/span><\/td>\n<\/tr>\n<tr>\n<td align=\"center\" bgcolor=\"#dcdcdc\"><span style=\"font-family: tahoma, verdana, arial, helvetica, sans-serif; font-size: small;\">20.00 (Pueblo Nuevo)<\/span><\/td>\n<td align=\"center\" bgcolor=\"#dcdcdc\"><span style=\"font-family: tahoma, verdana, arial, helvetica, sans-serif; font-size: small;\"><span style=\"line-height: 19.5px;\">Olavarr\u00eda<\/span><\/span><\/td>\n<td align=\"center\" bgcolor=\"#dcdcdc\"><span style=\"font-family: tahoma, verdana, arial, helvetica, sans-serif; font-size: small;\">00-00<\/span><\/td>\n<td align=\"center\" bgcolor=\"#dcdcdc\"><span style=\"font-family: tahoma, verdana, arial, helvetica, sans-serif; font-size: small;\"><span style=\"line-height: 19.5px;\">BAH\u00cdA BLANCA<\/span><\/span><\/td>\n<\/tr>\n<tr>\n<td align=\"center\" bgcolor=\"#095abf\"><span style=\"font-family: tahoma, verdana, arial, helvetica, sans-serif; font-size: small;\">*******************<\/span><\/td>\n<td align=\"center\" bgcolor=\"#095abf\"><span style=\"font-family: tahoma, verdana, arial, helvetica, sans-serif; font-size: small;\">********************<\/span><\/td>\n<td align=\"center\" bgcolor=\"#095abf\"><span style=\"font-family: tahoma, verdana, arial, helvetica, sans-serif; font-size: small;\">******<\/span><\/td>\n<td align=\"center\" bgcolor=\"#095abf\"><span style=\"font-family: tahoma, verdana, arial, helvetica, sans-serif; font-size: small;\">********************<\/span><\/td>\n<\/tr>\n<\/tbody>\n<\/table>\n<p>&nbsp;<\/p>\n<table border=\"2\" width=\"100%\">\n<tbody>\n<tr>\n<td align=\"center\" bgcolor=\"#095abf\"><span style=\"color: #ffffff; font-family: tahoma, verdana, arial, helvetica, sans-serif; font-size: small;\"><strong>FECHA 5 &#8211; Domingo 16\/04\/2017<\/strong><\/span><\/td>\n<\/tr>\n<\/tbody>\n<\/table>\n<table border=\"2\" width=\"100%\">\n<tbody>\n<tr>\n<td align=\"center\" bgcolor=\"#e87006\"><span style=\"color: #000000; font-family: tahoma, verdana, arial, helvetica, sans-serif; font-size: small;\"><strong>HORA \/ SEDE<\/strong><\/span><\/td>\n<td align=\"center\" bgcolor=\"#e87006\"><span style=\"color: #000000; font-family: tahoma, verdana, arial, helvetica, sans-serif; font-size: small;\"><strong>LOCAL<\/strong><\/span><\/td>\n<td align=\"center\" bgcolor=\"#000000\"><span style=\"color: #ffffff; font-family: tahoma, verdana, arial, helvetica, sans-serif; font-size: small;\"><strong>RES<\/strong><\/span><\/td>\n<td align=\"center\" bgcolor=\"#e87006\"><span style=\"color: #000000; font-family: tahoma, verdana, arial, helvetica, sans-serif; font-size: small;\"><strong>VISITANTE<\/strong><\/span><\/td>\n<\/tr>\n<tr>\n<td align=\"center\" bgcolor=\"#dcdcdc\"><span style=\"font-family: tahoma, verdana, arial, helvetica, sans-serif; font-size: small;\">10.30 (Estudiantes)<\/span><\/td>\n<td align=\"center\" bgcolor=\"#dcdcdc\"><span style=\"font-family: tahoma, verdana, arial, helvetica, sans-serif; font-size: small;\">Mar del Plata<\/span><\/td>\n<td align=\"center\" bgcolor=\"#dcdcdc\"><span style=\"font-family: tahoma, verdana, arial, helvetica, sans-serif; font-size: small;\">00-00<\/span><\/td>\n<td align=\"center\" bgcolor=\"#dcdcdc\"><span style=\"font-family: tahoma, verdana, arial, helvetica, sans-serif; font-size: small;\">BAH\u00cdA BLANCA<\/span><\/td>\n<\/tr>\n<tr>\n<td align=\"center\" bgcolor=\"#eeeeee\"><span style=\"font-family: tahoma, verdana, arial, helvetica, sans-serif; font-size: small;\">10.30 (El Fort\u00edn)<\/span><\/td>\n<td align=\"center\" bgcolor=\"#eeeeee\"><span style=\"font-family: tahoma, verdana, arial, helvetica, sans-serif; font-size: small;\">Jun\u00edn<\/span><\/td>\n<td align=\"center\" bgcolor=\"#eeeeee\"><span style=\"font-family: tahoma, verdana, arial, helvetica, sans-serif; font-size: small;\">00-00<\/span><\/td>\n<td align=\"center\" bgcolor=\"#eeeeee\"><span style=\"font-family: tahoma, verdana, arial, helvetica, sans-serif; font-size: small;\">La Plata<\/span><\/td>\n<\/tr>\n<tr>\n<td align=\"center\" bgcolor=\"#dcdcdc\"><span style=\"font-family: tahoma, verdana, arial, helvetica, sans-serif; font-size: small;\">10.30 (Racing)<\/span><\/td>\n<td align=\"center\" bgcolor=\"#dcdcdc\"><span style=\"font-family: tahoma, verdana, arial, helvetica, sans-serif; font-size: small;\">Olavarr\u00eda<\/span><\/td>\n<td align=\"center\" bgcolor=\"#dcdcdc\"><span style=\"font-family: tahoma, verdana, arial, helvetica, sans-serif; font-size: small;\">00-00<\/span><\/td>\n<td align=\"center\" bgcolor=\"#dcdcdc\"><span style=\"font-family: tahoma, verdana, arial, helvetica, sans-serif; font-size: small;\"><span style=\"line-height: 19.5px;\">San Nicol\u00e1s<\/span><\/span><\/td>\n<\/tr>\n<tr>\n<td align=\"center\" bgcolor=\"#095abf\"><span style=\"font-family: tahoma, verdana, arial, helvetica, sans-serif; font-size: small;\">*******************<\/span><\/td>\n<td align=\"center\" bgcolor=\"#095abf\"><span style=\"font-family: tahoma, verdana, arial, helvetica, sans-serif; font-size: small;\">********************<\/span><\/td>\n<td align=\"center\" bgcolor=\"#095abf\"><span style=\"font-family: tahoma, verdana, arial, helvetica, sans-serif; font-size: small;\">******<\/span><\/td>\n<td align=\"center\" bgcolor=\"#095abf\"><span style=\"font-family: tahoma, verdana, arial, helvetica, sans-serif; font-size: small;\">********************<\/span><\/td>\n<\/tr>\n<\/tbody>\n<\/table>\n<h6><span style=\"font-size: 14px; line-height: 1.5em;\">\u00a0<\/span><\/h6>\n<h4 style=\"text-align: center;\">SELECCI\u00d3N BAH\u00cdA BLANCA U17<\/h4>\n<p><img decoding=\"async\" class=\"aligncenter wp-image-70619\" src=\"http:\/\/www.gentedebasquet.com.ar\/wp-content\/uploads\/2017\/04\/Bah\u00eda-U17-1.jpg\" alt=\"Bah\u00eda U17\" width=\"1000\" height=\"667\" \/><\/p>\n<table border=\"2\" width=\"100%\">\n<tbody>\n<tr>\n<td align=\"center\" bgcolor=\"#ececec\"><img decoding=\"async\" class=\"aligncenter size-full wp-image-70597\" src=\"http:\/\/www.gentedebasquet.com.ar\/wp-content\/uploads\/2017\/04\/4-Tom\u00e1s-Sebasti\u00e1n.jpg\" alt=\"4 Tom\u00e1s Sebasti\u00e1n\" width=\"200\" height=\"200\" \/><\/td>\n<td align=\"center\" bgcolor=\"#ececec\"><img decoding=\"async\" class=\"aligncenter size-full wp-image-70598\" src=\"http:\/\/www.gentedebasquet.com.ar\/wp-content\/uploads\/2017\/04\/5-Leonel-Alvarez.jpg\" alt=\"5 Leonel Alvarez\" width=\"200\" height=\"200\" srcset=\"https:\/\/gentedebasquet.com.ar\/sitio\/wp-content\/uploads\/2017\/04\/5-Leonel-Alvarez.jpg 200w, https:\/\/gentedebasquet.com.ar\/sitio\/wp-content\/uploads\/2017\/04\/5-Leonel-Alvarez-150x150.jpg 150w\" sizes=\"(max-width: 200px) 100vw, 200px\" \/><\/td>\n<td align=\"center\" bgcolor=\"#ececec\"><img decoding=\"async\" class=\"aligncenter size-full wp-image-70599\" src=\"http:\/\/www.gentedebasquet.com.ar\/wp-content\/uploads\/2017\/04\/6-Franco-Pallotti.jpg\" alt=\"6 Franco Pallotti\" width=\"200\" height=\"200\" srcset=\"https:\/\/gentedebasquet.com.ar\/sitio\/wp-content\/uploads\/2017\/04\/6-Franco-Pallotti.jpg 200w, https:\/\/gentedebasquet.com.ar\/sitio\/wp-content\/uploads\/2017\/04\/6-Franco-Pallotti-150x150.jpg 150w\" sizes=\"(max-width: 200px) 100vw, 200px\" \/><\/td>\n<\/tr>\n<tr>\n<td align=\"center\" bgcolor=\"#000000\"><span style=\"color: #ffffff;\">4 &#8211;\u00a0Tom\u00e1s SEBASTI\u00c1N<\/span><\/td>\n<td align=\"center\" bgcolor=\"#000000\"><span style=\"color: #ffffff;\">5 &#8211;\u00a0Leonel ALVAREZ<\/span><\/td>\n<td align=\"center\" bgcolor=\"#000000\"><span style=\"color: #ffffff;\">6 &#8211;\u00a0Franco PALLOTTI<\/span><\/td>\n<\/tr>\n<tr>\n<td align=\"center\" bgcolor=\"#ffffff\">Base\u00a0&#8211; Napost\u00e1 &#8211; 12pj\/126pts<\/td>\n<td align=\"center\" bgcolor=\"#ffffff\">Escolta &#8211; Pac\u00edfico &#8211; 22pj\/128pts<\/td>\n<td align=\"center\" bgcolor=\"#ffffff\">Base &#8211; Olimpo &#8211; 18pj-155pts<\/td>\n<\/tr>\n<tr>\n<td align=\"center\" bgcolor=\"#ffffff\">Bah\u00eda Blanca &#8211; 18\/01\/2000<\/td>\n<td align=\"center\" bgcolor=\"#ffffff\">Bah\u00eda Blanca &#8211;\u00a025\/01\/2000<\/td>\n<td align=\"center\" bgcolor=\"#ffffff\">Bah\u00eda Blanca &#8211; 26\/08\/2000<\/td>\n<\/tr>\n<tr>\n<td align=\"center\" bgcolor=\"#ececec\"><img decoding=\"async\" class=\"aligncenter size-full wp-image-70600\" src=\"http:\/\/www.gentedebasquet.com.ar\/wp-content\/uploads\/2017\/04\/7-Fausto-Ruesga.jpg\" alt=\"7 Fausto Ruesga\" width=\"200\" height=\"200\" srcset=\"https:\/\/gentedebasquet.com.ar\/sitio\/wp-content\/uploads\/2017\/04\/7-Fausto-Ruesga.jpg 200w, https:\/\/gentedebasquet.com.ar\/sitio\/wp-content\/uploads\/2017\/04\/7-Fausto-Ruesga-150x150.jpg 150w\" sizes=\"(max-width: 200px) 100vw, 200px\" \/><\/td>\n<td align=\"center\" bgcolor=\"#ececec\"><img decoding=\"async\" class=\"aligncenter size-full wp-image-70601\" src=\"http:\/\/www.gentedebasquet.com.ar\/wp-content\/uploads\/2017\/04\/8-Juan-Cruz-Marini.jpg\" alt=\"8 Juan Cruz Marini\" width=\"200\" height=\"200\" srcset=\"https:\/\/gentedebasquet.com.ar\/sitio\/wp-content\/uploads\/2017\/04\/8-Juan-Cruz-Marini.jpg 200w, https:\/\/gentedebasquet.com.ar\/sitio\/wp-content\/uploads\/2017\/04\/8-Juan-Cruz-Marini-150x150.jpg 150w\" sizes=\"(max-width: 200px) 100vw, 200px\" \/><\/td>\n<td align=\"center\" bgcolor=\"#ececec\"><img decoding=\"async\" class=\"aligncenter size-full wp-image-70602\" src=\"http:\/\/www.gentedebasquet.com.ar\/wp-content\/uploads\/2017\/04\/9-Juli\u00e1n-Kloster.jpg\" alt=\"9 Juli\u00e1n Kloster\" width=\"200\" height=\"200\" \/><\/td>\n<\/tr>\n<tr>\n<td align=\"center\" bgcolor=\"#000000\"><span style=\"color: #ffffff;\">7 &#8211; Fausto RUESGA<\/span><\/td>\n<td align=\"center\" bgcolor=\"#000000\"><span style=\"color: #ffffff;\">8 &#8211;\u00a0Juan Cruz MARINI<\/span><\/td>\n<td align=\"center\" bgcolor=\"#000000\"><span style=\"color: #ffffff;\">9 &#8211;\u00a0Juli\u00e1n KLOSTER<\/span><\/td>\n<\/tr>\n<tr>\n<td align=\"center\" bgcolor=\"#ffffff\">Ala pivot &#8211; Olimpo &#8211; 2pj\/33pts<\/td>\n<td align=\"center\" bgcolor=\"#ffffff\">Escolta &#8211; Pac\u00edfico &#8211; 24pj\/265pts<\/td>\n<td align=\"center\" bgcolor=\"#ffffff\">Alero &#8211; Estudiantes &#8211; 18pj\/101pts<\/td>\n<\/tr>\n<tr>\n<td align=\"center\" bgcolor=\"#ffffff\">Bah\u00eda Blanca &#8211; 18\/07\/2000<\/td>\n<td align=\"center\" bgcolor=\"#ffffff\">Bah\u00eda Blanca &#8211; 08\/02\/2000<\/td>\n<td align=\"center\" bgcolor=\"#ffffff\">Bah\u00eda Blanca &#8211; 13\/05\/2000<\/td>\n<\/tr>\n<tr>\n<td align=\"center\" bgcolor=\"#ececec\"><img decoding=\"async\" class=\"aligncenter size-full wp-image-70603\" src=\"http:\/\/www.gentedebasquet.com.ar\/wp-content\/uploads\/2017\/04\/10-Mateo-Fern\u00e1ndez-Solari.jpg\" alt=\"10 Mateo Fern\u00e1ndez Solari\" width=\"200\" height=\"200\" \/><\/td>\n<td align=\"center\" bgcolor=\"#ececec\"><img decoding=\"async\" class=\"aligncenter size-full wp-image-70604\" src=\"http:\/\/www.gentedebasquet.com.ar\/wp-content\/uploads\/2017\/04\/11-Alan-Prost.jpg\" alt=\"11 Alan Prost\" width=\"200\" height=\"200\" srcset=\"https:\/\/gentedebasquet.com.ar\/sitio\/wp-content\/uploads\/2017\/04\/11-Alan-Prost.jpg 200w, https:\/\/gentedebasquet.com.ar\/sitio\/wp-content\/uploads\/2017\/04\/11-Alan-Prost-150x150.jpg 150w\" sizes=\"(max-width: 200px) 100vw, 200px\" \/><\/td>\n<td align=\"center\" bgcolor=\"#ececec\"><img decoding=\"async\" class=\"aligncenter size-full wp-image-70605\" src=\"http:\/\/www.gentedebasquet.com.ar\/wp-content\/uploads\/2017\/04\/12-Esteban-Walter.jpg\" alt=\"12 Esteban Walter\" width=\"200\" height=\"200\" srcset=\"https:\/\/gentedebasquet.com.ar\/sitio\/wp-content\/uploads\/2017\/04\/12-Esteban-Walter.jpg 200w, https:\/\/gentedebasquet.com.ar\/sitio\/wp-content\/uploads\/2017\/04\/12-Esteban-Walter-150x150.jpg 150w\" sizes=\"(max-width: 200px) 100vw, 200px\" \/><\/td>\n<\/tr>\n<tr>\n<td align=\"center\" bgcolor=\"#000000\"><span style=\"color: #ffffff;\">10 &#8211; Mateo FERN\u00c1NDEZ<\/span><\/td>\n<td align=\"center\" bgcolor=\"#000000\"><span style=\"color: #ffffff;\">11 &#8211;\u00a0Alan PROST<\/span><\/td>\n<td align=\"center\" bgcolor=\"#000000\"><span style=\"color: #ffffff;\">12 &#8211;\u00a0Esteban WALTER<\/span><\/td>\n<\/tr>\n<tr>\n<td align=\"center\" bgcolor=\"#ffffff\">Base &#8211; Napost\u00e1 &#8211; 12pj\/95pts<\/td>\n<td align=\"center\" bgcolor=\"#ffffff\">Ala pivot &#8211; 9 de Julio &#8211; 2pj\/15pts<\/td>\n<td align=\"center\" bgcolor=\"#ffffff\">Ala pivot &#8211; Pac\u00edfico &#8211; 7pj\/27pts<\/td>\n<\/tr>\n<tr>\n<td align=\"center\" bgcolor=\"#ffffff\">Bah\u00eda Blanca &#8211;\u00a028\/08\/2000<\/td>\n<td align=\"center\" bgcolor=\"#ffffff\">Bah\u00eda Blanca &#8211; 02\/08\/2000<\/td>\n<td align=\"center\" bgcolor=\"#ffffff\">Bah\u00eda Blanca &#8211;\u00a020\/01\/2000<\/td>\n<\/tr>\n<tr>\n<td align=\"center\" bgcolor=\"#ececec\"><img decoding=\"async\" class=\"aligncenter size-full wp-image-70606\" src=\"http:\/\/www.gentedebasquet.com.ar\/wp-content\/uploads\/2017\/04\/13-Manuel-Costa.jpg\" alt=\"13 Manuel Costa\" width=\"200\" height=\"200\" srcset=\"https:\/\/gentedebasquet.com.ar\/sitio\/wp-content\/uploads\/2017\/04\/13-Manuel-Costa.jpg 200w, https:\/\/gentedebasquet.com.ar\/sitio\/wp-content\/uploads\/2017\/04\/13-Manuel-Costa-150x150.jpg 150w\" sizes=\"(max-width: 200px) 100vw, 200px\" \/><\/td>\n<td align=\"center\" bgcolor=\"#ececec\"><img decoding=\"async\" class=\"aligncenter size-full wp-image-70607\" src=\"http:\/\/www.gentedebasquet.com.ar\/wp-content\/uploads\/2017\/04\/14-Emanuel-L\u00f3pez.jpg\" alt=\"14 Emanuel L\u00f3pez\" width=\"200\" height=\"200\" \/><\/td>\n<td align=\"center\" bgcolor=\"#ececec\"><img decoding=\"async\" class=\"aligncenter size-full wp-image-70608\" src=\"http:\/\/www.gentedebasquet.com.ar\/wp-content\/uploads\/2017\/04\/15-Federico-Repetti.jpg\" alt=\"15 Federico Repetti\" width=\"200\" height=\"200\" srcset=\"https:\/\/gentedebasquet.com.ar\/sitio\/wp-content\/uploads\/2017\/04\/15-Federico-Repetti.jpg 200w, https:\/\/gentedebasquet.com.ar\/sitio\/wp-content\/uploads\/2017\/04\/15-Federico-Repetti-150x150.jpg 150w\" sizes=\"(max-width: 200px) 100vw, 200px\" \/><\/td>\n<\/tr>\n<tr>\n<td align=\"center\" bgcolor=\"#000000\"><span style=\"color: #ffffff;\">13 &#8211;\u00a0Manuel COSTA<\/span><\/td>\n<td align=\"center\" bgcolor=\"#000000\"><span style=\"color: #ffffff;\">14 &#8211;\u00a0Emanuel\u00a0L\u00d3PEZ<\/span><\/td>\n<td align=\"center\" bgcolor=\"#000000\"><span style=\"color: #ffffff;\">15 &#8211;\u00a0Federico REPETTI<\/span><\/td>\n<\/tr>\n<tr>\n<td align=\"center\" bgcolor=\"#ffffff\">Escolta &#8211; 9 de Julio &#8211; 2pj\/22pts<\/td>\n<td align=\"center\" bgcolor=\"#ffffff\">Ala pivot &#8211; Argentino &#8211; 6pj\/29pts<\/td>\n<td align=\"center\" bgcolor=\"#ffffff\">Pivot &#8211; Bahiense &#8211; 12pj\/81pts<\/td>\n<\/tr>\n<tr>\n<td align=\"center\" bgcolor=\"#ffffff\">Bah\u00eda Blanca &#8211; 20\/01\/2000<\/td>\n<td align=\"center\" bgcolor=\"#ffffff\">Bah\u00eda Blanca &#8211;\u00a018\/02\/2000<\/td>\n<td align=\"center\" bgcolor=\"#ffffff\">San Pedro &#8211; 16\/03\/2000<\/td>\n<\/tr>\n<tr>\n<td align=\"center\" bgcolor=\"#ececec\"><img decoding=\"async\" class=\"aligncenter size-full wp-image-70611\" src=\"http:\/\/www.gentedebasquet.com.ar\/wp-content\/uploads\/2017\/04\/DT-Mario-Errazu.jpg\" alt=\"DT Mario Errazu\" width=\"200\" height=\"200\" srcset=\"https:\/\/gentedebasquet.com.ar\/sitio\/wp-content\/uploads\/2017\/04\/DT-Mario-Errazu.jpg 200w, https:\/\/gentedebasquet.com.ar\/sitio\/wp-content\/uploads\/2017\/04\/DT-Mario-Errazu-150x150.jpg 150w\" sizes=\"(max-width: 200px) 100vw, 200px\" \/><\/td>\n<td align=\"center\" bgcolor=\"#ececec\"><img decoding=\"async\" class=\"aligncenter size-full wp-image-44677\" src=\"http:\/\/www.gentedebasquet.com.ar\/wp-content\/uploads\/2015\/04\/IMG_4019.jpg\" alt=\"Mart\u00edn Luis\" width=\"200\" height=\"200\" srcset=\"https:\/\/gentedebasquet.com.ar\/sitio\/wp-content\/uploads\/2015\/04\/IMG_4019.jpg 200w, https:\/\/gentedebasquet.com.ar\/sitio\/wp-content\/uploads\/2015\/04\/IMG_4019-150x150.jpg 150w\" sizes=\"(max-width: 200px) 100vw, 200px\" \/><\/td>\n<td align=\"center\" bgcolor=\"#ececec\"><img decoding=\"async\" class=\"aligncenter size-full wp-image-70609\" src=\"http:\/\/www.gentedebasquet.com.ar\/wp-content\/uploads\/2017\/04\/AT-Mauro-Richotti.jpg\" alt=\"AT Mauro Richotti\" width=\"200\" height=\"200\" srcset=\"https:\/\/gentedebasquet.com.ar\/sitio\/wp-content\/uploads\/2017\/04\/AT-Mauro-Richotti.jpg 200w, https:\/\/gentedebasquet.com.ar\/sitio\/wp-content\/uploads\/2017\/04\/AT-Mauro-Richotti-150x150.jpg 150w\" sizes=\"(max-width: 200px) 100vw, 200px\" \/><\/td>\n<\/tr>\n<tr>\n<td align=\"center\" bgcolor=\"#000000\"><span style=\"color: #ffffff;\">Mario ERRAZU<\/span><\/td>\n<td align=\"center\" bgcolor=\"#000000\"><span style=\"color: #ffffff;\">Mart\u00edn LUIS<\/span><\/td>\n<td align=\"center\" bgcolor=\"#000000\"><span style=\"color: #ffffff;\">Mauro RICHOTTI<\/span><\/td>\n<\/tr>\n<tr>\n<td align=\"center\" bgcolor=\"#ffffff\">Entrenador<\/td>\n<td align=\"center\" bgcolor=\"#ffffff\">Asistente<\/td>\n<td align=\"center\" bgcolor=\"#ffffff\">Asistente<\/td>\n<\/tr>\n<tr>\n<td align=\"center\" bgcolor=\"#ffffff\">Bah\u00eda Blanca &#8211;\u00a010\/01\/1968<\/td>\n<td align=\"center\" bgcolor=\"#ffffff\">Bah\u00eda Blanca &#8211;\u00a006\/10\/1984<\/td>\n<td align=\"center\" bgcolor=\"#ffffff\">Bah\u00eda Blanca &#8211; 15\/10\/1983<\/td>\n<\/tr>\n<\/tbody>\n<\/table>\n","protected":false},"excerpt":{"rendered":"<p>Bah\u00eda Blanca debutar\u00e1 a las 18 ante La Plata y en cancha de Estudiantes (O)<\/p>\n","protected":false},"author":1,"featured_media":70610,"comment_status":"closed","ping_status":"open","sticky":false,"template":"","format":"standard","meta":{"jnews-multi-image_gallery":[],"jnews_single_post":[],"jnews_primary_category":[],"footnotes":""},"categories":[59,428],"tags":[69,70,674,110],"class_list":["post-70518","post","type-post","status-publish","format-standard","has-post-thumbnail","hentry","category-bahia-2","category-bahiau17","tag-bahia","tag-bahia-blanca","tag-olavarria","tag-provincial-u17"],"yoast_head":"<!-- This site is optimized with the Yoast SEO plugin v27.5 - https:\/\/yoast.com\/product\/yoast-seo-wordpress\/ -->\n<title>Arranca el 38\u00ba Provincial U17 - Gente de B\u00e1squet<\/title>\n<meta name=\"robots\" content=\"index, follow, max-snippet:-1, max-image-preview:large, max-video-preview:-1\" \/>\n<link rel=\"canonical\" href=\"http:\/\/gentedebasquet.com.ar\/sitio\/2017\/04\/13\/se-viene-el-38o-provincial-u17\/\" \/>\n<meta property=\"og:locale\" content=\"es_ES\" \/>\n<meta property=\"og:type\" content=\"article\" \/>\n<meta property=\"og:title\" content=\"Arranca el 38\u00ba Provincial U17 - Gente de B\u00e1squet\" \/>\n<meta property=\"og:description\" content=\"Bah\u00eda Blanca debutar\u00e1 a las 18 ante La Plata y en cancha de Estudiantes (O)\" \/>\n<meta property=\"og:url\" content=\"http:\/\/gentedebasquet.com.ar\/sitio\/2017\/04\/13\/se-viene-el-38o-provincial-u17\/\" \/>\n<meta property=\"og:site_name\" content=\"Gente de B\u00e1squet\" \/>\n<meta property=\"article:published_time\" content=\"2017-04-13T13:08:55+00:00\" \/>\n<meta property=\"og:image\" content=\"http:\/\/gentedebasquet.com.ar\/sitio\/wp-content\/uploads\/2017\/04\/Bahia-U17.jpg\" \/>\n\t<meta property=\"og:image:width\" content=\"690\" \/>\n\t<meta property=\"og:image:height\" content=\"319\" \/>\n\t<meta property=\"og:image:type\" content=\"image\/jpeg\" \/>\n<meta name=\"author\" content=\"Gente de B\u00e1squet\" \/>\n<meta name=\"twitter:card\" content=\"summary_large_image\" \/>\n<meta name=\"twitter:label1\" content=\"Escrito por\" \/>\n\t<meta name=\"twitter:data1\" content=\"Gente de B\u00e1squet\" \/>\n\t<meta name=\"twitter:label2\" content=\"Tiempo de lectura\" \/>\n\t<meta name=\"twitter:data2\" content=\"2 minutos\" \/>\n<script type=\"application\/ld+json\" class=\"yoast-schema-graph\">{\"@context\":\"https:\\\/\\\/schema.org\",\"@graph\":[{\"@type\":\"Article\",\"@id\":\"http:\\\/\\\/gentedebasquet.com.ar\\\/sitio\\\/2017\\\/04\\\/13\\\/se-viene-el-38o-provincial-u17\\\/#article\",\"isPartOf\":{\"@id\":\"http:\\\/\\\/gentedebasquet.com.ar\\\/sitio\\\/2017\\\/04\\\/13\\\/se-viene-el-38o-provincial-u17\\\/\"},\"author\":{\"name\":\"Gente de B\u00e1squet\",\"@id\":\"https:\\\/\\\/gentedebasquet.com.ar\\\/sitio\\\/#\\\/schema\\\/person\\\/ca0b63bbb977369988a7bbbdc519943a\"},\"headline\":\"Arranca el 38\u00ba Provincial U17\",\"datePublished\":\"2017-04-13T13:08:55+00:00\",\"mainEntityOfPage\":{\"@id\":\"http:\\\/\\\/gentedebasquet.com.ar\\\/sitio\\\/2017\\\/04\\\/13\\\/se-viene-el-38o-provincial-u17\\\/\"},\"wordCount\":463,\"image\":{\"@id\":\"http:\\\/\\\/gentedebasquet.com.ar\\\/sitio\\\/2017\\\/04\\\/13\\\/se-viene-el-38o-provincial-u17\\\/#primaryimage\"},\"thumbnailUrl\":\"https:\\\/\\\/gentedebasquet.com.ar\\\/sitio\\\/wp-content\\\/uploads\\\/2017\\\/04\\\/Bahia-U17.jpg\",\"keywords\":[\"Bahia\",\"Bah\u00eda Blanca\",\"Olavarr\u00eda\",\"Provincial U17\"],\"articleSection\":[\"#Bah\u00eda\",\"#Bah\u00edaU17\"],\"inLanguage\":\"es\"},{\"@type\":\"WebPage\",\"@id\":\"http:\\\/\\\/gentedebasquet.com.ar\\\/sitio\\\/2017\\\/04\\\/13\\\/se-viene-el-38o-provincial-u17\\\/\",\"url\":\"http:\\\/\\\/gentedebasquet.com.ar\\\/sitio\\\/2017\\\/04\\\/13\\\/se-viene-el-38o-provincial-u17\\\/\",\"name\":\"Arranca el 38\u00ba Provincial U17 - Gente de B\u00e1squet\",\"isPartOf\":{\"@id\":\"https:\\\/\\\/gentedebasquet.com.ar\\\/sitio\\\/#website\"},\"primaryImageOfPage\":{\"@id\":\"http:\\\/\\\/gentedebasquet.com.ar\\\/sitio\\\/2017\\\/04\\\/13\\\/se-viene-el-38o-provincial-u17\\\/#primaryimage\"},\"image\":{\"@id\":\"http:\\\/\\\/gentedebasquet.com.ar\\\/sitio\\\/2017\\\/04\\\/13\\\/se-viene-el-38o-provincial-u17\\\/#primaryimage\"},\"thumbnailUrl\":\"https:\\\/\\\/gentedebasquet.com.ar\\\/sitio\\\/wp-content\\\/uploads\\\/2017\\\/04\\\/Bahia-U17.jpg\",\"datePublished\":\"2017-04-13T13:08:55+00:00\",\"author\":{\"@id\":\"https:\\\/\\\/gentedebasquet.com.ar\\\/sitio\\\/#\\\/schema\\\/person\\\/ca0b63bbb977369988a7bbbdc519943a\"},\"breadcrumb\":{\"@id\":\"http:\\\/\\\/gentedebasquet.com.ar\\\/sitio\\\/2017\\\/04\\\/13\\\/se-viene-el-38o-provincial-u17\\\/#breadcrumb\"},\"inLanguage\":\"es\",\"potentialAction\":[{\"@type\":\"ReadAction\",\"target\":[\"http:\\\/\\\/gentedebasquet.com.ar\\\/sitio\\\/2017\\\/04\\\/13\\\/se-viene-el-38o-provincial-u17\\\/\"]}]},{\"@type\":\"ImageObject\",\"inLanguage\":\"es\",\"@id\":\"http:\\\/\\\/gentedebasquet.com.ar\\\/sitio\\\/2017\\\/04\\\/13\\\/se-viene-el-38o-provincial-u17\\\/#primaryimage\",\"url\":\"https:\\\/\\\/gentedebasquet.com.ar\\\/sitio\\\/wp-content\\\/uploads\\\/2017\\\/04\\\/Bahia-U17.jpg\",\"contentUrl\":\"https:\\\/\\\/gentedebasquet.com.ar\\\/sitio\\\/wp-content\\\/uploads\\\/2017\\\/04\\\/Bahia-U17.jpg\",\"width\":690,\"height\":319},{\"@type\":\"BreadcrumbList\",\"@id\":\"http:\\\/\\\/gentedebasquet.com.ar\\\/sitio\\\/2017\\\/04\\\/13\\\/se-viene-el-38o-provincial-u17\\\/#breadcrumb\",\"itemListElement\":[{\"@type\":\"ListItem\",\"position\":1,\"name\":\"Portada\",\"item\":\"https:\\\/\\\/gentedebasquet.com.ar\\\/sitio\\\/\"},{\"@type\":\"ListItem\",\"position\":2,\"name\":\"Arranca el 38\u00ba Provincial U17\"}]},{\"@type\":\"WebSite\",\"@id\":\"https:\\\/\\\/gentedebasquet.com.ar\\\/sitio\\\/#website\",\"url\":\"https:\\\/\\\/gentedebasquet.com.ar\\\/sitio\\\/\",\"name\":\"Gente de B\u00e1squet\",\"description\":\"La revista del basquet de Bah\u00eda Blanca\",\"potentialAction\":[{\"@type\":\"SearchAction\",\"target\":{\"@type\":\"EntryPoint\",\"urlTemplate\":\"https:\\\/\\\/gentedebasquet.com.ar\\\/sitio\\\/?s={search_term_string}\"},\"query-input\":{\"@type\":\"PropertyValueSpecification\",\"valueRequired\":true,\"valueName\":\"search_term_string\"}}],\"inLanguage\":\"es\"},{\"@type\":\"Person\",\"@id\":\"https:\\\/\\\/gentedebasquet.com.ar\\\/sitio\\\/#\\\/schema\\\/person\\\/ca0b63bbb977369988a7bbbdc519943a\",\"name\":\"Gente de B\u00e1squet\",\"image\":{\"@type\":\"ImageObject\",\"inLanguage\":\"es\",\"@id\":\"https:\\\/\\\/secure.gravatar.com\\\/avatar\\\/7f2c48bdc33b30088f941fb6082e555f2874c98e20cb159d7b92b50eadfce793?s=96&d=mm&r=g\",\"url\":\"https:\\\/\\\/secure.gravatar.com\\\/avatar\\\/7f2c48bdc33b30088f941fb6082e555f2874c98e20cb159d7b92b50eadfce793?s=96&d=mm&r=g\",\"contentUrl\":\"https:\\\/\\\/secure.gravatar.com\\\/avatar\\\/7f2c48bdc33b30088f941fb6082e555f2874c98e20cb159d7b92b50eadfce793?s=96&d=mm&r=g\",\"caption\":\"Gente de B\u00e1squet\"},\"sameAs\":[\"http:\\\/\\\/gentedebasquet.com.ar\\\/sitio\"],\"url\":\"https:\\\/\\\/gentedebasquet.com.ar\\\/sitio\\\/author\\\/ulises\\\/\"}]}<\/script>\n<!-- \/ Yoast SEO plugin. -->","yoast_head_json":{"title":"Arranca el 38\u00ba Provincial U17 - Gente de B\u00e1squet","robots":{"index":"index","follow":"follow","max-snippet":"max-snippet:-1","max-image-preview":"max-image-preview:large","max-video-preview":"max-video-preview:-1"},"canonical":"http:\/\/gentedebasquet.com.ar\/sitio\/2017\/04\/13\/se-viene-el-38o-provincial-u17\/","og_locale":"es_ES","og_type":"article","og_title":"Arranca el 38\u00ba Provincial U17 - Gente de B\u00e1squet","og_description":"Bah\u00eda Blanca debutar\u00e1 a las 18 ante La Plata y en cancha de Estudiantes (O)","og_url":"http:\/\/gentedebasquet.com.ar\/sitio\/2017\/04\/13\/se-viene-el-38o-provincial-u17\/","og_site_name":"Gente de B\u00e1squet","article_published_time":"2017-04-13T13:08:55+00:00","og_image":[{"width":690,"height":319,"url":"http:\/\/gentedebasquet.com.ar\/sitio\/wp-content\/uploads\/2017\/04\/Bahia-U17.jpg","type":"image\/jpeg"}],"author":"Gente de B\u00e1squet","twitter_card":"summary_large_image","twitter_misc":{"Escrito por":"Gente de B\u00e1squet","Tiempo de lectura":"2 minutos"},"schema":{"@context":"https:\/\/schema.org","@graph":[{"@type":"Article","@id":"http:\/\/gentedebasquet.com.ar\/sitio\/2017\/04\/13\/se-viene-el-38o-provincial-u17\/#article","isPartOf":{"@id":"http:\/\/gentedebasquet.com.ar\/sitio\/2017\/04\/13\/se-viene-el-38o-provincial-u17\/"},"author":{"name":"Gente de B\u00e1squet","@id":"https:\/\/gentedebasquet.com.ar\/sitio\/#\/schema\/person\/ca0b63bbb977369988a7bbbdc519943a"},"headline":"Arranca el 38\u00ba Provincial U17","datePublished":"2017-04-13T13:08:55+00:00","mainEntityOfPage":{"@id":"http:\/\/gentedebasquet.com.ar\/sitio\/2017\/04\/13\/se-viene-el-38o-provincial-u17\/"},"wordCount":463,"image":{"@id":"http:\/\/gentedebasquet.com.ar\/sitio\/2017\/04\/13\/se-viene-el-38o-provincial-u17\/#primaryimage"},"thumbnailUrl":"https:\/\/gentedebasquet.com.ar\/sitio\/wp-content\/uploads\/2017\/04\/Bahia-U17.jpg","keywords":["Bahia","Bah\u00eda Blanca","Olavarr\u00eda","Provincial U17"],"articleSection":["#Bah\u00eda","#Bah\u00edaU17"],"inLanguage":"es"},{"@type":"WebPage","@id":"http:\/\/gentedebasquet.com.ar\/sitio\/2017\/04\/13\/se-viene-el-38o-provincial-u17\/","url":"http:\/\/gentedebasquet.com.ar\/sitio\/2017\/04\/13\/se-viene-el-38o-provincial-u17\/","name":"Arranca el 38\u00ba Provincial U17 - Gente de B\u00e1squet","isPartOf":{"@id":"https:\/\/gentedebasquet.com.ar\/sitio\/#website"},"primaryImageOfPage":{"@id":"http:\/\/gentedebasquet.com.ar\/sitio\/2017\/04\/13\/se-viene-el-38o-provincial-u17\/#primaryimage"},"image":{"@id":"http:\/\/gentedebasquet.com.ar\/sitio\/2017\/04\/13\/se-viene-el-38o-provincial-u17\/#primaryimage"},"thumbnailUrl":"https:\/\/gentedebasquet.com.ar\/sitio\/wp-content\/uploads\/2017\/04\/Bahia-U17.jpg","datePublished":"2017-04-13T13:08:55+00:00","author":{"@id":"https:\/\/gentedebasquet.com.ar\/sitio\/#\/schema\/person\/ca0b63bbb977369988a7bbbdc519943a"},"breadcrumb":{"@id":"http:\/\/gentedebasquet.com.ar\/sitio\/2017\/04\/13\/se-viene-el-38o-provincial-u17\/#breadcrumb"},"inLanguage":"es","potentialAction":[{"@type":"ReadAction","target":["http:\/\/gentedebasquet.com.ar\/sitio\/2017\/04\/13\/se-viene-el-38o-provincial-u17\/"]}]},{"@type":"ImageObject","inLanguage":"es","@id":"http:\/\/gentedebasquet.com.ar\/sitio\/2017\/04\/13\/se-viene-el-38o-provincial-u17\/#primaryimage","url":"https:\/\/gentedebasquet.com.ar\/sitio\/wp-content\/uploads\/2017\/04\/Bahia-U17.jpg","contentUrl":"https:\/\/gentedebasquet.com.ar\/sitio\/wp-content\/uploads\/2017\/04\/Bahia-U17.jpg","width":690,"height":319},{"@type":"BreadcrumbList","@id":"http:\/\/gentedebasquet.com.ar\/sitio\/2017\/04\/13\/se-viene-el-38o-provincial-u17\/#breadcrumb","itemListElement":[{"@type":"ListItem","position":1,"name":"Portada","item":"https:\/\/gentedebasquet.com.ar\/sitio\/"},{"@type":"ListItem","position":2,"name":"Arranca el 38\u00ba Provincial U17"}]},{"@type":"WebSite","@id":"https:\/\/gentedebasquet.com.ar\/sitio\/#website","url":"https:\/\/gentedebasquet.com.ar\/sitio\/","name":"Gente de B\u00e1squet","description":"La revista del basquet de Bah\u00eda Blanca","potentialAction":[{"@type":"SearchAction","target":{"@type":"EntryPoint","urlTemplate":"https:\/\/gentedebasquet.com.ar\/sitio\/?s={search_term_string}"},"query-input":{"@type":"PropertyValueSpecification","valueRequired":true,"valueName":"search_term_string"}}],"inLanguage":"es"},{"@type":"Person","@id":"https:\/\/gentedebasquet.com.ar\/sitio\/#\/schema\/person\/ca0b63bbb977369988a7bbbdc519943a","name":"Gente de B\u00e1squet","image":{"@type":"ImageObject","inLanguage":"es","@id":"https:\/\/secure.gravatar.com\/avatar\/7f2c48bdc33b30088f941fb6082e555f2874c98e20cb159d7b92b50eadfce793?s=96&d=mm&r=g","url":"https:\/\/secure.gravatar.com\/avatar\/7f2c48bdc33b30088f941fb6082e555f2874c98e20cb159d7b92b50eadfce793?s=96&d=mm&r=g","contentUrl":"https:\/\/secure.gravatar.com\/avatar\/7f2c48bdc33b30088f941fb6082e555f2874c98e20cb159d7b92b50eadfce793?s=96&d=mm&r=g","caption":"Gente de B\u00e1squet"},"sameAs":["http:\/\/gentedebasquet.com.ar\/sitio"],"url":"https:\/\/gentedebasquet.com.ar\/sitio\/author\/ulises\/"}]}},"_links":{"self":[{"href":"https:\/\/gentedebasquet.com.ar\/sitio\/wp-json\/wp\/v2\/posts\/70518","targetHints":{"allow":["GET"]}}],"collection":[{"href":"https:\/\/gentedebasquet.com.ar\/sitio\/wp-json\/wp\/v2\/posts"}],"about":[{"href":"https:\/\/gentedebasquet.com.ar\/sitio\/wp-json\/wp\/v2\/types\/post"}],"author":[{"embeddable":true,"href":"https:\/\/gentedebasquet.com.ar\/sitio\/wp-json\/wp\/v2\/users\/1"}],"replies":[{"embeddable":true,"href":"https:\/\/gentedebasquet.com.ar\/sitio\/wp-json\/wp\/v2\/comments?post=70518"}],"version-history":[{"count":0,"href":"https:\/\/gentedebasquet.com.ar\/sitio\/wp-json\/wp\/v2\/posts\/70518\/revisions"}],"wp:featuredmedia":[{"embeddable":true,"href":"https:\/\/gentedebasquet.com.ar\/sitio\/wp-json\/wp\/v2\/media\/70610"}],"wp:attachment":[{"href":"https:\/\/gentedebasquet.com.ar\/sitio\/wp-json\/wp\/v2\/media?parent=70518"}],"wp:term":[{"taxonomy":"category","embeddable":true,"href":"https:\/\/gentedebasquet.com.ar\/sitio\/wp-json\/wp\/v2\/categories?post=70518"},{"taxonomy":"post_tag","embeddable":true,"href":"https:\/\/gentedebasquet.com.ar\/sitio\/wp-json\/wp\/v2\/tags?post=70518"}],"curies":[{"name":"wp","href":"https:\/\/api.w.org\/{rel}","templated":true}]}}