{"id":70526,"date":"2017-04-10T23:28:01","date_gmt":"2017-04-11T02:28:01","guid":{"rendered":"http:\/\/www.gentedebasquet.com.ar\/?p=70526"},"modified":"2017-04-10T23:28:01","modified_gmt":"2017-04-11T02:28:01","slug":"le-llevo-diez-minutos","status":"publish","type":"post","link":"https:\/\/gentedebasquet.com.ar\/sitio\/2017\/04\/10\/le-llevo-diez-minutos\/","title":{"rendered":"Le llev\u00f3 Diez minutos"},"content":{"rendered":"<p><strong>Solo el 1C tuvo el tanteador parejo en el Rom\u00e1n Avecilla, ya que a partir de 2C San Lorenzo encontr\u00f3 debilidades en la pintura ajena y se encamin\u00f3 a la victoria. Derrot\u00f3 a Villa Mitre por 69 a 56 con 16 puntos de Nahuel Diez, 14 de Goenaga y 8 de Jorge Garc\u00eda. En la visita, que ante la doble competencia no cont\u00f3 con Jos\u00e9 Guti\u00e9rrez, Diomedi, Andr\u00e9s, Cristian Miguel y Heinrich, sobresali\u00f3 el trabajo de Jos\u00e9 Luis Mart\u00ednez, con 15 tantos.<\/strong><\/p>\n<p>San Lorenzo y Villa Mitre protagonizaron un inicio de juego equilibrado. Pese a no contar con varios de sus exponentes principales, el tricolor encontr\u00f3 en situaciones de pick and pop de Jos\u00e9 Luis Mart\u00ednez varios lanzamientos a pie firme o la posibilidad de romper.<\/p>\n<p><img decoding=\"async\" class=\"size-full wp-image-70532 alignright\" src=\"http:\/\/www.gentedebasquet.com.ar\/wp-content\/uploads\/2017\/04\/San-Lorenzo-Villa-Mitre-Peton.jpg\" alt=\"San Lorenzo Villa Mitre Peton\" width=\"400\" height=\"270\" srcset=\"https:\/\/gentedebasquet.com.ar\/sitio\/wp-content\/uploads\/2017\/04\/San-Lorenzo-Villa-Mitre-Peton.jpg 400w, https:\/\/gentedebasquet.com.ar\/sitio\/wp-content\/uploads\/2017\/04\/San-Lorenzo-Villa-Mitre-Peton-300x203.jpg 300w\" sizes=\"(max-width: 400px) 100vw, 400px\" \/><\/p>\n<p>As\u00ed, la visita lider\u00f3 (8-11) hasta que un par de dobles de Goenaga pusieron en ventaja al due\u00f1o de casa cuando expiraba el 1C. M\u00e1s a\u00fan, tras la \u00fanica anotaci\u00f3n de cancha de Bollo (cometi\u00f3 dos faltas personales en el 1C y descans\u00f3 bastante) y una linda bandeja de Bussetti, el Naranja le dio la bola a Nahuel Diez en la pintura.<\/p>\n<p>Y cuando Villa Mitre intent\u00f3 controlar tal situaci\u00f3n, qued\u00f3 lejos de obstaculizar un par de triples de Fortelli y otro del propio Diez. Conclusi\u00f3n: San Lorenzo sac\u00f3 14 de luz (36-22) llegando al ET que fueron descontados por un bombazo de mitad de cancha de Bussetti, ahorcado por el reloj.<\/p>\n<blockquote><p>Lo aprovechamos bastante a Jorge (Garc\u00eda). Ellos no tuvieron el poder\u00edo habitual, as\u00ed que ten\u00edamos que jugar con eso. Cuando llegamos a la cancha nos encontramos con el equipo que ellos presentaban; sab\u00edamos que ven\u00edan de jugar y que seguramente iban a rotar.\u00a0Esta victoria es un impulso, una inyecci\u00f3n, nos ayudar\u00e1 para poder seguir encarando el a\u00f1o m\u00e1s tranquilos. Generalmente estuvimos parejos con los rivales que enfrentamos, eso nos motiv\u00f3 y lo de hoy nos ayuda (Facundo Goenaga)<\/p><\/blockquote>\n<p>En el arranque del 3C se quebr\u00f3 el juego. El tricolor no pudo defender su pintura por falta de talla y jugadores habituados a defender interior. Primero fue el turno de Monteoliva; m\u00e1s tarde, Pet\u00f3n ocup\u00f3 la posici\u00f3n del \u00ab4\u00bb. Fue ah\u00ed donde San Lorenzo sac\u00f3 ventajas, porque si bien dispuso de una media cancha relativamente baja, junt\u00f3 a Diez con Jorge Garc\u00eda o Goenaga adentro y lastim\u00f3.<\/p>\n<p>Entrando con Bussetti, Berdini, Santiago, Pet\u00f3n y Bollo al 4C, el equipo de Ugolini dobl\u00f3 bien a la bola e intent\u00f3 correr la cancha. As\u00ed, mostr\u00f3 un buen pasaje que lo arrim\u00f3 a 11 puntos (56-45).<\/p>\n<p>Sin embargo, un triple de Diez desde la esquina -en medio de una racha de siete en fila personales- sepult\u00f3 las pocas esperanzas visitantes. En lo sucesivo, Hildemann y Benedetti acertaron en la l\u00ednea de libres y el juego se fue apagando bajo el mismo tenor que mostr\u00f3 desde el 2C.<\/p>\n<p><iframe loading=\"lazy\" width=\"560\" height=\"315\" src=\"https:\/\/www.youtube.com\/embed\/tpHAuH41-GA\" frameborder=\"0\" allowfullscreen><\/iframe><\/p>\n<p><strong>S\u00edntesis | <\/strong>Primera Divisi\u00f3n &#8211; Primer Tramo &#8211; Fecha #7<\/p>\n<p><strong>San Lorenzo 69:<\/strong> Luciano Fortelli 8, Federico Biggi 0, Andr\u00e9s Hildemann 11, Jorge Garc\u00eda 8, Facundo Goenaga 14 (Fi); Nahuel Diez 16, Esteban Benedetti 8 y Mauro Bl\u00e1zquez 4. DT: Juan Manuel Seret.<\/p>\n<p><strong>Villa Mitre 56:<\/strong> Marcelo Berdini 11, Mat\u00edas Monteoliva 4, Valent\u00edn Pet\u00f3n 3, Jos\u00e9 Luis Mart\u00ednez 15, Javier Bollo 2 (Fi); Santiago Bussetti 9, Juan Manuel Dulzan 6, Ramiro Santiago 6 y Agust\u00edn Moretti 0. DT: Ariel Ugolini.<\/p>\n<p><strong>Parciales:<\/strong>\u00a015-13, 36-27 (21-14), 54-37 (18-10) y 69-56 (15-19).<\/p>\n<p><strong>\u00c1rbitros:<\/strong> Emanuel S\u00e1nchez &#8211; Sebasti\u00e1n Giannino.<\/p>\n<p><strong>Estadio:<\/strong> Rom\u00e1n Avecilla (San Lorenzo).<\/p>\n<p><a href=\"https:\/\/docs.google.com\/spreadsheets\/d\/178Rrfs5v4ES0XqqF8QsTWsMKkyg9YZRDBey2WEuKejE\/pubhtml\" target=\"_blank\" rel=\"noopener\">Ver planilla<\/a><\/p>\n","protected":false},"excerpt":{"rendered":"<p>San Lorenzo tard\u00f3 un cuarto en entender las debilidades de Villa Mitre: 69-56<\/p>\n","protected":false},"author":1,"featured_media":70533,"comment_status":"closed","ping_status":"open","sticky":false,"template":"","format":"standard","meta":{"jnews-multi-image_gallery":[],"jnews_single_post":[],"jnews_primary_category":[],"footnotes":""},"categories":[23,101],"tags":[316,89,285,732,19,22],"class_list":["post-70526","post","type-post","status-publish","format-standard","has-post-thumbnail","hentry","category-primera","category-slide","tag-facundo-goenaga","tag-jorge-garcia","tag-jose-luis-martinez","tag-nahuel-diez","tag-san-lorenzo","tag-villa-mitre"],"yoast_head":"<!-- This site is optimized with the Yoast SEO plugin v27.5 - https:\/\/yoast.com\/product\/yoast-seo-wordpress\/ -->\n<title>Le llev\u00f3 Diez minutos - Gente de B\u00e1squet<\/title>\n<meta name=\"robots\" content=\"index, follow, max-snippet:-1, max-image-preview:large, max-video-preview:-1\" \/>\n<link rel=\"canonical\" href=\"https:\/\/gentedebasquet.com.ar\/sitio\/2017\/04\/10\/le-llevo-diez-minutos\/\" \/>\n<meta property=\"og:locale\" content=\"es_ES\" \/>\n<meta property=\"og:type\" content=\"article\" \/>\n<meta property=\"og:title\" content=\"Le llev\u00f3 Diez minutos - Gente de B\u00e1squet\" \/>\n<meta property=\"og:description\" content=\"San Lorenzo tard\u00f3 un cuarto en entender las debilidades de Villa Mitre: 69-56\" \/>\n<meta property=\"og:url\" content=\"https:\/\/gentedebasquet.com.ar\/sitio\/2017\/04\/10\/le-llevo-diez-minutos\/\" \/>\n<meta property=\"og:site_name\" content=\"Gente de B\u00e1squet\" \/>\n<meta property=\"article:published_time\" content=\"2017-04-11T02:28:01+00:00\" \/>\n<meta property=\"og:image\" content=\"https:\/\/gentedebasquet.com.ar\/sitio\/wp-content\/uploads\/2017\/04\/San-Lorenzo-Villa-Mitre.jpg\" \/>\n\t<meta property=\"og:image:width\" content=\"690\" \/>\n\t<meta property=\"og:image:height\" content=\"319\" \/>\n\t<meta property=\"og:image:type\" content=\"image\/jpeg\" \/>\n<meta name=\"author\" content=\"Gente de B\u00e1squet\" \/>\n<meta name=\"twitter:card\" content=\"summary_large_image\" \/>\n<meta name=\"twitter:label1\" content=\"Escrito por\" \/>\n\t<meta name=\"twitter:data1\" content=\"Gente de B\u00e1squet\" \/>\n\t<meta name=\"twitter:label2\" content=\"Tiempo de lectura\" \/>\n\t<meta name=\"twitter:data2\" content=\"3 minutos\" \/>\n<script type=\"application\/ld+json\" class=\"yoast-schema-graph\">{\"@context\":\"https:\\\/\\\/schema.org\",\"@graph\":[{\"@type\":\"Article\",\"@id\":\"https:\\\/\\\/gentedebasquet.com.ar\\\/sitio\\\/2017\\\/04\\\/10\\\/le-llevo-diez-minutos\\\/#article\",\"isPartOf\":{\"@id\":\"https:\\\/\\\/gentedebasquet.com.ar\\\/sitio\\\/2017\\\/04\\\/10\\\/le-llevo-diez-minutos\\\/\"},\"author\":{\"name\":\"Gente de B\u00e1squet\",\"@id\":\"https:\\\/\\\/gentedebasquet.com.ar\\\/sitio\\\/#\\\/schema\\\/person\\\/ca0b63bbb977369988a7bbbdc519943a\"},\"headline\":\"Le llev\u00f3 Diez minutos\",\"datePublished\":\"2017-04-11T02:28:01+00:00\",\"mainEntityOfPage\":{\"@id\":\"https:\\\/\\\/gentedebasquet.com.ar\\\/sitio\\\/2017\\\/04\\\/10\\\/le-llevo-diez-minutos\\\/\"},\"wordCount\":587,\"image\":{\"@id\":\"https:\\\/\\\/gentedebasquet.com.ar\\\/sitio\\\/2017\\\/04\\\/10\\\/le-llevo-diez-minutos\\\/#primaryimage\"},\"thumbnailUrl\":\"https:\\\/\\\/gentedebasquet.com.ar\\\/sitio\\\/wp-content\\\/uploads\\\/2017\\\/04\\\/San-Lorenzo-Villa-Mitre.jpg\",\"keywords\":[\"Facundo Goenaga\",\"Jorge Garc\u00eda\",\"Jos\u00e9 Luis Mart\u00ednez\",\"Nahuel Diez\",\"San Lorenzo\",\"Villa Mitre\"],\"articleSection\":[\"Primera\",\"Slide\"],\"inLanguage\":\"es\"},{\"@type\":\"WebPage\",\"@id\":\"https:\\\/\\\/gentedebasquet.com.ar\\\/sitio\\\/2017\\\/04\\\/10\\\/le-llevo-diez-minutos\\\/\",\"url\":\"https:\\\/\\\/gentedebasquet.com.ar\\\/sitio\\\/2017\\\/04\\\/10\\\/le-llevo-diez-minutos\\\/\",\"name\":\"Le llev\u00f3 Diez minutos - Gente de B\u00e1squet\",\"isPartOf\":{\"@id\":\"https:\\\/\\\/gentedebasquet.com.ar\\\/sitio\\\/#website\"},\"primaryImageOfPage\":{\"@id\":\"https:\\\/\\\/gentedebasquet.com.ar\\\/sitio\\\/2017\\\/04\\\/10\\\/le-llevo-diez-minutos\\\/#primaryimage\"},\"image\":{\"@id\":\"https:\\\/\\\/gentedebasquet.com.ar\\\/sitio\\\/2017\\\/04\\\/10\\\/le-llevo-diez-minutos\\\/#primaryimage\"},\"thumbnailUrl\":\"https:\\\/\\\/gentedebasquet.com.ar\\\/sitio\\\/wp-content\\\/uploads\\\/2017\\\/04\\\/San-Lorenzo-Villa-Mitre.jpg\",\"datePublished\":\"2017-04-11T02:28:01+00:00\",\"author\":{\"@id\":\"https:\\\/\\\/gentedebasquet.com.ar\\\/sitio\\\/#\\\/schema\\\/person\\\/ca0b63bbb977369988a7bbbdc519943a\"},\"breadcrumb\":{\"@id\":\"https:\\\/\\\/gentedebasquet.com.ar\\\/sitio\\\/2017\\\/04\\\/10\\\/le-llevo-diez-minutos\\\/#breadcrumb\"},\"inLanguage\":\"es\",\"potentialAction\":[{\"@type\":\"ReadAction\",\"target\":[\"https:\\\/\\\/gentedebasquet.com.ar\\\/sitio\\\/2017\\\/04\\\/10\\\/le-llevo-diez-minutos\\\/\"]}]},{\"@type\":\"ImageObject\",\"inLanguage\":\"es\",\"@id\":\"https:\\\/\\\/gentedebasquet.com.ar\\\/sitio\\\/2017\\\/04\\\/10\\\/le-llevo-diez-minutos\\\/#primaryimage\",\"url\":\"https:\\\/\\\/gentedebasquet.com.ar\\\/sitio\\\/wp-content\\\/uploads\\\/2017\\\/04\\\/San-Lorenzo-Villa-Mitre.jpg\",\"contentUrl\":\"https:\\\/\\\/gentedebasquet.com.ar\\\/sitio\\\/wp-content\\\/uploads\\\/2017\\\/04\\\/San-Lorenzo-Villa-Mitre.jpg\",\"width\":690,\"height\":319},{\"@type\":\"BreadcrumbList\",\"@id\":\"https:\\\/\\\/gentedebasquet.com.ar\\\/sitio\\\/2017\\\/04\\\/10\\\/le-llevo-diez-minutos\\\/#breadcrumb\",\"itemListElement\":[{\"@type\":\"ListItem\",\"position\":1,\"name\":\"Portada\",\"item\":\"https:\\\/\\\/gentedebasquet.com.ar\\\/sitio\\\/\"},{\"@type\":\"ListItem\",\"position\":2,\"name\":\"Le llev\u00f3 Diez minutos\"}]},{\"@type\":\"WebSite\",\"@id\":\"https:\\\/\\\/gentedebasquet.com.ar\\\/sitio\\\/#website\",\"url\":\"https:\\\/\\\/gentedebasquet.com.ar\\\/sitio\\\/\",\"name\":\"Gente de B\u00e1squet\",\"description\":\"La revista del basquet de Bah\u00eda Blanca\",\"potentialAction\":[{\"@type\":\"SearchAction\",\"target\":{\"@type\":\"EntryPoint\",\"urlTemplate\":\"https:\\\/\\\/gentedebasquet.com.ar\\\/sitio\\\/?s={search_term_string}\"},\"query-input\":{\"@type\":\"PropertyValueSpecification\",\"valueRequired\":true,\"valueName\":\"search_term_string\"}}],\"inLanguage\":\"es\"},{\"@type\":\"Person\",\"@id\":\"https:\\\/\\\/gentedebasquet.com.ar\\\/sitio\\\/#\\\/schema\\\/person\\\/ca0b63bbb977369988a7bbbdc519943a\",\"name\":\"Gente de B\u00e1squet\",\"image\":{\"@type\":\"ImageObject\",\"inLanguage\":\"es\",\"@id\":\"https:\\\/\\\/secure.gravatar.com\\\/avatar\\\/7f2c48bdc33b30088f941fb6082e555f2874c98e20cb159d7b92b50eadfce793?s=96&d=mm&r=g\",\"url\":\"https:\\\/\\\/secure.gravatar.com\\\/avatar\\\/7f2c48bdc33b30088f941fb6082e555f2874c98e20cb159d7b92b50eadfce793?s=96&d=mm&r=g\",\"contentUrl\":\"https:\\\/\\\/secure.gravatar.com\\\/avatar\\\/7f2c48bdc33b30088f941fb6082e555f2874c98e20cb159d7b92b50eadfce793?s=96&d=mm&r=g\",\"caption\":\"Gente de B\u00e1squet\"},\"sameAs\":[\"http:\\\/\\\/gentedebasquet.com.ar\\\/sitio\"],\"url\":\"https:\\\/\\\/gentedebasquet.com.ar\\\/sitio\\\/author\\\/ulises\\\/\"}]}<\/script>\n<!-- \/ Yoast SEO plugin. -->","yoast_head_json":{"title":"Le llev\u00f3 Diez minutos - Gente de B\u00e1squet","robots":{"index":"index","follow":"follow","max-snippet":"max-snippet:-1","max-image-preview":"max-image-preview:large","max-video-preview":"max-video-preview:-1"},"canonical":"https:\/\/gentedebasquet.com.ar\/sitio\/2017\/04\/10\/le-llevo-diez-minutos\/","og_locale":"es_ES","og_type":"article","og_title":"Le llev\u00f3 Diez minutos - Gente de B\u00e1squet","og_description":"San Lorenzo tard\u00f3 un cuarto en entender las debilidades de Villa Mitre: 69-56","og_url":"https:\/\/gentedebasquet.com.ar\/sitio\/2017\/04\/10\/le-llevo-diez-minutos\/","og_site_name":"Gente de B\u00e1squet","article_published_time":"2017-04-11T02:28:01+00:00","og_image":[{"width":690,"height":319,"url":"https:\/\/gentedebasquet.com.ar\/sitio\/wp-content\/uploads\/2017\/04\/San-Lorenzo-Villa-Mitre.jpg","type":"image\/jpeg"}],"author":"Gente de B\u00e1squet","twitter_card":"summary_large_image","twitter_misc":{"Escrito por":"Gente de B\u00e1squet","Tiempo de lectura":"3 minutos"},"schema":{"@context":"https:\/\/schema.org","@graph":[{"@type":"Article","@id":"https:\/\/gentedebasquet.com.ar\/sitio\/2017\/04\/10\/le-llevo-diez-minutos\/#article","isPartOf":{"@id":"https:\/\/gentedebasquet.com.ar\/sitio\/2017\/04\/10\/le-llevo-diez-minutos\/"},"author":{"name":"Gente de B\u00e1squet","@id":"https:\/\/gentedebasquet.com.ar\/sitio\/#\/schema\/person\/ca0b63bbb977369988a7bbbdc519943a"},"headline":"Le llev\u00f3 Diez minutos","datePublished":"2017-04-11T02:28:01+00:00","mainEntityOfPage":{"@id":"https:\/\/gentedebasquet.com.ar\/sitio\/2017\/04\/10\/le-llevo-diez-minutos\/"},"wordCount":587,"image":{"@id":"https:\/\/gentedebasquet.com.ar\/sitio\/2017\/04\/10\/le-llevo-diez-minutos\/#primaryimage"},"thumbnailUrl":"https:\/\/gentedebasquet.com.ar\/sitio\/wp-content\/uploads\/2017\/04\/San-Lorenzo-Villa-Mitre.jpg","keywords":["Facundo Goenaga","Jorge Garc\u00eda","Jos\u00e9 Luis Mart\u00ednez","Nahuel Diez","San Lorenzo","Villa Mitre"],"articleSection":["Primera","Slide"],"inLanguage":"es"},{"@type":"WebPage","@id":"https:\/\/gentedebasquet.com.ar\/sitio\/2017\/04\/10\/le-llevo-diez-minutos\/","url":"https:\/\/gentedebasquet.com.ar\/sitio\/2017\/04\/10\/le-llevo-diez-minutos\/","name":"Le llev\u00f3 Diez minutos - Gente de B\u00e1squet","isPartOf":{"@id":"https:\/\/gentedebasquet.com.ar\/sitio\/#website"},"primaryImageOfPage":{"@id":"https:\/\/gentedebasquet.com.ar\/sitio\/2017\/04\/10\/le-llevo-diez-minutos\/#primaryimage"},"image":{"@id":"https:\/\/gentedebasquet.com.ar\/sitio\/2017\/04\/10\/le-llevo-diez-minutos\/#primaryimage"},"thumbnailUrl":"https:\/\/gentedebasquet.com.ar\/sitio\/wp-content\/uploads\/2017\/04\/San-Lorenzo-Villa-Mitre.jpg","datePublished":"2017-04-11T02:28:01+00:00","author":{"@id":"https:\/\/gentedebasquet.com.ar\/sitio\/#\/schema\/person\/ca0b63bbb977369988a7bbbdc519943a"},"breadcrumb":{"@id":"https:\/\/gentedebasquet.com.ar\/sitio\/2017\/04\/10\/le-llevo-diez-minutos\/#breadcrumb"},"inLanguage":"es","potentialAction":[{"@type":"ReadAction","target":["https:\/\/gentedebasquet.com.ar\/sitio\/2017\/04\/10\/le-llevo-diez-minutos\/"]}]},{"@type":"ImageObject","inLanguage":"es","@id":"https:\/\/gentedebasquet.com.ar\/sitio\/2017\/04\/10\/le-llevo-diez-minutos\/#primaryimage","url":"https:\/\/gentedebasquet.com.ar\/sitio\/wp-content\/uploads\/2017\/04\/San-Lorenzo-Villa-Mitre.jpg","contentUrl":"https:\/\/gentedebasquet.com.ar\/sitio\/wp-content\/uploads\/2017\/04\/San-Lorenzo-Villa-Mitre.jpg","width":690,"height":319},{"@type":"BreadcrumbList","@id":"https:\/\/gentedebasquet.com.ar\/sitio\/2017\/04\/10\/le-llevo-diez-minutos\/#breadcrumb","itemListElement":[{"@type":"ListItem","position":1,"name":"Portada","item":"https:\/\/gentedebasquet.com.ar\/sitio\/"},{"@type":"ListItem","position":2,"name":"Le llev\u00f3 Diez minutos"}]},{"@type":"WebSite","@id":"https:\/\/gentedebasquet.com.ar\/sitio\/#website","url":"https:\/\/gentedebasquet.com.ar\/sitio\/","name":"Gente de B\u00e1squet","description":"La revista del basquet de Bah\u00eda Blanca","potentialAction":[{"@type":"SearchAction","target":{"@type":"EntryPoint","urlTemplate":"https:\/\/gentedebasquet.com.ar\/sitio\/?s={search_term_string}"},"query-input":{"@type":"PropertyValueSpecification","valueRequired":true,"valueName":"search_term_string"}}],"inLanguage":"es"},{"@type":"Person","@id":"https:\/\/gentedebasquet.com.ar\/sitio\/#\/schema\/person\/ca0b63bbb977369988a7bbbdc519943a","name":"Gente de B\u00e1squet","image":{"@type":"ImageObject","inLanguage":"es","@id":"https:\/\/secure.gravatar.com\/avatar\/7f2c48bdc33b30088f941fb6082e555f2874c98e20cb159d7b92b50eadfce793?s=96&d=mm&r=g","url":"https:\/\/secure.gravatar.com\/avatar\/7f2c48bdc33b30088f941fb6082e555f2874c98e20cb159d7b92b50eadfce793?s=96&d=mm&r=g","contentUrl":"https:\/\/secure.gravatar.com\/avatar\/7f2c48bdc33b30088f941fb6082e555f2874c98e20cb159d7b92b50eadfce793?s=96&d=mm&r=g","caption":"Gente de B\u00e1squet"},"sameAs":["http:\/\/gentedebasquet.com.ar\/sitio"],"url":"https:\/\/gentedebasquet.com.ar\/sitio\/author\/ulises\/"}]}},"_links":{"self":[{"href":"https:\/\/gentedebasquet.com.ar\/sitio\/wp-json\/wp\/v2\/posts\/70526","targetHints":{"allow":["GET"]}}],"collection":[{"href":"https:\/\/gentedebasquet.com.ar\/sitio\/wp-json\/wp\/v2\/posts"}],"about":[{"href":"https:\/\/gentedebasquet.com.ar\/sitio\/wp-json\/wp\/v2\/types\/post"}],"author":[{"embeddable":true,"href":"https:\/\/gentedebasquet.com.ar\/sitio\/wp-json\/wp\/v2\/users\/1"}],"replies":[{"embeddable":true,"href":"https:\/\/gentedebasquet.com.ar\/sitio\/wp-json\/wp\/v2\/comments?post=70526"}],"version-history":[{"count":0,"href":"https:\/\/gentedebasquet.com.ar\/sitio\/wp-json\/wp\/v2\/posts\/70526\/revisions"}],"wp:featuredmedia":[{"embeddable":true,"href":"https:\/\/gentedebasquet.com.ar\/sitio\/wp-json\/wp\/v2\/media\/70533"}],"wp:attachment":[{"href":"https:\/\/gentedebasquet.com.ar\/sitio\/wp-json\/wp\/v2\/media?parent=70526"}],"wp:term":[{"taxonomy":"category","embeddable":true,"href":"https:\/\/gentedebasquet.com.ar\/sitio\/wp-json\/wp\/v2\/categories?post=70526"},{"taxonomy":"post_tag","embeddable":true,"href":"https:\/\/gentedebasquet.com.ar\/sitio\/wp-json\/wp\/v2\/tags?post=70526"}],"curies":[{"name":"wp","href":"https:\/\/api.w.org\/{rel}","templated":true}]}}