{"id":70587,"date":"2017-04-12T11:24:37","date_gmt":"2017-04-12T14:24:37","guid":{"rendered":"http:\/\/www.gentedebasquet.com.ar\/?p=70587"},"modified":"2017-04-12T11:24:37","modified_gmt":"2017-04-12T14:24:37","slug":"elias-a-la-seleccion","status":"publish","type":"post","link":"https:\/\/gentedebasquet.com.ar\/sitio\/2017\/04\/12\/elias-a-la-seleccion\/","title":{"rendered":"El\u00edas, a la Selecci\u00f3n"},"content":{"rendered":"<p><strong>Pese a no tener competici\u00f3n oficial en 2017, la categor\u00eda U19 pondr\u00e1 manos a la obra y comenzar\u00e1 a entrenar el pr\u00f3ximo 18 de abril. Esta primera concentraci\u00f3n se realizar\u00e1 en el CeNARD, contar\u00e1 con la participaci\u00f3n de 19 jugadores y finalizar\u00e1 el 23 de este mes. Entre los citados est\u00e1 el bahiense Federico El\u00edas, actual jugador de Bah\u00eda Basket y con pasado en Argentino y Napost\u00e1. Tambi\u00e9n aparecen Santiago Vaulet y Ferm\u00edn Thygesen. Las pr\u00e1cticas estar\u00e1n conducidas por Maximiliano Seigorman.<\/strong><\/p>\n<p>Cumpliendo con el plan de trabajo previamente estipulado para este a\u00f1o en lo relacionado a las selecciones formativas, comenzar\u00e1 a entrenar el pr\u00f3ximo martes 18 de abril la Preselecci\u00f3n Nacional masculina de la categor\u00eda U19. Para esta primera concentraci\u00f3n hay 19 jugadores citados.<\/p>\n<p>Las pr\u00e1cticas se realizar\u00e1n en el CeNARD y se extender\u00e1n hasta el domingo 23 de abril. Maximiliano Seigorman ser\u00e1 el Director T\u00e9cnico de esta categor\u00eda, mientras que Gustavo Sandrini y Mariano Marcos ser\u00e1n sus asistentes.<\/p>\n<p>En di\u00e1logo con cabb.com.ar, Seigorman explic\u00f3 por qu\u00e9 se tom\u00f3 la decisi\u00f3n de trabajar con esta categor\u00eda a pesar de no tener competici\u00f3n oficial este a\u00f1o: <strong>\u201cLa idea es que en estas categor\u00edas de formaci\u00f3n siempre haya continuidad en los procesos. Desde CABB se est\u00e1 promoviendo que todas las categor\u00edas tengan una formaci\u00f3n acorde, por lo cual se considera importante el seguimiento, que debe ser permanente y constante\u201d<\/strong>.<\/p>\n<p>Por otro lado, ante la consulta sobre alguna posible gira o serie de amistosos para esta categor\u00eda, el Director T\u00e9cnico explic\u00f3:<strong> \u201cLa idea es tener siempre la mejor calidad de competencia posible, por lo tanto s\u00ed est\u00e1 previsto algunos amistosos o gira. Se est\u00e1 trabajando en ello pero a\u00fan no podemos confirmarlo\u201d<\/strong>.<\/p>\n<p>&nbsp;<\/p>\n<h5><strong>PRESELECCI\u00d3N NACIONAL U19 \u2013 18 al 23 de abril de 2017<\/strong><\/h5>\n<p><strong>Alonso, Manuel<\/strong><\/p>\n<p>Posici\u00f3n: Base<\/p>\n<p>Altura: 1.87<\/p>\n<p>Club: Libertad de Sunchales<\/p>\n<p>Clase: 1999<\/p>\n<p>&nbsp;<\/p>\n<p><strong>Alorda, Franco<\/strong><\/p>\n<p>Posici\u00f3n: Alero\/Ala pivote<\/p>\n<p>Altura: 2.01<\/p>\n<p>Club: San Mart\u00edn de Corrientes<\/p>\n<p>Clase: 1999<\/p>\n<p>&nbsp;<\/p>\n<p><strong>Baralle, Franco<\/strong><\/p>\n<p>Posici\u00f3n: Base<\/p>\n<p>Altura: 1.81<\/p>\n<p>Club: Asociaci\u00f3n Deportiva Atenas<\/p>\n<p>Clase: 1999<\/p>\n<p>&nbsp;<\/p>\n<p><strong>Bruera, Santiago<\/strong><\/p>\n<p>Posici\u00f3n: Pivote<\/p>\n<p>Altura: 2.06<\/p>\n<p>Club: Instituto Atl\u00e9tico Central C\u00f3rdoba<\/p>\n<p>Clase: 1998<\/p>\n<p>&nbsp;<\/p>\n<p><strong>Cardo, Cristian<\/strong><\/p>\n<p>Posici\u00f3n: Escolta<\/p>\n<p>Altura: 1.98<\/p>\n<p>Club: San Lorenzo<\/p>\n<p>Clase: 1999<\/p>\n<p>&nbsp;<\/p>\n<p><strong>Cerminato, Leandro<\/strong><\/p>\n<p>Posici\u00f3n: Alero<\/p>\n<p>Altura: 2.01<\/p>\n<p>Club: San Lorenzo<\/p>\n<p>Clase: 1998<\/p>\n<p>&nbsp;<\/p>\n<p><strong>Cocha, Tom\u00e1s<\/strong><\/p>\n<p>Posici\u00f3n: Escolta<\/p>\n<p>Altura: 1.92<\/p>\n<p>Club: Obras Sanitarias<\/p>\n<p>Clase: 1998<\/p>\n<p>&nbsp;<\/p>\n<p><strong>Dellavalle, Facundo<\/strong><\/p>\n<p>Posici\u00f3n: Base<\/p>\n<p>Altura: 1.81<\/p>\n<p>Club: Instituto Atl\u00e9tico Central C\u00f3rdoba<\/p>\n<p>Clase: 1998<\/p>\n<p>&nbsp;<\/p>\n<p><strong>El\u00edas, Federico<\/strong><\/p>\n<p>Posici\u00f3n: Escolta<\/p>\n<p>Altura: 1.90<\/p>\n<p>Club: Bah\u00eda Basket<\/p>\n<p>Clase: 1999<\/p>\n<p>&nbsp;<\/p>\n<p><strong>Franco, Nicol\u00e1s<\/strong><\/p>\n<p>Posici\u00f3n: Pivote<\/p>\n<p>Altura: 2.04<\/p>\n<p>Club: Pe\u00f1arol de Mar del Plata<\/p>\n<p>Clase: 1999<\/p>\n<p>&nbsp;<\/p>\n<p><strong>Germano, Juan Cruz<\/strong><\/p>\n<p>Posici\u00f3n: Pivote<\/p>\n<p>Altura: 2.08<\/p>\n<p>Club: Boca Juniors<\/p>\n<p>Clase: 1999<\/p>\n<p>&nbsp;<\/p>\n<p><strong>Lugo, Sebasti\u00e1n<\/strong><\/p>\n<p>Posici\u00f3n: Escolta<\/p>\n<p>Altura: 1.93<\/p>\n<p>Club: Quimsa de Santiago del Estero<\/p>\n<p>Clase: 1998<\/p>\n<p>&nbsp;<\/p>\n<p><strong>Reimundo, Tom\u00e1s<\/strong><\/p>\n<p>Posici\u00f3n: Pivote<\/p>\n<p>Altura: 2.04<\/p>\n<p>Club: Quilmes de Mar del Plata<\/p>\n<p>Clase: 1998<\/p>\n<p>&nbsp;<\/p>\n<p><strong>Saiz, Fabi\u00e1n<\/strong><\/p>\n<p>Posici\u00f3n: Alero\/Ala pivote<\/p>\n<p>Altura: 2.00<\/p>\n<p>Club: Ol\u00edmpico de La Banda<\/p>\n<p>Clase: 1998<\/p>\n<p>&nbsp;<\/p>\n<p><strong>Solanas, Mat\u00edas<\/strong><\/p>\n<p>Posici\u00f3n: Escolta<\/p>\n<p>Altura: 1.92<\/p>\n<p>Club: La Uni\u00f3n de Col\u00f3n<\/p>\n<p>Clase: 1998<\/p>\n<p>&nbsp;<\/p>\n<p><strong>Spano, Tom\u00e1s<\/strong><\/p>\n<p>Posici\u00f3n: Base<\/p>\n<p>Altura: 1.84<\/p>\n<p>Club: Ferrocarril Oeste<\/p>\n<p>Clase: 1998<\/p>\n<p>&nbsp;<\/p>\n<p><strong>Thygesen, Ferm\u00edn<\/strong><\/p>\n<p>Posici\u00f3n: Base<\/p>\n<p>Altura: 1.79<\/p>\n<p>Club: Bahia Basket<\/p>\n<p>Clase: 1998<\/p>\n<p>&nbsp;<\/p>\n<p><strong>Valussi, Luca<\/strong><\/p>\n<p>Posici\u00f3n: Escolta<\/p>\n<p>Altura: 1.98<\/p>\n<p>Club: Obras Sanitarias<\/p>\n<p>Clase: 1998<\/p>\n<p>&nbsp;<\/p>\n<p><strong>Vaulet, Santiago<\/strong><\/p>\n<p>Posici\u00f3n: Escolta<\/p>\n<p>Altura: 1.94<\/p>\n<p>Club: Bah\u00eda Basket<\/p>\n<p>Clase: 1998<\/p>\n<p><strong>Fuente:<\/strong>\u00a0Diego Garc\u00eda (Prensa CABB).<\/p>\n","protected":false},"excerpt":{"rendered":"<p>Fede fue citado, junto a Santi Vaulet y Thygesen, a la preselecci\u00f3n nacional U19<\/p>\n","protected":false},"author":1,"featured_media":70588,"comment_status":"closed","ping_status":"open","sticky":false,"template":"","format":"standard","meta":{"jnews-multi-image_gallery":[],"jnews_single_post":[],"jnews_primary_category":[],"footnotes":""},"categories":[61,101],"tags":[1085,511,765],"class_list":["post-70587","post","type-post","status-publish","format-standard","has-post-thumbnail","hentry","category-selecciones-nacionales","category-slide","tag-federico-elias","tag-fermin-thygesen","tag-santiago-vaulet"],"yoast_head":"<!-- This site is optimized with the Yoast SEO plugin v27.5 - https:\/\/yoast.com\/product\/yoast-seo-wordpress\/ -->\n<title>El\u00edas, a la Selecci\u00f3n - Gente de B\u00e1squet<\/title>\n<meta name=\"robots\" content=\"index, follow, max-snippet:-1, max-image-preview:large, max-video-preview:-1\" \/>\n<link rel=\"canonical\" href=\"http:\/\/gentedebasquet.com.ar\/sitio\/2017\/04\/12\/elias-a-la-seleccion\/\" \/>\n<meta property=\"og:locale\" content=\"es_ES\" \/>\n<meta property=\"og:type\" content=\"article\" \/>\n<meta property=\"og:title\" content=\"El\u00edas, a la Selecci\u00f3n - Gente de B\u00e1squet\" \/>\n<meta property=\"og:description\" content=\"Fede fue citado, junto a Santi Vaulet y Thygesen, a la preselecci\u00f3n nacional U19\" \/>\n<meta property=\"og:url\" content=\"http:\/\/gentedebasquet.com.ar\/sitio\/2017\/04\/12\/elias-a-la-seleccion\/\" \/>\n<meta property=\"og:site_name\" content=\"Gente de B\u00e1squet\" \/>\n<meta property=\"article:published_time\" content=\"2017-04-12T14:24:37+00:00\" \/>\n<meta property=\"og:image\" content=\"http:\/\/gentedebasquet.com.ar\/sitio\/wp-content\/uploads\/2017\/04\/Federico-Elias.jpg\" \/>\n\t<meta property=\"og:image:width\" content=\"690\" \/>\n\t<meta property=\"og:image:height\" content=\"319\" \/>\n\t<meta property=\"og:image:type\" content=\"image\/jpeg\" \/>\n<meta name=\"author\" content=\"Gente de B\u00e1squet\" \/>\n<meta name=\"twitter:card\" content=\"summary_large_image\" \/>\n<meta name=\"twitter:label1\" content=\"Escrito por\" \/>\n\t<meta name=\"twitter:data1\" content=\"Gente de B\u00e1squet\" \/>\n\t<meta name=\"twitter:label2\" content=\"Tiempo de lectura\" \/>\n\t<meta name=\"twitter:data2\" content=\"3 minutos\" \/>\n<script type=\"application\/ld+json\" class=\"yoast-schema-graph\">{\"@context\":\"https:\\\/\\\/schema.org\",\"@graph\":[{\"@type\":\"Article\",\"@id\":\"http:\\\/\\\/gentedebasquet.com.ar\\\/sitio\\\/2017\\\/04\\\/12\\\/elias-a-la-seleccion\\\/#article\",\"isPartOf\":{\"@id\":\"http:\\\/\\\/gentedebasquet.com.ar\\\/sitio\\\/2017\\\/04\\\/12\\\/elias-a-la-seleccion\\\/\"},\"author\":{\"name\":\"Gente de B\u00e1squet\",\"@id\":\"https:\\\/\\\/gentedebasquet.com.ar\\\/sitio\\\/#\\\/schema\\\/person\\\/ca0b63bbb977369988a7bbbdc519943a\"},\"headline\":\"El\u00edas, a la Selecci\u00f3n\",\"datePublished\":\"2017-04-12T14:24:37+00:00\",\"mainEntityOfPage\":{\"@id\":\"http:\\\/\\\/gentedebasquet.com.ar\\\/sitio\\\/2017\\\/04\\\/12\\\/elias-a-la-seleccion\\\/\"},\"wordCount\":584,\"image\":{\"@id\":\"http:\\\/\\\/gentedebasquet.com.ar\\\/sitio\\\/2017\\\/04\\\/12\\\/elias-a-la-seleccion\\\/#primaryimage\"},\"thumbnailUrl\":\"https:\\\/\\\/gentedebasquet.com.ar\\\/sitio\\\/wp-content\\\/uploads\\\/2017\\\/04\\\/Federico-Elias.jpg\",\"keywords\":[\"Federico El\u00edas\",\"Ferm\u00edn Thygesen\",\"Santiago Vaulet\"],\"articleSection\":[\"Selecciones Nacionales\",\"Slide\"],\"inLanguage\":\"es\"},{\"@type\":\"WebPage\",\"@id\":\"http:\\\/\\\/gentedebasquet.com.ar\\\/sitio\\\/2017\\\/04\\\/12\\\/elias-a-la-seleccion\\\/\",\"url\":\"http:\\\/\\\/gentedebasquet.com.ar\\\/sitio\\\/2017\\\/04\\\/12\\\/elias-a-la-seleccion\\\/\",\"name\":\"El\u00edas, a la Selecci\u00f3n - Gente de B\u00e1squet\",\"isPartOf\":{\"@id\":\"https:\\\/\\\/gentedebasquet.com.ar\\\/sitio\\\/#website\"},\"primaryImageOfPage\":{\"@id\":\"http:\\\/\\\/gentedebasquet.com.ar\\\/sitio\\\/2017\\\/04\\\/12\\\/elias-a-la-seleccion\\\/#primaryimage\"},\"image\":{\"@id\":\"http:\\\/\\\/gentedebasquet.com.ar\\\/sitio\\\/2017\\\/04\\\/12\\\/elias-a-la-seleccion\\\/#primaryimage\"},\"thumbnailUrl\":\"https:\\\/\\\/gentedebasquet.com.ar\\\/sitio\\\/wp-content\\\/uploads\\\/2017\\\/04\\\/Federico-Elias.jpg\",\"datePublished\":\"2017-04-12T14:24:37+00:00\",\"author\":{\"@id\":\"https:\\\/\\\/gentedebasquet.com.ar\\\/sitio\\\/#\\\/schema\\\/person\\\/ca0b63bbb977369988a7bbbdc519943a\"},\"breadcrumb\":{\"@id\":\"http:\\\/\\\/gentedebasquet.com.ar\\\/sitio\\\/2017\\\/04\\\/12\\\/elias-a-la-seleccion\\\/#breadcrumb\"},\"inLanguage\":\"es\",\"potentialAction\":[{\"@type\":\"ReadAction\",\"target\":[\"http:\\\/\\\/gentedebasquet.com.ar\\\/sitio\\\/2017\\\/04\\\/12\\\/elias-a-la-seleccion\\\/\"]}]},{\"@type\":\"ImageObject\",\"inLanguage\":\"es\",\"@id\":\"http:\\\/\\\/gentedebasquet.com.ar\\\/sitio\\\/2017\\\/04\\\/12\\\/elias-a-la-seleccion\\\/#primaryimage\",\"url\":\"https:\\\/\\\/gentedebasquet.com.ar\\\/sitio\\\/wp-content\\\/uploads\\\/2017\\\/04\\\/Federico-Elias.jpg\",\"contentUrl\":\"https:\\\/\\\/gentedebasquet.com.ar\\\/sitio\\\/wp-content\\\/uploads\\\/2017\\\/04\\\/Federico-Elias.jpg\",\"width\":690,\"height\":319},{\"@type\":\"BreadcrumbList\",\"@id\":\"http:\\\/\\\/gentedebasquet.com.ar\\\/sitio\\\/2017\\\/04\\\/12\\\/elias-a-la-seleccion\\\/#breadcrumb\",\"itemListElement\":[{\"@type\":\"ListItem\",\"position\":1,\"name\":\"Portada\",\"item\":\"https:\\\/\\\/gentedebasquet.com.ar\\\/sitio\\\/\"},{\"@type\":\"ListItem\",\"position\":2,\"name\":\"El\u00edas, a la Selecci\u00f3n\"}]},{\"@type\":\"WebSite\",\"@id\":\"https:\\\/\\\/gentedebasquet.com.ar\\\/sitio\\\/#website\",\"url\":\"https:\\\/\\\/gentedebasquet.com.ar\\\/sitio\\\/\",\"name\":\"Gente de B\u00e1squet\",\"description\":\"La revista del basquet de Bah\u00eda Blanca\",\"potentialAction\":[{\"@type\":\"SearchAction\",\"target\":{\"@type\":\"EntryPoint\",\"urlTemplate\":\"https:\\\/\\\/gentedebasquet.com.ar\\\/sitio\\\/?s={search_term_string}\"},\"query-input\":{\"@type\":\"PropertyValueSpecification\",\"valueRequired\":true,\"valueName\":\"search_term_string\"}}],\"inLanguage\":\"es\"},{\"@type\":\"Person\",\"@id\":\"https:\\\/\\\/gentedebasquet.com.ar\\\/sitio\\\/#\\\/schema\\\/person\\\/ca0b63bbb977369988a7bbbdc519943a\",\"name\":\"Gente de B\u00e1squet\",\"image\":{\"@type\":\"ImageObject\",\"inLanguage\":\"es\",\"@id\":\"https:\\\/\\\/secure.gravatar.com\\\/avatar\\\/7f2c48bdc33b30088f941fb6082e555f2874c98e20cb159d7b92b50eadfce793?s=96&d=mm&r=g\",\"url\":\"https:\\\/\\\/secure.gravatar.com\\\/avatar\\\/7f2c48bdc33b30088f941fb6082e555f2874c98e20cb159d7b92b50eadfce793?s=96&d=mm&r=g\",\"contentUrl\":\"https:\\\/\\\/secure.gravatar.com\\\/avatar\\\/7f2c48bdc33b30088f941fb6082e555f2874c98e20cb159d7b92b50eadfce793?s=96&d=mm&r=g\",\"caption\":\"Gente de B\u00e1squet\"},\"sameAs\":[\"http:\\\/\\\/gentedebasquet.com.ar\\\/sitio\"],\"url\":\"https:\\\/\\\/gentedebasquet.com.ar\\\/sitio\\\/author\\\/ulises\\\/\"}]}<\/script>\n<!-- \/ Yoast SEO plugin. -->","yoast_head_json":{"title":"El\u00edas, a la Selecci\u00f3n - Gente de B\u00e1squet","robots":{"index":"index","follow":"follow","max-snippet":"max-snippet:-1","max-image-preview":"max-image-preview:large","max-video-preview":"max-video-preview:-1"},"canonical":"http:\/\/gentedebasquet.com.ar\/sitio\/2017\/04\/12\/elias-a-la-seleccion\/","og_locale":"es_ES","og_type":"article","og_title":"El\u00edas, a la Selecci\u00f3n - Gente de B\u00e1squet","og_description":"Fede fue citado, junto a Santi Vaulet y Thygesen, a la preselecci\u00f3n nacional U19","og_url":"http:\/\/gentedebasquet.com.ar\/sitio\/2017\/04\/12\/elias-a-la-seleccion\/","og_site_name":"Gente de B\u00e1squet","article_published_time":"2017-04-12T14:24:37+00:00","og_image":[{"width":690,"height":319,"url":"http:\/\/gentedebasquet.com.ar\/sitio\/wp-content\/uploads\/2017\/04\/Federico-Elias.jpg","type":"image\/jpeg"}],"author":"Gente de B\u00e1squet","twitter_card":"summary_large_image","twitter_misc":{"Escrito por":"Gente de B\u00e1squet","Tiempo de lectura":"3 minutos"},"schema":{"@context":"https:\/\/schema.org","@graph":[{"@type":"Article","@id":"http:\/\/gentedebasquet.com.ar\/sitio\/2017\/04\/12\/elias-a-la-seleccion\/#article","isPartOf":{"@id":"http:\/\/gentedebasquet.com.ar\/sitio\/2017\/04\/12\/elias-a-la-seleccion\/"},"author":{"name":"Gente de B\u00e1squet","@id":"https:\/\/gentedebasquet.com.ar\/sitio\/#\/schema\/person\/ca0b63bbb977369988a7bbbdc519943a"},"headline":"El\u00edas, a la Selecci\u00f3n","datePublished":"2017-04-12T14:24:37+00:00","mainEntityOfPage":{"@id":"http:\/\/gentedebasquet.com.ar\/sitio\/2017\/04\/12\/elias-a-la-seleccion\/"},"wordCount":584,"image":{"@id":"http:\/\/gentedebasquet.com.ar\/sitio\/2017\/04\/12\/elias-a-la-seleccion\/#primaryimage"},"thumbnailUrl":"https:\/\/gentedebasquet.com.ar\/sitio\/wp-content\/uploads\/2017\/04\/Federico-Elias.jpg","keywords":["Federico El\u00edas","Ferm\u00edn Thygesen","Santiago Vaulet"],"articleSection":["Selecciones Nacionales","Slide"],"inLanguage":"es"},{"@type":"WebPage","@id":"http:\/\/gentedebasquet.com.ar\/sitio\/2017\/04\/12\/elias-a-la-seleccion\/","url":"http:\/\/gentedebasquet.com.ar\/sitio\/2017\/04\/12\/elias-a-la-seleccion\/","name":"El\u00edas, a la Selecci\u00f3n - Gente de B\u00e1squet","isPartOf":{"@id":"https:\/\/gentedebasquet.com.ar\/sitio\/#website"},"primaryImageOfPage":{"@id":"http:\/\/gentedebasquet.com.ar\/sitio\/2017\/04\/12\/elias-a-la-seleccion\/#primaryimage"},"image":{"@id":"http:\/\/gentedebasquet.com.ar\/sitio\/2017\/04\/12\/elias-a-la-seleccion\/#primaryimage"},"thumbnailUrl":"https:\/\/gentedebasquet.com.ar\/sitio\/wp-content\/uploads\/2017\/04\/Federico-Elias.jpg","datePublished":"2017-04-12T14:24:37+00:00","author":{"@id":"https:\/\/gentedebasquet.com.ar\/sitio\/#\/schema\/person\/ca0b63bbb977369988a7bbbdc519943a"},"breadcrumb":{"@id":"http:\/\/gentedebasquet.com.ar\/sitio\/2017\/04\/12\/elias-a-la-seleccion\/#breadcrumb"},"inLanguage":"es","potentialAction":[{"@type":"ReadAction","target":["http:\/\/gentedebasquet.com.ar\/sitio\/2017\/04\/12\/elias-a-la-seleccion\/"]}]},{"@type":"ImageObject","inLanguage":"es","@id":"http:\/\/gentedebasquet.com.ar\/sitio\/2017\/04\/12\/elias-a-la-seleccion\/#primaryimage","url":"https:\/\/gentedebasquet.com.ar\/sitio\/wp-content\/uploads\/2017\/04\/Federico-Elias.jpg","contentUrl":"https:\/\/gentedebasquet.com.ar\/sitio\/wp-content\/uploads\/2017\/04\/Federico-Elias.jpg","width":690,"height":319},{"@type":"BreadcrumbList","@id":"http:\/\/gentedebasquet.com.ar\/sitio\/2017\/04\/12\/elias-a-la-seleccion\/#breadcrumb","itemListElement":[{"@type":"ListItem","position":1,"name":"Portada","item":"https:\/\/gentedebasquet.com.ar\/sitio\/"},{"@type":"ListItem","position":2,"name":"El\u00edas, a la Selecci\u00f3n"}]},{"@type":"WebSite","@id":"https:\/\/gentedebasquet.com.ar\/sitio\/#website","url":"https:\/\/gentedebasquet.com.ar\/sitio\/","name":"Gente de B\u00e1squet","description":"La revista del basquet de Bah\u00eda Blanca","potentialAction":[{"@type":"SearchAction","target":{"@type":"EntryPoint","urlTemplate":"https:\/\/gentedebasquet.com.ar\/sitio\/?s={search_term_string}"},"query-input":{"@type":"PropertyValueSpecification","valueRequired":true,"valueName":"search_term_string"}}],"inLanguage":"es"},{"@type":"Person","@id":"https:\/\/gentedebasquet.com.ar\/sitio\/#\/schema\/person\/ca0b63bbb977369988a7bbbdc519943a","name":"Gente de B\u00e1squet","image":{"@type":"ImageObject","inLanguage":"es","@id":"https:\/\/secure.gravatar.com\/avatar\/7f2c48bdc33b30088f941fb6082e555f2874c98e20cb159d7b92b50eadfce793?s=96&d=mm&r=g","url":"https:\/\/secure.gravatar.com\/avatar\/7f2c48bdc33b30088f941fb6082e555f2874c98e20cb159d7b92b50eadfce793?s=96&d=mm&r=g","contentUrl":"https:\/\/secure.gravatar.com\/avatar\/7f2c48bdc33b30088f941fb6082e555f2874c98e20cb159d7b92b50eadfce793?s=96&d=mm&r=g","caption":"Gente de B\u00e1squet"},"sameAs":["http:\/\/gentedebasquet.com.ar\/sitio"],"url":"https:\/\/gentedebasquet.com.ar\/sitio\/author\/ulises\/"}]}},"_links":{"self":[{"href":"https:\/\/gentedebasquet.com.ar\/sitio\/wp-json\/wp\/v2\/posts\/70587","targetHints":{"allow":["GET"]}}],"collection":[{"href":"https:\/\/gentedebasquet.com.ar\/sitio\/wp-json\/wp\/v2\/posts"}],"about":[{"href":"https:\/\/gentedebasquet.com.ar\/sitio\/wp-json\/wp\/v2\/types\/post"}],"author":[{"embeddable":true,"href":"https:\/\/gentedebasquet.com.ar\/sitio\/wp-json\/wp\/v2\/users\/1"}],"replies":[{"embeddable":true,"href":"https:\/\/gentedebasquet.com.ar\/sitio\/wp-json\/wp\/v2\/comments?post=70587"}],"version-history":[{"count":0,"href":"https:\/\/gentedebasquet.com.ar\/sitio\/wp-json\/wp\/v2\/posts\/70587\/revisions"}],"wp:featuredmedia":[{"embeddable":true,"href":"https:\/\/gentedebasquet.com.ar\/sitio\/wp-json\/wp\/v2\/media\/70588"}],"wp:attachment":[{"href":"https:\/\/gentedebasquet.com.ar\/sitio\/wp-json\/wp\/v2\/media?parent=70587"}],"wp:term":[{"taxonomy":"category","embeddable":true,"href":"https:\/\/gentedebasquet.com.ar\/sitio\/wp-json\/wp\/v2\/categories?post=70587"},{"taxonomy":"post_tag","embeddable":true,"href":"https:\/\/gentedebasquet.com.ar\/sitio\/wp-json\/wp\/v2\/tags?post=70587"}],"curies":[{"name":"wp","href":"https:\/\/api.w.org\/{rel}","templated":true}]}}