{"id":70656,"date":"2017-04-13T21:48:30","date_gmt":"2017-04-14T00:48:30","guid":{"rendered":"http:\/\/www.gentedebasquet.com.ar\/?p=70656"},"modified":"2017-04-13T21:48:30","modified_gmt":"2017-04-14T00:48:30","slug":"por-el-camino-correcto","status":"publish","type":"post","link":"https:\/\/gentedebasquet.com.ar\/sitio\/2017\/04\/13\/por-el-camino-correcto\/","title":{"rendered":"Por el camino correcto"},"content":{"rendered":"<p><strong>En el marco, de la 4ta fecha de Segunda, La falda hizo valer su local\u00eda y venci\u00f3 de manera categ\u00f3rica a comercial por 105 a 63. \u00a0Cabe destacar que la visita no cont\u00f3 en sus filas \u00a0con jugadores primordiales (Mart\u00edn Godoy, Julio Gim\u00e9nez, Ramiro Achareandio, Ramiro Riviere) en la consideraci\u00f3n del t\u00e9cnico \u00a0y es por ello que tuvo que poner en cancha a varios chicos de la cantera. Esto g\u00e9nero que no se pudiera observar un \u00a0juego atractivo, ya que el local,\u00a0pese a tener \u00a0algunos \u00a0baches en el \u00faltimo cuarto\u00a0domin\u00f3 de principio a fin el marcador.\u00a0El elenco ganador cont\u00f3 con la sobresaliente actuaci\u00f3n de Federico Vilouta art\u00edfice\u00a0de 30 puntos y \u00a0registrando una valoraci\u00f3n\u00a0de 25. Asimismo, el aporte de Sebasti\u00e1n Tacchetti\u00a017 (4-5 t2, 9-12 tl y 11 reb), fue muy importante.\u00a0Mientras que en \u00a0la visita, los puntos estuvieron muy repartidos, destac\u00e1ndose Jos\u00e9 Maurizi, autor de 9 unidades.\u00a0<\/strong><\/p>\n<p>Desde el arranque, el partido fue liderado por el due\u00f1o de casa, teniendo como protagonistas en el goleo a Vilouta (8) y Tacchetti (4) quien se hacia fuerte en la captura de rebotes (5). En consiguiente, un parcial de 6-0 de LaFa iba a provocar que Sangineto solicitara minuto.\u00a0Por su lado, Comercial \u00a0propuso presionar lo m\u00e1s arriba y entorpecer cada avance del rival, pero \u00a0le cost\u00f3 much\u00edsimo hacer pie, le fue dif\u00edcil generar una ofensiva prolija y sobre todo se\u00a0lo noto muy\u00a0err\u00e1tico a la hora de anotar (9-19). \u00a0La adrenalina y el nerviosismo le jugo una mala pasada a comercial, cuando a falta de 5m 56 seg, perdieron la posesi\u00f3n producto de la tardanza en reponer.<\/p>\n<p>Esto lo aprovecho muy bien Lafa, que con una bomba de Etchepare y posteriormente de Vilouta, estiraban la ventaja a 16 ( 32-16).\u00a0De a poco iba surgiendo la figura de Federico \u00a0quien estaba muy afilado y con mucha confianza a la hora de tirar (8-9).<\/p>\n<p>En el segundo cuarto las ideas siguieron siendo las mismas. Ambos equipos trataron de no dejar salir c\u00f3modamente al rival y entorpecer el traslado del bal\u00f3n. \u00a0Por su parte, La Falda no saco el pie del acelerador y encontr\u00f3 una buena sociedad entre <a href=\"http:\/\/www.gentedebasquet.com.ar\/wp-content\/uploads\/2017\/04\/17949746_1320684544692215_1024767213_o.jpg\" rel=\"attachment wp-att-70686\"><img decoding=\"async\" class=\"size-medium wp-image-70686 alignright\" src=\"http:\/\/www.gentedebasquet.com.ar\/wp-content\/uploads\/2017\/04\/17949746_1320684544692215_1024767213_o-300x288.jpg\" alt=\"17949746_1320684544692215_1024767213_o\" width=\"300\" height=\"288\" srcset=\"https:\/\/gentedebasquet.com.ar\/sitio\/wp-content\/uploads\/2017\/04\/17949746_1320684544692215_1024767213_o-300x288.jpg 300w, https:\/\/gentedebasquet.com.ar\/sitio\/wp-content\/uploads\/2017\/04\/17949746_1320684544692215_1024767213_o.jpg 400w\" sizes=\"(max-width: 300px) 100vw, 300px\" \/><\/a>Nicol\u00e1s Leguizamon y Tacchetti 10, \u00a0quienes se hicieron due\u00f1os del bal\u00f3n.<\/p>\n<p>Producto de esta envestida,el entrenador local\u00a0se dio el gusto de mandar al banco a Vilouta, quien hasta el momento venia teniendo una actuaci\u00f3n sublime.<\/p>\n<p>Ya en ese entonces, si bien restaba un tiempo, el partido estaba pr\u00e1cticamente cocinado para los locales. La diferencia de 37 se le hacia casi imposible de revertir a la visita.<\/p>\n<blockquote><p>La verdad que estuvimos del principio jugadas muy claras en ataque, en defensa estuvimos medios flojos pero por suerte pudimos ajustar algunas cosas y nos llevamos la victoria. En lo personal me vengo sintiendo muy bien, con partidos bastantes efectivos. Tenemos que mejorar un poco la defensa porque somos el equipo con mas puntos en contra y en eso estamos trabajando. La clave del triunfo fue la buena ofensiva que propusimos, pero por suerte en el 2 tiempo supimos ponernos bien atr\u00e1s y eso nos ayudo mucho para conseguir a victoria (Federico Vilouta)<\/p><\/blockquote>\n<p>A la vuelta del descanso, el juego sigui\u00f3 con la misma t\u00f3nica. Los dirigidos por Loffredo impon\u00edan las reglas del juego exprimiendo al m\u00e1ximo sus ofensivas,buena asociaci\u00f3n de pases, optando por tiros exteriores,\u00a0\u00a0lo cual le dio varios frutos. De esta forma, LaFa con el correr de los minutos aumentaba y aumentaba la ventaja.<\/p>\n<p>Si tenemos que criticarle algo a los locales fue la T\u00e9cnica que recibi\u00f3 Mond\u00f3n producto de un forcejeo. El enojo del jugador sigui\u00f3 en el banco y es por ello que el juez sanciono nuevamente una t\u00e9cnica pero esta vez al banco.<\/p>\n<p>El elenco de White, sigui\u00f3 apostando a la presi\u00f3n alta, la cual no le dio mucho r\u00e9dito. A eso sumarle que no tuvo buenas decisiones en ofensivas y por ende registro un bajo porcentaje\u00a0de anotaciones ( 8-26).<\/p>\n<p>Finalmente, el \u00faltimo per\u00edodo estuvo de m\u00e1s y solamente sirvi\u00f3 para la estad\u00edstica. El elenco de Loffredo,\u00a0sigui\u00f3 estirando la brecha. Es por ello, que este periodo fue muy pobre en cuanto al goleo, muy cortado y sobre todo abundaron la perdidas (10). Solo podemos destacar, el esfuerzo y el compromiso de la visita, que\u00a0con muchos chicos,\u00a0\u00a0logro salir victorioso en el ultimo cuarto (13-14)<\/p>\n<p>&nbsp;<\/p>\n<p><strong>S\u00edntesis<\/strong>\u00a0\u2013 Segunda Divisi\u00f3n \u2013Fecha #4<\/p>\n<p><strong>La Falda 105:\u00a0<\/strong>Gonzalo Etchepare 9,\u00a0Mart\u00edn Frola 2, Nicol\u00e1s Leguizam\u00f3n 10,\u00a0Federico Vilouta 30,\u00a0Sebasti\u00e1n Tacchetti 17, (FI); \u00a0Santiago Miranda 9,\u00a0Federico Gonz\u00e1lez 7, \u00a0Franco Rom\u00e1n 5,\u00a0Gustavo Lan 5,\u00a0Andr\u00e9s Mond\u00f3n 4, Franco Sieben 4 y\u00a0Facundo Apcari\u00e1n 6. DT: Miguel Loffredo.<\/p>\n<p><strong>Comercial 63:\u00a0<\/strong>Jano Duca 8,\u00a0Joaqu\u00edn Mercado 8,\u00a0Franco Mastrandrea 5, Juan Pablo Babino 5, Nicol\u00e1s Fern\u00e1ndez 8 (FI); Jos\u00e9 Maurizi 9, Claudio Sanchez 8, Vinderola Lucas 6, Ignacio Caspe Diaz 4,\u00a0Juan Pedro Maurizi 2 y\u00a0Nicol\u00e1s Vallejos 0. DT: Patricio Sangineto.<\/p>\n<p><strong>Parciales: <\/strong>32-16, 63-26 (31-10), 92-49 (29-23) y 105-63 (13-14).<\/p>\n<p><strong>\u00c1rbitros:\u00a0<\/strong>Horacio Sed\u00e1n-Lucas Paulete.<\/p>\n<p><strong>Estadio<\/strong>:\u00a0La Caldera (club La Falda)<\/p>\n<p><a class=\"modalf iframe\u201d title=\" href=\"https:\/\/docs.google.com\/spreadsheets\/d\/1sp4Dr56c8-adt9nRjBwpRqP_XaYCizEu8ogag1Zz-Uc\/pubhtml\" target=\"_blank\" rel=\"noopener\">Ver Planilla<\/a><\/p>\n","protected":false},"excerpt":{"rendered":"<p>En el postergado de Segunda, La Falda venci\u00f3 de manera categ\u00f3rica a Comercial<\/p>\n","protected":false},"author":1,"featured_media":70685,"comment_status":"closed","ping_status":"open","sticky":false,"template":"","format":"standard","meta":{"jnews-multi-image_gallery":[],"jnews_single_post":[],"jnews_primary_category":[],"footnotes":""},"categories":[25,101],"tags":[1573,13,503],"class_list":["post-70656","post","type-post","status-publish","format-standard","has-post-thumbnail","hentry","category-segunda","category-slide","tag-comerc","tag-la-falda","tag-segunda-division"],"yoast_head":"<!-- This site is optimized with the Yoast SEO plugin v27.5 - https:\/\/yoast.com\/product\/yoast-seo-wordpress\/ -->\n<title>Por el camino correcto - Gente de B\u00e1squet<\/title>\n<meta name=\"robots\" content=\"index, follow, max-snippet:-1, max-image-preview:large, max-video-preview:-1\" \/>\n<link rel=\"canonical\" href=\"http:\/\/gentedebasquet.com.ar\/sitio\/2017\/04\/13\/por-el-camino-correcto\/\" \/>\n<meta property=\"og:locale\" content=\"es_ES\" \/>\n<meta property=\"og:type\" content=\"article\" \/>\n<meta property=\"og:title\" content=\"Por el camino correcto - Gente de B\u00e1squet\" \/>\n<meta property=\"og:description\" content=\"En el postergado de Segunda, La Falda venci\u00f3 de manera categ\u00f3rica a Comercial\" \/>\n<meta property=\"og:url\" content=\"http:\/\/gentedebasquet.com.ar\/sitio\/2017\/04\/13\/por-el-camino-correcto\/\" \/>\n<meta property=\"og:site_name\" content=\"Gente de B\u00e1squet\" \/>\n<meta property=\"article:published_time\" content=\"2017-04-14T00:48:30+00:00\" \/>\n<meta property=\"og:image\" content=\"http:\/\/gentedebasquet.com.ar\/sitio\/wp-content\/uploads\/2017\/04\/LF1.jpg\" \/>\n\t<meta property=\"og:image:width\" content=\"690\" \/>\n\t<meta property=\"og:image:height\" content=\"319\" \/>\n\t<meta property=\"og:image:type\" content=\"image\/jpeg\" \/>\n<meta name=\"author\" content=\"Gente de B\u00e1squet\" \/>\n<meta name=\"twitter:card\" content=\"summary_large_image\" \/>\n<meta name=\"twitter:label1\" content=\"Escrito por\" \/>\n\t<meta name=\"twitter:data1\" content=\"Gente de B\u00e1squet\" \/>\n\t<meta name=\"twitter:label2\" content=\"Tiempo de lectura\" \/>\n\t<meta name=\"twitter:data2\" content=\"4 minutos\" \/>\n<script type=\"application\/ld+json\" class=\"yoast-schema-graph\">{\"@context\":\"https:\\\/\\\/schema.org\",\"@graph\":[{\"@type\":\"Article\",\"@id\":\"http:\\\/\\\/gentedebasquet.com.ar\\\/sitio\\\/2017\\\/04\\\/13\\\/por-el-camino-correcto\\\/#article\",\"isPartOf\":{\"@id\":\"http:\\\/\\\/gentedebasquet.com.ar\\\/sitio\\\/2017\\\/04\\\/13\\\/por-el-camino-correcto\\\/\"},\"author\":{\"name\":\"Gente de B\u00e1squet\",\"@id\":\"https:\\\/\\\/gentedebasquet.com.ar\\\/sitio\\\/#\\\/schema\\\/person\\\/ca0b63bbb977369988a7bbbdc519943a\"},\"headline\":\"Por el camino correcto\",\"datePublished\":\"2017-04-14T00:48:30+00:00\",\"mainEntityOfPage\":{\"@id\":\"http:\\\/\\\/gentedebasquet.com.ar\\\/sitio\\\/2017\\\/04\\\/13\\\/por-el-camino-correcto\\\/\"},\"wordCount\":851,\"image\":{\"@id\":\"http:\\\/\\\/gentedebasquet.com.ar\\\/sitio\\\/2017\\\/04\\\/13\\\/por-el-camino-correcto\\\/#primaryimage\"},\"thumbnailUrl\":\"https:\\\/\\\/gentedebasquet.com.ar\\\/sitio\\\/wp-content\\\/uploads\\\/2017\\\/04\\\/LF1.jpg\",\"keywords\":[\"Comerc\",\"La Falda\",\"Segunda Divisi\u00f3n\"],\"articleSection\":[\"Segunda\",\"Slide\"],\"inLanguage\":\"es\"},{\"@type\":\"WebPage\",\"@id\":\"http:\\\/\\\/gentedebasquet.com.ar\\\/sitio\\\/2017\\\/04\\\/13\\\/por-el-camino-correcto\\\/\",\"url\":\"http:\\\/\\\/gentedebasquet.com.ar\\\/sitio\\\/2017\\\/04\\\/13\\\/por-el-camino-correcto\\\/\",\"name\":\"Por el camino correcto - Gente de B\u00e1squet\",\"isPartOf\":{\"@id\":\"https:\\\/\\\/gentedebasquet.com.ar\\\/sitio\\\/#website\"},\"primaryImageOfPage\":{\"@id\":\"http:\\\/\\\/gentedebasquet.com.ar\\\/sitio\\\/2017\\\/04\\\/13\\\/por-el-camino-correcto\\\/#primaryimage\"},\"image\":{\"@id\":\"http:\\\/\\\/gentedebasquet.com.ar\\\/sitio\\\/2017\\\/04\\\/13\\\/por-el-camino-correcto\\\/#primaryimage\"},\"thumbnailUrl\":\"https:\\\/\\\/gentedebasquet.com.ar\\\/sitio\\\/wp-content\\\/uploads\\\/2017\\\/04\\\/LF1.jpg\",\"datePublished\":\"2017-04-14T00:48:30+00:00\",\"author\":{\"@id\":\"https:\\\/\\\/gentedebasquet.com.ar\\\/sitio\\\/#\\\/schema\\\/person\\\/ca0b63bbb977369988a7bbbdc519943a\"},\"breadcrumb\":{\"@id\":\"http:\\\/\\\/gentedebasquet.com.ar\\\/sitio\\\/2017\\\/04\\\/13\\\/por-el-camino-correcto\\\/#breadcrumb\"},\"inLanguage\":\"es\",\"potentialAction\":[{\"@type\":\"ReadAction\",\"target\":[\"http:\\\/\\\/gentedebasquet.com.ar\\\/sitio\\\/2017\\\/04\\\/13\\\/por-el-camino-correcto\\\/\"]}]},{\"@type\":\"ImageObject\",\"inLanguage\":\"es\",\"@id\":\"http:\\\/\\\/gentedebasquet.com.ar\\\/sitio\\\/2017\\\/04\\\/13\\\/por-el-camino-correcto\\\/#primaryimage\",\"url\":\"https:\\\/\\\/gentedebasquet.com.ar\\\/sitio\\\/wp-content\\\/uploads\\\/2017\\\/04\\\/LF1.jpg\",\"contentUrl\":\"https:\\\/\\\/gentedebasquet.com.ar\\\/sitio\\\/wp-content\\\/uploads\\\/2017\\\/04\\\/LF1.jpg\",\"width\":690,\"height\":319},{\"@type\":\"BreadcrumbList\",\"@id\":\"http:\\\/\\\/gentedebasquet.com.ar\\\/sitio\\\/2017\\\/04\\\/13\\\/por-el-camino-correcto\\\/#breadcrumb\",\"itemListElement\":[{\"@type\":\"ListItem\",\"position\":1,\"name\":\"Portada\",\"item\":\"https:\\\/\\\/gentedebasquet.com.ar\\\/sitio\\\/\"},{\"@type\":\"ListItem\",\"position\":2,\"name\":\"Por el camino correcto\"}]},{\"@type\":\"WebSite\",\"@id\":\"https:\\\/\\\/gentedebasquet.com.ar\\\/sitio\\\/#website\",\"url\":\"https:\\\/\\\/gentedebasquet.com.ar\\\/sitio\\\/\",\"name\":\"Gente de B\u00e1squet\",\"description\":\"La revista del basquet de Bah\u00eda Blanca\",\"potentialAction\":[{\"@type\":\"SearchAction\",\"target\":{\"@type\":\"EntryPoint\",\"urlTemplate\":\"https:\\\/\\\/gentedebasquet.com.ar\\\/sitio\\\/?s={search_term_string}\"},\"query-input\":{\"@type\":\"PropertyValueSpecification\",\"valueRequired\":true,\"valueName\":\"search_term_string\"}}],\"inLanguage\":\"es\"},{\"@type\":\"Person\",\"@id\":\"https:\\\/\\\/gentedebasquet.com.ar\\\/sitio\\\/#\\\/schema\\\/person\\\/ca0b63bbb977369988a7bbbdc519943a\",\"name\":\"Gente de B\u00e1squet\",\"image\":{\"@type\":\"ImageObject\",\"inLanguage\":\"es\",\"@id\":\"https:\\\/\\\/secure.gravatar.com\\\/avatar\\\/7f2c48bdc33b30088f941fb6082e555f2874c98e20cb159d7b92b50eadfce793?s=96&d=mm&r=g\",\"url\":\"https:\\\/\\\/secure.gravatar.com\\\/avatar\\\/7f2c48bdc33b30088f941fb6082e555f2874c98e20cb159d7b92b50eadfce793?s=96&d=mm&r=g\",\"contentUrl\":\"https:\\\/\\\/secure.gravatar.com\\\/avatar\\\/7f2c48bdc33b30088f941fb6082e555f2874c98e20cb159d7b92b50eadfce793?s=96&d=mm&r=g\",\"caption\":\"Gente de B\u00e1squet\"},\"sameAs\":[\"http:\\\/\\\/gentedebasquet.com.ar\\\/sitio\"],\"url\":\"https:\\\/\\\/gentedebasquet.com.ar\\\/sitio\\\/author\\\/ulises\\\/\"}]}<\/script>\n<!-- \/ Yoast SEO plugin. -->","yoast_head_json":{"title":"Por el camino correcto - Gente de B\u00e1squet","robots":{"index":"index","follow":"follow","max-snippet":"max-snippet:-1","max-image-preview":"max-image-preview:large","max-video-preview":"max-video-preview:-1"},"canonical":"http:\/\/gentedebasquet.com.ar\/sitio\/2017\/04\/13\/por-el-camino-correcto\/","og_locale":"es_ES","og_type":"article","og_title":"Por el camino correcto - Gente de B\u00e1squet","og_description":"En el postergado de Segunda, La Falda venci\u00f3 de manera categ\u00f3rica a Comercial","og_url":"http:\/\/gentedebasquet.com.ar\/sitio\/2017\/04\/13\/por-el-camino-correcto\/","og_site_name":"Gente de B\u00e1squet","article_published_time":"2017-04-14T00:48:30+00:00","og_image":[{"width":690,"height":319,"url":"http:\/\/gentedebasquet.com.ar\/sitio\/wp-content\/uploads\/2017\/04\/LF1.jpg","type":"image\/jpeg"}],"author":"Gente de B\u00e1squet","twitter_card":"summary_large_image","twitter_misc":{"Escrito por":"Gente de B\u00e1squet","Tiempo de lectura":"4 minutos"},"schema":{"@context":"https:\/\/schema.org","@graph":[{"@type":"Article","@id":"http:\/\/gentedebasquet.com.ar\/sitio\/2017\/04\/13\/por-el-camino-correcto\/#article","isPartOf":{"@id":"http:\/\/gentedebasquet.com.ar\/sitio\/2017\/04\/13\/por-el-camino-correcto\/"},"author":{"name":"Gente de B\u00e1squet","@id":"https:\/\/gentedebasquet.com.ar\/sitio\/#\/schema\/person\/ca0b63bbb977369988a7bbbdc519943a"},"headline":"Por el camino correcto","datePublished":"2017-04-14T00:48:30+00:00","mainEntityOfPage":{"@id":"http:\/\/gentedebasquet.com.ar\/sitio\/2017\/04\/13\/por-el-camino-correcto\/"},"wordCount":851,"image":{"@id":"http:\/\/gentedebasquet.com.ar\/sitio\/2017\/04\/13\/por-el-camino-correcto\/#primaryimage"},"thumbnailUrl":"https:\/\/gentedebasquet.com.ar\/sitio\/wp-content\/uploads\/2017\/04\/LF1.jpg","keywords":["Comerc","La Falda","Segunda Divisi\u00f3n"],"articleSection":["Segunda","Slide"],"inLanguage":"es"},{"@type":"WebPage","@id":"http:\/\/gentedebasquet.com.ar\/sitio\/2017\/04\/13\/por-el-camino-correcto\/","url":"http:\/\/gentedebasquet.com.ar\/sitio\/2017\/04\/13\/por-el-camino-correcto\/","name":"Por el camino correcto - Gente de B\u00e1squet","isPartOf":{"@id":"https:\/\/gentedebasquet.com.ar\/sitio\/#website"},"primaryImageOfPage":{"@id":"http:\/\/gentedebasquet.com.ar\/sitio\/2017\/04\/13\/por-el-camino-correcto\/#primaryimage"},"image":{"@id":"http:\/\/gentedebasquet.com.ar\/sitio\/2017\/04\/13\/por-el-camino-correcto\/#primaryimage"},"thumbnailUrl":"https:\/\/gentedebasquet.com.ar\/sitio\/wp-content\/uploads\/2017\/04\/LF1.jpg","datePublished":"2017-04-14T00:48:30+00:00","author":{"@id":"https:\/\/gentedebasquet.com.ar\/sitio\/#\/schema\/person\/ca0b63bbb977369988a7bbbdc519943a"},"breadcrumb":{"@id":"http:\/\/gentedebasquet.com.ar\/sitio\/2017\/04\/13\/por-el-camino-correcto\/#breadcrumb"},"inLanguage":"es","potentialAction":[{"@type":"ReadAction","target":["http:\/\/gentedebasquet.com.ar\/sitio\/2017\/04\/13\/por-el-camino-correcto\/"]}]},{"@type":"ImageObject","inLanguage":"es","@id":"http:\/\/gentedebasquet.com.ar\/sitio\/2017\/04\/13\/por-el-camino-correcto\/#primaryimage","url":"https:\/\/gentedebasquet.com.ar\/sitio\/wp-content\/uploads\/2017\/04\/LF1.jpg","contentUrl":"https:\/\/gentedebasquet.com.ar\/sitio\/wp-content\/uploads\/2017\/04\/LF1.jpg","width":690,"height":319},{"@type":"BreadcrumbList","@id":"http:\/\/gentedebasquet.com.ar\/sitio\/2017\/04\/13\/por-el-camino-correcto\/#breadcrumb","itemListElement":[{"@type":"ListItem","position":1,"name":"Portada","item":"https:\/\/gentedebasquet.com.ar\/sitio\/"},{"@type":"ListItem","position":2,"name":"Por el camino correcto"}]},{"@type":"WebSite","@id":"https:\/\/gentedebasquet.com.ar\/sitio\/#website","url":"https:\/\/gentedebasquet.com.ar\/sitio\/","name":"Gente de B\u00e1squet","description":"La revista del basquet de Bah\u00eda Blanca","potentialAction":[{"@type":"SearchAction","target":{"@type":"EntryPoint","urlTemplate":"https:\/\/gentedebasquet.com.ar\/sitio\/?s={search_term_string}"},"query-input":{"@type":"PropertyValueSpecification","valueRequired":true,"valueName":"search_term_string"}}],"inLanguage":"es"},{"@type":"Person","@id":"https:\/\/gentedebasquet.com.ar\/sitio\/#\/schema\/person\/ca0b63bbb977369988a7bbbdc519943a","name":"Gente de B\u00e1squet","image":{"@type":"ImageObject","inLanguage":"es","@id":"https:\/\/secure.gravatar.com\/avatar\/7f2c48bdc33b30088f941fb6082e555f2874c98e20cb159d7b92b50eadfce793?s=96&d=mm&r=g","url":"https:\/\/secure.gravatar.com\/avatar\/7f2c48bdc33b30088f941fb6082e555f2874c98e20cb159d7b92b50eadfce793?s=96&d=mm&r=g","contentUrl":"https:\/\/secure.gravatar.com\/avatar\/7f2c48bdc33b30088f941fb6082e555f2874c98e20cb159d7b92b50eadfce793?s=96&d=mm&r=g","caption":"Gente de B\u00e1squet"},"sameAs":["http:\/\/gentedebasquet.com.ar\/sitio"],"url":"https:\/\/gentedebasquet.com.ar\/sitio\/author\/ulises\/"}]}},"_links":{"self":[{"href":"https:\/\/gentedebasquet.com.ar\/sitio\/wp-json\/wp\/v2\/posts\/70656","targetHints":{"allow":["GET"]}}],"collection":[{"href":"https:\/\/gentedebasquet.com.ar\/sitio\/wp-json\/wp\/v2\/posts"}],"about":[{"href":"https:\/\/gentedebasquet.com.ar\/sitio\/wp-json\/wp\/v2\/types\/post"}],"author":[{"embeddable":true,"href":"https:\/\/gentedebasquet.com.ar\/sitio\/wp-json\/wp\/v2\/users\/1"}],"replies":[{"embeddable":true,"href":"https:\/\/gentedebasquet.com.ar\/sitio\/wp-json\/wp\/v2\/comments?post=70656"}],"version-history":[{"count":0,"href":"https:\/\/gentedebasquet.com.ar\/sitio\/wp-json\/wp\/v2\/posts\/70656\/revisions"}],"wp:featuredmedia":[{"embeddable":true,"href":"https:\/\/gentedebasquet.com.ar\/sitio\/wp-json\/wp\/v2\/media\/70685"}],"wp:attachment":[{"href":"https:\/\/gentedebasquet.com.ar\/sitio\/wp-json\/wp\/v2\/media?parent=70656"}],"wp:term":[{"taxonomy":"category","embeddable":true,"href":"https:\/\/gentedebasquet.com.ar\/sitio\/wp-json\/wp\/v2\/categories?post=70656"},{"taxonomy":"post_tag","embeddable":true,"href":"https:\/\/gentedebasquet.com.ar\/sitio\/wp-json\/wp\/v2\/tags?post=70656"}],"curies":[{"name":"wp","href":"https:\/\/api.w.org\/{rel}","templated":true}]}}