{"id":70658,"date":"2017-04-13T22:56:02","date_gmt":"2017-04-14T01:56:02","guid":{"rendered":"http:\/\/www.gentedebasquet.com.ar\/?p=70658"},"modified":"2017-04-13T22:56:02","modified_gmt":"2017-04-14T01:56:02","slug":"sufriendo-a-la-victoria","status":"publish","type":"post","link":"https:\/\/gentedebasquet.com.ar\/sitio\/2017\/04\/13\/sufriendo-a-la-victoria\/","title":{"rendered":"Sufriendo a la victoria"},"content":{"rendered":"<p><strong>En un partido parejo, Alem se qued\u00f3 con la victoria frente a Estudiantes 73 a 72 en el Daniel Lacunza. Augusto Priore puso a su equipo 72-71 a 15s para el cierre, pero en la ultima bola el albo no la resolvi\u00f3\u00a0de manera correcta y es por eso que el conjunto de \u00c1lvarez gan\u00f3 y sigue prendido en los puestos de arriba. Adem\u00e1s, el local estuvo claramente arriba en la lucha a\u00e9rea\u00a0(32-22) y present\u00f3 a cuatro jugadores en doble d\u00edgito,\u00a0destac\u00e1ndose\u00a0Sebasti\u00e1n Cinti con 18 puntos (9 en el primer cuarto). Por su parte, en el visitante no alcanz\u00f3 lo realizado por Jer\u00f3nimo Mitoire 15 ( 7\/7 t2).<\/strong><\/p>\n<p>El inicio fue doble a doble, de buen juego con ataques fren\u00e9ticos. Ademas, se pudo observar el duelo interesante de bases, permiti\u00e9ndole juego a sus equipos (7-11) en cinco minutos de juego. Luego de esto todo cambio. El partido gir\u00f3 rotundamente, se dieron muchas perdidas , se ensuci\u00f3 el juego. Igualmente esto favoreci\u00f3 a Alem, que con un Cinti inspirado y decidido yendo al aro en busca de puntos y faltas (9, con 4\/5 t1), coloc\u00f3 a su equipo arriba: 12-11. Sin embargo, todo cambiaba r\u00e1pidamente. La salida de Banegas por faltas (3), m\u00e1s el buen momento de Scarpaci (7) ayud\u00f3 a que su equipo se vaya 18-21.<\/p>\n<p>El segundo cuarto fue tambi\u00e9n muy parejo. Con varias imprecisiones y un juego deslucido de ambos, Alem siempre parec\u00eda tomar el mando del tramite sobresaliendo Petrini (8 con 2\/2 t3). Sumado a esto, el albo se sec\u00f3 en ofensiva y empez\u00f3 a abusar del tiro externo (1\/7), en cambio en el local, ese lanzamiento si dio resultado (4\/7). Aunque al descanso se fue 38-32, el equipo de \u00c1lvarez no pod\u00eda escaparse del marcador ya que Estudiantes, a pesar de no mostrar un buen juego, \u00a0se manten\u00eda cerca.<\/p>\n<blockquote><p>Fue un partido muy complicado e intenso, sab\u00edamos\u00a0que iba a ser muy duro. Estudiantes es un buen equipo con varios jugadores de experiencia, pero tuvimos un buen juego por momentos y ademas , cerramos de mejor manera y ahora gracias a la victoria podemos seguir en los puestos de arriba que es nuestro objetivo (Iv\u00e1n Petrini)<\/p><\/blockquote>\n<p>El excelente arranque del segundo tiempo de Torre con dos bombas y d\u00e1ndole a su equipo un mayor juego desde la conducci\u00f3n puso a Alem 46-39 en tres minutos de juego. Sin embargo, el visitante nunca permiti\u00f3 que se escapen y respondi\u00f3 con un Mitoire intenso en la pintura ( 8, 4\/4 t2), haciendo tambi\u00e9n que su equipo no extra\u00f1e a Pineda con cuatro faltas en el banco. Es por eso que se avizoraba un ultimo cuarto muy interesante (54-50).<\/p>\n<p>Palo a palo se dio el ultimo segmento. Ambos equipos mostraron un juego deslucido y con varias perdidas (10), pero igualmente el juego mantuvo la expectativa necesaria. Estudiantes se puso en partido definitivamente, que a falta de tres minutos estaba dos abajo (65-63), gracias al buen trabajo del d\u00fao Scarpaci (6) &#8211; Mitoire (5). Por su parte, en Alem apareci\u00f3 el siempre peligroso Banegas (7), pero no encontraba juego buscando desesperadamente el tiro de tres (0\/6). El partido continuaba en paridad y a falta de 30 seg el resultada marcaba al albo uno arriba con un gran doble de Scarpaci. Sin embargo, una corazada del pibe Augusto Priore puso al local 73-72 con 15 seg por jugar y pelota para el visitante, que una mala ofensiva lo priv\u00f3 del triunfo y es por eso que Alem cant\u00f3 victoria.<\/p>\n<p>&nbsp;<\/p>\n<p><strong>S\u00edntesis | <\/strong>Primera Divisi\u00f3n \u2013 Primer Tramo \u2013 Fecha #8<\/p>\n<p><strong>Alem 73:<\/strong> Santiago Torre 13, Ivan Petrini 12, Sebasti\u00e1n Cinti 18, Joaqu\u00edn Larrandart 5, Herm\u00e1n Banegas 14 (FI); Dami\u00e1n Foulkes 2, Augusto Priore 9 y Genaro Priore 0. DT: Alejandro \u00c1lvarez.<\/p>\n<p><strong>Estudiantes 72:\u00a0<\/strong>Tom\u00e1s Scarpaci 13, Nicol\u00e1s Renzi 11, Leonel Alema\u00f1y 8 , David Pineda 10 (x), Marcos Fern\u00e1ndez 2 (FI); Mat\u00edas Fornetti 10 , Jer\u00f3nimo Mitoire 15, Juli\u00e1n Horvath 3 y Jos\u00e9 Bellegia 0. DT: Guillermo L\u00f3pez.<\/p>\n<p><strong>Parciales:\u00a0<\/strong>18-21 , 38-32 (20-11) , 54-50 (16-18) y 73-72 (19-22).<\/p>\n<p><b>\u00c1rbitros<\/b><strong>:<\/strong> Emanuel S\u00e1nchez &#8211; Sebasti\u00e1n Giannino.<\/p>\n<p><strong>Estadio:\u00a0<\/strong>Daniel Lacunza (L.N Alem).<\/p>\n<p><a href=\"https:\/\/docs.google.com\/spreadsheets\/d\/1frPE1lqRTPz-AZ5j7EAo21PqLFwFPIcl5vw7CWKsERM\/pubhtml?target=&quot;_blank&quot;\" target=\"_blank\" rel=\"noopener\">Ver planilla<\/a><\/p>\n","protected":false},"excerpt":{"rendered":"<p>Alem continu\u00f3 por la buena senda al vencer a Estudiantes 73-72 con doble de Priore<\/p>\n","protected":false},"author":1,"featured_media":70665,"comment_status":"closed","ping_status":"open","sticky":false,"template":"","format":"standard","meta":{"jnews-multi-image_gallery":[],"jnews_single_post":[],"jnews_primary_category":[],"footnotes":""},"categories":[23,101],"tags":[3,11,1075,227],"class_list":["post-70658","post","type-post","status-publish","format-standard","has-post-thumbnail","hentry","category-primera","category-slide","tag-alem","tag-estudiantes","tag-jeronimo-mitorie","tag-sebastian-cinti"],"yoast_head":"<!-- This site is optimized with the Yoast SEO plugin v27.5 - https:\/\/yoast.com\/product\/yoast-seo-wordpress\/ -->\n<title>Sufriendo a la victoria - Gente de B\u00e1squet<\/title>\n<meta name=\"robots\" content=\"index, follow, max-snippet:-1, max-image-preview:large, max-video-preview:-1\" \/>\n<link rel=\"canonical\" href=\"http:\/\/gentedebasquet.com.ar\/sitio\/2017\/04\/13\/sufriendo-a-la-victoria\/\" \/>\n<meta property=\"og:locale\" content=\"es_ES\" \/>\n<meta property=\"og:type\" content=\"article\" \/>\n<meta property=\"og:title\" content=\"Sufriendo a la victoria - Gente de B\u00e1squet\" \/>\n<meta property=\"og:description\" content=\"Alem continu\u00f3 por la buena senda al vencer a Estudiantes 73-72 con doble de Priore\" \/>\n<meta property=\"og:url\" content=\"http:\/\/gentedebasquet.com.ar\/sitio\/2017\/04\/13\/sufriendo-a-la-victoria\/\" \/>\n<meta property=\"og:site_name\" content=\"Gente de B\u00e1squet\" \/>\n<meta property=\"article:published_time\" content=\"2017-04-14T01:56:02+00:00\" \/>\n<meta property=\"og:image\" content=\"http:\/\/gentedebasquet.com.ar\/sitio\/wp-content\/uploads\/2017\/04\/Alem-Estudiantes.jpg\" \/>\n\t<meta property=\"og:image:width\" content=\"690\" \/>\n\t<meta property=\"og:image:height\" content=\"319\" \/>\n\t<meta property=\"og:image:type\" content=\"image\/jpeg\" \/>\n<meta name=\"author\" content=\"Gente de B\u00e1squet\" \/>\n<meta name=\"twitter:card\" content=\"summary_large_image\" \/>\n<meta name=\"twitter:label1\" content=\"Escrito por\" \/>\n\t<meta name=\"twitter:data1\" content=\"Gente de B\u00e1squet\" \/>\n\t<meta name=\"twitter:label2\" content=\"Tiempo de lectura\" \/>\n\t<meta name=\"twitter:data2\" content=\"3 minutos\" \/>\n<script type=\"application\/ld+json\" class=\"yoast-schema-graph\">{\"@context\":\"https:\\\/\\\/schema.org\",\"@graph\":[{\"@type\":\"Article\",\"@id\":\"http:\\\/\\\/gentedebasquet.com.ar\\\/sitio\\\/2017\\\/04\\\/13\\\/sufriendo-a-la-victoria\\\/#article\",\"isPartOf\":{\"@id\":\"http:\\\/\\\/gentedebasquet.com.ar\\\/sitio\\\/2017\\\/04\\\/13\\\/sufriendo-a-la-victoria\\\/\"},\"author\":{\"name\":\"Gente de B\u00e1squet\",\"@id\":\"https:\\\/\\\/gentedebasquet.com.ar\\\/sitio\\\/#\\\/schema\\\/person\\\/ca0b63bbb977369988a7bbbdc519943a\"},\"headline\":\"Sufriendo a la victoria\",\"datePublished\":\"2017-04-14T01:56:02+00:00\",\"mainEntityOfPage\":{\"@id\":\"http:\\\/\\\/gentedebasquet.com.ar\\\/sitio\\\/2017\\\/04\\\/13\\\/sufriendo-a-la-victoria\\\/\"},\"wordCount\":671,\"image\":{\"@id\":\"http:\\\/\\\/gentedebasquet.com.ar\\\/sitio\\\/2017\\\/04\\\/13\\\/sufriendo-a-la-victoria\\\/#primaryimage\"},\"thumbnailUrl\":\"https:\\\/\\\/gentedebasquet.com.ar\\\/sitio\\\/wp-content\\\/uploads\\\/2017\\\/04\\\/Alem-Estudiantes.jpg\",\"keywords\":[\"Alem\",\"Estudiantes\",\"Jer\u00f3nimo Mitorie\",\"Sebasti\u00e1n Cinti\"],\"articleSection\":[\"Primera\",\"Slide\"],\"inLanguage\":\"es\"},{\"@type\":\"WebPage\",\"@id\":\"http:\\\/\\\/gentedebasquet.com.ar\\\/sitio\\\/2017\\\/04\\\/13\\\/sufriendo-a-la-victoria\\\/\",\"url\":\"http:\\\/\\\/gentedebasquet.com.ar\\\/sitio\\\/2017\\\/04\\\/13\\\/sufriendo-a-la-victoria\\\/\",\"name\":\"Sufriendo a la victoria - Gente de B\u00e1squet\",\"isPartOf\":{\"@id\":\"https:\\\/\\\/gentedebasquet.com.ar\\\/sitio\\\/#website\"},\"primaryImageOfPage\":{\"@id\":\"http:\\\/\\\/gentedebasquet.com.ar\\\/sitio\\\/2017\\\/04\\\/13\\\/sufriendo-a-la-victoria\\\/#primaryimage\"},\"image\":{\"@id\":\"http:\\\/\\\/gentedebasquet.com.ar\\\/sitio\\\/2017\\\/04\\\/13\\\/sufriendo-a-la-victoria\\\/#primaryimage\"},\"thumbnailUrl\":\"https:\\\/\\\/gentedebasquet.com.ar\\\/sitio\\\/wp-content\\\/uploads\\\/2017\\\/04\\\/Alem-Estudiantes.jpg\",\"datePublished\":\"2017-04-14T01:56:02+00:00\",\"author\":{\"@id\":\"https:\\\/\\\/gentedebasquet.com.ar\\\/sitio\\\/#\\\/schema\\\/person\\\/ca0b63bbb977369988a7bbbdc519943a\"},\"breadcrumb\":{\"@id\":\"http:\\\/\\\/gentedebasquet.com.ar\\\/sitio\\\/2017\\\/04\\\/13\\\/sufriendo-a-la-victoria\\\/#breadcrumb\"},\"inLanguage\":\"es\",\"potentialAction\":[{\"@type\":\"ReadAction\",\"target\":[\"http:\\\/\\\/gentedebasquet.com.ar\\\/sitio\\\/2017\\\/04\\\/13\\\/sufriendo-a-la-victoria\\\/\"]}]},{\"@type\":\"ImageObject\",\"inLanguage\":\"es\",\"@id\":\"http:\\\/\\\/gentedebasquet.com.ar\\\/sitio\\\/2017\\\/04\\\/13\\\/sufriendo-a-la-victoria\\\/#primaryimage\",\"url\":\"https:\\\/\\\/gentedebasquet.com.ar\\\/sitio\\\/wp-content\\\/uploads\\\/2017\\\/04\\\/Alem-Estudiantes.jpg\",\"contentUrl\":\"https:\\\/\\\/gentedebasquet.com.ar\\\/sitio\\\/wp-content\\\/uploads\\\/2017\\\/04\\\/Alem-Estudiantes.jpg\",\"width\":690,\"height\":319},{\"@type\":\"BreadcrumbList\",\"@id\":\"http:\\\/\\\/gentedebasquet.com.ar\\\/sitio\\\/2017\\\/04\\\/13\\\/sufriendo-a-la-victoria\\\/#breadcrumb\",\"itemListElement\":[{\"@type\":\"ListItem\",\"position\":1,\"name\":\"Portada\",\"item\":\"https:\\\/\\\/gentedebasquet.com.ar\\\/sitio\\\/\"},{\"@type\":\"ListItem\",\"position\":2,\"name\":\"Sufriendo a la victoria\"}]},{\"@type\":\"WebSite\",\"@id\":\"https:\\\/\\\/gentedebasquet.com.ar\\\/sitio\\\/#website\",\"url\":\"https:\\\/\\\/gentedebasquet.com.ar\\\/sitio\\\/\",\"name\":\"Gente de B\u00e1squet\",\"description\":\"La revista del basquet de Bah\u00eda Blanca\",\"potentialAction\":[{\"@type\":\"SearchAction\",\"target\":{\"@type\":\"EntryPoint\",\"urlTemplate\":\"https:\\\/\\\/gentedebasquet.com.ar\\\/sitio\\\/?s={search_term_string}\"},\"query-input\":{\"@type\":\"PropertyValueSpecification\",\"valueRequired\":true,\"valueName\":\"search_term_string\"}}],\"inLanguage\":\"es\"},{\"@type\":\"Person\",\"@id\":\"https:\\\/\\\/gentedebasquet.com.ar\\\/sitio\\\/#\\\/schema\\\/person\\\/ca0b63bbb977369988a7bbbdc519943a\",\"name\":\"Gente de B\u00e1squet\",\"image\":{\"@type\":\"ImageObject\",\"inLanguage\":\"es\",\"@id\":\"https:\\\/\\\/secure.gravatar.com\\\/avatar\\\/7f2c48bdc33b30088f941fb6082e555f2874c98e20cb159d7b92b50eadfce793?s=96&d=mm&r=g\",\"url\":\"https:\\\/\\\/secure.gravatar.com\\\/avatar\\\/7f2c48bdc33b30088f941fb6082e555f2874c98e20cb159d7b92b50eadfce793?s=96&d=mm&r=g\",\"contentUrl\":\"https:\\\/\\\/secure.gravatar.com\\\/avatar\\\/7f2c48bdc33b30088f941fb6082e555f2874c98e20cb159d7b92b50eadfce793?s=96&d=mm&r=g\",\"caption\":\"Gente de B\u00e1squet\"},\"sameAs\":[\"http:\\\/\\\/gentedebasquet.com.ar\\\/sitio\"],\"url\":\"https:\\\/\\\/gentedebasquet.com.ar\\\/sitio\\\/author\\\/ulises\\\/\"}]}<\/script>\n<!-- \/ Yoast SEO plugin. -->","yoast_head_json":{"title":"Sufriendo a la victoria - Gente de B\u00e1squet","robots":{"index":"index","follow":"follow","max-snippet":"max-snippet:-1","max-image-preview":"max-image-preview:large","max-video-preview":"max-video-preview:-1"},"canonical":"http:\/\/gentedebasquet.com.ar\/sitio\/2017\/04\/13\/sufriendo-a-la-victoria\/","og_locale":"es_ES","og_type":"article","og_title":"Sufriendo a la victoria - Gente de B\u00e1squet","og_description":"Alem continu\u00f3 por la buena senda al vencer a Estudiantes 73-72 con doble de Priore","og_url":"http:\/\/gentedebasquet.com.ar\/sitio\/2017\/04\/13\/sufriendo-a-la-victoria\/","og_site_name":"Gente de B\u00e1squet","article_published_time":"2017-04-14T01:56:02+00:00","og_image":[{"width":690,"height":319,"url":"http:\/\/gentedebasquet.com.ar\/sitio\/wp-content\/uploads\/2017\/04\/Alem-Estudiantes.jpg","type":"image\/jpeg"}],"author":"Gente de B\u00e1squet","twitter_card":"summary_large_image","twitter_misc":{"Escrito por":"Gente de B\u00e1squet","Tiempo de lectura":"3 minutos"},"schema":{"@context":"https:\/\/schema.org","@graph":[{"@type":"Article","@id":"http:\/\/gentedebasquet.com.ar\/sitio\/2017\/04\/13\/sufriendo-a-la-victoria\/#article","isPartOf":{"@id":"http:\/\/gentedebasquet.com.ar\/sitio\/2017\/04\/13\/sufriendo-a-la-victoria\/"},"author":{"name":"Gente de B\u00e1squet","@id":"https:\/\/gentedebasquet.com.ar\/sitio\/#\/schema\/person\/ca0b63bbb977369988a7bbbdc519943a"},"headline":"Sufriendo a la victoria","datePublished":"2017-04-14T01:56:02+00:00","mainEntityOfPage":{"@id":"http:\/\/gentedebasquet.com.ar\/sitio\/2017\/04\/13\/sufriendo-a-la-victoria\/"},"wordCount":671,"image":{"@id":"http:\/\/gentedebasquet.com.ar\/sitio\/2017\/04\/13\/sufriendo-a-la-victoria\/#primaryimage"},"thumbnailUrl":"https:\/\/gentedebasquet.com.ar\/sitio\/wp-content\/uploads\/2017\/04\/Alem-Estudiantes.jpg","keywords":["Alem","Estudiantes","Jer\u00f3nimo Mitorie","Sebasti\u00e1n Cinti"],"articleSection":["Primera","Slide"],"inLanguage":"es"},{"@type":"WebPage","@id":"http:\/\/gentedebasquet.com.ar\/sitio\/2017\/04\/13\/sufriendo-a-la-victoria\/","url":"http:\/\/gentedebasquet.com.ar\/sitio\/2017\/04\/13\/sufriendo-a-la-victoria\/","name":"Sufriendo a la victoria - Gente de B\u00e1squet","isPartOf":{"@id":"https:\/\/gentedebasquet.com.ar\/sitio\/#website"},"primaryImageOfPage":{"@id":"http:\/\/gentedebasquet.com.ar\/sitio\/2017\/04\/13\/sufriendo-a-la-victoria\/#primaryimage"},"image":{"@id":"http:\/\/gentedebasquet.com.ar\/sitio\/2017\/04\/13\/sufriendo-a-la-victoria\/#primaryimage"},"thumbnailUrl":"https:\/\/gentedebasquet.com.ar\/sitio\/wp-content\/uploads\/2017\/04\/Alem-Estudiantes.jpg","datePublished":"2017-04-14T01:56:02+00:00","author":{"@id":"https:\/\/gentedebasquet.com.ar\/sitio\/#\/schema\/person\/ca0b63bbb977369988a7bbbdc519943a"},"breadcrumb":{"@id":"http:\/\/gentedebasquet.com.ar\/sitio\/2017\/04\/13\/sufriendo-a-la-victoria\/#breadcrumb"},"inLanguage":"es","potentialAction":[{"@type":"ReadAction","target":["http:\/\/gentedebasquet.com.ar\/sitio\/2017\/04\/13\/sufriendo-a-la-victoria\/"]}]},{"@type":"ImageObject","inLanguage":"es","@id":"http:\/\/gentedebasquet.com.ar\/sitio\/2017\/04\/13\/sufriendo-a-la-victoria\/#primaryimage","url":"https:\/\/gentedebasquet.com.ar\/sitio\/wp-content\/uploads\/2017\/04\/Alem-Estudiantes.jpg","contentUrl":"https:\/\/gentedebasquet.com.ar\/sitio\/wp-content\/uploads\/2017\/04\/Alem-Estudiantes.jpg","width":690,"height":319},{"@type":"BreadcrumbList","@id":"http:\/\/gentedebasquet.com.ar\/sitio\/2017\/04\/13\/sufriendo-a-la-victoria\/#breadcrumb","itemListElement":[{"@type":"ListItem","position":1,"name":"Portada","item":"https:\/\/gentedebasquet.com.ar\/sitio\/"},{"@type":"ListItem","position":2,"name":"Sufriendo a la victoria"}]},{"@type":"WebSite","@id":"https:\/\/gentedebasquet.com.ar\/sitio\/#website","url":"https:\/\/gentedebasquet.com.ar\/sitio\/","name":"Gente de B\u00e1squet","description":"La revista del basquet de Bah\u00eda Blanca","potentialAction":[{"@type":"SearchAction","target":{"@type":"EntryPoint","urlTemplate":"https:\/\/gentedebasquet.com.ar\/sitio\/?s={search_term_string}"},"query-input":{"@type":"PropertyValueSpecification","valueRequired":true,"valueName":"search_term_string"}}],"inLanguage":"es"},{"@type":"Person","@id":"https:\/\/gentedebasquet.com.ar\/sitio\/#\/schema\/person\/ca0b63bbb977369988a7bbbdc519943a","name":"Gente de B\u00e1squet","image":{"@type":"ImageObject","inLanguage":"es","@id":"https:\/\/secure.gravatar.com\/avatar\/7f2c48bdc33b30088f941fb6082e555f2874c98e20cb159d7b92b50eadfce793?s=96&d=mm&r=g","url":"https:\/\/secure.gravatar.com\/avatar\/7f2c48bdc33b30088f941fb6082e555f2874c98e20cb159d7b92b50eadfce793?s=96&d=mm&r=g","contentUrl":"https:\/\/secure.gravatar.com\/avatar\/7f2c48bdc33b30088f941fb6082e555f2874c98e20cb159d7b92b50eadfce793?s=96&d=mm&r=g","caption":"Gente de B\u00e1squet"},"sameAs":["http:\/\/gentedebasquet.com.ar\/sitio"],"url":"https:\/\/gentedebasquet.com.ar\/sitio\/author\/ulises\/"}]}},"_links":{"self":[{"href":"https:\/\/gentedebasquet.com.ar\/sitio\/wp-json\/wp\/v2\/posts\/70658","targetHints":{"allow":["GET"]}}],"collection":[{"href":"https:\/\/gentedebasquet.com.ar\/sitio\/wp-json\/wp\/v2\/posts"}],"about":[{"href":"https:\/\/gentedebasquet.com.ar\/sitio\/wp-json\/wp\/v2\/types\/post"}],"author":[{"embeddable":true,"href":"https:\/\/gentedebasquet.com.ar\/sitio\/wp-json\/wp\/v2\/users\/1"}],"replies":[{"embeddable":true,"href":"https:\/\/gentedebasquet.com.ar\/sitio\/wp-json\/wp\/v2\/comments?post=70658"}],"version-history":[{"count":0,"href":"https:\/\/gentedebasquet.com.ar\/sitio\/wp-json\/wp\/v2\/posts\/70658\/revisions"}],"wp:featuredmedia":[{"embeddable":true,"href":"https:\/\/gentedebasquet.com.ar\/sitio\/wp-json\/wp\/v2\/media\/70665"}],"wp:attachment":[{"href":"https:\/\/gentedebasquet.com.ar\/sitio\/wp-json\/wp\/v2\/media?parent=70658"}],"wp:term":[{"taxonomy":"category","embeddable":true,"href":"https:\/\/gentedebasquet.com.ar\/sitio\/wp-json\/wp\/v2\/categories?post=70658"},{"taxonomy":"post_tag","embeddable":true,"href":"https:\/\/gentedebasquet.com.ar\/sitio\/wp-json\/wp\/v2\/tags?post=70658"}],"curies":[{"name":"wp","href":"https:\/\/api.w.org\/{rel}","templated":true}]}}