{"id":70661,"date":"2017-04-13T23:06:33","date_gmt":"2017-04-14T02:06:33","guid":{"rendered":"http:\/\/www.gentedebasquet.com.ar\/?p=70661"},"modified":"2017-04-13T23:06:33","modified_gmt":"2017-04-14T02:06:33","slug":"el-celeste-a-domicilio","status":"publish","type":"post","link":"https:\/\/gentedebasquet.com.ar\/sitio\/2017\/04\/13\/el-celeste-a-domicilio\/","title":{"rendered":"El celeste a domicilio"},"content":{"rendered":"<p><strong>Por la fecha N\u00b08 y despu\u00e9s\u00a0de mucho tiempo, El Nacional venci\u00f3 a Villa Mitre en el Jos\u00e9 Mart\u00ednez 93 a 87. En un tramite equilibrado en el juego y marcador, el local tuv\u00f3 12 de luz en pasajes del 2C; sin embargo, el celeste logr\u00f3 obtener el liderazgo en el comienzo del \u00faltimo cuarto y con la experiencia de sus jugadores, domin\u00f3 y cerr\u00f3 a su favor el tanteador. Adem\u00e1s, los visitantes repartieron su goleo en varios jugadores, los cuales cada uno se destac\u00f3 en un pasaje del partido, siendo claves para los de Garc\u00eda. El goleador del ganador fue Lucas Chaves 19, seguido por Franco Amigo 18 y Francisco Hoffmann 16 unidades. En el local, sobresali\u00f3\u00a0Jos\u00e9 Guti\u00e9rrez con 24 puntos (4\/6t3).\u00a0<\/strong><\/p>\n<p>En busca ambos equipos de imponer su ritmo desde el comienzo, varias fueron las imprecisiones 4 a 4 en 3m. El local empez\u00f3\u00a0a encontrar a Heinrich (6) en el poste bajo y all\u00ed inclino sus ofensivas, notando un poder\u00edo a su favor; en contrapartida, el celeste pas\u00f3 m\u00e1s de 3m sin convertir, y su t\u00e9cnico decidi\u00f3 agregarla m\u00e1s juego interno y peso a su quinteto (13-4 en 6m). Pasado el primer minuto de Garc\u00eda, se vi\u00f3 un visitante mucho m\u00e1s intenso y agresivo, de a poco se fue arrimando al marcador. El final del segmento fue \u00a0din\u00e1mico, y con porcentajes m\u00e1s elevados, cerrando 20 a 16 a favor del local.<\/p>\n<p>De rachas fue el inicio del segundo cuarto, primero El Nacional igualo en 20 el resultado, pero r\u00e1pidamente \u00a0el verde estir\u00f3 la ventaja 27 a 20 en 4m. Amigo con 7 unidades seguidas, manten\u00eda a su equipo en el partido, mientras en el local, qui\u00e9n <a href=\"http:\/\/www.gentedebasquet.com.ar\/wp-content\/uploads\/2017\/04\/VM-ELN.jpg\" rel=\"attachment wp-att-70671\"><img decoding=\"async\" class=\"size-medium wp-image-70671 alignright\" src=\"http:\/\/www.gentedebasquet.com.ar\/wp-content\/uploads\/2017\/04\/VM-ELN-300x169.jpg\" alt=\"VM - ELN\" width=\"300\" height=\"169\" srcset=\"https:\/\/gentedebasquet.com.ar\/sitio\/wp-content\/uploads\/2017\/04\/VM-ELN-300x169.jpg 300w, https:\/\/gentedebasquet.com.ar\/sitio\/wp-content\/uploads\/2017\/04\/VM-ELN.jpg 400w\" sizes=\"(max-width: 300px) 100vw, 300px\" \/><\/a>empezaba a dominar el juego, era Guti\u00e9rrez desde sus pases en ofensiva. Ambos equipos terminaron con bajos porcentajes de triple (3\/11 VM &#8211; 1\/12 ELN) y con pocos viajes a la linea, demostraba un primer tiempo din\u00e1mico y con pocas interrupciones. En\u00a0este segundo cuarto, el verde obtuvo la mayor diferencia en el encuentro 40 a 28 a falta de 1m30, pero un buen cierre de Starc (6) acerco a su equipo a 4.<\/p>\n<blockquote><p>Un partido durisimo, contra un gran equipo que ya esta muy entrenado y aceitado, por momentos se sinti\u00f3\u00a0que ellos estaban cansados se entiende ante la doble competencia. Por suerte, nosotros pudimos hacer lo nuestro. Ven\u00edamos\u00a0con bronca por la derrota frente a Pueyrred\u00f3n, pero estamos en la pelea, y trataremos de hacernos fuertes de local y robar algunos de visitante como este, pero hay que seguir trabajando, el a\u00f1o es largo (Fabricio Starc)<\/p><\/blockquote>\n<p>Dos perdidas del visitante aprovechadas por Guti\u00e9rrez para hacer correr a su equipo y estirar diferencia 44 a 38, parec\u00eda encaminar al conjunto local. No obstante, el celeste no se quedo atr\u00e1s, y con la \u00a0aparici\u00f3n desde el banco de Hoffmann (10), emparejo el marcador. Ambos equipos se cargaron \u00a0de faltas y entraron en penalizaci\u00f3n (Miguel 4). Con varios viajes a la linea se desarrollo lo que continuaba del tercer cuarto, y en este ida y vuelta, el conjunto de Garc\u00eda se coloc\u00f3 al frente 57 a 58. Un cierre fren\u00e9tico sentencio el segmento, con un doble de Garbarino parec\u00eda tener la \u00faltima palabra del mismo, pero Guti\u00e9rrez corri\u00f3 la cancha en transici\u00f3n y desde 6m75 dej\u00f3 arriba a su equipo 66 a 65.<\/p>\n<p>En intentos de detener los ataques de el visitante, Ugolini plasm\u00f3 desde el arranque \u00a0una defensa zonal, la cual fue penetrada y vulnerada por Chaves &#8211; Meneses, repartiendo el bal\u00f3n y llevando a su equipo al frente 77 a 73, obligando al minuto del t\u00e9cnico \u00a0tricolor. Con las vueltas de Amigo y Starc, y ante a una defensa hombre a hombre de VM, el celeste sigui\u00f3 estirando la ventaja 84 a 77, pareciendo sentenciar la historia. Sin embargo, el verde se apoyo en su conductor para mantenerse en pelea, con dos bombas de Guti\u00e9rrez el tanteador era 83 a 86. A pesar de esto, el celeste no entro en desesperaci\u00f3n y pud\u00f3 mantener la diferencia y llevarse la victoria 93 a 87.<\/p>\n<p><iframe loading=\"lazy\" src=\"https:\/\/www.youtube.com\/embed\/vsSLczASID4\" width=\"560\" height=\"315\" frameborder=\"0\" allowfullscreen=\"allowfullscreen\"><\/iframe><\/p>\n<p><strong>S\u00edntesis | <\/strong>Primera Divisi\u00f3n \u2013 Primer Tramo \u2013 Fecha #8<\/p>\n<p><strong>Villa Mitre 87:\u00a0<\/strong>Marcelo Berdini 2, Gast\u00f3n Diomedi 2, Cristian Miguel 13 (x), Jos\u00e9 Luis Mart\u00ednez 17, Ramiro Heinrich 17 (FI); Mat\u00edas Monteoliva 3, Jos\u00e9 Guti\u00e9rrez 24, Santiago Bussetti 0, Valent\u00edn Pet\u00f3n 2 y Ramiro Santiago 7. DT: Ariel Ugolini.<\/p>\n<p><strong>El Nacional 93:\u00a0<\/strong>Ezequiel Meneses 13, Lucas Chaves 19, Franco Amigo 18, Fabricio Starc 11 (x), Pomar Garbarino 7 (FI); Emiliano Iraola 9, Francisco Hoffmann 16, Esteban Arteaga 0 y Fausto De Paoli 0. DT: Juan Andr\u00e9s Garc\u00eda.<\/p>\n<p><strong>Parciales:\u00a0<\/strong>20-16, 40-36 (20-20), 66-65 (26-29) y 87-93 (21-28).<\/p>\n<p><strong>\u00c1rbitros:\u00a0<\/strong>Jorge Scheffer &#8211; Mariano Enrique.<\/p>\n<p><strong>Estadio:\u00a0<\/strong>Jos\u00e9 Mart\u00ednez\u00a0(Villa Mitre).<\/p>\n<p><a href=\"https:\/\/docs.google.com\/spreadsheets\/d\/1H6TXXVjiXwSAuF-zK-4p17Dpq7oxx3LMb-7fgvOsmUY\/pubhtml? target=\" target=\"_blank\" rel=\"noopener\">Ver planilla<\/a><\/p>\n","protected":false},"excerpt":{"rendered":"<p>El Nacional le arruin\u00f3 el estreno de camiseta a Villa Mitre y lo venci\u00f3 en su casa<\/p>\n","protected":false},"author":1,"featured_media":70670,"comment_status":"closed","ping_status":"open","sticky":false,"template":"","format":"standard","meta":{"jnews-multi-image_gallery":[],"jnews_single_post":[],"jnews_primary_category":[],"footnotes":""},"categories":[23,101],"tags":[9,626,223,90,79,22],"class_list":["post-70661","post","type-post","status-publish","format-standard","has-post-thumbnail","hentry","category-primera","category-slide","tag-el-nacional","tag-francisco-hoffmann","tag-franco-amigo","tag-jose-gutierrez","tag-lucas-chaves","tag-villa-mitre"],"yoast_head":"<!-- This site is optimized with the Yoast SEO plugin v27.5 - https:\/\/yoast.com\/product\/yoast-seo-wordpress\/ -->\n<title>El celeste a domicilio - Gente de B\u00e1squet<\/title>\n<meta name=\"robots\" content=\"index, follow, max-snippet:-1, max-image-preview:large, max-video-preview:-1\" \/>\n<link rel=\"canonical\" href=\"https:\/\/gentedebasquet.com.ar\/sitio\/2017\/04\/13\/el-celeste-a-domicilio\/\" \/>\n<meta property=\"og:locale\" content=\"es_ES\" \/>\n<meta property=\"og:type\" content=\"article\" \/>\n<meta property=\"og:title\" content=\"El celeste a domicilio - Gente de B\u00e1squet\" \/>\n<meta property=\"og:description\" content=\"El Nacional le arruin\u00f3 el estreno de camiseta a Villa Mitre y lo venci\u00f3 en su casa\" \/>\n<meta property=\"og:url\" content=\"https:\/\/gentedebasquet.com.ar\/sitio\/2017\/04\/13\/el-celeste-a-domicilio\/\" \/>\n<meta property=\"og:site_name\" content=\"Gente de B\u00e1squet\" \/>\n<meta property=\"article:published_time\" content=\"2017-04-14T02:06:33+00:00\" \/>\n<meta property=\"og:image\" content=\"https:\/\/gentedebasquet.com.ar\/sitio\/wp-content\/uploads\/2017\/04\/Iraola-ELN.jpg\" \/>\n\t<meta property=\"og:image:width\" content=\"690\" \/>\n\t<meta property=\"og:image:height\" content=\"319\" \/>\n\t<meta property=\"og:image:type\" content=\"image\/jpeg\" \/>\n<meta name=\"author\" content=\"Gente de B\u00e1squet\" \/>\n<meta name=\"twitter:card\" content=\"summary_large_image\" \/>\n<meta name=\"twitter:label1\" content=\"Escrito por\" \/>\n\t<meta name=\"twitter:data1\" content=\"Gente de B\u00e1squet\" \/>\n\t<meta name=\"twitter:label2\" content=\"Tiempo de lectura\" \/>\n\t<meta name=\"twitter:data2\" content=\"4 minutos\" \/>\n<script type=\"application\/ld+json\" class=\"yoast-schema-graph\">{\"@context\":\"https:\\\/\\\/schema.org\",\"@graph\":[{\"@type\":\"Article\",\"@id\":\"https:\\\/\\\/gentedebasquet.com.ar\\\/sitio\\\/2017\\\/04\\\/13\\\/el-celeste-a-domicilio\\\/#article\",\"isPartOf\":{\"@id\":\"https:\\\/\\\/gentedebasquet.com.ar\\\/sitio\\\/2017\\\/04\\\/13\\\/el-celeste-a-domicilio\\\/\"},\"author\":{\"name\":\"Gente de B\u00e1squet\",\"@id\":\"https:\\\/\\\/gentedebasquet.com.ar\\\/sitio\\\/#\\\/schema\\\/person\\\/ca0b63bbb977369988a7bbbdc519943a\"},\"headline\":\"El celeste a domicilio\",\"datePublished\":\"2017-04-14T02:06:33+00:00\",\"mainEntityOfPage\":{\"@id\":\"https:\\\/\\\/gentedebasquet.com.ar\\\/sitio\\\/2017\\\/04\\\/13\\\/el-celeste-a-domicilio\\\/\"},\"wordCount\":771,\"image\":{\"@id\":\"https:\\\/\\\/gentedebasquet.com.ar\\\/sitio\\\/2017\\\/04\\\/13\\\/el-celeste-a-domicilio\\\/#primaryimage\"},\"thumbnailUrl\":\"https:\\\/\\\/gentedebasquet.com.ar\\\/sitio\\\/wp-content\\\/uploads\\\/2017\\\/04\\\/Iraola-ELN.jpg\",\"keywords\":[\"El Nacional\",\"Francisco Hoffmann\",\"Franco Amigo\",\"Jos\u00e9 Guti\u00e9rrez\",\"Lucas Chaves\",\"Villa Mitre\"],\"articleSection\":[\"Primera\",\"Slide\"],\"inLanguage\":\"es\"},{\"@type\":\"WebPage\",\"@id\":\"https:\\\/\\\/gentedebasquet.com.ar\\\/sitio\\\/2017\\\/04\\\/13\\\/el-celeste-a-domicilio\\\/\",\"url\":\"https:\\\/\\\/gentedebasquet.com.ar\\\/sitio\\\/2017\\\/04\\\/13\\\/el-celeste-a-domicilio\\\/\",\"name\":\"El celeste a domicilio - Gente de B\u00e1squet\",\"isPartOf\":{\"@id\":\"https:\\\/\\\/gentedebasquet.com.ar\\\/sitio\\\/#website\"},\"primaryImageOfPage\":{\"@id\":\"https:\\\/\\\/gentedebasquet.com.ar\\\/sitio\\\/2017\\\/04\\\/13\\\/el-celeste-a-domicilio\\\/#primaryimage\"},\"image\":{\"@id\":\"https:\\\/\\\/gentedebasquet.com.ar\\\/sitio\\\/2017\\\/04\\\/13\\\/el-celeste-a-domicilio\\\/#primaryimage\"},\"thumbnailUrl\":\"https:\\\/\\\/gentedebasquet.com.ar\\\/sitio\\\/wp-content\\\/uploads\\\/2017\\\/04\\\/Iraola-ELN.jpg\",\"datePublished\":\"2017-04-14T02:06:33+00:00\",\"author\":{\"@id\":\"https:\\\/\\\/gentedebasquet.com.ar\\\/sitio\\\/#\\\/schema\\\/person\\\/ca0b63bbb977369988a7bbbdc519943a\"},\"breadcrumb\":{\"@id\":\"https:\\\/\\\/gentedebasquet.com.ar\\\/sitio\\\/2017\\\/04\\\/13\\\/el-celeste-a-domicilio\\\/#breadcrumb\"},\"inLanguage\":\"es\",\"potentialAction\":[{\"@type\":\"ReadAction\",\"target\":[\"https:\\\/\\\/gentedebasquet.com.ar\\\/sitio\\\/2017\\\/04\\\/13\\\/el-celeste-a-domicilio\\\/\"]}]},{\"@type\":\"ImageObject\",\"inLanguage\":\"es\",\"@id\":\"https:\\\/\\\/gentedebasquet.com.ar\\\/sitio\\\/2017\\\/04\\\/13\\\/el-celeste-a-domicilio\\\/#primaryimage\",\"url\":\"https:\\\/\\\/gentedebasquet.com.ar\\\/sitio\\\/wp-content\\\/uploads\\\/2017\\\/04\\\/Iraola-ELN.jpg\",\"contentUrl\":\"https:\\\/\\\/gentedebasquet.com.ar\\\/sitio\\\/wp-content\\\/uploads\\\/2017\\\/04\\\/Iraola-ELN.jpg\",\"width\":690,\"height\":319},{\"@type\":\"BreadcrumbList\",\"@id\":\"https:\\\/\\\/gentedebasquet.com.ar\\\/sitio\\\/2017\\\/04\\\/13\\\/el-celeste-a-domicilio\\\/#breadcrumb\",\"itemListElement\":[{\"@type\":\"ListItem\",\"position\":1,\"name\":\"Portada\",\"item\":\"https:\\\/\\\/gentedebasquet.com.ar\\\/sitio\\\/\"},{\"@type\":\"ListItem\",\"position\":2,\"name\":\"El celeste a domicilio\"}]},{\"@type\":\"WebSite\",\"@id\":\"https:\\\/\\\/gentedebasquet.com.ar\\\/sitio\\\/#website\",\"url\":\"https:\\\/\\\/gentedebasquet.com.ar\\\/sitio\\\/\",\"name\":\"Gente de B\u00e1squet\",\"description\":\"La revista del basquet de Bah\u00eda Blanca\",\"potentialAction\":[{\"@type\":\"SearchAction\",\"target\":{\"@type\":\"EntryPoint\",\"urlTemplate\":\"https:\\\/\\\/gentedebasquet.com.ar\\\/sitio\\\/?s={search_term_string}\"},\"query-input\":{\"@type\":\"PropertyValueSpecification\",\"valueRequired\":true,\"valueName\":\"search_term_string\"}}],\"inLanguage\":\"es\"},{\"@type\":\"Person\",\"@id\":\"https:\\\/\\\/gentedebasquet.com.ar\\\/sitio\\\/#\\\/schema\\\/person\\\/ca0b63bbb977369988a7bbbdc519943a\",\"name\":\"Gente de B\u00e1squet\",\"image\":{\"@type\":\"ImageObject\",\"inLanguage\":\"es\",\"@id\":\"https:\\\/\\\/secure.gravatar.com\\\/avatar\\\/7f2c48bdc33b30088f941fb6082e555f2874c98e20cb159d7b92b50eadfce793?s=96&d=mm&r=g\",\"url\":\"https:\\\/\\\/secure.gravatar.com\\\/avatar\\\/7f2c48bdc33b30088f941fb6082e555f2874c98e20cb159d7b92b50eadfce793?s=96&d=mm&r=g\",\"contentUrl\":\"https:\\\/\\\/secure.gravatar.com\\\/avatar\\\/7f2c48bdc33b30088f941fb6082e555f2874c98e20cb159d7b92b50eadfce793?s=96&d=mm&r=g\",\"caption\":\"Gente de B\u00e1squet\"},\"sameAs\":[\"http:\\\/\\\/gentedebasquet.com.ar\\\/sitio\"],\"url\":\"https:\\\/\\\/gentedebasquet.com.ar\\\/sitio\\\/author\\\/ulises\\\/\"}]}<\/script>\n<!-- \/ Yoast SEO plugin. -->","yoast_head_json":{"title":"El celeste a domicilio - Gente de B\u00e1squet","robots":{"index":"index","follow":"follow","max-snippet":"max-snippet:-1","max-image-preview":"max-image-preview:large","max-video-preview":"max-video-preview:-1"},"canonical":"https:\/\/gentedebasquet.com.ar\/sitio\/2017\/04\/13\/el-celeste-a-domicilio\/","og_locale":"es_ES","og_type":"article","og_title":"El celeste a domicilio - Gente de B\u00e1squet","og_description":"El Nacional le arruin\u00f3 el estreno de camiseta a Villa Mitre y lo venci\u00f3 en su casa","og_url":"https:\/\/gentedebasquet.com.ar\/sitio\/2017\/04\/13\/el-celeste-a-domicilio\/","og_site_name":"Gente de B\u00e1squet","article_published_time":"2017-04-14T02:06:33+00:00","og_image":[{"width":690,"height":319,"url":"https:\/\/gentedebasquet.com.ar\/sitio\/wp-content\/uploads\/2017\/04\/Iraola-ELN.jpg","type":"image\/jpeg"}],"author":"Gente de B\u00e1squet","twitter_card":"summary_large_image","twitter_misc":{"Escrito por":"Gente de B\u00e1squet","Tiempo de lectura":"4 minutos"},"schema":{"@context":"https:\/\/schema.org","@graph":[{"@type":"Article","@id":"https:\/\/gentedebasquet.com.ar\/sitio\/2017\/04\/13\/el-celeste-a-domicilio\/#article","isPartOf":{"@id":"https:\/\/gentedebasquet.com.ar\/sitio\/2017\/04\/13\/el-celeste-a-domicilio\/"},"author":{"name":"Gente de B\u00e1squet","@id":"https:\/\/gentedebasquet.com.ar\/sitio\/#\/schema\/person\/ca0b63bbb977369988a7bbbdc519943a"},"headline":"El celeste a domicilio","datePublished":"2017-04-14T02:06:33+00:00","mainEntityOfPage":{"@id":"https:\/\/gentedebasquet.com.ar\/sitio\/2017\/04\/13\/el-celeste-a-domicilio\/"},"wordCount":771,"image":{"@id":"https:\/\/gentedebasquet.com.ar\/sitio\/2017\/04\/13\/el-celeste-a-domicilio\/#primaryimage"},"thumbnailUrl":"https:\/\/gentedebasquet.com.ar\/sitio\/wp-content\/uploads\/2017\/04\/Iraola-ELN.jpg","keywords":["El Nacional","Francisco Hoffmann","Franco Amigo","Jos\u00e9 Guti\u00e9rrez","Lucas Chaves","Villa Mitre"],"articleSection":["Primera","Slide"],"inLanguage":"es"},{"@type":"WebPage","@id":"https:\/\/gentedebasquet.com.ar\/sitio\/2017\/04\/13\/el-celeste-a-domicilio\/","url":"https:\/\/gentedebasquet.com.ar\/sitio\/2017\/04\/13\/el-celeste-a-domicilio\/","name":"El celeste a domicilio - Gente de B\u00e1squet","isPartOf":{"@id":"https:\/\/gentedebasquet.com.ar\/sitio\/#website"},"primaryImageOfPage":{"@id":"https:\/\/gentedebasquet.com.ar\/sitio\/2017\/04\/13\/el-celeste-a-domicilio\/#primaryimage"},"image":{"@id":"https:\/\/gentedebasquet.com.ar\/sitio\/2017\/04\/13\/el-celeste-a-domicilio\/#primaryimage"},"thumbnailUrl":"https:\/\/gentedebasquet.com.ar\/sitio\/wp-content\/uploads\/2017\/04\/Iraola-ELN.jpg","datePublished":"2017-04-14T02:06:33+00:00","author":{"@id":"https:\/\/gentedebasquet.com.ar\/sitio\/#\/schema\/person\/ca0b63bbb977369988a7bbbdc519943a"},"breadcrumb":{"@id":"https:\/\/gentedebasquet.com.ar\/sitio\/2017\/04\/13\/el-celeste-a-domicilio\/#breadcrumb"},"inLanguage":"es","potentialAction":[{"@type":"ReadAction","target":["https:\/\/gentedebasquet.com.ar\/sitio\/2017\/04\/13\/el-celeste-a-domicilio\/"]}]},{"@type":"ImageObject","inLanguage":"es","@id":"https:\/\/gentedebasquet.com.ar\/sitio\/2017\/04\/13\/el-celeste-a-domicilio\/#primaryimage","url":"https:\/\/gentedebasquet.com.ar\/sitio\/wp-content\/uploads\/2017\/04\/Iraola-ELN.jpg","contentUrl":"https:\/\/gentedebasquet.com.ar\/sitio\/wp-content\/uploads\/2017\/04\/Iraola-ELN.jpg","width":690,"height":319},{"@type":"BreadcrumbList","@id":"https:\/\/gentedebasquet.com.ar\/sitio\/2017\/04\/13\/el-celeste-a-domicilio\/#breadcrumb","itemListElement":[{"@type":"ListItem","position":1,"name":"Portada","item":"https:\/\/gentedebasquet.com.ar\/sitio\/"},{"@type":"ListItem","position":2,"name":"El celeste a domicilio"}]},{"@type":"WebSite","@id":"https:\/\/gentedebasquet.com.ar\/sitio\/#website","url":"https:\/\/gentedebasquet.com.ar\/sitio\/","name":"Gente de B\u00e1squet","description":"La revista del basquet de Bah\u00eda Blanca","potentialAction":[{"@type":"SearchAction","target":{"@type":"EntryPoint","urlTemplate":"https:\/\/gentedebasquet.com.ar\/sitio\/?s={search_term_string}"},"query-input":{"@type":"PropertyValueSpecification","valueRequired":true,"valueName":"search_term_string"}}],"inLanguage":"es"},{"@type":"Person","@id":"https:\/\/gentedebasquet.com.ar\/sitio\/#\/schema\/person\/ca0b63bbb977369988a7bbbdc519943a","name":"Gente de B\u00e1squet","image":{"@type":"ImageObject","inLanguage":"es","@id":"https:\/\/secure.gravatar.com\/avatar\/7f2c48bdc33b30088f941fb6082e555f2874c98e20cb159d7b92b50eadfce793?s=96&d=mm&r=g","url":"https:\/\/secure.gravatar.com\/avatar\/7f2c48bdc33b30088f941fb6082e555f2874c98e20cb159d7b92b50eadfce793?s=96&d=mm&r=g","contentUrl":"https:\/\/secure.gravatar.com\/avatar\/7f2c48bdc33b30088f941fb6082e555f2874c98e20cb159d7b92b50eadfce793?s=96&d=mm&r=g","caption":"Gente de B\u00e1squet"},"sameAs":["http:\/\/gentedebasquet.com.ar\/sitio"],"url":"https:\/\/gentedebasquet.com.ar\/sitio\/author\/ulises\/"}]}},"_links":{"self":[{"href":"https:\/\/gentedebasquet.com.ar\/sitio\/wp-json\/wp\/v2\/posts\/70661","targetHints":{"allow":["GET"]}}],"collection":[{"href":"https:\/\/gentedebasquet.com.ar\/sitio\/wp-json\/wp\/v2\/posts"}],"about":[{"href":"https:\/\/gentedebasquet.com.ar\/sitio\/wp-json\/wp\/v2\/types\/post"}],"author":[{"embeddable":true,"href":"https:\/\/gentedebasquet.com.ar\/sitio\/wp-json\/wp\/v2\/users\/1"}],"replies":[{"embeddable":true,"href":"https:\/\/gentedebasquet.com.ar\/sitio\/wp-json\/wp\/v2\/comments?post=70661"}],"version-history":[{"count":0,"href":"https:\/\/gentedebasquet.com.ar\/sitio\/wp-json\/wp\/v2\/posts\/70661\/revisions"}],"wp:featuredmedia":[{"embeddable":true,"href":"https:\/\/gentedebasquet.com.ar\/sitio\/wp-json\/wp\/v2\/media\/70670"}],"wp:attachment":[{"href":"https:\/\/gentedebasquet.com.ar\/sitio\/wp-json\/wp\/v2\/media?parent=70661"}],"wp:term":[{"taxonomy":"category","embeddable":true,"href":"https:\/\/gentedebasquet.com.ar\/sitio\/wp-json\/wp\/v2\/categories?post=70661"},{"taxonomy":"post_tag","embeddable":true,"href":"https:\/\/gentedebasquet.com.ar\/sitio\/wp-json\/wp\/v2\/tags?post=70661"}],"curies":[{"name":"wp","href":"https:\/\/api.w.org\/{rel}","templated":true}]}}