{"id":71439,"date":"2017-04-29T16:49:59","date_gmt":"2017-04-29T19:49:59","guid":{"rendered":"http:\/\/www.gentedebasquet.com.ar\/?p=71439"},"modified":"2017-04-29T16:49:59","modified_gmt":"2017-04-29T19:49:59","slug":"el-albo-hizo-valer-su-localia","status":"publish","type":"post","link":"https:\/\/gentedebasquet.com.ar\/sitio\/2017\/04\/29\/el-albo-hizo-valer-su-localia\/","title":{"rendered":"El Albo hizo valer su local\u00eda"},"content":{"rendered":"<p><strong>Por la fecha 5 de la Zona Clasificatoria 2, los Juveniles de Estudiantes y Napost\u00e1 se enfrentaron en el Osvaldo Casanova, donde los locales se hicieron de victoria por un 71 a 54. Las figuras del Albo fueron Jos\u00e9 Belleggia (12), Alan Lera (12) y Nehuen Ber\u00f3n (11); mientras que para los visitantes los protagonistas fueron Ramiro Catal\u00e1 (12) y Bruno Pallotti (10).<\/strong><\/p>\n<p>En el inicio del encuentro, Napost\u00e1 domin\u00f3 los ataques y consigui\u00f3 una leve ventaja con un contundente triple de Tom\u00e1s Rodr\u00edguez que le permiti\u00f3 adelantarse en el tablero. Minutos despu\u00e9s, Estudiantes fue ganando jerarqu\u00eda gracias a la aparici\u00f3n de Nehuen Ber\u00f3n que salv\u00f3 al local con sus dobles y termin\u00f3 cerrando el primer parcial por 19-15.<\/p>\n<p>En el desarrollo del segundo cuarto los dirigidos por Coleffi arrancaron con el pie derecho, aumentando el marcador con la presencia de Bruno Pallotti. Sin embargo, los albos no se quedaron atr\u00e1s y con dobles de Salas, Bellegia y Ber\u00f3n, supieron dar batalla para cerrar el primer tiempo con un 35-29.<\/p>\n<p>En la segunda mitad, el local afin\u00f3 su punter\u00eda y mejor\u00f3 en defensa. Aprovechando el punto fuerte de Jos\u00e9 Belleggia con los rebotes (12 en total) y la poca efectividad de Napost\u00e1, el Albo termin\u00f3 el cuarto con 19 puntos arriba del visitante, obteniendo la mayor diferencia del partido hasta el momento.<\/p>\n<p>Ya entrando en el \u00faltimo cuarto, los visitantes intentaron reaccionar y empezar a jugar como en el inicio del partido, aunque Estudiantes segu\u00eda en su l\u00ednea y no iba bajar los brazos en ning\u00fan momento del partido. Alcal\u00e1 de Napost\u00e1 le dio al equipo un lavado de cara donde aport\u00f3 un doble, un triple y una asistencia, ayudando al equipo a descontar algunos puntos sobre el Albo.<\/p>\n<p>&nbsp;<\/p>\n<p><strong>S\u00edntesis|\u00a0<\/strong>U19 &#8211; Zona Clasificatoria 2 &#8211; Fecha #5<\/p>\n<p><strong>Estudiantes 71:\u00a0<\/strong>Jes\u00fas Ruiz 5, Nicol\u00e1s Paternostro 8, Alan Lera 12, Nicol\u00e1s Monteverde 0, Nehu\u00e9n Ber\u00f3n 11, Santiago Boy\u00e9 2, Francisco Perr\u00edn 0, Santiago Leone 0, Luciano Polak 9, Agust\u00edn Salas 8, Jos\u00e9 Belleggia 12, Laureano Ruiz 4. DT: Fabricio Piccinini.<\/p>\n<p><strong>Napost\u00e1 54:\u00a0<\/strong>Francisco Burastero 5, Tom\u00e1s Sebasti\u00e1n 7, Genaro De Angelis 1, Jeremias Jaime 3, Tomas Rodr\u00edguez 7, Ramiro Catal\u00e1 12, Ignacio Formiga 0, Joaqu\u00edn Alcal\u00e1 0, Juli\u00e1n Peralta 4, Mart\u00edn Catal\u00e1 5, Bruno Pallotti 10, Ulises Fern\u00e1ndez 0. DT: Pablo Coleffi.<\/p>\n<p><strong>Parciales:\u00a0<\/strong>19-15, 35-29 (16-14), 55-36 (20-7) y 71-54 (16-18).<\/p>\n<p><strong>\u00c1rbitros:\u00a0<\/strong>Lucas Paulete &#8211; \u00c1ngel Rizzo.<\/p>\n<p><strong>Estadio:\u00a0<\/strong>Osvaldo Casanova (Estudiantes).<\/p>\n<p><strong>Colaboraci\u00f3n:\u00a0<\/strong>Aylen Saibene.<\/p>\n<p><strong>Fotos:\u00a0<\/strong>Mauro Giovannini.<\/p>\n<p>&nbsp;<\/p>\n<h5 style=\"text-align: center;\">ESTUDIANTES U19<\/h5>\n<p><img decoding=\"async\" class=\"aligncenter wp-image-71538\" src=\"http:\/\/www.gentedebasquet.com.ar\/wp-content\/uploads\/2017\/05\/Estudiantes-U19.jpg\" alt=\"Estudiantes U19\" width=\"1000\" height=\"667\" \/><\/p>\n<h5 style=\"text-align: center;\">NAPOST\u00c1 U19<\/h5>\n<p><img decoding=\"async\" class=\"aligncenter wp-image-71539\" src=\"http:\/\/www.gentedebasquet.com.ar\/wp-content\/uploads\/2017\/05\/Napost\u00e1-U19.jpg\" alt=\"Napost\u00e1 U19\" width=\"1000\" height=\"667\" \/><\/p>\n","protected":false},"excerpt":{"rendered":"<p>En Juveniles, Estudiantes dio cuenta de Napost\u00e1 por 71 a 54<\/p>\n","protected":false},"author":55,"featured_media":71543,"comment_status":"closed","ping_status":"open","sticky":false,"template":"","format":"standard","meta":{"jnews-multi-image_gallery":[],"jnews_single_post":[],"jnews_primary_category":[],"footnotes":""},"categories":[101,26],"tags":[11,15],"class_list":["post-71439","post","type-post","status-publish","format-standard","has-post-thumbnail","hentry","category-slide","category-u19","tag-estudiantes","tag-naposta"],"yoast_head":"<!-- This site is optimized with the Yoast SEO plugin v27.5 - https:\/\/yoast.com\/product\/yoast-seo-wordpress\/ -->\n<title>El Albo hizo valer su local\u00eda - Gente de B\u00e1squet<\/title>\n<meta name=\"robots\" content=\"index, follow, max-snippet:-1, max-image-preview:large, max-video-preview:-1\" \/>\n<link rel=\"canonical\" href=\"https:\/\/gentedebasquet.com.ar\/sitio\/2017\/04\/29\/el-albo-hizo-valer-su-localia\/\" \/>\n<meta property=\"og:locale\" content=\"es_ES\" \/>\n<meta property=\"og:type\" content=\"article\" \/>\n<meta property=\"og:title\" content=\"El Albo hizo valer su local\u00eda - Gente de B\u00e1squet\" \/>\n<meta property=\"og:description\" content=\"En Juveniles, Estudiantes dio cuenta de Napost\u00e1 por 71 a 54\" \/>\n<meta property=\"og:url\" content=\"https:\/\/gentedebasquet.com.ar\/sitio\/2017\/04\/29\/el-albo-hizo-valer-su-localia\/\" \/>\n<meta property=\"og:site_name\" content=\"Gente de B\u00e1squet\" \/>\n<meta property=\"article:published_time\" content=\"2017-04-29T19:49:59+00:00\" \/>\n<meta name=\"author\" content=\"Nahuel Gavil\u00e1n\" \/>\n<meta name=\"twitter:card\" content=\"summary_large_image\" \/>\n<meta name=\"twitter:label1\" content=\"Escrito por\" \/>\n\t<meta name=\"twitter:data1\" content=\"Nahuel Gavil\u00e1n\" \/>\n\t<meta name=\"twitter:label2\" content=\"Tiempo de lectura\" \/>\n\t<meta name=\"twitter:data2\" content=\"2 minutos\" \/>\n<script type=\"application\/ld+json\" class=\"yoast-schema-graph\">{\"@context\":\"https:\\\/\\\/schema.org\",\"@graph\":[{\"@type\":\"Article\",\"@id\":\"https:\\\/\\\/gentedebasquet.com.ar\\\/sitio\\\/2017\\\/04\\\/29\\\/el-albo-hizo-valer-su-localia\\\/#article\",\"isPartOf\":{\"@id\":\"https:\\\/\\\/gentedebasquet.com.ar\\\/sitio\\\/2017\\\/04\\\/29\\\/el-albo-hizo-valer-su-localia\\\/\"},\"author\":{\"name\":\"Nahuel Gavil\u00e1n\",\"@id\":\"https:\\\/\\\/gentedebasquet.com.ar\\\/sitio\\\/#\\\/schema\\\/person\\\/f54889fb9099209ef88ce60d059ed22f\"},\"headline\":\"El Albo hizo valer su local\u00eda\",\"datePublished\":\"2017-04-29T19:49:59+00:00\",\"mainEntityOfPage\":{\"@id\":\"https:\\\/\\\/gentedebasquet.com.ar\\\/sitio\\\/2017\\\/04\\\/29\\\/el-albo-hizo-valer-su-localia\\\/\"},\"wordCount\":409,\"image\":{\"@id\":\"https:\\\/\\\/gentedebasquet.com.ar\\\/sitio\\\/2017\\\/04\\\/29\\\/el-albo-hizo-valer-su-localia\\\/#primaryimage\"},\"thumbnailUrl\":\"\",\"keywords\":[\"Estudiantes\",\"Naposta\"],\"articleSection\":[\"Slide\",\"U19\"],\"inLanguage\":\"es\"},{\"@type\":\"WebPage\",\"@id\":\"https:\\\/\\\/gentedebasquet.com.ar\\\/sitio\\\/2017\\\/04\\\/29\\\/el-albo-hizo-valer-su-localia\\\/\",\"url\":\"https:\\\/\\\/gentedebasquet.com.ar\\\/sitio\\\/2017\\\/04\\\/29\\\/el-albo-hizo-valer-su-localia\\\/\",\"name\":\"El Albo hizo valer su local\u00eda - Gente de B\u00e1squet\",\"isPartOf\":{\"@id\":\"https:\\\/\\\/gentedebasquet.com.ar\\\/sitio\\\/#website\"},\"primaryImageOfPage\":{\"@id\":\"https:\\\/\\\/gentedebasquet.com.ar\\\/sitio\\\/2017\\\/04\\\/29\\\/el-albo-hizo-valer-su-localia\\\/#primaryimage\"},\"image\":{\"@id\":\"https:\\\/\\\/gentedebasquet.com.ar\\\/sitio\\\/2017\\\/04\\\/29\\\/el-albo-hizo-valer-su-localia\\\/#primaryimage\"},\"thumbnailUrl\":\"\",\"datePublished\":\"2017-04-29T19:49:59+00:00\",\"author\":{\"@id\":\"https:\\\/\\\/gentedebasquet.com.ar\\\/sitio\\\/#\\\/schema\\\/person\\\/f54889fb9099209ef88ce60d059ed22f\"},\"breadcrumb\":{\"@id\":\"https:\\\/\\\/gentedebasquet.com.ar\\\/sitio\\\/2017\\\/04\\\/29\\\/el-albo-hizo-valer-su-localia\\\/#breadcrumb\"},\"inLanguage\":\"es\",\"potentialAction\":[{\"@type\":\"ReadAction\",\"target\":[\"https:\\\/\\\/gentedebasquet.com.ar\\\/sitio\\\/2017\\\/04\\\/29\\\/el-albo-hizo-valer-su-localia\\\/\"]}]},{\"@type\":\"ImageObject\",\"inLanguage\":\"es\",\"@id\":\"https:\\\/\\\/gentedebasquet.com.ar\\\/sitio\\\/2017\\\/04\\\/29\\\/el-albo-hizo-valer-su-localia\\\/#primaryimage\",\"url\":\"\",\"contentUrl\":\"\"},{\"@type\":\"BreadcrumbList\",\"@id\":\"https:\\\/\\\/gentedebasquet.com.ar\\\/sitio\\\/2017\\\/04\\\/29\\\/el-albo-hizo-valer-su-localia\\\/#breadcrumb\",\"itemListElement\":[{\"@type\":\"ListItem\",\"position\":1,\"name\":\"Portada\",\"item\":\"https:\\\/\\\/gentedebasquet.com.ar\\\/sitio\\\/\"},{\"@type\":\"ListItem\",\"position\":2,\"name\":\"El Albo hizo valer su local\u00eda\"}]},{\"@type\":\"WebSite\",\"@id\":\"https:\\\/\\\/gentedebasquet.com.ar\\\/sitio\\\/#website\",\"url\":\"https:\\\/\\\/gentedebasquet.com.ar\\\/sitio\\\/\",\"name\":\"Gente de B\u00e1squet\",\"description\":\"La revista del basquet de Bah\u00eda Blanca\",\"potentialAction\":[{\"@type\":\"SearchAction\",\"target\":{\"@type\":\"EntryPoint\",\"urlTemplate\":\"https:\\\/\\\/gentedebasquet.com.ar\\\/sitio\\\/?s={search_term_string}\"},\"query-input\":{\"@type\":\"PropertyValueSpecification\",\"valueRequired\":true,\"valueName\":\"search_term_string\"}}],\"inLanguage\":\"es\"},{\"@type\":\"Person\",\"@id\":\"https:\\\/\\\/gentedebasquet.com.ar\\\/sitio\\\/#\\\/schema\\\/person\\\/f54889fb9099209ef88ce60d059ed22f\",\"name\":\"Nahuel Gavil\u00e1n\",\"image\":{\"@type\":\"ImageObject\",\"inLanguage\":\"es\",\"@id\":\"https:\\\/\\\/secure.gravatar.com\\\/avatar\\\/3955ef9a6eb53189ae35bcc6f9b4c93139aaf79efbd7cbda30fda5566705e333?s=96&d=mm&r=g\",\"url\":\"https:\\\/\\\/secure.gravatar.com\\\/avatar\\\/3955ef9a6eb53189ae35bcc6f9b4c93139aaf79efbd7cbda30fda5566705e333?s=96&d=mm&r=g\",\"contentUrl\":\"https:\\\/\\\/secure.gravatar.com\\\/avatar\\\/3955ef9a6eb53189ae35bcc6f9b4c93139aaf79efbd7cbda30fda5566705e333?s=96&d=mm&r=g\",\"caption\":\"Nahuel Gavil\u00e1n\"},\"url\":\"https:\\\/\\\/gentedebasquet.com.ar\\\/sitio\\\/author\\\/nahuel-gavilan\\\/\"}]}<\/script>\n<!-- \/ Yoast SEO plugin. -->","yoast_head_json":{"title":"El Albo hizo valer su local\u00eda - Gente de B\u00e1squet","robots":{"index":"index","follow":"follow","max-snippet":"max-snippet:-1","max-image-preview":"max-image-preview:large","max-video-preview":"max-video-preview:-1"},"canonical":"https:\/\/gentedebasquet.com.ar\/sitio\/2017\/04\/29\/el-albo-hizo-valer-su-localia\/","og_locale":"es_ES","og_type":"article","og_title":"El Albo hizo valer su local\u00eda - Gente de B\u00e1squet","og_description":"En Juveniles, Estudiantes dio cuenta de Napost\u00e1 por 71 a 54","og_url":"https:\/\/gentedebasquet.com.ar\/sitio\/2017\/04\/29\/el-albo-hizo-valer-su-localia\/","og_site_name":"Gente de B\u00e1squet","article_published_time":"2017-04-29T19:49:59+00:00","author":"Nahuel Gavil\u00e1n","twitter_card":"summary_large_image","twitter_misc":{"Escrito por":"Nahuel Gavil\u00e1n","Tiempo de lectura":"2 minutos"},"schema":{"@context":"https:\/\/schema.org","@graph":[{"@type":"Article","@id":"https:\/\/gentedebasquet.com.ar\/sitio\/2017\/04\/29\/el-albo-hizo-valer-su-localia\/#article","isPartOf":{"@id":"https:\/\/gentedebasquet.com.ar\/sitio\/2017\/04\/29\/el-albo-hizo-valer-su-localia\/"},"author":{"name":"Nahuel Gavil\u00e1n","@id":"https:\/\/gentedebasquet.com.ar\/sitio\/#\/schema\/person\/f54889fb9099209ef88ce60d059ed22f"},"headline":"El Albo hizo valer su local\u00eda","datePublished":"2017-04-29T19:49:59+00:00","mainEntityOfPage":{"@id":"https:\/\/gentedebasquet.com.ar\/sitio\/2017\/04\/29\/el-albo-hizo-valer-su-localia\/"},"wordCount":409,"image":{"@id":"https:\/\/gentedebasquet.com.ar\/sitio\/2017\/04\/29\/el-albo-hizo-valer-su-localia\/#primaryimage"},"thumbnailUrl":"","keywords":["Estudiantes","Naposta"],"articleSection":["Slide","U19"],"inLanguage":"es"},{"@type":"WebPage","@id":"https:\/\/gentedebasquet.com.ar\/sitio\/2017\/04\/29\/el-albo-hizo-valer-su-localia\/","url":"https:\/\/gentedebasquet.com.ar\/sitio\/2017\/04\/29\/el-albo-hizo-valer-su-localia\/","name":"El Albo hizo valer su local\u00eda - Gente de B\u00e1squet","isPartOf":{"@id":"https:\/\/gentedebasquet.com.ar\/sitio\/#website"},"primaryImageOfPage":{"@id":"https:\/\/gentedebasquet.com.ar\/sitio\/2017\/04\/29\/el-albo-hizo-valer-su-localia\/#primaryimage"},"image":{"@id":"https:\/\/gentedebasquet.com.ar\/sitio\/2017\/04\/29\/el-albo-hizo-valer-su-localia\/#primaryimage"},"thumbnailUrl":"","datePublished":"2017-04-29T19:49:59+00:00","author":{"@id":"https:\/\/gentedebasquet.com.ar\/sitio\/#\/schema\/person\/f54889fb9099209ef88ce60d059ed22f"},"breadcrumb":{"@id":"https:\/\/gentedebasquet.com.ar\/sitio\/2017\/04\/29\/el-albo-hizo-valer-su-localia\/#breadcrumb"},"inLanguage":"es","potentialAction":[{"@type":"ReadAction","target":["https:\/\/gentedebasquet.com.ar\/sitio\/2017\/04\/29\/el-albo-hizo-valer-su-localia\/"]}]},{"@type":"ImageObject","inLanguage":"es","@id":"https:\/\/gentedebasquet.com.ar\/sitio\/2017\/04\/29\/el-albo-hizo-valer-su-localia\/#primaryimage","url":"","contentUrl":""},{"@type":"BreadcrumbList","@id":"https:\/\/gentedebasquet.com.ar\/sitio\/2017\/04\/29\/el-albo-hizo-valer-su-localia\/#breadcrumb","itemListElement":[{"@type":"ListItem","position":1,"name":"Portada","item":"https:\/\/gentedebasquet.com.ar\/sitio\/"},{"@type":"ListItem","position":2,"name":"El Albo hizo valer su local\u00eda"}]},{"@type":"WebSite","@id":"https:\/\/gentedebasquet.com.ar\/sitio\/#website","url":"https:\/\/gentedebasquet.com.ar\/sitio\/","name":"Gente de B\u00e1squet","description":"La revista del basquet de Bah\u00eda Blanca","potentialAction":[{"@type":"SearchAction","target":{"@type":"EntryPoint","urlTemplate":"https:\/\/gentedebasquet.com.ar\/sitio\/?s={search_term_string}"},"query-input":{"@type":"PropertyValueSpecification","valueRequired":true,"valueName":"search_term_string"}}],"inLanguage":"es"},{"@type":"Person","@id":"https:\/\/gentedebasquet.com.ar\/sitio\/#\/schema\/person\/f54889fb9099209ef88ce60d059ed22f","name":"Nahuel Gavil\u00e1n","image":{"@type":"ImageObject","inLanguage":"es","@id":"https:\/\/secure.gravatar.com\/avatar\/3955ef9a6eb53189ae35bcc6f9b4c93139aaf79efbd7cbda30fda5566705e333?s=96&d=mm&r=g","url":"https:\/\/secure.gravatar.com\/avatar\/3955ef9a6eb53189ae35bcc6f9b4c93139aaf79efbd7cbda30fda5566705e333?s=96&d=mm&r=g","contentUrl":"https:\/\/secure.gravatar.com\/avatar\/3955ef9a6eb53189ae35bcc6f9b4c93139aaf79efbd7cbda30fda5566705e333?s=96&d=mm&r=g","caption":"Nahuel Gavil\u00e1n"},"url":"https:\/\/gentedebasquet.com.ar\/sitio\/author\/nahuel-gavilan\/"}]}},"_links":{"self":[{"href":"https:\/\/gentedebasquet.com.ar\/sitio\/wp-json\/wp\/v2\/posts\/71439","targetHints":{"allow":["GET"]}}],"collection":[{"href":"https:\/\/gentedebasquet.com.ar\/sitio\/wp-json\/wp\/v2\/posts"}],"about":[{"href":"https:\/\/gentedebasquet.com.ar\/sitio\/wp-json\/wp\/v2\/types\/post"}],"author":[{"embeddable":true,"href":"https:\/\/gentedebasquet.com.ar\/sitio\/wp-json\/wp\/v2\/users\/55"}],"replies":[{"embeddable":true,"href":"https:\/\/gentedebasquet.com.ar\/sitio\/wp-json\/wp\/v2\/comments?post=71439"}],"version-history":[{"count":0,"href":"https:\/\/gentedebasquet.com.ar\/sitio\/wp-json\/wp\/v2\/posts\/71439\/revisions"}],"wp:featuredmedia":[{"embeddable":true,"href":"https:\/\/gentedebasquet.com.ar\/sitio\/wp-json\/"}],"wp:attachment":[{"href":"https:\/\/gentedebasquet.com.ar\/sitio\/wp-json\/wp\/v2\/media?parent=71439"}],"wp:term":[{"taxonomy":"category","embeddable":true,"href":"https:\/\/gentedebasquet.com.ar\/sitio\/wp-json\/wp\/v2\/categories?post=71439"},{"taxonomy":"post_tag","embeddable":true,"href":"https:\/\/gentedebasquet.com.ar\/sitio\/wp-json\/wp\/v2\/tags?post=71439"}],"curies":[{"name":"wp","href":"https:\/\/api.w.org\/{rel}","templated":true}]}}