{"id":71748,"date":"2017-05-05T23:38:49","date_gmt":"2017-05-06T02:38:49","guid":{"rendered":"http:\/\/www.gentedebasquet.com.ar\/?p=71748"},"modified":"2017-05-05T23:38:49","modified_gmt":"2017-05-06T02:38:49","slug":"en-casa-mando-yo-5","status":"publish","type":"post","link":"https:\/\/gentedebasquet.com.ar\/sitio\/2017\/05\/05\/en-casa-mando-yo-5\/","title":{"rendered":"En casa mando yo"},"content":{"rendered":"<p><strong>En el N\u00e9stor Damiani, 9 de Julio supero de manera indiscutible a Comercial por 85-49. El equipo local con un primer cuarto pobre, pudo desplegar las alas en los siguientes, neutralizando de manera perfecta al rival. Cont\u00f3 con actuaciones destacadas de Lucas Lucchetti (19), Agust\u00edn Pena (18) y Manuel Costa (15). Mientras que por el lado de Comercial sobresalieron Mat\u00edas Fern\u00e1ndez y Julio Gim\u00e9nez, ambos con 10 puntos. <a href=\"http:\/\/www.gentedebasquet.com.ar\/con-sabor-a-canella\/\" target=\"_blank\" rel=\"noopener\">Gracias a la derrota de Argentino<\/a>, \u00ab9\u00bb es el \u00fanico l\u00edder del certamen.<\/strong><\/p>\n<p>Los papeles mostraban claro candidato a 9 de Julio: primero en la tabla, con cinco victorias al hilo e invicto como local. Mientras que Comercial todo lo contrario, en el fondo de la tabla, su \u00faltimo triunfo fue <a href=\"http:\/\/www.gentedebasquet.com.ar\/comercial-a-puro-corazon\/\" target=\"_blank\" rel=\"noopener\">contra Whitense un mesa atr\u00e1s<\/a> y con una racha adversa.<\/p>\n<p><a href=\"http:\/\/www.gentedebasquet.com.ar\/wp-content\/uploads\/2017\/05\/11-1.jpg\" rel=\"attachment wp-att-71766\"><img decoding=\"async\" class=\"size-medium wp-image-71766 alignright\" src=\"http:\/\/www.gentedebasquet.com.ar\/wp-content\/uploads\/2017\/05\/11-1-300x169.jpg\" alt=\"11\" width=\"300\" height=\"169\" \/><\/a><\/p>\n<p>La realidad en que los primeros 10 minutos fueron parejos, ambos equipos entraron err\u00e1ticos pero luego supieron amigarse con el aro.<\/p>\n<p>Nueve de Julio -si bien\u00a0se llev\u00f3 este primer episodio- no defendi\u00f3 de la mejor manera, algo que la visita pudo aprovechar al m\u00e1ximo, consiguiendo su mejor cuarto. El local depend\u00eda mucho de lo que pudiera hacer Lucas Lucchetti (11), quien era quien mostraba el camino.\u00a0Mientras que por Comercial reca\u00eda en la conducci\u00f3n de Mat\u00edas Fern\u00e1ndez y la punter\u00eda de Juan Pablo Babino (6).<\/p>\n<p>Ya en el 2C se vio lo que reflejaba\u00a0el momento de ambos equipos: 9 de Julio domin\u00f3 y sobre todo mejor\u00f3 su rol en defensa. Era un equipo cuando Lucchetti estaba en la cancha y otro cuando no, adem\u00e1s es un conjunto que a pesar de que sus figuras no estuvieran en el campo de juego los relevos hacen bien su trabajo.<\/p>\n<p>Mientras que a Comercial le costaba y mucho marcar, al punto tal que a los 3m09 solo hab\u00eda convertido 7 puntos (4 de Gim\u00e9nez, 2 de Fern\u00e1ndez y 1 de Achaerandio). El local borr\u00f3 de la cancha a su rival, consiguiendo estirar al ventaja a 12 (44-32)<\/p>\n<blockquote><p><em>El primer cuarto no defendimos a nadie, en el segundo mejoramos atr\u00e1s\u00a0que era lo m\u00e1s importante y pudimos sacar la diferencia. La clave del partido pasa por la defensa, la presi\u00f3n y correr en contra ataque, algo que no est\u00e1bamos haciendo (Lucas Lucchetti)<\/em><\/p><\/blockquote>\n<p>A la vuelta de los vestuarios 9 de Julio no par\u00f3 su andar, no baj\u00f3 la marcha y realiz\u00f3 un partido perfecto en defensa, con la intenci\u00f3n de no dejar jugar al rival ahogando a su conductor Fern\u00e1ndez para que no pudiera pensar.<\/p>\n<p><img decoding=\"async\" class=\"size-medium wp-image-71767 alignleft\" src=\"http:\/\/www.gentedebasquet.com.ar\/wp-content\/uploads\/2017\/05\/12-1-300x169.jpg\" alt=\"12\" width=\"300\" height=\"169\" \/><\/p>\n<p>A los 4m26s el local hab\u00eda convertido 11 tantos mientras que la visita solo 3 (Fern\u00e1ndez). La diferencia en el campo de juego era notable, reci\u00e9n a 1m34s Comercial pudo convertir su primer y \u00fanico triple de la mano de Lucas Vinderola. Mientras que los dirigidos por Iannamico no pararon y cuando se terminaba el cuarto Manuel Costa convirti\u00f3 un triple casi de mitad de cancha estirando la ventaja a 27.<\/p>\n<p>Ya con el resultado dicho, el 4C transit\u00f3 con 9 de Julio dominado y Comercial intentando progresar.<\/p>\n<p>Iannamico puso a todos sus jugadores para que sumaran minutos, mientras que la visita segu\u00eda dependiendo de individualidades y apenas pudo convertir 8 puntos.<\/p>\n<p><iframe loading=\"lazy\" width=\"560\" height=\"315\" src=\"https:\/\/www.youtube.com\/embed\/CGXHS2-q5lE\" frameborder=\"0\" allowfullscreen><\/iframe><\/p>\n<p><strong>S\u00edntesis<\/strong> | Segunda Divisi\u00f3n \u2013 Primer Tramo &#8211; Fecha #12<\/p>\n<p><strong>9 de Julio 85:<\/strong> Agust\u00edn Pena 18, Lucas Lucchetti 19,\u00a0Fernando Pe\u00f1alver 8, Guillermo Mallemaci 8, Facundo Mart\u00ednez 8 (x)(FI); Alan Prost 0,\u00a0Manuel Costa 15,\u00a0Cristian Bisterfeld 2, Francisco Bonaguro 5, Rodrigo Blanco 0, Federico Escobar 0 y Santiago Paredes 2. DT: Andr\u00e9s Iannamico.<\/p>\n<p><strong>Comercial 49<\/strong>: Mat\u00edas Fernandez 10, Mart\u00edn Godoy 5, Franco Mastrandrea 5, Juan Pablo Babino 8, Ramiro Achaerando 5 (FI); Ignacio D\u00edaz Caspe 2, Julio Gim\u00e9nez 10, Ramiro Rivieres 0, Lucas Vinderola 4 y Jano Duca 0. DT: Patricio Sangineto<\/p>\n<p><strong>Parciales: <\/strong>23-20, 44-32 (21-12), 68-41 (24-9) y 85-49 (23-8).<\/p>\n<p><strong>\u00c1rbitros:<\/strong> Eduardo Ferreyra &#8211;\u00a0Juan Gabriel Jaramillo<\/p>\n<p><strong>Estadio:<\/strong> N\u00e9stor Damiani (9 de Julio).<\/p>\n<p><a href=\"https:\/\/docs.google.com\/spreadsheets\/d\/13Ql0SD09tB-QPvhBroTc4cEOkp7aH1lRciftLWKjyXA\/pubhtml\" target=\"_blank\" rel=\"noopener\">Ver planilla<\/a><\/p>\n","protected":false},"excerpt":{"rendered":"<p>9 de Julio venci\u00f3 85-49 a Comercial, sigue con el pie derecho y es \u00fanico l\u00edder <\/p>\n","protected":false},"author":1,"featured_media":71762,"comment_status":"closed","ping_status":"open","sticky":false,"template":"","format":"standard","meta":{"jnews-multi-image_gallery":[],"jnews_single_post":[],"jnews_primary_category":[],"footnotes":""},"categories":[25,101],"tags":[2,7,361],"class_list":["post-71748","post","type-post","status-publish","format-standard","has-post-thumbnail","hentry","category-segunda","category-slide","tag-9dejulio","tag-comercial","tag-lucas-lucchetti"],"yoast_head":"<!-- This site is optimized with the Yoast SEO plugin v27.5 - https:\/\/yoast.com\/product\/yoast-seo-wordpress\/ -->\n<title>En casa mando yo - Gente de B\u00e1squet<\/title>\n<meta name=\"robots\" content=\"index, follow, max-snippet:-1, max-image-preview:large, max-video-preview:-1\" \/>\n<link rel=\"canonical\" href=\"https:\/\/gentedebasquet.com.ar\/sitio\/2017\/05\/05\/en-casa-mando-yo-5\/\" \/>\n<meta property=\"og:locale\" content=\"es_ES\" \/>\n<meta property=\"og:type\" content=\"article\" \/>\n<meta property=\"og:title\" content=\"En casa mando yo - Gente de B\u00e1squet\" \/>\n<meta property=\"og:description\" content=\"9 de Julio venci\u00f3 85-49 a Comercial, sigue con el pie derecho y es \u00fanico l\u00edder\" \/>\n<meta property=\"og:url\" content=\"https:\/\/gentedebasquet.com.ar\/sitio\/2017\/05\/05\/en-casa-mando-yo-5\/\" \/>\n<meta property=\"og:site_name\" content=\"Gente de B\u00e1squet\" \/>\n<meta property=\"article:published_time\" content=\"2017-05-06T02:38:49+00:00\" \/>\n<meta name=\"author\" content=\"Gente de B\u00e1squet\" \/>\n<meta name=\"twitter:card\" content=\"summary_large_image\" \/>\n<meta name=\"twitter:label1\" content=\"Escrito por\" \/>\n\t<meta name=\"twitter:data1\" content=\"Gente de B\u00e1squet\" \/>\n\t<meta name=\"twitter:label2\" content=\"Tiempo de lectura\" \/>\n\t<meta name=\"twitter:data2\" content=\"3 minutos\" \/>\n<script type=\"application\/ld+json\" class=\"yoast-schema-graph\">{\"@context\":\"https:\\\/\\\/schema.org\",\"@graph\":[{\"@type\":\"Article\",\"@id\":\"https:\\\/\\\/gentedebasquet.com.ar\\\/sitio\\\/2017\\\/05\\\/05\\\/en-casa-mando-yo-5\\\/#article\",\"isPartOf\":{\"@id\":\"https:\\\/\\\/gentedebasquet.com.ar\\\/sitio\\\/2017\\\/05\\\/05\\\/en-casa-mando-yo-5\\\/\"},\"author\":{\"name\":\"Gente de B\u00e1squet\",\"@id\":\"https:\\\/\\\/gentedebasquet.com.ar\\\/sitio\\\/#\\\/schema\\\/person\\\/ca0b63bbb977369988a7bbbdc519943a\"},\"headline\":\"En casa mando yo\",\"datePublished\":\"2017-05-06T02:38:49+00:00\",\"mainEntityOfPage\":{\"@id\":\"https:\\\/\\\/gentedebasquet.com.ar\\\/sitio\\\/2017\\\/05\\\/05\\\/en-casa-mando-yo-5\\\/\"},\"wordCount\":638,\"image\":{\"@id\":\"https:\\\/\\\/gentedebasquet.com.ar\\\/sitio\\\/2017\\\/05\\\/05\\\/en-casa-mando-yo-5\\\/#primaryimage\"},\"thumbnailUrl\":\"\",\"keywords\":[\"9 de Julio\",\"Comercial\",\"Lucas Lucchetti\"],\"articleSection\":[\"Segunda\",\"Slide\"],\"inLanguage\":\"es\"},{\"@type\":\"WebPage\",\"@id\":\"https:\\\/\\\/gentedebasquet.com.ar\\\/sitio\\\/2017\\\/05\\\/05\\\/en-casa-mando-yo-5\\\/\",\"url\":\"https:\\\/\\\/gentedebasquet.com.ar\\\/sitio\\\/2017\\\/05\\\/05\\\/en-casa-mando-yo-5\\\/\",\"name\":\"En casa mando yo - Gente de B\u00e1squet\",\"isPartOf\":{\"@id\":\"https:\\\/\\\/gentedebasquet.com.ar\\\/sitio\\\/#website\"},\"primaryImageOfPage\":{\"@id\":\"https:\\\/\\\/gentedebasquet.com.ar\\\/sitio\\\/2017\\\/05\\\/05\\\/en-casa-mando-yo-5\\\/#primaryimage\"},\"image\":{\"@id\":\"https:\\\/\\\/gentedebasquet.com.ar\\\/sitio\\\/2017\\\/05\\\/05\\\/en-casa-mando-yo-5\\\/#primaryimage\"},\"thumbnailUrl\":\"\",\"datePublished\":\"2017-05-06T02:38:49+00:00\",\"author\":{\"@id\":\"https:\\\/\\\/gentedebasquet.com.ar\\\/sitio\\\/#\\\/schema\\\/person\\\/ca0b63bbb977369988a7bbbdc519943a\"},\"breadcrumb\":{\"@id\":\"https:\\\/\\\/gentedebasquet.com.ar\\\/sitio\\\/2017\\\/05\\\/05\\\/en-casa-mando-yo-5\\\/#breadcrumb\"},\"inLanguage\":\"es\",\"potentialAction\":[{\"@type\":\"ReadAction\",\"target\":[\"https:\\\/\\\/gentedebasquet.com.ar\\\/sitio\\\/2017\\\/05\\\/05\\\/en-casa-mando-yo-5\\\/\"]}]},{\"@type\":\"ImageObject\",\"inLanguage\":\"es\",\"@id\":\"https:\\\/\\\/gentedebasquet.com.ar\\\/sitio\\\/2017\\\/05\\\/05\\\/en-casa-mando-yo-5\\\/#primaryimage\",\"url\":\"\",\"contentUrl\":\"\"},{\"@type\":\"BreadcrumbList\",\"@id\":\"https:\\\/\\\/gentedebasquet.com.ar\\\/sitio\\\/2017\\\/05\\\/05\\\/en-casa-mando-yo-5\\\/#breadcrumb\",\"itemListElement\":[{\"@type\":\"ListItem\",\"position\":1,\"name\":\"Portada\",\"item\":\"https:\\\/\\\/gentedebasquet.com.ar\\\/sitio\\\/\"},{\"@type\":\"ListItem\",\"position\":2,\"name\":\"En casa mando yo\"}]},{\"@type\":\"WebSite\",\"@id\":\"https:\\\/\\\/gentedebasquet.com.ar\\\/sitio\\\/#website\",\"url\":\"https:\\\/\\\/gentedebasquet.com.ar\\\/sitio\\\/\",\"name\":\"Gente de B\u00e1squet\",\"description\":\"La revista del basquet de Bah\u00eda Blanca\",\"potentialAction\":[{\"@type\":\"SearchAction\",\"target\":{\"@type\":\"EntryPoint\",\"urlTemplate\":\"https:\\\/\\\/gentedebasquet.com.ar\\\/sitio\\\/?s={search_term_string}\"},\"query-input\":{\"@type\":\"PropertyValueSpecification\",\"valueRequired\":true,\"valueName\":\"search_term_string\"}}],\"inLanguage\":\"es\"},{\"@type\":\"Person\",\"@id\":\"https:\\\/\\\/gentedebasquet.com.ar\\\/sitio\\\/#\\\/schema\\\/person\\\/ca0b63bbb977369988a7bbbdc519943a\",\"name\":\"Gente de B\u00e1squet\",\"image\":{\"@type\":\"ImageObject\",\"inLanguage\":\"es\",\"@id\":\"https:\\\/\\\/secure.gravatar.com\\\/avatar\\\/7f2c48bdc33b30088f941fb6082e555f2874c98e20cb159d7b92b50eadfce793?s=96&d=mm&r=g\",\"url\":\"https:\\\/\\\/secure.gravatar.com\\\/avatar\\\/7f2c48bdc33b30088f941fb6082e555f2874c98e20cb159d7b92b50eadfce793?s=96&d=mm&r=g\",\"contentUrl\":\"https:\\\/\\\/secure.gravatar.com\\\/avatar\\\/7f2c48bdc33b30088f941fb6082e555f2874c98e20cb159d7b92b50eadfce793?s=96&d=mm&r=g\",\"caption\":\"Gente de B\u00e1squet\"},\"sameAs\":[\"http:\\\/\\\/gentedebasquet.com.ar\\\/sitio\"],\"url\":\"https:\\\/\\\/gentedebasquet.com.ar\\\/sitio\\\/author\\\/ulises\\\/\"}]}<\/script>\n<!-- \/ Yoast SEO plugin. -->","yoast_head_json":{"title":"En casa mando yo - Gente de B\u00e1squet","robots":{"index":"index","follow":"follow","max-snippet":"max-snippet:-1","max-image-preview":"max-image-preview:large","max-video-preview":"max-video-preview:-1"},"canonical":"https:\/\/gentedebasquet.com.ar\/sitio\/2017\/05\/05\/en-casa-mando-yo-5\/","og_locale":"es_ES","og_type":"article","og_title":"En casa mando yo - Gente de B\u00e1squet","og_description":"9 de Julio venci\u00f3 85-49 a Comercial, sigue con el pie derecho y es \u00fanico l\u00edder","og_url":"https:\/\/gentedebasquet.com.ar\/sitio\/2017\/05\/05\/en-casa-mando-yo-5\/","og_site_name":"Gente de B\u00e1squet","article_published_time":"2017-05-06T02:38:49+00:00","author":"Gente de B\u00e1squet","twitter_card":"summary_large_image","twitter_misc":{"Escrito por":"Gente de B\u00e1squet","Tiempo de lectura":"3 minutos"},"schema":{"@context":"https:\/\/schema.org","@graph":[{"@type":"Article","@id":"https:\/\/gentedebasquet.com.ar\/sitio\/2017\/05\/05\/en-casa-mando-yo-5\/#article","isPartOf":{"@id":"https:\/\/gentedebasquet.com.ar\/sitio\/2017\/05\/05\/en-casa-mando-yo-5\/"},"author":{"name":"Gente de B\u00e1squet","@id":"https:\/\/gentedebasquet.com.ar\/sitio\/#\/schema\/person\/ca0b63bbb977369988a7bbbdc519943a"},"headline":"En casa mando yo","datePublished":"2017-05-06T02:38:49+00:00","mainEntityOfPage":{"@id":"https:\/\/gentedebasquet.com.ar\/sitio\/2017\/05\/05\/en-casa-mando-yo-5\/"},"wordCount":638,"image":{"@id":"https:\/\/gentedebasquet.com.ar\/sitio\/2017\/05\/05\/en-casa-mando-yo-5\/#primaryimage"},"thumbnailUrl":"","keywords":["9 de Julio","Comercial","Lucas Lucchetti"],"articleSection":["Segunda","Slide"],"inLanguage":"es"},{"@type":"WebPage","@id":"https:\/\/gentedebasquet.com.ar\/sitio\/2017\/05\/05\/en-casa-mando-yo-5\/","url":"https:\/\/gentedebasquet.com.ar\/sitio\/2017\/05\/05\/en-casa-mando-yo-5\/","name":"En casa mando yo - Gente de B\u00e1squet","isPartOf":{"@id":"https:\/\/gentedebasquet.com.ar\/sitio\/#website"},"primaryImageOfPage":{"@id":"https:\/\/gentedebasquet.com.ar\/sitio\/2017\/05\/05\/en-casa-mando-yo-5\/#primaryimage"},"image":{"@id":"https:\/\/gentedebasquet.com.ar\/sitio\/2017\/05\/05\/en-casa-mando-yo-5\/#primaryimage"},"thumbnailUrl":"","datePublished":"2017-05-06T02:38:49+00:00","author":{"@id":"https:\/\/gentedebasquet.com.ar\/sitio\/#\/schema\/person\/ca0b63bbb977369988a7bbbdc519943a"},"breadcrumb":{"@id":"https:\/\/gentedebasquet.com.ar\/sitio\/2017\/05\/05\/en-casa-mando-yo-5\/#breadcrumb"},"inLanguage":"es","potentialAction":[{"@type":"ReadAction","target":["https:\/\/gentedebasquet.com.ar\/sitio\/2017\/05\/05\/en-casa-mando-yo-5\/"]}]},{"@type":"ImageObject","inLanguage":"es","@id":"https:\/\/gentedebasquet.com.ar\/sitio\/2017\/05\/05\/en-casa-mando-yo-5\/#primaryimage","url":"","contentUrl":""},{"@type":"BreadcrumbList","@id":"https:\/\/gentedebasquet.com.ar\/sitio\/2017\/05\/05\/en-casa-mando-yo-5\/#breadcrumb","itemListElement":[{"@type":"ListItem","position":1,"name":"Portada","item":"https:\/\/gentedebasquet.com.ar\/sitio\/"},{"@type":"ListItem","position":2,"name":"En casa mando yo"}]},{"@type":"WebSite","@id":"https:\/\/gentedebasquet.com.ar\/sitio\/#website","url":"https:\/\/gentedebasquet.com.ar\/sitio\/","name":"Gente de B\u00e1squet","description":"La revista del basquet de Bah\u00eda Blanca","potentialAction":[{"@type":"SearchAction","target":{"@type":"EntryPoint","urlTemplate":"https:\/\/gentedebasquet.com.ar\/sitio\/?s={search_term_string}"},"query-input":{"@type":"PropertyValueSpecification","valueRequired":true,"valueName":"search_term_string"}}],"inLanguage":"es"},{"@type":"Person","@id":"https:\/\/gentedebasquet.com.ar\/sitio\/#\/schema\/person\/ca0b63bbb977369988a7bbbdc519943a","name":"Gente de B\u00e1squet","image":{"@type":"ImageObject","inLanguage":"es","@id":"https:\/\/secure.gravatar.com\/avatar\/7f2c48bdc33b30088f941fb6082e555f2874c98e20cb159d7b92b50eadfce793?s=96&d=mm&r=g","url":"https:\/\/secure.gravatar.com\/avatar\/7f2c48bdc33b30088f941fb6082e555f2874c98e20cb159d7b92b50eadfce793?s=96&d=mm&r=g","contentUrl":"https:\/\/secure.gravatar.com\/avatar\/7f2c48bdc33b30088f941fb6082e555f2874c98e20cb159d7b92b50eadfce793?s=96&d=mm&r=g","caption":"Gente de B\u00e1squet"},"sameAs":["http:\/\/gentedebasquet.com.ar\/sitio"],"url":"https:\/\/gentedebasquet.com.ar\/sitio\/author\/ulises\/"}]}},"_links":{"self":[{"href":"https:\/\/gentedebasquet.com.ar\/sitio\/wp-json\/wp\/v2\/posts\/71748","targetHints":{"allow":["GET"]}}],"collection":[{"href":"https:\/\/gentedebasquet.com.ar\/sitio\/wp-json\/wp\/v2\/posts"}],"about":[{"href":"https:\/\/gentedebasquet.com.ar\/sitio\/wp-json\/wp\/v2\/types\/post"}],"author":[{"embeddable":true,"href":"https:\/\/gentedebasquet.com.ar\/sitio\/wp-json\/wp\/v2\/users\/1"}],"replies":[{"embeddable":true,"href":"https:\/\/gentedebasquet.com.ar\/sitio\/wp-json\/wp\/v2\/comments?post=71748"}],"version-history":[{"count":0,"href":"https:\/\/gentedebasquet.com.ar\/sitio\/wp-json\/wp\/v2\/posts\/71748\/revisions"}],"wp:featuredmedia":[{"embeddable":true,"href":"https:\/\/gentedebasquet.com.ar\/sitio\/wp-json\/"}],"wp:attachment":[{"href":"https:\/\/gentedebasquet.com.ar\/sitio\/wp-json\/wp\/v2\/media?parent=71748"}],"wp:term":[{"taxonomy":"category","embeddable":true,"href":"https:\/\/gentedebasquet.com.ar\/sitio\/wp-json\/wp\/v2\/categories?post=71748"},{"taxonomy":"post_tag","embeddable":true,"href":"https:\/\/gentedebasquet.com.ar\/sitio\/wp-json\/wp\/v2\/tags?post=71748"}],"curies":[{"name":"wp","href":"https:\/\/api.w.org\/{rel}","templated":true}]}}