{"id":80021,"date":"2018-01-26T22:37:11","date_gmt":"2018-01-27T01:37:11","guid":{"rendered":"http:\/\/www.gentedebasquet.com.ar\/?p=80021"},"modified":"2018-01-26T22:37:11","modified_gmt":"2018-01-27T01:37:11","slug":"estrella-y-un-buen-reinicio","status":"publish","type":"post","link":"https:\/\/gentedebasquet.com.ar\/sitio\/2018\/01\/26\/estrella-y-un-buen-reinicio\/","title":{"rendered":"Estrella y un buen reinicio"},"content":{"rendered":"<p><strong>En la reanudaci\u00f3n del Provincial de Clubes, Estrella se trajo dos puntos importantes de su visita a Olavarr\u00eda al superar a Racing por 83 a 82. El conjunto de Claudio Queti tuvo un gran inicio y domin\u00f3 el tr\u00e1mite del partido hasta el amanecer del 4C, cuando alcanz\u00f3 una luz de 16 puntos (59-75) a 7m16 del cierre, tras bomba de Santiago Quiroga (12). Luego, el Chaira sell\u00f3 un parcial de 23-8 que lo dej\u00f3 muy cerca de dar el golpe. Nahuel Camara (21 y 9 rebotes), el debutante Gast\u00f3n Diomedi (18, 7 tableros y 3 asistencias) y Am\u00edlcar Andreanelli (11 y 7 pases gol) fueron los m\u00e1s destacados del auriazul.<\/strong><\/p>\n<p>&nbsp;<\/p>\n<p>&nbsp;<\/p>\n<p>&nbsp;<\/p>\n<p><strong>S\u00edntesis | <\/strong>Provincial de Clubes &#8211; Segunda Fase &#8211; Zona D &#8211; Fecha #5<\/p>\n<p><strong> Racing (Olavarr\u00eda) 82:<\/strong>\u00a0Gianluca Nolasco 26, Mat\u00edas Santana 11, Mart\u00edn Herrero 11, Andr\u00e9s D&#8217;Alessio 7, Andr\u00e9s Ruiz 0 (Fi); Mauricio Pane 0, I\u00f1aki Lardapide 3, Manuel Gonz\u00e1lez 2, Ayrton Delgado 7, Sebasti\u00e1n D&#8217;Alessio 9 y Manuel Yaben 7. DT: Emiliano Coppero.<\/p>\n<p><strong>Estrella 83:\u00a0<\/strong>Am\u00edlcar\u00a0Andreanelli 11, Gast\u00f3n Diomedi 18, Mariano Trellini 11, Nahuel Camara 21, Le\u00f3n Beresovsky 5 (Fi); Alan Pan 3, Santiago Quiroga 12, Andr\u00e9s Almir\u00f3n 2 y Franco Cardone 0. DT: Claudio Queti.<\/p>\n<p><strong>Parciales:<\/strong> 15-23, 36-38 (21-15), 54-67 (18-29) y 82-83 (28-16).<\/p>\n<p><strong>\u00c1rbitros:<\/strong> Lucas Bianco &#8211; Rodrigo Garc\u00eda.<\/p>\n<p><strong>Estadio:<\/strong> Parque Olavarr\u00eda (Racing).<\/p>\n<p><a href=\"http:\/\/www.fibalivestats.com\/u\/FDBB\/792912\/bs.html\" target=\"_blank\" rel=\"noopener\">ESTAD\u00cdSTICAS OFICIALES<\/a><\/p>\n<p><strong>Foto:<\/strong> El Popular.<\/p>\n<p>&nbsp;<\/p>\n","protected":false},"excerpt":{"rendered":"<p>Con el debut de Gast\u00f3n Diomedi, venci\u00f3 a Racing en Olavarr\u00eda por 83 a 82<\/p>\n","protected":false},"author":1,"featured_media":80022,"comment_status":"closed","ping_status":"open","sticky":false,"template":"","format":"standard","meta":{"jnews-multi-image_gallery":[],"jnews_single_post":[],"jnews_primary_category":[],"footnotes":""},"categories":[39,63,101],"tags":[10,615,619,270,1099],"class_list":["post-80021","post","type-post","status-publish","format-standard","has-post-thumbnail","hentry","category-nacional","category-prov-de-clubes","category-slide","tag-estrella","tag-gaston-diomedi","tag-mariano-trellini","tag-nahuel-camara","tag-racing-olavarria"],"yoast_head":"<!-- This site is optimized with the Yoast SEO plugin v27.5 - https:\/\/yoast.com\/product\/yoast-seo-wordpress\/ -->\n<title>Estrella y un buen reinicio - Gente de B\u00e1squet<\/title>\n<meta name=\"robots\" content=\"index, follow, max-snippet:-1, max-image-preview:large, max-video-preview:-1\" \/>\n<link rel=\"canonical\" href=\"https:\/\/gentedebasquet.com.ar\/sitio\/2018\/01\/26\/estrella-y-un-buen-reinicio\/\" \/>\n<meta property=\"og:locale\" content=\"es_ES\" \/>\n<meta property=\"og:type\" content=\"article\" \/>\n<meta property=\"og:title\" content=\"Estrella y un buen reinicio - Gente de B\u00e1squet\" \/>\n<meta property=\"og:description\" content=\"Con el debut de Gast\u00f3n Diomedi, venci\u00f3 a Racing en Olavarr\u00eda por 83 a 82\" \/>\n<meta property=\"og:url\" content=\"https:\/\/gentedebasquet.com.ar\/sitio\/2018\/01\/26\/estrella-y-un-buen-reinicio\/\" \/>\n<meta property=\"og:site_name\" content=\"Gente de B\u00e1squet\" \/>\n<meta property=\"article:published_time\" content=\"2018-01-27T01:37:11+00:00\" \/>\n<meta property=\"og:image\" content=\"https:\/\/gentedebasquet.com.ar\/sitio\/wp-content\/uploads\/2018\/01\/Racing-Olavarria-Estrella.jpg\" \/>\n\t<meta property=\"og:image:width\" content=\"690\" \/>\n\t<meta property=\"og:image:height\" content=\"319\" \/>\n\t<meta property=\"og:image:type\" content=\"image\/jpeg\" \/>\n<meta name=\"author\" content=\"Gente de B\u00e1squet\" \/>\n<meta name=\"twitter:card\" content=\"summary_large_image\" \/>\n<meta name=\"twitter:label1\" content=\"Escrito por\" \/>\n\t<meta name=\"twitter:data1\" content=\"Gente de B\u00e1squet\" \/>\n\t<meta name=\"twitter:label2\" content=\"Tiempo de lectura\" \/>\n\t<meta name=\"twitter:data2\" content=\"1 minuto\" \/>\n<script type=\"application\/ld+json\" class=\"yoast-schema-graph\">{\"@context\":\"https:\\\/\\\/schema.org\",\"@graph\":[{\"@type\":\"Article\",\"@id\":\"https:\\\/\\\/gentedebasquet.com.ar\\\/sitio\\\/2018\\\/01\\\/26\\\/estrella-y-un-buen-reinicio\\\/#article\",\"isPartOf\":{\"@id\":\"https:\\\/\\\/gentedebasquet.com.ar\\\/sitio\\\/2018\\\/01\\\/26\\\/estrella-y-un-buen-reinicio\\\/\"},\"author\":{\"name\":\"Gente de B\u00e1squet\",\"@id\":\"https:\\\/\\\/gentedebasquet.com.ar\\\/sitio\\\/#\\\/schema\\\/person\\\/ca0b63bbb977369988a7bbbdc519943a\"},\"headline\":\"Estrella y un buen reinicio\",\"datePublished\":\"2018-01-27T01:37:11+00:00\",\"mainEntityOfPage\":{\"@id\":\"https:\\\/\\\/gentedebasquet.com.ar\\\/sitio\\\/2018\\\/01\\\/26\\\/estrella-y-un-buen-reinicio\\\/\"},\"wordCount\":223,\"image\":{\"@id\":\"https:\\\/\\\/gentedebasquet.com.ar\\\/sitio\\\/2018\\\/01\\\/26\\\/estrella-y-un-buen-reinicio\\\/#primaryimage\"},\"thumbnailUrl\":\"https:\\\/\\\/gentedebasquet.com.ar\\\/sitio\\\/wp-content\\\/uploads\\\/2018\\\/01\\\/Racing-Olavarria-Estrella.jpg\",\"keywords\":[\"Estrella\",\"Gaston Diomedi\",\"Mariano Trellini\",\"Nahuel C\u00e1mara\",\"Racing Olavarr\u00eda\"],\"articleSection\":[\"Nacional\",\"Prov. de Clubes\",\"Slide\"],\"inLanguage\":\"es\"},{\"@type\":\"WebPage\",\"@id\":\"https:\\\/\\\/gentedebasquet.com.ar\\\/sitio\\\/2018\\\/01\\\/26\\\/estrella-y-un-buen-reinicio\\\/\",\"url\":\"https:\\\/\\\/gentedebasquet.com.ar\\\/sitio\\\/2018\\\/01\\\/26\\\/estrella-y-un-buen-reinicio\\\/\",\"name\":\"Estrella y un buen reinicio - Gente de B\u00e1squet\",\"isPartOf\":{\"@id\":\"https:\\\/\\\/gentedebasquet.com.ar\\\/sitio\\\/#website\"},\"primaryImageOfPage\":{\"@id\":\"https:\\\/\\\/gentedebasquet.com.ar\\\/sitio\\\/2018\\\/01\\\/26\\\/estrella-y-un-buen-reinicio\\\/#primaryimage\"},\"image\":{\"@id\":\"https:\\\/\\\/gentedebasquet.com.ar\\\/sitio\\\/2018\\\/01\\\/26\\\/estrella-y-un-buen-reinicio\\\/#primaryimage\"},\"thumbnailUrl\":\"https:\\\/\\\/gentedebasquet.com.ar\\\/sitio\\\/wp-content\\\/uploads\\\/2018\\\/01\\\/Racing-Olavarria-Estrella.jpg\",\"datePublished\":\"2018-01-27T01:37:11+00:00\",\"author\":{\"@id\":\"https:\\\/\\\/gentedebasquet.com.ar\\\/sitio\\\/#\\\/schema\\\/person\\\/ca0b63bbb977369988a7bbbdc519943a\"},\"breadcrumb\":{\"@id\":\"https:\\\/\\\/gentedebasquet.com.ar\\\/sitio\\\/2018\\\/01\\\/26\\\/estrella-y-un-buen-reinicio\\\/#breadcrumb\"},\"inLanguage\":\"es\",\"potentialAction\":[{\"@type\":\"ReadAction\",\"target\":[\"https:\\\/\\\/gentedebasquet.com.ar\\\/sitio\\\/2018\\\/01\\\/26\\\/estrella-y-un-buen-reinicio\\\/\"]}]},{\"@type\":\"ImageObject\",\"inLanguage\":\"es\",\"@id\":\"https:\\\/\\\/gentedebasquet.com.ar\\\/sitio\\\/2018\\\/01\\\/26\\\/estrella-y-un-buen-reinicio\\\/#primaryimage\",\"url\":\"https:\\\/\\\/gentedebasquet.com.ar\\\/sitio\\\/wp-content\\\/uploads\\\/2018\\\/01\\\/Racing-Olavarria-Estrella.jpg\",\"contentUrl\":\"https:\\\/\\\/gentedebasquet.com.ar\\\/sitio\\\/wp-content\\\/uploads\\\/2018\\\/01\\\/Racing-Olavarria-Estrella.jpg\",\"width\":690,\"height\":319},{\"@type\":\"BreadcrumbList\",\"@id\":\"https:\\\/\\\/gentedebasquet.com.ar\\\/sitio\\\/2018\\\/01\\\/26\\\/estrella-y-un-buen-reinicio\\\/#breadcrumb\",\"itemListElement\":[{\"@type\":\"ListItem\",\"position\":1,\"name\":\"Portada\",\"item\":\"https:\\\/\\\/gentedebasquet.com.ar\\\/sitio\\\/\"},{\"@type\":\"ListItem\",\"position\":2,\"name\":\"Estrella y un buen reinicio\"}]},{\"@type\":\"WebSite\",\"@id\":\"https:\\\/\\\/gentedebasquet.com.ar\\\/sitio\\\/#website\",\"url\":\"https:\\\/\\\/gentedebasquet.com.ar\\\/sitio\\\/\",\"name\":\"Gente de B\u00e1squet\",\"description\":\"La revista del basquet de Bah\u00eda Blanca\",\"potentialAction\":[{\"@type\":\"SearchAction\",\"target\":{\"@type\":\"EntryPoint\",\"urlTemplate\":\"https:\\\/\\\/gentedebasquet.com.ar\\\/sitio\\\/?s={search_term_string}\"},\"query-input\":{\"@type\":\"PropertyValueSpecification\",\"valueRequired\":true,\"valueName\":\"search_term_string\"}}],\"inLanguage\":\"es\"},{\"@type\":\"Person\",\"@id\":\"https:\\\/\\\/gentedebasquet.com.ar\\\/sitio\\\/#\\\/schema\\\/person\\\/ca0b63bbb977369988a7bbbdc519943a\",\"name\":\"Gente de B\u00e1squet\",\"image\":{\"@type\":\"ImageObject\",\"inLanguage\":\"es\",\"@id\":\"https:\\\/\\\/secure.gravatar.com\\\/avatar\\\/7f2c48bdc33b30088f941fb6082e555f2874c98e20cb159d7b92b50eadfce793?s=96&d=mm&r=g\",\"url\":\"https:\\\/\\\/secure.gravatar.com\\\/avatar\\\/7f2c48bdc33b30088f941fb6082e555f2874c98e20cb159d7b92b50eadfce793?s=96&d=mm&r=g\",\"contentUrl\":\"https:\\\/\\\/secure.gravatar.com\\\/avatar\\\/7f2c48bdc33b30088f941fb6082e555f2874c98e20cb159d7b92b50eadfce793?s=96&d=mm&r=g\",\"caption\":\"Gente de B\u00e1squet\"},\"sameAs\":[\"http:\\\/\\\/gentedebasquet.com.ar\\\/sitio\"],\"url\":\"https:\\\/\\\/gentedebasquet.com.ar\\\/sitio\\\/author\\\/ulises\\\/\"}]}<\/script>\n<!-- \/ Yoast SEO plugin. -->","yoast_head_json":{"title":"Estrella y un buen reinicio - Gente de B\u00e1squet","robots":{"index":"index","follow":"follow","max-snippet":"max-snippet:-1","max-image-preview":"max-image-preview:large","max-video-preview":"max-video-preview:-1"},"canonical":"https:\/\/gentedebasquet.com.ar\/sitio\/2018\/01\/26\/estrella-y-un-buen-reinicio\/","og_locale":"es_ES","og_type":"article","og_title":"Estrella y un buen reinicio - Gente de B\u00e1squet","og_description":"Con el debut de Gast\u00f3n Diomedi, venci\u00f3 a Racing en Olavarr\u00eda por 83 a 82","og_url":"https:\/\/gentedebasquet.com.ar\/sitio\/2018\/01\/26\/estrella-y-un-buen-reinicio\/","og_site_name":"Gente de B\u00e1squet","article_published_time":"2018-01-27T01:37:11+00:00","og_image":[{"width":690,"height":319,"url":"https:\/\/gentedebasquet.com.ar\/sitio\/wp-content\/uploads\/2018\/01\/Racing-Olavarria-Estrella.jpg","type":"image\/jpeg"}],"author":"Gente de B\u00e1squet","twitter_card":"summary_large_image","twitter_misc":{"Escrito por":"Gente de B\u00e1squet","Tiempo de lectura":"1 minuto"},"schema":{"@context":"https:\/\/schema.org","@graph":[{"@type":"Article","@id":"https:\/\/gentedebasquet.com.ar\/sitio\/2018\/01\/26\/estrella-y-un-buen-reinicio\/#article","isPartOf":{"@id":"https:\/\/gentedebasquet.com.ar\/sitio\/2018\/01\/26\/estrella-y-un-buen-reinicio\/"},"author":{"name":"Gente de B\u00e1squet","@id":"https:\/\/gentedebasquet.com.ar\/sitio\/#\/schema\/person\/ca0b63bbb977369988a7bbbdc519943a"},"headline":"Estrella y un buen reinicio","datePublished":"2018-01-27T01:37:11+00:00","mainEntityOfPage":{"@id":"https:\/\/gentedebasquet.com.ar\/sitio\/2018\/01\/26\/estrella-y-un-buen-reinicio\/"},"wordCount":223,"image":{"@id":"https:\/\/gentedebasquet.com.ar\/sitio\/2018\/01\/26\/estrella-y-un-buen-reinicio\/#primaryimage"},"thumbnailUrl":"https:\/\/gentedebasquet.com.ar\/sitio\/wp-content\/uploads\/2018\/01\/Racing-Olavarria-Estrella.jpg","keywords":["Estrella","Gaston Diomedi","Mariano Trellini","Nahuel C\u00e1mara","Racing Olavarr\u00eda"],"articleSection":["Nacional","Prov. de Clubes","Slide"],"inLanguage":"es"},{"@type":"WebPage","@id":"https:\/\/gentedebasquet.com.ar\/sitio\/2018\/01\/26\/estrella-y-un-buen-reinicio\/","url":"https:\/\/gentedebasquet.com.ar\/sitio\/2018\/01\/26\/estrella-y-un-buen-reinicio\/","name":"Estrella y un buen reinicio - Gente de B\u00e1squet","isPartOf":{"@id":"https:\/\/gentedebasquet.com.ar\/sitio\/#website"},"primaryImageOfPage":{"@id":"https:\/\/gentedebasquet.com.ar\/sitio\/2018\/01\/26\/estrella-y-un-buen-reinicio\/#primaryimage"},"image":{"@id":"https:\/\/gentedebasquet.com.ar\/sitio\/2018\/01\/26\/estrella-y-un-buen-reinicio\/#primaryimage"},"thumbnailUrl":"https:\/\/gentedebasquet.com.ar\/sitio\/wp-content\/uploads\/2018\/01\/Racing-Olavarria-Estrella.jpg","datePublished":"2018-01-27T01:37:11+00:00","author":{"@id":"https:\/\/gentedebasquet.com.ar\/sitio\/#\/schema\/person\/ca0b63bbb977369988a7bbbdc519943a"},"breadcrumb":{"@id":"https:\/\/gentedebasquet.com.ar\/sitio\/2018\/01\/26\/estrella-y-un-buen-reinicio\/#breadcrumb"},"inLanguage":"es","potentialAction":[{"@type":"ReadAction","target":["https:\/\/gentedebasquet.com.ar\/sitio\/2018\/01\/26\/estrella-y-un-buen-reinicio\/"]}]},{"@type":"ImageObject","inLanguage":"es","@id":"https:\/\/gentedebasquet.com.ar\/sitio\/2018\/01\/26\/estrella-y-un-buen-reinicio\/#primaryimage","url":"https:\/\/gentedebasquet.com.ar\/sitio\/wp-content\/uploads\/2018\/01\/Racing-Olavarria-Estrella.jpg","contentUrl":"https:\/\/gentedebasquet.com.ar\/sitio\/wp-content\/uploads\/2018\/01\/Racing-Olavarria-Estrella.jpg","width":690,"height":319},{"@type":"BreadcrumbList","@id":"https:\/\/gentedebasquet.com.ar\/sitio\/2018\/01\/26\/estrella-y-un-buen-reinicio\/#breadcrumb","itemListElement":[{"@type":"ListItem","position":1,"name":"Portada","item":"https:\/\/gentedebasquet.com.ar\/sitio\/"},{"@type":"ListItem","position":2,"name":"Estrella y un buen reinicio"}]},{"@type":"WebSite","@id":"https:\/\/gentedebasquet.com.ar\/sitio\/#website","url":"https:\/\/gentedebasquet.com.ar\/sitio\/","name":"Gente de B\u00e1squet","description":"La revista del basquet de Bah\u00eda Blanca","potentialAction":[{"@type":"SearchAction","target":{"@type":"EntryPoint","urlTemplate":"https:\/\/gentedebasquet.com.ar\/sitio\/?s={search_term_string}"},"query-input":{"@type":"PropertyValueSpecification","valueRequired":true,"valueName":"search_term_string"}}],"inLanguage":"es"},{"@type":"Person","@id":"https:\/\/gentedebasquet.com.ar\/sitio\/#\/schema\/person\/ca0b63bbb977369988a7bbbdc519943a","name":"Gente de B\u00e1squet","image":{"@type":"ImageObject","inLanguage":"es","@id":"https:\/\/secure.gravatar.com\/avatar\/7f2c48bdc33b30088f941fb6082e555f2874c98e20cb159d7b92b50eadfce793?s=96&d=mm&r=g","url":"https:\/\/secure.gravatar.com\/avatar\/7f2c48bdc33b30088f941fb6082e555f2874c98e20cb159d7b92b50eadfce793?s=96&d=mm&r=g","contentUrl":"https:\/\/secure.gravatar.com\/avatar\/7f2c48bdc33b30088f941fb6082e555f2874c98e20cb159d7b92b50eadfce793?s=96&d=mm&r=g","caption":"Gente de B\u00e1squet"},"sameAs":["http:\/\/gentedebasquet.com.ar\/sitio"],"url":"https:\/\/gentedebasquet.com.ar\/sitio\/author\/ulises\/"}]}},"_links":{"self":[{"href":"https:\/\/gentedebasquet.com.ar\/sitio\/wp-json\/wp\/v2\/posts\/80021","targetHints":{"allow":["GET"]}}],"collection":[{"href":"https:\/\/gentedebasquet.com.ar\/sitio\/wp-json\/wp\/v2\/posts"}],"about":[{"href":"https:\/\/gentedebasquet.com.ar\/sitio\/wp-json\/wp\/v2\/types\/post"}],"author":[{"embeddable":true,"href":"https:\/\/gentedebasquet.com.ar\/sitio\/wp-json\/wp\/v2\/users\/1"}],"replies":[{"embeddable":true,"href":"https:\/\/gentedebasquet.com.ar\/sitio\/wp-json\/wp\/v2\/comments?post=80021"}],"version-history":[{"count":0,"href":"https:\/\/gentedebasquet.com.ar\/sitio\/wp-json\/wp\/v2\/posts\/80021\/revisions"}],"wp:featuredmedia":[{"embeddable":true,"href":"https:\/\/gentedebasquet.com.ar\/sitio\/wp-json\/wp\/v2\/media\/80022"}],"wp:attachment":[{"href":"https:\/\/gentedebasquet.com.ar\/sitio\/wp-json\/wp\/v2\/media?parent=80021"}],"wp:term":[{"taxonomy":"category","embeddable":true,"href":"https:\/\/gentedebasquet.com.ar\/sitio\/wp-json\/wp\/v2\/categories?post=80021"},{"taxonomy":"post_tag","embeddable":true,"href":"https:\/\/gentedebasquet.com.ar\/sitio\/wp-json\/wp\/v2\/tags?post=80021"}],"curies":[{"name":"wp","href":"https:\/\/api.w.org\/{rel}","templated":true}]}}