{"id":80074,"date":"2018-01-31T16:10:51","date_gmt":"2018-01-31T19:10:51","guid":{"rendered":"http:\/\/www.gentedebasquet.com.ar\/?p=80074"},"modified":"2018-01-31T16:10:51","modified_gmt":"2018-01-31T19:10:51","slug":"de-bahia-a-los-yog-2018","status":"publish","type":"post","link":"https:\/\/gentedebasquet.com.ar\/sitio\/2018\/01\/31\/de-bahia-a-los-yog-2018\/","title":{"rendered":"De Bah\u00eda a los YOG 2018"},"content":{"rendered":"<p><strong>Con los <a href=\"http:\/\/www.gentedebasquet.com.ar\/un-ano-lleno-de-olimpismo\/\" target=\"_blank\" rel=\"noopener\">Juegos Ol\u00edmpicos de la Juventud Buenos Aires 2018<\/a> en el horizonte, y en el marco de un a\u00f1o trascendental para el 3\u00d73 en nuestro pa\u00eds, la Preselecci\u00f3n Nacional U18 de la disciplina concentrar\u00e1 desde el mi\u00e9rcoles 7 hasta el s\u00e1bado 10 de febrero en Bah\u00eda Blanca. La n\u00f3mina de convocados est\u00e1 compuesta por ocho jugadores de la rama masculina y ocho de la rama femenina, entre los que se encuentran los bahienses Fausto Ruesga (Olimpo) y Juan Cruz Marini (Pac\u00edfico). Mir\u00e1 el <a href=\"http:\/\/www.gentedebasquet.com.ar\/basquet-de-bronce\/\" target=\"_blank\" rel=\"noopener\">antecedente de Rodrigo Gerhardt<\/a>.<\/strong><\/p>\n<p>Dentro de la citaci\u00f3n se encuentran siete de los ocho jugadores que representaron a nuestro pa\u00eds en los Juegos Sudamericanos de la Juventud en Santiago de Chile durante el a\u00f1o pasado. Los cuatro varones que consiguieron la medalla de bronce se encuentran citados, mientras que la \u00fanica ausente en el <a href=\"http:\/\/www.gentedebasquet.com.ar\/cors-y-un-equipo-de-oro\/\" target=\"_blank\" rel=\"noopener\">equipo femenino que consigui\u00f3 el oro, con la bahiense Laura Cors al mando<\/a>, ser\u00e1 Florencia Chagas.<\/p>\n<p><img decoding=\"async\" class=\"size-full wp-image-77294 alignright\" src=\"http:\/\/www.gentedebasquet.com.ar\/wp-content\/uploads\/2017\/10\/11.jpg\" alt=\"\" width=\"400\" height=\"267\" srcset=\"https:\/\/gentedebasquet.com.ar\/sitio\/wp-content\/uploads\/2017\/10\/11.jpg 400w, https:\/\/gentedebasquet.com.ar\/sitio\/wp-content\/uploads\/2017\/10\/11-300x200.jpg 300w\" sizes=\"(max-width: 400px) 100vw, 400px\" \/><\/p>\n<p>Las convocadas en la <strong>rama femenina<\/strong> son: Sof\u00eda Acevedo y Sol Castro de Lan\u00fas, Brenda Fontana de V\u00e9lez Sarsfield, Mar\u00eda Victoria Fux de Atalaya, Victoria Gauna de Talleres de Mendoza, Candela Gentinetta y Laila Raviolo de Ben Hur de Rafaela y Camila Su\u00e1rez de Tom\u00e1s de Rocamora.<\/p>\n<p>La <strong>n\u00f3mina de los varones<\/strong>, que ser\u00e1n dirigidos por Juan Gatti, est\u00e1 compuesta por Bautista Lugarini y Leandro Bolmaro, de Bah\u00eda Basket, Juan De La Fuente de Quilmes de Mar del Plata, Juli\u00e1n Eydall\u00edn de Talleres de Rosario, Fausto Ruesga de Olimpo, Juan Hierrezuelo de San Lorenzo, Juan Ignacio Marcos de Pe\u00f1arol de Mar del Plata y Juan Cruz Marini de Pac\u00edfico.<\/p>\n<p>Ambos equipos se est\u00e1n preparando para representar a nuestro pa\u00eds en los Juegos Ol\u00edmpicos de la Juventud, que se celebrar\u00e1n en Buenos Aires en octubre de este a\u00f1o. Vale recordar que el 3\u00d73 ser\u00e1 el \u00fanico formato de disputa del b\u00e1squetbol en dicho evento.<\/p>\n<p><strong>Fuente:<\/strong> Ra\u00fal Ruscitti (prensa CABB).<\/p>\n","protected":false},"excerpt":{"rendered":"<p>Concentrar\u00e1n en nuestra ciudad las U18 3&#215;3 que ir\u00e1n a los JJOO de Buenos Aires<\/p>\n","protected":false},"author":1,"featured_media":74355,"comment_status":"closed","ping_status":"open","sticky":false,"template":"","format":"standard","meta":{"jnews-multi-image_gallery":[],"jnews_single_post":[],"jnews_primary_category":[],"footnotes":""},"categories":[1493,61,101],"tags":[58,1555,1491,1142,309,1198,1122,1557,16,17,1496],"class_list":["post-80074","post","type-post","status-publish","format-standard","has-post-thumbnail","hentry","category-camino-olimpico","category-selecciones-nacionales","category-slide","tag-bahiabasket","tag-bautista-lugarini","tag-buenos-aires-2018","tag-fausto-ruesga","tag-juan-cruz-marini","tag-juegos-olimpicos","tag-laura-cors","tag-leandro-bolmaro","tag-olimpo","tag-pacifico","tag-yog"],"yoast_head":"<!-- This site is optimized with the Yoast SEO plugin v27.5 - https:\/\/yoast.com\/product\/yoast-seo-wordpress\/ -->\n<title>De Bah\u00eda a los YOG 2018 - Gente de B\u00e1squet<\/title>\n<meta name=\"robots\" content=\"index, follow, max-snippet:-1, max-image-preview:large, max-video-preview:-1\" \/>\n<link rel=\"canonical\" href=\"https:\/\/gentedebasquet.com.ar\/sitio\/2018\/01\/31\/de-bahia-a-los-yog-2018\/\" \/>\n<meta property=\"og:locale\" content=\"es_ES\" \/>\n<meta property=\"og:type\" content=\"article\" \/>\n<meta property=\"og:title\" content=\"De Bah\u00eda a los YOG 2018 - Gente de B\u00e1squet\" \/>\n<meta property=\"og:description\" content=\"Concentrar\u00e1n en nuestra ciudad las U18 3x3 que ir\u00e1n a los JJOO de Buenos Aires\" \/>\n<meta property=\"og:url\" content=\"https:\/\/gentedebasquet.com.ar\/sitio\/2018\/01\/31\/de-bahia-a-los-yog-2018\/\" \/>\n<meta property=\"og:site_name\" content=\"Gente de B\u00e1squet\" \/>\n<meta property=\"article:published_time\" content=\"2018-01-31T19:10:51+00:00\" \/>\n<meta property=\"og:image\" content=\"https:\/\/gentedebasquet.com.ar\/sitio\/wp-content\/uploads\/2017\/07\/Marini-Ruesga-Argentina-U17.jpg\" \/>\n\t<meta property=\"og:image:width\" content=\"690\" \/>\n\t<meta property=\"og:image:height\" content=\"319\" \/>\n\t<meta property=\"og:image:type\" content=\"image\/jpeg\" \/>\n<meta name=\"author\" content=\"Gente de B\u00e1squet\" \/>\n<meta name=\"twitter:card\" content=\"summary_large_image\" \/>\n<meta name=\"twitter:label1\" content=\"Escrito por\" \/>\n\t<meta name=\"twitter:data1\" content=\"Gente de B\u00e1squet\" \/>\n\t<meta name=\"twitter:label2\" content=\"Tiempo de lectura\" \/>\n\t<meta name=\"twitter:data2\" content=\"2 minutos\" \/>\n<script type=\"application\/ld+json\" class=\"yoast-schema-graph\">{\"@context\":\"https:\\\/\\\/schema.org\",\"@graph\":[{\"@type\":\"Article\",\"@id\":\"https:\\\/\\\/gentedebasquet.com.ar\\\/sitio\\\/2018\\\/01\\\/31\\\/de-bahia-a-los-yog-2018\\\/#article\",\"isPartOf\":{\"@id\":\"https:\\\/\\\/gentedebasquet.com.ar\\\/sitio\\\/2018\\\/01\\\/31\\\/de-bahia-a-los-yog-2018\\\/\"},\"author\":{\"name\":\"Gente de B\u00e1squet\",\"@id\":\"https:\\\/\\\/gentedebasquet.com.ar\\\/sitio\\\/#\\\/schema\\\/person\\\/ca0b63bbb977369988a7bbbdc519943a\"},\"headline\":\"De Bah\u00eda a los YOG 2018\",\"datePublished\":\"2018-01-31T19:10:51+00:00\",\"mainEntityOfPage\":{\"@id\":\"https:\\\/\\\/gentedebasquet.com.ar\\\/sitio\\\/2018\\\/01\\\/31\\\/de-bahia-a-los-yog-2018\\\/\"},\"wordCount\":345,\"image\":{\"@id\":\"https:\\\/\\\/gentedebasquet.com.ar\\\/sitio\\\/2018\\\/01\\\/31\\\/de-bahia-a-los-yog-2018\\\/#primaryimage\"},\"thumbnailUrl\":\"https:\\\/\\\/gentedebasquet.com.ar\\\/sitio\\\/wp-content\\\/uploads\\\/2017\\\/07\\\/Marini-Ruesga-Argentina-U17.jpg\",\"keywords\":[\"Bah\u00eda Basket\",\"Bautista Lugarini\",\"Buenos Aires 2018\",\"Fausto Ruesga\",\"Juan Cruz Marini\",\"Juegos Ol\u00edmpicos\",\"Laura Cors\",\"Leandro Bolmaro\",\"Ol\u00edmpo\",\"Pacifico\",\"YOG\"],\"articleSection\":[\"Camino Ol\u00edmpico\",\"Selecciones Nacionales\",\"Slide\"],\"inLanguage\":\"es\"},{\"@type\":\"WebPage\",\"@id\":\"https:\\\/\\\/gentedebasquet.com.ar\\\/sitio\\\/2018\\\/01\\\/31\\\/de-bahia-a-los-yog-2018\\\/\",\"url\":\"https:\\\/\\\/gentedebasquet.com.ar\\\/sitio\\\/2018\\\/01\\\/31\\\/de-bahia-a-los-yog-2018\\\/\",\"name\":\"De Bah\u00eda a los YOG 2018 - Gente de B\u00e1squet\",\"isPartOf\":{\"@id\":\"https:\\\/\\\/gentedebasquet.com.ar\\\/sitio\\\/#website\"},\"primaryImageOfPage\":{\"@id\":\"https:\\\/\\\/gentedebasquet.com.ar\\\/sitio\\\/2018\\\/01\\\/31\\\/de-bahia-a-los-yog-2018\\\/#primaryimage\"},\"image\":{\"@id\":\"https:\\\/\\\/gentedebasquet.com.ar\\\/sitio\\\/2018\\\/01\\\/31\\\/de-bahia-a-los-yog-2018\\\/#primaryimage\"},\"thumbnailUrl\":\"https:\\\/\\\/gentedebasquet.com.ar\\\/sitio\\\/wp-content\\\/uploads\\\/2017\\\/07\\\/Marini-Ruesga-Argentina-U17.jpg\",\"datePublished\":\"2018-01-31T19:10:51+00:00\",\"author\":{\"@id\":\"https:\\\/\\\/gentedebasquet.com.ar\\\/sitio\\\/#\\\/schema\\\/person\\\/ca0b63bbb977369988a7bbbdc519943a\"},\"breadcrumb\":{\"@id\":\"https:\\\/\\\/gentedebasquet.com.ar\\\/sitio\\\/2018\\\/01\\\/31\\\/de-bahia-a-los-yog-2018\\\/#breadcrumb\"},\"inLanguage\":\"es\",\"potentialAction\":[{\"@type\":\"ReadAction\",\"target\":[\"https:\\\/\\\/gentedebasquet.com.ar\\\/sitio\\\/2018\\\/01\\\/31\\\/de-bahia-a-los-yog-2018\\\/\"]}]},{\"@type\":\"ImageObject\",\"inLanguage\":\"es\",\"@id\":\"https:\\\/\\\/gentedebasquet.com.ar\\\/sitio\\\/2018\\\/01\\\/31\\\/de-bahia-a-los-yog-2018\\\/#primaryimage\",\"url\":\"https:\\\/\\\/gentedebasquet.com.ar\\\/sitio\\\/wp-content\\\/uploads\\\/2017\\\/07\\\/Marini-Ruesga-Argentina-U17.jpg\",\"contentUrl\":\"https:\\\/\\\/gentedebasquet.com.ar\\\/sitio\\\/wp-content\\\/uploads\\\/2017\\\/07\\\/Marini-Ruesga-Argentina-U17.jpg\",\"width\":690,\"height\":319},{\"@type\":\"BreadcrumbList\",\"@id\":\"https:\\\/\\\/gentedebasquet.com.ar\\\/sitio\\\/2018\\\/01\\\/31\\\/de-bahia-a-los-yog-2018\\\/#breadcrumb\",\"itemListElement\":[{\"@type\":\"ListItem\",\"position\":1,\"name\":\"Portada\",\"item\":\"https:\\\/\\\/gentedebasquet.com.ar\\\/sitio\\\/\"},{\"@type\":\"ListItem\",\"position\":2,\"name\":\"De Bah\u00eda a los YOG 2018\"}]},{\"@type\":\"WebSite\",\"@id\":\"https:\\\/\\\/gentedebasquet.com.ar\\\/sitio\\\/#website\",\"url\":\"https:\\\/\\\/gentedebasquet.com.ar\\\/sitio\\\/\",\"name\":\"Gente de B\u00e1squet\",\"description\":\"La revista del basquet de Bah\u00eda Blanca\",\"potentialAction\":[{\"@type\":\"SearchAction\",\"target\":{\"@type\":\"EntryPoint\",\"urlTemplate\":\"https:\\\/\\\/gentedebasquet.com.ar\\\/sitio\\\/?s={search_term_string}\"},\"query-input\":{\"@type\":\"PropertyValueSpecification\",\"valueRequired\":true,\"valueName\":\"search_term_string\"}}],\"inLanguage\":\"es\"},{\"@type\":\"Person\",\"@id\":\"https:\\\/\\\/gentedebasquet.com.ar\\\/sitio\\\/#\\\/schema\\\/person\\\/ca0b63bbb977369988a7bbbdc519943a\",\"name\":\"Gente de B\u00e1squet\",\"image\":{\"@type\":\"ImageObject\",\"inLanguage\":\"es\",\"@id\":\"https:\\\/\\\/secure.gravatar.com\\\/avatar\\\/7f2c48bdc33b30088f941fb6082e555f2874c98e20cb159d7b92b50eadfce793?s=96&d=mm&r=g\",\"url\":\"https:\\\/\\\/secure.gravatar.com\\\/avatar\\\/7f2c48bdc33b30088f941fb6082e555f2874c98e20cb159d7b92b50eadfce793?s=96&d=mm&r=g\",\"contentUrl\":\"https:\\\/\\\/secure.gravatar.com\\\/avatar\\\/7f2c48bdc33b30088f941fb6082e555f2874c98e20cb159d7b92b50eadfce793?s=96&d=mm&r=g\",\"caption\":\"Gente de B\u00e1squet\"},\"sameAs\":[\"http:\\\/\\\/gentedebasquet.com.ar\\\/sitio\"],\"url\":\"https:\\\/\\\/gentedebasquet.com.ar\\\/sitio\\\/author\\\/ulises\\\/\"}]}<\/script>\n<!-- \/ Yoast SEO plugin. -->","yoast_head_json":{"title":"De Bah\u00eda a los YOG 2018 - Gente de B\u00e1squet","robots":{"index":"index","follow":"follow","max-snippet":"max-snippet:-1","max-image-preview":"max-image-preview:large","max-video-preview":"max-video-preview:-1"},"canonical":"https:\/\/gentedebasquet.com.ar\/sitio\/2018\/01\/31\/de-bahia-a-los-yog-2018\/","og_locale":"es_ES","og_type":"article","og_title":"De Bah\u00eda a los YOG 2018 - Gente de B\u00e1squet","og_description":"Concentrar\u00e1n en nuestra ciudad las U18 3x3 que ir\u00e1n a los JJOO de Buenos Aires","og_url":"https:\/\/gentedebasquet.com.ar\/sitio\/2018\/01\/31\/de-bahia-a-los-yog-2018\/","og_site_name":"Gente de B\u00e1squet","article_published_time":"2018-01-31T19:10:51+00:00","og_image":[{"width":690,"height":319,"url":"https:\/\/gentedebasquet.com.ar\/sitio\/wp-content\/uploads\/2017\/07\/Marini-Ruesga-Argentina-U17.jpg","type":"image\/jpeg"}],"author":"Gente de B\u00e1squet","twitter_card":"summary_large_image","twitter_misc":{"Escrito por":"Gente de B\u00e1squet","Tiempo de lectura":"2 minutos"},"schema":{"@context":"https:\/\/schema.org","@graph":[{"@type":"Article","@id":"https:\/\/gentedebasquet.com.ar\/sitio\/2018\/01\/31\/de-bahia-a-los-yog-2018\/#article","isPartOf":{"@id":"https:\/\/gentedebasquet.com.ar\/sitio\/2018\/01\/31\/de-bahia-a-los-yog-2018\/"},"author":{"name":"Gente de B\u00e1squet","@id":"https:\/\/gentedebasquet.com.ar\/sitio\/#\/schema\/person\/ca0b63bbb977369988a7bbbdc519943a"},"headline":"De Bah\u00eda a los YOG 2018","datePublished":"2018-01-31T19:10:51+00:00","mainEntityOfPage":{"@id":"https:\/\/gentedebasquet.com.ar\/sitio\/2018\/01\/31\/de-bahia-a-los-yog-2018\/"},"wordCount":345,"image":{"@id":"https:\/\/gentedebasquet.com.ar\/sitio\/2018\/01\/31\/de-bahia-a-los-yog-2018\/#primaryimage"},"thumbnailUrl":"https:\/\/gentedebasquet.com.ar\/sitio\/wp-content\/uploads\/2017\/07\/Marini-Ruesga-Argentina-U17.jpg","keywords":["Bah\u00eda Basket","Bautista Lugarini","Buenos Aires 2018","Fausto Ruesga","Juan Cruz Marini","Juegos Ol\u00edmpicos","Laura Cors","Leandro Bolmaro","Ol\u00edmpo","Pacifico","YOG"],"articleSection":["Camino Ol\u00edmpico","Selecciones Nacionales","Slide"],"inLanguage":"es"},{"@type":"WebPage","@id":"https:\/\/gentedebasquet.com.ar\/sitio\/2018\/01\/31\/de-bahia-a-los-yog-2018\/","url":"https:\/\/gentedebasquet.com.ar\/sitio\/2018\/01\/31\/de-bahia-a-los-yog-2018\/","name":"De Bah\u00eda a los YOG 2018 - Gente de B\u00e1squet","isPartOf":{"@id":"https:\/\/gentedebasquet.com.ar\/sitio\/#website"},"primaryImageOfPage":{"@id":"https:\/\/gentedebasquet.com.ar\/sitio\/2018\/01\/31\/de-bahia-a-los-yog-2018\/#primaryimage"},"image":{"@id":"https:\/\/gentedebasquet.com.ar\/sitio\/2018\/01\/31\/de-bahia-a-los-yog-2018\/#primaryimage"},"thumbnailUrl":"https:\/\/gentedebasquet.com.ar\/sitio\/wp-content\/uploads\/2017\/07\/Marini-Ruesga-Argentina-U17.jpg","datePublished":"2018-01-31T19:10:51+00:00","author":{"@id":"https:\/\/gentedebasquet.com.ar\/sitio\/#\/schema\/person\/ca0b63bbb977369988a7bbbdc519943a"},"breadcrumb":{"@id":"https:\/\/gentedebasquet.com.ar\/sitio\/2018\/01\/31\/de-bahia-a-los-yog-2018\/#breadcrumb"},"inLanguage":"es","potentialAction":[{"@type":"ReadAction","target":["https:\/\/gentedebasquet.com.ar\/sitio\/2018\/01\/31\/de-bahia-a-los-yog-2018\/"]}]},{"@type":"ImageObject","inLanguage":"es","@id":"https:\/\/gentedebasquet.com.ar\/sitio\/2018\/01\/31\/de-bahia-a-los-yog-2018\/#primaryimage","url":"https:\/\/gentedebasquet.com.ar\/sitio\/wp-content\/uploads\/2017\/07\/Marini-Ruesga-Argentina-U17.jpg","contentUrl":"https:\/\/gentedebasquet.com.ar\/sitio\/wp-content\/uploads\/2017\/07\/Marini-Ruesga-Argentina-U17.jpg","width":690,"height":319},{"@type":"BreadcrumbList","@id":"https:\/\/gentedebasquet.com.ar\/sitio\/2018\/01\/31\/de-bahia-a-los-yog-2018\/#breadcrumb","itemListElement":[{"@type":"ListItem","position":1,"name":"Portada","item":"https:\/\/gentedebasquet.com.ar\/sitio\/"},{"@type":"ListItem","position":2,"name":"De Bah\u00eda a los YOG 2018"}]},{"@type":"WebSite","@id":"https:\/\/gentedebasquet.com.ar\/sitio\/#website","url":"https:\/\/gentedebasquet.com.ar\/sitio\/","name":"Gente de B\u00e1squet","description":"La revista del basquet de Bah\u00eda Blanca","potentialAction":[{"@type":"SearchAction","target":{"@type":"EntryPoint","urlTemplate":"https:\/\/gentedebasquet.com.ar\/sitio\/?s={search_term_string}"},"query-input":{"@type":"PropertyValueSpecification","valueRequired":true,"valueName":"search_term_string"}}],"inLanguage":"es"},{"@type":"Person","@id":"https:\/\/gentedebasquet.com.ar\/sitio\/#\/schema\/person\/ca0b63bbb977369988a7bbbdc519943a","name":"Gente de B\u00e1squet","image":{"@type":"ImageObject","inLanguage":"es","@id":"https:\/\/secure.gravatar.com\/avatar\/7f2c48bdc33b30088f941fb6082e555f2874c98e20cb159d7b92b50eadfce793?s=96&d=mm&r=g","url":"https:\/\/secure.gravatar.com\/avatar\/7f2c48bdc33b30088f941fb6082e555f2874c98e20cb159d7b92b50eadfce793?s=96&d=mm&r=g","contentUrl":"https:\/\/secure.gravatar.com\/avatar\/7f2c48bdc33b30088f941fb6082e555f2874c98e20cb159d7b92b50eadfce793?s=96&d=mm&r=g","caption":"Gente de B\u00e1squet"},"sameAs":["http:\/\/gentedebasquet.com.ar\/sitio"],"url":"https:\/\/gentedebasquet.com.ar\/sitio\/author\/ulises\/"}]}},"_links":{"self":[{"href":"https:\/\/gentedebasquet.com.ar\/sitio\/wp-json\/wp\/v2\/posts\/80074","targetHints":{"allow":["GET"]}}],"collection":[{"href":"https:\/\/gentedebasquet.com.ar\/sitio\/wp-json\/wp\/v2\/posts"}],"about":[{"href":"https:\/\/gentedebasquet.com.ar\/sitio\/wp-json\/wp\/v2\/types\/post"}],"author":[{"embeddable":true,"href":"https:\/\/gentedebasquet.com.ar\/sitio\/wp-json\/wp\/v2\/users\/1"}],"replies":[{"embeddable":true,"href":"https:\/\/gentedebasquet.com.ar\/sitio\/wp-json\/wp\/v2\/comments?post=80074"}],"version-history":[{"count":0,"href":"https:\/\/gentedebasquet.com.ar\/sitio\/wp-json\/wp\/v2\/posts\/80074\/revisions"}],"wp:featuredmedia":[{"embeddable":true,"href":"https:\/\/gentedebasquet.com.ar\/sitio\/wp-json\/wp\/v2\/media\/74355"}],"wp:attachment":[{"href":"https:\/\/gentedebasquet.com.ar\/sitio\/wp-json\/wp\/v2\/media?parent=80074"}],"wp:term":[{"taxonomy":"category","embeddable":true,"href":"https:\/\/gentedebasquet.com.ar\/sitio\/wp-json\/wp\/v2\/categories?post=80074"},{"taxonomy":"post_tag","embeddable":true,"href":"https:\/\/gentedebasquet.com.ar\/sitio\/wp-json\/wp\/v2\/tags?post=80074"}],"curies":[{"name":"wp","href":"https:\/\/api.w.org\/{rel}","templated":true}]}}