{"id":80681,"date":"2018-03-22T23:45:06","date_gmt":"2018-03-23T02:45:06","guid":{"rendered":"http:\/\/www.gentedebasquet.com.ar\/?p=80681"},"modified":"2018-03-22T23:45:06","modified_gmt":"2018-03-23T02:45:06","slug":"no-podia-dejarlo-pasar","status":"publish","type":"post","link":"https:\/\/gentedebasquet.com.ar\/sitio\/2018\/03\/22\/no-podia-dejarlo-pasar\/","title":{"rendered":"No pod\u00eda dejarlo pasar"},"content":{"rendered":"<p><strong>A Estrella le cost\u00f3 casi todo el 1\u00baC acomodarse, aunque en lo sucesivo dej\u00f3 en claro ser superior a este Leandro N. Alem con ausencias. El auriazul se impuso por 78 a 65, llegando a estar arriba por 21 (56-35). El verdirrojo, que pudo recortar a 10 (48-58), sufri\u00f3 las bajas de Javier Scheines -a\u00fan no se concret\u00f3 su pase- m\u00e1s Augusto Priore y Juan Pablo Rotta, ambos reponi\u00e9ndose de serias lesiones. Tambi\u00e9n, aguarda por Javier Bollo y Hern\u00e1n Jasen, cuando finalicen sus compromisos actuales. Por el local, hubo ley del ex con 17 puntos lanzando para 23 de Joaqu\u00edn Larrandart y tres elementos m\u00e1s en doble d\u00edgito: Diomedi, Trellini y Pan.<\/strong><\/p>\n<p><strong>\u00a0<\/strong><\/p>\n<p>En la previa, con Scheines y Priore sentados en el banco y Rotta realizando los movimientos precompetitivos pero out los tres en el debut de Leandro N. Alem, toda la responsabilidad recay\u00f3 en el Estrella que viene con rodaje debido a su intervenci\u00f3n en el Provincial de Clubes.<\/p>\n<p>De todos modos, el verdirrojo fue superior durante los primeros 5m51s, donde bombarde\u00f3 desde la medialuna con 4-5 conversiones de Gigena, Murphy y Menna. As\u00ed, se alej\u00f3 9-15.<\/p>\n<p><a href=\"http:\/\/www.gentedebasquet.com.ar\/wp-content\/uploads\/2018\/03\/f2.jpg\"><img decoding=\"async\" class=\"size-medium wp-image-80687 alignleft\" src=\"http:\/\/www.gentedebasquet.com.ar\/wp-content\/uploads\/2018\/03\/f2-300x203.jpg\" alt=\"\" width=\"300\" height=\"203\" srcset=\"https:\/\/gentedebasquet.com.ar\/sitio\/wp-content\/uploads\/2018\/03\/f2-300x203.jpg 300w, https:\/\/gentedebasquet.com.ar\/sitio\/wp-content\/uploads\/2018\/03\/f2.jpg 400w\" sizes=\"(max-width: 300px) 100vw, 300px\" \/><\/a><\/p>\n<p>En lo sucesivo, Alan Pan tambi\u00e9n respondi\u00f3 desde los 6m75 con dos env\u00edos calcados. Empate en 17. Luego, la inspiraci\u00f3n de Larrandart le permiti\u00f3 al local despegarse en el cierre del lapso inicial (27-21).<\/p>\n<p>Despu\u00e9s, el anfitri\u00f3n tir\u00f3 atrapes a la bola, C\u00e1mara factur\u00f3 saltando del banco, Trellini fue otro que levant\u00f3 las manos desde lejos y Larrandart mantuvo su acopio de unidades. Con lo cual, Estrella se escap\u00f3 (38-26), sacando provecho de lo limitado que estuvo en ofensiva Alem en ese 2\u00baC, donde apenas encest\u00f3 6 unidades&#8230;<\/p>\n<blockquote><p>\u201cSab\u00edamos que ellos (por Alem) ven\u00edan diezmados, pero son los partidos m\u00e1s complicados, porque te confi\u00e1s y lo pod\u00e9s terminar pagando caro al partido. Tenemos la suerte de estar en el Provincial y de venir en ritmo, aunque tambi\u00e9n estamos cansados. Hab\u00eda que empezar el torneo con el pie derecho y una victoria en casa. La idea este a\u00f1o es repetir lo que hicieron los chicos el a\u00f1o pasado y dar ese plus que nos permita competir con los que est\u00e9n arriba nuestro para pasar las semifinales\u201d. (Joaqu\u00edn Larrandart-Estrella).<\/p><\/blockquote>\n<p>De regreso de vestuarios, en apenas 2m55s, el due\u00f1o de casa estableci\u00f3 la diferencia en 20 unidades (47-27), tras otra bomba \u00abchina\u00bb y el goleo de la dupla Diomedi-Larrandart. Bajo esos lineamientos, Estrella abraz\u00f3 su m\u00e1xima de 21 (56-35), a 3m22s de cerrarse el pen\u00faltimo acto.<\/p>\n<p>Las 15 unidades de renta con las que ingresaron los del barrio San Mart\u00edn a disputar los diez minutos finales, comenzaron a esfumarse con el despertar alemnista.<\/p>\n<p><a href=\"http:\/\/www.gentedebasquet.com.ar\/wp-content\/uploads\/2018\/03\/f5.jpg\"><img decoding=\"async\" class=\"size-medium wp-image-80688 alignright\" src=\"http:\/\/www.gentedebasquet.com.ar\/wp-content\/uploads\/2018\/03\/f5-300x203.jpg\" alt=\"\" width=\"300\" height=\"203\" srcset=\"https:\/\/gentedebasquet.com.ar\/sitio\/wp-content\/uploads\/2018\/03\/f5-300x203.jpg 300w, https:\/\/gentedebasquet.com.ar\/sitio\/wp-content\/uploads\/2018\/03\/f5.jpg 400w\" sizes=\"(max-width: 300px) 100vw, 300px\" \/><\/a><\/p>\n<p>Es que la visita se anim\u00f3, Gigena continu\u00f3 apareciendo por todas partes, Menna fue discontinuo pero aport\u00f3 y, de repente, se esperanz\u00f3 al recortar a diez (48-58), con 8m52s en el electr\u00f3nico.<\/p>\n<p>Aunque la sangre no lleg\u00f3 al r\u00edo.<\/p>\n<p>Estrella escuch\u00f3 los gritos de Queti, se arremang\u00f3, Cardone contagi\u00f3 garra, Quiroga se hizo notar y hasta regal\u00f3 una fina asistencia a C\u00e1mara para volver a posicionar a su elenco a 18 de distancia (72-54), con apenas 4m00s por disputarse.<\/p>\n<p>Posteriormente, ya con el nombre del vencedor sabido, se le dio paso a los m\u00e1s j\u00f3venes de ambos bandos, incluyendo el debut del prometedor U15 Valent\u00edn Forestier, en L.N. Alem.<\/p>\n<p>Ante la escasez de jugadores visitantes, Estrella no lo pod\u00eda dejar pasar.<\/p>\n<p><iframe loading=\"lazy\" src=\"https:\/\/www.youtube.com\/embed\/zrMpDvjjjHA\" width=\"560\" height=\"315\" frameborder=\"0\" allowfullscreen=\"allowfullscreen\"><\/iframe><\/p>\n<p><strong>Primera |\u00a0<\/strong>Ciudad de Bah\u00eda Blanca \u2013 Fecha #1<\/p>\n<p><strong>Estrella 78:<\/strong>\u00a0Alan Pan 10, Gast\u00f3n Diomedi 11, Mat\u00edas Specogna 4, Joaqu\u00edn Larrandart 17, Le\u00f3n Beresovsky 2, (Fi); Santiago Quiroga 7, Nahuel C\u00e1mara 9, Franco Cardone 4, Amilcar Andreanelli 4, Mariano Trellini 10, Facundo Aman 0 y Gonzalo Oyarzo 0. DT: Claudio Queti.<\/p>\n<p><strong>L.N. Alem 65:<\/strong> Juan Menna 16, Santiago Pascual 13, Walter Gigena 18, Mateo Murphy 5, Mariano N\u00fa\u00f1ez 2, (Fi); Santiago Loos 2, Patricio Zapata 1, Agust\u00edn Astrada 2, Felipe Mandolesi 4, Valent\u00edn Forestier 0 y Giuliano Centuri\u00f3n 2. DT: Leandro Carbonell.<\/p>\n<p><strong>Parciales: <\/strong>27-21, 40-27 (13-6), 58-43 (18-16) y 78-65 (20-22).<\/p>\n<p><strong>\u00c1rbitros:<\/strong> Eduardo Ferreyra \u2013 Marjorie Stuardo.<\/p>\n<p><strong>Estadio:<\/strong> Luis \u00c1lvarez (club Estrella).<\/p>\n<p><a href=\"https:\/\/docs.google.com\/spreadsheets\/d\/e\/2PACX-1vSTQYWh2JTe_s-uXKEGyfnO3DNnCd36dw7q-98Pt4JGW56IJkosiCNjt8QVPsMGrjZG2k9R3GklhJqf\/pubhtml\" target=\"_blank\" rel=\"noopener\">Ver planilla<\/a><\/p>\n<p>&nbsp;<\/p>\n","protected":false},"excerpt":{"rendered":"<p>Estrella sac\u00f3 pecho ante el diezmado L.N. Alem y triunf\u00f3 por 78 a 65.<\/p>\n","protected":false},"author":1,"featured_media":80686,"comment_status":"closed","ping_status":"open","sticky":false,"template":"","format":"standard","meta":{"jnews-multi-image_gallery":[],"jnews_single_post":[],"jnews_primary_category":[],"footnotes":""},"categories":[23,101],"tags":[10,615,211,612,619,1627,270,555,271,302],"class_list":["post-80681","post","type-post","status-publish","format-standard","has-post-thumbnail","hentry","category-primera","category-slide","tag-estrella","tag-gaston-diomedi","tag-joaquin-larrandart","tag-leandro-n-alem","tag-mariano-trellini","tag-mateo-murphy","tag-nahuel-camara","tag-santiago-pascual","tag-santiago-quiroga","tag-walter-gigena"],"yoast_head":"<!-- This site is optimized with the Yoast SEO plugin v27.5 - https:\/\/yoast.com\/product\/yoast-seo-wordpress\/ -->\n<title>No pod\u00eda dejarlo pasar - Gente de B\u00e1squet<\/title>\n<meta name=\"robots\" content=\"index, follow, max-snippet:-1, max-image-preview:large, max-video-preview:-1\" \/>\n<link rel=\"canonical\" href=\"https:\/\/gentedebasquet.com.ar\/sitio\/2018\/03\/22\/no-podia-dejarlo-pasar\/\" \/>\n<meta property=\"og:locale\" content=\"es_ES\" \/>\n<meta property=\"og:type\" content=\"article\" \/>\n<meta property=\"og:title\" content=\"No pod\u00eda dejarlo pasar - Gente de B\u00e1squet\" \/>\n<meta property=\"og:description\" content=\"Estrella sac\u00f3 pecho ante el diezmado L.N. Alem y triunf\u00f3 por 78 a 65.\" \/>\n<meta property=\"og:url\" content=\"https:\/\/gentedebasquet.com.ar\/sitio\/2018\/03\/22\/no-podia-dejarlo-pasar\/\" \/>\n<meta property=\"og:site_name\" content=\"Gente de B\u00e1squet\" \/>\n<meta property=\"article:published_time\" content=\"2018-03-23T02:45:06+00:00\" \/>\n<meta property=\"og:image\" content=\"https:\/\/gentedebasquet.com.ar\/sitio\/wp-content\/uploads\/2018\/03\/f3a-1.jpg\" \/>\n\t<meta property=\"og:image:width\" content=\"690\" \/>\n\t<meta property=\"og:image:height\" content=\"319\" \/>\n\t<meta property=\"og:image:type\" content=\"image\/jpeg\" \/>\n<meta name=\"author\" content=\"Gente de B\u00e1squet\" \/>\n<meta name=\"twitter:card\" content=\"summary_large_image\" \/>\n<meta name=\"twitter:label1\" content=\"Escrito por\" \/>\n\t<meta name=\"twitter:data1\" content=\"Gente de B\u00e1squet\" \/>\n\t<meta name=\"twitter:label2\" content=\"Tiempo de lectura\" \/>\n\t<meta name=\"twitter:data2\" content=\"3 minutos\" \/>\n<script type=\"application\/ld+json\" class=\"yoast-schema-graph\">{\"@context\":\"https:\\\/\\\/schema.org\",\"@graph\":[{\"@type\":\"Article\",\"@id\":\"https:\\\/\\\/gentedebasquet.com.ar\\\/sitio\\\/2018\\\/03\\\/22\\\/no-podia-dejarlo-pasar\\\/#article\",\"isPartOf\":{\"@id\":\"https:\\\/\\\/gentedebasquet.com.ar\\\/sitio\\\/2018\\\/03\\\/22\\\/no-podia-dejarlo-pasar\\\/\"},\"author\":{\"name\":\"Gente de B\u00e1squet\",\"@id\":\"https:\\\/\\\/gentedebasquet.com.ar\\\/sitio\\\/#\\\/schema\\\/person\\\/ca0b63bbb977369988a7bbbdc519943a\"},\"headline\":\"No pod\u00eda dejarlo pasar\",\"datePublished\":\"2018-03-23T02:45:06+00:00\",\"mainEntityOfPage\":{\"@id\":\"https:\\\/\\\/gentedebasquet.com.ar\\\/sitio\\\/2018\\\/03\\\/22\\\/no-podia-dejarlo-pasar\\\/\"},\"wordCount\":693,\"image\":{\"@id\":\"https:\\\/\\\/gentedebasquet.com.ar\\\/sitio\\\/2018\\\/03\\\/22\\\/no-podia-dejarlo-pasar\\\/#primaryimage\"},\"thumbnailUrl\":\"https:\\\/\\\/gentedebasquet.com.ar\\\/sitio\\\/wp-content\\\/uploads\\\/2018\\\/03\\\/f3a-1.jpg\",\"keywords\":[\"Estrella\",\"Gaston Diomedi\",\"Joaqu\u00edn Larrandart\",\"Leandro N. Alem\",\"Mariano Trellini\",\"Mateo Murphy\",\"Nahuel C\u00e1mara\",\"Santiago Pascual\",\"Santiago Quiroga\",\"Walter Gigena\"],\"articleSection\":[\"Primera\",\"Slide\"],\"inLanguage\":\"es\"},{\"@type\":\"WebPage\",\"@id\":\"https:\\\/\\\/gentedebasquet.com.ar\\\/sitio\\\/2018\\\/03\\\/22\\\/no-podia-dejarlo-pasar\\\/\",\"url\":\"https:\\\/\\\/gentedebasquet.com.ar\\\/sitio\\\/2018\\\/03\\\/22\\\/no-podia-dejarlo-pasar\\\/\",\"name\":\"No pod\u00eda dejarlo pasar - Gente de B\u00e1squet\",\"isPartOf\":{\"@id\":\"https:\\\/\\\/gentedebasquet.com.ar\\\/sitio\\\/#website\"},\"primaryImageOfPage\":{\"@id\":\"https:\\\/\\\/gentedebasquet.com.ar\\\/sitio\\\/2018\\\/03\\\/22\\\/no-podia-dejarlo-pasar\\\/#primaryimage\"},\"image\":{\"@id\":\"https:\\\/\\\/gentedebasquet.com.ar\\\/sitio\\\/2018\\\/03\\\/22\\\/no-podia-dejarlo-pasar\\\/#primaryimage\"},\"thumbnailUrl\":\"https:\\\/\\\/gentedebasquet.com.ar\\\/sitio\\\/wp-content\\\/uploads\\\/2018\\\/03\\\/f3a-1.jpg\",\"datePublished\":\"2018-03-23T02:45:06+00:00\",\"author\":{\"@id\":\"https:\\\/\\\/gentedebasquet.com.ar\\\/sitio\\\/#\\\/schema\\\/person\\\/ca0b63bbb977369988a7bbbdc519943a\"},\"breadcrumb\":{\"@id\":\"https:\\\/\\\/gentedebasquet.com.ar\\\/sitio\\\/2018\\\/03\\\/22\\\/no-podia-dejarlo-pasar\\\/#breadcrumb\"},\"inLanguage\":\"es\",\"potentialAction\":[{\"@type\":\"ReadAction\",\"target\":[\"https:\\\/\\\/gentedebasquet.com.ar\\\/sitio\\\/2018\\\/03\\\/22\\\/no-podia-dejarlo-pasar\\\/\"]}]},{\"@type\":\"ImageObject\",\"inLanguage\":\"es\",\"@id\":\"https:\\\/\\\/gentedebasquet.com.ar\\\/sitio\\\/2018\\\/03\\\/22\\\/no-podia-dejarlo-pasar\\\/#primaryimage\",\"url\":\"https:\\\/\\\/gentedebasquet.com.ar\\\/sitio\\\/wp-content\\\/uploads\\\/2018\\\/03\\\/f3a-1.jpg\",\"contentUrl\":\"https:\\\/\\\/gentedebasquet.com.ar\\\/sitio\\\/wp-content\\\/uploads\\\/2018\\\/03\\\/f3a-1.jpg\",\"width\":690,\"height\":319},{\"@type\":\"BreadcrumbList\",\"@id\":\"https:\\\/\\\/gentedebasquet.com.ar\\\/sitio\\\/2018\\\/03\\\/22\\\/no-podia-dejarlo-pasar\\\/#breadcrumb\",\"itemListElement\":[{\"@type\":\"ListItem\",\"position\":1,\"name\":\"Portada\",\"item\":\"https:\\\/\\\/gentedebasquet.com.ar\\\/sitio\\\/\"},{\"@type\":\"ListItem\",\"position\":2,\"name\":\"No pod\u00eda dejarlo pasar\"}]},{\"@type\":\"WebSite\",\"@id\":\"https:\\\/\\\/gentedebasquet.com.ar\\\/sitio\\\/#website\",\"url\":\"https:\\\/\\\/gentedebasquet.com.ar\\\/sitio\\\/\",\"name\":\"Gente de B\u00e1squet\",\"description\":\"La revista del basquet de Bah\u00eda Blanca\",\"potentialAction\":[{\"@type\":\"SearchAction\",\"target\":{\"@type\":\"EntryPoint\",\"urlTemplate\":\"https:\\\/\\\/gentedebasquet.com.ar\\\/sitio\\\/?s={search_term_string}\"},\"query-input\":{\"@type\":\"PropertyValueSpecification\",\"valueRequired\":true,\"valueName\":\"search_term_string\"}}],\"inLanguage\":\"es\"},{\"@type\":\"Person\",\"@id\":\"https:\\\/\\\/gentedebasquet.com.ar\\\/sitio\\\/#\\\/schema\\\/person\\\/ca0b63bbb977369988a7bbbdc519943a\",\"name\":\"Gente de B\u00e1squet\",\"image\":{\"@type\":\"ImageObject\",\"inLanguage\":\"es\",\"@id\":\"https:\\\/\\\/secure.gravatar.com\\\/avatar\\\/7f2c48bdc33b30088f941fb6082e555f2874c98e20cb159d7b92b50eadfce793?s=96&d=mm&r=g\",\"url\":\"https:\\\/\\\/secure.gravatar.com\\\/avatar\\\/7f2c48bdc33b30088f941fb6082e555f2874c98e20cb159d7b92b50eadfce793?s=96&d=mm&r=g\",\"contentUrl\":\"https:\\\/\\\/secure.gravatar.com\\\/avatar\\\/7f2c48bdc33b30088f941fb6082e555f2874c98e20cb159d7b92b50eadfce793?s=96&d=mm&r=g\",\"caption\":\"Gente de B\u00e1squet\"},\"sameAs\":[\"http:\\\/\\\/gentedebasquet.com.ar\\\/sitio\"],\"url\":\"https:\\\/\\\/gentedebasquet.com.ar\\\/sitio\\\/author\\\/ulises\\\/\"}]}<\/script>\n<!-- \/ Yoast SEO plugin. -->","yoast_head_json":{"title":"No pod\u00eda dejarlo pasar - Gente de B\u00e1squet","robots":{"index":"index","follow":"follow","max-snippet":"max-snippet:-1","max-image-preview":"max-image-preview:large","max-video-preview":"max-video-preview:-1"},"canonical":"https:\/\/gentedebasquet.com.ar\/sitio\/2018\/03\/22\/no-podia-dejarlo-pasar\/","og_locale":"es_ES","og_type":"article","og_title":"No pod\u00eda dejarlo pasar - Gente de B\u00e1squet","og_description":"Estrella sac\u00f3 pecho ante el diezmado L.N. Alem y triunf\u00f3 por 78 a 65.","og_url":"https:\/\/gentedebasquet.com.ar\/sitio\/2018\/03\/22\/no-podia-dejarlo-pasar\/","og_site_name":"Gente de B\u00e1squet","article_published_time":"2018-03-23T02:45:06+00:00","og_image":[{"width":690,"height":319,"url":"https:\/\/gentedebasquet.com.ar\/sitio\/wp-content\/uploads\/2018\/03\/f3a-1.jpg","type":"image\/jpeg"}],"author":"Gente de B\u00e1squet","twitter_card":"summary_large_image","twitter_misc":{"Escrito por":"Gente de B\u00e1squet","Tiempo de lectura":"3 minutos"},"schema":{"@context":"https:\/\/schema.org","@graph":[{"@type":"Article","@id":"https:\/\/gentedebasquet.com.ar\/sitio\/2018\/03\/22\/no-podia-dejarlo-pasar\/#article","isPartOf":{"@id":"https:\/\/gentedebasquet.com.ar\/sitio\/2018\/03\/22\/no-podia-dejarlo-pasar\/"},"author":{"name":"Gente de B\u00e1squet","@id":"https:\/\/gentedebasquet.com.ar\/sitio\/#\/schema\/person\/ca0b63bbb977369988a7bbbdc519943a"},"headline":"No pod\u00eda dejarlo pasar","datePublished":"2018-03-23T02:45:06+00:00","mainEntityOfPage":{"@id":"https:\/\/gentedebasquet.com.ar\/sitio\/2018\/03\/22\/no-podia-dejarlo-pasar\/"},"wordCount":693,"image":{"@id":"https:\/\/gentedebasquet.com.ar\/sitio\/2018\/03\/22\/no-podia-dejarlo-pasar\/#primaryimage"},"thumbnailUrl":"https:\/\/gentedebasquet.com.ar\/sitio\/wp-content\/uploads\/2018\/03\/f3a-1.jpg","keywords":["Estrella","Gaston Diomedi","Joaqu\u00edn Larrandart","Leandro N. Alem","Mariano Trellini","Mateo Murphy","Nahuel C\u00e1mara","Santiago Pascual","Santiago Quiroga","Walter Gigena"],"articleSection":["Primera","Slide"],"inLanguage":"es"},{"@type":"WebPage","@id":"https:\/\/gentedebasquet.com.ar\/sitio\/2018\/03\/22\/no-podia-dejarlo-pasar\/","url":"https:\/\/gentedebasquet.com.ar\/sitio\/2018\/03\/22\/no-podia-dejarlo-pasar\/","name":"No pod\u00eda dejarlo pasar - Gente de B\u00e1squet","isPartOf":{"@id":"https:\/\/gentedebasquet.com.ar\/sitio\/#website"},"primaryImageOfPage":{"@id":"https:\/\/gentedebasquet.com.ar\/sitio\/2018\/03\/22\/no-podia-dejarlo-pasar\/#primaryimage"},"image":{"@id":"https:\/\/gentedebasquet.com.ar\/sitio\/2018\/03\/22\/no-podia-dejarlo-pasar\/#primaryimage"},"thumbnailUrl":"https:\/\/gentedebasquet.com.ar\/sitio\/wp-content\/uploads\/2018\/03\/f3a-1.jpg","datePublished":"2018-03-23T02:45:06+00:00","author":{"@id":"https:\/\/gentedebasquet.com.ar\/sitio\/#\/schema\/person\/ca0b63bbb977369988a7bbbdc519943a"},"breadcrumb":{"@id":"https:\/\/gentedebasquet.com.ar\/sitio\/2018\/03\/22\/no-podia-dejarlo-pasar\/#breadcrumb"},"inLanguage":"es","potentialAction":[{"@type":"ReadAction","target":["https:\/\/gentedebasquet.com.ar\/sitio\/2018\/03\/22\/no-podia-dejarlo-pasar\/"]}]},{"@type":"ImageObject","inLanguage":"es","@id":"https:\/\/gentedebasquet.com.ar\/sitio\/2018\/03\/22\/no-podia-dejarlo-pasar\/#primaryimage","url":"https:\/\/gentedebasquet.com.ar\/sitio\/wp-content\/uploads\/2018\/03\/f3a-1.jpg","contentUrl":"https:\/\/gentedebasquet.com.ar\/sitio\/wp-content\/uploads\/2018\/03\/f3a-1.jpg","width":690,"height":319},{"@type":"BreadcrumbList","@id":"https:\/\/gentedebasquet.com.ar\/sitio\/2018\/03\/22\/no-podia-dejarlo-pasar\/#breadcrumb","itemListElement":[{"@type":"ListItem","position":1,"name":"Portada","item":"https:\/\/gentedebasquet.com.ar\/sitio\/"},{"@type":"ListItem","position":2,"name":"No pod\u00eda dejarlo pasar"}]},{"@type":"WebSite","@id":"https:\/\/gentedebasquet.com.ar\/sitio\/#website","url":"https:\/\/gentedebasquet.com.ar\/sitio\/","name":"Gente de B\u00e1squet","description":"La revista del basquet de Bah\u00eda Blanca","potentialAction":[{"@type":"SearchAction","target":{"@type":"EntryPoint","urlTemplate":"https:\/\/gentedebasquet.com.ar\/sitio\/?s={search_term_string}"},"query-input":{"@type":"PropertyValueSpecification","valueRequired":true,"valueName":"search_term_string"}}],"inLanguage":"es"},{"@type":"Person","@id":"https:\/\/gentedebasquet.com.ar\/sitio\/#\/schema\/person\/ca0b63bbb977369988a7bbbdc519943a","name":"Gente de B\u00e1squet","image":{"@type":"ImageObject","inLanguage":"es","@id":"https:\/\/secure.gravatar.com\/avatar\/7f2c48bdc33b30088f941fb6082e555f2874c98e20cb159d7b92b50eadfce793?s=96&d=mm&r=g","url":"https:\/\/secure.gravatar.com\/avatar\/7f2c48bdc33b30088f941fb6082e555f2874c98e20cb159d7b92b50eadfce793?s=96&d=mm&r=g","contentUrl":"https:\/\/secure.gravatar.com\/avatar\/7f2c48bdc33b30088f941fb6082e555f2874c98e20cb159d7b92b50eadfce793?s=96&d=mm&r=g","caption":"Gente de B\u00e1squet"},"sameAs":["http:\/\/gentedebasquet.com.ar\/sitio"],"url":"https:\/\/gentedebasquet.com.ar\/sitio\/author\/ulises\/"}]}},"_links":{"self":[{"href":"https:\/\/gentedebasquet.com.ar\/sitio\/wp-json\/wp\/v2\/posts\/80681","targetHints":{"allow":["GET"]}}],"collection":[{"href":"https:\/\/gentedebasquet.com.ar\/sitio\/wp-json\/wp\/v2\/posts"}],"about":[{"href":"https:\/\/gentedebasquet.com.ar\/sitio\/wp-json\/wp\/v2\/types\/post"}],"author":[{"embeddable":true,"href":"https:\/\/gentedebasquet.com.ar\/sitio\/wp-json\/wp\/v2\/users\/1"}],"replies":[{"embeddable":true,"href":"https:\/\/gentedebasquet.com.ar\/sitio\/wp-json\/wp\/v2\/comments?post=80681"}],"version-history":[{"count":0,"href":"https:\/\/gentedebasquet.com.ar\/sitio\/wp-json\/wp\/v2\/posts\/80681\/revisions"}],"wp:featuredmedia":[{"embeddable":true,"href":"https:\/\/gentedebasquet.com.ar\/sitio\/wp-json\/wp\/v2\/media\/80686"}],"wp:attachment":[{"href":"https:\/\/gentedebasquet.com.ar\/sitio\/wp-json\/wp\/v2\/media?parent=80681"}],"wp:term":[{"taxonomy":"category","embeddable":true,"href":"https:\/\/gentedebasquet.com.ar\/sitio\/wp-json\/wp\/v2\/categories?post=80681"},{"taxonomy":"post_tag","embeddable":true,"href":"https:\/\/gentedebasquet.com.ar\/sitio\/wp-json\/wp\/v2\/tags?post=80681"}],"curies":[{"name":"wp","href":"https:\/\/api.w.org\/{rel}","templated":true}]}}