{"id":80901,"date":"2018-03-25T23:11:13","date_gmt":"2018-03-26T02:11:13","guid":{"rendered":"http:\/\/www.gentedebasquet.com.ar\/?p=80901"},"modified":"2018-03-25T23:11:13","modified_gmt":"2018-03-26T02:11:13","slug":"la-gloria-fue-para-bahia-basket","status":"publish","type":"post","link":"https:\/\/gentedebasquet.com.ar\/sitio\/2018\/03\/25\/la-gloria-fue-para-bahia-basket\/","title":{"rendered":"La Gloria fue para Bah\u00eda Basket"},"content":{"rendered":"<p><strong>Bah\u00eda Basket consigui\u00f3 un forzado e importante triunfo ante Instituto de C\u00f3rdoba, venci\u00e9ndolo por 79 a 72. <\/strong><\/p>\n<p><strong>El \u00faltimo cuarto (21-8), Jasen en momentos decisivos y los 25 puntos de Fjellerup, las claves del partido. <\/strong><\/p>\n<p><strong>En la visita, se destac\u00f3 Gast\u00f3n Whelan, quien finaliz\u00f3 el cotejo con 16 unidades.<\/strong><\/p>\n<p><strong>La pr\u00f3xima parada del conjunto bahiense ser\u00e1 el jueves, nuevamente como local, ante Boca Juniors.<\/strong><\/p>\n<p>Bah\u00eda arranc\u00f3 el juego con mayor intensidad que su rival. Logr\u00f3 un r\u00e1pido 4-0 corriendo la cancha y pudo defender bien los ataques de Instituto, que terminaban en tiros externos. Aunque La Gloria de a poco se fue metiendo en juego de la mano de Davis, y pudo revertir el resultado. A partir de all\u00ed, el cuarto se torn\u00f3 parejo y de golpe por golpe.<\/p>\n<p><img decoding=\"async\" class=\"size-full wp-image-80903 alignright\" src=\"http:\/\/www.gentedebasquet.com.ar\/wp-content\/uploads\/2018\/03\/Bah\u00eda-Instituto-LNB-Whelan.jpg\" alt=\"\" width=\"400\" height=\"270\" \/><\/p>\n<p>En el elenco local hubo buenos minutos de Juan Pablo Vaulet, por momentos posteado y generando espacios en el per\u00edmetro. Tambi\u00e9n fue positivo el ingreso de Jasen que poco a poco iba a ir tomando protagonismo en el juego. En Instituto apareci\u00f3 Clancy generando dolores de cabeza. Jasen, con la \u00faltima bola, meti\u00f3 el doble para cerrar el cuarto 19 a 17.<\/p>\n<p>El segundo segmento similar al primero. A Clancy lo escolt\u00f3 Amicucci y Bah\u00eda empez\u00f3 a tirar de afuera. No pudieron sacarse ventajas claras en el resultado, aunque los cordobeses se mantuvieron al frente la mayor parte del cuarto. Quien dio vuelta la historia fue Levy, con un triple para levantar al Casanova.<\/p>\n<blockquote><p>Lo cerramos con mucho car\u00e1cter, es un premio para el equipo la victoria. Hicimos mucho sacrificio, porque fallamos en algunas reglas defensivas. Construimos una victoria en equipo y sabemos por buen camino (Jamaal Levy por la Br\u00fajula FM 93.1)<\/p><\/blockquote>\n<p>Santiago Vaulet tom\u00f3 el liderazgo por un momento, con dos triples consecutivos para sacar 4 de ventaja y despertar la preocupaci\u00f3n del t\u00e9cnico visitante que pidi\u00f3 minuto. El desenlace del primer tiempo se volvi\u00f3 muy disputado y Davis y Fjellerup, se encargaron de cerrarlo 42 a 39.<\/p>\n<p>Instituto sali\u00f3 con otra cara a la segunda mitad. Concentrado e intenso en defensa, bloque\u00f3 a Parodi y mantuvo firme la pintura, obligando a Bah\u00eda a tomar tiros desde afuera. Whelan, con un triple y un doble, condujo a su equipo para volver a tomar las riendas en el score. El equipo de Sepo se desconcentr\u00f3 e Instituto lo lastim\u00f3.<\/p>\n<p>Jasen cort\u00f3 la racha con un triple llegando a los 3000 en la Liga Nacional, aunque la visita en ning\u00fan momento levant\u00f3 el pie del acelerador (64-58).<\/p>\n<p>Los \u00faltimos diez minutos fueron de nerviosismo con alg\u00fan que otro foul subido de tono. Pancho Jasen fue protagonista en todo momento, ayudado por Fjellerup que se encargaba de anotar puntos. El nacido en Tres Arroyos, con un triple, avis\u00f3 que Bah\u00eda era el dominador del juego 71 a 69.<\/p>\n<p>A partir de ese momento Bah\u00eda supo manejar el desarrollo final. Levy aport\u00f3 en ambos aros, Santiago Vaulet estuvo fino en ataque y Parodi sum\u00f3 desde la l\u00ednea. Instituto fall\u00f3 en tres ofensivas consecutivas y le cost\u00f3 caro. El equipo due\u00f1o de casa se qued\u00f3 con un importante triunfo que le permite seguir escalando tomando confianza (79-72).<\/p>\n<p>&nbsp;<\/p>\n<p><strong>S\u00edntesis | <\/strong>Liga Nacional &#8211; Fecha #26<\/p>\n<p><strong>Bah\u00eda Basket 79<\/strong>: Luciano Parodi 5, M\u00e1ximo Fjellerup 25, Juan Pablo Vaulet 6, Jamaal Levy 11, Jorge Diaz 4 (Fi); Santiago Vaulet 8, Facundo Corval\u00e1n 6, Hern\u00e1n Jasen 14, Francisco Filippa y Jos\u00e9 Mater\u00e1n 0. DT: Sebasti\u00e1n Gin\u00f3bili.<\/p>\n<p><strong>Instituto 72:<\/strong> Gast\u00f3n Whelan 16, Facundo Pi\u00f1ero 13, Miguel Gerlero 4, Dwayne Davis 13, Sam Clancy 4 (Fi); Cristian Amicucci 4, Santiago Scala 3, Luciano Gonz\u00e1lez 6 y Dennis Horner 9. DT: Facundo M\u00fcller.<\/p>\n<p><strong>Parciales:<\/strong> 19\u201317, 42\u201339 (23\u201322), 58\u201364 (16\u201325) y 79-72 (21-8).<\/p>\n<p><strong>\u00c1rbitros: <\/strong>Leonardo\u00a0Zalazar \u2013 Julio Dinamarca \u2013 Sebasti\u00e1n Moncloba.<\/p>\n<p><strong>Estadio:<\/strong> Osvaldo Casanova (Estudiantes).<\/p>\n<p><a href=\"http:\/\/www.fibalivestats.com\/u\/ADC\/831482\/\" target=\"_blank\" rel=\"noopener\">ESTAD\u00cdSTICAS OFICIALES<\/a><\/p>\n<p><strong>Fuente:<\/strong> prensa Bah\u00eda Basket.<\/p>\n<p><strong>Fotos:<\/strong> prensa Bah\u00eda Basket.<\/p>\n","protected":false},"excerpt":{"rendered":"<p>El conjunto bahiense venci\u00f3 a Instituto por la Liga Nacional 79 a 72<\/p>\n","protected":false},"author":1,"featured_media":80902,"comment_status":"closed","ping_status":"open","sticky":false,"template":"","format":"standard","meta":{"jnews-multi-image_gallery":[],"jnews_single_post":[],"jnews_primary_category":[],"footnotes":""},"categories":[57,43,39,101],"tags":[58,492,1201,1078,78,180],"class_list":["post-80901","post","type-post","status-publish","format-standard","has-post-thumbnail","hentry","category-bahia-basket","category-la-liga","category-nacional","category-slide","tag-bahiabasket","tag-hernan-jasen","tag-instituto","tag-liga-nacional","tag-lnb","tag-maximo-fjellerup"],"yoast_head":"<!-- This site is optimized with the Yoast SEO plugin v27.5 - https:\/\/yoast.com\/product\/yoast-seo-wordpress\/ -->\n<title>La Gloria fue para Bah\u00eda Basket - Gente de B\u00e1squet<\/title>\n<meta name=\"robots\" content=\"index, follow, max-snippet:-1, max-image-preview:large, max-video-preview:-1\" \/>\n<link rel=\"canonical\" href=\"https:\/\/gentedebasquet.com.ar\/sitio\/2018\/03\/25\/la-gloria-fue-para-bahia-basket\/\" \/>\n<meta property=\"og:locale\" content=\"es_ES\" \/>\n<meta property=\"og:type\" content=\"article\" \/>\n<meta property=\"og:title\" content=\"La Gloria fue para Bah\u00eda Basket - Gente de B\u00e1squet\" \/>\n<meta property=\"og:description\" content=\"El conjunto bahiense venci\u00f3 a Instituto por la Liga Nacional 79 a 72\" \/>\n<meta property=\"og:url\" content=\"https:\/\/gentedebasquet.com.ar\/sitio\/2018\/03\/25\/la-gloria-fue-para-bahia-basket\/\" \/>\n<meta property=\"og:site_name\" content=\"Gente de B\u00e1squet\" \/>\n<meta property=\"article:published_time\" content=\"2018-03-26T02:11:13+00:00\" \/>\n<meta property=\"og:image\" content=\"https:\/\/gentedebasquet.com.ar\/sitio\/wp-content\/uploads\/2018\/03\/Bahia-Instituto-LNB-Fjellerup.jpg\" \/>\n\t<meta property=\"og:image:width\" content=\"690\" \/>\n\t<meta property=\"og:image:height\" content=\"319\" \/>\n\t<meta property=\"og:image:type\" content=\"image\/jpeg\" \/>\n<meta name=\"author\" content=\"Gente de B\u00e1squet\" \/>\n<meta name=\"twitter:card\" content=\"summary_large_image\" \/>\n<meta name=\"twitter:label1\" content=\"Escrito por\" \/>\n\t<meta name=\"twitter:data1\" content=\"Gente de B\u00e1squet\" \/>\n\t<meta name=\"twitter:label2\" content=\"Tiempo de lectura\" \/>\n\t<meta name=\"twitter:data2\" content=\"3 minutos\" \/>\n<script type=\"application\/ld+json\" class=\"yoast-schema-graph\">{\"@context\":\"https:\\\/\\\/schema.org\",\"@graph\":[{\"@type\":\"Article\",\"@id\":\"https:\\\/\\\/gentedebasquet.com.ar\\\/sitio\\\/2018\\\/03\\\/25\\\/la-gloria-fue-para-bahia-basket\\\/#article\",\"isPartOf\":{\"@id\":\"https:\\\/\\\/gentedebasquet.com.ar\\\/sitio\\\/2018\\\/03\\\/25\\\/la-gloria-fue-para-bahia-basket\\\/\"},\"author\":{\"name\":\"Gente de B\u00e1squet\",\"@id\":\"https:\\\/\\\/gentedebasquet.com.ar\\\/sitio\\\/#\\\/schema\\\/person\\\/ca0b63bbb977369988a7bbbdc519943a\"},\"headline\":\"La Gloria fue para Bah\u00eda Basket\",\"datePublished\":\"2018-03-26T02:11:13+00:00\",\"mainEntityOfPage\":{\"@id\":\"https:\\\/\\\/gentedebasquet.com.ar\\\/sitio\\\/2018\\\/03\\\/25\\\/la-gloria-fue-para-bahia-basket\\\/\"},\"wordCount\":637,\"image\":{\"@id\":\"https:\\\/\\\/gentedebasquet.com.ar\\\/sitio\\\/2018\\\/03\\\/25\\\/la-gloria-fue-para-bahia-basket\\\/#primaryimage\"},\"thumbnailUrl\":\"https:\\\/\\\/gentedebasquet.com.ar\\\/sitio\\\/wp-content\\\/uploads\\\/2018\\\/03\\\/Bahia-Instituto-LNB-Fjellerup.jpg\",\"keywords\":[\"Bah\u00eda Basket\",\"Hern\u00e1n Jasen\",\"Instituto\",\"liga nacional\",\"LNB\",\"M\u00e1ximo Fjellerup\"],\"articleSection\":[\"Bah\u00eda Basket\",\"Liga Nacional\",\"Nacional\",\"Slide\"],\"inLanguage\":\"es\"},{\"@type\":\"WebPage\",\"@id\":\"https:\\\/\\\/gentedebasquet.com.ar\\\/sitio\\\/2018\\\/03\\\/25\\\/la-gloria-fue-para-bahia-basket\\\/\",\"url\":\"https:\\\/\\\/gentedebasquet.com.ar\\\/sitio\\\/2018\\\/03\\\/25\\\/la-gloria-fue-para-bahia-basket\\\/\",\"name\":\"La Gloria fue para Bah\u00eda Basket - Gente de B\u00e1squet\",\"isPartOf\":{\"@id\":\"https:\\\/\\\/gentedebasquet.com.ar\\\/sitio\\\/#website\"},\"primaryImageOfPage\":{\"@id\":\"https:\\\/\\\/gentedebasquet.com.ar\\\/sitio\\\/2018\\\/03\\\/25\\\/la-gloria-fue-para-bahia-basket\\\/#primaryimage\"},\"image\":{\"@id\":\"https:\\\/\\\/gentedebasquet.com.ar\\\/sitio\\\/2018\\\/03\\\/25\\\/la-gloria-fue-para-bahia-basket\\\/#primaryimage\"},\"thumbnailUrl\":\"https:\\\/\\\/gentedebasquet.com.ar\\\/sitio\\\/wp-content\\\/uploads\\\/2018\\\/03\\\/Bahia-Instituto-LNB-Fjellerup.jpg\",\"datePublished\":\"2018-03-26T02:11:13+00:00\",\"author\":{\"@id\":\"https:\\\/\\\/gentedebasquet.com.ar\\\/sitio\\\/#\\\/schema\\\/person\\\/ca0b63bbb977369988a7bbbdc519943a\"},\"breadcrumb\":{\"@id\":\"https:\\\/\\\/gentedebasquet.com.ar\\\/sitio\\\/2018\\\/03\\\/25\\\/la-gloria-fue-para-bahia-basket\\\/#breadcrumb\"},\"inLanguage\":\"es\",\"potentialAction\":[{\"@type\":\"ReadAction\",\"target\":[\"https:\\\/\\\/gentedebasquet.com.ar\\\/sitio\\\/2018\\\/03\\\/25\\\/la-gloria-fue-para-bahia-basket\\\/\"]}]},{\"@type\":\"ImageObject\",\"inLanguage\":\"es\",\"@id\":\"https:\\\/\\\/gentedebasquet.com.ar\\\/sitio\\\/2018\\\/03\\\/25\\\/la-gloria-fue-para-bahia-basket\\\/#primaryimage\",\"url\":\"https:\\\/\\\/gentedebasquet.com.ar\\\/sitio\\\/wp-content\\\/uploads\\\/2018\\\/03\\\/Bahia-Instituto-LNB-Fjellerup.jpg\",\"contentUrl\":\"https:\\\/\\\/gentedebasquet.com.ar\\\/sitio\\\/wp-content\\\/uploads\\\/2018\\\/03\\\/Bahia-Instituto-LNB-Fjellerup.jpg\",\"width\":690,\"height\":319},{\"@type\":\"BreadcrumbList\",\"@id\":\"https:\\\/\\\/gentedebasquet.com.ar\\\/sitio\\\/2018\\\/03\\\/25\\\/la-gloria-fue-para-bahia-basket\\\/#breadcrumb\",\"itemListElement\":[{\"@type\":\"ListItem\",\"position\":1,\"name\":\"Portada\",\"item\":\"https:\\\/\\\/gentedebasquet.com.ar\\\/sitio\\\/\"},{\"@type\":\"ListItem\",\"position\":2,\"name\":\"La Gloria fue para Bah\u00eda Basket\"}]},{\"@type\":\"WebSite\",\"@id\":\"https:\\\/\\\/gentedebasquet.com.ar\\\/sitio\\\/#website\",\"url\":\"https:\\\/\\\/gentedebasquet.com.ar\\\/sitio\\\/\",\"name\":\"Gente de B\u00e1squet\",\"description\":\"La revista del basquet de Bah\u00eda Blanca\",\"potentialAction\":[{\"@type\":\"SearchAction\",\"target\":{\"@type\":\"EntryPoint\",\"urlTemplate\":\"https:\\\/\\\/gentedebasquet.com.ar\\\/sitio\\\/?s={search_term_string}\"},\"query-input\":{\"@type\":\"PropertyValueSpecification\",\"valueRequired\":true,\"valueName\":\"search_term_string\"}}],\"inLanguage\":\"es\"},{\"@type\":\"Person\",\"@id\":\"https:\\\/\\\/gentedebasquet.com.ar\\\/sitio\\\/#\\\/schema\\\/person\\\/ca0b63bbb977369988a7bbbdc519943a\",\"name\":\"Gente de B\u00e1squet\",\"image\":{\"@type\":\"ImageObject\",\"inLanguage\":\"es\",\"@id\":\"https:\\\/\\\/secure.gravatar.com\\\/avatar\\\/7f2c48bdc33b30088f941fb6082e555f2874c98e20cb159d7b92b50eadfce793?s=96&d=mm&r=g\",\"url\":\"https:\\\/\\\/secure.gravatar.com\\\/avatar\\\/7f2c48bdc33b30088f941fb6082e555f2874c98e20cb159d7b92b50eadfce793?s=96&d=mm&r=g\",\"contentUrl\":\"https:\\\/\\\/secure.gravatar.com\\\/avatar\\\/7f2c48bdc33b30088f941fb6082e555f2874c98e20cb159d7b92b50eadfce793?s=96&d=mm&r=g\",\"caption\":\"Gente de B\u00e1squet\"},\"sameAs\":[\"http:\\\/\\\/gentedebasquet.com.ar\\\/sitio\"],\"url\":\"https:\\\/\\\/gentedebasquet.com.ar\\\/sitio\\\/author\\\/ulises\\\/\"}]}<\/script>\n<!-- \/ Yoast SEO plugin. -->","yoast_head_json":{"title":"La Gloria fue para Bah\u00eda Basket - Gente de B\u00e1squet","robots":{"index":"index","follow":"follow","max-snippet":"max-snippet:-1","max-image-preview":"max-image-preview:large","max-video-preview":"max-video-preview:-1"},"canonical":"https:\/\/gentedebasquet.com.ar\/sitio\/2018\/03\/25\/la-gloria-fue-para-bahia-basket\/","og_locale":"es_ES","og_type":"article","og_title":"La Gloria fue para Bah\u00eda Basket - Gente de B\u00e1squet","og_description":"El conjunto bahiense venci\u00f3 a Instituto por la Liga Nacional 79 a 72","og_url":"https:\/\/gentedebasquet.com.ar\/sitio\/2018\/03\/25\/la-gloria-fue-para-bahia-basket\/","og_site_name":"Gente de B\u00e1squet","article_published_time":"2018-03-26T02:11:13+00:00","og_image":[{"width":690,"height":319,"url":"https:\/\/gentedebasquet.com.ar\/sitio\/wp-content\/uploads\/2018\/03\/Bahia-Instituto-LNB-Fjellerup.jpg","type":"image\/jpeg"}],"author":"Gente de B\u00e1squet","twitter_card":"summary_large_image","twitter_misc":{"Escrito por":"Gente de B\u00e1squet","Tiempo de lectura":"3 minutos"},"schema":{"@context":"https:\/\/schema.org","@graph":[{"@type":"Article","@id":"https:\/\/gentedebasquet.com.ar\/sitio\/2018\/03\/25\/la-gloria-fue-para-bahia-basket\/#article","isPartOf":{"@id":"https:\/\/gentedebasquet.com.ar\/sitio\/2018\/03\/25\/la-gloria-fue-para-bahia-basket\/"},"author":{"name":"Gente de B\u00e1squet","@id":"https:\/\/gentedebasquet.com.ar\/sitio\/#\/schema\/person\/ca0b63bbb977369988a7bbbdc519943a"},"headline":"La Gloria fue para Bah\u00eda Basket","datePublished":"2018-03-26T02:11:13+00:00","mainEntityOfPage":{"@id":"https:\/\/gentedebasquet.com.ar\/sitio\/2018\/03\/25\/la-gloria-fue-para-bahia-basket\/"},"wordCount":637,"image":{"@id":"https:\/\/gentedebasquet.com.ar\/sitio\/2018\/03\/25\/la-gloria-fue-para-bahia-basket\/#primaryimage"},"thumbnailUrl":"https:\/\/gentedebasquet.com.ar\/sitio\/wp-content\/uploads\/2018\/03\/Bahia-Instituto-LNB-Fjellerup.jpg","keywords":["Bah\u00eda Basket","Hern\u00e1n Jasen","Instituto","liga nacional","LNB","M\u00e1ximo Fjellerup"],"articleSection":["Bah\u00eda Basket","Liga Nacional","Nacional","Slide"],"inLanguage":"es"},{"@type":"WebPage","@id":"https:\/\/gentedebasquet.com.ar\/sitio\/2018\/03\/25\/la-gloria-fue-para-bahia-basket\/","url":"https:\/\/gentedebasquet.com.ar\/sitio\/2018\/03\/25\/la-gloria-fue-para-bahia-basket\/","name":"La Gloria fue para Bah\u00eda Basket - Gente de B\u00e1squet","isPartOf":{"@id":"https:\/\/gentedebasquet.com.ar\/sitio\/#website"},"primaryImageOfPage":{"@id":"https:\/\/gentedebasquet.com.ar\/sitio\/2018\/03\/25\/la-gloria-fue-para-bahia-basket\/#primaryimage"},"image":{"@id":"https:\/\/gentedebasquet.com.ar\/sitio\/2018\/03\/25\/la-gloria-fue-para-bahia-basket\/#primaryimage"},"thumbnailUrl":"https:\/\/gentedebasquet.com.ar\/sitio\/wp-content\/uploads\/2018\/03\/Bahia-Instituto-LNB-Fjellerup.jpg","datePublished":"2018-03-26T02:11:13+00:00","author":{"@id":"https:\/\/gentedebasquet.com.ar\/sitio\/#\/schema\/person\/ca0b63bbb977369988a7bbbdc519943a"},"breadcrumb":{"@id":"https:\/\/gentedebasquet.com.ar\/sitio\/2018\/03\/25\/la-gloria-fue-para-bahia-basket\/#breadcrumb"},"inLanguage":"es","potentialAction":[{"@type":"ReadAction","target":["https:\/\/gentedebasquet.com.ar\/sitio\/2018\/03\/25\/la-gloria-fue-para-bahia-basket\/"]}]},{"@type":"ImageObject","inLanguage":"es","@id":"https:\/\/gentedebasquet.com.ar\/sitio\/2018\/03\/25\/la-gloria-fue-para-bahia-basket\/#primaryimage","url":"https:\/\/gentedebasquet.com.ar\/sitio\/wp-content\/uploads\/2018\/03\/Bahia-Instituto-LNB-Fjellerup.jpg","contentUrl":"https:\/\/gentedebasquet.com.ar\/sitio\/wp-content\/uploads\/2018\/03\/Bahia-Instituto-LNB-Fjellerup.jpg","width":690,"height":319},{"@type":"BreadcrumbList","@id":"https:\/\/gentedebasquet.com.ar\/sitio\/2018\/03\/25\/la-gloria-fue-para-bahia-basket\/#breadcrumb","itemListElement":[{"@type":"ListItem","position":1,"name":"Portada","item":"https:\/\/gentedebasquet.com.ar\/sitio\/"},{"@type":"ListItem","position":2,"name":"La Gloria fue para Bah\u00eda Basket"}]},{"@type":"WebSite","@id":"https:\/\/gentedebasquet.com.ar\/sitio\/#website","url":"https:\/\/gentedebasquet.com.ar\/sitio\/","name":"Gente de B\u00e1squet","description":"La revista del basquet de Bah\u00eda Blanca","potentialAction":[{"@type":"SearchAction","target":{"@type":"EntryPoint","urlTemplate":"https:\/\/gentedebasquet.com.ar\/sitio\/?s={search_term_string}"},"query-input":{"@type":"PropertyValueSpecification","valueRequired":true,"valueName":"search_term_string"}}],"inLanguage":"es"},{"@type":"Person","@id":"https:\/\/gentedebasquet.com.ar\/sitio\/#\/schema\/person\/ca0b63bbb977369988a7bbbdc519943a","name":"Gente de B\u00e1squet","image":{"@type":"ImageObject","inLanguage":"es","@id":"https:\/\/secure.gravatar.com\/avatar\/7f2c48bdc33b30088f941fb6082e555f2874c98e20cb159d7b92b50eadfce793?s=96&d=mm&r=g","url":"https:\/\/secure.gravatar.com\/avatar\/7f2c48bdc33b30088f941fb6082e555f2874c98e20cb159d7b92b50eadfce793?s=96&d=mm&r=g","contentUrl":"https:\/\/secure.gravatar.com\/avatar\/7f2c48bdc33b30088f941fb6082e555f2874c98e20cb159d7b92b50eadfce793?s=96&d=mm&r=g","caption":"Gente de B\u00e1squet"},"sameAs":["http:\/\/gentedebasquet.com.ar\/sitio"],"url":"https:\/\/gentedebasquet.com.ar\/sitio\/author\/ulises\/"}]}},"_links":{"self":[{"href":"https:\/\/gentedebasquet.com.ar\/sitio\/wp-json\/wp\/v2\/posts\/80901","targetHints":{"allow":["GET"]}}],"collection":[{"href":"https:\/\/gentedebasquet.com.ar\/sitio\/wp-json\/wp\/v2\/posts"}],"about":[{"href":"https:\/\/gentedebasquet.com.ar\/sitio\/wp-json\/wp\/v2\/types\/post"}],"author":[{"embeddable":true,"href":"https:\/\/gentedebasquet.com.ar\/sitio\/wp-json\/wp\/v2\/users\/1"}],"replies":[{"embeddable":true,"href":"https:\/\/gentedebasquet.com.ar\/sitio\/wp-json\/wp\/v2\/comments?post=80901"}],"version-history":[{"count":0,"href":"https:\/\/gentedebasquet.com.ar\/sitio\/wp-json\/wp\/v2\/posts\/80901\/revisions"}],"wp:featuredmedia":[{"embeddable":true,"href":"https:\/\/gentedebasquet.com.ar\/sitio\/wp-json\/wp\/v2\/media\/80902"}],"wp:attachment":[{"href":"https:\/\/gentedebasquet.com.ar\/sitio\/wp-json\/wp\/v2\/media?parent=80901"}],"wp:term":[{"taxonomy":"category","embeddable":true,"href":"https:\/\/gentedebasquet.com.ar\/sitio\/wp-json\/wp\/v2\/categories?post=80901"},{"taxonomy":"post_tag","embeddable":true,"href":"https:\/\/gentedebasquet.com.ar\/sitio\/wp-json\/wp\/v2\/tags?post=80901"}],"curies":[{"name":"wp","href":"https:\/\/api.w.org\/{rel}","templated":true}]}}