{"id":80927,"date":"2018-03-26T23:33:39","date_gmt":"2018-03-27T02:33:39","guid":{"rendered":"http:\/\/www.gentedebasquet.com.ar\/?p=80927"},"modified":"2018-03-26T23:33:39","modified_gmt":"2018-03-27T02:33:39","slug":"la-experiencia-sobre-la-juventud","status":"publish","type":"post","link":"https:\/\/gentedebasquet.com.ar\/sitio\/2018\/03\/26\/la-experiencia-sobre-la-juventud\/","title":{"rendered":"La experiencia sobre la juventud"},"content":{"rendered":"<p><b>Estudiantes mostr\u00f3 todo su repertorio ante Alem al vencerlo c\u00f3modamente\u00a0por 95 a 70 en el Daniel Lacunza. El albo fue de menor a mayor y por eso, el local logr\u00f3 hacerle fuerza en el primer tiempo (38-44), pero ya a la vuelta de los vestuarios fue todo del visitante que con su plantel largo y su experiencia dej\u00f3 sin respuestas a su rival de turno. Los goleadores del equipo ganador, que contabiliz\u00f3 18 asistencias, fueron Mariano Castets con 24 puntos (2\/2 t3, 5\/11 t2 y 8\/8 t1) y Jer\u00f3nimo Mitoire con 16 (8 en el 4C). Por su parte, la gran actuaci\u00f3n\u00a0de Walter Gigena (19 y 14 rebotes) y el aceptable debut de Javier Scheines (13) no bastaron en el due\u00f1o de casa.<\/b><\/p>\n<p>El inicio de juego fue impreciso, beneficiando esto a Alem que en tres minutos de juego se encontraba 5-4 arriba. Pero lo cierto es que cuando se arm\u00f3 el encuentro, Estudiantes sac\u00f3 la diferencia siendo punzante en ataque y plasmando as\u00ed un parcial de 11-0, coloc\u00e1ndose 7-19 a falta de tres minutos. El albo encontr\u00f3 en Castets generaci\u00f3n de juego y puntos (9) y tambi\u00e9n, en la pintura, a pesar de no contar con un gran David Pineda, se las rebuscaba para ganar el duelo con Scheines. Aunque, en el cierre el local no se achic\u00f3 y fue en busca de descontar en el marcador. Gigena se puso el equipo al hombro (6) y una bomba de Astradas provoc\u00f3 que el primer cuarto finalice 18-26.<\/p>\n<p><a href=\"http:\/\/www.gentedebasquet.com.ar\/wp-content\/uploads\/2018\/03\/Alem.jpg\"><img decoding=\"async\" class=\"size-medium wp-image-80951 alignright\" src=\"http:\/\/www.gentedebasquet.com.ar\/wp-content\/uploads\/2018\/03\/Alem-300x203.jpg\" alt=\"\" width=\"300\" height=\"203\" srcset=\"https:\/\/gentedebasquet.com.ar\/sitio\/wp-content\/uploads\/2018\/03\/Alem-300x203.jpg 300w, https:\/\/gentedebasquet.com.ar\/sitio\/wp-content\/uploads\/2018\/03\/Alem.jpg 400w\" sizes=\"(max-width: 300px) 100vw, 300px\" \/><\/a><\/p>\n<p>En el segundo segment\u00f3 se vi\u00f3 la mejor versi\u00f3n de Alem. Y para que eso suceda se dieron varios factores. Los pibes mostraron rebeld\u00eda, Scheines empez\u00f3 a prevalecer en la pintura y Gigena sigui\u00f3 con sus ganas siendo as\u00ed la principal v\u00eda de gol (5). Ante esto, el local logr\u00f3 igualar el resultado y ponerse en partido nuevamente (34-34) en cinco minutos de juego. La lucha a\u00e9rea era tambi\u00e9n del equipo de Carbonell, pero sufr\u00eda mucho en defensa lo que hizo que el visitante consiga puntos f\u00e1ciles (Cinti 6) y se vaya al descanso arriba por 44 a 38.<\/p>\n<blockquote><p><em>Fue un partido dif\u00edcil, a priori sab\u00edamos\u00a0que ten\u00edamos\u00a0m\u00e1s equipo, pero los pibes de ellos son buenos y no se dan por vencidos nunca. Entramos fuerte, despu\u00e9s\u00a0nos relajamos, se nos vinieron, pero en el segundo tiempo pudimos entrar concentrados y as\u00ed\u00a0sacar la diferencia. Tenemos un equipo muy largo, todos los que entran lo hacen bien y adem\u00e1s, tenemos experiencia en Pineda y Castets. El equipo se arm\u00f3 para estar arriba, igual hay muchos planteles que est\u00e1n\u00a0bien preparados y el torneo de Bah\u00eda\u00a0es muy parejo, puede pasar cualquier cosa (Jer\u00f3nimo Mitoire).\u00a0<\/em><\/p><\/blockquote>\n<p>Estudiantes volvi\u00f3 con todo a la cancha y el gran art\u00edfice de esto fue Mariano Castets. Ya con el mismo equipo que inicio el partido, el albo sac\u00f3 la diferencia y el poder\u00edo en ofensiva le gener\u00f3 al rival varios dolores de cabeza, principalmente \u00a8catete\u00a8 que tuvo su cuarto de gloria, convirtiendo 15 puntos siendo indefendible (1\/1 t3, 4\/8 t2 y 4\/4 t1). Ya la brecha era larga: 53-70 a falta de tres minutos, en un segmento que se hizo largo por varias faltas. Adem\u00e1s, el partido tom\u00f3 calentura ya que sobre el cierre Pascual, que se encontraba desaforado, fue expulsado del partido luego de un entredicho con Cinti. Luego de este hecho innecesario, el juego sigui\u00f3 cerr\u00e1ndose 58-71.<a href=\"http:\/\/www.gentedebasquet.com.ar\/wp-content\/uploads\/2018\/03\/Beron.jpg\"><img decoding=\"async\" class=\"size-medium wp-image-80950 alignright\" src=\"http:\/\/www.gentedebasquet.com.ar\/wp-content\/uploads\/2018\/03\/Beron-300x203.jpg\" alt=\"\" width=\"300\" height=\"203\" srcset=\"https:\/\/gentedebasquet.com.ar\/sitio\/wp-content\/uploads\/2018\/03\/Beron-300x203.jpg 300w, https:\/\/gentedebasquet.com.ar\/sitio\/wp-content\/uploads\/2018\/03\/Beron.jpg 400w\" sizes=\"(max-width: 300px) 100vw, 300px\" \/><\/a><\/p>\n<p>En el \u00faltimo cuarto se termin\u00f3 de sentenciar la historia. Alem se enloqueci\u00f3 en ataque (0\/4 t3), se encontr\u00f3 sin ideas y no logr\u00f3 acercarse en el marcador. En frente, el visitante fue inteligente, jug\u00f3 con la diferencia y su equipo largo empez\u00f3 a surgir efecto, donde cada uno aport\u00f3 lo suyo. A Amore se le abri\u00f3 el aro (7), ingres\u00f3 bien Kloster (4) y Mitoire se hizo due\u00f1o de la pintura (8), al no estar m\u00e1s en cancha Scheines. Ya no hab\u00eda m\u00e1s por jugar, la distancia era de +20 y solo qued\u00f3 tiempo para que ambos t\u00e9cnicos le den minutos a los pibes.<\/p>\n<p>El albo sue\u00f1a, y por ahora lleva dos de dos. Por su parte, Alem registra dos derrotas pero con la tranquilidad de que los pibes le hacen frente a cualquier equipo.<\/p>\n<p>[youtube]<a href=\"https:\/\/www.youtube.com\/watch?v=8hYMAUsVloQ\">http:\/\/www.youtube.com\/watch?v=ABCDEFGH<\/a>[\/youtube]<\/p>\n<p>&nbsp;<\/p>\n<p><strong>Sintesis &#8211;\u00a0<\/strong>Primera &#8211; Cuidad de Bah\u00eda Blanca -Fecha #2<\/p>\n<p><strong>Alem 70: <\/strong>Joaqu\u00edn Menna 4, Santiago Pascual 8 (D), Mateo Murphy 2, Walter Gigena 19, Javier Scheines 13 (FI); Patricio Zapata 6, Mariano Nu\u00f1ez 0, Santiago Loos 0, Agust\u00edn Astradas 12, Felipe Mandolesi 6 y Giuliano Centuri\u00f3n 0. DT: Leandro Carbonell.<\/p>\n<p><strong>Estudiantes 95:<\/strong> Tom\u00e1s Scarpaci 7, Mariano Castets 24, Leonel Alema\u00f1y 9, Jer\u00f3nimo Mitoire 16, David Pineda 8 (FI); Sebasti\u00e1n Cinti 10, Juli\u00e1n Rodr\u00edguez 0, Agust\u00edn Amore 10, Bruno Ferrandi 4, Nehu\u00e9n Ber\u00f3n 3, Juli\u00e1n Kloster 4 y Valent\u00edn Duvanced 0. DT: Walter Romerniszyn.<\/p>\n<p><strong>Parciales:<\/strong> 18-26, 38-44 (20-18), 58-71 (20-27) y 70-95 (12-24).<\/p>\n<p><b>\u00c1rbitros<\/b><strong>:<\/strong> Sebasti\u00e1n Giannino &#8211; Diego Kessler.<\/p>\n<p><strong>Estadio:<\/strong> Daniel Lacunza (L.N Alem).<\/p>\n<p><a href=\"https:\/\/docs.google.com\/spreadsheets\/d\/e\/2PACX-1vQ9hcOkl_5JoOpUzjqoyLDMKhBe3F1Ypde7SSyW02qNZJbluNsejn-T3AcXD_RHbb2tHYZybod7q-7d\/pubhtml?target=\">Ver planilla<\/a><\/p>\n<h5><strong>JUSTICIA POR FACUNDO SACCOCCIA<\/strong><\/h5>\n<p>En la previa del partido, ambos equipos posaron con una bandera pidiendo justicia por Facundo Saccoccia, atropellado el 10 de Marzo por un auto, cuyo conductor estaba ebrio.<\/p>\n<p><img decoding=\"async\" class=\"aligncenter size-full wp-image-80954\" src=\"http:\/\/www.gentedebasquet.com.ar\/wp-content\/uploads\/2018\/03\/Alem-equipo.jpg\" alt=\"\" width=\"640\" height=\"480\" srcset=\"https:\/\/gentedebasquet.com.ar\/sitio\/wp-content\/uploads\/2018\/03\/Alem-equipo.jpg 640w, https:\/\/gentedebasquet.com.ar\/sitio\/wp-content\/uploads\/2018\/03\/Alem-equipo-300x225.jpg 300w\" sizes=\"(max-width: 640px) 100vw, 640px\" \/><\/p>\n<p><img decoding=\"async\" class=\"aligncenter size-full wp-image-80957\" src=\"http:\/\/www.gentedebasquet.com.ar\/wp-content\/uploads\/2018\/03\/Albo.jpg\" alt=\"\" width=\"640\" height=\"480\" srcset=\"https:\/\/gentedebasquet.com.ar\/sitio\/wp-content\/uploads\/2018\/03\/Albo.jpg 640w, https:\/\/gentedebasquet.com.ar\/sitio\/wp-content\/uploads\/2018\/03\/Albo-300x225.jpg 300w\" sizes=\"(max-width: 640px) 100vw, 640px\" \/><\/p>\n<p>&nbsp;<\/p>\n","protected":false},"excerpt":{"rendered":"<p>Estudiantes hizo valer su jerarqu\u00eda al derrotar a Alem por 95 a 70.<\/p>\n","protected":false},"author":1,"featured_media":80953,"comment_status":"closed","ping_status":"open","sticky":false,"template":"","format":"standard","meta":{"jnews-multi-image_gallery":[],"jnews_single_post":[],"jnews_primary_category":[],"footnotes":""},"categories":[23,101],"tags":[3,11,45,766,137,302],"class_list":["post-80927","post","type-post","status-publish","format-standard","has-post-thumbnail","hentry","category-primera","category-slide","tag-alem","tag-estudiantes","tag-javier-scheines","tag-jeronimo-mitoire","tag-mariano-castets","tag-walter-gigena"],"yoast_head":"<!-- This site is optimized with the Yoast SEO plugin v27.5 - https:\/\/yoast.com\/product\/yoast-seo-wordpress\/ -->\n<title>La experiencia sobre la juventud - Gente de B\u00e1squet<\/title>\n<meta name=\"robots\" content=\"index, follow, max-snippet:-1, max-image-preview:large, max-video-preview:-1\" \/>\n<link rel=\"canonical\" href=\"https:\/\/gentedebasquet.com.ar\/sitio\/2018\/03\/26\/la-experiencia-sobre-la-juventud\/\" \/>\n<meta property=\"og:locale\" content=\"es_ES\" \/>\n<meta property=\"og:type\" content=\"article\" \/>\n<meta property=\"og:title\" content=\"La experiencia sobre la juventud - Gente de B\u00e1squet\" \/>\n<meta property=\"og:description\" content=\"Estudiantes hizo valer su jerarqu\u00eda al derrotar a Alem por 95 a 70.\" \/>\n<meta property=\"og:url\" content=\"https:\/\/gentedebasquet.com.ar\/sitio\/2018\/03\/26\/la-experiencia-sobre-la-juventud\/\" \/>\n<meta property=\"og:site_name\" content=\"Gente de B\u00e1squet\" \/>\n<meta property=\"article:published_time\" content=\"2018-03-27T02:33:39+00:00\" \/>\n<meta property=\"og:image\" content=\"https:\/\/gentedebasquet.com.ar\/sitio\/wp-content\/uploads\/2018\/03\/cinti.jpg\" \/>\n\t<meta property=\"og:image:width\" content=\"690\" \/>\n\t<meta property=\"og:image:height\" content=\"320\" \/>\n\t<meta property=\"og:image:type\" content=\"image\/jpeg\" \/>\n<meta name=\"author\" content=\"Gente de B\u00e1squet\" \/>\n<meta name=\"twitter:card\" content=\"summary_large_image\" \/>\n<meta name=\"twitter:label1\" content=\"Escrito por\" \/>\n\t<meta name=\"twitter:data1\" content=\"Gente de B\u00e1squet\" \/>\n\t<meta name=\"twitter:label2\" content=\"Tiempo de lectura\" \/>\n\t<meta name=\"twitter:data2\" content=\"4 minutos\" \/>\n<script type=\"application\/ld+json\" class=\"yoast-schema-graph\">{\"@context\":\"https:\\\/\\\/schema.org\",\"@graph\":[{\"@type\":\"Article\",\"@id\":\"https:\\\/\\\/gentedebasquet.com.ar\\\/sitio\\\/2018\\\/03\\\/26\\\/la-experiencia-sobre-la-juventud\\\/#article\",\"isPartOf\":{\"@id\":\"https:\\\/\\\/gentedebasquet.com.ar\\\/sitio\\\/2018\\\/03\\\/26\\\/la-experiencia-sobre-la-juventud\\\/\"},\"author\":{\"name\":\"Gente de B\u00e1squet\",\"@id\":\"https:\\\/\\\/gentedebasquet.com.ar\\\/sitio\\\/#\\\/schema\\\/person\\\/ca0b63bbb977369988a7bbbdc519943a\"},\"headline\":\"La experiencia sobre la juventud\",\"datePublished\":\"2018-03-27T02:33:39+00:00\",\"mainEntityOfPage\":{\"@id\":\"https:\\\/\\\/gentedebasquet.com.ar\\\/sitio\\\/2018\\\/03\\\/26\\\/la-experiencia-sobre-la-juventud\\\/\"},\"wordCount\":860,\"image\":{\"@id\":\"https:\\\/\\\/gentedebasquet.com.ar\\\/sitio\\\/2018\\\/03\\\/26\\\/la-experiencia-sobre-la-juventud\\\/#primaryimage\"},\"thumbnailUrl\":\"https:\\\/\\\/gentedebasquet.com.ar\\\/sitio\\\/wp-content\\\/uploads\\\/2018\\\/03\\\/cinti.jpg\",\"keywords\":[\"Alem\",\"Estudiantes\",\"Javier Scheines\",\"Jer\u00f3nimo Mitoire\",\"Mariano Castets\",\"Walter Gigena\"],\"articleSection\":[\"Primera\",\"Slide\"],\"inLanguage\":\"es\"},{\"@type\":\"WebPage\",\"@id\":\"https:\\\/\\\/gentedebasquet.com.ar\\\/sitio\\\/2018\\\/03\\\/26\\\/la-experiencia-sobre-la-juventud\\\/\",\"url\":\"https:\\\/\\\/gentedebasquet.com.ar\\\/sitio\\\/2018\\\/03\\\/26\\\/la-experiencia-sobre-la-juventud\\\/\",\"name\":\"La experiencia sobre la juventud - Gente de B\u00e1squet\",\"isPartOf\":{\"@id\":\"https:\\\/\\\/gentedebasquet.com.ar\\\/sitio\\\/#website\"},\"primaryImageOfPage\":{\"@id\":\"https:\\\/\\\/gentedebasquet.com.ar\\\/sitio\\\/2018\\\/03\\\/26\\\/la-experiencia-sobre-la-juventud\\\/#primaryimage\"},\"image\":{\"@id\":\"https:\\\/\\\/gentedebasquet.com.ar\\\/sitio\\\/2018\\\/03\\\/26\\\/la-experiencia-sobre-la-juventud\\\/#primaryimage\"},\"thumbnailUrl\":\"https:\\\/\\\/gentedebasquet.com.ar\\\/sitio\\\/wp-content\\\/uploads\\\/2018\\\/03\\\/cinti.jpg\",\"datePublished\":\"2018-03-27T02:33:39+00:00\",\"author\":{\"@id\":\"https:\\\/\\\/gentedebasquet.com.ar\\\/sitio\\\/#\\\/schema\\\/person\\\/ca0b63bbb977369988a7bbbdc519943a\"},\"breadcrumb\":{\"@id\":\"https:\\\/\\\/gentedebasquet.com.ar\\\/sitio\\\/2018\\\/03\\\/26\\\/la-experiencia-sobre-la-juventud\\\/#breadcrumb\"},\"inLanguage\":\"es\",\"potentialAction\":[{\"@type\":\"ReadAction\",\"target\":[\"https:\\\/\\\/gentedebasquet.com.ar\\\/sitio\\\/2018\\\/03\\\/26\\\/la-experiencia-sobre-la-juventud\\\/\"]}]},{\"@type\":\"ImageObject\",\"inLanguage\":\"es\",\"@id\":\"https:\\\/\\\/gentedebasquet.com.ar\\\/sitio\\\/2018\\\/03\\\/26\\\/la-experiencia-sobre-la-juventud\\\/#primaryimage\",\"url\":\"https:\\\/\\\/gentedebasquet.com.ar\\\/sitio\\\/wp-content\\\/uploads\\\/2018\\\/03\\\/cinti.jpg\",\"contentUrl\":\"https:\\\/\\\/gentedebasquet.com.ar\\\/sitio\\\/wp-content\\\/uploads\\\/2018\\\/03\\\/cinti.jpg\",\"width\":690,\"height\":320},{\"@type\":\"BreadcrumbList\",\"@id\":\"https:\\\/\\\/gentedebasquet.com.ar\\\/sitio\\\/2018\\\/03\\\/26\\\/la-experiencia-sobre-la-juventud\\\/#breadcrumb\",\"itemListElement\":[{\"@type\":\"ListItem\",\"position\":1,\"name\":\"Portada\",\"item\":\"https:\\\/\\\/gentedebasquet.com.ar\\\/sitio\\\/\"},{\"@type\":\"ListItem\",\"position\":2,\"name\":\"La experiencia sobre la juventud\"}]},{\"@type\":\"WebSite\",\"@id\":\"https:\\\/\\\/gentedebasquet.com.ar\\\/sitio\\\/#website\",\"url\":\"https:\\\/\\\/gentedebasquet.com.ar\\\/sitio\\\/\",\"name\":\"Gente de B\u00e1squet\",\"description\":\"La revista del basquet de Bah\u00eda Blanca\",\"potentialAction\":[{\"@type\":\"SearchAction\",\"target\":{\"@type\":\"EntryPoint\",\"urlTemplate\":\"https:\\\/\\\/gentedebasquet.com.ar\\\/sitio\\\/?s={search_term_string}\"},\"query-input\":{\"@type\":\"PropertyValueSpecification\",\"valueRequired\":true,\"valueName\":\"search_term_string\"}}],\"inLanguage\":\"es\"},{\"@type\":\"Person\",\"@id\":\"https:\\\/\\\/gentedebasquet.com.ar\\\/sitio\\\/#\\\/schema\\\/person\\\/ca0b63bbb977369988a7bbbdc519943a\",\"name\":\"Gente de B\u00e1squet\",\"image\":{\"@type\":\"ImageObject\",\"inLanguage\":\"es\",\"@id\":\"https:\\\/\\\/secure.gravatar.com\\\/avatar\\\/7f2c48bdc33b30088f941fb6082e555f2874c98e20cb159d7b92b50eadfce793?s=96&d=mm&r=g\",\"url\":\"https:\\\/\\\/secure.gravatar.com\\\/avatar\\\/7f2c48bdc33b30088f941fb6082e555f2874c98e20cb159d7b92b50eadfce793?s=96&d=mm&r=g\",\"contentUrl\":\"https:\\\/\\\/secure.gravatar.com\\\/avatar\\\/7f2c48bdc33b30088f941fb6082e555f2874c98e20cb159d7b92b50eadfce793?s=96&d=mm&r=g\",\"caption\":\"Gente de B\u00e1squet\"},\"sameAs\":[\"http:\\\/\\\/gentedebasquet.com.ar\\\/sitio\"],\"url\":\"https:\\\/\\\/gentedebasquet.com.ar\\\/sitio\\\/author\\\/ulises\\\/\"}]}<\/script>\n<!-- \/ Yoast SEO plugin. -->","yoast_head_json":{"title":"La experiencia sobre la juventud - Gente de B\u00e1squet","robots":{"index":"index","follow":"follow","max-snippet":"max-snippet:-1","max-image-preview":"max-image-preview:large","max-video-preview":"max-video-preview:-1"},"canonical":"https:\/\/gentedebasquet.com.ar\/sitio\/2018\/03\/26\/la-experiencia-sobre-la-juventud\/","og_locale":"es_ES","og_type":"article","og_title":"La experiencia sobre la juventud - Gente de B\u00e1squet","og_description":"Estudiantes hizo valer su jerarqu\u00eda al derrotar a Alem por 95 a 70.","og_url":"https:\/\/gentedebasquet.com.ar\/sitio\/2018\/03\/26\/la-experiencia-sobre-la-juventud\/","og_site_name":"Gente de B\u00e1squet","article_published_time":"2018-03-27T02:33:39+00:00","og_image":[{"width":690,"height":320,"url":"https:\/\/gentedebasquet.com.ar\/sitio\/wp-content\/uploads\/2018\/03\/cinti.jpg","type":"image\/jpeg"}],"author":"Gente de B\u00e1squet","twitter_card":"summary_large_image","twitter_misc":{"Escrito por":"Gente de B\u00e1squet","Tiempo de lectura":"4 minutos"},"schema":{"@context":"https:\/\/schema.org","@graph":[{"@type":"Article","@id":"https:\/\/gentedebasquet.com.ar\/sitio\/2018\/03\/26\/la-experiencia-sobre-la-juventud\/#article","isPartOf":{"@id":"https:\/\/gentedebasquet.com.ar\/sitio\/2018\/03\/26\/la-experiencia-sobre-la-juventud\/"},"author":{"name":"Gente de B\u00e1squet","@id":"https:\/\/gentedebasquet.com.ar\/sitio\/#\/schema\/person\/ca0b63bbb977369988a7bbbdc519943a"},"headline":"La experiencia sobre la juventud","datePublished":"2018-03-27T02:33:39+00:00","mainEntityOfPage":{"@id":"https:\/\/gentedebasquet.com.ar\/sitio\/2018\/03\/26\/la-experiencia-sobre-la-juventud\/"},"wordCount":860,"image":{"@id":"https:\/\/gentedebasquet.com.ar\/sitio\/2018\/03\/26\/la-experiencia-sobre-la-juventud\/#primaryimage"},"thumbnailUrl":"https:\/\/gentedebasquet.com.ar\/sitio\/wp-content\/uploads\/2018\/03\/cinti.jpg","keywords":["Alem","Estudiantes","Javier Scheines","Jer\u00f3nimo Mitoire","Mariano Castets","Walter Gigena"],"articleSection":["Primera","Slide"],"inLanguage":"es"},{"@type":"WebPage","@id":"https:\/\/gentedebasquet.com.ar\/sitio\/2018\/03\/26\/la-experiencia-sobre-la-juventud\/","url":"https:\/\/gentedebasquet.com.ar\/sitio\/2018\/03\/26\/la-experiencia-sobre-la-juventud\/","name":"La experiencia sobre la juventud - Gente de B\u00e1squet","isPartOf":{"@id":"https:\/\/gentedebasquet.com.ar\/sitio\/#website"},"primaryImageOfPage":{"@id":"https:\/\/gentedebasquet.com.ar\/sitio\/2018\/03\/26\/la-experiencia-sobre-la-juventud\/#primaryimage"},"image":{"@id":"https:\/\/gentedebasquet.com.ar\/sitio\/2018\/03\/26\/la-experiencia-sobre-la-juventud\/#primaryimage"},"thumbnailUrl":"https:\/\/gentedebasquet.com.ar\/sitio\/wp-content\/uploads\/2018\/03\/cinti.jpg","datePublished":"2018-03-27T02:33:39+00:00","author":{"@id":"https:\/\/gentedebasquet.com.ar\/sitio\/#\/schema\/person\/ca0b63bbb977369988a7bbbdc519943a"},"breadcrumb":{"@id":"https:\/\/gentedebasquet.com.ar\/sitio\/2018\/03\/26\/la-experiencia-sobre-la-juventud\/#breadcrumb"},"inLanguage":"es","potentialAction":[{"@type":"ReadAction","target":["https:\/\/gentedebasquet.com.ar\/sitio\/2018\/03\/26\/la-experiencia-sobre-la-juventud\/"]}]},{"@type":"ImageObject","inLanguage":"es","@id":"https:\/\/gentedebasquet.com.ar\/sitio\/2018\/03\/26\/la-experiencia-sobre-la-juventud\/#primaryimage","url":"https:\/\/gentedebasquet.com.ar\/sitio\/wp-content\/uploads\/2018\/03\/cinti.jpg","contentUrl":"https:\/\/gentedebasquet.com.ar\/sitio\/wp-content\/uploads\/2018\/03\/cinti.jpg","width":690,"height":320},{"@type":"BreadcrumbList","@id":"https:\/\/gentedebasquet.com.ar\/sitio\/2018\/03\/26\/la-experiencia-sobre-la-juventud\/#breadcrumb","itemListElement":[{"@type":"ListItem","position":1,"name":"Portada","item":"https:\/\/gentedebasquet.com.ar\/sitio\/"},{"@type":"ListItem","position":2,"name":"La experiencia sobre la juventud"}]},{"@type":"WebSite","@id":"https:\/\/gentedebasquet.com.ar\/sitio\/#website","url":"https:\/\/gentedebasquet.com.ar\/sitio\/","name":"Gente de B\u00e1squet","description":"La revista del basquet de Bah\u00eda Blanca","potentialAction":[{"@type":"SearchAction","target":{"@type":"EntryPoint","urlTemplate":"https:\/\/gentedebasquet.com.ar\/sitio\/?s={search_term_string}"},"query-input":{"@type":"PropertyValueSpecification","valueRequired":true,"valueName":"search_term_string"}}],"inLanguage":"es"},{"@type":"Person","@id":"https:\/\/gentedebasquet.com.ar\/sitio\/#\/schema\/person\/ca0b63bbb977369988a7bbbdc519943a","name":"Gente de B\u00e1squet","image":{"@type":"ImageObject","inLanguage":"es","@id":"https:\/\/secure.gravatar.com\/avatar\/7f2c48bdc33b30088f941fb6082e555f2874c98e20cb159d7b92b50eadfce793?s=96&d=mm&r=g","url":"https:\/\/secure.gravatar.com\/avatar\/7f2c48bdc33b30088f941fb6082e555f2874c98e20cb159d7b92b50eadfce793?s=96&d=mm&r=g","contentUrl":"https:\/\/secure.gravatar.com\/avatar\/7f2c48bdc33b30088f941fb6082e555f2874c98e20cb159d7b92b50eadfce793?s=96&d=mm&r=g","caption":"Gente de B\u00e1squet"},"sameAs":["http:\/\/gentedebasquet.com.ar\/sitio"],"url":"https:\/\/gentedebasquet.com.ar\/sitio\/author\/ulises\/"}]}},"_links":{"self":[{"href":"https:\/\/gentedebasquet.com.ar\/sitio\/wp-json\/wp\/v2\/posts\/80927","targetHints":{"allow":["GET"]}}],"collection":[{"href":"https:\/\/gentedebasquet.com.ar\/sitio\/wp-json\/wp\/v2\/posts"}],"about":[{"href":"https:\/\/gentedebasquet.com.ar\/sitio\/wp-json\/wp\/v2\/types\/post"}],"author":[{"embeddable":true,"href":"https:\/\/gentedebasquet.com.ar\/sitio\/wp-json\/wp\/v2\/users\/1"}],"replies":[{"embeddable":true,"href":"https:\/\/gentedebasquet.com.ar\/sitio\/wp-json\/wp\/v2\/comments?post=80927"}],"version-history":[{"count":0,"href":"https:\/\/gentedebasquet.com.ar\/sitio\/wp-json\/wp\/v2\/posts\/80927\/revisions"}],"wp:featuredmedia":[{"embeddable":true,"href":"https:\/\/gentedebasquet.com.ar\/sitio\/wp-json\/wp\/v2\/media\/80953"}],"wp:attachment":[{"href":"https:\/\/gentedebasquet.com.ar\/sitio\/wp-json\/wp\/v2\/media?parent=80927"}],"wp:term":[{"taxonomy":"category","embeddable":true,"href":"https:\/\/gentedebasquet.com.ar\/sitio\/wp-json\/wp\/v2\/categories?post=80927"},{"taxonomy":"post_tag","embeddable":true,"href":"https:\/\/gentedebasquet.com.ar\/sitio\/wp-json\/wp\/v2\/tags?post=80927"}],"curies":[{"name":"wp","href":"https:\/\/api.w.org\/{rel}","templated":true}]}}