{"id":80928,"date":"2018-03-26T23:17:20","date_gmt":"2018-03-27T02:17:20","guid":{"rendered":"http:\/\/www.gentedebasquet.com.ar\/?p=80928"},"modified":"2018-03-26T23:17:20","modified_gmt":"2018-03-27T02:17:20","slug":"si-le-avisan-que-es-otro-torneo","status":"publish","type":"post","link":"https:\/\/gentedebasquet.com.ar\/sitio\/2018\/03\/26\/si-le-avisan-que-es-otro-torneo\/","title":{"rendered":"\u00bfSi le avisan que es otro torneo?"},"content":{"rendered":"<p><strong>Casi sin despeinarse, el muleto de Villa Mitre meti\u00f3 su segunda victoria en fila e integra el lote de punteros. La presencia intimidante de un muy activo Ojeda (23 puntos, 11 rebotes, 3 tapas, 35 de valoraci\u00f3n), sumado a los puntos de Harina (17, 3-5 T3) y buenos chispazos de Santiago (13), fueron demasiado para 9 de Julio, que tuvo en Garbarino (17 + 10) a su principal figura. El campe\u00f3n tir\u00f3 24\/28 TL, gan\u00f3 la lucha a\u00e9rea 43-28 y termin\u00f3 qued\u00e1ndose con el duelo por 82 a 66.<\/strong><\/p>\n<p>El inicio fue un espejismo en el que 9 de Julio no pudo seguir reflej\u00e1ndose con el transcurrir de la noche.<\/p>\n<p>Es que el local pic\u00f3 16-10 en 8m, siendo pura intensidad con 6 de Garbarino y 4 de Carci, ante un Villa Mitre que arranc\u00f3 mostrando por d\u00f3nde iban a pasar sus ofensivas: Ojeda recibiendo en el inicio de cada ataque y Harina siempre listo para desenfundar desde afuera.<\/p>\n<p><img decoding=\"async\" class=\"size-full wp-image-80930 alignright\" src=\"http:\/\/www.gentedebasquet.com.ar\/wp-content\/uploads\/2018\/03\/Pe\u00f1alver-9-de-julio-villa-mitre.jpg\" alt=\"\" width=\"400\" height=\"270\" \/><\/p>\n<p>Al margen, los de Iannamico tocaron su pico de rendimiento en el minuto 3 del 2C, con un 21-12 que iba a significar su m\u00e1xima ventaja de la noche.<\/p>\n<p>De ah\u00ed en m\u00e1s, la visita clav\u00f3 un 13-0 tras minuto de Ugolini, presionando en media cancha y basado en una larga racha de Ramiro Santiago, que fue una gotera con 7 puntos en fila.<\/p>\n<p>El PT termin\u00f3 adem\u00e1s con 12 de Harina y 11 de Ojeda, frente a un Garbarino que sigui\u00f3 siendo garant\u00eda de confianza, sumando 8 unidades en fila para cerrar con 14, y ayudando a que su equipo se fuera al vestuario todav\u00eda en partido: 31-35.<\/p>\n<blockquote><p>Estar punteros en estas dos fechas era un objetivo impensado. Hoy tuvimos un par de r\u00e1fagas claves, con la presi\u00f3n como arma y pudimos sacarles una buena ventaja (Ramiro Santiago)<\/p><\/blockquote>\n<p>El ST sigui\u00f3 mostrando a un Ojeda incisivo y recibiendo para generar ventajas desde la pintura, hasta que Ugolini mand\u00f3 en simult\u00e1neo a Guti\u00e9rrez y Mart\u00ednez -m\u00e1s Harina y Santiago-, su mejor formaci\u00f3n posible para desnivelar.<\/p>\n<p>El local sobrevivi\u00f3 a bombazo limpio, y con \u00a16 triples! en ese cuarto (varios con falta incluida, completando jugadas de 4 puntos), se fue apenas un tanto abajo al \u00faltimo descanso de la noche.<\/p>\n<p>Sin embargo, en medio cuarto el campe\u00f3n defini\u00f3 el partido y mostr\u00f3 las enormes diferencias de potencial entre uno y otro.<\/p>\n<p>Parcial de 15-0 en 5m, con Ojeda (4) gravitante adelante y atr\u00e1s, asegurando rebotes para correr, m\u00e1s una bomba de Guti\u00e9rrez, la presi\u00f3n que volvi\u00f3 a confundir y definiciones de Vasconcelo (4) para escapar 70-54 y bajarle la persiana al partido.<\/p>\n<p><iframe loading=\"lazy\" src=\"https:\/\/www.youtube.com\/embed\/UAOcjSYXrgM\" width=\"560\" height=\"315\" frameborder=\"0\" allowfullscreen=\"allowfullscreen\"><\/iframe><\/p>\n<p><strong>S\u00edntesis |<\/strong> Primera Divisi\u00f3n &#8211; Fecha #2<\/p>\n<p><strong>9 de Julio 66:<\/strong> Dami\u00e1n Carci 13, Tom\u00e1s Bruni 5, Fernando Pe\u00f1alver 6, Alan Prost 4, Pomar Garbarino 17 (Fi); Guillermo Mallemaci 0, Diego Isgro 2, Agust\u00edn Pena 11, Juli\u00e1n Turcato 0 y Manuel Costa 8. DT: Andr\u00e9s Iannamico.<\/p>\n<p><strong>Villa Mitre 82:<\/strong> Segundo Vasconcelo 6, Ramiro Santiago 13, Federico Harina 17, Leonardo Tard\u00edo 4, Nicol\u00e1s Ojeda 23 (Fi); Jos\u00e9 Guti\u00e9rrez 14, Jos\u00e9 Luis Mart\u00ednez 3, Valent\u00edn Pet\u00f3n 2 y Alejo Azpilicueta 0. DT: Ariel Ugolini.<\/p>\n<p><strong>Parciales:<\/strong> 16-12, 31-35 (15-23), 54-55 (23-20) y 66-82 (12-27).<\/p>\n<p><strong>\u00c1rbitros:<\/strong> Miguel Firpo &#8211; Mariano Enrique.<\/p>\n<p><strong>Estadio:<\/strong> N\u00e9stor Damiani (9 de Julio).<\/p>\n<p><a class=\"modalf iframe\" title=\"Planilla\" href=\"https:\/\/docs.google.com\/spreadsheets\/d\/e\/2PACX-1vSTVSadQyBBbq3Ana4X9R3fDBfaxzXhPKATe7GATWLEfgSe2ZKhTPqEPgOmkRi2L94IJGaKcLCYevTo\/pubhtml\" target=\"_blank\" rel=\"noopener\">Ver Planilla<\/a><\/p>\n","protected":false},"excerpt":{"rendered":"<p>El muleto de Villa Mitre meti\u00f3 su segunda victoria en fila: 82-66 a 9 de Julio<\/p>\n","protected":false},"author":1,"featured_media":80929,"comment_status":"closed","ping_status":"open","sticky":false,"template":"","format":"standard","meta":{"jnews-multi-image_gallery":[],"jnews_single_post":[],"jnews_primary_category":[],"footnotes":""},"categories":[23,101],"tags":[2,22],"class_list":["post-80928","post","type-post","status-publish","format-standard","has-post-thumbnail","hentry","category-primera","category-slide","tag-9dejulio","tag-villa-mitre"],"yoast_head":"<!-- This site is optimized with the Yoast SEO plugin v27.5 - https:\/\/yoast.com\/product\/yoast-seo-wordpress\/ -->\n<title>\u00bfSi le avisan que es otro torneo? - Gente de B\u00e1squet<\/title>\n<meta name=\"robots\" content=\"index, follow, max-snippet:-1, max-image-preview:large, max-video-preview:-1\" \/>\n<link rel=\"canonical\" href=\"https:\/\/gentedebasquet.com.ar\/sitio\/2018\/03\/26\/si-le-avisan-que-es-otro-torneo\/\" \/>\n<meta property=\"og:locale\" content=\"es_ES\" \/>\n<meta property=\"og:type\" content=\"article\" \/>\n<meta property=\"og:title\" content=\"\u00bfSi le avisan que es otro torneo? - Gente de B\u00e1squet\" \/>\n<meta property=\"og:description\" content=\"El muleto de Villa Mitre meti\u00f3 su segunda victoria en fila: 82-66 a 9 de Julio\" \/>\n<meta property=\"og:url\" content=\"https:\/\/gentedebasquet.com.ar\/sitio\/2018\/03\/26\/si-le-avisan-que-es-otro-torneo\/\" \/>\n<meta property=\"og:site_name\" content=\"Gente de B\u00e1squet\" \/>\n<meta property=\"article:published_time\" content=\"2018-03-27T02:17:20+00:00\" \/>\n<meta property=\"og:image\" content=\"https:\/\/gentedebasquet.com.ar\/sitio\/wp-content\/uploads\/2018\/03\/Jose-Gutierrez-9-de-julio-villa-mitre.jpg\" \/>\n\t<meta property=\"og:image:width\" content=\"690\" \/>\n\t<meta property=\"og:image:height\" content=\"319\" \/>\n\t<meta property=\"og:image:type\" content=\"image\/jpeg\" \/>\n<meta name=\"author\" content=\"Gente de B\u00e1squet\" \/>\n<meta name=\"twitter:card\" content=\"summary_large_image\" \/>\n<meta name=\"twitter:label1\" content=\"Escrito por\" \/>\n\t<meta name=\"twitter:data1\" content=\"Gente de B\u00e1squet\" \/>\n\t<meta name=\"twitter:label2\" content=\"Tiempo de lectura\" \/>\n\t<meta name=\"twitter:data2\" content=\"3 minutos\" \/>\n<script type=\"application\/ld+json\" class=\"yoast-schema-graph\">{\"@context\":\"https:\\\/\\\/schema.org\",\"@graph\":[{\"@type\":\"Article\",\"@id\":\"https:\\\/\\\/gentedebasquet.com.ar\\\/sitio\\\/2018\\\/03\\\/26\\\/si-le-avisan-que-es-otro-torneo\\\/#article\",\"isPartOf\":{\"@id\":\"https:\\\/\\\/gentedebasquet.com.ar\\\/sitio\\\/2018\\\/03\\\/26\\\/si-le-avisan-que-es-otro-torneo\\\/\"},\"author\":{\"name\":\"Gente de B\u00e1squet\",\"@id\":\"https:\\\/\\\/gentedebasquet.com.ar\\\/sitio\\\/#\\\/schema\\\/person\\\/ca0b63bbb977369988a7bbbdc519943a\"},\"headline\":\"\u00bfSi le avisan que es otro torneo?\",\"datePublished\":\"2018-03-27T02:17:20+00:00\",\"mainEntityOfPage\":{\"@id\":\"https:\\\/\\\/gentedebasquet.com.ar\\\/sitio\\\/2018\\\/03\\\/26\\\/si-le-avisan-que-es-otro-torneo\\\/\"},\"wordCount\":529,\"image\":{\"@id\":\"https:\\\/\\\/gentedebasquet.com.ar\\\/sitio\\\/2018\\\/03\\\/26\\\/si-le-avisan-que-es-otro-torneo\\\/#primaryimage\"},\"thumbnailUrl\":\"https:\\\/\\\/gentedebasquet.com.ar\\\/sitio\\\/wp-content\\\/uploads\\\/2018\\\/03\\\/Jose-Gutierrez-9-de-julio-villa-mitre.jpg\",\"keywords\":[\"9 de Julio\",\"Villa Mitre\"],\"articleSection\":[\"Primera\",\"Slide\"],\"inLanguage\":\"es\"},{\"@type\":\"WebPage\",\"@id\":\"https:\\\/\\\/gentedebasquet.com.ar\\\/sitio\\\/2018\\\/03\\\/26\\\/si-le-avisan-que-es-otro-torneo\\\/\",\"url\":\"https:\\\/\\\/gentedebasquet.com.ar\\\/sitio\\\/2018\\\/03\\\/26\\\/si-le-avisan-que-es-otro-torneo\\\/\",\"name\":\"\u00bfSi le avisan que es otro torneo? - Gente de B\u00e1squet\",\"isPartOf\":{\"@id\":\"https:\\\/\\\/gentedebasquet.com.ar\\\/sitio\\\/#website\"},\"primaryImageOfPage\":{\"@id\":\"https:\\\/\\\/gentedebasquet.com.ar\\\/sitio\\\/2018\\\/03\\\/26\\\/si-le-avisan-que-es-otro-torneo\\\/#primaryimage\"},\"image\":{\"@id\":\"https:\\\/\\\/gentedebasquet.com.ar\\\/sitio\\\/2018\\\/03\\\/26\\\/si-le-avisan-que-es-otro-torneo\\\/#primaryimage\"},\"thumbnailUrl\":\"https:\\\/\\\/gentedebasquet.com.ar\\\/sitio\\\/wp-content\\\/uploads\\\/2018\\\/03\\\/Jose-Gutierrez-9-de-julio-villa-mitre.jpg\",\"datePublished\":\"2018-03-27T02:17:20+00:00\",\"author\":{\"@id\":\"https:\\\/\\\/gentedebasquet.com.ar\\\/sitio\\\/#\\\/schema\\\/person\\\/ca0b63bbb977369988a7bbbdc519943a\"},\"breadcrumb\":{\"@id\":\"https:\\\/\\\/gentedebasquet.com.ar\\\/sitio\\\/2018\\\/03\\\/26\\\/si-le-avisan-que-es-otro-torneo\\\/#breadcrumb\"},\"inLanguage\":\"es\",\"potentialAction\":[{\"@type\":\"ReadAction\",\"target\":[\"https:\\\/\\\/gentedebasquet.com.ar\\\/sitio\\\/2018\\\/03\\\/26\\\/si-le-avisan-que-es-otro-torneo\\\/\"]}]},{\"@type\":\"ImageObject\",\"inLanguage\":\"es\",\"@id\":\"https:\\\/\\\/gentedebasquet.com.ar\\\/sitio\\\/2018\\\/03\\\/26\\\/si-le-avisan-que-es-otro-torneo\\\/#primaryimage\",\"url\":\"https:\\\/\\\/gentedebasquet.com.ar\\\/sitio\\\/wp-content\\\/uploads\\\/2018\\\/03\\\/Jose-Gutierrez-9-de-julio-villa-mitre.jpg\",\"contentUrl\":\"https:\\\/\\\/gentedebasquet.com.ar\\\/sitio\\\/wp-content\\\/uploads\\\/2018\\\/03\\\/Jose-Gutierrez-9-de-julio-villa-mitre.jpg\",\"width\":690,\"height\":319},{\"@type\":\"BreadcrumbList\",\"@id\":\"https:\\\/\\\/gentedebasquet.com.ar\\\/sitio\\\/2018\\\/03\\\/26\\\/si-le-avisan-que-es-otro-torneo\\\/#breadcrumb\",\"itemListElement\":[{\"@type\":\"ListItem\",\"position\":1,\"name\":\"Portada\",\"item\":\"https:\\\/\\\/gentedebasquet.com.ar\\\/sitio\\\/\"},{\"@type\":\"ListItem\",\"position\":2,\"name\":\"\u00bfSi le avisan que es otro torneo?\"}]},{\"@type\":\"WebSite\",\"@id\":\"https:\\\/\\\/gentedebasquet.com.ar\\\/sitio\\\/#website\",\"url\":\"https:\\\/\\\/gentedebasquet.com.ar\\\/sitio\\\/\",\"name\":\"Gente de B\u00e1squet\",\"description\":\"La revista del basquet de Bah\u00eda Blanca\",\"potentialAction\":[{\"@type\":\"SearchAction\",\"target\":{\"@type\":\"EntryPoint\",\"urlTemplate\":\"https:\\\/\\\/gentedebasquet.com.ar\\\/sitio\\\/?s={search_term_string}\"},\"query-input\":{\"@type\":\"PropertyValueSpecification\",\"valueRequired\":true,\"valueName\":\"search_term_string\"}}],\"inLanguage\":\"es\"},{\"@type\":\"Person\",\"@id\":\"https:\\\/\\\/gentedebasquet.com.ar\\\/sitio\\\/#\\\/schema\\\/person\\\/ca0b63bbb977369988a7bbbdc519943a\",\"name\":\"Gente de B\u00e1squet\",\"image\":{\"@type\":\"ImageObject\",\"inLanguage\":\"es\",\"@id\":\"https:\\\/\\\/secure.gravatar.com\\\/avatar\\\/7f2c48bdc33b30088f941fb6082e555f2874c98e20cb159d7b92b50eadfce793?s=96&d=mm&r=g\",\"url\":\"https:\\\/\\\/secure.gravatar.com\\\/avatar\\\/7f2c48bdc33b30088f941fb6082e555f2874c98e20cb159d7b92b50eadfce793?s=96&d=mm&r=g\",\"contentUrl\":\"https:\\\/\\\/secure.gravatar.com\\\/avatar\\\/7f2c48bdc33b30088f941fb6082e555f2874c98e20cb159d7b92b50eadfce793?s=96&d=mm&r=g\",\"caption\":\"Gente de B\u00e1squet\"},\"sameAs\":[\"http:\\\/\\\/gentedebasquet.com.ar\\\/sitio\"],\"url\":\"https:\\\/\\\/gentedebasquet.com.ar\\\/sitio\\\/author\\\/ulises\\\/\"}]}<\/script>\n<!-- \/ Yoast SEO plugin. -->","yoast_head_json":{"title":"\u00bfSi le avisan que es otro torneo? - Gente de B\u00e1squet","robots":{"index":"index","follow":"follow","max-snippet":"max-snippet:-1","max-image-preview":"max-image-preview:large","max-video-preview":"max-video-preview:-1"},"canonical":"https:\/\/gentedebasquet.com.ar\/sitio\/2018\/03\/26\/si-le-avisan-que-es-otro-torneo\/","og_locale":"es_ES","og_type":"article","og_title":"\u00bfSi le avisan que es otro torneo? - Gente de B\u00e1squet","og_description":"El muleto de Villa Mitre meti\u00f3 su segunda victoria en fila: 82-66 a 9 de Julio","og_url":"https:\/\/gentedebasquet.com.ar\/sitio\/2018\/03\/26\/si-le-avisan-que-es-otro-torneo\/","og_site_name":"Gente de B\u00e1squet","article_published_time":"2018-03-27T02:17:20+00:00","og_image":[{"width":690,"height":319,"url":"https:\/\/gentedebasquet.com.ar\/sitio\/wp-content\/uploads\/2018\/03\/Jose-Gutierrez-9-de-julio-villa-mitre.jpg","type":"image\/jpeg"}],"author":"Gente de B\u00e1squet","twitter_card":"summary_large_image","twitter_misc":{"Escrito por":"Gente de B\u00e1squet","Tiempo de lectura":"3 minutos"},"schema":{"@context":"https:\/\/schema.org","@graph":[{"@type":"Article","@id":"https:\/\/gentedebasquet.com.ar\/sitio\/2018\/03\/26\/si-le-avisan-que-es-otro-torneo\/#article","isPartOf":{"@id":"https:\/\/gentedebasquet.com.ar\/sitio\/2018\/03\/26\/si-le-avisan-que-es-otro-torneo\/"},"author":{"name":"Gente de B\u00e1squet","@id":"https:\/\/gentedebasquet.com.ar\/sitio\/#\/schema\/person\/ca0b63bbb977369988a7bbbdc519943a"},"headline":"\u00bfSi le avisan que es otro torneo?","datePublished":"2018-03-27T02:17:20+00:00","mainEntityOfPage":{"@id":"https:\/\/gentedebasquet.com.ar\/sitio\/2018\/03\/26\/si-le-avisan-que-es-otro-torneo\/"},"wordCount":529,"image":{"@id":"https:\/\/gentedebasquet.com.ar\/sitio\/2018\/03\/26\/si-le-avisan-que-es-otro-torneo\/#primaryimage"},"thumbnailUrl":"https:\/\/gentedebasquet.com.ar\/sitio\/wp-content\/uploads\/2018\/03\/Jose-Gutierrez-9-de-julio-villa-mitre.jpg","keywords":["9 de Julio","Villa Mitre"],"articleSection":["Primera","Slide"],"inLanguage":"es"},{"@type":"WebPage","@id":"https:\/\/gentedebasquet.com.ar\/sitio\/2018\/03\/26\/si-le-avisan-que-es-otro-torneo\/","url":"https:\/\/gentedebasquet.com.ar\/sitio\/2018\/03\/26\/si-le-avisan-que-es-otro-torneo\/","name":"\u00bfSi le avisan que es otro torneo? - Gente de B\u00e1squet","isPartOf":{"@id":"https:\/\/gentedebasquet.com.ar\/sitio\/#website"},"primaryImageOfPage":{"@id":"https:\/\/gentedebasquet.com.ar\/sitio\/2018\/03\/26\/si-le-avisan-que-es-otro-torneo\/#primaryimage"},"image":{"@id":"https:\/\/gentedebasquet.com.ar\/sitio\/2018\/03\/26\/si-le-avisan-que-es-otro-torneo\/#primaryimage"},"thumbnailUrl":"https:\/\/gentedebasquet.com.ar\/sitio\/wp-content\/uploads\/2018\/03\/Jose-Gutierrez-9-de-julio-villa-mitre.jpg","datePublished":"2018-03-27T02:17:20+00:00","author":{"@id":"https:\/\/gentedebasquet.com.ar\/sitio\/#\/schema\/person\/ca0b63bbb977369988a7bbbdc519943a"},"breadcrumb":{"@id":"https:\/\/gentedebasquet.com.ar\/sitio\/2018\/03\/26\/si-le-avisan-que-es-otro-torneo\/#breadcrumb"},"inLanguage":"es","potentialAction":[{"@type":"ReadAction","target":["https:\/\/gentedebasquet.com.ar\/sitio\/2018\/03\/26\/si-le-avisan-que-es-otro-torneo\/"]}]},{"@type":"ImageObject","inLanguage":"es","@id":"https:\/\/gentedebasquet.com.ar\/sitio\/2018\/03\/26\/si-le-avisan-que-es-otro-torneo\/#primaryimage","url":"https:\/\/gentedebasquet.com.ar\/sitio\/wp-content\/uploads\/2018\/03\/Jose-Gutierrez-9-de-julio-villa-mitre.jpg","contentUrl":"https:\/\/gentedebasquet.com.ar\/sitio\/wp-content\/uploads\/2018\/03\/Jose-Gutierrez-9-de-julio-villa-mitre.jpg","width":690,"height":319},{"@type":"BreadcrumbList","@id":"https:\/\/gentedebasquet.com.ar\/sitio\/2018\/03\/26\/si-le-avisan-que-es-otro-torneo\/#breadcrumb","itemListElement":[{"@type":"ListItem","position":1,"name":"Portada","item":"https:\/\/gentedebasquet.com.ar\/sitio\/"},{"@type":"ListItem","position":2,"name":"\u00bfSi le avisan que es otro torneo?"}]},{"@type":"WebSite","@id":"https:\/\/gentedebasquet.com.ar\/sitio\/#website","url":"https:\/\/gentedebasquet.com.ar\/sitio\/","name":"Gente de B\u00e1squet","description":"La revista del basquet de Bah\u00eda Blanca","potentialAction":[{"@type":"SearchAction","target":{"@type":"EntryPoint","urlTemplate":"https:\/\/gentedebasquet.com.ar\/sitio\/?s={search_term_string}"},"query-input":{"@type":"PropertyValueSpecification","valueRequired":true,"valueName":"search_term_string"}}],"inLanguage":"es"},{"@type":"Person","@id":"https:\/\/gentedebasquet.com.ar\/sitio\/#\/schema\/person\/ca0b63bbb977369988a7bbbdc519943a","name":"Gente de B\u00e1squet","image":{"@type":"ImageObject","inLanguage":"es","@id":"https:\/\/secure.gravatar.com\/avatar\/7f2c48bdc33b30088f941fb6082e555f2874c98e20cb159d7b92b50eadfce793?s=96&d=mm&r=g","url":"https:\/\/secure.gravatar.com\/avatar\/7f2c48bdc33b30088f941fb6082e555f2874c98e20cb159d7b92b50eadfce793?s=96&d=mm&r=g","contentUrl":"https:\/\/secure.gravatar.com\/avatar\/7f2c48bdc33b30088f941fb6082e555f2874c98e20cb159d7b92b50eadfce793?s=96&d=mm&r=g","caption":"Gente de B\u00e1squet"},"sameAs":["http:\/\/gentedebasquet.com.ar\/sitio"],"url":"https:\/\/gentedebasquet.com.ar\/sitio\/author\/ulises\/"}]}},"_links":{"self":[{"href":"https:\/\/gentedebasquet.com.ar\/sitio\/wp-json\/wp\/v2\/posts\/80928","targetHints":{"allow":["GET"]}}],"collection":[{"href":"https:\/\/gentedebasquet.com.ar\/sitio\/wp-json\/wp\/v2\/posts"}],"about":[{"href":"https:\/\/gentedebasquet.com.ar\/sitio\/wp-json\/wp\/v2\/types\/post"}],"author":[{"embeddable":true,"href":"https:\/\/gentedebasquet.com.ar\/sitio\/wp-json\/wp\/v2\/users\/1"}],"replies":[{"embeddable":true,"href":"https:\/\/gentedebasquet.com.ar\/sitio\/wp-json\/wp\/v2\/comments?post=80928"}],"version-history":[{"count":0,"href":"https:\/\/gentedebasquet.com.ar\/sitio\/wp-json\/wp\/v2\/posts\/80928\/revisions"}],"wp:featuredmedia":[{"embeddable":true,"href":"https:\/\/gentedebasquet.com.ar\/sitio\/wp-json\/wp\/v2\/media\/80929"}],"wp:attachment":[{"href":"https:\/\/gentedebasquet.com.ar\/sitio\/wp-json\/wp\/v2\/media?parent=80928"}],"wp:term":[{"taxonomy":"category","embeddable":true,"href":"https:\/\/gentedebasquet.com.ar\/sitio\/wp-json\/wp\/v2\/categories?post=80928"},{"taxonomy":"post_tag","embeddable":true,"href":"https:\/\/gentedebasquet.com.ar\/sitio\/wp-json\/wp\/v2\/tags?post=80928"}],"curies":[{"name":"wp","href":"https:\/\/api.w.org\/{rel}","templated":true}]}}