{"id":81015,"date":"2018-03-27T23:35:29","date_gmt":"2018-03-28T02:35:29","guid":{"rendered":"http:\/\/www.gentedebasquet.com.ar\/?p=81015"},"modified":"2018-03-27T23:35:29","modified_gmt":"2018-03-28T02:35:29","slug":"segunda-velocidad","status":"publish","type":"post","link":"https:\/\/gentedebasquet.com.ar\/sitio\/2018\/03\/27\/segunda-velocidad\/","title":{"rendered":"Segunda Velocidad"},"content":{"rendered":"<p><strong>Velocidad se sigue armando y mientras tanto va cosechando victorias en el inicio del torneo de Segunda. Esta vez, el conjunto de Fabricio Piccinini super\u00f3 a Puerto Comercial, en Ingeniero White, por 61 a 53. Recordemos que la <a href=\"http:\/\/www.gentedebasquet.com.ar\/aca-estan-las-predicciones-2018\/\" target=\"_blank\" rel=\"noopener\">bola de cristal adelant\u00f3 <\/a>que \u00abtiene los puestos bien cubiertos como para darle un susto a m\u00e1s de uno&#8230;\u00bb.<\/strong><\/p>\n<p><strong>La visita debi\u00f3 soportar un 8-2 en contra en el inicio y luego pas\u00f3 a dominar m\u00e1s all\u00e1 de que el due\u00f1o de casa insinu\u00f3 una remontada en el 3C y alcanz\u00f3 a ponerse a una pelota (38-40).<\/strong><\/p>\n<p><strong>Mat\u00edas Fornetti (17, 5 rebotes y 4 recuperos), Fausto Vasconcelo (10 y 9 tableros) y Cristian Bisterfeld (7 y 10 recobres) se destacaron en Velo; mientras que Franco Mastrandrea (20) fue el goleador del local y del partido.<\/strong><\/p>\n<p>La buena mano de Juan Pablo Babino, ante la pasiva defensa visitante, le dio la posibilidad a Comercial de empezar la noche al frente (8-2).<\/p>\n<p>Reci\u00e9n cuando Congos anot\u00f3 a distancia Velocidad mostr\u00f3 sus primeras decisiones correctas y comenz\u00f3 a engranar, porque Fornetti se sum\u00f3 en ofensiva, siendo m\u00e1s vertical, y en l\u00edneas generales la visita logr\u00f3 mejor contenci\u00f3n defensiva.<\/p>\n<p><img decoding=\"async\" class=\"size-full wp-image-81042 alignright\" src=\"http:\/\/www.gentedebasquet.com.ar\/wp-content\/uploads\/2018\/03\/Comercial-Velocidad-Mastrandrea.jpg\" alt=\"\" width=\"400\" height=\"270\" srcset=\"https:\/\/gentedebasquet.com.ar\/sitio\/wp-content\/uploads\/2018\/03\/Comercial-Velocidad-Mastrandrea.jpg 400w, https:\/\/gentedebasquet.com.ar\/sitio\/wp-content\/uploads\/2018\/03\/Comercial-Velocidad-Mastrandrea-300x203.jpg 300w\" sizes=\"(max-width: 400px) 100vw, 400px\" \/><\/p>\n<p>La segunda mitad del 1C deposit\u00f3 a los dirigidos por Piccinini al frente, facultad que no iba a resignar nunca m\u00e1s en la noche.<\/p>\n<p>Es que todo lo contrario sucedi\u00f3 en el verdiamarillo. Desde el triple de Babino que lo coloc\u00f3 13-5 al frente, transit\u00f3 7m23 sin anotar de campo y qued\u00f3 abajo 12-20.<\/p>\n<p>Quien surgi\u00f3 en el 2C, el segmento mejor jugado por ambos, fue Mastrandrea. El todoterreno colabor\u00f3 en varios rubros, le dio vida a Comercial y lo mantuvo en juego pese a que Velo -toc\u00f3 su m\u00e1xima de 23-35 a 1m44 del ET- encontr\u00f3 buen recambio en Vasconcelo y Lera.<\/p>\n<blockquote><p>Lo trabajamos mucho el partido de hoy, hablamos para mantener la cabeza fr\u00eda porque tenemos que saber que por momentos no nos van a salir las cosas.\u00a0No s\u00e9 si ilusionarnos, pero estamos para pelearle a cualquiera. El a\u00f1o es largo y tenemos mucho por mejorar; es un equipo nuevo con muchos chicos. El tiempo dir\u00e1&#8230; (Cristian Bisterfeld)<\/p><\/blockquote>\n<p>No obstante, el conjunto de Riviere sali\u00f3 m\u00e1s concentrado al complemento, con orden defensivo y alternando con una zona 2-3 que le posibilit\u00f3 sellar un parcial de 9-2 (38-40).<\/p>\n<p>Incluso, Comercial goz\u00f3 de dos ofensivas para igualar el tanteador o pasar al frente con un bombazo. Pero no pudo capitalizarlas&#8230;.<\/p>\n<p>Piccinini provoc\u00f3 un sacud\u00f3n con tres cambios al un\u00edsono (Lera, Vecchi y Diez por L\u00f3pez Hoyos, Vasconcelo y Congos), rompi\u00f3 la zona con pases y sali\u00f3 del asedio con un 6-0 que le devolvi\u00f3 tranquilidad: 38-46.<\/p>\n<p>Riviere intent\u00f3 retomar el envi\u00f3n con un tiempo muerto (arrim\u00f3 a 42-46), pero tras el \u00faltimo descanso, su equipo lanz\u00f3 0\/4 en triples y 0\/4 en dobles, adem\u00e1s de perder dos pelotas, que le significaron un 13-0 en contra letal.<\/p>\n<p>Dos apariciones de Fornetti, m\u00e1s dos definiciones de Vasconcelo, bien asistido en la pintura, se sumaron a un triple de Congos que le empez\u00f3 a bajar la cortina a la noche: 42-59, con 4m10 por jugar.<\/p>\n<p><iframe loading=\"lazy\" width=\"560\" height=\"315\" src=\"https:\/\/www.youtube.com\/embed\/n31s1xqXkYQ\" frameborder=\"0\" allow=\"autoplay; encrypted-media\" allowfullscreen><\/iframe><\/p>\n<p><strong>S\u00edntesis |<\/strong> Segunda Divisi\u00f3n &#8211; Primer Tramo &#8211; Fecha #2<\/p>\n<p><strong>Comercial 53:<\/strong> Franco Braidich 2, Agust\u00edn Almir\u00f3n 4, Mat\u00edas Godoy 9, Juan Pablo Babino 13, Julio Gim\u00e9nez 3 (Fi); Thomas Lacana 0, Jano Duca 0, Franco Mastrandrea 20, Nicol\u00e1s Fern\u00e1ndez 0 y Bruno Gigliotti 2. DT: Ramiro Riviere.<\/p>\n<p><strong>Velocidad 61:<\/strong> Tadeo L\u00f3pez Hoyos 2, Mat\u00edas Fornetti 17, Federico Congos 13, Luciano Vecchi 0, Cristian Bisterfeld 7 (Fi); Fausto Vasconcelo 10, Alan Lera 7, Cristian Stegmann 4 y Nahuel Diez 1. DT: Fabricio Piccinini.<\/p>\n<p><strong>Parciales:<\/strong> 12-18, 29-38\u00a0 ()17-20), 42-46 (13-8) y 53-61 (11-15).<\/p>\n<p><strong>\u00c1rbitros:<\/strong> Horacio Sed\u00e1n &#8211; Mauro Reyes.<\/p>\n<p><strong>Estadio:<\/strong> Osvaldo Giorgetti (Comercial).<\/p>\n<p><a class=\"modalf iframe\" title=\"Planilla\" href=\"https:\/\/docs.google.com\/spreadsheets\/d\/e\/2PACX-1vTA5yovacVA6vO5cWtLanmrJz33zpMSJYuxd4w2lbFFKgY_zc7T1096ZH1LPx3OnWKxKXNi-d2iMfCo\/pubhtml\" target=\"_blank\" rel=\"noopener\">Ver Planilla<\/a><\/p>\n","protected":false},"excerpt":{"rendered":"<p>El team de Piccinini edific\u00f3 su segunda victoria en el Puerto: 61-53 a Comercial<\/p>\n","protected":false},"author":1,"featured_media":81041,"comment_status":"closed","ping_status":"open","sticky":false,"template":"","format":"standard","meta":{"jnews-multi-image_gallery":[],"jnews_single_post":[],"jnews_primary_category":[],"footnotes":""},"categories":[25,101],"tags":[7,1107,1259,1545,21],"class_list":["post-81015","post","type-post","status-publish","format-standard","has-post-thumbnail","hentry","category-segunda","category-slide","tag-comercial","tag-cristian-bisterfeld","tag-franco-mastrandrea","tag-matias-fornetti","tag-velocidad"],"yoast_head":"<!-- This site is optimized with the Yoast SEO plugin v27.4 - https:\/\/yoast.com\/product\/yoast-seo-wordpress\/ -->\n<title>Segunda Velocidad - Gente de B\u00e1squet<\/title>\n<meta name=\"robots\" content=\"index, follow, max-snippet:-1, max-image-preview:large, max-video-preview:-1\" \/>\n<link rel=\"canonical\" href=\"https:\/\/gentedebasquet.com.ar\/sitio\/2018\/03\/27\/segunda-velocidad\/\" \/>\n<meta property=\"og:locale\" content=\"es_ES\" \/>\n<meta property=\"og:type\" content=\"article\" \/>\n<meta property=\"og:title\" content=\"Segunda Velocidad - Gente de B\u00e1squet\" \/>\n<meta property=\"og:description\" content=\"El team de Piccinini edific\u00f3 su segunda victoria en el Puerto: 61-53 a Comercial\" \/>\n<meta property=\"og:url\" content=\"https:\/\/gentedebasquet.com.ar\/sitio\/2018\/03\/27\/segunda-velocidad\/\" \/>\n<meta property=\"og:site_name\" content=\"Gente de B\u00e1squet\" \/>\n<meta property=\"article:published_time\" content=\"2018-03-28T02:35:29+00:00\" \/>\n<meta property=\"og:image\" content=\"https:\/\/gentedebasquet.com.ar\/sitio\/wp-content\/uploads\/2018\/03\/Comercial-Velocidad-Bisterfeld.jpg\" \/>\n\t<meta property=\"og:image:width\" content=\"690\" \/>\n\t<meta property=\"og:image:height\" content=\"319\" \/>\n\t<meta property=\"og:image:type\" content=\"image\/jpeg\" \/>\n<meta name=\"author\" content=\"Gente de B\u00e1squet\" \/>\n<meta name=\"twitter:card\" content=\"summary_large_image\" \/>\n<meta name=\"twitter:label1\" content=\"Escrito por\" \/>\n\t<meta name=\"twitter:data1\" content=\"Gente de B\u00e1squet\" \/>\n\t<meta name=\"twitter:label2\" content=\"Tiempo de lectura\" \/>\n\t<meta name=\"twitter:data2\" content=\"3 minutos\" \/>\n<script type=\"application\/ld+json\" class=\"yoast-schema-graph\">{\"@context\":\"https:\\\/\\\/schema.org\",\"@graph\":[{\"@type\":\"Article\",\"@id\":\"https:\\\/\\\/gentedebasquet.com.ar\\\/sitio\\\/2018\\\/03\\\/27\\\/segunda-velocidad\\\/#article\",\"isPartOf\":{\"@id\":\"https:\\\/\\\/gentedebasquet.com.ar\\\/sitio\\\/2018\\\/03\\\/27\\\/segunda-velocidad\\\/\"},\"author\":{\"name\":\"Gente de B\u00e1squet\",\"@id\":\"https:\\\/\\\/gentedebasquet.com.ar\\\/sitio\\\/#\\\/schema\\\/person\\\/ca0b63bbb977369988a7bbbdc519943a\"},\"headline\":\"Segunda Velocidad\",\"datePublished\":\"2018-03-28T02:35:29+00:00\",\"mainEntityOfPage\":{\"@id\":\"https:\\\/\\\/gentedebasquet.com.ar\\\/sitio\\\/2018\\\/03\\\/27\\\/segunda-velocidad\\\/\"},\"wordCount\":617,\"image\":{\"@id\":\"https:\\\/\\\/gentedebasquet.com.ar\\\/sitio\\\/2018\\\/03\\\/27\\\/segunda-velocidad\\\/#primaryimage\"},\"thumbnailUrl\":\"https:\\\/\\\/gentedebasquet.com.ar\\\/sitio\\\/wp-content\\\/uploads\\\/2018\\\/03\\\/Comercial-Velocidad-Bisterfeld.jpg\",\"keywords\":[\"Comercial\",\"Cristian Bisterfeld\",\"Franco Mastrandrea\",\"Mat\u00edas Fornetti\",\"Velocidad\"],\"articleSection\":[\"Segunda\",\"Slide\"],\"inLanguage\":\"es\"},{\"@type\":\"WebPage\",\"@id\":\"https:\\\/\\\/gentedebasquet.com.ar\\\/sitio\\\/2018\\\/03\\\/27\\\/segunda-velocidad\\\/\",\"url\":\"https:\\\/\\\/gentedebasquet.com.ar\\\/sitio\\\/2018\\\/03\\\/27\\\/segunda-velocidad\\\/\",\"name\":\"Segunda Velocidad - Gente de B\u00e1squet\",\"isPartOf\":{\"@id\":\"https:\\\/\\\/gentedebasquet.com.ar\\\/sitio\\\/#website\"},\"primaryImageOfPage\":{\"@id\":\"https:\\\/\\\/gentedebasquet.com.ar\\\/sitio\\\/2018\\\/03\\\/27\\\/segunda-velocidad\\\/#primaryimage\"},\"image\":{\"@id\":\"https:\\\/\\\/gentedebasquet.com.ar\\\/sitio\\\/2018\\\/03\\\/27\\\/segunda-velocidad\\\/#primaryimage\"},\"thumbnailUrl\":\"https:\\\/\\\/gentedebasquet.com.ar\\\/sitio\\\/wp-content\\\/uploads\\\/2018\\\/03\\\/Comercial-Velocidad-Bisterfeld.jpg\",\"datePublished\":\"2018-03-28T02:35:29+00:00\",\"author\":{\"@id\":\"https:\\\/\\\/gentedebasquet.com.ar\\\/sitio\\\/#\\\/schema\\\/person\\\/ca0b63bbb977369988a7bbbdc519943a\"},\"breadcrumb\":{\"@id\":\"https:\\\/\\\/gentedebasquet.com.ar\\\/sitio\\\/2018\\\/03\\\/27\\\/segunda-velocidad\\\/#breadcrumb\"},\"inLanguage\":\"es\",\"potentialAction\":[{\"@type\":\"ReadAction\",\"target\":[\"https:\\\/\\\/gentedebasquet.com.ar\\\/sitio\\\/2018\\\/03\\\/27\\\/segunda-velocidad\\\/\"]}]},{\"@type\":\"ImageObject\",\"inLanguage\":\"es\",\"@id\":\"https:\\\/\\\/gentedebasquet.com.ar\\\/sitio\\\/2018\\\/03\\\/27\\\/segunda-velocidad\\\/#primaryimage\",\"url\":\"https:\\\/\\\/gentedebasquet.com.ar\\\/sitio\\\/wp-content\\\/uploads\\\/2018\\\/03\\\/Comercial-Velocidad-Bisterfeld.jpg\",\"contentUrl\":\"https:\\\/\\\/gentedebasquet.com.ar\\\/sitio\\\/wp-content\\\/uploads\\\/2018\\\/03\\\/Comercial-Velocidad-Bisterfeld.jpg\",\"width\":690,\"height\":319},{\"@type\":\"BreadcrumbList\",\"@id\":\"https:\\\/\\\/gentedebasquet.com.ar\\\/sitio\\\/2018\\\/03\\\/27\\\/segunda-velocidad\\\/#breadcrumb\",\"itemListElement\":[{\"@type\":\"ListItem\",\"position\":1,\"name\":\"Portada\",\"item\":\"https:\\\/\\\/gentedebasquet.com.ar\\\/sitio\\\/\"},{\"@type\":\"ListItem\",\"position\":2,\"name\":\"Segunda Velocidad\"}]},{\"@type\":\"WebSite\",\"@id\":\"https:\\\/\\\/gentedebasquet.com.ar\\\/sitio\\\/#website\",\"url\":\"https:\\\/\\\/gentedebasquet.com.ar\\\/sitio\\\/\",\"name\":\"Gente de B\u00e1squet\",\"description\":\"La revista del basquet de Bah\u00eda Blanca\",\"potentialAction\":[{\"@type\":\"SearchAction\",\"target\":{\"@type\":\"EntryPoint\",\"urlTemplate\":\"https:\\\/\\\/gentedebasquet.com.ar\\\/sitio\\\/?s={search_term_string}\"},\"query-input\":{\"@type\":\"PropertyValueSpecification\",\"valueRequired\":true,\"valueName\":\"search_term_string\"}}],\"inLanguage\":\"es\"},{\"@type\":\"Person\",\"@id\":\"https:\\\/\\\/gentedebasquet.com.ar\\\/sitio\\\/#\\\/schema\\\/person\\\/ca0b63bbb977369988a7bbbdc519943a\",\"name\":\"Gente de B\u00e1squet\",\"image\":{\"@type\":\"ImageObject\",\"inLanguage\":\"es\",\"@id\":\"https:\\\/\\\/secure.gravatar.com\\\/avatar\\\/7f2c48bdc33b30088f941fb6082e555f2874c98e20cb159d7b92b50eadfce793?s=96&d=mm&r=g\",\"url\":\"https:\\\/\\\/secure.gravatar.com\\\/avatar\\\/7f2c48bdc33b30088f941fb6082e555f2874c98e20cb159d7b92b50eadfce793?s=96&d=mm&r=g\",\"contentUrl\":\"https:\\\/\\\/secure.gravatar.com\\\/avatar\\\/7f2c48bdc33b30088f941fb6082e555f2874c98e20cb159d7b92b50eadfce793?s=96&d=mm&r=g\",\"caption\":\"Gente de B\u00e1squet\"},\"sameAs\":[\"http:\\\/\\\/gentedebasquet.com.ar\\\/sitio\"],\"url\":\"https:\\\/\\\/gentedebasquet.com.ar\\\/sitio\\\/author\\\/ulises\\\/\"}]}<\/script>\n<!-- \/ Yoast SEO plugin. -->","yoast_head_json":{"title":"Segunda Velocidad - Gente de B\u00e1squet","robots":{"index":"index","follow":"follow","max-snippet":"max-snippet:-1","max-image-preview":"max-image-preview:large","max-video-preview":"max-video-preview:-1"},"canonical":"https:\/\/gentedebasquet.com.ar\/sitio\/2018\/03\/27\/segunda-velocidad\/","og_locale":"es_ES","og_type":"article","og_title":"Segunda Velocidad - Gente de B\u00e1squet","og_description":"El team de Piccinini edific\u00f3 su segunda victoria en el Puerto: 61-53 a Comercial","og_url":"https:\/\/gentedebasquet.com.ar\/sitio\/2018\/03\/27\/segunda-velocidad\/","og_site_name":"Gente de B\u00e1squet","article_published_time":"2018-03-28T02:35:29+00:00","og_image":[{"width":690,"height":319,"url":"https:\/\/gentedebasquet.com.ar\/sitio\/wp-content\/uploads\/2018\/03\/Comercial-Velocidad-Bisterfeld.jpg","type":"image\/jpeg"}],"author":"Gente de B\u00e1squet","twitter_card":"summary_large_image","twitter_misc":{"Escrito por":"Gente de B\u00e1squet","Tiempo de lectura":"3 minutos"},"schema":{"@context":"https:\/\/schema.org","@graph":[{"@type":"Article","@id":"https:\/\/gentedebasquet.com.ar\/sitio\/2018\/03\/27\/segunda-velocidad\/#article","isPartOf":{"@id":"https:\/\/gentedebasquet.com.ar\/sitio\/2018\/03\/27\/segunda-velocidad\/"},"author":{"name":"Gente de B\u00e1squet","@id":"https:\/\/gentedebasquet.com.ar\/sitio\/#\/schema\/person\/ca0b63bbb977369988a7bbbdc519943a"},"headline":"Segunda Velocidad","datePublished":"2018-03-28T02:35:29+00:00","mainEntityOfPage":{"@id":"https:\/\/gentedebasquet.com.ar\/sitio\/2018\/03\/27\/segunda-velocidad\/"},"wordCount":617,"image":{"@id":"https:\/\/gentedebasquet.com.ar\/sitio\/2018\/03\/27\/segunda-velocidad\/#primaryimage"},"thumbnailUrl":"https:\/\/gentedebasquet.com.ar\/sitio\/wp-content\/uploads\/2018\/03\/Comercial-Velocidad-Bisterfeld.jpg","keywords":["Comercial","Cristian Bisterfeld","Franco Mastrandrea","Mat\u00edas Fornetti","Velocidad"],"articleSection":["Segunda","Slide"],"inLanguage":"es"},{"@type":"WebPage","@id":"https:\/\/gentedebasquet.com.ar\/sitio\/2018\/03\/27\/segunda-velocidad\/","url":"https:\/\/gentedebasquet.com.ar\/sitio\/2018\/03\/27\/segunda-velocidad\/","name":"Segunda Velocidad - Gente de B\u00e1squet","isPartOf":{"@id":"https:\/\/gentedebasquet.com.ar\/sitio\/#website"},"primaryImageOfPage":{"@id":"https:\/\/gentedebasquet.com.ar\/sitio\/2018\/03\/27\/segunda-velocidad\/#primaryimage"},"image":{"@id":"https:\/\/gentedebasquet.com.ar\/sitio\/2018\/03\/27\/segunda-velocidad\/#primaryimage"},"thumbnailUrl":"https:\/\/gentedebasquet.com.ar\/sitio\/wp-content\/uploads\/2018\/03\/Comercial-Velocidad-Bisterfeld.jpg","datePublished":"2018-03-28T02:35:29+00:00","author":{"@id":"https:\/\/gentedebasquet.com.ar\/sitio\/#\/schema\/person\/ca0b63bbb977369988a7bbbdc519943a"},"breadcrumb":{"@id":"https:\/\/gentedebasquet.com.ar\/sitio\/2018\/03\/27\/segunda-velocidad\/#breadcrumb"},"inLanguage":"es","potentialAction":[{"@type":"ReadAction","target":["https:\/\/gentedebasquet.com.ar\/sitio\/2018\/03\/27\/segunda-velocidad\/"]}]},{"@type":"ImageObject","inLanguage":"es","@id":"https:\/\/gentedebasquet.com.ar\/sitio\/2018\/03\/27\/segunda-velocidad\/#primaryimage","url":"https:\/\/gentedebasquet.com.ar\/sitio\/wp-content\/uploads\/2018\/03\/Comercial-Velocidad-Bisterfeld.jpg","contentUrl":"https:\/\/gentedebasquet.com.ar\/sitio\/wp-content\/uploads\/2018\/03\/Comercial-Velocidad-Bisterfeld.jpg","width":690,"height":319},{"@type":"BreadcrumbList","@id":"https:\/\/gentedebasquet.com.ar\/sitio\/2018\/03\/27\/segunda-velocidad\/#breadcrumb","itemListElement":[{"@type":"ListItem","position":1,"name":"Portada","item":"https:\/\/gentedebasquet.com.ar\/sitio\/"},{"@type":"ListItem","position":2,"name":"Segunda Velocidad"}]},{"@type":"WebSite","@id":"https:\/\/gentedebasquet.com.ar\/sitio\/#website","url":"https:\/\/gentedebasquet.com.ar\/sitio\/","name":"Gente de B\u00e1squet","description":"La revista del basquet de Bah\u00eda Blanca","potentialAction":[{"@type":"SearchAction","target":{"@type":"EntryPoint","urlTemplate":"https:\/\/gentedebasquet.com.ar\/sitio\/?s={search_term_string}"},"query-input":{"@type":"PropertyValueSpecification","valueRequired":true,"valueName":"search_term_string"}}],"inLanguage":"es"},{"@type":"Person","@id":"https:\/\/gentedebasquet.com.ar\/sitio\/#\/schema\/person\/ca0b63bbb977369988a7bbbdc519943a","name":"Gente de B\u00e1squet","image":{"@type":"ImageObject","inLanguage":"es","@id":"https:\/\/secure.gravatar.com\/avatar\/7f2c48bdc33b30088f941fb6082e555f2874c98e20cb159d7b92b50eadfce793?s=96&d=mm&r=g","url":"https:\/\/secure.gravatar.com\/avatar\/7f2c48bdc33b30088f941fb6082e555f2874c98e20cb159d7b92b50eadfce793?s=96&d=mm&r=g","contentUrl":"https:\/\/secure.gravatar.com\/avatar\/7f2c48bdc33b30088f941fb6082e555f2874c98e20cb159d7b92b50eadfce793?s=96&d=mm&r=g","caption":"Gente de B\u00e1squet"},"sameAs":["http:\/\/gentedebasquet.com.ar\/sitio"],"url":"https:\/\/gentedebasquet.com.ar\/sitio\/author\/ulises\/"}]}},"_links":{"self":[{"href":"https:\/\/gentedebasquet.com.ar\/sitio\/wp-json\/wp\/v2\/posts\/81015","targetHints":{"allow":["GET"]}}],"collection":[{"href":"https:\/\/gentedebasquet.com.ar\/sitio\/wp-json\/wp\/v2\/posts"}],"about":[{"href":"https:\/\/gentedebasquet.com.ar\/sitio\/wp-json\/wp\/v2\/types\/post"}],"author":[{"embeddable":true,"href":"https:\/\/gentedebasquet.com.ar\/sitio\/wp-json\/wp\/v2\/users\/1"}],"replies":[{"embeddable":true,"href":"https:\/\/gentedebasquet.com.ar\/sitio\/wp-json\/wp\/v2\/comments?post=81015"}],"version-history":[{"count":0,"href":"https:\/\/gentedebasquet.com.ar\/sitio\/wp-json\/wp\/v2\/posts\/81015\/revisions"}],"wp:featuredmedia":[{"embeddable":true,"href":"https:\/\/gentedebasquet.com.ar\/sitio\/wp-json\/wp\/v2\/media\/81041"}],"wp:attachment":[{"href":"https:\/\/gentedebasquet.com.ar\/sitio\/wp-json\/wp\/v2\/media?parent=81015"}],"wp:term":[{"taxonomy":"category","embeddable":true,"href":"https:\/\/gentedebasquet.com.ar\/sitio\/wp-json\/wp\/v2\/categories?post=81015"},{"taxonomy":"post_tag","embeddable":true,"href":"https:\/\/gentedebasquet.com.ar\/sitio\/wp-json\/wp\/v2\/tags?post=81015"}],"curies":[{"name":"wp","href":"https:\/\/api.w.org\/{rel}","templated":true}]}}