{"id":81183,"date":"2018-04-01T22:45:28","date_gmt":"2018-04-02T01:45:28","guid":{"rendered":"http:\/\/www.gentedebasquet.com.ar\/?p=81183"},"modified":"2018-04-01T22:45:28","modified_gmt":"2018-04-02T01:45:28","slug":"derrota-en-el-inicio-de-la-gira","status":"publish","type":"post","link":"https:\/\/gentedebasquet.com.ar\/sitio\/2018\/04\/01\/derrota-en-el-inicio-de-la-gira\/","title":{"rendered":"Derrota en el inicio de la gira"},"content":{"rendered":"<p><strong>Comunicaciones consigui\u00f3 el tercer triunfo en fila en una nueva presentaci\u00f3n en este caso como local. El rival fue Bah\u00eda Basket al que le gan\u00f3 por <a href=\"http:\/\/www.fibalivestats.com\/u\/ADC\/831318\/bs.html\" target=\"_blank\" rel=\"noopener\">91 a 80<\/a>. De esta manera el aurinegro logra ganar confianza para lo que ser\u00e1 el juego del pr\u00f3ximo mi\u00e9rcoles frente a Boca en Mercedes. <\/strong><\/p>\n<p><strong>Curtis Whiters con 20 y Fernando Funes con 18 fueron los goleadores en el equipo aurinegro que tuvo la baja de Eric Dawson por lesi\u00f3n.<\/strong><\/p>\n<p><strong>El goleo bahiense estuvo encabezado por M\u00e1ximo Fjellerup (12), Federico El\u00edas (11, con 3\/3 t3 y 1\/1 t2 en los \u00faltimos 4m41), Francisco Filippa y Juan Pablo Vaulet (ambos con 10).<\/strong><\/p>\n<p><strong>El martes, Bah\u00eda ir\u00e1 ante Regatas.<\/strong><\/p>\n<p>Un buen primer cuarto del equipo local le permiti\u00f3 terminar ganando por cinco. En el inicio el aurinegro aprovech\u00f3 el juego interno con Juan Manuel Torres que fue un problema para la defensa bahiense en los primeros minutos. Con el aporte de Funes desde el per\u00edmetro el local logr\u00f3 sacar una ventaja de 7 (15-8) cuando promediaba el cuarto.<\/p>\n<p>Tras el minuto que pidi\u00f3 Ginobili Bah\u00eda mejor\u00f3 la defensa, Comu se qued\u00f3 sin gol y as\u00ed el visitante recorto la diferencia con cuatro puntos de Vaulet y Corbal\u00e1n para cerrar 19 a 14.<\/p>\n<p>Sigui\u00f3 de la misma manera el equipo del sur de la provincia de Buenos Aires defendiendo intenso y no permitiendo que Comu jugara c\u00f3modo en ataque. El t\u00e9cnico visitante fue rotando el plantel y encontr\u00f3 desde el banco los puntos necesarios para empatar el juego en 26 y pasar al frente cuando promediaba el segundo cuarto.<\/p>\n<p><img decoding=\"async\" class=\"size-full wp-image-81185 alignright\" src=\"http:\/\/www.gentedebasquet.com.ar\/wp-content\/uploads\/2018\/04\/Comunicaciones-Bah\u00eda-LNB-Parodi.jpg\" alt=\"\" width=\"400\" height=\"410\" \/><\/p>\n<p>A partir de ah\u00ed Comu con dos bombazos de (Sahdi y Figueroa) m\u00e1s dos corridas volvi\u00f3 a sacar 10 puntos y desde all\u00ed hasta el final lo pudo mantener para terminar ganando el cuarto 45 a 36. Un cuarto donde las defensas de ambos fueron m\u00e1s d\u00e9biles lo que se not\u00f3 en el parcial.<\/p>\n<p>En el tercer cuarto el aurinegro sigui\u00f3 jugando con criterio en ataque y cerrando la defensa lo que le permiti\u00f3 ir ampliando la diferencia que fue de 18 (60-42) a falta de 4 minutos.<\/p>\n<p>El t\u00e9cnico visitante pidi\u00f3 minuto y sobre todo tratar de cerrar con una diferencia menor a 12. Parecieron entender los jugadores que lograron un parcial de 8 a 3 para poner el juego 63 a 50 con Vaulet y Fjellerup m\u00e1s metidos en el juego. Comu apost\u00f3 a meter la pelota abajo y as\u00ed pudo resistir ante el embate de Bah\u00ed a en una parcial que se cerr\u00f3 67 a 56.<\/p>\n<p>En el inicio del \u00faltimo cuarto Bah\u00eda arranc\u00f3 con todo.<\/p>\n<p>Con el aporte de sus perimetrales Bah\u00eda se puso a cinco y volvi\u00f3 a encender las alarmas de cierres complicados en el local. Pero apareci\u00f3 Funes con un triple m\u00e1s el aporte de Arn y Whiters en la pintada para que la diferencia empezara a estirarse.<\/p>\n<p>El ingreso del juvenil Elias le dio gol desde el per\u00edmetro a la visita (11 puntos en el cuarto) pero no le alcanz\u00f3 porque Comu jug\u00f3 con paciencia cada ataque hasta el final consumiendo segundos y tomando tiros efectivos que le permitieron quedarse con un triunfo por 91 a 80, vital para seguir peleando por escalar en esta dif\u00edcil Liga Nacional.<\/p>\n<p><strong>Informe<\/strong>: prensa Comunicaciones.<\/p>\n<p><strong>Fotos<\/strong>: prensa Comunicaciones.<\/p>\n","protected":false},"excerpt":{"rendered":"<p>Bah\u00eda Basket cay\u00f3 en su visita a Comunicaciones de Mercedes por 91 a 80<\/p>\n","protected":false},"author":1,"featured_media":81184,"comment_status":"closed","ping_status":"open","sticky":false,"template":"","format":"standard","meta":{"jnews-multi-image_gallery":[],"jnews_single_post":[],"jnews_primary_category":[],"footnotes":""},"categories":[57,43,39,101],"tags":[58,1583,536,1085,124,78],"class_list":["post-81183","post","type-post","status-publish","format-standard","has-post-thumbnail","hentry","category-bahia-basket","category-la-liga","category-nacional","category-slide","tag-bahiabasket","tag-comunicaciones","tag-fabian-sahdi","tag-federico-elias","tag-juan-manuel-torres","tag-lnb"],"yoast_head":"<!-- This site is optimized with the Yoast SEO plugin v27.5 - https:\/\/yoast.com\/product\/yoast-seo-wordpress\/ -->\n<title>Derrota en el inicio de la gira - Gente de B\u00e1squet<\/title>\n<meta name=\"robots\" content=\"index, follow, max-snippet:-1, max-image-preview:large, max-video-preview:-1\" \/>\n<link rel=\"canonical\" href=\"http:\/\/gentedebasquet.com.ar\/sitio\/2018\/04\/01\/derrota-en-el-inicio-de-la-gira\/\" \/>\n<meta property=\"og:locale\" content=\"es_ES\" \/>\n<meta property=\"og:type\" content=\"article\" \/>\n<meta property=\"og:title\" content=\"Derrota en el inicio de la gira - Gente de B\u00e1squet\" \/>\n<meta property=\"og:description\" content=\"Bah\u00eda Basket cay\u00f3 en su visita a Comunicaciones de Mercedes por 91 a 80\" \/>\n<meta property=\"og:url\" content=\"http:\/\/gentedebasquet.com.ar\/sitio\/2018\/04\/01\/derrota-en-el-inicio-de-la-gira\/\" \/>\n<meta property=\"og:site_name\" content=\"Gente de B\u00e1squet\" \/>\n<meta property=\"article:published_time\" content=\"2018-04-02T01:45:28+00:00\" \/>\n<meta property=\"og:image\" content=\"http:\/\/gentedebasquet.com.ar\/sitio\/wp-content\/uploads\/2018\/04\/Comunicaciones-Bahia-LNB-Fjellerup.jpg\" \/>\n\t<meta property=\"og:image:width\" content=\"690\" \/>\n\t<meta property=\"og:image:height\" content=\"319\" \/>\n\t<meta property=\"og:image:type\" content=\"image\/jpeg\" \/>\n<meta name=\"author\" content=\"Gente de B\u00e1squet\" \/>\n<meta name=\"twitter:card\" content=\"summary_large_image\" \/>\n<meta name=\"twitter:label1\" content=\"Escrito por\" \/>\n\t<meta name=\"twitter:data1\" content=\"Gente de B\u00e1squet\" \/>\n\t<meta name=\"twitter:label2\" content=\"Tiempo de lectura\" \/>\n\t<meta name=\"twitter:data2\" content=\"3 minutos\" \/>\n<script type=\"application\/ld+json\" class=\"yoast-schema-graph\">{\"@context\":\"https:\\\/\\\/schema.org\",\"@graph\":[{\"@type\":\"Article\",\"@id\":\"http:\\\/\\\/gentedebasquet.com.ar\\\/sitio\\\/2018\\\/04\\\/01\\\/derrota-en-el-inicio-de-la-gira\\\/#article\",\"isPartOf\":{\"@id\":\"http:\\\/\\\/gentedebasquet.com.ar\\\/sitio\\\/2018\\\/04\\\/01\\\/derrota-en-el-inicio-de-la-gira\\\/\"},\"author\":{\"name\":\"Gente de B\u00e1squet\",\"@id\":\"https:\\\/\\\/gentedebasquet.com.ar\\\/sitio\\\/#\\\/schema\\\/person\\\/ca0b63bbb977369988a7bbbdc519943a\"},\"headline\":\"Derrota en el inicio de la gira\",\"datePublished\":\"2018-04-02T01:45:28+00:00\",\"mainEntityOfPage\":{\"@id\":\"http:\\\/\\\/gentedebasquet.com.ar\\\/sitio\\\/2018\\\/04\\\/01\\\/derrota-en-el-inicio-de-la-gira\\\/\"},\"wordCount\":546,\"image\":{\"@id\":\"http:\\\/\\\/gentedebasquet.com.ar\\\/sitio\\\/2018\\\/04\\\/01\\\/derrota-en-el-inicio-de-la-gira\\\/#primaryimage\"},\"thumbnailUrl\":\"https:\\\/\\\/gentedebasquet.com.ar\\\/sitio\\\/wp-content\\\/uploads\\\/2018\\\/04\\\/Comunicaciones-Bahia-LNB-Fjellerup.jpg\",\"keywords\":[\"Bah\u00eda Basket\",\"Comunicaciones\",\"Fabi\u00e1n Sahdi\",\"Federico El\u00edas\",\"Juan Manuel Torres\",\"LNB\"],\"articleSection\":[\"Bah\u00eda Basket\",\"Liga Nacional\",\"Nacional\",\"Slide\"],\"inLanguage\":\"es\"},{\"@type\":\"WebPage\",\"@id\":\"http:\\\/\\\/gentedebasquet.com.ar\\\/sitio\\\/2018\\\/04\\\/01\\\/derrota-en-el-inicio-de-la-gira\\\/\",\"url\":\"http:\\\/\\\/gentedebasquet.com.ar\\\/sitio\\\/2018\\\/04\\\/01\\\/derrota-en-el-inicio-de-la-gira\\\/\",\"name\":\"Derrota en el inicio de la gira - Gente de B\u00e1squet\",\"isPartOf\":{\"@id\":\"https:\\\/\\\/gentedebasquet.com.ar\\\/sitio\\\/#website\"},\"primaryImageOfPage\":{\"@id\":\"http:\\\/\\\/gentedebasquet.com.ar\\\/sitio\\\/2018\\\/04\\\/01\\\/derrota-en-el-inicio-de-la-gira\\\/#primaryimage\"},\"image\":{\"@id\":\"http:\\\/\\\/gentedebasquet.com.ar\\\/sitio\\\/2018\\\/04\\\/01\\\/derrota-en-el-inicio-de-la-gira\\\/#primaryimage\"},\"thumbnailUrl\":\"https:\\\/\\\/gentedebasquet.com.ar\\\/sitio\\\/wp-content\\\/uploads\\\/2018\\\/04\\\/Comunicaciones-Bahia-LNB-Fjellerup.jpg\",\"datePublished\":\"2018-04-02T01:45:28+00:00\",\"author\":{\"@id\":\"https:\\\/\\\/gentedebasquet.com.ar\\\/sitio\\\/#\\\/schema\\\/person\\\/ca0b63bbb977369988a7bbbdc519943a\"},\"breadcrumb\":{\"@id\":\"http:\\\/\\\/gentedebasquet.com.ar\\\/sitio\\\/2018\\\/04\\\/01\\\/derrota-en-el-inicio-de-la-gira\\\/#breadcrumb\"},\"inLanguage\":\"es\",\"potentialAction\":[{\"@type\":\"ReadAction\",\"target\":[\"http:\\\/\\\/gentedebasquet.com.ar\\\/sitio\\\/2018\\\/04\\\/01\\\/derrota-en-el-inicio-de-la-gira\\\/\"]}]},{\"@type\":\"ImageObject\",\"inLanguage\":\"es\",\"@id\":\"http:\\\/\\\/gentedebasquet.com.ar\\\/sitio\\\/2018\\\/04\\\/01\\\/derrota-en-el-inicio-de-la-gira\\\/#primaryimage\",\"url\":\"https:\\\/\\\/gentedebasquet.com.ar\\\/sitio\\\/wp-content\\\/uploads\\\/2018\\\/04\\\/Comunicaciones-Bahia-LNB-Fjellerup.jpg\",\"contentUrl\":\"https:\\\/\\\/gentedebasquet.com.ar\\\/sitio\\\/wp-content\\\/uploads\\\/2018\\\/04\\\/Comunicaciones-Bahia-LNB-Fjellerup.jpg\",\"width\":690,\"height\":319},{\"@type\":\"BreadcrumbList\",\"@id\":\"http:\\\/\\\/gentedebasquet.com.ar\\\/sitio\\\/2018\\\/04\\\/01\\\/derrota-en-el-inicio-de-la-gira\\\/#breadcrumb\",\"itemListElement\":[{\"@type\":\"ListItem\",\"position\":1,\"name\":\"Portada\",\"item\":\"https:\\\/\\\/gentedebasquet.com.ar\\\/sitio\\\/\"},{\"@type\":\"ListItem\",\"position\":2,\"name\":\"Derrota en el inicio de la gira\"}]},{\"@type\":\"WebSite\",\"@id\":\"https:\\\/\\\/gentedebasquet.com.ar\\\/sitio\\\/#website\",\"url\":\"https:\\\/\\\/gentedebasquet.com.ar\\\/sitio\\\/\",\"name\":\"Gente de B\u00e1squet\",\"description\":\"La revista del basquet de Bah\u00eda Blanca\",\"potentialAction\":[{\"@type\":\"SearchAction\",\"target\":{\"@type\":\"EntryPoint\",\"urlTemplate\":\"https:\\\/\\\/gentedebasquet.com.ar\\\/sitio\\\/?s={search_term_string}\"},\"query-input\":{\"@type\":\"PropertyValueSpecification\",\"valueRequired\":true,\"valueName\":\"search_term_string\"}}],\"inLanguage\":\"es\"},{\"@type\":\"Person\",\"@id\":\"https:\\\/\\\/gentedebasquet.com.ar\\\/sitio\\\/#\\\/schema\\\/person\\\/ca0b63bbb977369988a7bbbdc519943a\",\"name\":\"Gente de B\u00e1squet\",\"image\":{\"@type\":\"ImageObject\",\"inLanguage\":\"es\",\"@id\":\"https:\\\/\\\/secure.gravatar.com\\\/avatar\\\/7f2c48bdc33b30088f941fb6082e555f2874c98e20cb159d7b92b50eadfce793?s=96&d=mm&r=g\",\"url\":\"https:\\\/\\\/secure.gravatar.com\\\/avatar\\\/7f2c48bdc33b30088f941fb6082e555f2874c98e20cb159d7b92b50eadfce793?s=96&d=mm&r=g\",\"contentUrl\":\"https:\\\/\\\/secure.gravatar.com\\\/avatar\\\/7f2c48bdc33b30088f941fb6082e555f2874c98e20cb159d7b92b50eadfce793?s=96&d=mm&r=g\",\"caption\":\"Gente de B\u00e1squet\"},\"sameAs\":[\"http:\\\/\\\/gentedebasquet.com.ar\\\/sitio\"],\"url\":\"https:\\\/\\\/gentedebasquet.com.ar\\\/sitio\\\/author\\\/ulises\\\/\"}]}<\/script>\n<!-- \/ Yoast SEO plugin. -->","yoast_head_json":{"title":"Derrota en el inicio de la gira - Gente de B\u00e1squet","robots":{"index":"index","follow":"follow","max-snippet":"max-snippet:-1","max-image-preview":"max-image-preview:large","max-video-preview":"max-video-preview:-1"},"canonical":"http:\/\/gentedebasquet.com.ar\/sitio\/2018\/04\/01\/derrota-en-el-inicio-de-la-gira\/","og_locale":"es_ES","og_type":"article","og_title":"Derrota en el inicio de la gira - Gente de B\u00e1squet","og_description":"Bah\u00eda Basket cay\u00f3 en su visita a Comunicaciones de Mercedes por 91 a 80","og_url":"http:\/\/gentedebasquet.com.ar\/sitio\/2018\/04\/01\/derrota-en-el-inicio-de-la-gira\/","og_site_name":"Gente de B\u00e1squet","article_published_time":"2018-04-02T01:45:28+00:00","og_image":[{"width":690,"height":319,"url":"http:\/\/gentedebasquet.com.ar\/sitio\/wp-content\/uploads\/2018\/04\/Comunicaciones-Bahia-LNB-Fjellerup.jpg","type":"image\/jpeg"}],"author":"Gente de B\u00e1squet","twitter_card":"summary_large_image","twitter_misc":{"Escrito por":"Gente de B\u00e1squet","Tiempo de lectura":"3 minutos"},"schema":{"@context":"https:\/\/schema.org","@graph":[{"@type":"Article","@id":"http:\/\/gentedebasquet.com.ar\/sitio\/2018\/04\/01\/derrota-en-el-inicio-de-la-gira\/#article","isPartOf":{"@id":"http:\/\/gentedebasquet.com.ar\/sitio\/2018\/04\/01\/derrota-en-el-inicio-de-la-gira\/"},"author":{"name":"Gente de B\u00e1squet","@id":"https:\/\/gentedebasquet.com.ar\/sitio\/#\/schema\/person\/ca0b63bbb977369988a7bbbdc519943a"},"headline":"Derrota en el inicio de la gira","datePublished":"2018-04-02T01:45:28+00:00","mainEntityOfPage":{"@id":"http:\/\/gentedebasquet.com.ar\/sitio\/2018\/04\/01\/derrota-en-el-inicio-de-la-gira\/"},"wordCount":546,"image":{"@id":"http:\/\/gentedebasquet.com.ar\/sitio\/2018\/04\/01\/derrota-en-el-inicio-de-la-gira\/#primaryimage"},"thumbnailUrl":"https:\/\/gentedebasquet.com.ar\/sitio\/wp-content\/uploads\/2018\/04\/Comunicaciones-Bahia-LNB-Fjellerup.jpg","keywords":["Bah\u00eda Basket","Comunicaciones","Fabi\u00e1n Sahdi","Federico El\u00edas","Juan Manuel Torres","LNB"],"articleSection":["Bah\u00eda Basket","Liga Nacional","Nacional","Slide"],"inLanguage":"es"},{"@type":"WebPage","@id":"http:\/\/gentedebasquet.com.ar\/sitio\/2018\/04\/01\/derrota-en-el-inicio-de-la-gira\/","url":"http:\/\/gentedebasquet.com.ar\/sitio\/2018\/04\/01\/derrota-en-el-inicio-de-la-gira\/","name":"Derrota en el inicio de la gira - Gente de B\u00e1squet","isPartOf":{"@id":"https:\/\/gentedebasquet.com.ar\/sitio\/#website"},"primaryImageOfPage":{"@id":"http:\/\/gentedebasquet.com.ar\/sitio\/2018\/04\/01\/derrota-en-el-inicio-de-la-gira\/#primaryimage"},"image":{"@id":"http:\/\/gentedebasquet.com.ar\/sitio\/2018\/04\/01\/derrota-en-el-inicio-de-la-gira\/#primaryimage"},"thumbnailUrl":"https:\/\/gentedebasquet.com.ar\/sitio\/wp-content\/uploads\/2018\/04\/Comunicaciones-Bahia-LNB-Fjellerup.jpg","datePublished":"2018-04-02T01:45:28+00:00","author":{"@id":"https:\/\/gentedebasquet.com.ar\/sitio\/#\/schema\/person\/ca0b63bbb977369988a7bbbdc519943a"},"breadcrumb":{"@id":"http:\/\/gentedebasquet.com.ar\/sitio\/2018\/04\/01\/derrota-en-el-inicio-de-la-gira\/#breadcrumb"},"inLanguage":"es","potentialAction":[{"@type":"ReadAction","target":["http:\/\/gentedebasquet.com.ar\/sitio\/2018\/04\/01\/derrota-en-el-inicio-de-la-gira\/"]}]},{"@type":"ImageObject","inLanguage":"es","@id":"http:\/\/gentedebasquet.com.ar\/sitio\/2018\/04\/01\/derrota-en-el-inicio-de-la-gira\/#primaryimage","url":"https:\/\/gentedebasquet.com.ar\/sitio\/wp-content\/uploads\/2018\/04\/Comunicaciones-Bahia-LNB-Fjellerup.jpg","contentUrl":"https:\/\/gentedebasquet.com.ar\/sitio\/wp-content\/uploads\/2018\/04\/Comunicaciones-Bahia-LNB-Fjellerup.jpg","width":690,"height":319},{"@type":"BreadcrumbList","@id":"http:\/\/gentedebasquet.com.ar\/sitio\/2018\/04\/01\/derrota-en-el-inicio-de-la-gira\/#breadcrumb","itemListElement":[{"@type":"ListItem","position":1,"name":"Portada","item":"https:\/\/gentedebasquet.com.ar\/sitio\/"},{"@type":"ListItem","position":2,"name":"Derrota en el inicio de la gira"}]},{"@type":"WebSite","@id":"https:\/\/gentedebasquet.com.ar\/sitio\/#website","url":"https:\/\/gentedebasquet.com.ar\/sitio\/","name":"Gente de B\u00e1squet","description":"La revista del basquet de Bah\u00eda Blanca","potentialAction":[{"@type":"SearchAction","target":{"@type":"EntryPoint","urlTemplate":"https:\/\/gentedebasquet.com.ar\/sitio\/?s={search_term_string}"},"query-input":{"@type":"PropertyValueSpecification","valueRequired":true,"valueName":"search_term_string"}}],"inLanguage":"es"},{"@type":"Person","@id":"https:\/\/gentedebasquet.com.ar\/sitio\/#\/schema\/person\/ca0b63bbb977369988a7bbbdc519943a","name":"Gente de B\u00e1squet","image":{"@type":"ImageObject","inLanguage":"es","@id":"https:\/\/secure.gravatar.com\/avatar\/7f2c48bdc33b30088f941fb6082e555f2874c98e20cb159d7b92b50eadfce793?s=96&d=mm&r=g","url":"https:\/\/secure.gravatar.com\/avatar\/7f2c48bdc33b30088f941fb6082e555f2874c98e20cb159d7b92b50eadfce793?s=96&d=mm&r=g","contentUrl":"https:\/\/secure.gravatar.com\/avatar\/7f2c48bdc33b30088f941fb6082e555f2874c98e20cb159d7b92b50eadfce793?s=96&d=mm&r=g","caption":"Gente de B\u00e1squet"},"sameAs":["http:\/\/gentedebasquet.com.ar\/sitio"],"url":"https:\/\/gentedebasquet.com.ar\/sitio\/author\/ulises\/"}]}},"_links":{"self":[{"href":"https:\/\/gentedebasquet.com.ar\/sitio\/wp-json\/wp\/v2\/posts\/81183","targetHints":{"allow":["GET"]}}],"collection":[{"href":"https:\/\/gentedebasquet.com.ar\/sitio\/wp-json\/wp\/v2\/posts"}],"about":[{"href":"https:\/\/gentedebasquet.com.ar\/sitio\/wp-json\/wp\/v2\/types\/post"}],"author":[{"embeddable":true,"href":"https:\/\/gentedebasquet.com.ar\/sitio\/wp-json\/wp\/v2\/users\/1"}],"replies":[{"embeddable":true,"href":"https:\/\/gentedebasquet.com.ar\/sitio\/wp-json\/wp\/v2\/comments?post=81183"}],"version-history":[{"count":0,"href":"https:\/\/gentedebasquet.com.ar\/sitio\/wp-json\/wp\/v2\/posts\/81183\/revisions"}],"wp:featuredmedia":[{"embeddable":true,"href":"https:\/\/gentedebasquet.com.ar\/sitio\/wp-json\/wp\/v2\/media\/81184"}],"wp:attachment":[{"href":"https:\/\/gentedebasquet.com.ar\/sitio\/wp-json\/wp\/v2\/media?parent=81183"}],"wp:term":[{"taxonomy":"category","embeddable":true,"href":"https:\/\/gentedebasquet.com.ar\/sitio\/wp-json\/wp\/v2\/categories?post=81183"},{"taxonomy":"post_tag","embeddable":true,"href":"https:\/\/gentedebasquet.com.ar\/sitio\/wp-json\/wp\/v2\/tags?post=81183"}],"curies":[{"name":"wp","href":"https:\/\/api.w.org\/{rel}","templated":true}]}}