{"id":81191,"date":"2018-04-02T22:59:14","date_gmt":"2018-04-03T01:59:14","guid":{"rendered":"http:\/\/www.gentedebasquet.com.ar\/?p=81191"},"modified":"2018-04-02T22:59:14","modified_gmt":"2018-04-03T01:59:14","slug":"arranque-sonado-2","status":"publish","type":"post","link":"https:\/\/gentedebasquet.com.ar\/sitio\/2018\/04\/02\/arranque-sonado-2\/","title":{"rendered":"Arranque so\u00f1ado"},"content":{"rendered":"<p><b>Sin dejar dudas y plasmando en general un gran juego colectivo (18 asistencias), Pueyrred\u00f3n continua firme en el torneo al vencer de manera s\u00f3lida a Alem por 75 a 51 en el Vicente Palermo. Desde el primer cuarto el local logr\u00f3 distanciarse (25-10) y a partir de ah\u00ed\u00a0nunca corri\u00f3\u00a0peligro el partido ante un rival plagado de juventud. El equipo ganador reparti\u00f3\u00a0el goleo de gran manera: Fern\u00e1ndez 15 (no err\u00f3; 3\/3 t3 y 3\/3 t2), Belleggia 14 (5\/7 t2), Chaves (13) y Roberson 13 &#8211; 8 rebotes. Por el lado del visitante, que todav\u00eda\u00a0no conoce la victoria, no alcanz\u00f3 la actuaci\u00f3n\u00a0de Walter Gigena con 14 tantos.<\/b><\/p>\n<p>Triple de Menna en el inicio. Ese fue el \u00fanico momento donde Alem pudo gozar de estar arriba en el marcador. Luego, todo fue de Pueyrred\u00f3n que cont\u00f3 con una gran efectividad en ataque. Alfonso fue el eje en la conducci\u00f3n (4 pases gol) y adem\u00e1s, el equipo ofreci\u00f3 muchas variantes de gol (Fern\u00e1ndez y Chaves 8). R\u00e1pidamente el local saco\u00f3 una diferencia considerable (17-8), en cinco minutos de juego, momento en el cual Carbonell decidi\u00f3 parar las acciones ante lo visto por su equipo en cancha. Lejos de reaccionar,el visitante termin\u00f3 empeorando. Principalmente en ataque, ya que tomaba decisiones apresuradas y eso hizo que convirtier\u00e1 solo dos puntos en 5 min, finalizando el primer segmento 25-10.<\/p>\n<p><a href=\"http:\/\/www.gentedebasquet.com.ar\/wp-content\/uploads\/2018\/04\/Astradas.jpg\"><img decoding=\"async\" class=\"size-medium wp-image-81202 alignright\" src=\"http:\/\/www.gentedebasquet.com.ar\/wp-content\/uploads\/2018\/04\/Astradas-300x203.jpg\" alt=\"\" width=\"300\" height=\"203\" srcset=\"https:\/\/gentedebasquet.com.ar\/sitio\/wp-content\/uploads\/2018\/04\/Astradas-300x203.jpg 300w, https:\/\/gentedebasquet.com.ar\/sitio\/wp-content\/uploads\/2018\/04\/Astradas.jpg 400w\" sizes=\"(max-width: 300px) 100vw, 300px\" \/><\/a><\/p>\n<p>Con el segundo equipo en cancha, Pueyrred\u00f3n baj\u00f3 la intensidad en el juego, a pesar del buen momento de Belleggia (5). Sin embargo, la brecha se mantuvo porque del otro lado todo era m\u00e1s dif\u00edcil. Por momentos, Gigena era el jugador m\u00e1s revulsivo, pero eso no alcanzaba. El visitante en ofensiva termin\u00f3 cayendo en el tiro externo sin soluci\u00f3n (0\/6). El encuentro era de ida y vuelta, poco vistoso y con goleo bajo. Ante esto, Vago decidi\u00f3 poner en cancha nuevamente al quinteto inicial, pero eso no iba a cambiar el tr\u00e1mite del segundo cuarto, que present\u00f3 n\u00fameros realmente flojos (3\/10 t2 Puerre &#8211; 3\/11 t2 Alem). Lo que era inamovible era el resultado. El local se fue al descanso 37-18 arriba.<\/p>\n<blockquote><p><em>Estos tres partidos para nosotros eran fundamentales porque son rivales directos, sab\u00edamos\u00a0que el fixture nos favoreci\u00f3,\u00a0entonces nos propusimos ganarlos y por suerte as\u00ed\u00a0se dio. Jugamos bien, pero el correr del partido nos lleva a que cometamos algunos errores en defensa y ataque. El objetivo principal es entrar a los playoffs, zafar de la zona de abajo y sacarle puntos a los de arriba (Jos\u00e9 Belleggia)<\/em><\/p><\/blockquote>\n<p>En el tercer cuarto, volvi\u00f3 el Pueyrred\u00f3n del arranque. Con paciencia en ataque, el local encontr\u00f3 soluciones firmes. En frente, Alem lo sufri\u00f3 y mucho. Aunque, si iba a mostrar rebeld\u00eda adelante al aumentar definitivamente su goleo, destac\u00e1ndose Astradas con 7 tantos de los 17 en el cuarto. El equipo de Vago, ya aumentaba la diferencia a +20 y esta vez haciendo valer los cent\u00edmetros de m\u00e1s en la pintura con Roberson y Foulkes. Adem\u00e1s, Rivera tom\u00f3 el rol de asistidor (4) y Fern\u00e1ndez concretaba (5). Reci\u00e9n a falta de un minuto, el visitante volvi\u00f3 a anotar un triple (llevaba 0\/14). Eso mostraba que en Alem todo era cuesta arriba y no pod\u00eda achicar en el marcador.<\/p>\n<p><a href=\"http:\/\/www.gentedebasquet.com.ar\/wp-content\/uploads\/2018\/04\/Perez-Pavon.jpg\"><img decoding=\"async\" class=\"size-medium wp-image-81203 alignright\" src=\"http:\/\/www.gentedebasquet.com.ar\/wp-content\/uploads\/2018\/04\/Perez-Pavon-300x203.jpg\" alt=\"\" width=\"300\" height=\"203\" srcset=\"https:\/\/gentedebasquet.com.ar\/sitio\/wp-content\/uploads\/2018\/04\/Perez-Pavon-300x203.jpg 300w, https:\/\/gentedebasquet.com.ar\/sitio\/wp-content\/uploads\/2018\/04\/Perez-Pavon.jpg 400w\" sizes=\"(max-width: 300px) 100vw, 300px\" \/><\/a><\/p>\n<p>Ya con la historia casi concluida, Pueyrred\u00f3n se relaj\u00f3 y volvi\u00f3 a caer en su nivel. Alem se pudo ver algo mejor en cancha, con Gigena siendo protagonista (4). Sin embargo, ya la distancia era amplia y solo quedo momento para que ambos t\u00e9cnicos le den minutos a los pibes.<\/p>\n<p>Fue victoria clara del auriazul por 75 a 51, que con un arranque so\u00f1ado (3\/3) es uno de los punteros del torneo. En cambio en Alem la historia es totalmente diferente. A la espera de la vuelta de Jasen y Priore, todav\u00eda no conoce lo que es ganar.<\/p>\n<p><iframe loading=\"lazy\" src=\"https:\/\/www.youtube.com\/embed\/m_D-oYr-Mjs\" width=\"560\" height=\"315\" frameborder=\"0\" allowfullscreen=\"allowfullscreen\"><\/iframe><\/p>\n<p><strong>Sintesis &#8211;\u00a0<\/strong>Primera Divisi\u00f3n &#8211; Fecha #3<\/p>\n<p><strong>Pueyrred\u00f3n 75:<\/strong> Fernando Alfonso 4, Luciano Fern\u00e1ndez 15, Mat\u00edas Chaves 13, Dami\u00e1n Foulkes 2, Eddie Roberson 13 (FI); Jos\u00e9 Belleggia 14, Juan Scattolini 3, Santiago Segal 0, Gast\u00f3n Rivera 6, Pedro Perez Pav\u00f3n 3, Gonzalo Roqueta 0 y Leonardo Ferster 2. DT: Mauricio Vago.<\/p>\n<p><strong>Alem 51:\u00a0<\/strong>Joaqu\u00edn Menna 8, Santiago Pascual 4, Mateo Murphy 2, Walter Gigena 14, Mariano Nu\u00f1ez 0 (FI); Patricio Zapata 5, Agust\u00edn Astradas 8, Santiago Loos 4, Felipe Mandolesi 3 y Valent\u00edn Forestier 3. DT: Leandro Carbonell.<\/p>\n<p><strong>Parciales:<\/strong> 25-10, 37-18 (14-8), 58-35 (21-17) y 75-51 (17-16).<\/p>\n<p><b>\u00c1rbitros<\/b><strong>:\u00a0<\/strong>Nicol\u00e1s Larrasolo &#8211; Javier S\u00e1nchez.<\/p>\n<p><strong>Estadio:\u00a0<\/strong>Vicente Palermo (Pueyrred\u00f3n).<\/p>\n<p><a href=\"https:\/\/docs.google.com\/spreadsheets\/d\/e\/2PACX-1vRm8j2n-_H1dY8S6RGGPLSPfWT48nBlGf5gRS4UisiwZMNLV9uHcIcHNy2aV0dGF68vYUKIpD73LL_i\/pubhtml?target=\">Ver planilla<\/a><\/p>\n<p>&nbsp;<\/p>\n","protected":false},"excerpt":{"rendered":"<p>Pueyrred\u00f3n tuvo como rival a Alem, lo venci\u00f3 75 a 51 y es uno de los punteros<\/p>\n","protected":false},"author":1,"featured_media":81204,"comment_status":"closed","ping_status":"open","sticky":false,"template":"","format":"standard","meta":{"jnews-multi-image_gallery":[],"jnews_single_post":[],"jnews_primary_category":[],"footnotes":""},"categories":[23,101],"tags":[3,689,463,224,51,18,302],"class_list":["post-81191","post","type-post","status-publish","format-standard","has-post-thumbnail","hentry","category-primera","category-slide","tag-alem","tag-eddie-roberson","tag-jose-belleggia","tag-luciano-fernandez","tag-matias-chaves","tag-pueyrredon","tag-walter-gigena"],"yoast_head":"<!-- This site is optimized with the Yoast SEO plugin v27.5 - https:\/\/yoast.com\/product\/yoast-seo-wordpress\/ -->\n<title>Arranque so\u00f1ado - Gente de B\u00e1squet<\/title>\n<meta name=\"robots\" content=\"index, follow, max-snippet:-1, max-image-preview:large, max-video-preview:-1\" \/>\n<link rel=\"canonical\" href=\"https:\/\/gentedebasquet.com.ar\/sitio\/2018\/04\/02\/arranque-sonado-2\/\" \/>\n<meta property=\"og:locale\" content=\"es_ES\" \/>\n<meta property=\"og:type\" content=\"article\" \/>\n<meta property=\"og:title\" content=\"Arranque so\u00f1ado - Gente de B\u00e1squet\" \/>\n<meta property=\"og:description\" content=\"Pueyrred\u00f3n tuvo como rival a Alem, lo venci\u00f3 75 a 51 y es uno de los punteros\" \/>\n<meta property=\"og:url\" content=\"https:\/\/gentedebasquet.com.ar\/sitio\/2018\/04\/02\/arranque-sonado-2\/\" \/>\n<meta property=\"og:site_name\" content=\"Gente de B\u00e1squet\" \/>\n<meta property=\"article:published_time\" content=\"2018-04-03T01:59:14+00:00\" \/>\n<meta property=\"og:image\" content=\"https:\/\/gentedebasquet.com.ar\/sitio\/wp-content\/uploads\/2018\/04\/Luchito-Fernandez.jpg\" \/>\n\t<meta property=\"og:image:width\" content=\"690\" \/>\n\t<meta property=\"og:image:height\" content=\"320\" \/>\n\t<meta property=\"og:image:type\" content=\"image\/jpeg\" \/>\n<meta name=\"author\" content=\"Gente de B\u00e1squet\" \/>\n<meta name=\"twitter:card\" content=\"summary_large_image\" \/>\n<meta name=\"twitter:label1\" content=\"Escrito por\" \/>\n\t<meta name=\"twitter:data1\" content=\"Gente de B\u00e1squet\" \/>\n\t<meta name=\"twitter:label2\" content=\"Tiempo de lectura\" \/>\n\t<meta name=\"twitter:data2\" content=\"4 minutos\" \/>\n<script type=\"application\/ld+json\" class=\"yoast-schema-graph\">{\"@context\":\"https:\\\/\\\/schema.org\",\"@graph\":[{\"@type\":\"Article\",\"@id\":\"https:\\\/\\\/gentedebasquet.com.ar\\\/sitio\\\/2018\\\/04\\\/02\\\/arranque-sonado-2\\\/#article\",\"isPartOf\":{\"@id\":\"https:\\\/\\\/gentedebasquet.com.ar\\\/sitio\\\/2018\\\/04\\\/02\\\/arranque-sonado-2\\\/\"},\"author\":{\"name\":\"Gente de B\u00e1squet\",\"@id\":\"https:\\\/\\\/gentedebasquet.com.ar\\\/sitio\\\/#\\\/schema\\\/person\\\/ca0b63bbb977369988a7bbbdc519943a\"},\"headline\":\"Arranque so\u00f1ado\",\"datePublished\":\"2018-04-03T01:59:14+00:00\",\"mainEntityOfPage\":{\"@id\":\"https:\\\/\\\/gentedebasquet.com.ar\\\/sitio\\\/2018\\\/04\\\/02\\\/arranque-sonado-2\\\/\"},\"wordCount\":737,\"image\":{\"@id\":\"https:\\\/\\\/gentedebasquet.com.ar\\\/sitio\\\/2018\\\/04\\\/02\\\/arranque-sonado-2\\\/#primaryimage\"},\"thumbnailUrl\":\"https:\\\/\\\/gentedebasquet.com.ar\\\/sitio\\\/wp-content\\\/uploads\\\/2018\\\/04\\\/Luchito-Fernandez.jpg\",\"keywords\":[\"Alem\",\"Eddie Roberson\",\"Jos\u00e9 Belleggia\",\"luciano fernandez\",\"Mat\u00edas Chaves\",\"Pueyrredon\",\"Walter Gigena\"],\"articleSection\":[\"Primera\",\"Slide\"],\"inLanguage\":\"es\"},{\"@type\":\"WebPage\",\"@id\":\"https:\\\/\\\/gentedebasquet.com.ar\\\/sitio\\\/2018\\\/04\\\/02\\\/arranque-sonado-2\\\/\",\"url\":\"https:\\\/\\\/gentedebasquet.com.ar\\\/sitio\\\/2018\\\/04\\\/02\\\/arranque-sonado-2\\\/\",\"name\":\"Arranque so\u00f1ado - Gente de B\u00e1squet\",\"isPartOf\":{\"@id\":\"https:\\\/\\\/gentedebasquet.com.ar\\\/sitio\\\/#website\"},\"primaryImageOfPage\":{\"@id\":\"https:\\\/\\\/gentedebasquet.com.ar\\\/sitio\\\/2018\\\/04\\\/02\\\/arranque-sonado-2\\\/#primaryimage\"},\"image\":{\"@id\":\"https:\\\/\\\/gentedebasquet.com.ar\\\/sitio\\\/2018\\\/04\\\/02\\\/arranque-sonado-2\\\/#primaryimage\"},\"thumbnailUrl\":\"https:\\\/\\\/gentedebasquet.com.ar\\\/sitio\\\/wp-content\\\/uploads\\\/2018\\\/04\\\/Luchito-Fernandez.jpg\",\"datePublished\":\"2018-04-03T01:59:14+00:00\",\"author\":{\"@id\":\"https:\\\/\\\/gentedebasquet.com.ar\\\/sitio\\\/#\\\/schema\\\/person\\\/ca0b63bbb977369988a7bbbdc519943a\"},\"breadcrumb\":{\"@id\":\"https:\\\/\\\/gentedebasquet.com.ar\\\/sitio\\\/2018\\\/04\\\/02\\\/arranque-sonado-2\\\/#breadcrumb\"},\"inLanguage\":\"es\",\"potentialAction\":[{\"@type\":\"ReadAction\",\"target\":[\"https:\\\/\\\/gentedebasquet.com.ar\\\/sitio\\\/2018\\\/04\\\/02\\\/arranque-sonado-2\\\/\"]}]},{\"@type\":\"ImageObject\",\"inLanguage\":\"es\",\"@id\":\"https:\\\/\\\/gentedebasquet.com.ar\\\/sitio\\\/2018\\\/04\\\/02\\\/arranque-sonado-2\\\/#primaryimage\",\"url\":\"https:\\\/\\\/gentedebasquet.com.ar\\\/sitio\\\/wp-content\\\/uploads\\\/2018\\\/04\\\/Luchito-Fernandez.jpg\",\"contentUrl\":\"https:\\\/\\\/gentedebasquet.com.ar\\\/sitio\\\/wp-content\\\/uploads\\\/2018\\\/04\\\/Luchito-Fernandez.jpg\",\"width\":690,\"height\":320},{\"@type\":\"BreadcrumbList\",\"@id\":\"https:\\\/\\\/gentedebasquet.com.ar\\\/sitio\\\/2018\\\/04\\\/02\\\/arranque-sonado-2\\\/#breadcrumb\",\"itemListElement\":[{\"@type\":\"ListItem\",\"position\":1,\"name\":\"Portada\",\"item\":\"https:\\\/\\\/gentedebasquet.com.ar\\\/sitio\\\/\"},{\"@type\":\"ListItem\",\"position\":2,\"name\":\"Arranque so\u00f1ado\"}]},{\"@type\":\"WebSite\",\"@id\":\"https:\\\/\\\/gentedebasquet.com.ar\\\/sitio\\\/#website\",\"url\":\"https:\\\/\\\/gentedebasquet.com.ar\\\/sitio\\\/\",\"name\":\"Gente de B\u00e1squet\",\"description\":\"La revista del basquet de Bah\u00eda Blanca\",\"potentialAction\":[{\"@type\":\"SearchAction\",\"target\":{\"@type\":\"EntryPoint\",\"urlTemplate\":\"https:\\\/\\\/gentedebasquet.com.ar\\\/sitio\\\/?s={search_term_string}\"},\"query-input\":{\"@type\":\"PropertyValueSpecification\",\"valueRequired\":true,\"valueName\":\"search_term_string\"}}],\"inLanguage\":\"es\"},{\"@type\":\"Person\",\"@id\":\"https:\\\/\\\/gentedebasquet.com.ar\\\/sitio\\\/#\\\/schema\\\/person\\\/ca0b63bbb977369988a7bbbdc519943a\",\"name\":\"Gente de B\u00e1squet\",\"image\":{\"@type\":\"ImageObject\",\"inLanguage\":\"es\",\"@id\":\"https:\\\/\\\/secure.gravatar.com\\\/avatar\\\/7f2c48bdc33b30088f941fb6082e555f2874c98e20cb159d7b92b50eadfce793?s=96&d=mm&r=g\",\"url\":\"https:\\\/\\\/secure.gravatar.com\\\/avatar\\\/7f2c48bdc33b30088f941fb6082e555f2874c98e20cb159d7b92b50eadfce793?s=96&d=mm&r=g\",\"contentUrl\":\"https:\\\/\\\/secure.gravatar.com\\\/avatar\\\/7f2c48bdc33b30088f941fb6082e555f2874c98e20cb159d7b92b50eadfce793?s=96&d=mm&r=g\",\"caption\":\"Gente de B\u00e1squet\"},\"sameAs\":[\"http:\\\/\\\/gentedebasquet.com.ar\\\/sitio\"],\"url\":\"https:\\\/\\\/gentedebasquet.com.ar\\\/sitio\\\/author\\\/ulises\\\/\"}]}<\/script>\n<!-- \/ Yoast SEO plugin. -->","yoast_head_json":{"title":"Arranque so\u00f1ado - Gente de B\u00e1squet","robots":{"index":"index","follow":"follow","max-snippet":"max-snippet:-1","max-image-preview":"max-image-preview:large","max-video-preview":"max-video-preview:-1"},"canonical":"https:\/\/gentedebasquet.com.ar\/sitio\/2018\/04\/02\/arranque-sonado-2\/","og_locale":"es_ES","og_type":"article","og_title":"Arranque so\u00f1ado - Gente de B\u00e1squet","og_description":"Pueyrred\u00f3n tuvo como rival a Alem, lo venci\u00f3 75 a 51 y es uno de los punteros","og_url":"https:\/\/gentedebasquet.com.ar\/sitio\/2018\/04\/02\/arranque-sonado-2\/","og_site_name":"Gente de B\u00e1squet","article_published_time":"2018-04-03T01:59:14+00:00","og_image":[{"width":690,"height":320,"url":"https:\/\/gentedebasquet.com.ar\/sitio\/wp-content\/uploads\/2018\/04\/Luchito-Fernandez.jpg","type":"image\/jpeg"}],"author":"Gente de B\u00e1squet","twitter_card":"summary_large_image","twitter_misc":{"Escrito por":"Gente de B\u00e1squet","Tiempo de lectura":"4 minutos"},"schema":{"@context":"https:\/\/schema.org","@graph":[{"@type":"Article","@id":"https:\/\/gentedebasquet.com.ar\/sitio\/2018\/04\/02\/arranque-sonado-2\/#article","isPartOf":{"@id":"https:\/\/gentedebasquet.com.ar\/sitio\/2018\/04\/02\/arranque-sonado-2\/"},"author":{"name":"Gente de B\u00e1squet","@id":"https:\/\/gentedebasquet.com.ar\/sitio\/#\/schema\/person\/ca0b63bbb977369988a7bbbdc519943a"},"headline":"Arranque so\u00f1ado","datePublished":"2018-04-03T01:59:14+00:00","mainEntityOfPage":{"@id":"https:\/\/gentedebasquet.com.ar\/sitio\/2018\/04\/02\/arranque-sonado-2\/"},"wordCount":737,"image":{"@id":"https:\/\/gentedebasquet.com.ar\/sitio\/2018\/04\/02\/arranque-sonado-2\/#primaryimage"},"thumbnailUrl":"https:\/\/gentedebasquet.com.ar\/sitio\/wp-content\/uploads\/2018\/04\/Luchito-Fernandez.jpg","keywords":["Alem","Eddie Roberson","Jos\u00e9 Belleggia","luciano fernandez","Mat\u00edas Chaves","Pueyrredon","Walter Gigena"],"articleSection":["Primera","Slide"],"inLanguage":"es"},{"@type":"WebPage","@id":"https:\/\/gentedebasquet.com.ar\/sitio\/2018\/04\/02\/arranque-sonado-2\/","url":"https:\/\/gentedebasquet.com.ar\/sitio\/2018\/04\/02\/arranque-sonado-2\/","name":"Arranque so\u00f1ado - Gente de B\u00e1squet","isPartOf":{"@id":"https:\/\/gentedebasquet.com.ar\/sitio\/#website"},"primaryImageOfPage":{"@id":"https:\/\/gentedebasquet.com.ar\/sitio\/2018\/04\/02\/arranque-sonado-2\/#primaryimage"},"image":{"@id":"https:\/\/gentedebasquet.com.ar\/sitio\/2018\/04\/02\/arranque-sonado-2\/#primaryimage"},"thumbnailUrl":"https:\/\/gentedebasquet.com.ar\/sitio\/wp-content\/uploads\/2018\/04\/Luchito-Fernandez.jpg","datePublished":"2018-04-03T01:59:14+00:00","author":{"@id":"https:\/\/gentedebasquet.com.ar\/sitio\/#\/schema\/person\/ca0b63bbb977369988a7bbbdc519943a"},"breadcrumb":{"@id":"https:\/\/gentedebasquet.com.ar\/sitio\/2018\/04\/02\/arranque-sonado-2\/#breadcrumb"},"inLanguage":"es","potentialAction":[{"@type":"ReadAction","target":["https:\/\/gentedebasquet.com.ar\/sitio\/2018\/04\/02\/arranque-sonado-2\/"]}]},{"@type":"ImageObject","inLanguage":"es","@id":"https:\/\/gentedebasquet.com.ar\/sitio\/2018\/04\/02\/arranque-sonado-2\/#primaryimage","url":"https:\/\/gentedebasquet.com.ar\/sitio\/wp-content\/uploads\/2018\/04\/Luchito-Fernandez.jpg","contentUrl":"https:\/\/gentedebasquet.com.ar\/sitio\/wp-content\/uploads\/2018\/04\/Luchito-Fernandez.jpg","width":690,"height":320},{"@type":"BreadcrumbList","@id":"https:\/\/gentedebasquet.com.ar\/sitio\/2018\/04\/02\/arranque-sonado-2\/#breadcrumb","itemListElement":[{"@type":"ListItem","position":1,"name":"Portada","item":"https:\/\/gentedebasquet.com.ar\/sitio\/"},{"@type":"ListItem","position":2,"name":"Arranque so\u00f1ado"}]},{"@type":"WebSite","@id":"https:\/\/gentedebasquet.com.ar\/sitio\/#website","url":"https:\/\/gentedebasquet.com.ar\/sitio\/","name":"Gente de B\u00e1squet","description":"La revista del basquet de Bah\u00eda Blanca","potentialAction":[{"@type":"SearchAction","target":{"@type":"EntryPoint","urlTemplate":"https:\/\/gentedebasquet.com.ar\/sitio\/?s={search_term_string}"},"query-input":{"@type":"PropertyValueSpecification","valueRequired":true,"valueName":"search_term_string"}}],"inLanguage":"es"},{"@type":"Person","@id":"https:\/\/gentedebasquet.com.ar\/sitio\/#\/schema\/person\/ca0b63bbb977369988a7bbbdc519943a","name":"Gente de B\u00e1squet","image":{"@type":"ImageObject","inLanguage":"es","@id":"https:\/\/secure.gravatar.com\/avatar\/7f2c48bdc33b30088f941fb6082e555f2874c98e20cb159d7b92b50eadfce793?s=96&d=mm&r=g","url":"https:\/\/secure.gravatar.com\/avatar\/7f2c48bdc33b30088f941fb6082e555f2874c98e20cb159d7b92b50eadfce793?s=96&d=mm&r=g","contentUrl":"https:\/\/secure.gravatar.com\/avatar\/7f2c48bdc33b30088f941fb6082e555f2874c98e20cb159d7b92b50eadfce793?s=96&d=mm&r=g","caption":"Gente de B\u00e1squet"},"sameAs":["http:\/\/gentedebasquet.com.ar\/sitio"],"url":"https:\/\/gentedebasquet.com.ar\/sitio\/author\/ulises\/"}]}},"_links":{"self":[{"href":"https:\/\/gentedebasquet.com.ar\/sitio\/wp-json\/wp\/v2\/posts\/81191","targetHints":{"allow":["GET"]}}],"collection":[{"href":"https:\/\/gentedebasquet.com.ar\/sitio\/wp-json\/wp\/v2\/posts"}],"about":[{"href":"https:\/\/gentedebasquet.com.ar\/sitio\/wp-json\/wp\/v2\/types\/post"}],"author":[{"embeddable":true,"href":"https:\/\/gentedebasquet.com.ar\/sitio\/wp-json\/wp\/v2\/users\/1"}],"replies":[{"embeddable":true,"href":"https:\/\/gentedebasquet.com.ar\/sitio\/wp-json\/wp\/v2\/comments?post=81191"}],"version-history":[{"count":0,"href":"https:\/\/gentedebasquet.com.ar\/sitio\/wp-json\/wp\/v2\/posts\/81191\/revisions"}],"wp:featuredmedia":[{"embeddable":true,"href":"https:\/\/gentedebasquet.com.ar\/sitio\/wp-json\/wp\/v2\/media\/81204"}],"wp:attachment":[{"href":"https:\/\/gentedebasquet.com.ar\/sitio\/wp-json\/wp\/v2\/media?parent=81191"}],"wp:term":[{"taxonomy":"category","embeddable":true,"href":"https:\/\/gentedebasquet.com.ar\/sitio\/wp-json\/wp\/v2\/categories?post=81191"},{"taxonomy":"post_tag","embeddable":true,"href":"https:\/\/gentedebasquet.com.ar\/sitio\/wp-json\/wp\/v2\/tags?post=81191"}],"curies":[{"name":"wp","href":"https:\/\/api.w.org\/{rel}","templated":true}]}}