{"id":81577,"date":"2018-04-10T23:29:22","date_gmt":"2018-04-11T02:29:22","guid":{"rendered":"http:\/\/www.gentedebasquet.com.ar\/?p=81577"},"modified":"2018-04-10T23:29:22","modified_gmt":"2018-04-11T02:29:22","slug":"tercera-al-hilo","status":"publish","type":"post","link":"https:\/\/gentedebasquet.com.ar\/sitio\/2018\/04\/10\/tercera-al-hilo\/","title":{"rendered":"Tercera al hilo"},"content":{"rendered":"<p><strong>En los Hermanos Barral, Independiente super\u00f3 de manera categ\u00f3rica por 95-74 a Barracas. En un encuentro que tuvo altos rendimientos individuales por parte de ambos equipos, que en los primeros minutos prometi\u00f3 de ser alto vuelo. El viola, tras un inicio complicado, estuvo fino en los tiros a distancia con un 45% de efectividad (13-29), a su vez realizo un 2C perfecto en el cual super\u00f3 a su rival y por momento lo neutralizo para obtener una ventaja +15 (55-40). Por su parte, la visita mostr\u00f3 su mejor juego, con un primer cuarto tremendo donde sus jugadores por fin se sintieron c\u00f3modos en lo que va el inicio de este torneo. \u00a0En el equipo ganador sobresalieron: Juan Ignacio Reiner (29 pts y 36 val); Ignacio Ercoli (24 pts y 26 val) y Ignacio Luppino (20). Mientras que por la visita se descartaron: Federico Scarpaci (18) y Santiago Jos\u00e9 (17).<\/strong><\/p>\n<p>En el inicio de las acciones, fue Barracas quien comenz\u00f3 de la mejor manera sorprendiendo a varios, con un arranque prometedor. Tras un parcial de 9-2 con dos bombas (Scarpaci \u2013 Jos\u00e9) y un 2+1 de C\u00f3rdoba, este \u00faltimo era el encargado de penetrar y robar las faltas a los defensas.<\/p>\n<p>En un 1C intenso, donde el viola le cost\u00f3 entrar en ritmo, a 6m13s se arm\u00f3 el partido, se hizo ida y vuelta con ambos equipos afilados. Sobre todo el local, que poco a poco fue encontrando en la dupla Reiner-Ercoli la soluci\u00f3n a todos los problemas.<\/p>\n<p>A 4m26s el viola se puso en ventaja por primera vez (21-19), sin embargo estos \u00faltimos minutos fueron muy <a href=\"http:\/\/www.gentedebasquet.com.ar\/wp-content\/uploads\/2018\/04\/Screenshot_2018-04-10-21-33-45.png\"><img decoding=\"async\" class=\"size-medium wp-image-81590 alignright\" src=\"http:\/\/www.gentedebasquet.com.ar\/wp-content\/uploads\/2018\/04\/Screenshot_2018-04-10-21-33-45-300x169.png\" alt=\"\" width=\"300\" height=\"169\" srcset=\"https:\/\/gentedebasquet.com.ar\/sitio\/wp-content\/uploads\/2018\/04\/Screenshot_2018-04-10-21-33-45-300x169.png 300w, https:\/\/gentedebasquet.com.ar\/sitio\/wp-content\/uploads\/2018\/04\/Screenshot_2018-04-10-21-33-45.png 400w\" sizes=\"(max-width: 300px) 100vw, 300px\" \/><\/a>cambiantes. Pero el local cont\u00f3 con los inspirados \u00a0Ercoli (8), y Reiner (11) mientras que la visita tuvo un gran trabajo colectivo, donde todos los de su quinteto inicial pudieron convertir.<\/p>\n<p>El 2C, comenz\u00f3 con una bomba de Reiner para luego continuar con un doble de Ercoli. Pareci\u00f3 prometedor el inicio, sin embargo se quedaron, la visita a 7m40s pudo abrir el marcador desde la l\u00ednea (C\u00f3rdoba), pero all\u00ed se estanc\u00f3. Lo cual lo aprovech\u00f3 Independiente que con los ingresos de Nicol\u00e1s Cornago (7) y del tirador Luppino (6); a eso sumarle que Ercoli (8) segu\u00eda inspirado, neutralizo al rival.<\/p>\n<p>Tras un primer cuarto perfecto, Barracas le cost\u00f3 y mucho este episodio, Labrocca roto el banco, donde encontr\u00f3 a Tob\u00edas P\u00e9rez una de las figuras de este cuarto el cual cosech\u00f3 8pts. Sin embargo este mal momento le cost\u00f3 irse al descanso con una desventaja de +15 (55-40)<\/p>\n<blockquote><p><em>Si bien barracas no venia muy bien, ten\u00edamos en cuenta de que ellos iban a ser muy intensos. Intentamos entrar en la mentalidad de no relajarnos, de no subestimar al rival, y la verdad que se encontraron muy derechos. Por suerte ya en el 2C ajustamos un poco, y ya para el segundo tiempo est\u00e1bamos mejor parado. La diferencia con los otros partidos, es que no ven\u00edamos metiendo tanto, sino jugando mas interior, y hoy entro bastante. Ojala se siga dando. La clave fue que ajustamos la defensa, en el primer cuarto nos hicieron 26, y eso no nos puede pasar. Nosotros somos un equipo que hace puntajes altos, si o si, tenes que defender atr\u00e1s porque sino no llegas. (Juan Ignacio Reiner-Independiente).<\/em><\/p><\/blockquote>\n<p>A la vuelta de los vestuarios, nuevamente se vi\u00f3 el buen juego que hab\u00edan demostrado en el inicio del encuentro. \u00a0No se dieron ventajas, fue palo a palo, a 6m13s comenzaron a ponerse derechos en los triples. Por parte del local el encargado era Reiner mientras que por la visita para contrarrestarlo eran Jos\u00e9-Scarpaci.<\/p>\n<p><a href=\"http:\/\/www.gentedebasquet.com.ar\/wp-content\/uploads\/2018\/04\/Screenshot_2018-04-11-00-13-31.png\"><img decoding=\"async\" class=\"size-medium wp-image-81588 alignleft\" src=\"http:\/\/www.gentedebasquet.com.ar\/wp-content\/uploads\/2018\/04\/Screenshot_2018-04-11-00-13-31-300x169.png\" alt=\"\" width=\"300\" height=\"169\" srcset=\"https:\/\/gentedebasquet.com.ar\/sitio\/wp-content\/uploads\/2018\/04\/Screenshot_2018-04-11-00-13-31-300x169.png 300w, https:\/\/gentedebasquet.com.ar\/sitio\/wp-content\/uploads\/2018\/04\/Screenshot_2018-04-11-00-13-31.png 400w\" sizes=\"(max-width: 300px) 100vw, 300px\" \/><\/a>Sin embargo la ventaja en el marcador era +16 en favor del viola (72-58), y poco a poco a 3m02s del cierre fueron bajando la intensidad, perdieron la efectividad que tuvieron en el principio y solo se dedicaron a correr la cancha, a defender y neutralizar al rival.<\/p>\n<p>El epilogo comenz\u00f3 desde la l\u00ednea (Ercoli +2), para que luego Luppino convirtiera dos triples consecutivos. A 7m12s, tras el minuto de Labrocca la diferencia era de +21 (85-64), el encuentro poco a poco se fue sentenciando. Unos \u00faltimos minutos poco jugado, peleado, trabado, el cual se convirti\u00f3 en uno de los m\u00e1s bajo goleo. El que termin\u00f3 de mejor manera fue el viola quien con m\u00e1s resto y aprovech\u00f3 los 24s y jug\u00f3 con la desesperaci\u00f3n de Barracas, pudo llevarse esta victoria por 95-74, consiguiendo su tercera victoria consecutiva.<\/p>\n<p><iframe loading=\"lazy\" src=\"https:\/\/www.youtube.com\/embed\/hE5o9TZa1rI\" width=\"560\" height=\"315\" frameborder=\"0\" allowfullscreen=\"allowfullscreen\"><\/iframe><\/p>\n<p><strong>S\u00edntesis<\/strong> | Segunda Divisi\u00f3n \u2013 Primer Tramo \u2013 Fecha #5<\/p>\n<p><strong>Independiente 95<\/strong>: Juan Ignacio Reiner 29, Francisco Londero 5, Ignacio \u00c9rcoli 24, Federico Ilekis 8, Gast\u00f3n Ressi 0 (Fi); Ignacio Luppino 20, Nicol\u00e1s Cornago 7, Joaqu\u00edn P\u00e9rez 2, Ignacio Lopez 0 y Diego Heredia 0. DT: Javier Musumeci.<\/p>\n<p><strong>Barracas 74<\/strong>: Federico Scarpaci 18, Santiago Jos\u00e9 17, Lucas Dur\u00e1n 6, Ezequiel Loiza 7, Franco C\u00f3rdoba 10 (Fi); Tob\u00edas Perez 7, Nicol\u00e1s Santos Valero 6, Ezequiel Zani 3, Fernando Tiede 0, Santiago Mart\u00ednez 0, y Alex Busisch 0. DT: Giuliano Labrocca.<\/p>\n<p><strong>Parciales<\/strong>: 28-27, 55-40 (27-13), 77-62 (22-22) y 95-74 (18-12).<\/p>\n<p><strong>\u00c1rbitros<\/strong>:\u00a0 Marjorie Stuardo y Lucas Andr\u00e9s<\/p>\n<p><strong>Estadio<\/strong>: Hermanos Barral (Independiente).<\/p>\n<p><a class=\"modalf iframe\" title=\"Planilla\" href=\"https:\/\/docs.google.com\/spreadsheets\/d\/e\/2PACX-1vS1YQP_phI5Ed63YGsnb4hum1KnwVsF7dtE4ILCHgjE8id_zWdmS2kqS9HNHT_tozUkdFekEINP39a4\/pubhtml\" target=\"_blank\" rel=\"noopener\">Ver Planilla<\/a><\/p>\n","protected":false},"excerpt":{"rendered":"<p>El viola super\u00f3 95-74 a Barracas, cosechando su tercera victoria consecutiva.<\/p>\n","protected":false},"author":1,"featured_media":81587,"comment_status":"closed","ping_status":"open","sticky":false,"template":"","format":"standard","meta":{"jnews-multi-image_gallery":[],"jnews_single_post":[],"jnews_primary_category":[],"footnotes":""},"categories":[25,101],"tags":[6,1640,1641,659,1100,12,212,1642],"class_list":["post-81577","post","type-post","status-publish","format-standard","has-post-thumbnail","hentry","category-segunda","category-slide","tag-barracas-central","tag-federico-scarpaci","tag-franco-cordoba","tag-ignacio-ercoli","tag-ignacio-luppino","tag-independiente","tag-juan-ignacio-reiner","tag-santiago-jose"],"yoast_head":"<!-- This site is optimized with the Yoast SEO plugin v27.5 - https:\/\/yoast.com\/product\/yoast-seo-wordpress\/ -->\n<title>Tercera al hilo - Gente de B\u00e1squet<\/title>\n<meta name=\"robots\" content=\"index, follow, max-snippet:-1, max-image-preview:large, max-video-preview:-1\" \/>\n<link rel=\"canonical\" href=\"https:\/\/gentedebasquet.com.ar\/sitio\/2018\/04\/10\/tercera-al-hilo\/\" \/>\n<meta property=\"og:locale\" content=\"es_ES\" \/>\n<meta property=\"og:type\" content=\"article\" \/>\n<meta property=\"og:title\" content=\"Tercera al hilo - Gente de B\u00e1squet\" \/>\n<meta property=\"og:description\" content=\"El viola super\u00f3 95-74 a Barracas, cosechando su tercera victoria consecutiva.\" \/>\n<meta property=\"og:url\" content=\"https:\/\/gentedebasquet.com.ar\/sitio\/2018\/04\/10\/tercera-al-hilo\/\" \/>\n<meta property=\"og:site_name\" content=\"Gente de B\u00e1squet\" \/>\n<meta property=\"article:published_time\" content=\"2018-04-11T02:29:22+00:00\" \/>\n<meta property=\"og:image\" content=\"https:\/\/gentedebasquet.com.ar\/sitio\/wp-content\/uploads\/2018\/04\/Screenshot_2018-04-11-00-19-01.png\" \/>\n\t<meta property=\"og:image:width\" content=\"690\" \/>\n\t<meta property=\"og:image:height\" content=\"319\" \/>\n\t<meta property=\"og:image:type\" content=\"image\/png\" \/>\n<meta name=\"author\" content=\"Gente de B\u00e1squet\" \/>\n<meta name=\"twitter:card\" content=\"summary_large_image\" \/>\n<meta name=\"twitter:label1\" content=\"Escrito por\" \/>\n\t<meta name=\"twitter:data1\" content=\"Gente de B\u00e1squet\" \/>\n\t<meta name=\"twitter:label2\" content=\"Tiempo de lectura\" \/>\n\t<meta name=\"twitter:data2\" content=\"4 minutos\" \/>\n<script type=\"application\/ld+json\" class=\"yoast-schema-graph\">{\"@context\":\"https:\\\/\\\/schema.org\",\"@graph\":[{\"@type\":\"Article\",\"@id\":\"https:\\\/\\\/gentedebasquet.com.ar\\\/sitio\\\/2018\\\/04\\\/10\\\/tercera-al-hilo\\\/#article\",\"isPartOf\":{\"@id\":\"https:\\\/\\\/gentedebasquet.com.ar\\\/sitio\\\/2018\\\/04\\\/10\\\/tercera-al-hilo\\\/\"},\"author\":{\"name\":\"Gente de B\u00e1squet\",\"@id\":\"https:\\\/\\\/gentedebasquet.com.ar\\\/sitio\\\/#\\\/schema\\\/person\\\/ca0b63bbb977369988a7bbbdc519943a\"},\"headline\":\"Tercera al hilo\",\"datePublished\":\"2018-04-11T02:29:22+00:00\",\"mainEntityOfPage\":{\"@id\":\"https:\\\/\\\/gentedebasquet.com.ar\\\/sitio\\\/2018\\\/04\\\/10\\\/tercera-al-hilo\\\/\"},\"wordCount\":832,\"image\":{\"@id\":\"https:\\\/\\\/gentedebasquet.com.ar\\\/sitio\\\/2018\\\/04\\\/10\\\/tercera-al-hilo\\\/#primaryimage\"},\"thumbnailUrl\":\"https:\\\/\\\/gentedebasquet.com.ar\\\/sitio\\\/wp-content\\\/uploads\\\/2018\\\/04\\\/Screenshot_2018-04-11-00-19-01.png\",\"keywords\":[\"Barracas Central\",\"Federico Scarpaci\",\"Franco Cordoba\",\"Ignacio Ercoli\",\"Ignacio Luppino\",\"independiente\",\"Juan Ignacio Reiner\",\"Santiago Jos\u00e9\"],\"articleSection\":[\"Segunda\",\"Slide\"],\"inLanguage\":\"es\"},{\"@type\":\"WebPage\",\"@id\":\"https:\\\/\\\/gentedebasquet.com.ar\\\/sitio\\\/2018\\\/04\\\/10\\\/tercera-al-hilo\\\/\",\"url\":\"https:\\\/\\\/gentedebasquet.com.ar\\\/sitio\\\/2018\\\/04\\\/10\\\/tercera-al-hilo\\\/\",\"name\":\"Tercera al hilo - Gente de B\u00e1squet\",\"isPartOf\":{\"@id\":\"https:\\\/\\\/gentedebasquet.com.ar\\\/sitio\\\/#website\"},\"primaryImageOfPage\":{\"@id\":\"https:\\\/\\\/gentedebasquet.com.ar\\\/sitio\\\/2018\\\/04\\\/10\\\/tercera-al-hilo\\\/#primaryimage\"},\"image\":{\"@id\":\"https:\\\/\\\/gentedebasquet.com.ar\\\/sitio\\\/2018\\\/04\\\/10\\\/tercera-al-hilo\\\/#primaryimage\"},\"thumbnailUrl\":\"https:\\\/\\\/gentedebasquet.com.ar\\\/sitio\\\/wp-content\\\/uploads\\\/2018\\\/04\\\/Screenshot_2018-04-11-00-19-01.png\",\"datePublished\":\"2018-04-11T02:29:22+00:00\",\"author\":{\"@id\":\"https:\\\/\\\/gentedebasquet.com.ar\\\/sitio\\\/#\\\/schema\\\/person\\\/ca0b63bbb977369988a7bbbdc519943a\"},\"breadcrumb\":{\"@id\":\"https:\\\/\\\/gentedebasquet.com.ar\\\/sitio\\\/2018\\\/04\\\/10\\\/tercera-al-hilo\\\/#breadcrumb\"},\"inLanguage\":\"es\",\"potentialAction\":[{\"@type\":\"ReadAction\",\"target\":[\"https:\\\/\\\/gentedebasquet.com.ar\\\/sitio\\\/2018\\\/04\\\/10\\\/tercera-al-hilo\\\/\"]}]},{\"@type\":\"ImageObject\",\"inLanguage\":\"es\",\"@id\":\"https:\\\/\\\/gentedebasquet.com.ar\\\/sitio\\\/2018\\\/04\\\/10\\\/tercera-al-hilo\\\/#primaryimage\",\"url\":\"https:\\\/\\\/gentedebasquet.com.ar\\\/sitio\\\/wp-content\\\/uploads\\\/2018\\\/04\\\/Screenshot_2018-04-11-00-19-01.png\",\"contentUrl\":\"https:\\\/\\\/gentedebasquet.com.ar\\\/sitio\\\/wp-content\\\/uploads\\\/2018\\\/04\\\/Screenshot_2018-04-11-00-19-01.png\",\"width\":690,\"height\":319},{\"@type\":\"BreadcrumbList\",\"@id\":\"https:\\\/\\\/gentedebasquet.com.ar\\\/sitio\\\/2018\\\/04\\\/10\\\/tercera-al-hilo\\\/#breadcrumb\",\"itemListElement\":[{\"@type\":\"ListItem\",\"position\":1,\"name\":\"Portada\",\"item\":\"https:\\\/\\\/gentedebasquet.com.ar\\\/sitio\\\/\"},{\"@type\":\"ListItem\",\"position\":2,\"name\":\"Tercera al hilo\"}]},{\"@type\":\"WebSite\",\"@id\":\"https:\\\/\\\/gentedebasquet.com.ar\\\/sitio\\\/#website\",\"url\":\"https:\\\/\\\/gentedebasquet.com.ar\\\/sitio\\\/\",\"name\":\"Gente de B\u00e1squet\",\"description\":\"La revista del basquet de Bah\u00eda Blanca\",\"potentialAction\":[{\"@type\":\"SearchAction\",\"target\":{\"@type\":\"EntryPoint\",\"urlTemplate\":\"https:\\\/\\\/gentedebasquet.com.ar\\\/sitio\\\/?s={search_term_string}\"},\"query-input\":{\"@type\":\"PropertyValueSpecification\",\"valueRequired\":true,\"valueName\":\"search_term_string\"}}],\"inLanguage\":\"es\"},{\"@type\":\"Person\",\"@id\":\"https:\\\/\\\/gentedebasquet.com.ar\\\/sitio\\\/#\\\/schema\\\/person\\\/ca0b63bbb977369988a7bbbdc519943a\",\"name\":\"Gente de B\u00e1squet\",\"image\":{\"@type\":\"ImageObject\",\"inLanguage\":\"es\",\"@id\":\"https:\\\/\\\/secure.gravatar.com\\\/avatar\\\/7f2c48bdc33b30088f941fb6082e555f2874c98e20cb159d7b92b50eadfce793?s=96&d=mm&r=g\",\"url\":\"https:\\\/\\\/secure.gravatar.com\\\/avatar\\\/7f2c48bdc33b30088f941fb6082e555f2874c98e20cb159d7b92b50eadfce793?s=96&d=mm&r=g\",\"contentUrl\":\"https:\\\/\\\/secure.gravatar.com\\\/avatar\\\/7f2c48bdc33b30088f941fb6082e555f2874c98e20cb159d7b92b50eadfce793?s=96&d=mm&r=g\",\"caption\":\"Gente de B\u00e1squet\"},\"sameAs\":[\"http:\\\/\\\/gentedebasquet.com.ar\\\/sitio\"],\"url\":\"https:\\\/\\\/gentedebasquet.com.ar\\\/sitio\\\/author\\\/ulises\\\/\"}]}<\/script>\n<!-- \/ Yoast SEO plugin. -->","yoast_head_json":{"title":"Tercera al hilo - Gente de B\u00e1squet","robots":{"index":"index","follow":"follow","max-snippet":"max-snippet:-1","max-image-preview":"max-image-preview:large","max-video-preview":"max-video-preview:-1"},"canonical":"https:\/\/gentedebasquet.com.ar\/sitio\/2018\/04\/10\/tercera-al-hilo\/","og_locale":"es_ES","og_type":"article","og_title":"Tercera al hilo - Gente de B\u00e1squet","og_description":"El viola super\u00f3 95-74 a Barracas, cosechando su tercera victoria consecutiva.","og_url":"https:\/\/gentedebasquet.com.ar\/sitio\/2018\/04\/10\/tercera-al-hilo\/","og_site_name":"Gente de B\u00e1squet","article_published_time":"2018-04-11T02:29:22+00:00","og_image":[{"width":690,"height":319,"url":"https:\/\/gentedebasquet.com.ar\/sitio\/wp-content\/uploads\/2018\/04\/Screenshot_2018-04-11-00-19-01.png","type":"image\/png"}],"author":"Gente de B\u00e1squet","twitter_card":"summary_large_image","twitter_misc":{"Escrito por":"Gente de B\u00e1squet","Tiempo de lectura":"4 minutos"},"schema":{"@context":"https:\/\/schema.org","@graph":[{"@type":"Article","@id":"https:\/\/gentedebasquet.com.ar\/sitio\/2018\/04\/10\/tercera-al-hilo\/#article","isPartOf":{"@id":"https:\/\/gentedebasquet.com.ar\/sitio\/2018\/04\/10\/tercera-al-hilo\/"},"author":{"name":"Gente de B\u00e1squet","@id":"https:\/\/gentedebasquet.com.ar\/sitio\/#\/schema\/person\/ca0b63bbb977369988a7bbbdc519943a"},"headline":"Tercera al hilo","datePublished":"2018-04-11T02:29:22+00:00","mainEntityOfPage":{"@id":"https:\/\/gentedebasquet.com.ar\/sitio\/2018\/04\/10\/tercera-al-hilo\/"},"wordCount":832,"image":{"@id":"https:\/\/gentedebasquet.com.ar\/sitio\/2018\/04\/10\/tercera-al-hilo\/#primaryimage"},"thumbnailUrl":"https:\/\/gentedebasquet.com.ar\/sitio\/wp-content\/uploads\/2018\/04\/Screenshot_2018-04-11-00-19-01.png","keywords":["Barracas Central","Federico Scarpaci","Franco Cordoba","Ignacio Ercoli","Ignacio Luppino","independiente","Juan Ignacio Reiner","Santiago Jos\u00e9"],"articleSection":["Segunda","Slide"],"inLanguage":"es"},{"@type":"WebPage","@id":"https:\/\/gentedebasquet.com.ar\/sitio\/2018\/04\/10\/tercera-al-hilo\/","url":"https:\/\/gentedebasquet.com.ar\/sitio\/2018\/04\/10\/tercera-al-hilo\/","name":"Tercera al hilo - Gente de B\u00e1squet","isPartOf":{"@id":"https:\/\/gentedebasquet.com.ar\/sitio\/#website"},"primaryImageOfPage":{"@id":"https:\/\/gentedebasquet.com.ar\/sitio\/2018\/04\/10\/tercera-al-hilo\/#primaryimage"},"image":{"@id":"https:\/\/gentedebasquet.com.ar\/sitio\/2018\/04\/10\/tercera-al-hilo\/#primaryimage"},"thumbnailUrl":"https:\/\/gentedebasquet.com.ar\/sitio\/wp-content\/uploads\/2018\/04\/Screenshot_2018-04-11-00-19-01.png","datePublished":"2018-04-11T02:29:22+00:00","author":{"@id":"https:\/\/gentedebasquet.com.ar\/sitio\/#\/schema\/person\/ca0b63bbb977369988a7bbbdc519943a"},"breadcrumb":{"@id":"https:\/\/gentedebasquet.com.ar\/sitio\/2018\/04\/10\/tercera-al-hilo\/#breadcrumb"},"inLanguage":"es","potentialAction":[{"@type":"ReadAction","target":["https:\/\/gentedebasquet.com.ar\/sitio\/2018\/04\/10\/tercera-al-hilo\/"]}]},{"@type":"ImageObject","inLanguage":"es","@id":"https:\/\/gentedebasquet.com.ar\/sitio\/2018\/04\/10\/tercera-al-hilo\/#primaryimage","url":"https:\/\/gentedebasquet.com.ar\/sitio\/wp-content\/uploads\/2018\/04\/Screenshot_2018-04-11-00-19-01.png","contentUrl":"https:\/\/gentedebasquet.com.ar\/sitio\/wp-content\/uploads\/2018\/04\/Screenshot_2018-04-11-00-19-01.png","width":690,"height":319},{"@type":"BreadcrumbList","@id":"https:\/\/gentedebasquet.com.ar\/sitio\/2018\/04\/10\/tercera-al-hilo\/#breadcrumb","itemListElement":[{"@type":"ListItem","position":1,"name":"Portada","item":"https:\/\/gentedebasquet.com.ar\/sitio\/"},{"@type":"ListItem","position":2,"name":"Tercera al hilo"}]},{"@type":"WebSite","@id":"https:\/\/gentedebasquet.com.ar\/sitio\/#website","url":"https:\/\/gentedebasquet.com.ar\/sitio\/","name":"Gente de B\u00e1squet","description":"La revista del basquet de Bah\u00eda Blanca","potentialAction":[{"@type":"SearchAction","target":{"@type":"EntryPoint","urlTemplate":"https:\/\/gentedebasquet.com.ar\/sitio\/?s={search_term_string}"},"query-input":{"@type":"PropertyValueSpecification","valueRequired":true,"valueName":"search_term_string"}}],"inLanguage":"es"},{"@type":"Person","@id":"https:\/\/gentedebasquet.com.ar\/sitio\/#\/schema\/person\/ca0b63bbb977369988a7bbbdc519943a","name":"Gente de B\u00e1squet","image":{"@type":"ImageObject","inLanguage":"es","@id":"https:\/\/secure.gravatar.com\/avatar\/7f2c48bdc33b30088f941fb6082e555f2874c98e20cb159d7b92b50eadfce793?s=96&d=mm&r=g","url":"https:\/\/secure.gravatar.com\/avatar\/7f2c48bdc33b30088f941fb6082e555f2874c98e20cb159d7b92b50eadfce793?s=96&d=mm&r=g","contentUrl":"https:\/\/secure.gravatar.com\/avatar\/7f2c48bdc33b30088f941fb6082e555f2874c98e20cb159d7b92b50eadfce793?s=96&d=mm&r=g","caption":"Gente de B\u00e1squet"},"sameAs":["http:\/\/gentedebasquet.com.ar\/sitio"],"url":"https:\/\/gentedebasquet.com.ar\/sitio\/author\/ulises\/"}]}},"_links":{"self":[{"href":"https:\/\/gentedebasquet.com.ar\/sitio\/wp-json\/wp\/v2\/posts\/81577","targetHints":{"allow":["GET"]}}],"collection":[{"href":"https:\/\/gentedebasquet.com.ar\/sitio\/wp-json\/wp\/v2\/posts"}],"about":[{"href":"https:\/\/gentedebasquet.com.ar\/sitio\/wp-json\/wp\/v2\/types\/post"}],"author":[{"embeddable":true,"href":"https:\/\/gentedebasquet.com.ar\/sitio\/wp-json\/wp\/v2\/users\/1"}],"replies":[{"embeddable":true,"href":"https:\/\/gentedebasquet.com.ar\/sitio\/wp-json\/wp\/v2\/comments?post=81577"}],"version-history":[{"count":0,"href":"https:\/\/gentedebasquet.com.ar\/sitio\/wp-json\/wp\/v2\/posts\/81577\/revisions"}],"wp:featuredmedia":[{"embeddable":true,"href":"https:\/\/gentedebasquet.com.ar\/sitio\/wp-json\/wp\/v2\/media\/81587"}],"wp:attachment":[{"href":"https:\/\/gentedebasquet.com.ar\/sitio\/wp-json\/wp\/v2\/media?parent=81577"}],"wp:term":[{"taxonomy":"category","embeddable":true,"href":"https:\/\/gentedebasquet.com.ar\/sitio\/wp-json\/wp\/v2\/categories?post=81577"},{"taxonomy":"post_tag","embeddable":true,"href":"https:\/\/gentedebasquet.com.ar\/sitio\/wp-json\/wp\/v2\/tags?post=81577"}],"curies":[{"name":"wp","href":"https:\/\/api.w.org\/{rel}","templated":true}]}}