{"id":82162,"date":"2018-04-22T23:24:02","date_gmt":"2018-04-23T02:24:02","guid":{"rendered":"http:\/\/www.gentedebasquet.com.ar\/?p=82162"},"modified":"2018-04-22T23:24:02","modified_gmt":"2018-04-23T02:24:02","slug":"el-albo-fue-contundente","status":"publish","type":"post","link":"https:\/\/gentedebasquet.com.ar\/sitio\/2018\/04\/22\/el-albo-fue-contundente\/","title":{"rendered":"El albo fue contundente"},"content":{"rendered":"<p><strong>Por la fecha #9 y en el Jos\u00e9 Mart\u00ednez, Estudiantes se hizo fuerte ante un equipo juvenil tricolor y lo venci\u00f3 118-69. As\u00ed, el albo encamina su torneo en busca de regularidad; mientras Villa Mitre, con la cabeza en el TFB, present\u00f3 juveniles que hicieron una buena tarea por lapsos.\u00a0<\/strong><\/p>\n<p><b>El liderazgo de Estudiantes se not\u00f3 desde el arranque (0-10), en un 1C efectivo por la visita que escap\u00f3 por 20. El segundo cuarto con rotaci\u00f3n de ambos fue m\u00e1s equilibrado (23-22). En el complemento un Catete encendido nos regal\u00f3 un 3C bueno de ver, y los \u00faltimos 10m estuvieron de m\u00e1s: la historia ya estaba sentenciada.\u00a0<\/b><\/p>\n<p><strong>El goleador del ganador fue Mariano Castets con 30 unidades (4\/6 t3, 6\/7 t3 y 6\/7 tl) y 8 rebotes, secundado por David Pineda (13) y Sebasti\u00e1n Cinti (12). En el local, sobresalieron Jos\u00e9 Luis Mart\u00ednez con 22 y Marcelo Berdini 15.\u00a0<\/strong><\/p>\n<p><a href=\"http:\/\/www.gentedebasquet.com.ar\/wp-content\/uploads\/2018\/04\/villa-mitre-f9.jpg\"><img decoding=\"async\" class=\"size-medium wp-image-82166 alignright\" src=\"http:\/\/www.gentedebasquet.com.ar\/wp-content\/uploads\/2018\/04\/villa-mitre-f9-300x169.jpg\" alt=\"\" width=\"300\" height=\"169\" \/><\/a><\/p>\n<p>En 3m el juego mostr\u00f3 lo que iba a continuar en el mismo. Estudiantes escap\u00f3 10-0, con sus cinco iniciales anotando, reboteando en ataque y corriendo la cancha. Por su parte, al local le cost\u00f3 la ofensiva en ese arranque. Sin embargo, el tricolor se despach\u00f3 con una r\u00e1faga positiva de tres ofensivas con conversi\u00f3n y achic\u00f3 a 7-12, a falta de 5m. Pese a eso, el albo ajust\u00f3 atr\u00e1s, y en ataque entre transiciones r\u00e1pidas y buen movimiento en el cinco contra cinco, se llev\u00f3 el cuarto con grandes porcentajes (1\/2 t3, 14\/16 t2 y 5\/6 tl).<\/p>\n<p>Con la rotaci\u00f3n de ambos conjuntos el partido se equilibr\u00f3. La ventaja ya estaba marcada por el albo y jug\u00f3 con ella, a partir de ese 1C. Berdini en la conducci\u00f3n y Mart\u00ednez abajo del aro, intentaban guiar a los juveniles tricolores que le daban gran intensidad al juego. Por su parte, el banco del visitante ingres\u00f3 de gran manera al partido, y pese a bajar un poco el ritmo manten\u00edan a su equipo arriba.<\/p>\n<blockquote><p><em>Entramos mentalizados para jugar contra el mejor Villa Mitre, lo tomamos as\u00ed por eso sacamos esa ventaja en el inicio.\u00a0Fuimos inteligentes y la mantuvimos durante todo el partido; adem\u00e1s de la ventaja, por momentos jugamos muy bien. Los puntos sirven, nos vamos conociendo como grupo y sabemos qu\u00e9 cosa puede hacer cada uno (Sebasti\u00e1n Cinti).<\/em><\/p><\/blockquote>\n<p><a href=\"http:\/\/www.gentedebasquet.com.ar\/wp-content\/uploads\/2018\/04\/11869.jpg\"><img decoding=\"async\" class=\"size-medium wp-image-82167 alignleft\" src=\"http:\/\/www.gentedebasquet.com.ar\/wp-content\/uploads\/2018\/04\/11869-300x169.jpg\" alt=\"\" width=\"300\" height=\"169\" \/><\/a><\/p>\n<p>Pese a una peque\u00f1a baja de intensidad del visitante que llev\u00f3 al minuto de su t\u00e9cnico, Estudiantes aument\u00f3 a\u00fan m\u00e1s la ventaja en este segmento. Su base tom\u00f3 el protagonismo total del juego, no s\u00f3lo anotando, sino que control\u00f3 los ritmos de juego e hizo jugar a sus compa\u00f1eros, en este 3C se vio lo mejor de Mariano Castets. Por el local, que rotaba y rotaba sus juveniles, Ugolini manten\u00eda en cada uno de ellos la concentraci\u00f3n y les remarcaba su rol.<\/p>\n<p>Ya con todo definido, Estudiantes sigui\u00f3 corriendo y estirando diferencia con sus relevos en cancha. Villa Mitre, que termin\u00f3 de utilizar toda su plantilla con los ingresos de Zonza, Ugolini y Mambretti, mantuvo la intensidad y compiti\u00f3. El cierre nos regal\u00f3 un triple de atr\u00e1s de mitad de cancha de Rodr\u00edguez, que sentenci\u00f3 la historia 118- 69.<\/p>\n<p><iframe loading=\"lazy\" src=\"https:\/\/www.youtube.com\/embed\/8v3g4jZ_ZOE\" width=\"560\" height=\"315\" frameborder=\"0\" allowfullscreen=\"allowfullscreen\"><\/iframe><\/p>\n<p><b>S\u00edntesis<\/b><strong>\u00a0&#8211;\u00a0<\/strong>Primera Divisi\u00f3n &#8211; Fecha #9.<\/p>\n<p><strong>Villa Mitre 69:\u00a0<\/strong>Marcelo Berdini 15, Brian Bobb 2, Valent\u00edn Pet\u00f3n 7, Alejo Azpilicueta 2, Jos\u00e9 Luis Mart\u00ednez 22 (FI); Ramiro Santiago 7, Santiago Ferrari 7, Jano Mart\u00ednez 0, Federico Bornic 4, Maximiliano Zonza 0, Bruno Ugolini 3 y Juan Cruz Mambretti 0. DT: Ariel Ugolini.<\/p>\n<p><strong>Estudiantes 118:\u00a0<\/strong>Mariano Castets 30, Sebasti\u00e1n Cinti 12, Nahuel Beron 8, Jer\u00f3nimo Mitoire 6, David Pineda 13 (FI); Leonel Alema\u00f1y 8, Agust\u00edn Amore 3, Juli\u00e1n Rodr\u00edguez 8, Juli\u00e1n Kloster 6, Bruno Ferrandi 10, Agust\u00edn Salas 6 y Valent\u00edn Duvanced 8. DT: Walter Romerniszyn.<\/p>\n<p><strong>Parciales:\u00a0<\/strong>11-36, 34-58 (23-22), 55-86 (21-28) y 69-118 (14-32).<\/p>\n<p><b>\u00c1rbitros<\/b><strong>:\u00a0<\/strong>Sebasti\u00e1n Arcas &#8211; Marjorie Stuardo.<\/p>\n<p><strong>Estadio:\u00a0<\/strong>Jos\u00e9 Mart\u00ednez (Villa Mitre).<\/p>\n<p><a href=\"https:\/\/docs.google.com\/spreadsheets\/d\/e\/2PACX-1vS7gBuvdhd6ZX-L8p9pvGblaQcK465_5Us7Hksbw-NTyi8J6-68YJ-caAlxyMPP75BGKgO9ZB1DiGcg\/pubhtml? target=\" target=\"_blank\" rel=\"noopener\">Ver planilla<\/a><\/p>\n","protected":false},"excerpt":{"rendered":"<p>Estudiante reafirmo su candidatura en el partido y venci\u00f3 a un VM juvenil. <\/p>\n","protected":false},"author":1,"featured_media":82165,"comment_status":"closed","ping_status":"open","sticky":false,"template":"","format":"standard","meta":{"jnews-multi-image_gallery":[],"jnews_single_post":[],"jnews_primary_category":[],"footnotes":""},"categories":[23,101],"tags":[11,285,137,22],"class_list":["post-82162","post","type-post","status-publish","format-standard","has-post-thumbnail","hentry","category-primera","category-slide","tag-estudiantes","tag-jose-luis-martinez","tag-mariano-castets","tag-villa-mitre"],"yoast_head":"<!-- This site is optimized with the Yoast SEO plugin v27.5 - https:\/\/yoast.com\/product\/yoast-seo-wordpress\/ -->\n<title>El albo fue contundente - Gente de B\u00e1squet<\/title>\n<meta name=\"robots\" content=\"index, follow, max-snippet:-1, max-image-preview:large, max-video-preview:-1\" \/>\n<link rel=\"canonical\" href=\"https:\/\/gentedebasquet.com.ar\/sitio\/2018\/04\/22\/el-albo-fue-contundente\/\" \/>\n<meta property=\"og:locale\" content=\"es_ES\" \/>\n<meta property=\"og:type\" content=\"article\" \/>\n<meta property=\"og:title\" content=\"El albo fue contundente - Gente de B\u00e1squet\" \/>\n<meta property=\"og:description\" content=\"Estudiante reafirmo su candidatura en el partido y venci\u00f3 a un VM juvenil.\" \/>\n<meta property=\"og:url\" content=\"https:\/\/gentedebasquet.com.ar\/sitio\/2018\/04\/22\/el-albo-fue-contundente\/\" \/>\n<meta property=\"og:site_name\" content=\"Gente de B\u00e1squet\" \/>\n<meta property=\"article:published_time\" content=\"2018-04-23T02:24:02+00:00\" \/>\n<meta name=\"author\" content=\"Gente de B\u00e1squet\" \/>\n<meta name=\"twitter:card\" content=\"summary_large_image\" \/>\n<meta name=\"twitter:label1\" content=\"Escrito por\" \/>\n\t<meta name=\"twitter:data1\" content=\"Gente de B\u00e1squet\" \/>\n\t<meta name=\"twitter:label2\" content=\"Tiempo de lectura\" \/>\n\t<meta name=\"twitter:data2\" content=\"3 minutos\" \/>\n<script type=\"application\/ld+json\" class=\"yoast-schema-graph\">{\"@context\":\"https:\\\/\\\/schema.org\",\"@graph\":[{\"@type\":\"Article\",\"@id\":\"https:\\\/\\\/gentedebasquet.com.ar\\\/sitio\\\/2018\\\/04\\\/22\\\/el-albo-fue-contundente\\\/#article\",\"isPartOf\":{\"@id\":\"https:\\\/\\\/gentedebasquet.com.ar\\\/sitio\\\/2018\\\/04\\\/22\\\/el-albo-fue-contundente\\\/\"},\"author\":{\"name\":\"Gente de B\u00e1squet\",\"@id\":\"https:\\\/\\\/gentedebasquet.com.ar\\\/sitio\\\/#\\\/schema\\\/person\\\/ca0b63bbb977369988a7bbbdc519943a\"},\"headline\":\"El albo fue contundente\",\"datePublished\":\"2018-04-23T02:24:02+00:00\",\"mainEntityOfPage\":{\"@id\":\"https:\\\/\\\/gentedebasquet.com.ar\\\/sitio\\\/2018\\\/04\\\/22\\\/el-albo-fue-contundente\\\/\"},\"wordCount\":640,\"image\":{\"@id\":\"https:\\\/\\\/gentedebasquet.com.ar\\\/sitio\\\/2018\\\/04\\\/22\\\/el-albo-fue-contundente\\\/#primaryimage\"},\"thumbnailUrl\":\"\",\"keywords\":[\"Estudiantes\",\"Jos\u00e9 Luis Mart\u00ednez\",\"Mariano Castets\",\"Villa Mitre\"],\"articleSection\":[\"Primera\",\"Slide\"],\"inLanguage\":\"es\"},{\"@type\":\"WebPage\",\"@id\":\"https:\\\/\\\/gentedebasquet.com.ar\\\/sitio\\\/2018\\\/04\\\/22\\\/el-albo-fue-contundente\\\/\",\"url\":\"https:\\\/\\\/gentedebasquet.com.ar\\\/sitio\\\/2018\\\/04\\\/22\\\/el-albo-fue-contundente\\\/\",\"name\":\"El albo fue contundente - Gente de B\u00e1squet\",\"isPartOf\":{\"@id\":\"https:\\\/\\\/gentedebasquet.com.ar\\\/sitio\\\/#website\"},\"primaryImageOfPage\":{\"@id\":\"https:\\\/\\\/gentedebasquet.com.ar\\\/sitio\\\/2018\\\/04\\\/22\\\/el-albo-fue-contundente\\\/#primaryimage\"},\"image\":{\"@id\":\"https:\\\/\\\/gentedebasquet.com.ar\\\/sitio\\\/2018\\\/04\\\/22\\\/el-albo-fue-contundente\\\/#primaryimage\"},\"thumbnailUrl\":\"\",\"datePublished\":\"2018-04-23T02:24:02+00:00\",\"author\":{\"@id\":\"https:\\\/\\\/gentedebasquet.com.ar\\\/sitio\\\/#\\\/schema\\\/person\\\/ca0b63bbb977369988a7bbbdc519943a\"},\"breadcrumb\":{\"@id\":\"https:\\\/\\\/gentedebasquet.com.ar\\\/sitio\\\/2018\\\/04\\\/22\\\/el-albo-fue-contundente\\\/#breadcrumb\"},\"inLanguage\":\"es\",\"potentialAction\":[{\"@type\":\"ReadAction\",\"target\":[\"https:\\\/\\\/gentedebasquet.com.ar\\\/sitio\\\/2018\\\/04\\\/22\\\/el-albo-fue-contundente\\\/\"]}]},{\"@type\":\"ImageObject\",\"inLanguage\":\"es\",\"@id\":\"https:\\\/\\\/gentedebasquet.com.ar\\\/sitio\\\/2018\\\/04\\\/22\\\/el-albo-fue-contundente\\\/#primaryimage\",\"url\":\"\",\"contentUrl\":\"\"},{\"@type\":\"BreadcrumbList\",\"@id\":\"https:\\\/\\\/gentedebasquet.com.ar\\\/sitio\\\/2018\\\/04\\\/22\\\/el-albo-fue-contundente\\\/#breadcrumb\",\"itemListElement\":[{\"@type\":\"ListItem\",\"position\":1,\"name\":\"Portada\",\"item\":\"https:\\\/\\\/gentedebasquet.com.ar\\\/sitio\\\/\"},{\"@type\":\"ListItem\",\"position\":2,\"name\":\"El albo fue contundente\"}]},{\"@type\":\"WebSite\",\"@id\":\"https:\\\/\\\/gentedebasquet.com.ar\\\/sitio\\\/#website\",\"url\":\"https:\\\/\\\/gentedebasquet.com.ar\\\/sitio\\\/\",\"name\":\"Gente de B\u00e1squet\",\"description\":\"La revista del basquet de Bah\u00eda Blanca\",\"potentialAction\":[{\"@type\":\"SearchAction\",\"target\":{\"@type\":\"EntryPoint\",\"urlTemplate\":\"https:\\\/\\\/gentedebasquet.com.ar\\\/sitio\\\/?s={search_term_string}\"},\"query-input\":{\"@type\":\"PropertyValueSpecification\",\"valueRequired\":true,\"valueName\":\"search_term_string\"}}],\"inLanguage\":\"es\"},{\"@type\":\"Person\",\"@id\":\"https:\\\/\\\/gentedebasquet.com.ar\\\/sitio\\\/#\\\/schema\\\/person\\\/ca0b63bbb977369988a7bbbdc519943a\",\"name\":\"Gente de B\u00e1squet\",\"image\":{\"@type\":\"ImageObject\",\"inLanguage\":\"es\",\"@id\":\"https:\\\/\\\/secure.gravatar.com\\\/avatar\\\/7f2c48bdc33b30088f941fb6082e555f2874c98e20cb159d7b92b50eadfce793?s=96&d=mm&r=g\",\"url\":\"https:\\\/\\\/secure.gravatar.com\\\/avatar\\\/7f2c48bdc33b30088f941fb6082e555f2874c98e20cb159d7b92b50eadfce793?s=96&d=mm&r=g\",\"contentUrl\":\"https:\\\/\\\/secure.gravatar.com\\\/avatar\\\/7f2c48bdc33b30088f941fb6082e555f2874c98e20cb159d7b92b50eadfce793?s=96&d=mm&r=g\",\"caption\":\"Gente de B\u00e1squet\"},\"sameAs\":[\"http:\\\/\\\/gentedebasquet.com.ar\\\/sitio\"],\"url\":\"https:\\\/\\\/gentedebasquet.com.ar\\\/sitio\\\/author\\\/ulises\\\/\"}]}<\/script>\n<!-- \/ Yoast SEO plugin. -->","yoast_head_json":{"title":"El albo fue contundente - Gente de B\u00e1squet","robots":{"index":"index","follow":"follow","max-snippet":"max-snippet:-1","max-image-preview":"max-image-preview:large","max-video-preview":"max-video-preview:-1"},"canonical":"https:\/\/gentedebasquet.com.ar\/sitio\/2018\/04\/22\/el-albo-fue-contundente\/","og_locale":"es_ES","og_type":"article","og_title":"El albo fue contundente - Gente de B\u00e1squet","og_description":"Estudiante reafirmo su candidatura en el partido y venci\u00f3 a un VM juvenil.","og_url":"https:\/\/gentedebasquet.com.ar\/sitio\/2018\/04\/22\/el-albo-fue-contundente\/","og_site_name":"Gente de B\u00e1squet","article_published_time":"2018-04-23T02:24:02+00:00","author":"Gente de B\u00e1squet","twitter_card":"summary_large_image","twitter_misc":{"Escrito por":"Gente de B\u00e1squet","Tiempo de lectura":"3 minutos"},"schema":{"@context":"https:\/\/schema.org","@graph":[{"@type":"Article","@id":"https:\/\/gentedebasquet.com.ar\/sitio\/2018\/04\/22\/el-albo-fue-contundente\/#article","isPartOf":{"@id":"https:\/\/gentedebasquet.com.ar\/sitio\/2018\/04\/22\/el-albo-fue-contundente\/"},"author":{"name":"Gente de B\u00e1squet","@id":"https:\/\/gentedebasquet.com.ar\/sitio\/#\/schema\/person\/ca0b63bbb977369988a7bbbdc519943a"},"headline":"El albo fue contundente","datePublished":"2018-04-23T02:24:02+00:00","mainEntityOfPage":{"@id":"https:\/\/gentedebasquet.com.ar\/sitio\/2018\/04\/22\/el-albo-fue-contundente\/"},"wordCount":640,"image":{"@id":"https:\/\/gentedebasquet.com.ar\/sitio\/2018\/04\/22\/el-albo-fue-contundente\/#primaryimage"},"thumbnailUrl":"","keywords":["Estudiantes","Jos\u00e9 Luis Mart\u00ednez","Mariano Castets","Villa Mitre"],"articleSection":["Primera","Slide"],"inLanguage":"es"},{"@type":"WebPage","@id":"https:\/\/gentedebasquet.com.ar\/sitio\/2018\/04\/22\/el-albo-fue-contundente\/","url":"https:\/\/gentedebasquet.com.ar\/sitio\/2018\/04\/22\/el-albo-fue-contundente\/","name":"El albo fue contundente - Gente de B\u00e1squet","isPartOf":{"@id":"https:\/\/gentedebasquet.com.ar\/sitio\/#website"},"primaryImageOfPage":{"@id":"https:\/\/gentedebasquet.com.ar\/sitio\/2018\/04\/22\/el-albo-fue-contundente\/#primaryimage"},"image":{"@id":"https:\/\/gentedebasquet.com.ar\/sitio\/2018\/04\/22\/el-albo-fue-contundente\/#primaryimage"},"thumbnailUrl":"","datePublished":"2018-04-23T02:24:02+00:00","author":{"@id":"https:\/\/gentedebasquet.com.ar\/sitio\/#\/schema\/person\/ca0b63bbb977369988a7bbbdc519943a"},"breadcrumb":{"@id":"https:\/\/gentedebasquet.com.ar\/sitio\/2018\/04\/22\/el-albo-fue-contundente\/#breadcrumb"},"inLanguage":"es","potentialAction":[{"@type":"ReadAction","target":["https:\/\/gentedebasquet.com.ar\/sitio\/2018\/04\/22\/el-albo-fue-contundente\/"]}]},{"@type":"ImageObject","inLanguage":"es","@id":"https:\/\/gentedebasquet.com.ar\/sitio\/2018\/04\/22\/el-albo-fue-contundente\/#primaryimage","url":"","contentUrl":""},{"@type":"BreadcrumbList","@id":"https:\/\/gentedebasquet.com.ar\/sitio\/2018\/04\/22\/el-albo-fue-contundente\/#breadcrumb","itemListElement":[{"@type":"ListItem","position":1,"name":"Portada","item":"https:\/\/gentedebasquet.com.ar\/sitio\/"},{"@type":"ListItem","position":2,"name":"El albo fue contundente"}]},{"@type":"WebSite","@id":"https:\/\/gentedebasquet.com.ar\/sitio\/#website","url":"https:\/\/gentedebasquet.com.ar\/sitio\/","name":"Gente de B\u00e1squet","description":"La revista del basquet de Bah\u00eda Blanca","potentialAction":[{"@type":"SearchAction","target":{"@type":"EntryPoint","urlTemplate":"https:\/\/gentedebasquet.com.ar\/sitio\/?s={search_term_string}"},"query-input":{"@type":"PropertyValueSpecification","valueRequired":true,"valueName":"search_term_string"}}],"inLanguage":"es"},{"@type":"Person","@id":"https:\/\/gentedebasquet.com.ar\/sitio\/#\/schema\/person\/ca0b63bbb977369988a7bbbdc519943a","name":"Gente de B\u00e1squet","image":{"@type":"ImageObject","inLanguage":"es","@id":"https:\/\/secure.gravatar.com\/avatar\/7f2c48bdc33b30088f941fb6082e555f2874c98e20cb159d7b92b50eadfce793?s=96&d=mm&r=g","url":"https:\/\/secure.gravatar.com\/avatar\/7f2c48bdc33b30088f941fb6082e555f2874c98e20cb159d7b92b50eadfce793?s=96&d=mm&r=g","contentUrl":"https:\/\/secure.gravatar.com\/avatar\/7f2c48bdc33b30088f941fb6082e555f2874c98e20cb159d7b92b50eadfce793?s=96&d=mm&r=g","caption":"Gente de B\u00e1squet"},"sameAs":["http:\/\/gentedebasquet.com.ar\/sitio"],"url":"https:\/\/gentedebasquet.com.ar\/sitio\/author\/ulises\/"}]}},"_links":{"self":[{"href":"https:\/\/gentedebasquet.com.ar\/sitio\/wp-json\/wp\/v2\/posts\/82162","targetHints":{"allow":["GET"]}}],"collection":[{"href":"https:\/\/gentedebasquet.com.ar\/sitio\/wp-json\/wp\/v2\/posts"}],"about":[{"href":"https:\/\/gentedebasquet.com.ar\/sitio\/wp-json\/wp\/v2\/types\/post"}],"author":[{"embeddable":true,"href":"https:\/\/gentedebasquet.com.ar\/sitio\/wp-json\/wp\/v2\/users\/1"}],"replies":[{"embeddable":true,"href":"https:\/\/gentedebasquet.com.ar\/sitio\/wp-json\/wp\/v2\/comments?post=82162"}],"version-history":[{"count":0,"href":"https:\/\/gentedebasquet.com.ar\/sitio\/wp-json\/wp\/v2\/posts\/82162\/revisions"}],"wp:featuredmedia":[{"embeddable":true,"href":"https:\/\/gentedebasquet.com.ar\/sitio\/wp-json\/"}],"wp:attachment":[{"href":"https:\/\/gentedebasquet.com.ar\/sitio\/wp-json\/wp\/v2\/media?parent=82162"}],"wp:term":[{"taxonomy":"category","embeddable":true,"href":"https:\/\/gentedebasquet.com.ar\/sitio\/wp-json\/wp\/v2\/categories?post=82162"},{"taxonomy":"post_tag","embeddable":true,"href":"https:\/\/gentedebasquet.com.ar\/sitio\/wp-json\/wp\/v2\/tags?post=82162"}],"curies":[{"name":"wp","href":"https:\/\/api.w.org\/{rel}","templated":true}]}}