{"id":85620,"date":"2018-07-10T11:50:26","date_gmt":"2018-07-10T14:50:26","guid":{"rendered":"http:\/\/www.gentedebasquet.com.ar\/?p=85620"},"modified":"2018-07-10T11:50:26","modified_gmt":"2018-07-10T14:50:26","slug":"corazon-celeste","status":"publish","type":"post","link":"https:\/\/gentedebasquet.com.ar\/sitio\/2018\/07\/10\/corazon-celeste\/","title":{"rendered":"Coraz\u00f3n celeste"},"content":{"rendered":"<p><b>El Nacional dio el primer paso, tras vencer a Estrella por 53 a 44 y de esta manera, adelantarse 1-0 en la serie al mejor de tres encuentros por el Torneo de Primera Femenino. En el equipo due\u00f1o de casa, Bel\u00e9n Tombesi fue la figura destacada con 19 unidades (8-13 t2) y 8 rebotes, junto a Nadia Vrizz (15 unidades y 8 recobres). En la visita, gran trabajo de Ana Liz Carcas con 16 puntos escoltada por Marianella Leal (11 puntos y 10 rebotes).<\/b><\/p>\n<p><img decoding=\"async\" class=\"size-full wp-image-85618 alignright\" src=\"http:\/\/www.gentedebasquet.com.ar\/wp-content\/uploads\/2018\/07\/El-Nacional-Estrella-Nota.jpg\" alt=\"\" width=\"400\" height=\"270\" srcset=\"https:\/\/gentedebasquet.com.ar\/sitio\/wp-content\/uploads\/2018\/07\/El-Nacional-Estrella-Nota.jpg 400w, https:\/\/gentedebasquet.com.ar\/sitio\/wp-content\/uploads\/2018\/07\/El-Nacional-Estrella-Nota-300x203.jpg 300w\" sizes=\"(max-width: 400px) 100vw, 400px\" \/><\/p>\n<p><span style=\"font-weight: 400;\">En un inicio parejo, Estrella fue el encargado de sacar la primer ventaja de la noche de la mano de Ana Liz Carcas con un triple, con 8m09 por jugarse, estableciendo un parcial de 7-3. La pronta reacci\u00f3n de Bel\u00e9n Tombesi y un triple de Nadia Vrizz, le daban una peque\u00f1a ventaja en el marcador (8-7). <\/span><\/p>\n<p><span style=\"font-weight: 400;\">Las dirigidas por Deminicis, que tuvieron un 1C con 5 p\u00e9rdidas en el global y baja efectividad en tiros de cancha. Buen pasaje de Paulina Lazar (7) junto al buen trabajo defensivo de Vrizz y Rocio Conti bajando 4 recobres cada una.<\/span><\/p>\n<p><span style=\"font-weight: 400;\">Un 2C con un ritmo de juego m\u00e1s intenso, donde el local sac\u00f3 una buena diferencia que mantuvo hasta el final del periodo. Sobresaliente actuaci\u00f3n de Vrizz, con 12 unidades de las 18 anotadas. <\/span><\/p>\n<p><span style=\"font-weight: 400;\">Mientras tanto, las del barrio San Mart\u00edn, no encontraban su rumbo de juego y cada vez se hac\u00eda m\u00e1s cuesta arriba ponerse a tono con el local. Un doble de Vrizz, cerraba el primer tiempo 35 a 19 arriba. <\/span><\/p>\n<p>&nbsp;<\/p>\n<blockquote><p><span style=\"font-weight: 400;\">Nunca pensamos que era un partido f\u00e1cil, nos quedamos con las ganas el a\u00f1o pasado al perder la final, creo que nos ganaron por cabeza y esta vez salimos muy concentradas a cumplir nuestro objetivo, como todos los partidos del torneo. (Nadia Vrizz, El Nacional)<\/span><\/p><\/blockquote>\n<p><img decoding=\"async\" class=\"size-full wp-image-85619 alignleft\" src=\"http:\/\/www.gentedebasquet.com.ar\/wp-content\/uploads\/2018\/07\/El-Nacional-Estrella-Nota-2.jpg\" alt=\"\" width=\"400\" height=\"270\" srcset=\"https:\/\/gentedebasquet.com.ar\/sitio\/wp-content\/uploads\/2018\/07\/El-Nacional-Estrella-Nota-2.jpg 400w, https:\/\/gentedebasquet.com.ar\/sitio\/wp-content\/uploads\/2018\/07\/El-Nacional-Estrella-Nota-2-300x203.jpg 300w\" sizes=\"(max-width: 400px) 100vw, 400px\" \/><\/p>\n<p><span style=\"font-weight: 400;\">Con la c\u00f3moda diferencia que el conjunto celeste estableci\u00f3 en la primera parte, la vuelta de los vestuarios no fue tan exigida aunque s\u00ed lo fue para la visita, obligadas a anotar para presionar en el tablero y ponerse a la par.<\/span><\/p>\n<p><span style=\"font-weight: 400;\">No fue as\u00ed. Aunque las chicas mostraron una mejor cara, apoy\u00e1ndose en Marianella Leal (3) y el buen manejo del equipo de Ana Liz Carcas (4). En el local, Tombesi anot\u00f3 7 de los 9 que convirti\u00f3 el equipo en este 3C.<\/span><\/p>\n<p><span style=\"font-weight: 400;\">En el final, con un triple de Carcas iniciando el 4C, el equipo demostr\u00f3 que quer\u00eda quedarse con el triunfo y sali\u00f3 a buscarlo. El partido sus momentos, aunque las de Albizu ya hab\u00edan estableciendo esa c\u00f3moda diferencia desde el comienzo. <\/span><\/p>\n<p><span style=\"font-weight: 400;\">Nuevamente Carcas con un triple y falta (1-1 en libres), le dio un hilo de esperanza a su equipo (52-44) aunque la presi\u00f3n y el buen juego local, le dieron el triunfo final.<\/span><\/p>\n<p>El viernes en el Luis Alvarez, Estrella y El Nacional volver\u00e1n a verse las caras para definir el segundo punto de la serie.<\/p>\n<p>&nbsp;<\/p>\n<p>[youtube]<a href=\"https:\/\/www.youtube.com\/watch?v=l3qCrEA1Y-A\" target=\"_blank\" rel=\"noopener\">http:\/\/www.youtube.com\/watch?v=ABCDEFGH<\/a>[\/youtube]<\/p>\n<p>&nbsp;<\/p>\n<p><b>S\u00edntesis<\/b><span style=\"font-weight: 400;\"> | Primera Femenino \u2013 Primer Tramo \u2013 Finales \u2013 Juego #1 (+3)<\/span><span style=\"font-weight: 400;\"><br \/>\n<\/span><b><\/b><\/p>\n<p><b>El Nacional 53: <\/b><span style=\"font-weight: 400;\">Luciana Ort\u00edz 2, Paulina Lazar 9, Nadia Vrizz 15, Mar\u00eda Bel\u00e9n Tombesi 19, Roc\u00edo Conti 6 (FI); Josefina Calvento 0, Aldana Rodr\u00edguez 0, Aldana Chcair 2 y Victoria P\u00e9rez 0 .DT: Viviana Albizu.<\/span><b><br \/>\n<\/b><b><br \/>\n<\/b><b>Estrella 44: <\/b><span style=\"font-weight: 400;\">Ana Liz Carcas 16, Valentina Pelaez 9, Agustina Rodriguez 2, Marianella Leal 11, Mariannella Pye 3 (FI); Nerina Franco 0, Mar\u00eda Marcocci 3, Noelia Gil 0 y Magdalena Gorriti 0. DT: Luciano Deminicis.<\/span><span style=\"font-weight: 400;\"><br \/>\n<\/span><span style=\"font-weight: 400;\"><br \/>\n<\/span><b>Parciales<\/b><span style=\"font-weight: 400;\">: 17-10, 35-19 (18-9), 44-31 (9-12) y 53-44 (9-13).<\/span><span style=\"font-weight: 400;\"><br \/>\n<\/span><b><\/b><\/p>\n<p><b>\u00c1rbitros<\/b><span style=\"font-weight: 400;\">: Marjorie Stuardo &#8211; Agustina Borello &#8211; Santiago Lopez Hoyos.<\/span><span style=\"font-weight: 400;\"><br \/>\n<\/span><b><\/b><\/p>\n<p><b>Estadio<\/b><span style=\"font-weight: 400;\">: Delfo y Pac\u00edfico Ciccioli (El Nacional).<\/span><span style=\"font-weight: 400;\"><br \/>\n<\/span><b><\/b><\/p>\n<p><b>Serie<\/b><span style=\"font-weight: 400;\">: El Nacional, 1-0.<\/span><\/p>\n<p><strong>Fotos y\u00a0<\/strong><b>v\u00eddeo<\/b>: Mart\u00edn Galvez.<\/p>\n<p><a href=\"https:\/\/docs.google.com\/spreadsheets\/d\/1WJAaRsqfxnAHHoQo9InFmRgxdIe62GKeUHRdRWyezxc\/edit?usp=sharing\" target=\"_blank\" rel=\"noopener\">Ver planilla<\/a><\/p>\n<p><strong>El Nacional<\/strong><\/p>\n<p><img decoding=\"async\" class=\"alignnone wp-image-85617\" src=\"http:\/\/www.gentedebasquet.com.ar\/wp-content\/uploads\/2018\/07\/El-Nacional.jpg\" alt=\"\" width=\"1000\" height=\"667\" srcset=\"https:\/\/gentedebasquet.com.ar\/sitio\/wp-content\/uploads\/2018\/07\/El-Nacional.jpg 1000w, https:\/\/gentedebasquet.com.ar\/sitio\/wp-content\/uploads\/2018\/07\/El-Nacional-300x200.jpg 300w, https:\/\/gentedebasquet.com.ar\/sitio\/wp-content\/uploads\/2018\/07\/El-Nacional-768x512.jpg 768w\" sizes=\"(max-width: 1000px) 100vw, 1000px\" \/><\/p>\n<p>&nbsp;<\/p>\n<p><strong>Estrella<\/strong><a href=\"http:\/\/www.gentedebasquet.com.ar\/wp-content\/uploads\/2018\/07\/Estrella.jpg\"><img decoding=\"async\" class=\"alignnone size-full wp-image-85616\" src=\"http:\/\/www.gentedebasquet.com.ar\/wp-content\/uploads\/2018\/07\/Estrella.jpg\" alt=\"\" width=\"1000\" height=\"667\" srcset=\"https:\/\/gentedebasquet.com.ar\/sitio\/wp-content\/uploads\/2018\/07\/Estrella.jpg 1000w, https:\/\/gentedebasquet.com.ar\/sitio\/wp-content\/uploads\/2018\/07\/Estrella-300x200.jpg 300w, https:\/\/gentedebasquet.com.ar\/sitio\/wp-content\/uploads\/2018\/07\/Estrella-768x512.jpg 768w\" sizes=\"(max-width: 1000px) 100vw, 1000px\" \/><\/a><\/p>\n","protected":false},"excerpt":{"rendered":"<p>El Nacional dio el primer paso, tras vencer a Estrella por 53 a 44.<\/p>\n","protected":false},"author":59,"featured_media":85615,"comment_status":"closed","ping_status":"open","sticky":false,"template":"","format":"standard","meta":{"jnews-multi-image_gallery":[],"jnews_single_post":[],"jnews_primary_category":[],"footnotes":""},"categories":[33,101],"tags":[593,623,9,10,931,821],"class_list":["post-85620","post","type-post","status-publish","format-standard","has-post-thumbnail","hentry","category-femenino","category-slide","tag-ana-liz-carcas","tag-belen-tombesi","tag-el-nacional","tag-estrella","tag-marianella-leal","tag-nadia-vrizz"],"yoast_head":"<!-- This site is optimized with the Yoast SEO plugin v27.4 - https:\/\/yoast.com\/product\/yoast-seo-wordpress\/ -->\n<title>Coraz\u00f3n celeste - Gente de B\u00e1squet<\/title>\n<meta name=\"robots\" content=\"index, follow, max-snippet:-1, max-image-preview:large, max-video-preview:-1\" \/>\n<link rel=\"canonical\" href=\"https:\/\/gentedebasquet.com.ar\/sitio\/2018\/07\/10\/corazon-celeste\/\" \/>\n<meta property=\"og:locale\" content=\"es_ES\" \/>\n<meta property=\"og:type\" content=\"article\" \/>\n<meta property=\"og:title\" content=\"Coraz\u00f3n celeste - Gente de B\u00e1squet\" \/>\n<meta property=\"og:description\" content=\"El Nacional dio el primer paso, tras vencer a Estrella por 53 a 44.\" \/>\n<meta property=\"og:url\" content=\"https:\/\/gentedebasquet.com.ar\/sitio\/2018\/07\/10\/corazon-celeste\/\" \/>\n<meta property=\"og:site_name\" content=\"Gente de B\u00e1squet\" \/>\n<meta property=\"article:published_time\" content=\"2018-07-10T14:50:26+00:00\" \/>\n<meta property=\"og:image\" content=\"https:\/\/gentedebasquet.com.ar\/sitio\/wp-content\/uploads\/2018\/07\/Slide-El-Nacional-Estrella.jpg\" \/>\n\t<meta property=\"og:image:width\" content=\"690\" \/>\n\t<meta property=\"og:image:height\" content=\"319\" \/>\n\t<meta property=\"og:image:type\" content=\"image\/jpeg\" \/>\n<meta name=\"author\" content=\"Carla Antinori\" \/>\n<meta name=\"twitter:card\" content=\"summary_large_image\" \/>\n<meta name=\"twitter:label1\" content=\"Escrito por\" \/>\n\t<meta name=\"twitter:data1\" content=\"Carla Antinori\" \/>\n\t<meta name=\"twitter:label2\" content=\"Tiempo de lectura\" \/>\n\t<meta name=\"twitter:data2\" content=\"3 minutos\" \/>\n<script type=\"application\/ld+json\" class=\"yoast-schema-graph\">{\"@context\":\"https:\\\/\\\/schema.org\",\"@graph\":[{\"@type\":\"Article\",\"@id\":\"https:\\\/\\\/gentedebasquet.com.ar\\\/sitio\\\/2018\\\/07\\\/10\\\/corazon-celeste\\\/#article\",\"isPartOf\":{\"@id\":\"https:\\\/\\\/gentedebasquet.com.ar\\\/sitio\\\/2018\\\/07\\\/10\\\/corazon-celeste\\\/\"},\"author\":{\"name\":\"Carla Antinori\",\"@id\":\"http:\\\/\\\/gentedebasquet.com.ar\\\/sitio\\\/#\\\/schema\\\/person\\\/a91a90e511a745a1ef1179ba4e1acee1\"},\"headline\":\"Coraz\u00f3n celeste\",\"datePublished\":\"2018-07-10T14:50:26+00:00\",\"mainEntityOfPage\":{\"@id\":\"https:\\\/\\\/gentedebasquet.com.ar\\\/sitio\\\/2018\\\/07\\\/10\\\/corazon-celeste\\\/\"},\"wordCount\":606,\"image\":{\"@id\":\"https:\\\/\\\/gentedebasquet.com.ar\\\/sitio\\\/2018\\\/07\\\/10\\\/corazon-celeste\\\/#primaryimage\"},\"thumbnailUrl\":\"https:\\\/\\\/gentedebasquet.com.ar\\\/sitio\\\/wp-content\\\/uploads\\\/2018\\\/07\\\/Slide-El-Nacional-Estrella.jpg\",\"keywords\":[\"Ana Liz Carcas\",\"Bel\u00e9n Tombesi\",\"El Nacional\",\"Estrella\",\"Marianella Leal\",\"Nadia Vrizz\"],\"articleSection\":[\"Femenino\",\"Slide\"],\"inLanguage\":\"es\"},{\"@type\":\"WebPage\",\"@id\":\"https:\\\/\\\/gentedebasquet.com.ar\\\/sitio\\\/2018\\\/07\\\/10\\\/corazon-celeste\\\/\",\"url\":\"https:\\\/\\\/gentedebasquet.com.ar\\\/sitio\\\/2018\\\/07\\\/10\\\/corazon-celeste\\\/\",\"name\":\"Coraz\u00f3n celeste - Gente de B\u00e1squet\",\"isPartOf\":{\"@id\":\"http:\\\/\\\/gentedebasquet.com.ar\\\/sitio\\\/#website\"},\"primaryImageOfPage\":{\"@id\":\"https:\\\/\\\/gentedebasquet.com.ar\\\/sitio\\\/2018\\\/07\\\/10\\\/corazon-celeste\\\/#primaryimage\"},\"image\":{\"@id\":\"https:\\\/\\\/gentedebasquet.com.ar\\\/sitio\\\/2018\\\/07\\\/10\\\/corazon-celeste\\\/#primaryimage\"},\"thumbnailUrl\":\"https:\\\/\\\/gentedebasquet.com.ar\\\/sitio\\\/wp-content\\\/uploads\\\/2018\\\/07\\\/Slide-El-Nacional-Estrella.jpg\",\"datePublished\":\"2018-07-10T14:50:26+00:00\",\"author\":{\"@id\":\"http:\\\/\\\/gentedebasquet.com.ar\\\/sitio\\\/#\\\/schema\\\/person\\\/a91a90e511a745a1ef1179ba4e1acee1\"},\"breadcrumb\":{\"@id\":\"https:\\\/\\\/gentedebasquet.com.ar\\\/sitio\\\/2018\\\/07\\\/10\\\/corazon-celeste\\\/#breadcrumb\"},\"inLanguage\":\"es\",\"potentialAction\":[{\"@type\":\"ReadAction\",\"target\":[\"https:\\\/\\\/gentedebasquet.com.ar\\\/sitio\\\/2018\\\/07\\\/10\\\/corazon-celeste\\\/\"]}]},{\"@type\":\"ImageObject\",\"inLanguage\":\"es\",\"@id\":\"https:\\\/\\\/gentedebasquet.com.ar\\\/sitio\\\/2018\\\/07\\\/10\\\/corazon-celeste\\\/#primaryimage\",\"url\":\"https:\\\/\\\/gentedebasquet.com.ar\\\/sitio\\\/wp-content\\\/uploads\\\/2018\\\/07\\\/Slide-El-Nacional-Estrella.jpg\",\"contentUrl\":\"https:\\\/\\\/gentedebasquet.com.ar\\\/sitio\\\/wp-content\\\/uploads\\\/2018\\\/07\\\/Slide-El-Nacional-Estrella.jpg\",\"width\":690,\"height\":319},{\"@type\":\"BreadcrumbList\",\"@id\":\"https:\\\/\\\/gentedebasquet.com.ar\\\/sitio\\\/2018\\\/07\\\/10\\\/corazon-celeste\\\/#breadcrumb\",\"itemListElement\":[{\"@type\":\"ListItem\",\"position\":1,\"name\":\"Portada\",\"item\":\"http:\\\/\\\/gentedebasquet.com.ar\\\/sitio\\\/\"},{\"@type\":\"ListItem\",\"position\":2,\"name\":\"Coraz\u00f3n celeste\"}]},{\"@type\":\"WebSite\",\"@id\":\"http:\\\/\\\/gentedebasquet.com.ar\\\/sitio\\\/#website\",\"url\":\"http:\\\/\\\/gentedebasquet.com.ar\\\/sitio\\\/\",\"name\":\"Gente de B\u00e1squet\",\"description\":\"La revista del basquet de Bah\u00eda Blanca\",\"potentialAction\":[{\"@type\":\"SearchAction\",\"target\":{\"@type\":\"EntryPoint\",\"urlTemplate\":\"http:\\\/\\\/gentedebasquet.com.ar\\\/sitio\\\/?s={search_term_string}\"},\"query-input\":{\"@type\":\"PropertyValueSpecification\",\"valueRequired\":true,\"valueName\":\"search_term_string\"}}],\"inLanguage\":\"es\"},{\"@type\":\"Person\",\"@id\":\"http:\\\/\\\/gentedebasquet.com.ar\\\/sitio\\\/#\\\/schema\\\/person\\\/a91a90e511a745a1ef1179ba4e1acee1\",\"name\":\"Carla Antinori\",\"image\":{\"@type\":\"ImageObject\",\"inLanguage\":\"es\",\"@id\":\"https:\\\/\\\/secure.gravatar.com\\\/avatar\\\/efb47e3aec7baecdac94a42ed5b65695d318d84514de7943630d90e9fec50d69?s=96&d=mm&r=g\",\"url\":\"https:\\\/\\\/secure.gravatar.com\\\/avatar\\\/efb47e3aec7baecdac94a42ed5b65695d318d84514de7943630d90e9fec50d69?s=96&d=mm&r=g\",\"contentUrl\":\"https:\\\/\\\/secure.gravatar.com\\\/avatar\\\/efb47e3aec7baecdac94a42ed5b65695d318d84514de7943630d90e9fec50d69?s=96&d=mm&r=g\",\"caption\":\"Carla Antinori\"},\"url\":\"https:\\\/\\\/gentedebasquet.com.ar\\\/sitio\\\/author\\\/carla-antinori\\\/\"}]}<\/script>\n<!-- \/ Yoast SEO plugin. -->","yoast_head_json":{"title":"Coraz\u00f3n celeste - Gente de B\u00e1squet","robots":{"index":"index","follow":"follow","max-snippet":"max-snippet:-1","max-image-preview":"max-image-preview:large","max-video-preview":"max-video-preview:-1"},"canonical":"https:\/\/gentedebasquet.com.ar\/sitio\/2018\/07\/10\/corazon-celeste\/","og_locale":"es_ES","og_type":"article","og_title":"Coraz\u00f3n celeste - Gente de B\u00e1squet","og_description":"El Nacional dio el primer paso, tras vencer a Estrella por 53 a 44.","og_url":"https:\/\/gentedebasquet.com.ar\/sitio\/2018\/07\/10\/corazon-celeste\/","og_site_name":"Gente de B\u00e1squet","article_published_time":"2018-07-10T14:50:26+00:00","og_image":[{"width":690,"height":319,"url":"https:\/\/gentedebasquet.com.ar\/sitio\/wp-content\/uploads\/2018\/07\/Slide-El-Nacional-Estrella.jpg","type":"image\/jpeg"}],"author":"Carla Antinori","twitter_card":"summary_large_image","twitter_misc":{"Escrito por":"Carla Antinori","Tiempo de lectura":"3 minutos"},"schema":{"@context":"https:\/\/schema.org","@graph":[{"@type":"Article","@id":"https:\/\/gentedebasquet.com.ar\/sitio\/2018\/07\/10\/corazon-celeste\/#article","isPartOf":{"@id":"https:\/\/gentedebasquet.com.ar\/sitio\/2018\/07\/10\/corazon-celeste\/"},"author":{"name":"Carla Antinori","@id":"http:\/\/gentedebasquet.com.ar\/sitio\/#\/schema\/person\/a91a90e511a745a1ef1179ba4e1acee1"},"headline":"Coraz\u00f3n celeste","datePublished":"2018-07-10T14:50:26+00:00","mainEntityOfPage":{"@id":"https:\/\/gentedebasquet.com.ar\/sitio\/2018\/07\/10\/corazon-celeste\/"},"wordCount":606,"image":{"@id":"https:\/\/gentedebasquet.com.ar\/sitio\/2018\/07\/10\/corazon-celeste\/#primaryimage"},"thumbnailUrl":"https:\/\/gentedebasquet.com.ar\/sitio\/wp-content\/uploads\/2018\/07\/Slide-El-Nacional-Estrella.jpg","keywords":["Ana Liz Carcas","Bel\u00e9n Tombesi","El Nacional","Estrella","Marianella Leal","Nadia Vrizz"],"articleSection":["Femenino","Slide"],"inLanguage":"es"},{"@type":"WebPage","@id":"https:\/\/gentedebasquet.com.ar\/sitio\/2018\/07\/10\/corazon-celeste\/","url":"https:\/\/gentedebasquet.com.ar\/sitio\/2018\/07\/10\/corazon-celeste\/","name":"Coraz\u00f3n celeste - Gente de B\u00e1squet","isPartOf":{"@id":"http:\/\/gentedebasquet.com.ar\/sitio\/#website"},"primaryImageOfPage":{"@id":"https:\/\/gentedebasquet.com.ar\/sitio\/2018\/07\/10\/corazon-celeste\/#primaryimage"},"image":{"@id":"https:\/\/gentedebasquet.com.ar\/sitio\/2018\/07\/10\/corazon-celeste\/#primaryimage"},"thumbnailUrl":"https:\/\/gentedebasquet.com.ar\/sitio\/wp-content\/uploads\/2018\/07\/Slide-El-Nacional-Estrella.jpg","datePublished":"2018-07-10T14:50:26+00:00","author":{"@id":"http:\/\/gentedebasquet.com.ar\/sitio\/#\/schema\/person\/a91a90e511a745a1ef1179ba4e1acee1"},"breadcrumb":{"@id":"https:\/\/gentedebasquet.com.ar\/sitio\/2018\/07\/10\/corazon-celeste\/#breadcrumb"},"inLanguage":"es","potentialAction":[{"@type":"ReadAction","target":["https:\/\/gentedebasquet.com.ar\/sitio\/2018\/07\/10\/corazon-celeste\/"]}]},{"@type":"ImageObject","inLanguage":"es","@id":"https:\/\/gentedebasquet.com.ar\/sitio\/2018\/07\/10\/corazon-celeste\/#primaryimage","url":"https:\/\/gentedebasquet.com.ar\/sitio\/wp-content\/uploads\/2018\/07\/Slide-El-Nacional-Estrella.jpg","contentUrl":"https:\/\/gentedebasquet.com.ar\/sitio\/wp-content\/uploads\/2018\/07\/Slide-El-Nacional-Estrella.jpg","width":690,"height":319},{"@type":"BreadcrumbList","@id":"https:\/\/gentedebasquet.com.ar\/sitio\/2018\/07\/10\/corazon-celeste\/#breadcrumb","itemListElement":[{"@type":"ListItem","position":1,"name":"Portada","item":"http:\/\/gentedebasquet.com.ar\/sitio\/"},{"@type":"ListItem","position":2,"name":"Coraz\u00f3n celeste"}]},{"@type":"WebSite","@id":"http:\/\/gentedebasquet.com.ar\/sitio\/#website","url":"http:\/\/gentedebasquet.com.ar\/sitio\/","name":"Gente de B\u00e1squet","description":"La revista del basquet de Bah\u00eda Blanca","potentialAction":[{"@type":"SearchAction","target":{"@type":"EntryPoint","urlTemplate":"http:\/\/gentedebasquet.com.ar\/sitio\/?s={search_term_string}"},"query-input":{"@type":"PropertyValueSpecification","valueRequired":true,"valueName":"search_term_string"}}],"inLanguage":"es"},{"@type":"Person","@id":"http:\/\/gentedebasquet.com.ar\/sitio\/#\/schema\/person\/a91a90e511a745a1ef1179ba4e1acee1","name":"Carla Antinori","image":{"@type":"ImageObject","inLanguage":"es","@id":"https:\/\/secure.gravatar.com\/avatar\/efb47e3aec7baecdac94a42ed5b65695d318d84514de7943630d90e9fec50d69?s=96&d=mm&r=g","url":"https:\/\/secure.gravatar.com\/avatar\/efb47e3aec7baecdac94a42ed5b65695d318d84514de7943630d90e9fec50d69?s=96&d=mm&r=g","contentUrl":"https:\/\/secure.gravatar.com\/avatar\/efb47e3aec7baecdac94a42ed5b65695d318d84514de7943630d90e9fec50d69?s=96&d=mm&r=g","caption":"Carla Antinori"},"url":"https:\/\/gentedebasquet.com.ar\/sitio\/author\/carla-antinori\/"}]}},"_links":{"self":[{"href":"https:\/\/gentedebasquet.com.ar\/sitio\/wp-json\/wp\/v2\/posts\/85620","targetHints":{"allow":["GET"]}}],"collection":[{"href":"https:\/\/gentedebasquet.com.ar\/sitio\/wp-json\/wp\/v2\/posts"}],"about":[{"href":"https:\/\/gentedebasquet.com.ar\/sitio\/wp-json\/wp\/v2\/types\/post"}],"author":[{"embeddable":true,"href":"https:\/\/gentedebasquet.com.ar\/sitio\/wp-json\/wp\/v2\/users\/59"}],"replies":[{"embeddable":true,"href":"https:\/\/gentedebasquet.com.ar\/sitio\/wp-json\/wp\/v2\/comments?post=85620"}],"version-history":[{"count":0,"href":"https:\/\/gentedebasquet.com.ar\/sitio\/wp-json\/wp\/v2\/posts\/85620\/revisions"}],"wp:featuredmedia":[{"embeddable":true,"href":"https:\/\/gentedebasquet.com.ar\/sitio\/wp-json\/wp\/v2\/media\/85615"}],"wp:attachment":[{"href":"https:\/\/gentedebasquet.com.ar\/sitio\/wp-json\/wp\/v2\/media?parent=85620"}],"wp:term":[{"taxonomy":"category","embeddable":true,"href":"https:\/\/gentedebasquet.com.ar\/sitio\/wp-json\/wp\/v2\/categories?post=85620"},{"taxonomy":"post_tag","embeddable":true,"href":"https:\/\/gentedebasquet.com.ar\/sitio\/wp-json\/wp\/v2\/tags?post=85620"}],"curies":[{"name":"wp","href":"https:\/\/api.w.org\/{rel}","templated":true}]}}