{"id":85674,"date":"2018-07-13T23:30:40","date_gmt":"2018-07-14T02:30:40","guid":{"rendered":"http:\/\/www.gentedebasquet.com.ar\/?p=85674"},"modified":"2018-07-13T23:30:40","modified_gmt":"2018-07-14T02:30:40","slug":"la-ilusion-que-me-condena-3","status":"publish","type":"post","link":"https:\/\/gentedebasquet.com.ar\/sitio\/2018\/07\/13\/la-ilusion-que-me-condena-3\/","title":{"rendered":"La ilusi\u00f3n que me condena"},"content":{"rendered":"<p><b>El Nacional y Estrella volvieron a disputar una final y el celeste se adjudic\u00f3 el primer torneo del a\u00f1o, tras vencer al auriazul por 55 a 40. La noche tuvo bajo goleo, con un magro 29% en tiros de cancha para el local y 35% para el visitante. Las del Albizu sacaron diferencias en el inicio para luego controlar y\u00a0 dejar sin lugar para que las dirigidas por Luciano Deminicis puedan desplegar su juego.<\/b><\/p>\n<p><b>El ganador tuvo en Nadia Vrizz la figura con 18 unidades y 14 recobres, escoltada por Aldana Chcair con 12 puntos y 7 rebotes. Las due\u00f1as de casa, contaron con las buenas actuaciones de Ana Liz Carcas con 11 unidades (6-8 en libres), Guillermina Rial &#8211; ingresando desde el banco- con 11 puntos (3-6 en triples) y Mariannella Pye (10 pts + 10 rebs).\u00a0<\/b><\/p>\n<p><span style=\"font-weight: 400;\">La noche la inici\u00f3 con un doble de Nadia Vrizz (9m01) seguido de una conversi\u00f3n de Valentina Pel\u00e1ez, los primeros minutos muy re\u00f1idos. El periodo continu\u00f3 con baja efectividad en tiros de cancha para ambos conjuntos, aunque el celeste de la mano de Vrizz (8) y Chcair (4) le encontraron la vuelta, y comenzaron a sumar en el marcador. El local que, desconcentrado por momentos y por otros, poco acertados, se apoy\u00f3 en el buen arranque de Ana Liz Carcas (4-6 en libres).<\/span><\/p>\n<p><img decoding=\"async\" class=\"size-full wp-image-85681 alignright\" src=\"http:\/\/www.gentedebasquet.com.ar\/wp-content\/uploads\/2018\/07\/Estrella-El-Nacional-2.jpg\" alt=\"\" width=\"400\" height=\"270\" srcset=\"https:\/\/gentedebasquet.com.ar\/sitio\/wp-content\/uploads\/2018\/07\/Estrella-El-Nacional-2.jpg 400w, https:\/\/gentedebasquet.com.ar\/sitio\/wp-content\/uploads\/2018\/07\/Estrella-El-Nacional-2-300x203.jpg 300w\" sizes=\"(max-width: 400px) 100vw, 400px\" \/><\/p>\n<p><span style=\"font-weight: 400;\">El 2C fue sumamente parejo, peleado, con una diferencia m\u00e1xima de 22-10 restando 8m19 tras un triple de Luciana Ortiz. De esta manera, las dirigidas por Albizu establec\u00edan un amplio margen sobre el local. Por otra parte, el ingreso desde el banco de Maria Marcocci (4) junto al buen trabajo de Mariannella Pye (6) le daban vida a las del barrio San Martin. Con dos conversiones consecutivas de Paulina Lazar (4), estir\u00f3 la ventaja con un parcial de 29-20 finalizando el primer tiempo.<\/span><\/p>\n<p><span style=\"font-weight: 400;\">La vuelta de los vestuarios no tuvo cambios rotundos. El 3C arranc\u00f3 con un triple de Aldana Rodr\u00edguez junto a un buen tramo de Aldana Chcair (4). Un triple de Guillermina Rial destrabo el juego, y reabrio el aro. Restando segundos para finalizar el cuarto, dos conversiones en tiros libres de Carcas finaliz\u00f3 39 a 30 a favor del equipo visitante.<\/span><\/p>\n<p><span style=\"font-weight: 400;\">El 4C fue igual de re\u00f1ido que todo el encuentro, aunque la protagonista principal fue Vrizz convirtiendo 10 de sus 18 puntos finales, jugadora clave en el triunfo de El Nacional. Con apariciones de Rial (2-2 en triples) y Carcas (1-2 en triples), Estrella de alguna manera sali\u00f3 a buscar el partido para quedarse con el triunfo que les dar\u00eda una tercer chance, aunque la fortaleza visitante ser\u00eda la gran dominante de la noche.<\/span><\/p>\n<blockquote><p><span style=\"font-weight: 400;\">Nunca nos imaginamos llegar a la final, ganarle y ser invictas en el torneo. La verdad que todos los partidos son dif\u00edciles, hoy fue un partido bastante duro pero pudimos ganar. Fue un partido muy parejo, mucho roce se noto muy fuerte pero creo que los dos equipos estaban concentrados en la cabeza y eso tambi\u00e9n lo hizo mas dif\u00edcil. (Nadia Vrizz, El Nacional)<\/span><\/p><\/blockquote>\n<p>&nbsp;<\/p>\n<p>[youtube]https:\/\/youtu.be\/NrFfLF3a1ss[\/youtube]<\/p>\n<p>&nbsp;<\/p>\n<p><b>S\u00edntesis<\/b><span style=\"font-weight: 400;\"> | Primera Femenino \u2013 Primer Tramo \u2013 Finales \u2013 Juego #2 (+3)<\/span><span style=\"font-weight: 400;\"><br \/>\n<\/span><span style=\"font-weight: 400;\"><br \/>\n<\/span><b>Estrella 40: <\/b><span style=\"font-weight: 400;\">Ana Liz Carcas 11, Valentina Pelaez 2, Agustina Rodriguez 0, Marianella Leal 2, Mariannella Pye 10 (FI); Nerina Franco 0, Guillermina Rial 11, Mar\u00eda Marcocci 4 y Noelia Gil 0. DT: Luciano Deminicis.<\/span><\/p>\n<p><b>El Nacional 55: <\/b><span style=\"font-weight: 400;\">Luciana Ort\u00edz 3, Josefina Calvento 7, Nadia Vrizz 18, Mar\u00eda Bel\u00e9n Tombesi 4, Aldana Chcair 12 (x) (FI); Paulina Lazar 6, Aldana Rodr\u00edguez 4 y Roc\u00edo Conti 1. DT: Viviana Albizu.<\/span><span style=\"font-weight: 400;\"><br \/>\n<\/span><span style=\"font-weight: 400;\"><br \/>\n<\/span><b>Parciales<\/b><span style=\"font-weight: 400;\">: 8-17, 20-29 (12-12), 30-39 (10-10) y 40-55 (10-16).<\/span><span style=\"font-weight: 400;\"><br \/>\n<\/span><span style=\"font-weight: 400;\"><br \/>\n<\/span><b>\u00c1rbitros<\/b><span style=\"font-weight: 400;\">: Ludmila Munz &#8211; Juan Gabriel Jaramillo &#8211; Nicolas Larrasolo.<\/span><span style=\"font-weight: 400;\"><br \/>\n<\/span><span style=\"font-weight: 400;\"><br \/>\n<\/span><b>Estadio<\/b><span style=\"font-weight: 400;\">: Luis Alvarez (Estrella).<\/span><span style=\"font-weight: 400;\"><br \/>\n<\/span><span style=\"font-weight: 400;\"><br \/>\n<\/span><b>Serie<\/b><span style=\"font-weight: 400;\">: El Nacional, 2-0.<\/span><\/p>\n<p><a href=\"https:\/\/docs.google.com\/spreadsheets\/d\/e\/2PACX-1vTGTrvmiGZt9L_vo_z039VsEizDOmXv3_RqGjp8g1R3eGYTll_PTsSgdgAZuND2uwmz73rzdLgz0Ape\/pubhtml\" target=\"_blank\" rel=\"noopener\">Ver planilla<\/a><\/p>\n<p><strong>Fotos y\u00a0<\/strong><b>v\u00eddeo<\/b>: Mart\u00edn Galvez.<\/p>\n","protected":false},"excerpt":{"rendered":"<p>El Nacional derrot\u00f3 a Estrella 55 a 40 y obtuvo el primer torneo del a\u00f1o <\/p>\n","protected":false},"author":59,"featured_media":85682,"comment_status":"closed","ping_status":"open","sticky":false,"template":"","format":"standard","meta":{"jnews-multi-image_gallery":[],"jnews_single_post":[],"jnews_primary_category":[],"footnotes":""},"categories":[33,101],"tags":[1619,593,9,10,176,821],"class_list":["post-85674","post","type-post","status-publish","format-standard","has-post-thumbnail","hentry","category-femenino","category-slide","tag-aldana-chcair","tag-ana-liz-carcas","tag-el-nacional","tag-estrella","tag-guillermina-rial","tag-nadia-vrizz"],"yoast_head":"<!-- This site is optimized with the Yoast SEO plugin v27.4 - https:\/\/yoast.com\/product\/yoast-seo-wordpress\/ -->\n<title>La ilusi\u00f3n que me condena - Gente de B\u00e1squet<\/title>\n<meta name=\"robots\" content=\"index, follow, max-snippet:-1, max-image-preview:large, max-video-preview:-1\" \/>\n<link rel=\"canonical\" href=\"https:\/\/gentedebasquet.com.ar\/sitio\/2018\/07\/13\/la-ilusion-que-me-condena-3\/\" \/>\n<meta property=\"og:locale\" content=\"es_ES\" \/>\n<meta property=\"og:type\" content=\"article\" \/>\n<meta property=\"og:title\" content=\"La ilusi\u00f3n que me condena - Gente de B\u00e1squet\" \/>\n<meta property=\"og:description\" content=\"El Nacional derrot\u00f3 a Estrella 55 a 40 y obtuvo el primer torneo del a\u00f1o\" \/>\n<meta property=\"og:url\" content=\"https:\/\/gentedebasquet.com.ar\/sitio\/2018\/07\/13\/la-ilusion-que-me-condena-3\/\" \/>\n<meta property=\"og:site_name\" content=\"Gente de B\u00e1squet\" \/>\n<meta property=\"article:published_time\" content=\"2018-07-14T02:30:40+00:00\" \/>\n<meta property=\"og:image\" content=\"https:\/\/gentedebasquet.com.ar\/sitio\/wp-content\/uploads\/2018\/07\/Slide-Estrella-El-Nacional.jpg\" \/>\n\t<meta property=\"og:image:width\" content=\"690\" \/>\n\t<meta property=\"og:image:height\" content=\"319\" \/>\n\t<meta property=\"og:image:type\" content=\"image\/jpeg\" \/>\n<meta name=\"author\" content=\"Carla Antinori\" \/>\n<meta name=\"twitter:card\" content=\"summary_large_image\" \/>\n<meta name=\"twitter:label1\" content=\"Escrito por\" \/>\n\t<meta name=\"twitter:data1\" content=\"Carla Antinori\" \/>\n\t<meta name=\"twitter:label2\" content=\"Tiempo de lectura\" \/>\n\t<meta name=\"twitter:data2\" content=\"3 minutos\" \/>\n<script type=\"application\/ld+json\" class=\"yoast-schema-graph\">{\"@context\":\"https:\\\/\\\/schema.org\",\"@graph\":[{\"@type\":\"Article\",\"@id\":\"https:\\\/\\\/gentedebasquet.com.ar\\\/sitio\\\/2018\\\/07\\\/13\\\/la-ilusion-que-me-condena-3\\\/#article\",\"isPartOf\":{\"@id\":\"https:\\\/\\\/gentedebasquet.com.ar\\\/sitio\\\/2018\\\/07\\\/13\\\/la-ilusion-que-me-condena-3\\\/\"},\"author\":{\"name\":\"Carla Antinori\",\"@id\":\"http:\\\/\\\/gentedebasquet.com.ar\\\/sitio\\\/#\\\/schema\\\/person\\\/a91a90e511a745a1ef1179ba4e1acee1\"},\"headline\":\"La ilusi\u00f3n que me condena\",\"datePublished\":\"2018-07-14T02:30:40+00:00\",\"mainEntityOfPage\":{\"@id\":\"https:\\\/\\\/gentedebasquet.com.ar\\\/sitio\\\/2018\\\/07\\\/13\\\/la-ilusion-que-me-condena-3\\\/\"},\"wordCount\":610,\"image\":{\"@id\":\"https:\\\/\\\/gentedebasquet.com.ar\\\/sitio\\\/2018\\\/07\\\/13\\\/la-ilusion-que-me-condena-3\\\/#primaryimage\"},\"thumbnailUrl\":\"https:\\\/\\\/gentedebasquet.com.ar\\\/sitio\\\/wp-content\\\/uploads\\\/2018\\\/07\\\/Slide-Estrella-El-Nacional.jpg\",\"keywords\":[\"Aldana Chcair\",\"Ana Liz Carcas\",\"El Nacional\",\"Estrella\",\"guillermina rial\",\"Nadia Vrizz\"],\"articleSection\":[\"Femenino\",\"Slide\"],\"inLanguage\":\"es\"},{\"@type\":\"WebPage\",\"@id\":\"https:\\\/\\\/gentedebasquet.com.ar\\\/sitio\\\/2018\\\/07\\\/13\\\/la-ilusion-que-me-condena-3\\\/\",\"url\":\"https:\\\/\\\/gentedebasquet.com.ar\\\/sitio\\\/2018\\\/07\\\/13\\\/la-ilusion-que-me-condena-3\\\/\",\"name\":\"La ilusi\u00f3n que me condena - Gente de B\u00e1squet\",\"isPartOf\":{\"@id\":\"http:\\\/\\\/gentedebasquet.com.ar\\\/sitio\\\/#website\"},\"primaryImageOfPage\":{\"@id\":\"https:\\\/\\\/gentedebasquet.com.ar\\\/sitio\\\/2018\\\/07\\\/13\\\/la-ilusion-que-me-condena-3\\\/#primaryimage\"},\"image\":{\"@id\":\"https:\\\/\\\/gentedebasquet.com.ar\\\/sitio\\\/2018\\\/07\\\/13\\\/la-ilusion-que-me-condena-3\\\/#primaryimage\"},\"thumbnailUrl\":\"https:\\\/\\\/gentedebasquet.com.ar\\\/sitio\\\/wp-content\\\/uploads\\\/2018\\\/07\\\/Slide-Estrella-El-Nacional.jpg\",\"datePublished\":\"2018-07-14T02:30:40+00:00\",\"author\":{\"@id\":\"http:\\\/\\\/gentedebasquet.com.ar\\\/sitio\\\/#\\\/schema\\\/person\\\/a91a90e511a745a1ef1179ba4e1acee1\"},\"breadcrumb\":{\"@id\":\"https:\\\/\\\/gentedebasquet.com.ar\\\/sitio\\\/2018\\\/07\\\/13\\\/la-ilusion-que-me-condena-3\\\/#breadcrumb\"},\"inLanguage\":\"es\",\"potentialAction\":[{\"@type\":\"ReadAction\",\"target\":[\"https:\\\/\\\/gentedebasquet.com.ar\\\/sitio\\\/2018\\\/07\\\/13\\\/la-ilusion-que-me-condena-3\\\/\"]}]},{\"@type\":\"ImageObject\",\"inLanguage\":\"es\",\"@id\":\"https:\\\/\\\/gentedebasquet.com.ar\\\/sitio\\\/2018\\\/07\\\/13\\\/la-ilusion-que-me-condena-3\\\/#primaryimage\",\"url\":\"https:\\\/\\\/gentedebasquet.com.ar\\\/sitio\\\/wp-content\\\/uploads\\\/2018\\\/07\\\/Slide-Estrella-El-Nacional.jpg\",\"contentUrl\":\"https:\\\/\\\/gentedebasquet.com.ar\\\/sitio\\\/wp-content\\\/uploads\\\/2018\\\/07\\\/Slide-Estrella-El-Nacional.jpg\",\"width\":690,\"height\":319},{\"@type\":\"BreadcrumbList\",\"@id\":\"https:\\\/\\\/gentedebasquet.com.ar\\\/sitio\\\/2018\\\/07\\\/13\\\/la-ilusion-que-me-condena-3\\\/#breadcrumb\",\"itemListElement\":[{\"@type\":\"ListItem\",\"position\":1,\"name\":\"Portada\",\"item\":\"http:\\\/\\\/gentedebasquet.com.ar\\\/sitio\\\/\"},{\"@type\":\"ListItem\",\"position\":2,\"name\":\"La ilusi\u00f3n que me condena\"}]},{\"@type\":\"WebSite\",\"@id\":\"http:\\\/\\\/gentedebasquet.com.ar\\\/sitio\\\/#website\",\"url\":\"http:\\\/\\\/gentedebasquet.com.ar\\\/sitio\\\/\",\"name\":\"Gente de B\u00e1squet\",\"description\":\"La revista del basquet de Bah\u00eda Blanca\",\"potentialAction\":[{\"@type\":\"SearchAction\",\"target\":{\"@type\":\"EntryPoint\",\"urlTemplate\":\"http:\\\/\\\/gentedebasquet.com.ar\\\/sitio\\\/?s={search_term_string}\"},\"query-input\":{\"@type\":\"PropertyValueSpecification\",\"valueRequired\":true,\"valueName\":\"search_term_string\"}}],\"inLanguage\":\"es\"},{\"@type\":\"Person\",\"@id\":\"http:\\\/\\\/gentedebasquet.com.ar\\\/sitio\\\/#\\\/schema\\\/person\\\/a91a90e511a745a1ef1179ba4e1acee1\",\"name\":\"Carla Antinori\",\"image\":{\"@type\":\"ImageObject\",\"inLanguage\":\"es\",\"@id\":\"https:\\\/\\\/secure.gravatar.com\\\/avatar\\\/efb47e3aec7baecdac94a42ed5b65695d318d84514de7943630d90e9fec50d69?s=96&d=mm&r=g\",\"url\":\"https:\\\/\\\/secure.gravatar.com\\\/avatar\\\/efb47e3aec7baecdac94a42ed5b65695d318d84514de7943630d90e9fec50d69?s=96&d=mm&r=g\",\"contentUrl\":\"https:\\\/\\\/secure.gravatar.com\\\/avatar\\\/efb47e3aec7baecdac94a42ed5b65695d318d84514de7943630d90e9fec50d69?s=96&d=mm&r=g\",\"caption\":\"Carla Antinori\"},\"url\":\"https:\\\/\\\/gentedebasquet.com.ar\\\/sitio\\\/author\\\/carla-antinori\\\/\"}]}<\/script>\n<!-- \/ Yoast SEO plugin. -->","yoast_head_json":{"title":"La ilusi\u00f3n que me condena - Gente de B\u00e1squet","robots":{"index":"index","follow":"follow","max-snippet":"max-snippet:-1","max-image-preview":"max-image-preview:large","max-video-preview":"max-video-preview:-1"},"canonical":"https:\/\/gentedebasquet.com.ar\/sitio\/2018\/07\/13\/la-ilusion-que-me-condena-3\/","og_locale":"es_ES","og_type":"article","og_title":"La ilusi\u00f3n que me condena - Gente de B\u00e1squet","og_description":"El Nacional derrot\u00f3 a Estrella 55 a 40 y obtuvo el primer torneo del a\u00f1o","og_url":"https:\/\/gentedebasquet.com.ar\/sitio\/2018\/07\/13\/la-ilusion-que-me-condena-3\/","og_site_name":"Gente de B\u00e1squet","article_published_time":"2018-07-14T02:30:40+00:00","og_image":[{"width":690,"height":319,"url":"https:\/\/gentedebasquet.com.ar\/sitio\/wp-content\/uploads\/2018\/07\/Slide-Estrella-El-Nacional.jpg","type":"image\/jpeg"}],"author":"Carla Antinori","twitter_card":"summary_large_image","twitter_misc":{"Escrito por":"Carla Antinori","Tiempo de lectura":"3 minutos"},"schema":{"@context":"https:\/\/schema.org","@graph":[{"@type":"Article","@id":"https:\/\/gentedebasquet.com.ar\/sitio\/2018\/07\/13\/la-ilusion-que-me-condena-3\/#article","isPartOf":{"@id":"https:\/\/gentedebasquet.com.ar\/sitio\/2018\/07\/13\/la-ilusion-que-me-condena-3\/"},"author":{"name":"Carla Antinori","@id":"http:\/\/gentedebasquet.com.ar\/sitio\/#\/schema\/person\/a91a90e511a745a1ef1179ba4e1acee1"},"headline":"La ilusi\u00f3n que me condena","datePublished":"2018-07-14T02:30:40+00:00","mainEntityOfPage":{"@id":"https:\/\/gentedebasquet.com.ar\/sitio\/2018\/07\/13\/la-ilusion-que-me-condena-3\/"},"wordCount":610,"image":{"@id":"https:\/\/gentedebasquet.com.ar\/sitio\/2018\/07\/13\/la-ilusion-que-me-condena-3\/#primaryimage"},"thumbnailUrl":"https:\/\/gentedebasquet.com.ar\/sitio\/wp-content\/uploads\/2018\/07\/Slide-Estrella-El-Nacional.jpg","keywords":["Aldana Chcair","Ana Liz Carcas","El Nacional","Estrella","guillermina rial","Nadia Vrizz"],"articleSection":["Femenino","Slide"],"inLanguage":"es"},{"@type":"WebPage","@id":"https:\/\/gentedebasquet.com.ar\/sitio\/2018\/07\/13\/la-ilusion-que-me-condena-3\/","url":"https:\/\/gentedebasquet.com.ar\/sitio\/2018\/07\/13\/la-ilusion-que-me-condena-3\/","name":"La ilusi\u00f3n que me condena - Gente de B\u00e1squet","isPartOf":{"@id":"http:\/\/gentedebasquet.com.ar\/sitio\/#website"},"primaryImageOfPage":{"@id":"https:\/\/gentedebasquet.com.ar\/sitio\/2018\/07\/13\/la-ilusion-que-me-condena-3\/#primaryimage"},"image":{"@id":"https:\/\/gentedebasquet.com.ar\/sitio\/2018\/07\/13\/la-ilusion-que-me-condena-3\/#primaryimage"},"thumbnailUrl":"https:\/\/gentedebasquet.com.ar\/sitio\/wp-content\/uploads\/2018\/07\/Slide-Estrella-El-Nacional.jpg","datePublished":"2018-07-14T02:30:40+00:00","author":{"@id":"http:\/\/gentedebasquet.com.ar\/sitio\/#\/schema\/person\/a91a90e511a745a1ef1179ba4e1acee1"},"breadcrumb":{"@id":"https:\/\/gentedebasquet.com.ar\/sitio\/2018\/07\/13\/la-ilusion-que-me-condena-3\/#breadcrumb"},"inLanguage":"es","potentialAction":[{"@type":"ReadAction","target":["https:\/\/gentedebasquet.com.ar\/sitio\/2018\/07\/13\/la-ilusion-que-me-condena-3\/"]}]},{"@type":"ImageObject","inLanguage":"es","@id":"https:\/\/gentedebasquet.com.ar\/sitio\/2018\/07\/13\/la-ilusion-que-me-condena-3\/#primaryimage","url":"https:\/\/gentedebasquet.com.ar\/sitio\/wp-content\/uploads\/2018\/07\/Slide-Estrella-El-Nacional.jpg","contentUrl":"https:\/\/gentedebasquet.com.ar\/sitio\/wp-content\/uploads\/2018\/07\/Slide-Estrella-El-Nacional.jpg","width":690,"height":319},{"@type":"BreadcrumbList","@id":"https:\/\/gentedebasquet.com.ar\/sitio\/2018\/07\/13\/la-ilusion-que-me-condena-3\/#breadcrumb","itemListElement":[{"@type":"ListItem","position":1,"name":"Portada","item":"http:\/\/gentedebasquet.com.ar\/sitio\/"},{"@type":"ListItem","position":2,"name":"La ilusi\u00f3n que me condena"}]},{"@type":"WebSite","@id":"http:\/\/gentedebasquet.com.ar\/sitio\/#website","url":"http:\/\/gentedebasquet.com.ar\/sitio\/","name":"Gente de B\u00e1squet","description":"La revista del basquet de Bah\u00eda Blanca","potentialAction":[{"@type":"SearchAction","target":{"@type":"EntryPoint","urlTemplate":"http:\/\/gentedebasquet.com.ar\/sitio\/?s={search_term_string}"},"query-input":{"@type":"PropertyValueSpecification","valueRequired":true,"valueName":"search_term_string"}}],"inLanguage":"es"},{"@type":"Person","@id":"http:\/\/gentedebasquet.com.ar\/sitio\/#\/schema\/person\/a91a90e511a745a1ef1179ba4e1acee1","name":"Carla Antinori","image":{"@type":"ImageObject","inLanguage":"es","@id":"https:\/\/secure.gravatar.com\/avatar\/efb47e3aec7baecdac94a42ed5b65695d318d84514de7943630d90e9fec50d69?s=96&d=mm&r=g","url":"https:\/\/secure.gravatar.com\/avatar\/efb47e3aec7baecdac94a42ed5b65695d318d84514de7943630d90e9fec50d69?s=96&d=mm&r=g","contentUrl":"https:\/\/secure.gravatar.com\/avatar\/efb47e3aec7baecdac94a42ed5b65695d318d84514de7943630d90e9fec50d69?s=96&d=mm&r=g","caption":"Carla Antinori"},"url":"https:\/\/gentedebasquet.com.ar\/sitio\/author\/carla-antinori\/"}]}},"_links":{"self":[{"href":"https:\/\/gentedebasquet.com.ar\/sitio\/wp-json\/wp\/v2\/posts\/85674","targetHints":{"allow":["GET"]}}],"collection":[{"href":"https:\/\/gentedebasquet.com.ar\/sitio\/wp-json\/wp\/v2\/posts"}],"about":[{"href":"https:\/\/gentedebasquet.com.ar\/sitio\/wp-json\/wp\/v2\/types\/post"}],"author":[{"embeddable":true,"href":"https:\/\/gentedebasquet.com.ar\/sitio\/wp-json\/wp\/v2\/users\/59"}],"replies":[{"embeddable":true,"href":"https:\/\/gentedebasquet.com.ar\/sitio\/wp-json\/wp\/v2\/comments?post=85674"}],"version-history":[{"count":0,"href":"https:\/\/gentedebasquet.com.ar\/sitio\/wp-json\/wp\/v2\/posts\/85674\/revisions"}],"wp:featuredmedia":[{"embeddable":true,"href":"https:\/\/gentedebasquet.com.ar\/sitio\/wp-json\/wp\/v2\/media\/85682"}],"wp:attachment":[{"href":"https:\/\/gentedebasquet.com.ar\/sitio\/wp-json\/wp\/v2\/media?parent=85674"}],"wp:term":[{"taxonomy":"category","embeddable":true,"href":"https:\/\/gentedebasquet.com.ar\/sitio\/wp-json\/wp\/v2\/categories?post=85674"},{"taxonomy":"post_tag","embeddable":true,"href":"https:\/\/gentedebasquet.com.ar\/sitio\/wp-json\/wp\/v2\/tags?post=85674"}],"curies":[{"name":"wp","href":"https:\/\/api.w.org\/{rel}","templated":true}]}}