{"id":85790,"date":"2018-07-21T18:17:36","date_gmt":"2018-07-21T21:17:36","guid":{"rendered":"http:\/\/www.gentedebasquet.com.ar\/?p=85790"},"modified":"2018-07-21T18:17:36","modified_gmt":"2018-07-21T21:17:36","slug":"ott-y-rossi-sumaron-experiencia","status":"publish","type":"post","link":"https:\/\/gentedebasquet.com.ar\/sitio\/2018\/07\/21\/ott-y-rossi-sumaron-experiencia\/","title":{"rendered":"Ott y Rossi sumaron experiencia"},"content":{"rendered":"<p><strong>Luego de haber participado en el TBF U16, a comienzos de a\u00f1o, la Preselecci\u00f3n Nacional U16 masculina volvi\u00f3 a reunirse en San Jorge y Santa Fe, y disput\u00f3 el certamen amistoso Basketland Junior Cup, en el que cosech\u00f3 cuatro victorias y una derrota.<\/strong><\/p>\n<p><b>Integraron el plantel nacional los jugadores Pedro Rossi y Bautista Ott, ambos de\u00a0Bahiense del Norte.<\/b><\/p>\n<p><strong>Tambi\u00e9n fue citado Facundo Tolosa, base que pertenece a Bah\u00eda Basket y que se desempe\u00f1a actualmente en Pac\u00edfico.<\/strong><\/p>\n<p>Los chicos de la categor\u00eda U16 volvieron al trabajo, luego de haber participado en el <a href=\"http:\/\/www.gentedebasquet.com.ar\/que-la-derrota-no-tape-el-bosque\/\" target=\"_blank\" rel=\"noopener\">importante certamen TBF U16 International Tournament en Turqu\u00eda<\/a> a principios de a\u00f1o. En aquel campeonato, que cont\u00f3 con la participaci\u00f3n de varias selecciones de primer nivel internacional, Argentina realiz\u00f3 una excelente tarea alcanzando las semifinales.<\/p>\n<p><img decoding=\"async\" class=\"wp-image-85798 alignright\" src=\"http:\/\/www.gentedebasquet.com.ar\/wp-content\/uploads\/2018\/07\/Rossi.jpg\" alt=\"\" width=\"400\" height=\"295\" srcset=\"https:\/\/gentedebasquet.com.ar\/sitio\/wp-content\/uploads\/2018\/07\/Rossi.jpg 1201w, https:\/\/gentedebasquet.com.ar\/sitio\/wp-content\/uploads\/2018\/07\/Rossi-300x221.jpg 300w, https:\/\/gentedebasquet.com.ar\/sitio\/wp-content\/uploads\/2018\/07\/Rossi-1024x755.jpg 1024w, https:\/\/gentedebasquet.com.ar\/sitio\/wp-content\/uploads\/2018\/07\/Rossi-768x566.jpg 768w\" sizes=\"(max-width: 400px) 100vw, 400px\" \/><\/p>\n<p>Esta vez, la Preselecci\u00f3n Nacional U16 concent\u00f3 entre el 15 y el 21 de julio en dos etapas. Primero, del 15 al 19 en San Jorge y luego del 19 al 21 en Santa Fe. El equipo fue conducido por Daniel Farabello, quien estuvo acompa\u00f1ado por Juan Manuel Gattone, como asistente t\u00e9cnico, y por Claudio Frattoni como preparador f\u00edsico.<\/p>\n<p>Los U16 no se est\u00e1n preparando para ninguna competici\u00f3n oficial. Vale recordar que esta categor\u00eda tendr\u00e1 su primer campeonato formal FIBA reci\u00e9n el a\u00f1o que viene cuando participe del Sudamericano U17 2019.<\/p>\n<p>Por lo pronto, se aprovech\u00f3 esta concentraci\u00f3n para tener rodaje en el Basketland Junior Cup, con los siguientes resultados:<\/p>\n<p>Argentina U16 71-78 Pro Basket Paran\u00e1<br \/>\nArgentina U16 80-48 Gimnasia (Mendoza)<br \/>\nArgentina U16 76-45 Estudiantes (Olavarr\u00eda)<br \/>\nArgentina U16 72-70 Asociaci\u00f3n Santafesina<br \/>\nArgentina U16 76-56 Federaci\u00f3n de San Juan<\/p>\n<h5 style=\"text-align: center;\"><strong>PRESELECCI\u00d3N NACIONAL U16<\/strong><\/h5>\n<p><img decoding=\"async\" class=\"aligncenter size-full wp-image-85796\" src=\"http:\/\/www.gentedebasquet.com.ar\/wp-content\/uploads\/2018\/07\/Argentina-U16-2018.jpg\" alt=\"\" width=\"640\" height=\"426\" srcset=\"https:\/\/gentedebasquet.com.ar\/sitio\/wp-content\/uploads\/2018\/07\/Argentina-U16-2018.jpg 640w, https:\/\/gentedebasquet.com.ar\/sitio\/wp-content\/uploads\/2018\/07\/Argentina-U16-2018-300x200.jpg 300w\" sizes=\"(max-width: 640px) 100vw, 640px\" \/><\/p>\n<p style=\"text-align: center;\">Tom\u00e1s Allende \u2013 Quimsa de Santiago del Estero<br \/>\nFrancisco Arraiz \u2013 Quilmes de Mar del Plata<br \/>\nLuca Chiapella \u2013 Central Argentino de R\u00edo Cuarto<br \/>\nNicol\u00e1s Fiorio \u2013 Club Somisa de San Nicol\u00e1s<br \/>\nFabio Gauto \u2013 Regatas de Corrientes<br \/>\nBruno Giaccone \u2013 Estudiantes de Concordia<br \/>\nAlejo Maggi \u2013 Villa Mitre<br \/>\nMiguel Olivieri \u2013 Independiente de Tandil<br \/>\n<strong>Bautista Ott Cywarlie \u2013 Bahiense del Norte<\/strong><br \/>\nAlejo Paoloni \u2013 Boca Juniors<br \/>\nMateo P\u00e9rez \u2013 N\u00e1utico Sportivo Avellaneda<br \/>\n<strong>Pedro Rossi \u2013 Bahiense del Norte<\/strong><br \/>\nFacundo Tolosa \u2013 Bah\u00eda Basket<br \/>\nSantiago Venesio \u2013 Unicaja Malaga (Espa\u00f1a)<br \/>\nAlejandro Villa \u2013 Mendoza de Regatas<\/p>\n<p><strong>Fuente:<\/strong> Diego Garc\u00eda (prensa CABB) y Gente de B\u00e1squet.<\/p>\n<p><strong>Fotos:<\/strong> SportMagic.<\/p>\n","protected":false},"excerpt":{"rendered":"<p>Compartieron otra concentraci\u00f3n con Argentina U16 y jugaron cinco amistosos<\/p>\n","protected":false},"author":1,"featured_media":85797,"comment_status":"closed","ping_status":"open","sticky":false,"template":"","format":"standard","meta":{"jnews-multi-image_gallery":[],"jnews_single_post":[],"jnews_primary_category":[],"footnotes":""},"categories":[61,101],"tags":[64,58,5,1607,1270,1608,17,1401,402,1609],"class_list":["post-85790","post","type-post","status-publish","format-standard","has-post-thumbnail","hentry","category-selecciones-nacionales","category-slide","tag-argentina-u16","tag-bahiabasket","tag-bahiense-del-norte","tag-basketland","tag-bautista-ott","tag-facundo-tolosa","tag-pacifico","tag-pedro-rossi","tag-seleccion-argentina","tag-sportmagic"],"yoast_head":"<!-- This site is optimized with the Yoast SEO plugin v27.5 - https:\/\/yoast.com\/product\/yoast-seo-wordpress\/ -->\n<title>Ott y Rossi sumaron experiencia - Gente de B\u00e1squet<\/title>\n<meta name=\"robots\" content=\"index, follow, max-snippet:-1, max-image-preview:large, max-video-preview:-1\" \/>\n<link rel=\"canonical\" href=\"https:\/\/gentedebasquet.com.ar\/sitio\/2018\/07\/21\/ott-y-rossi-sumaron-experiencia\/\" \/>\n<meta property=\"og:locale\" content=\"es_ES\" \/>\n<meta property=\"og:type\" content=\"article\" \/>\n<meta property=\"og:title\" content=\"Ott y Rossi sumaron experiencia - Gente de B\u00e1squet\" \/>\n<meta property=\"og:description\" content=\"Compartieron otra concentraci\u00f3n con Argentina U16 y jugaron cinco amistosos\" \/>\n<meta property=\"og:url\" content=\"https:\/\/gentedebasquet.com.ar\/sitio\/2018\/07\/21\/ott-y-rossi-sumaron-experiencia\/\" \/>\n<meta property=\"og:site_name\" content=\"Gente de B\u00e1squet\" \/>\n<meta property=\"article:published_time\" content=\"2018-07-21T21:17:36+00:00\" \/>\n<meta property=\"og:image\" content=\"https:\/\/gentedebasquet.com.ar\/sitio\/wp-content\/uploads\/2018\/07\/Ott-Argentina-U16.jpg\" \/>\n\t<meta property=\"og:image:width\" content=\"690\" \/>\n\t<meta property=\"og:image:height\" content=\"319\" \/>\n\t<meta property=\"og:image:type\" content=\"image\/jpeg\" \/>\n<meta name=\"author\" content=\"Gente de B\u00e1squet\" \/>\n<meta name=\"twitter:card\" content=\"summary_large_image\" \/>\n<meta name=\"twitter:label1\" content=\"Escrito por\" \/>\n\t<meta name=\"twitter:data1\" content=\"Gente de B\u00e1squet\" \/>\n\t<meta name=\"twitter:label2\" content=\"Tiempo de lectura\" \/>\n\t<meta name=\"twitter:data2\" content=\"2 minutos\" \/>\n<script type=\"application\/ld+json\" class=\"yoast-schema-graph\">{\"@context\":\"https:\\\/\\\/schema.org\",\"@graph\":[{\"@type\":\"Article\",\"@id\":\"https:\\\/\\\/gentedebasquet.com.ar\\\/sitio\\\/2018\\\/07\\\/21\\\/ott-y-rossi-sumaron-experiencia\\\/#article\",\"isPartOf\":{\"@id\":\"https:\\\/\\\/gentedebasquet.com.ar\\\/sitio\\\/2018\\\/07\\\/21\\\/ott-y-rossi-sumaron-experiencia\\\/\"},\"author\":{\"name\":\"Gente de B\u00e1squet\",\"@id\":\"https:\\\/\\\/gentedebasquet.com.ar\\\/sitio\\\/#\\\/schema\\\/person\\\/ca0b63bbb977369988a7bbbdc519943a\"},\"headline\":\"Ott y Rossi sumaron experiencia\",\"datePublished\":\"2018-07-21T21:17:36+00:00\",\"mainEntityOfPage\":{\"@id\":\"https:\\\/\\\/gentedebasquet.com.ar\\\/sitio\\\/2018\\\/07\\\/21\\\/ott-y-rossi-sumaron-experiencia\\\/\"},\"wordCount\":392,\"image\":{\"@id\":\"https:\\\/\\\/gentedebasquet.com.ar\\\/sitio\\\/2018\\\/07\\\/21\\\/ott-y-rossi-sumaron-experiencia\\\/#primaryimage\"},\"thumbnailUrl\":\"https:\\\/\\\/gentedebasquet.com.ar\\\/sitio\\\/wp-content\\\/uploads\\\/2018\\\/07\\\/Ott-Argentina-U16.jpg\",\"keywords\":[\"Argentina U16\",\"Bah\u00eda Basket\",\"Bahiense Del Norte\",\"Basketland\",\"Bautista Ott\",\"Facundo Tolosa\",\"Pacifico\",\"Pedro Rossi\",\"Selecci\u00f3n Argentina\",\"SportMagic\"],\"articleSection\":[\"Selecciones Nacionales\",\"Slide\"],\"inLanguage\":\"es\"},{\"@type\":\"WebPage\",\"@id\":\"https:\\\/\\\/gentedebasquet.com.ar\\\/sitio\\\/2018\\\/07\\\/21\\\/ott-y-rossi-sumaron-experiencia\\\/\",\"url\":\"https:\\\/\\\/gentedebasquet.com.ar\\\/sitio\\\/2018\\\/07\\\/21\\\/ott-y-rossi-sumaron-experiencia\\\/\",\"name\":\"Ott y Rossi sumaron experiencia - Gente de B\u00e1squet\",\"isPartOf\":{\"@id\":\"https:\\\/\\\/gentedebasquet.com.ar\\\/sitio\\\/#website\"},\"primaryImageOfPage\":{\"@id\":\"https:\\\/\\\/gentedebasquet.com.ar\\\/sitio\\\/2018\\\/07\\\/21\\\/ott-y-rossi-sumaron-experiencia\\\/#primaryimage\"},\"image\":{\"@id\":\"https:\\\/\\\/gentedebasquet.com.ar\\\/sitio\\\/2018\\\/07\\\/21\\\/ott-y-rossi-sumaron-experiencia\\\/#primaryimage\"},\"thumbnailUrl\":\"https:\\\/\\\/gentedebasquet.com.ar\\\/sitio\\\/wp-content\\\/uploads\\\/2018\\\/07\\\/Ott-Argentina-U16.jpg\",\"datePublished\":\"2018-07-21T21:17:36+00:00\",\"author\":{\"@id\":\"https:\\\/\\\/gentedebasquet.com.ar\\\/sitio\\\/#\\\/schema\\\/person\\\/ca0b63bbb977369988a7bbbdc519943a\"},\"breadcrumb\":{\"@id\":\"https:\\\/\\\/gentedebasquet.com.ar\\\/sitio\\\/2018\\\/07\\\/21\\\/ott-y-rossi-sumaron-experiencia\\\/#breadcrumb\"},\"inLanguage\":\"es\",\"potentialAction\":[{\"@type\":\"ReadAction\",\"target\":[\"https:\\\/\\\/gentedebasquet.com.ar\\\/sitio\\\/2018\\\/07\\\/21\\\/ott-y-rossi-sumaron-experiencia\\\/\"]}]},{\"@type\":\"ImageObject\",\"inLanguage\":\"es\",\"@id\":\"https:\\\/\\\/gentedebasquet.com.ar\\\/sitio\\\/2018\\\/07\\\/21\\\/ott-y-rossi-sumaron-experiencia\\\/#primaryimage\",\"url\":\"https:\\\/\\\/gentedebasquet.com.ar\\\/sitio\\\/wp-content\\\/uploads\\\/2018\\\/07\\\/Ott-Argentina-U16.jpg\",\"contentUrl\":\"https:\\\/\\\/gentedebasquet.com.ar\\\/sitio\\\/wp-content\\\/uploads\\\/2018\\\/07\\\/Ott-Argentina-U16.jpg\",\"width\":690,\"height\":319},{\"@type\":\"BreadcrumbList\",\"@id\":\"https:\\\/\\\/gentedebasquet.com.ar\\\/sitio\\\/2018\\\/07\\\/21\\\/ott-y-rossi-sumaron-experiencia\\\/#breadcrumb\",\"itemListElement\":[{\"@type\":\"ListItem\",\"position\":1,\"name\":\"Portada\",\"item\":\"https:\\\/\\\/gentedebasquet.com.ar\\\/sitio\\\/\"},{\"@type\":\"ListItem\",\"position\":2,\"name\":\"Ott y Rossi sumaron experiencia\"}]},{\"@type\":\"WebSite\",\"@id\":\"https:\\\/\\\/gentedebasquet.com.ar\\\/sitio\\\/#website\",\"url\":\"https:\\\/\\\/gentedebasquet.com.ar\\\/sitio\\\/\",\"name\":\"Gente de B\u00e1squet\",\"description\":\"La revista del basquet de Bah\u00eda Blanca\",\"potentialAction\":[{\"@type\":\"SearchAction\",\"target\":{\"@type\":\"EntryPoint\",\"urlTemplate\":\"https:\\\/\\\/gentedebasquet.com.ar\\\/sitio\\\/?s={search_term_string}\"},\"query-input\":{\"@type\":\"PropertyValueSpecification\",\"valueRequired\":true,\"valueName\":\"search_term_string\"}}],\"inLanguage\":\"es\"},{\"@type\":\"Person\",\"@id\":\"https:\\\/\\\/gentedebasquet.com.ar\\\/sitio\\\/#\\\/schema\\\/person\\\/ca0b63bbb977369988a7bbbdc519943a\",\"name\":\"Gente de B\u00e1squet\",\"image\":{\"@type\":\"ImageObject\",\"inLanguage\":\"es\",\"@id\":\"https:\\\/\\\/secure.gravatar.com\\\/avatar\\\/7f2c48bdc33b30088f941fb6082e555f2874c98e20cb159d7b92b50eadfce793?s=96&d=mm&r=g\",\"url\":\"https:\\\/\\\/secure.gravatar.com\\\/avatar\\\/7f2c48bdc33b30088f941fb6082e555f2874c98e20cb159d7b92b50eadfce793?s=96&d=mm&r=g\",\"contentUrl\":\"https:\\\/\\\/secure.gravatar.com\\\/avatar\\\/7f2c48bdc33b30088f941fb6082e555f2874c98e20cb159d7b92b50eadfce793?s=96&d=mm&r=g\",\"caption\":\"Gente de B\u00e1squet\"},\"sameAs\":[\"http:\\\/\\\/gentedebasquet.com.ar\\\/sitio\"],\"url\":\"https:\\\/\\\/gentedebasquet.com.ar\\\/sitio\\\/author\\\/ulises\\\/\"}]}<\/script>\n<!-- \/ Yoast SEO plugin. -->","yoast_head_json":{"title":"Ott y Rossi sumaron experiencia - Gente de B\u00e1squet","robots":{"index":"index","follow":"follow","max-snippet":"max-snippet:-1","max-image-preview":"max-image-preview:large","max-video-preview":"max-video-preview:-1"},"canonical":"https:\/\/gentedebasquet.com.ar\/sitio\/2018\/07\/21\/ott-y-rossi-sumaron-experiencia\/","og_locale":"es_ES","og_type":"article","og_title":"Ott y Rossi sumaron experiencia - Gente de B\u00e1squet","og_description":"Compartieron otra concentraci\u00f3n con Argentina U16 y jugaron cinco amistosos","og_url":"https:\/\/gentedebasquet.com.ar\/sitio\/2018\/07\/21\/ott-y-rossi-sumaron-experiencia\/","og_site_name":"Gente de B\u00e1squet","article_published_time":"2018-07-21T21:17:36+00:00","og_image":[{"width":690,"height":319,"url":"https:\/\/gentedebasquet.com.ar\/sitio\/wp-content\/uploads\/2018\/07\/Ott-Argentina-U16.jpg","type":"image\/jpeg"}],"author":"Gente de B\u00e1squet","twitter_card":"summary_large_image","twitter_misc":{"Escrito por":"Gente de B\u00e1squet","Tiempo de lectura":"2 minutos"},"schema":{"@context":"https:\/\/schema.org","@graph":[{"@type":"Article","@id":"https:\/\/gentedebasquet.com.ar\/sitio\/2018\/07\/21\/ott-y-rossi-sumaron-experiencia\/#article","isPartOf":{"@id":"https:\/\/gentedebasquet.com.ar\/sitio\/2018\/07\/21\/ott-y-rossi-sumaron-experiencia\/"},"author":{"name":"Gente de B\u00e1squet","@id":"https:\/\/gentedebasquet.com.ar\/sitio\/#\/schema\/person\/ca0b63bbb977369988a7bbbdc519943a"},"headline":"Ott y Rossi sumaron experiencia","datePublished":"2018-07-21T21:17:36+00:00","mainEntityOfPage":{"@id":"https:\/\/gentedebasquet.com.ar\/sitio\/2018\/07\/21\/ott-y-rossi-sumaron-experiencia\/"},"wordCount":392,"image":{"@id":"https:\/\/gentedebasquet.com.ar\/sitio\/2018\/07\/21\/ott-y-rossi-sumaron-experiencia\/#primaryimage"},"thumbnailUrl":"https:\/\/gentedebasquet.com.ar\/sitio\/wp-content\/uploads\/2018\/07\/Ott-Argentina-U16.jpg","keywords":["Argentina U16","Bah\u00eda Basket","Bahiense Del Norte","Basketland","Bautista Ott","Facundo Tolosa","Pacifico","Pedro Rossi","Selecci\u00f3n Argentina","SportMagic"],"articleSection":["Selecciones Nacionales","Slide"],"inLanguage":"es"},{"@type":"WebPage","@id":"https:\/\/gentedebasquet.com.ar\/sitio\/2018\/07\/21\/ott-y-rossi-sumaron-experiencia\/","url":"https:\/\/gentedebasquet.com.ar\/sitio\/2018\/07\/21\/ott-y-rossi-sumaron-experiencia\/","name":"Ott y Rossi sumaron experiencia - Gente de B\u00e1squet","isPartOf":{"@id":"https:\/\/gentedebasquet.com.ar\/sitio\/#website"},"primaryImageOfPage":{"@id":"https:\/\/gentedebasquet.com.ar\/sitio\/2018\/07\/21\/ott-y-rossi-sumaron-experiencia\/#primaryimage"},"image":{"@id":"https:\/\/gentedebasquet.com.ar\/sitio\/2018\/07\/21\/ott-y-rossi-sumaron-experiencia\/#primaryimage"},"thumbnailUrl":"https:\/\/gentedebasquet.com.ar\/sitio\/wp-content\/uploads\/2018\/07\/Ott-Argentina-U16.jpg","datePublished":"2018-07-21T21:17:36+00:00","author":{"@id":"https:\/\/gentedebasquet.com.ar\/sitio\/#\/schema\/person\/ca0b63bbb977369988a7bbbdc519943a"},"breadcrumb":{"@id":"https:\/\/gentedebasquet.com.ar\/sitio\/2018\/07\/21\/ott-y-rossi-sumaron-experiencia\/#breadcrumb"},"inLanguage":"es","potentialAction":[{"@type":"ReadAction","target":["https:\/\/gentedebasquet.com.ar\/sitio\/2018\/07\/21\/ott-y-rossi-sumaron-experiencia\/"]}]},{"@type":"ImageObject","inLanguage":"es","@id":"https:\/\/gentedebasquet.com.ar\/sitio\/2018\/07\/21\/ott-y-rossi-sumaron-experiencia\/#primaryimage","url":"https:\/\/gentedebasquet.com.ar\/sitio\/wp-content\/uploads\/2018\/07\/Ott-Argentina-U16.jpg","contentUrl":"https:\/\/gentedebasquet.com.ar\/sitio\/wp-content\/uploads\/2018\/07\/Ott-Argentina-U16.jpg","width":690,"height":319},{"@type":"BreadcrumbList","@id":"https:\/\/gentedebasquet.com.ar\/sitio\/2018\/07\/21\/ott-y-rossi-sumaron-experiencia\/#breadcrumb","itemListElement":[{"@type":"ListItem","position":1,"name":"Portada","item":"https:\/\/gentedebasquet.com.ar\/sitio\/"},{"@type":"ListItem","position":2,"name":"Ott y Rossi sumaron experiencia"}]},{"@type":"WebSite","@id":"https:\/\/gentedebasquet.com.ar\/sitio\/#website","url":"https:\/\/gentedebasquet.com.ar\/sitio\/","name":"Gente de B\u00e1squet","description":"La revista del basquet de Bah\u00eda Blanca","potentialAction":[{"@type":"SearchAction","target":{"@type":"EntryPoint","urlTemplate":"https:\/\/gentedebasquet.com.ar\/sitio\/?s={search_term_string}"},"query-input":{"@type":"PropertyValueSpecification","valueRequired":true,"valueName":"search_term_string"}}],"inLanguage":"es"},{"@type":"Person","@id":"https:\/\/gentedebasquet.com.ar\/sitio\/#\/schema\/person\/ca0b63bbb977369988a7bbbdc519943a","name":"Gente de B\u00e1squet","image":{"@type":"ImageObject","inLanguage":"es","@id":"https:\/\/secure.gravatar.com\/avatar\/7f2c48bdc33b30088f941fb6082e555f2874c98e20cb159d7b92b50eadfce793?s=96&d=mm&r=g","url":"https:\/\/secure.gravatar.com\/avatar\/7f2c48bdc33b30088f941fb6082e555f2874c98e20cb159d7b92b50eadfce793?s=96&d=mm&r=g","contentUrl":"https:\/\/secure.gravatar.com\/avatar\/7f2c48bdc33b30088f941fb6082e555f2874c98e20cb159d7b92b50eadfce793?s=96&d=mm&r=g","caption":"Gente de B\u00e1squet"},"sameAs":["http:\/\/gentedebasquet.com.ar\/sitio"],"url":"https:\/\/gentedebasquet.com.ar\/sitio\/author\/ulises\/"}]}},"_links":{"self":[{"href":"https:\/\/gentedebasquet.com.ar\/sitio\/wp-json\/wp\/v2\/posts\/85790","targetHints":{"allow":["GET"]}}],"collection":[{"href":"https:\/\/gentedebasquet.com.ar\/sitio\/wp-json\/wp\/v2\/posts"}],"about":[{"href":"https:\/\/gentedebasquet.com.ar\/sitio\/wp-json\/wp\/v2\/types\/post"}],"author":[{"embeddable":true,"href":"https:\/\/gentedebasquet.com.ar\/sitio\/wp-json\/wp\/v2\/users\/1"}],"replies":[{"embeddable":true,"href":"https:\/\/gentedebasquet.com.ar\/sitio\/wp-json\/wp\/v2\/comments?post=85790"}],"version-history":[{"count":0,"href":"https:\/\/gentedebasquet.com.ar\/sitio\/wp-json\/wp\/v2\/posts\/85790\/revisions"}],"wp:featuredmedia":[{"embeddable":true,"href":"https:\/\/gentedebasquet.com.ar\/sitio\/wp-json\/wp\/v2\/media\/85797"}],"wp:attachment":[{"href":"https:\/\/gentedebasquet.com.ar\/sitio\/wp-json\/wp\/v2\/media?parent=85790"}],"wp:term":[{"taxonomy":"category","embeddable":true,"href":"https:\/\/gentedebasquet.com.ar\/sitio\/wp-json\/wp\/v2\/categories?post=85790"},{"taxonomy":"post_tag","embeddable":true,"href":"https:\/\/gentedebasquet.com.ar\/sitio\/wp-json\/wp\/v2\/tags?post=85790"}],"curies":[{"name":"wp","href":"https:\/\/api.w.org\/{rel}","templated":true}]}}