{"id":87262,"date":"2018-09-01T12:08:33","date_gmt":"2018-09-01T15:08:33","guid":{"rendered":"http:\/\/www.gentedebasquet.com.ar\/?p=87262"},"modified":"2018-09-01T12:08:33","modified_gmt":"2018-09-01T15:08:33","slug":"gracias-pancho","status":"publish","type":"post","link":"https:\/\/gentedebasquet.com.ar\/sitio\/2018\/09\/01\/gracias-pancho\/","title":{"rendered":"Gracias, Pancho"},"content":{"rendered":"<p><strong>Hern\u00e1n Jasen anunci\u00f3 hoy que se retirar\u00e1 del b\u00e1squetbol profesional despu\u00e9s de 23 a\u00f1os de carrera.<\/strong><\/p>\n<p><strong>\u00abEntregu\u00e9 mi vida al b\u00e1squet con emoci\u00f3n, paciencia y sentimiento desde el primer d\u00eda. no me guard\u00e9 nada. Me puedo retirar tranquilo por haber dado todo lo que ten\u00eda. Ha sido un viaje de 23 a\u00f1os intenso, lenos de emociones, buenas personas, victorias, derrotas y momentos maravillosos. Aprend\u00ed mucho de todo lo que me toc\u00f3 vivir, y ser\u00e1 algo que siempre llevar\u00e9 conmigo\u00bb, expres\u00f3 Pancho.<\/strong><\/p>\n<p>\u201cTermina la carrera de un jugador fant\u00e1stico, y un profesional mejor a\u00fan. Un f\u00edsico privilegiado. Sus a\u00f1os en Europa fueron de un nivel muy alto, siendo el referente m\u00e1ximo de un club hist\u00f3rico de Espa\u00f1a como Estudiantes de Madrid. Jugador de la Generaci\u00f3n Dorada, un alero complet\u00edsimo en todas las facetas del juego.\u00a0Nos conocemos desde chiquitos, de jugar contra su Alem, y en la Selecci\u00f3n de Bah\u00eda, y despu\u00e9s de grandes compartir habitaci\u00f3n en la Selecci\u00f3n; siempre fue Pancho, sumando desde donde le tocaba, con su juego o con su actitud positiva en el vestuario\u00bb, cont\u00f3 Juan Ignacio S\u00e1nchez.<\/p>\n<p><img decoding=\"async\" class=\"size-full wp-image-84212 alignright\" src=\"http:\/\/www.gentedebasquet.com.ar\/wp-content\/uploads\/2018\/06\/Alem-Olimpo-Jasen.jpg\" alt=\"\" width=\"400\" height=\"270\" srcset=\"https:\/\/gentedebasquet.com.ar\/sitio\/wp-content\/uploads\/2018\/06\/Alem-Olimpo-Jasen.jpg 400w, https:\/\/gentedebasquet.com.ar\/sitio\/wp-content\/uploads\/2018\/06\/Alem-Olimpo-Jasen-300x203.jpg 300w\" sizes=\"(max-width: 400px) 100vw, 400px\" \/><\/p>\n<p>Para Bah\u00eda Basket ha sido una pieza fundamental en la construcci\u00f3n de los valores deportivos que hoy est\u00e1n cimentados. Gran parte de esto se lo debemos a Pancho. Para los chicos que tuvo a su alrededor ha sido una especie de gu\u00eda, de maestro, dentro y fuera de la cancha.\u00a0Estuvo en los peores momentos poniendo todo y fue clave en los mejores a\u00f1os. Siempre liderando desde su juego y desde el ejemplo.\u00a0Gracias Pancho, m\u00e1s all\u00e1 de que tu coraz\u00f3n est\u00e1 en Alem, sabes que Bah\u00eda Basket es tu casa\u201d, expres\u00f3 Pepe.<\/p>\n<p>En 5 temporadas disputadas en Bah\u00eda Basket, Jasen jug\u00f3 las Finales de Liga de las Am\u00e9ricas y Liga Sudamericana, y las finales de Conferencia Sur de la Temporada 2016\/17 de Liga Nacional.<\/p>\n<p>Pancho, quien se sum\u00f3 a la organizaci\u00f3n en la temporada 2012\/13, disput\u00f3 167 partidos, promediando 7.7 puntos, 1.6 asistencias, 3.16 rebotes en 9.3 minutos.<\/p>\n<p>Hern\u00e1n Jasen debut\u00f3 profesionalmente en la Liga Nacional, el 6 de octubre de 1995 jugando para Andino de la Rioja y lleg\u00f3 a Estudiantes de Bah\u00eda Blanca en la temporada 96-97, compartiendo plantel, entre otros, con Emanuel y Sebasti\u00e1n Gin\u00f3bili. Jug\u00f3 en el certamen dom\u00e9stico 155 partidos antes de emigrar a Europa.<\/p>\n<p><img decoding=\"async\" class=\"wp-image-49482 alignleft\" src=\"http:\/\/www.gentedebasquet.com.ar\/wp-content\/uploads\/2015\/08\/Bah\u00eda-Basket-17-copia.jpg\" alt=\"\" width=\"440\" height=\"294\" \/><\/p>\n<p>En 12 temporadas, el alero, formado en el club Leandro N. Alem, disput\u00f3 449 partidos en la ACB, defendiendo los colores de Gij\u00f3n Baloncesto, Estudiantes de Madrid \u2013donde se convirti\u00f3 en el jugador insignia del equipo por m\u00e1s de una d\u00e9cada- logrando el subcampeonato de la Liga ACB en la temporada 2003\/04, y cerr\u00f3 su participaci\u00f3n en el b\u00e1squetbol europeo en Banca C\u00edvica (2011-12).<\/p>\n<p>Con la Selecci\u00f3n Argentina, Jasen logr\u00f3 una medalla de oro en el Preol\u00edmpico 2011 disputado en Mar del Plata, una medalla de plata en el Campeonato Sudamericano 1999 y una medalla de oro con la selecci\u00f3n juvenil en el Campeonato Sudamericano de 1996. Adem\u00e1s, particip\u00f3 de los Juego Ol\u00edmpicos de Londres 2012.<\/p>\n<p>La organizaci\u00f3n Bah\u00eda Basket inform\u00f3 que durante la temporada de Liga Nacional preparar\u00e1 un homenaje donde se retirar\u00e1 la camiseta n\u00famero 5.<\/p>\n<p>&nbsp;<\/p>\n<p><img decoding=\"async\" class=\"aligncenter size-full wp-image-87264\" src=\"http:\/\/www.gentedebasquet.com.ar\/wp-content\/uploads\/2018\/09\/WhatsApp-Image-2018-09-01-at-11.22.07.jpeg\" alt=\"\" width=\"650\" height=\"650\" srcset=\"https:\/\/gentedebasquet.com.ar\/sitio\/wp-content\/uploads\/2018\/09\/WhatsApp-Image-2018-09-01-at-11.22.07.jpeg 650w, https:\/\/gentedebasquet.com.ar\/sitio\/wp-content\/uploads\/2018\/09\/WhatsApp-Image-2018-09-01-at-11.22.07-300x300.jpeg 300w, https:\/\/gentedebasquet.com.ar\/sitio\/wp-content\/uploads\/2018\/09\/WhatsApp-Image-2018-09-01-at-11.22.07-150x150.jpeg 150w\" sizes=\"(max-width: 650px) 100vw, 650px\" \/><\/p>\n","protected":false},"excerpt":{"rendered":"<p>Hern\u00e1n Jasen anunci\u00f3 su retiro del b\u00e1squetbol profesional tras 23 a\u00f1os<\/p>\n","protected":false},"author":1,"featured_media":87272,"comment_status":"closed","ping_status":"open","sticky":false,"template":"","format":"standard","meta":{"jnews-multi-image_gallery":[],"jnews_single_post":[],"jnews_primary_category":[],"footnotes":""},"categories":[24,101],"tags":[492],"class_list":["post-87262","post","type-post","status-publish","format-standard","has-post-thumbnail","hentry","category-overtime","category-slide","tag-hernan-jasen"],"yoast_head":"<!-- This site is optimized with the Yoast SEO plugin v27.5 - https:\/\/yoast.com\/product\/yoast-seo-wordpress\/ -->\n<title>Gracias, Pancho - Gente de B\u00e1squet<\/title>\n<meta name=\"robots\" content=\"index, follow, max-snippet:-1, max-image-preview:large, max-video-preview:-1\" \/>\n<link rel=\"canonical\" href=\"https:\/\/gentedebasquet.com.ar\/sitio\/2018\/09\/01\/gracias-pancho\/\" \/>\n<meta property=\"og:locale\" content=\"es_ES\" \/>\n<meta property=\"og:type\" content=\"article\" \/>\n<meta property=\"og:title\" content=\"Gracias, Pancho - Gente de B\u00e1squet\" \/>\n<meta property=\"og:description\" content=\"Hern\u00e1n Jasen anunci\u00f3 su retiro del b\u00e1squetbol profesional tras 23 a\u00f1os\" \/>\n<meta property=\"og:url\" content=\"https:\/\/gentedebasquet.com.ar\/sitio\/2018\/09\/01\/gracias-pancho\/\" \/>\n<meta property=\"og:site_name\" content=\"Gente de B\u00e1squet\" \/>\n<meta property=\"article:published_time\" content=\"2018-09-01T15:08:33+00:00\" \/>\n<meta property=\"og:image\" content=\"https:\/\/gentedebasquet.com.ar\/sitio\/wp-content\/uploads\/2018\/09\/Pancho-Jasen.jpg\" \/>\n\t<meta property=\"og:image:width\" content=\"690\" \/>\n\t<meta property=\"og:image:height\" content=\"319\" \/>\n\t<meta property=\"og:image:type\" content=\"image\/jpeg\" \/>\n<meta name=\"author\" content=\"Gente de B\u00e1squet\" \/>\n<meta name=\"twitter:card\" content=\"summary_large_image\" \/>\n<meta name=\"twitter:label1\" content=\"Escrito por\" \/>\n\t<meta name=\"twitter:data1\" content=\"Gente de B\u00e1squet\" \/>\n\t<meta name=\"twitter:label2\" content=\"Tiempo de lectura\" \/>\n\t<meta name=\"twitter:data2\" content=\"3 minutos\" \/>\n<script type=\"application\/ld+json\" class=\"yoast-schema-graph\">{\"@context\":\"https:\\\/\\\/schema.org\",\"@graph\":[{\"@type\":\"Article\",\"@id\":\"https:\\\/\\\/gentedebasquet.com.ar\\\/sitio\\\/2018\\\/09\\\/01\\\/gracias-pancho\\\/#article\",\"isPartOf\":{\"@id\":\"https:\\\/\\\/gentedebasquet.com.ar\\\/sitio\\\/2018\\\/09\\\/01\\\/gracias-pancho\\\/\"},\"author\":{\"name\":\"Gente de B\u00e1squet\",\"@id\":\"https:\\\/\\\/gentedebasquet.com.ar\\\/sitio\\\/#\\\/schema\\\/person\\\/ca0b63bbb977369988a7bbbdc519943a\"},\"headline\":\"Gracias, Pancho\",\"datePublished\":\"2018-09-01T15:08:33+00:00\",\"mainEntityOfPage\":{\"@id\":\"https:\\\/\\\/gentedebasquet.com.ar\\\/sitio\\\/2018\\\/09\\\/01\\\/gracias-pancho\\\/\"},\"wordCount\":556,\"image\":{\"@id\":\"https:\\\/\\\/gentedebasquet.com.ar\\\/sitio\\\/2018\\\/09\\\/01\\\/gracias-pancho\\\/#primaryimage\"},\"thumbnailUrl\":\"https:\\\/\\\/gentedebasquet.com.ar\\\/sitio\\\/wp-content\\\/uploads\\\/2018\\\/09\\\/Pancho-Jasen.jpg\",\"keywords\":[\"Hern\u00e1n Jasen\"],\"articleSection\":[\"#Overtime\",\"Slide\"],\"inLanguage\":\"es\"},{\"@type\":\"WebPage\",\"@id\":\"https:\\\/\\\/gentedebasquet.com.ar\\\/sitio\\\/2018\\\/09\\\/01\\\/gracias-pancho\\\/\",\"url\":\"https:\\\/\\\/gentedebasquet.com.ar\\\/sitio\\\/2018\\\/09\\\/01\\\/gracias-pancho\\\/\",\"name\":\"Gracias, Pancho - Gente de B\u00e1squet\",\"isPartOf\":{\"@id\":\"https:\\\/\\\/gentedebasquet.com.ar\\\/sitio\\\/#website\"},\"primaryImageOfPage\":{\"@id\":\"https:\\\/\\\/gentedebasquet.com.ar\\\/sitio\\\/2018\\\/09\\\/01\\\/gracias-pancho\\\/#primaryimage\"},\"image\":{\"@id\":\"https:\\\/\\\/gentedebasquet.com.ar\\\/sitio\\\/2018\\\/09\\\/01\\\/gracias-pancho\\\/#primaryimage\"},\"thumbnailUrl\":\"https:\\\/\\\/gentedebasquet.com.ar\\\/sitio\\\/wp-content\\\/uploads\\\/2018\\\/09\\\/Pancho-Jasen.jpg\",\"datePublished\":\"2018-09-01T15:08:33+00:00\",\"author\":{\"@id\":\"https:\\\/\\\/gentedebasquet.com.ar\\\/sitio\\\/#\\\/schema\\\/person\\\/ca0b63bbb977369988a7bbbdc519943a\"},\"breadcrumb\":{\"@id\":\"https:\\\/\\\/gentedebasquet.com.ar\\\/sitio\\\/2018\\\/09\\\/01\\\/gracias-pancho\\\/#breadcrumb\"},\"inLanguage\":\"es\",\"potentialAction\":[{\"@type\":\"ReadAction\",\"target\":[\"https:\\\/\\\/gentedebasquet.com.ar\\\/sitio\\\/2018\\\/09\\\/01\\\/gracias-pancho\\\/\"]}]},{\"@type\":\"ImageObject\",\"inLanguage\":\"es\",\"@id\":\"https:\\\/\\\/gentedebasquet.com.ar\\\/sitio\\\/2018\\\/09\\\/01\\\/gracias-pancho\\\/#primaryimage\",\"url\":\"https:\\\/\\\/gentedebasquet.com.ar\\\/sitio\\\/wp-content\\\/uploads\\\/2018\\\/09\\\/Pancho-Jasen.jpg\",\"contentUrl\":\"https:\\\/\\\/gentedebasquet.com.ar\\\/sitio\\\/wp-content\\\/uploads\\\/2018\\\/09\\\/Pancho-Jasen.jpg\",\"width\":690,\"height\":319},{\"@type\":\"BreadcrumbList\",\"@id\":\"https:\\\/\\\/gentedebasquet.com.ar\\\/sitio\\\/2018\\\/09\\\/01\\\/gracias-pancho\\\/#breadcrumb\",\"itemListElement\":[{\"@type\":\"ListItem\",\"position\":1,\"name\":\"Portada\",\"item\":\"https:\\\/\\\/gentedebasquet.com.ar\\\/sitio\\\/\"},{\"@type\":\"ListItem\",\"position\":2,\"name\":\"Gracias, Pancho\"}]},{\"@type\":\"WebSite\",\"@id\":\"https:\\\/\\\/gentedebasquet.com.ar\\\/sitio\\\/#website\",\"url\":\"https:\\\/\\\/gentedebasquet.com.ar\\\/sitio\\\/\",\"name\":\"Gente de B\u00e1squet\",\"description\":\"La revista del basquet de Bah\u00eda Blanca\",\"potentialAction\":[{\"@type\":\"SearchAction\",\"target\":{\"@type\":\"EntryPoint\",\"urlTemplate\":\"https:\\\/\\\/gentedebasquet.com.ar\\\/sitio\\\/?s={search_term_string}\"},\"query-input\":{\"@type\":\"PropertyValueSpecification\",\"valueRequired\":true,\"valueName\":\"search_term_string\"}}],\"inLanguage\":\"es\"},{\"@type\":\"Person\",\"@id\":\"https:\\\/\\\/gentedebasquet.com.ar\\\/sitio\\\/#\\\/schema\\\/person\\\/ca0b63bbb977369988a7bbbdc519943a\",\"name\":\"Gente de B\u00e1squet\",\"image\":{\"@type\":\"ImageObject\",\"inLanguage\":\"es\",\"@id\":\"https:\\\/\\\/secure.gravatar.com\\\/avatar\\\/7f2c48bdc33b30088f941fb6082e555f2874c98e20cb159d7b92b50eadfce793?s=96&d=mm&r=g\",\"url\":\"https:\\\/\\\/secure.gravatar.com\\\/avatar\\\/7f2c48bdc33b30088f941fb6082e555f2874c98e20cb159d7b92b50eadfce793?s=96&d=mm&r=g\",\"contentUrl\":\"https:\\\/\\\/secure.gravatar.com\\\/avatar\\\/7f2c48bdc33b30088f941fb6082e555f2874c98e20cb159d7b92b50eadfce793?s=96&d=mm&r=g\",\"caption\":\"Gente de B\u00e1squet\"},\"sameAs\":[\"http:\\\/\\\/gentedebasquet.com.ar\\\/sitio\"],\"url\":\"https:\\\/\\\/gentedebasquet.com.ar\\\/sitio\\\/author\\\/ulises\\\/\"}]}<\/script>\n<!-- \/ Yoast SEO plugin. -->","yoast_head_json":{"title":"Gracias, Pancho - Gente de B\u00e1squet","robots":{"index":"index","follow":"follow","max-snippet":"max-snippet:-1","max-image-preview":"max-image-preview:large","max-video-preview":"max-video-preview:-1"},"canonical":"https:\/\/gentedebasquet.com.ar\/sitio\/2018\/09\/01\/gracias-pancho\/","og_locale":"es_ES","og_type":"article","og_title":"Gracias, Pancho - Gente de B\u00e1squet","og_description":"Hern\u00e1n Jasen anunci\u00f3 su retiro del b\u00e1squetbol profesional tras 23 a\u00f1os","og_url":"https:\/\/gentedebasquet.com.ar\/sitio\/2018\/09\/01\/gracias-pancho\/","og_site_name":"Gente de B\u00e1squet","article_published_time":"2018-09-01T15:08:33+00:00","og_image":[{"width":690,"height":319,"url":"https:\/\/gentedebasquet.com.ar\/sitio\/wp-content\/uploads\/2018\/09\/Pancho-Jasen.jpg","type":"image\/jpeg"}],"author":"Gente de B\u00e1squet","twitter_card":"summary_large_image","twitter_misc":{"Escrito por":"Gente de B\u00e1squet","Tiempo de lectura":"3 minutos"},"schema":{"@context":"https:\/\/schema.org","@graph":[{"@type":"Article","@id":"https:\/\/gentedebasquet.com.ar\/sitio\/2018\/09\/01\/gracias-pancho\/#article","isPartOf":{"@id":"https:\/\/gentedebasquet.com.ar\/sitio\/2018\/09\/01\/gracias-pancho\/"},"author":{"name":"Gente de B\u00e1squet","@id":"https:\/\/gentedebasquet.com.ar\/sitio\/#\/schema\/person\/ca0b63bbb977369988a7bbbdc519943a"},"headline":"Gracias, Pancho","datePublished":"2018-09-01T15:08:33+00:00","mainEntityOfPage":{"@id":"https:\/\/gentedebasquet.com.ar\/sitio\/2018\/09\/01\/gracias-pancho\/"},"wordCount":556,"image":{"@id":"https:\/\/gentedebasquet.com.ar\/sitio\/2018\/09\/01\/gracias-pancho\/#primaryimage"},"thumbnailUrl":"https:\/\/gentedebasquet.com.ar\/sitio\/wp-content\/uploads\/2018\/09\/Pancho-Jasen.jpg","keywords":["Hern\u00e1n Jasen"],"articleSection":["#Overtime","Slide"],"inLanguage":"es"},{"@type":"WebPage","@id":"https:\/\/gentedebasquet.com.ar\/sitio\/2018\/09\/01\/gracias-pancho\/","url":"https:\/\/gentedebasquet.com.ar\/sitio\/2018\/09\/01\/gracias-pancho\/","name":"Gracias, Pancho - Gente de B\u00e1squet","isPartOf":{"@id":"https:\/\/gentedebasquet.com.ar\/sitio\/#website"},"primaryImageOfPage":{"@id":"https:\/\/gentedebasquet.com.ar\/sitio\/2018\/09\/01\/gracias-pancho\/#primaryimage"},"image":{"@id":"https:\/\/gentedebasquet.com.ar\/sitio\/2018\/09\/01\/gracias-pancho\/#primaryimage"},"thumbnailUrl":"https:\/\/gentedebasquet.com.ar\/sitio\/wp-content\/uploads\/2018\/09\/Pancho-Jasen.jpg","datePublished":"2018-09-01T15:08:33+00:00","author":{"@id":"https:\/\/gentedebasquet.com.ar\/sitio\/#\/schema\/person\/ca0b63bbb977369988a7bbbdc519943a"},"breadcrumb":{"@id":"https:\/\/gentedebasquet.com.ar\/sitio\/2018\/09\/01\/gracias-pancho\/#breadcrumb"},"inLanguage":"es","potentialAction":[{"@type":"ReadAction","target":["https:\/\/gentedebasquet.com.ar\/sitio\/2018\/09\/01\/gracias-pancho\/"]}]},{"@type":"ImageObject","inLanguage":"es","@id":"https:\/\/gentedebasquet.com.ar\/sitio\/2018\/09\/01\/gracias-pancho\/#primaryimage","url":"https:\/\/gentedebasquet.com.ar\/sitio\/wp-content\/uploads\/2018\/09\/Pancho-Jasen.jpg","contentUrl":"https:\/\/gentedebasquet.com.ar\/sitio\/wp-content\/uploads\/2018\/09\/Pancho-Jasen.jpg","width":690,"height":319},{"@type":"BreadcrumbList","@id":"https:\/\/gentedebasquet.com.ar\/sitio\/2018\/09\/01\/gracias-pancho\/#breadcrumb","itemListElement":[{"@type":"ListItem","position":1,"name":"Portada","item":"https:\/\/gentedebasquet.com.ar\/sitio\/"},{"@type":"ListItem","position":2,"name":"Gracias, Pancho"}]},{"@type":"WebSite","@id":"https:\/\/gentedebasquet.com.ar\/sitio\/#website","url":"https:\/\/gentedebasquet.com.ar\/sitio\/","name":"Gente de B\u00e1squet","description":"La revista del basquet de Bah\u00eda Blanca","potentialAction":[{"@type":"SearchAction","target":{"@type":"EntryPoint","urlTemplate":"https:\/\/gentedebasquet.com.ar\/sitio\/?s={search_term_string}"},"query-input":{"@type":"PropertyValueSpecification","valueRequired":true,"valueName":"search_term_string"}}],"inLanguage":"es"},{"@type":"Person","@id":"https:\/\/gentedebasquet.com.ar\/sitio\/#\/schema\/person\/ca0b63bbb977369988a7bbbdc519943a","name":"Gente de B\u00e1squet","image":{"@type":"ImageObject","inLanguage":"es","@id":"https:\/\/secure.gravatar.com\/avatar\/7f2c48bdc33b30088f941fb6082e555f2874c98e20cb159d7b92b50eadfce793?s=96&d=mm&r=g","url":"https:\/\/secure.gravatar.com\/avatar\/7f2c48bdc33b30088f941fb6082e555f2874c98e20cb159d7b92b50eadfce793?s=96&d=mm&r=g","contentUrl":"https:\/\/secure.gravatar.com\/avatar\/7f2c48bdc33b30088f941fb6082e555f2874c98e20cb159d7b92b50eadfce793?s=96&d=mm&r=g","caption":"Gente de B\u00e1squet"},"sameAs":["http:\/\/gentedebasquet.com.ar\/sitio"],"url":"https:\/\/gentedebasquet.com.ar\/sitio\/author\/ulises\/"}]}},"_links":{"self":[{"href":"https:\/\/gentedebasquet.com.ar\/sitio\/wp-json\/wp\/v2\/posts\/87262","targetHints":{"allow":["GET"]}}],"collection":[{"href":"https:\/\/gentedebasquet.com.ar\/sitio\/wp-json\/wp\/v2\/posts"}],"about":[{"href":"https:\/\/gentedebasquet.com.ar\/sitio\/wp-json\/wp\/v2\/types\/post"}],"author":[{"embeddable":true,"href":"https:\/\/gentedebasquet.com.ar\/sitio\/wp-json\/wp\/v2\/users\/1"}],"replies":[{"embeddable":true,"href":"https:\/\/gentedebasquet.com.ar\/sitio\/wp-json\/wp\/v2\/comments?post=87262"}],"version-history":[{"count":0,"href":"https:\/\/gentedebasquet.com.ar\/sitio\/wp-json\/wp\/v2\/posts\/87262\/revisions"}],"wp:featuredmedia":[{"embeddable":true,"href":"https:\/\/gentedebasquet.com.ar\/sitio\/wp-json\/wp\/v2\/media\/87272"}],"wp:attachment":[{"href":"https:\/\/gentedebasquet.com.ar\/sitio\/wp-json\/wp\/v2\/media?parent=87262"}],"wp:term":[{"taxonomy":"category","embeddable":true,"href":"https:\/\/gentedebasquet.com.ar\/sitio\/wp-json\/wp\/v2\/categories?post=87262"},{"taxonomy":"post_tag","embeddable":true,"href":"https:\/\/gentedebasquet.com.ar\/sitio\/wp-json\/wp\/v2\/tags?post=87262"}],"curies":[{"name":"wp","href":"https:\/\/api.w.org\/{rel}","templated":true}]}}