{"id":87333,"date":"2018-09-03T23:45:27","date_gmt":"2018-09-04T02:45:27","guid":{"rendered":"http:\/\/www.gentedebasquet.com.ar\/?p=87333"},"modified":"2018-09-03T23:45:27","modified_gmt":"2018-09-04T02:45:27","slug":"con-el-corazon-en-la-boca","status":"publish","type":"post","link":"https:\/\/gentedebasquet.com.ar\/sitio\/2018\/09\/03\/con-el-corazon-en-la-boca\/","title":{"rendered":"Con el coraz\u00f3n en la boca"},"content":{"rendered":"<p><b>Con un doble final de Bruni, 9 de Julio se qued\u00f3 con el encuentro ante Estrella, por 87 a 85. Luego de un primer tiempo arriba (50-40), y un 3C con una diferencia m\u00e1xima de 13 unidades, los dirigidos por Deminicis reaccionaron a tiempo, para pelear mano a mano con \u201cnueve\u201d certero en la zona de libres (19-27 tl global).<\/b><\/p>\n<p><b>El local, que cont\u00f3 con buenas actuaciones de Tom\u00e1s Bruni con 23 unidades (7-9 t2) escoltado por Dami\u00e1n Carci con 20 (8-9 tl) y Pomar Garbarino con 18+10 (8-11 t2). En la visita, Mariano Trellini (17) y Gast\u00f3n Diomedi (15) fueron los destacados en el equipo dirigido por Emiliano Deminicis.<\/b><\/p>\n<p><span style=\"font-weight: 400;\">El puntapi\u00e9 inicial fue de la mano de Garbarino, seguido de Trellini. Comienzo donde Estrella sac\u00f3 7 de luz, con un\u00a0<\/span><\/p>\n<p><img decoding=\"async\" class=\"size-full wp-image-87355 alignright\" src=\"http:\/\/www.gentedebasquet.com.ar\/wp-content\/uploads\/2018\/09\/40678769_2171840473070562_4129105185265942528_n1.jpg\" alt=\"\" width=\"400\" height=\"270\" srcset=\"https:\/\/gentedebasquet.com.ar\/sitio\/wp-content\/uploads\/2018\/09\/40678769_2171840473070562_4129105185265942528_n1.jpg 400w, https:\/\/gentedebasquet.com.ar\/sitio\/wp-content\/uploads\/2018\/09\/40678769_2171840473070562_4129105185265942528_n1-300x203.jpg 300w\" sizes=\"(max-width: 400px) 100vw, 400px\" \/><\/p>\n<p><span style=\"font-weight: 400;\">buen tiro de larga distancia de Diomedi y la solidez ofensiva de C\u00e1mara. Fue Pena (7) el responsable de reanimar el equipo en esta primera etapa, con un triple para pasar al frente (5m28), sumado a la lucha a\u00e9rea de Garbarino (8). Con mejores decisiones en el tiro de corta distancia, el 1C se cerraba a favor del local.<\/span><\/p>\n<p><span style=\"font-weight: 400;\">El retorno de los segundos diez minutos de juego, C\u00e1mara (1-2) junto a Diomedi (1-1) -tras una falta t\u00e9cnica a Iannamico por queja- fueron los encargados de anotar (9m43) para seguir sumando. Aunque, un triple de Bruni, estir\u00f3 m\u00e1s la ventaja ante el rival. El tr\u00e1mite del partido se torn\u00f3 poco certero, el cual reactiv\u00f3 restando 4m12, con ambos equipos recargados. Aun as\u00ed, los de Iannamico mantuvieron la ventaja, sacando 10 de ventaja yendo al vestuario.<\/span><\/p>\n<blockquote><p><span style=\"font-weight: 400;\">Para nosotros, todav\u00eda seguimos pensando en los \u00faltimos puestos de abajo, la idea es esquivar esas posiciones y Estrella, hoy por hoy, es un rival directo as\u00ed que hab\u00eda que ganar si o si m\u00e1s en nuestra cancha. As\u00ed que salimos con los dientes apretados a tratar de ganar el punto ac\u00e1 y por suerte se nos dio. A lo \u00faltimo se ve\u00eda que venia un suplementario, pero Tomi (Bruni) saco ese doble de la galera y bueno lo pudimos ganar. (Damian Carci, 9 de Julio).<\/span><\/p><\/blockquote>\n<p><span style=\"font-weight: 400;\">El comienzo del segundo tiempo continu\u00f3 mostrando esa ventaja en el tablero y en las acciones de juego. Carci (7) y Garbarino (6) fueron los responsables principales de sustentar esa superioridad en la cancha. Por su parte, Alan Pan (6) -ingresando desde el banco- le dio el plus al conjunto auriazul, con buen manejo del bal\u00f3n y agilidad en cancha. La diferencia se intent\u00f3 descontar de la mano de Pan (2-2) con 2m15 por disputarse aunque, el local logr\u00f3 disipar esa idea.<\/span><\/p>\n<p><a href=\"http:\/\/www.gentedebasquet.com.ar\/wp-content\/uploads\/2018\/09\/40615074_1949169728717267_8956986985356984320_n1.jpg\"><img decoding=\"async\" class=\"size-full wp-image-87354 alignleft\" src=\"http:\/\/www.gentedebasquet.com.ar\/wp-content\/uploads\/2018\/09\/40615074_1949169728717267_8956986985356984320_n1.jpg\" alt=\"\" width=\"400\" height=\"270\" srcset=\"https:\/\/gentedebasquet.com.ar\/sitio\/wp-content\/uploads\/2018\/09\/40615074_1949169728717267_8956986985356984320_n1.jpg 400w, https:\/\/gentedebasquet.com.ar\/sitio\/wp-content\/uploads\/2018\/09\/40615074_1949169728717267_8956986985356984320_n1-300x203.jpg 300w\" sizes=\"(max-width: 400px) 100vw, 400px\" \/><\/a><\/p>\n<p><span style=\"font-weight: 400;\">Un final que tuvo dos caras. La primera con un nueve a pura marcha, y la segunda con un rival mostrando todas las cartas sobre la mesa. Los de Iannamico que se apoyaron en la agilidad y solidez de Bruni (10) en la pintura, junto a la efectividad de Carci (5) en los libres (5-5). Estrella, que sum\u00f3 31 unidades en el parcial del 4C, tuvo una fuerte presencia de Diomedi (9)- Trellini (9) y Larrandart (9) cumpliendo la doble funci\u00f3n, del tiro perimetral mas la llegada en la pintura.<\/span><\/p>\n<p><span style=\"font-weight: 400;\">El equipo al mando de Deminicis tuvo tres situaciones claras, sobre el final del encuentro, para igualar y pasar al frente. La primera, con 4m32 restante, con un doble de Diomedi. La segunda (55s) con un triple clave de Larrandart. Por \u00faltimo, con 2-2 en libres de Larrandart para igualar el partido. \u00daltimos segundos, y posesi\u00f3n del bal\u00f3n para el local,que con escasos segundos no lo dudo, y de la mano de Bruni con un doble ag\u00f3nico, convirti\u00f3 y se qued\u00f3 con el triunfo. <\/span><\/p>\n<p>&nbsp;<\/p>\n<p><b>S\u00edntesis<\/b><span style=\"font-weight: 400;\"> | Primera Divisi\u00f3n \u2013 Oficial \u2013 Fecha #10<\/span><\/p>\n<p><b>9 de Julio 87: <\/b><span style=\"font-weight: 400;\">Tomas Bruni 23, Damian Carci 20, Agustin Pena 10, Fernando Pe\u00f1alver 2, Pomar Garbarino 18 (FI); Guillermo Mallemaci 3, Julian Turcato 0, Alan Prost 8 y Agust\u00edn Villalon 3. DT: Andr\u00e9s Iannamico.<\/span><\/p>\n<p><b>Estrella 85: <\/b><span style=\"font-weight: 400;\">Amilcar Andreanelli 2, Mariano Trellini 17, Gast\u00f3n Diomedi 15, Leon Beresovsky 6 (x), Nahuel C\u00e1mara 9 (FI); Santiago Quiroga 10, Joaqu\u00edn Larrandart 12, Alan Pan 12 (x), Mat\u00edas Specogna 2 y Franco Cardone 0. DT: Emiliano Deminicis.<\/span><\/p>\n<p><b>Parciales<\/b><span style=\"font-weight: 400;\">: 28-23, 50-40 (22-17), 67-54 (17-14) y 87-85 (20-31).<\/span><\/p>\n<p><b>\u00c1rbitros<\/b><span style=\"font-weight: 400;\">: Miguel Firpo &#8211; Mauro Reyes.<\/span><\/p>\n<p><b>Estadio<\/b><span style=\"font-weight: 400;\">: N\u00e9stor Damiani (9 de Julio).<\/span><\/p>\n<p><a class=\"modalf iframe\" title=\"Planilla\" href=\"https:\/\/docs.google.com\/spreadsheets\/d\/e\/2PACX-1vQ3lr6tOeja36UxQpGeKrlu0MsCYI7cOupcKcWt1KBk2dABqneVrDSSvQWLiGC2lR5Vabm2fBnjt12Q\/pubhtml?gid=190457809&amp;single=true&amp;widget=true&amp;headers=false\" target=\"_blank\" rel=\"noopener\">Ver Planilla<\/a><\/p>\n","protected":false},"excerpt":{"rendered":"<p>Con doble de Bruni, 9 de Julio se qued\u00f3 con el encuentro ante Estrella 87 a 85<\/p>\n","protected":false},"author":1,"featured_media":87356,"comment_status":"closed","ping_status":"open","sticky":false,"template":"","format":"standard","meta":{"jnews-multi-image_gallery":[],"jnews_single_post":[],"jnews_primary_category":[],"footnotes":""},"categories":[23,101],"tags":[2,527,10,615,619,486],"class_list":["post-87333","post","type-post","status-publish","format-standard","has-post-thumbnail","hentry","category-primera","category-slide","tag-9dejulio","tag-damian-carci","tag-estrella","tag-gaston-diomedi","tag-mariano-trellini","tag-tomas-bruni"],"yoast_head":"<!-- This site is optimized with the Yoast SEO plugin v27.5 - https:\/\/yoast.com\/product\/yoast-seo-wordpress\/ -->\n<title>Con el coraz\u00f3n en la boca - Gente de B\u00e1squet<\/title>\n<meta name=\"robots\" content=\"index, follow, max-snippet:-1, max-image-preview:large, max-video-preview:-1\" \/>\n<link rel=\"canonical\" href=\"https:\/\/gentedebasquet.com.ar\/sitio\/2018\/09\/03\/con-el-corazon-en-la-boca\/\" \/>\n<meta property=\"og:locale\" content=\"es_ES\" \/>\n<meta property=\"og:type\" content=\"article\" \/>\n<meta property=\"og:title\" content=\"Con el coraz\u00f3n en la boca - Gente de B\u00e1squet\" \/>\n<meta property=\"og:description\" content=\"Con doble de Bruni, 9 de Julio se qued\u00f3 con el encuentro ante Estrella 87 a 85\" \/>\n<meta property=\"og:url\" content=\"https:\/\/gentedebasquet.com.ar\/sitio\/2018\/09\/03\/con-el-corazon-en-la-boca\/\" \/>\n<meta property=\"og:site_name\" content=\"Gente de B\u00e1squet\" \/>\n<meta property=\"article:published_time\" content=\"2018-09-04T02:45:27+00:00\" \/>\n<meta property=\"og:image\" content=\"https:\/\/gentedebasquet.com.ar\/sitio\/wp-content\/uploads\/2018\/09\/40648182_291717231657399_2526803649070366720_n1.jpg\" \/>\n\t<meta property=\"og:image:width\" content=\"690\" \/>\n\t<meta property=\"og:image:height\" content=\"319\" \/>\n\t<meta property=\"og:image:type\" content=\"image\/jpeg\" \/>\n<meta name=\"author\" content=\"Gente de B\u00e1squet\" \/>\n<meta name=\"twitter:card\" content=\"summary_large_image\" \/>\n<meta name=\"twitter:label1\" content=\"Escrito por\" \/>\n\t<meta name=\"twitter:data1\" content=\"Gente de B\u00e1squet\" \/>\n\t<meta name=\"twitter:label2\" content=\"Tiempo de lectura\" \/>\n\t<meta name=\"twitter:data2\" content=\"3 minutos\" \/>\n<script type=\"application\/ld+json\" class=\"yoast-schema-graph\">{\"@context\":\"https:\\\/\\\/schema.org\",\"@graph\":[{\"@type\":\"Article\",\"@id\":\"https:\\\/\\\/gentedebasquet.com.ar\\\/sitio\\\/2018\\\/09\\\/03\\\/con-el-corazon-en-la-boca\\\/#article\",\"isPartOf\":{\"@id\":\"https:\\\/\\\/gentedebasquet.com.ar\\\/sitio\\\/2018\\\/09\\\/03\\\/con-el-corazon-en-la-boca\\\/\"},\"author\":{\"name\":\"Gente de B\u00e1squet\",\"@id\":\"https:\\\/\\\/gentedebasquet.com.ar\\\/sitio\\\/#\\\/schema\\\/person\\\/ca0b63bbb977369988a7bbbdc519943a\"},\"headline\":\"Con el coraz\u00f3n en la boca\",\"datePublished\":\"2018-09-04T02:45:27+00:00\",\"mainEntityOfPage\":{\"@id\":\"https:\\\/\\\/gentedebasquet.com.ar\\\/sitio\\\/2018\\\/09\\\/03\\\/con-el-corazon-en-la-boca\\\/\"},\"wordCount\":704,\"image\":{\"@id\":\"https:\\\/\\\/gentedebasquet.com.ar\\\/sitio\\\/2018\\\/09\\\/03\\\/con-el-corazon-en-la-boca\\\/#primaryimage\"},\"thumbnailUrl\":\"https:\\\/\\\/gentedebasquet.com.ar\\\/sitio\\\/wp-content\\\/uploads\\\/2018\\\/09\\\/40648182_291717231657399_2526803649070366720_n1.jpg\",\"keywords\":[\"9 de Julio\",\"Dami\u00e1n Carci\",\"Estrella\",\"Gaston Diomedi\",\"Mariano Trellini\",\"Tomas Bruni\"],\"articleSection\":[\"Primera\",\"Slide\"],\"inLanguage\":\"es\"},{\"@type\":\"WebPage\",\"@id\":\"https:\\\/\\\/gentedebasquet.com.ar\\\/sitio\\\/2018\\\/09\\\/03\\\/con-el-corazon-en-la-boca\\\/\",\"url\":\"https:\\\/\\\/gentedebasquet.com.ar\\\/sitio\\\/2018\\\/09\\\/03\\\/con-el-corazon-en-la-boca\\\/\",\"name\":\"Con el coraz\u00f3n en la boca - Gente de B\u00e1squet\",\"isPartOf\":{\"@id\":\"https:\\\/\\\/gentedebasquet.com.ar\\\/sitio\\\/#website\"},\"primaryImageOfPage\":{\"@id\":\"https:\\\/\\\/gentedebasquet.com.ar\\\/sitio\\\/2018\\\/09\\\/03\\\/con-el-corazon-en-la-boca\\\/#primaryimage\"},\"image\":{\"@id\":\"https:\\\/\\\/gentedebasquet.com.ar\\\/sitio\\\/2018\\\/09\\\/03\\\/con-el-corazon-en-la-boca\\\/#primaryimage\"},\"thumbnailUrl\":\"https:\\\/\\\/gentedebasquet.com.ar\\\/sitio\\\/wp-content\\\/uploads\\\/2018\\\/09\\\/40648182_291717231657399_2526803649070366720_n1.jpg\",\"datePublished\":\"2018-09-04T02:45:27+00:00\",\"author\":{\"@id\":\"https:\\\/\\\/gentedebasquet.com.ar\\\/sitio\\\/#\\\/schema\\\/person\\\/ca0b63bbb977369988a7bbbdc519943a\"},\"breadcrumb\":{\"@id\":\"https:\\\/\\\/gentedebasquet.com.ar\\\/sitio\\\/2018\\\/09\\\/03\\\/con-el-corazon-en-la-boca\\\/#breadcrumb\"},\"inLanguage\":\"es\",\"potentialAction\":[{\"@type\":\"ReadAction\",\"target\":[\"https:\\\/\\\/gentedebasquet.com.ar\\\/sitio\\\/2018\\\/09\\\/03\\\/con-el-corazon-en-la-boca\\\/\"]}]},{\"@type\":\"ImageObject\",\"inLanguage\":\"es\",\"@id\":\"https:\\\/\\\/gentedebasquet.com.ar\\\/sitio\\\/2018\\\/09\\\/03\\\/con-el-corazon-en-la-boca\\\/#primaryimage\",\"url\":\"https:\\\/\\\/gentedebasquet.com.ar\\\/sitio\\\/wp-content\\\/uploads\\\/2018\\\/09\\\/40648182_291717231657399_2526803649070366720_n1.jpg\",\"contentUrl\":\"https:\\\/\\\/gentedebasquet.com.ar\\\/sitio\\\/wp-content\\\/uploads\\\/2018\\\/09\\\/40648182_291717231657399_2526803649070366720_n1.jpg\",\"width\":690,\"height\":319},{\"@type\":\"BreadcrumbList\",\"@id\":\"https:\\\/\\\/gentedebasquet.com.ar\\\/sitio\\\/2018\\\/09\\\/03\\\/con-el-corazon-en-la-boca\\\/#breadcrumb\",\"itemListElement\":[{\"@type\":\"ListItem\",\"position\":1,\"name\":\"Portada\",\"item\":\"https:\\\/\\\/gentedebasquet.com.ar\\\/sitio\\\/\"},{\"@type\":\"ListItem\",\"position\":2,\"name\":\"Con el coraz\u00f3n en la boca\"}]},{\"@type\":\"WebSite\",\"@id\":\"https:\\\/\\\/gentedebasquet.com.ar\\\/sitio\\\/#website\",\"url\":\"https:\\\/\\\/gentedebasquet.com.ar\\\/sitio\\\/\",\"name\":\"Gente de B\u00e1squet\",\"description\":\"La revista del basquet de Bah\u00eda Blanca\",\"potentialAction\":[{\"@type\":\"SearchAction\",\"target\":{\"@type\":\"EntryPoint\",\"urlTemplate\":\"https:\\\/\\\/gentedebasquet.com.ar\\\/sitio\\\/?s={search_term_string}\"},\"query-input\":{\"@type\":\"PropertyValueSpecification\",\"valueRequired\":true,\"valueName\":\"search_term_string\"}}],\"inLanguage\":\"es\"},{\"@type\":\"Person\",\"@id\":\"https:\\\/\\\/gentedebasquet.com.ar\\\/sitio\\\/#\\\/schema\\\/person\\\/ca0b63bbb977369988a7bbbdc519943a\",\"name\":\"Gente de B\u00e1squet\",\"image\":{\"@type\":\"ImageObject\",\"inLanguage\":\"es\",\"@id\":\"https:\\\/\\\/secure.gravatar.com\\\/avatar\\\/7f2c48bdc33b30088f941fb6082e555f2874c98e20cb159d7b92b50eadfce793?s=96&d=mm&r=g\",\"url\":\"https:\\\/\\\/secure.gravatar.com\\\/avatar\\\/7f2c48bdc33b30088f941fb6082e555f2874c98e20cb159d7b92b50eadfce793?s=96&d=mm&r=g\",\"contentUrl\":\"https:\\\/\\\/secure.gravatar.com\\\/avatar\\\/7f2c48bdc33b30088f941fb6082e555f2874c98e20cb159d7b92b50eadfce793?s=96&d=mm&r=g\",\"caption\":\"Gente de B\u00e1squet\"},\"sameAs\":[\"http:\\\/\\\/gentedebasquet.com.ar\\\/sitio\"],\"url\":\"https:\\\/\\\/gentedebasquet.com.ar\\\/sitio\\\/author\\\/ulises\\\/\"}]}<\/script>\n<!-- \/ Yoast SEO plugin. -->","yoast_head_json":{"title":"Con el coraz\u00f3n en la boca - Gente de B\u00e1squet","robots":{"index":"index","follow":"follow","max-snippet":"max-snippet:-1","max-image-preview":"max-image-preview:large","max-video-preview":"max-video-preview:-1"},"canonical":"https:\/\/gentedebasquet.com.ar\/sitio\/2018\/09\/03\/con-el-corazon-en-la-boca\/","og_locale":"es_ES","og_type":"article","og_title":"Con el coraz\u00f3n en la boca - Gente de B\u00e1squet","og_description":"Con doble de Bruni, 9 de Julio se qued\u00f3 con el encuentro ante Estrella 87 a 85","og_url":"https:\/\/gentedebasquet.com.ar\/sitio\/2018\/09\/03\/con-el-corazon-en-la-boca\/","og_site_name":"Gente de B\u00e1squet","article_published_time":"2018-09-04T02:45:27+00:00","og_image":[{"width":690,"height":319,"url":"https:\/\/gentedebasquet.com.ar\/sitio\/wp-content\/uploads\/2018\/09\/40648182_291717231657399_2526803649070366720_n1.jpg","type":"image\/jpeg"}],"author":"Gente de B\u00e1squet","twitter_card":"summary_large_image","twitter_misc":{"Escrito por":"Gente de B\u00e1squet","Tiempo de lectura":"3 minutos"},"schema":{"@context":"https:\/\/schema.org","@graph":[{"@type":"Article","@id":"https:\/\/gentedebasquet.com.ar\/sitio\/2018\/09\/03\/con-el-corazon-en-la-boca\/#article","isPartOf":{"@id":"https:\/\/gentedebasquet.com.ar\/sitio\/2018\/09\/03\/con-el-corazon-en-la-boca\/"},"author":{"name":"Gente de B\u00e1squet","@id":"https:\/\/gentedebasquet.com.ar\/sitio\/#\/schema\/person\/ca0b63bbb977369988a7bbbdc519943a"},"headline":"Con el coraz\u00f3n en la boca","datePublished":"2018-09-04T02:45:27+00:00","mainEntityOfPage":{"@id":"https:\/\/gentedebasquet.com.ar\/sitio\/2018\/09\/03\/con-el-corazon-en-la-boca\/"},"wordCount":704,"image":{"@id":"https:\/\/gentedebasquet.com.ar\/sitio\/2018\/09\/03\/con-el-corazon-en-la-boca\/#primaryimage"},"thumbnailUrl":"https:\/\/gentedebasquet.com.ar\/sitio\/wp-content\/uploads\/2018\/09\/40648182_291717231657399_2526803649070366720_n1.jpg","keywords":["9 de Julio","Dami\u00e1n Carci","Estrella","Gaston Diomedi","Mariano Trellini","Tomas Bruni"],"articleSection":["Primera","Slide"],"inLanguage":"es"},{"@type":"WebPage","@id":"https:\/\/gentedebasquet.com.ar\/sitio\/2018\/09\/03\/con-el-corazon-en-la-boca\/","url":"https:\/\/gentedebasquet.com.ar\/sitio\/2018\/09\/03\/con-el-corazon-en-la-boca\/","name":"Con el coraz\u00f3n en la boca - Gente de B\u00e1squet","isPartOf":{"@id":"https:\/\/gentedebasquet.com.ar\/sitio\/#website"},"primaryImageOfPage":{"@id":"https:\/\/gentedebasquet.com.ar\/sitio\/2018\/09\/03\/con-el-corazon-en-la-boca\/#primaryimage"},"image":{"@id":"https:\/\/gentedebasquet.com.ar\/sitio\/2018\/09\/03\/con-el-corazon-en-la-boca\/#primaryimage"},"thumbnailUrl":"https:\/\/gentedebasquet.com.ar\/sitio\/wp-content\/uploads\/2018\/09\/40648182_291717231657399_2526803649070366720_n1.jpg","datePublished":"2018-09-04T02:45:27+00:00","author":{"@id":"https:\/\/gentedebasquet.com.ar\/sitio\/#\/schema\/person\/ca0b63bbb977369988a7bbbdc519943a"},"breadcrumb":{"@id":"https:\/\/gentedebasquet.com.ar\/sitio\/2018\/09\/03\/con-el-corazon-en-la-boca\/#breadcrumb"},"inLanguage":"es","potentialAction":[{"@type":"ReadAction","target":["https:\/\/gentedebasquet.com.ar\/sitio\/2018\/09\/03\/con-el-corazon-en-la-boca\/"]}]},{"@type":"ImageObject","inLanguage":"es","@id":"https:\/\/gentedebasquet.com.ar\/sitio\/2018\/09\/03\/con-el-corazon-en-la-boca\/#primaryimage","url":"https:\/\/gentedebasquet.com.ar\/sitio\/wp-content\/uploads\/2018\/09\/40648182_291717231657399_2526803649070366720_n1.jpg","contentUrl":"https:\/\/gentedebasquet.com.ar\/sitio\/wp-content\/uploads\/2018\/09\/40648182_291717231657399_2526803649070366720_n1.jpg","width":690,"height":319},{"@type":"BreadcrumbList","@id":"https:\/\/gentedebasquet.com.ar\/sitio\/2018\/09\/03\/con-el-corazon-en-la-boca\/#breadcrumb","itemListElement":[{"@type":"ListItem","position":1,"name":"Portada","item":"https:\/\/gentedebasquet.com.ar\/sitio\/"},{"@type":"ListItem","position":2,"name":"Con el coraz\u00f3n en la boca"}]},{"@type":"WebSite","@id":"https:\/\/gentedebasquet.com.ar\/sitio\/#website","url":"https:\/\/gentedebasquet.com.ar\/sitio\/","name":"Gente de B\u00e1squet","description":"La revista del basquet de Bah\u00eda Blanca","potentialAction":[{"@type":"SearchAction","target":{"@type":"EntryPoint","urlTemplate":"https:\/\/gentedebasquet.com.ar\/sitio\/?s={search_term_string}"},"query-input":{"@type":"PropertyValueSpecification","valueRequired":true,"valueName":"search_term_string"}}],"inLanguage":"es"},{"@type":"Person","@id":"https:\/\/gentedebasquet.com.ar\/sitio\/#\/schema\/person\/ca0b63bbb977369988a7bbbdc519943a","name":"Gente de B\u00e1squet","image":{"@type":"ImageObject","inLanguage":"es","@id":"https:\/\/secure.gravatar.com\/avatar\/7f2c48bdc33b30088f941fb6082e555f2874c98e20cb159d7b92b50eadfce793?s=96&d=mm&r=g","url":"https:\/\/secure.gravatar.com\/avatar\/7f2c48bdc33b30088f941fb6082e555f2874c98e20cb159d7b92b50eadfce793?s=96&d=mm&r=g","contentUrl":"https:\/\/secure.gravatar.com\/avatar\/7f2c48bdc33b30088f941fb6082e555f2874c98e20cb159d7b92b50eadfce793?s=96&d=mm&r=g","caption":"Gente de B\u00e1squet"},"sameAs":["http:\/\/gentedebasquet.com.ar\/sitio"],"url":"https:\/\/gentedebasquet.com.ar\/sitio\/author\/ulises\/"}]}},"_links":{"self":[{"href":"https:\/\/gentedebasquet.com.ar\/sitio\/wp-json\/wp\/v2\/posts\/87333","targetHints":{"allow":["GET"]}}],"collection":[{"href":"https:\/\/gentedebasquet.com.ar\/sitio\/wp-json\/wp\/v2\/posts"}],"about":[{"href":"https:\/\/gentedebasquet.com.ar\/sitio\/wp-json\/wp\/v2\/types\/post"}],"author":[{"embeddable":true,"href":"https:\/\/gentedebasquet.com.ar\/sitio\/wp-json\/wp\/v2\/users\/1"}],"replies":[{"embeddable":true,"href":"https:\/\/gentedebasquet.com.ar\/sitio\/wp-json\/wp\/v2\/comments?post=87333"}],"version-history":[{"count":0,"href":"https:\/\/gentedebasquet.com.ar\/sitio\/wp-json\/wp\/v2\/posts\/87333\/revisions"}],"wp:featuredmedia":[{"embeddable":true,"href":"https:\/\/gentedebasquet.com.ar\/sitio\/wp-json\/wp\/v2\/media\/87356"}],"wp:attachment":[{"href":"https:\/\/gentedebasquet.com.ar\/sitio\/wp-json\/wp\/v2\/media?parent=87333"}],"wp:term":[{"taxonomy":"category","embeddable":true,"href":"https:\/\/gentedebasquet.com.ar\/sitio\/wp-json\/wp\/v2\/categories?post=87333"},{"taxonomy":"post_tag","embeddable":true,"href":"https:\/\/gentedebasquet.com.ar\/sitio\/wp-json\/wp\/v2\/tags?post=87333"}],"curies":[{"name":"wp","href":"https:\/\/api.w.org\/{rel}","templated":true}]}}