{"id":87512,"date":"2018-09-07T23:44:21","date_gmt":"2018-09-08T02:44:21","guid":{"rendered":"http:\/\/www.gentedebasquet.com.ar\/?p=87512"},"modified":"2018-09-07T23:44:21","modified_gmt":"2018-09-08T02:44:21","slug":"semaforo-en-verde-2","status":"publish","type":"post","link":"https:\/\/gentedebasquet.com.ar\/sitio\/2018\/09\/07\/semaforo-en-verde-2\/","title":{"rendered":"Sem\u00e1foro en verde"},"content":{"rendered":"<p><strong>En la primera parte, Comercial incomod\u00f3 con \u00e9xito a Pac\u00edfico, por lo cual ninguno de los dos elencos ofreci\u00f3 gran cosa, retir\u00e1ndose al descanso m\u00e1s extenso casi emparejados. Posteriormente, el verde bahiense aplic\u00f3 intensidad, corri\u00f3, castig\u00f3 con triples y lleg\u00f3 a sacar 20 de distancia (60-40) en las postrimer\u00edas del 3\u00baC. Ello, le otorg\u00f3 la renta necesaria como para colocar el piloto autom\u00e1tico en lo sucesivo y as\u00ed enhebrar la quinta victoria consecutiva de un elenco que salt\u00f3 al segundo escal\u00f3n de la tabla de posiciones. Cinco elementos en doble d\u00edgito hubo en el ganador: Wattson (20), Salvatori (15), Marini (15), Errazu (15) y Richotti (10).<\/strong><\/p>\n<p>Pr\u00e1cticamente se trat\u00f3 de dos partidos en uno.<\/p>\n<p>Es que en la primera parte, ninguno se apoder\u00f3 de la escena de forma absoluta, con lo cual compartieron el protagonismo en distintos pasajes.<\/p>\n<p>Si bien el que primere\u00f3 fue Pac\u00edfico tomando la delantera, por el anfitri\u00f3n -que apost\u00f3 a resguardarse en zona- hubo gol en Mart\u00edn Godoy que deriv\u00f3 en el primer tiempo muerto de Mart\u00edn Luis (8-9). Acto seguido, el visitante reaccion\u00f3 con Branco Salvatori como punta y la mano caliente de Facundo Wattson (10-16).<\/p>\n<p><a href=\"http:\/\/www.gentedebasquet.com.ar\/wp-content\/uploads\/2018\/09\/WhatsApp-Image-2018-09-08-at-00.19.52.jpeg\"><img decoding=\"async\" class=\"size-medium wp-image-87515 alignright\" src=\"http:\/\/www.gentedebasquet.com.ar\/wp-content\/uploads\/2018\/09\/WhatsApp-Image-2018-09-08-at-00.19.52-300x225.jpeg\" alt=\"\" width=\"300\" height=\"225\" srcset=\"https:\/\/gentedebasquet.com.ar\/sitio\/wp-content\/uploads\/2018\/09\/WhatsApp-Image-2018-09-08-at-00.19.52-300x225.jpeg 300w, https:\/\/gentedebasquet.com.ar\/sitio\/wp-content\/uploads\/2018\/09\/WhatsApp-Image-2018-09-08-at-00.19.52.jpeg 400w\" sizes=\"(max-width: 300px) 100vw, 300px\" \/><\/a><\/p>\n<p>De todas maneras, v\u00eda Mat\u00edas Madami y Bruno Gigliotti, Comercial se las ingeni\u00f3 para incomodar a su rival y achicar a apenas uno de desventaja al t\u00e9rmino de ese primer lapso (17-18).<\/p>\n<p>El repunte portuario no se detuvo all\u00ed, sino que pudo igualarlo en 21 y hasta pas\u00f3 a comandar por primera ocasi\u00f3n en la noche, con el acierto en la pintura de Bruno Gigliotti, en 3m52s del 2\u00baC: 23-21.<\/p>\n<p>Aunque la respuesta verde fue letal: otra anotaci\u00f3n de Marini y lo ardiente que reingres\u00f3 del banco I\u00f1aki Errazu, al despacharse con 3-3 t3, otorgando el despegue de su conjunto (25-34).<\/p>\n<p>No obstante, Pac\u00edfico no supo controlar el tim\u00f3n, con lo cual Comercial acept\u00f3 el convite y a trav\u00e9s de aportes de la dupla Gigliotti-Julio Gim\u00e9nez, m\u00e1s la primera granada de la noche para Godoy, recort\u00f3 a un doble restando 1m05s (32-34). La jerarqu\u00eda individual de Marini fue la que le permiti\u00f3 a Pac\u00edfico retirarse al entretiempo con algo m\u00e1s de holgura (32-38).<\/p>\n<blockquote><p>En los \u00faltimos partidos nos est\u00e1 costando entrar concentrados y tenemos que llegar a los retos del entrenador en el entretiempo. Despu\u00e9s, s\u00ed, reaccionamos y vamos a nuestro juego. Pero es como que entramos dormidos, pensando que est\u00e1 ganado de antemano. Con este plantel le podemos dar pelea a cualquiera, aunque si se llegan a ir\u00a01-2 jugadores como el a\u00f1o pasado, lo nuestro cambiar\u00e1 mucho, porque estamos acostumbrados a una rotaci\u00f3n de 10\/12 jugadores. (Facundo Wattson-Pac\u00edfico).<\/p><\/blockquote>\n<p>En la reanudaci\u00f3n, el hu\u00e9sped pudo dejar de manifiesto con autoridad su superioridad.<\/p>\n<p>Y lo consigui\u00f3 mediante una performance trabajada de atr\u00e1s para adelante, con Salvatori-Wattson atosigando al portador de la bola, mucha intensidad colectiva y continuas definiciones veloces con las que comenz\u00f3 a tomar buena luz.<\/p>\n<p>Otro triple de Godoy, en el due\u00f1o de casa, intent\u00f3 menguar la supremac\u00eda del oponente (37-43). Aunque Pac\u00edfico se mantuvo con su librito y fue distanci\u00e1ndose con seriedad: 37-47 y 40-58.<\/p>\n<p>En esa recta final del 3\u00baC, Salvatori pint\u00f3 los 20 tantos de diferencia (40-60), esos mismos que r\u00e1pidamente quedaron atr\u00e1s con el triplazo de Godoy desde mitad de campo, en la previa al segmento definitorio (43-60).<\/p>\n<p><a href=\"http:\/\/www.gentedebasquet.com.ar\/wp-content\/uploads\/2018\/09\/WhatsApp-Image-2018-09-08-at-00.19.51-1.jpeg\"><img decoding=\"async\" class=\"size-medium wp-image-87516 alignleft\" src=\"http:\/\/www.gentedebasquet.com.ar\/wp-content\/uploads\/2018\/09\/WhatsApp-Image-2018-09-08-at-00.19.51-1-300x225.jpeg\" alt=\"\" width=\"300\" height=\"225\" srcset=\"https:\/\/gentedebasquet.com.ar\/sitio\/wp-content\/uploads\/2018\/09\/WhatsApp-Image-2018-09-08-at-00.19.51-1-300x225.jpeg 300w, https:\/\/gentedebasquet.com.ar\/sitio\/wp-content\/uploads\/2018\/09\/WhatsApp-Image-2018-09-08-at-00.19.51-1.jpeg 400w\" sizes=\"(max-width: 300px) 100vw, 300px\" \/><\/a><\/p>\n<p>Poco para dilucidar hab\u00eda en esos diez \u00faltimos minutos.<\/p>\n<p>Un triple de Agust\u00edn Almir\u00f3n procur\u00f3 reanimar al verdiamarillo (46-62). Pero, por si las moscas, Wattson activ\u00f3 dos granadas al hilo (46-66 y 46-69) y lo imit\u00f3 con una Salvatori (48-72), para as\u00ed echar por tierra cualquier ilusi\u00f3n whitense y terminar de torcerle el brazo a Comercial.<\/p>\n<p>En lo sucesivo, Pac\u00edfico se mantuvo igual de en\u00e9rgico, lo que le otorg\u00f3 posibilidades de sentenciar en contraataque mediante Salvatori o Errazu.<\/p>\n<p>Despu\u00e9s, en Pac\u00edfico se opt\u00f3 por darle minutos al polifuncional Benjam\u00edn Giagante, que trabaj\u00f3 en doble turno y hasta clav\u00f3 una bandejita volada. Y en Comercial, salt\u00f3 al campo el \u00abbautizado\u00bb Leonel Viera, quien tambi\u00e9n vivi\u00f3 la emoci\u00f3n de convertir.<\/p>\n<p>Sem\u00e1foro en verde para un Pac\u00edfico que meti\u00f3 la quinta y es escolta.<\/p>\n<p><iframe loading=\"lazy\" src=\"https:\/\/www.youtube.com\/embed\/-NB7dKcQDoA\" width=\"560\" height=\"315\" frameborder=\"0\" allowfullscreen=\"allowfullscreen\"><\/iframe><\/p>\n<p><strong>S\u00edntesis |\u00a0<\/strong>Segunda Divisi\u00f3n \u2013 Segundo Tramo \u2013 Fecha #3<\/p>\n<p><strong>Comercial 65:\u00a0<\/strong>Mart\u00edn Godoy 18, Claudio Sanchez 7, Mat\u00edas Madami 4, Franco Mastrandrea 5, Bruno Gigliotti 13, (FI); Agust\u00edn Almiron 8, Julio Gim\u00e9nez 4, Franco Braidich 4 y Leonel Viera 2. DT: Ramiro Riviere.<\/p>\n<p><strong>Pac\u00edfico 91:\u00a0<\/strong>Branco Salvatori 15, I\u00f1aki Errazu 15, Juan Cruz Marini 15, Mat\u00edas Pristupa 4, Esteban Richotti 10, (FI); Facundo Wattson 20, Pablo Pollio 4, Juan Gabriel Iturralde 2, Baltasar Dom\u00ednguez 4 y Benjam\u00edn Giagante 2. DT: Mart\u00edn Luis.<\/p>\n<p><strong>Parciales:<\/strong> 17-18, 32-38 (15-20), 43-60 (11-22) y 65-91 (22-31).<\/p>\n<p><strong>\u00c1rbitros:<\/strong> Alejandro Ramallo &#8211; Marcelo Gordillo.<\/p>\n<p><strong>Estadio:<\/strong> Osvaldo Giorgetti (club Comercial).<\/p>\n<p><a class=\"modalf iframe\" title=\"Planilla\" href=\"https:\/\/docs.google.com\/spreadsheets\/d\/e\/2PACX-1vTCvVO3W8kur4NayTtV5DJHFNSRpBFA0MwiarTT4CvB8WKq82qDiLHOzhrHS3r5_bbbF9Nmvk7Iz8qe\/pubhtml\" target=\"_blank\" rel=\"noopener\">Ver Planilla<\/a><\/p>\n","protected":false},"excerpt":{"rendered":"<p>Quinto \u00e9xito al hilo para Pac\u00edfico, que bati\u00f3 a Comercial (91-65) en el postergado.<\/p>\n","protected":false},"author":1,"featured_media":87514,"comment_status":"closed","ping_status":"open","sticky":false,"template":"","format":"standard","meta":{"jnews-multi-image_gallery":[],"jnews_single_post":[],"jnews_primary_category":[],"footnotes":""},"categories":[25,101],"tags":[1386,1301,660,309,749,17],"class_list":["post-87512","post","type-post","status-publish","format-standard","has-post-thumbnail","hentry","category-segunda","category-slide","tag-branco-salvatori","tag-bruno-gigliotti","tag-facundo-wattson","tag-juan-cruz-marini","tag-martin-godoy","tag-pacifico"],"yoast_head":"<!-- This site is optimized with the Yoast SEO plugin v27.5 - https:\/\/yoast.com\/product\/yoast-seo-wordpress\/ -->\n<title>Sem\u00e1foro en verde - Gente de B\u00e1squet<\/title>\n<meta name=\"robots\" content=\"index, follow, max-snippet:-1, max-image-preview:large, max-video-preview:-1\" \/>\n<link rel=\"canonical\" href=\"http:\/\/gentedebasquet.com.ar\/sitio\/2018\/09\/07\/semaforo-en-verde-2\/\" \/>\n<meta property=\"og:locale\" content=\"es_ES\" \/>\n<meta property=\"og:type\" content=\"article\" \/>\n<meta property=\"og:title\" content=\"Sem\u00e1foro en verde - Gente de B\u00e1squet\" \/>\n<meta property=\"og:description\" content=\"Quinto \u00e9xito al hilo para Pac\u00edfico, que bati\u00f3 a Comercial (91-65) en el postergado.\" \/>\n<meta property=\"og:url\" content=\"http:\/\/gentedebasquet.com.ar\/sitio\/2018\/09\/07\/semaforo-en-verde-2\/\" \/>\n<meta property=\"og:site_name\" content=\"Gente de B\u00e1squet\" \/>\n<meta property=\"article:published_time\" content=\"2018-09-08T02:44:21+00:00\" \/>\n<meta property=\"og:image\" content=\"http:\/\/gentedebasquet.com.ar\/sitio\/wp-content\/uploads\/2018\/09\/WhatsApp-Image-2018-09-08-at-00.19.51.jpeg\" \/>\n\t<meta property=\"og:image:width\" content=\"690\" \/>\n\t<meta property=\"og:image:height\" content=\"319\" \/>\n\t<meta property=\"og:image:type\" content=\"image\/jpeg\" \/>\n<meta name=\"author\" content=\"Gente de B\u00e1squet\" \/>\n<meta name=\"twitter:card\" content=\"summary_large_image\" \/>\n<meta name=\"twitter:label1\" content=\"Escrito por\" \/>\n\t<meta name=\"twitter:data1\" content=\"Gente de B\u00e1squet\" \/>\n\t<meta name=\"twitter:label2\" content=\"Tiempo de lectura\" \/>\n\t<meta name=\"twitter:data2\" content=\"4 minutos\" \/>\n<script type=\"application\/ld+json\" class=\"yoast-schema-graph\">{\"@context\":\"https:\\\/\\\/schema.org\",\"@graph\":[{\"@type\":\"Article\",\"@id\":\"http:\\\/\\\/gentedebasquet.com.ar\\\/sitio\\\/2018\\\/09\\\/07\\\/semaforo-en-verde-2\\\/#article\",\"isPartOf\":{\"@id\":\"http:\\\/\\\/gentedebasquet.com.ar\\\/sitio\\\/2018\\\/09\\\/07\\\/semaforo-en-verde-2\\\/\"},\"author\":{\"name\":\"Gente de B\u00e1squet\",\"@id\":\"https:\\\/\\\/gentedebasquet.com.ar\\\/sitio\\\/#\\\/schema\\\/person\\\/ca0b63bbb977369988a7bbbdc519943a\"},\"headline\":\"Sem\u00e1foro en verde\",\"datePublished\":\"2018-09-08T02:44:21+00:00\",\"mainEntityOfPage\":{\"@id\":\"http:\\\/\\\/gentedebasquet.com.ar\\\/sitio\\\/2018\\\/09\\\/07\\\/semaforo-en-verde-2\\\/\"},\"wordCount\":817,\"image\":{\"@id\":\"http:\\\/\\\/gentedebasquet.com.ar\\\/sitio\\\/2018\\\/09\\\/07\\\/semaforo-en-verde-2\\\/#primaryimage\"},\"thumbnailUrl\":\"https:\\\/\\\/gentedebasquet.com.ar\\\/sitio\\\/wp-content\\\/uploads\\\/2018\\\/09\\\/WhatsApp-Image-2018-09-08-at-00.19.51.jpeg\",\"keywords\":[\"Branco Salvatori\",\"Bruno Gigliotti\",\"Facundo Wattson\",\"Juan Cruz Marini\",\"Martin Godoy\",\"Pacifico\"],\"articleSection\":[\"Segunda\",\"Slide\"],\"inLanguage\":\"es\"},{\"@type\":\"WebPage\",\"@id\":\"http:\\\/\\\/gentedebasquet.com.ar\\\/sitio\\\/2018\\\/09\\\/07\\\/semaforo-en-verde-2\\\/\",\"url\":\"http:\\\/\\\/gentedebasquet.com.ar\\\/sitio\\\/2018\\\/09\\\/07\\\/semaforo-en-verde-2\\\/\",\"name\":\"Sem\u00e1foro en verde - Gente de B\u00e1squet\",\"isPartOf\":{\"@id\":\"https:\\\/\\\/gentedebasquet.com.ar\\\/sitio\\\/#website\"},\"primaryImageOfPage\":{\"@id\":\"http:\\\/\\\/gentedebasquet.com.ar\\\/sitio\\\/2018\\\/09\\\/07\\\/semaforo-en-verde-2\\\/#primaryimage\"},\"image\":{\"@id\":\"http:\\\/\\\/gentedebasquet.com.ar\\\/sitio\\\/2018\\\/09\\\/07\\\/semaforo-en-verde-2\\\/#primaryimage\"},\"thumbnailUrl\":\"https:\\\/\\\/gentedebasquet.com.ar\\\/sitio\\\/wp-content\\\/uploads\\\/2018\\\/09\\\/WhatsApp-Image-2018-09-08-at-00.19.51.jpeg\",\"datePublished\":\"2018-09-08T02:44:21+00:00\",\"author\":{\"@id\":\"https:\\\/\\\/gentedebasquet.com.ar\\\/sitio\\\/#\\\/schema\\\/person\\\/ca0b63bbb977369988a7bbbdc519943a\"},\"breadcrumb\":{\"@id\":\"http:\\\/\\\/gentedebasquet.com.ar\\\/sitio\\\/2018\\\/09\\\/07\\\/semaforo-en-verde-2\\\/#breadcrumb\"},\"inLanguage\":\"es\",\"potentialAction\":[{\"@type\":\"ReadAction\",\"target\":[\"http:\\\/\\\/gentedebasquet.com.ar\\\/sitio\\\/2018\\\/09\\\/07\\\/semaforo-en-verde-2\\\/\"]}]},{\"@type\":\"ImageObject\",\"inLanguage\":\"es\",\"@id\":\"http:\\\/\\\/gentedebasquet.com.ar\\\/sitio\\\/2018\\\/09\\\/07\\\/semaforo-en-verde-2\\\/#primaryimage\",\"url\":\"https:\\\/\\\/gentedebasquet.com.ar\\\/sitio\\\/wp-content\\\/uploads\\\/2018\\\/09\\\/WhatsApp-Image-2018-09-08-at-00.19.51.jpeg\",\"contentUrl\":\"https:\\\/\\\/gentedebasquet.com.ar\\\/sitio\\\/wp-content\\\/uploads\\\/2018\\\/09\\\/WhatsApp-Image-2018-09-08-at-00.19.51.jpeg\",\"width\":690,\"height\":319},{\"@type\":\"BreadcrumbList\",\"@id\":\"http:\\\/\\\/gentedebasquet.com.ar\\\/sitio\\\/2018\\\/09\\\/07\\\/semaforo-en-verde-2\\\/#breadcrumb\",\"itemListElement\":[{\"@type\":\"ListItem\",\"position\":1,\"name\":\"Portada\",\"item\":\"https:\\\/\\\/gentedebasquet.com.ar\\\/sitio\\\/\"},{\"@type\":\"ListItem\",\"position\":2,\"name\":\"Sem\u00e1foro en verde\"}]},{\"@type\":\"WebSite\",\"@id\":\"https:\\\/\\\/gentedebasquet.com.ar\\\/sitio\\\/#website\",\"url\":\"https:\\\/\\\/gentedebasquet.com.ar\\\/sitio\\\/\",\"name\":\"Gente de B\u00e1squet\",\"description\":\"La revista del basquet de Bah\u00eda Blanca\",\"potentialAction\":[{\"@type\":\"SearchAction\",\"target\":{\"@type\":\"EntryPoint\",\"urlTemplate\":\"https:\\\/\\\/gentedebasquet.com.ar\\\/sitio\\\/?s={search_term_string}\"},\"query-input\":{\"@type\":\"PropertyValueSpecification\",\"valueRequired\":true,\"valueName\":\"search_term_string\"}}],\"inLanguage\":\"es\"},{\"@type\":\"Person\",\"@id\":\"https:\\\/\\\/gentedebasquet.com.ar\\\/sitio\\\/#\\\/schema\\\/person\\\/ca0b63bbb977369988a7bbbdc519943a\",\"name\":\"Gente de B\u00e1squet\",\"image\":{\"@type\":\"ImageObject\",\"inLanguage\":\"es\",\"@id\":\"https:\\\/\\\/secure.gravatar.com\\\/avatar\\\/7f2c48bdc33b30088f941fb6082e555f2874c98e20cb159d7b92b50eadfce793?s=96&d=mm&r=g\",\"url\":\"https:\\\/\\\/secure.gravatar.com\\\/avatar\\\/7f2c48bdc33b30088f941fb6082e555f2874c98e20cb159d7b92b50eadfce793?s=96&d=mm&r=g\",\"contentUrl\":\"https:\\\/\\\/secure.gravatar.com\\\/avatar\\\/7f2c48bdc33b30088f941fb6082e555f2874c98e20cb159d7b92b50eadfce793?s=96&d=mm&r=g\",\"caption\":\"Gente de B\u00e1squet\"},\"sameAs\":[\"http:\\\/\\\/gentedebasquet.com.ar\\\/sitio\"],\"url\":\"https:\\\/\\\/gentedebasquet.com.ar\\\/sitio\\\/author\\\/ulises\\\/\"}]}<\/script>\n<!-- \/ Yoast SEO plugin. -->","yoast_head_json":{"title":"Sem\u00e1foro en verde - Gente de B\u00e1squet","robots":{"index":"index","follow":"follow","max-snippet":"max-snippet:-1","max-image-preview":"max-image-preview:large","max-video-preview":"max-video-preview:-1"},"canonical":"http:\/\/gentedebasquet.com.ar\/sitio\/2018\/09\/07\/semaforo-en-verde-2\/","og_locale":"es_ES","og_type":"article","og_title":"Sem\u00e1foro en verde - Gente de B\u00e1squet","og_description":"Quinto \u00e9xito al hilo para Pac\u00edfico, que bati\u00f3 a Comercial (91-65) en el postergado.","og_url":"http:\/\/gentedebasquet.com.ar\/sitio\/2018\/09\/07\/semaforo-en-verde-2\/","og_site_name":"Gente de B\u00e1squet","article_published_time":"2018-09-08T02:44:21+00:00","og_image":[{"width":690,"height":319,"url":"http:\/\/gentedebasquet.com.ar\/sitio\/wp-content\/uploads\/2018\/09\/WhatsApp-Image-2018-09-08-at-00.19.51.jpeg","type":"image\/jpeg"}],"author":"Gente de B\u00e1squet","twitter_card":"summary_large_image","twitter_misc":{"Escrito por":"Gente de B\u00e1squet","Tiempo de lectura":"4 minutos"},"schema":{"@context":"https:\/\/schema.org","@graph":[{"@type":"Article","@id":"http:\/\/gentedebasquet.com.ar\/sitio\/2018\/09\/07\/semaforo-en-verde-2\/#article","isPartOf":{"@id":"http:\/\/gentedebasquet.com.ar\/sitio\/2018\/09\/07\/semaforo-en-verde-2\/"},"author":{"name":"Gente de B\u00e1squet","@id":"https:\/\/gentedebasquet.com.ar\/sitio\/#\/schema\/person\/ca0b63bbb977369988a7bbbdc519943a"},"headline":"Sem\u00e1foro en verde","datePublished":"2018-09-08T02:44:21+00:00","mainEntityOfPage":{"@id":"http:\/\/gentedebasquet.com.ar\/sitio\/2018\/09\/07\/semaforo-en-verde-2\/"},"wordCount":817,"image":{"@id":"http:\/\/gentedebasquet.com.ar\/sitio\/2018\/09\/07\/semaforo-en-verde-2\/#primaryimage"},"thumbnailUrl":"https:\/\/gentedebasquet.com.ar\/sitio\/wp-content\/uploads\/2018\/09\/WhatsApp-Image-2018-09-08-at-00.19.51.jpeg","keywords":["Branco Salvatori","Bruno Gigliotti","Facundo Wattson","Juan Cruz Marini","Martin Godoy","Pacifico"],"articleSection":["Segunda","Slide"],"inLanguage":"es"},{"@type":"WebPage","@id":"http:\/\/gentedebasquet.com.ar\/sitio\/2018\/09\/07\/semaforo-en-verde-2\/","url":"http:\/\/gentedebasquet.com.ar\/sitio\/2018\/09\/07\/semaforo-en-verde-2\/","name":"Sem\u00e1foro en verde - Gente de B\u00e1squet","isPartOf":{"@id":"https:\/\/gentedebasquet.com.ar\/sitio\/#website"},"primaryImageOfPage":{"@id":"http:\/\/gentedebasquet.com.ar\/sitio\/2018\/09\/07\/semaforo-en-verde-2\/#primaryimage"},"image":{"@id":"http:\/\/gentedebasquet.com.ar\/sitio\/2018\/09\/07\/semaforo-en-verde-2\/#primaryimage"},"thumbnailUrl":"https:\/\/gentedebasquet.com.ar\/sitio\/wp-content\/uploads\/2018\/09\/WhatsApp-Image-2018-09-08-at-00.19.51.jpeg","datePublished":"2018-09-08T02:44:21+00:00","author":{"@id":"https:\/\/gentedebasquet.com.ar\/sitio\/#\/schema\/person\/ca0b63bbb977369988a7bbbdc519943a"},"breadcrumb":{"@id":"http:\/\/gentedebasquet.com.ar\/sitio\/2018\/09\/07\/semaforo-en-verde-2\/#breadcrumb"},"inLanguage":"es","potentialAction":[{"@type":"ReadAction","target":["http:\/\/gentedebasquet.com.ar\/sitio\/2018\/09\/07\/semaforo-en-verde-2\/"]}]},{"@type":"ImageObject","inLanguage":"es","@id":"http:\/\/gentedebasquet.com.ar\/sitio\/2018\/09\/07\/semaforo-en-verde-2\/#primaryimage","url":"https:\/\/gentedebasquet.com.ar\/sitio\/wp-content\/uploads\/2018\/09\/WhatsApp-Image-2018-09-08-at-00.19.51.jpeg","contentUrl":"https:\/\/gentedebasquet.com.ar\/sitio\/wp-content\/uploads\/2018\/09\/WhatsApp-Image-2018-09-08-at-00.19.51.jpeg","width":690,"height":319},{"@type":"BreadcrumbList","@id":"http:\/\/gentedebasquet.com.ar\/sitio\/2018\/09\/07\/semaforo-en-verde-2\/#breadcrumb","itemListElement":[{"@type":"ListItem","position":1,"name":"Portada","item":"https:\/\/gentedebasquet.com.ar\/sitio\/"},{"@type":"ListItem","position":2,"name":"Sem\u00e1foro en verde"}]},{"@type":"WebSite","@id":"https:\/\/gentedebasquet.com.ar\/sitio\/#website","url":"https:\/\/gentedebasquet.com.ar\/sitio\/","name":"Gente de B\u00e1squet","description":"La revista del basquet de Bah\u00eda Blanca","potentialAction":[{"@type":"SearchAction","target":{"@type":"EntryPoint","urlTemplate":"https:\/\/gentedebasquet.com.ar\/sitio\/?s={search_term_string}"},"query-input":{"@type":"PropertyValueSpecification","valueRequired":true,"valueName":"search_term_string"}}],"inLanguage":"es"},{"@type":"Person","@id":"https:\/\/gentedebasquet.com.ar\/sitio\/#\/schema\/person\/ca0b63bbb977369988a7bbbdc519943a","name":"Gente de B\u00e1squet","image":{"@type":"ImageObject","inLanguage":"es","@id":"https:\/\/secure.gravatar.com\/avatar\/7f2c48bdc33b30088f941fb6082e555f2874c98e20cb159d7b92b50eadfce793?s=96&d=mm&r=g","url":"https:\/\/secure.gravatar.com\/avatar\/7f2c48bdc33b30088f941fb6082e555f2874c98e20cb159d7b92b50eadfce793?s=96&d=mm&r=g","contentUrl":"https:\/\/secure.gravatar.com\/avatar\/7f2c48bdc33b30088f941fb6082e555f2874c98e20cb159d7b92b50eadfce793?s=96&d=mm&r=g","caption":"Gente de B\u00e1squet"},"sameAs":["http:\/\/gentedebasquet.com.ar\/sitio"],"url":"https:\/\/gentedebasquet.com.ar\/sitio\/author\/ulises\/"}]}},"_links":{"self":[{"href":"https:\/\/gentedebasquet.com.ar\/sitio\/wp-json\/wp\/v2\/posts\/87512","targetHints":{"allow":["GET"]}}],"collection":[{"href":"https:\/\/gentedebasquet.com.ar\/sitio\/wp-json\/wp\/v2\/posts"}],"about":[{"href":"https:\/\/gentedebasquet.com.ar\/sitio\/wp-json\/wp\/v2\/types\/post"}],"author":[{"embeddable":true,"href":"https:\/\/gentedebasquet.com.ar\/sitio\/wp-json\/wp\/v2\/users\/1"}],"replies":[{"embeddable":true,"href":"https:\/\/gentedebasquet.com.ar\/sitio\/wp-json\/wp\/v2\/comments?post=87512"}],"version-history":[{"count":0,"href":"https:\/\/gentedebasquet.com.ar\/sitio\/wp-json\/wp\/v2\/posts\/87512\/revisions"}],"wp:featuredmedia":[{"embeddable":true,"href":"https:\/\/gentedebasquet.com.ar\/sitio\/wp-json\/wp\/v2\/media\/87514"}],"wp:attachment":[{"href":"https:\/\/gentedebasquet.com.ar\/sitio\/wp-json\/wp\/v2\/media?parent=87512"}],"wp:term":[{"taxonomy":"category","embeddable":true,"href":"https:\/\/gentedebasquet.com.ar\/sitio\/wp-json\/wp\/v2\/categories?post=87512"},{"taxonomy":"post_tag","embeddable":true,"href":"https:\/\/gentedebasquet.com.ar\/sitio\/wp-json\/wp\/v2\/tags?post=87512"}],"curies":[{"name":"wp","href":"https:\/\/api.w.org\/{rel}","templated":true}]}}