{"id":87563,"date":"2018-09-09T15:54:52","date_gmt":"2018-09-09T18:54:52","guid":{"rendered":"http:\/\/www.gentedebasquet.com.ar\/?p=87563"},"modified":"2018-09-09T15:54:52","modified_gmt":"2018-09-09T18:54:52","slug":"estan-de-liga","status":"publish","type":"post","link":"https:\/\/gentedebasquet.com.ar\/sitio\/2018\/09\/09\/estan-de-liga\/","title":{"rendered":"Est\u00e1n de Liga"},"content":{"rendered":"<p><strong>Si bien est\u00e1n transitando diferentes etapas, tres equipos son los encargados de representar el b\u00e1squet formativo de la ciudad fronteras afuera.<\/strong><\/p>\n<p><strong>Nueve de Julio tuvo un gran rendimiento colectivo el pasado fin de semana, qued\u00e1ndose con el segundo lugar a nivel provincial y accediendo a la etapa nacional de la Liga U15 masculina.<\/strong><\/p>\n<p><strong>Adem\u00e1s, Estudiantes se dio el gusto de ganar de manera invicta los cuartos de final de la Liga U17 femenina y se meti\u00f3 entre los mejores ocho equipos del pa\u00eds.<\/strong><\/p>\n<p><strong>Mientras que Bahiense del Norte, al ser el \u00fanico club inscripto de la ciudad, disputar\u00e1 directamente la fase provincial de la Liga U13 de varones, en octubre.<\/strong><\/p>\n<p>En orden cronol\u00f3gico, la primera alegr\u00eda la dieron los Infantiles de 9 de Julio. En San Nicol\u00e1s, disputaron la fase final de la Liga U15, logrando dos victorias sobre cuatro partidos y la clasificaci\u00f3n a la etapa nacional.<\/p>\n<p>Nicol\u00e1s Alomar, Iv\u00e1n Prost, Lautaro Ort\u00edz, Mat\u00edas Dom\u00ednguez, Agust\u00edn Serafini, Facundo Slonimsqui, Lucas Buszano, Franco Hermosilla, Emmanuel Paredes, Francisco Anaya, Federico Gonz\u00e1lez y Bruno Rodr\u00edguez integraron el plantel.<\/p>\n<p>El primer juego result\u00f3 a la postre, clave. Fue victoria en suplementario sobre Quilmes de Mar del Plata por 83 a 80 tras igualar el per\u00edodo reglamentario 68-68. Serafini (24 puntos), Alomar (22) y Slonimsqui (18) lideraron el goleo. <a href=\"https:\/\/twitter.com\/GenteDeBasquet\/status\/1035972673367666688\" target=\"_blank\" rel=\"noopener\">As\u00ed fue el cierre del encuentro<\/a>.<\/p>\n<p>Por la tercera fecha (tuvo libre en la primera), el equipo conducido por Gustavo Munafo cay\u00f3 con el local Regatas por 70 a 67. El partido fue nuevamente a tiempo extra, tras empatar 61-61. Esta vez, Slonimsqui fue el m\u00e1ximo anotador (25), seguido de Serafini (13).<\/p>\n<p><img decoding=\"async\" class=\"size-full wp-image-87568 alignright\" src=\"http:\/\/www.gentedebasquet.com.ar\/wp-content\/uploads\/2018\/09\/9-de-Julio-Liga-U15.jpg\" alt=\"\" width=\"500\" height=\"370\" srcset=\"https:\/\/gentedebasquet.com.ar\/sitio\/wp-content\/uploads\/2018\/09\/9-de-Julio-Liga-U15.jpg 500w, https:\/\/gentedebasquet.com.ar\/sitio\/wp-content\/uploads\/2018\/09\/9-de-Julio-Liga-U15-300x222.jpg 300w\" sizes=\"(max-width: 500px) 100vw, 500px\" \/><\/p>\n<p>En la cuarta presentaci\u00f3n, el equipo bahiense sufri\u00f3 la derrota m\u00e1s abultada, justamente ante el campe\u00f3n provincial: su hom\u00f3nimo de Jun\u00edn, por 64 a 57.<\/p>\n<p>Mientras que en la \u00faltima jornada, 9 de Julio se impuso a pura personalidad a Uni\u00f3n Vecinal de La Plata y logr\u00f3 la clasificaci\u00f3n. Fue 87 a 64, con goleo de Anaya (20), Slonimsqui (14) y Buszano (11).<\/p>\n<p>Los dos 9 de Julio y Quilmes fueron, en resumen de cuentas, los equipos que representar\u00e1n a la provincia en la etapa nacional de la Liga U15.<\/p>\n<p>En otro orden, las chicas de Estudiantes redondearon un enorme fin de semana y sellaron su clasificaci\u00f3n a la fase de semifinales de la Liga U17 Femenina.<\/p>\n<p>En Viedma, ganaron sus tres compromisos con notable actuaci\u00f3n de Ail\u00edn Larrosa, quien promedi\u00f3\u00a016,7 puntos (46% en cancha), 17,3 rebotes, 6 asistencias, 2,3 robos y 35m40 por juego.<\/p>\n<p>Completaron el plantel: Anahel Maurer, Martina Caputo, Josefina Brossars, Camila Olea, Berenice Mart\u00ednez, Violeta Del Molino, Julieta Fitterer, Josefina Rodr\u00edguez, Quimey Battaglia y Evelin Noya.<\/p>\n<p>El albo super\u00f3 a San Mart\u00edn de Viedma (57-38), a Deportivo Patagones (59-47) y al organizador Sol de Mayo (66-32) y clasific\u00f3 en primer lugar.<\/p>\n<blockquote><p>Fuimos a sumar experiencia y a ver con qu\u00e9 nos encontr\u00e1bamos, porque ten\u00edamos pocas referencias de los dem\u00e1s equipos. Fuimos con la idea defender fuerte y jugar tranquilas en ataque, buscando buenos tiros. Se nos complic\u00f3 el primer partido porque de los nervios, no nos sal\u00edan las cosas, pero con el correr de los minutos lo fuimos destrabando. El segundo fue el m\u00e1s entretenido y parejo, hasta que al final pudimos romper la zona que nos propusieron. Y el \u00faltimo fue el m\u00e1s tranquilo, porque ya est\u00e1bamos clasificadas y que el trabajo que hicimos hab\u00eda dado sus frutos; pudimos sacar una buena diferencia en el 1C y le dimos minutos a las m\u00e1s chiquitas (Georgina Fornetti, entrenadora)<\/p><\/blockquote>\n<p>Los \u00faltimos que ver\u00e1n acci\u00f3n ser\u00e1n los preinfantiles de Bahiense del Norte.<\/p>\n<p>Los dirigidos por Jorge David, que <a href=\"http:\/\/www.gentedebasquet.com.ar\/la-base-bahiense\/\" target=\"_blank\" rel=\"noopener\">conforman la base de la selecci\u00f3n bahiense para el pr\u00f3ximo Provincial U13<\/a>, competir\u00e1n fronteras afuera desde el 19 de octubre.<\/p>\n","protected":false},"excerpt":{"rendered":"<p>Estudiantes en U17 Femenino, 9 de Julio U15 y Bahiense U13, representan a Bah\u00eda<\/p>\n","protected":false},"author":1,"featured_media":87566,"comment_status":"closed","ping_status":"open","sticky":false,"template":"","format":"standard","meta":{"jnews-multi-image_gallery":[],"jnews_single_post":[],"jnews_primary_category":[],"footnotes":""},"categories":[33,101,27,35],"tags":[2,5,11,812,822,522],"class_list":["post-87563","post","type-post","status-publish","format-standard","has-post-thumbnail","hentry","category-femenino","category-slide","category-u15","category-u17","tag-9dejulio","tag-bahiense-del-norte","tag-estudiantes","tag-liga-u13","tag-liga-u15","tag-liga-u17"],"yoast_head":"<!-- This site is optimized with the Yoast SEO plugin v27.5 - https:\/\/yoast.com\/product\/yoast-seo-wordpress\/ -->\n<title>Est\u00e1n de Liga - Gente de B\u00e1squet<\/title>\n<meta name=\"robots\" content=\"index, follow, max-snippet:-1, max-image-preview:large, max-video-preview:-1\" \/>\n<link rel=\"canonical\" href=\"http:\/\/gentedebasquet.com.ar\/sitio\/2018\/09\/09\/estan-de-liga\/\" \/>\n<meta property=\"og:locale\" content=\"es_ES\" \/>\n<meta property=\"og:type\" content=\"article\" \/>\n<meta property=\"og:title\" content=\"Est\u00e1n de Liga - Gente de B\u00e1squet\" \/>\n<meta property=\"og:description\" content=\"Estudiantes en U17 Femenino, 9 de Julio U15 y Bahiense U13, representan a Bah\u00eda\" \/>\n<meta property=\"og:url\" content=\"http:\/\/gentedebasquet.com.ar\/sitio\/2018\/09\/09\/estan-de-liga\/\" \/>\n<meta property=\"og:site_name\" content=\"Gente de B\u00e1squet\" \/>\n<meta property=\"article:published_time\" content=\"2018-09-09T18:54:52+00:00\" \/>\n<meta property=\"og:image\" content=\"http:\/\/gentedebasquet.com.ar\/sitio\/wp-content\/uploads\/2018\/09\/Estudiantes-U17.jpg\" \/>\n\t<meta property=\"og:image:width\" content=\"690\" \/>\n\t<meta property=\"og:image:height\" content=\"319\" \/>\n\t<meta property=\"og:image:type\" content=\"image\/jpeg\" \/>\n<meta name=\"author\" content=\"Gente de B\u00e1squet\" \/>\n<meta name=\"twitter:card\" content=\"summary_large_image\" \/>\n<meta name=\"twitter:label1\" content=\"Escrito por\" \/>\n\t<meta name=\"twitter:data1\" content=\"Gente de B\u00e1squet\" \/>\n\t<meta name=\"twitter:label2\" content=\"Tiempo de lectura\" \/>\n\t<meta name=\"twitter:data2\" content=\"3 minutos\" \/>\n<script type=\"application\/ld+json\" class=\"yoast-schema-graph\">{\"@context\":\"https:\\\/\\\/schema.org\",\"@graph\":[{\"@type\":\"Article\",\"@id\":\"http:\\\/\\\/gentedebasquet.com.ar\\\/sitio\\\/2018\\\/09\\\/09\\\/estan-de-liga\\\/#article\",\"isPartOf\":{\"@id\":\"http:\\\/\\\/gentedebasquet.com.ar\\\/sitio\\\/2018\\\/09\\\/09\\\/estan-de-liga\\\/\"},\"author\":{\"name\":\"Gente de B\u00e1squet\",\"@id\":\"https:\\\/\\\/gentedebasquet.com.ar\\\/sitio\\\/#\\\/schema\\\/person\\\/ca0b63bbb977369988a7bbbdc519943a\"},\"headline\":\"Est\u00e1n de Liga\",\"datePublished\":\"2018-09-09T18:54:52+00:00\",\"mainEntityOfPage\":{\"@id\":\"http:\\\/\\\/gentedebasquet.com.ar\\\/sitio\\\/2018\\\/09\\\/09\\\/estan-de-liga\\\/\"},\"wordCount\":645,\"image\":{\"@id\":\"http:\\\/\\\/gentedebasquet.com.ar\\\/sitio\\\/2018\\\/09\\\/09\\\/estan-de-liga\\\/#primaryimage\"},\"thumbnailUrl\":\"https:\\\/\\\/gentedebasquet.com.ar\\\/sitio\\\/wp-content\\\/uploads\\\/2018\\\/09\\\/Estudiantes-U17.jpg\",\"keywords\":[\"9 de Julio\",\"Bahiense Del Norte\",\"Estudiantes\",\"Liga U13\",\"Liga U15\",\"Liga U17\"],\"articleSection\":[\"Femenino\",\"Slide\",\"U15\",\"U17\"],\"inLanguage\":\"es\"},{\"@type\":\"WebPage\",\"@id\":\"http:\\\/\\\/gentedebasquet.com.ar\\\/sitio\\\/2018\\\/09\\\/09\\\/estan-de-liga\\\/\",\"url\":\"http:\\\/\\\/gentedebasquet.com.ar\\\/sitio\\\/2018\\\/09\\\/09\\\/estan-de-liga\\\/\",\"name\":\"Est\u00e1n de Liga - Gente de B\u00e1squet\",\"isPartOf\":{\"@id\":\"https:\\\/\\\/gentedebasquet.com.ar\\\/sitio\\\/#website\"},\"primaryImageOfPage\":{\"@id\":\"http:\\\/\\\/gentedebasquet.com.ar\\\/sitio\\\/2018\\\/09\\\/09\\\/estan-de-liga\\\/#primaryimage\"},\"image\":{\"@id\":\"http:\\\/\\\/gentedebasquet.com.ar\\\/sitio\\\/2018\\\/09\\\/09\\\/estan-de-liga\\\/#primaryimage\"},\"thumbnailUrl\":\"https:\\\/\\\/gentedebasquet.com.ar\\\/sitio\\\/wp-content\\\/uploads\\\/2018\\\/09\\\/Estudiantes-U17.jpg\",\"datePublished\":\"2018-09-09T18:54:52+00:00\",\"author\":{\"@id\":\"https:\\\/\\\/gentedebasquet.com.ar\\\/sitio\\\/#\\\/schema\\\/person\\\/ca0b63bbb977369988a7bbbdc519943a\"},\"breadcrumb\":{\"@id\":\"http:\\\/\\\/gentedebasquet.com.ar\\\/sitio\\\/2018\\\/09\\\/09\\\/estan-de-liga\\\/#breadcrumb\"},\"inLanguage\":\"es\",\"potentialAction\":[{\"@type\":\"ReadAction\",\"target\":[\"http:\\\/\\\/gentedebasquet.com.ar\\\/sitio\\\/2018\\\/09\\\/09\\\/estan-de-liga\\\/\"]}]},{\"@type\":\"ImageObject\",\"inLanguage\":\"es\",\"@id\":\"http:\\\/\\\/gentedebasquet.com.ar\\\/sitio\\\/2018\\\/09\\\/09\\\/estan-de-liga\\\/#primaryimage\",\"url\":\"https:\\\/\\\/gentedebasquet.com.ar\\\/sitio\\\/wp-content\\\/uploads\\\/2018\\\/09\\\/Estudiantes-U17.jpg\",\"contentUrl\":\"https:\\\/\\\/gentedebasquet.com.ar\\\/sitio\\\/wp-content\\\/uploads\\\/2018\\\/09\\\/Estudiantes-U17.jpg\",\"width\":690,\"height\":319},{\"@type\":\"BreadcrumbList\",\"@id\":\"http:\\\/\\\/gentedebasquet.com.ar\\\/sitio\\\/2018\\\/09\\\/09\\\/estan-de-liga\\\/#breadcrumb\",\"itemListElement\":[{\"@type\":\"ListItem\",\"position\":1,\"name\":\"Portada\",\"item\":\"https:\\\/\\\/gentedebasquet.com.ar\\\/sitio\\\/\"},{\"@type\":\"ListItem\",\"position\":2,\"name\":\"Est\u00e1n de Liga\"}]},{\"@type\":\"WebSite\",\"@id\":\"https:\\\/\\\/gentedebasquet.com.ar\\\/sitio\\\/#website\",\"url\":\"https:\\\/\\\/gentedebasquet.com.ar\\\/sitio\\\/\",\"name\":\"Gente de B\u00e1squet\",\"description\":\"La revista del basquet de Bah\u00eda Blanca\",\"potentialAction\":[{\"@type\":\"SearchAction\",\"target\":{\"@type\":\"EntryPoint\",\"urlTemplate\":\"https:\\\/\\\/gentedebasquet.com.ar\\\/sitio\\\/?s={search_term_string}\"},\"query-input\":{\"@type\":\"PropertyValueSpecification\",\"valueRequired\":true,\"valueName\":\"search_term_string\"}}],\"inLanguage\":\"es\"},{\"@type\":\"Person\",\"@id\":\"https:\\\/\\\/gentedebasquet.com.ar\\\/sitio\\\/#\\\/schema\\\/person\\\/ca0b63bbb977369988a7bbbdc519943a\",\"name\":\"Gente de B\u00e1squet\",\"image\":{\"@type\":\"ImageObject\",\"inLanguage\":\"es\",\"@id\":\"https:\\\/\\\/secure.gravatar.com\\\/avatar\\\/7f2c48bdc33b30088f941fb6082e555f2874c98e20cb159d7b92b50eadfce793?s=96&d=mm&r=g\",\"url\":\"https:\\\/\\\/secure.gravatar.com\\\/avatar\\\/7f2c48bdc33b30088f941fb6082e555f2874c98e20cb159d7b92b50eadfce793?s=96&d=mm&r=g\",\"contentUrl\":\"https:\\\/\\\/secure.gravatar.com\\\/avatar\\\/7f2c48bdc33b30088f941fb6082e555f2874c98e20cb159d7b92b50eadfce793?s=96&d=mm&r=g\",\"caption\":\"Gente de B\u00e1squet\"},\"sameAs\":[\"http:\\\/\\\/gentedebasquet.com.ar\\\/sitio\"],\"url\":\"https:\\\/\\\/gentedebasquet.com.ar\\\/sitio\\\/author\\\/ulises\\\/\"}]}<\/script>\n<!-- \/ Yoast SEO plugin. -->","yoast_head_json":{"title":"Est\u00e1n de Liga - Gente de B\u00e1squet","robots":{"index":"index","follow":"follow","max-snippet":"max-snippet:-1","max-image-preview":"max-image-preview:large","max-video-preview":"max-video-preview:-1"},"canonical":"http:\/\/gentedebasquet.com.ar\/sitio\/2018\/09\/09\/estan-de-liga\/","og_locale":"es_ES","og_type":"article","og_title":"Est\u00e1n de Liga - Gente de B\u00e1squet","og_description":"Estudiantes en U17 Femenino, 9 de Julio U15 y Bahiense U13, representan a Bah\u00eda","og_url":"http:\/\/gentedebasquet.com.ar\/sitio\/2018\/09\/09\/estan-de-liga\/","og_site_name":"Gente de B\u00e1squet","article_published_time":"2018-09-09T18:54:52+00:00","og_image":[{"width":690,"height":319,"url":"http:\/\/gentedebasquet.com.ar\/sitio\/wp-content\/uploads\/2018\/09\/Estudiantes-U17.jpg","type":"image\/jpeg"}],"author":"Gente de B\u00e1squet","twitter_card":"summary_large_image","twitter_misc":{"Escrito por":"Gente de B\u00e1squet","Tiempo de lectura":"3 minutos"},"schema":{"@context":"https:\/\/schema.org","@graph":[{"@type":"Article","@id":"http:\/\/gentedebasquet.com.ar\/sitio\/2018\/09\/09\/estan-de-liga\/#article","isPartOf":{"@id":"http:\/\/gentedebasquet.com.ar\/sitio\/2018\/09\/09\/estan-de-liga\/"},"author":{"name":"Gente de B\u00e1squet","@id":"https:\/\/gentedebasquet.com.ar\/sitio\/#\/schema\/person\/ca0b63bbb977369988a7bbbdc519943a"},"headline":"Est\u00e1n de Liga","datePublished":"2018-09-09T18:54:52+00:00","mainEntityOfPage":{"@id":"http:\/\/gentedebasquet.com.ar\/sitio\/2018\/09\/09\/estan-de-liga\/"},"wordCount":645,"image":{"@id":"http:\/\/gentedebasquet.com.ar\/sitio\/2018\/09\/09\/estan-de-liga\/#primaryimage"},"thumbnailUrl":"https:\/\/gentedebasquet.com.ar\/sitio\/wp-content\/uploads\/2018\/09\/Estudiantes-U17.jpg","keywords":["9 de Julio","Bahiense Del Norte","Estudiantes","Liga U13","Liga U15","Liga U17"],"articleSection":["Femenino","Slide","U15","U17"],"inLanguage":"es"},{"@type":"WebPage","@id":"http:\/\/gentedebasquet.com.ar\/sitio\/2018\/09\/09\/estan-de-liga\/","url":"http:\/\/gentedebasquet.com.ar\/sitio\/2018\/09\/09\/estan-de-liga\/","name":"Est\u00e1n de Liga - Gente de B\u00e1squet","isPartOf":{"@id":"https:\/\/gentedebasquet.com.ar\/sitio\/#website"},"primaryImageOfPage":{"@id":"http:\/\/gentedebasquet.com.ar\/sitio\/2018\/09\/09\/estan-de-liga\/#primaryimage"},"image":{"@id":"http:\/\/gentedebasquet.com.ar\/sitio\/2018\/09\/09\/estan-de-liga\/#primaryimage"},"thumbnailUrl":"https:\/\/gentedebasquet.com.ar\/sitio\/wp-content\/uploads\/2018\/09\/Estudiantes-U17.jpg","datePublished":"2018-09-09T18:54:52+00:00","author":{"@id":"https:\/\/gentedebasquet.com.ar\/sitio\/#\/schema\/person\/ca0b63bbb977369988a7bbbdc519943a"},"breadcrumb":{"@id":"http:\/\/gentedebasquet.com.ar\/sitio\/2018\/09\/09\/estan-de-liga\/#breadcrumb"},"inLanguage":"es","potentialAction":[{"@type":"ReadAction","target":["http:\/\/gentedebasquet.com.ar\/sitio\/2018\/09\/09\/estan-de-liga\/"]}]},{"@type":"ImageObject","inLanguage":"es","@id":"http:\/\/gentedebasquet.com.ar\/sitio\/2018\/09\/09\/estan-de-liga\/#primaryimage","url":"https:\/\/gentedebasquet.com.ar\/sitio\/wp-content\/uploads\/2018\/09\/Estudiantes-U17.jpg","contentUrl":"https:\/\/gentedebasquet.com.ar\/sitio\/wp-content\/uploads\/2018\/09\/Estudiantes-U17.jpg","width":690,"height":319},{"@type":"BreadcrumbList","@id":"http:\/\/gentedebasquet.com.ar\/sitio\/2018\/09\/09\/estan-de-liga\/#breadcrumb","itemListElement":[{"@type":"ListItem","position":1,"name":"Portada","item":"https:\/\/gentedebasquet.com.ar\/sitio\/"},{"@type":"ListItem","position":2,"name":"Est\u00e1n de Liga"}]},{"@type":"WebSite","@id":"https:\/\/gentedebasquet.com.ar\/sitio\/#website","url":"https:\/\/gentedebasquet.com.ar\/sitio\/","name":"Gente de B\u00e1squet","description":"La revista del basquet de Bah\u00eda Blanca","potentialAction":[{"@type":"SearchAction","target":{"@type":"EntryPoint","urlTemplate":"https:\/\/gentedebasquet.com.ar\/sitio\/?s={search_term_string}"},"query-input":{"@type":"PropertyValueSpecification","valueRequired":true,"valueName":"search_term_string"}}],"inLanguage":"es"},{"@type":"Person","@id":"https:\/\/gentedebasquet.com.ar\/sitio\/#\/schema\/person\/ca0b63bbb977369988a7bbbdc519943a","name":"Gente de B\u00e1squet","image":{"@type":"ImageObject","inLanguage":"es","@id":"https:\/\/secure.gravatar.com\/avatar\/7f2c48bdc33b30088f941fb6082e555f2874c98e20cb159d7b92b50eadfce793?s=96&d=mm&r=g","url":"https:\/\/secure.gravatar.com\/avatar\/7f2c48bdc33b30088f941fb6082e555f2874c98e20cb159d7b92b50eadfce793?s=96&d=mm&r=g","contentUrl":"https:\/\/secure.gravatar.com\/avatar\/7f2c48bdc33b30088f941fb6082e555f2874c98e20cb159d7b92b50eadfce793?s=96&d=mm&r=g","caption":"Gente de B\u00e1squet"},"sameAs":["http:\/\/gentedebasquet.com.ar\/sitio"],"url":"https:\/\/gentedebasquet.com.ar\/sitio\/author\/ulises\/"}]}},"_links":{"self":[{"href":"https:\/\/gentedebasquet.com.ar\/sitio\/wp-json\/wp\/v2\/posts\/87563","targetHints":{"allow":["GET"]}}],"collection":[{"href":"https:\/\/gentedebasquet.com.ar\/sitio\/wp-json\/wp\/v2\/posts"}],"about":[{"href":"https:\/\/gentedebasquet.com.ar\/sitio\/wp-json\/wp\/v2\/types\/post"}],"author":[{"embeddable":true,"href":"https:\/\/gentedebasquet.com.ar\/sitio\/wp-json\/wp\/v2\/users\/1"}],"replies":[{"embeddable":true,"href":"https:\/\/gentedebasquet.com.ar\/sitio\/wp-json\/wp\/v2\/comments?post=87563"}],"version-history":[{"count":0,"href":"https:\/\/gentedebasquet.com.ar\/sitio\/wp-json\/wp\/v2\/posts\/87563\/revisions"}],"wp:featuredmedia":[{"embeddable":true,"href":"https:\/\/gentedebasquet.com.ar\/sitio\/wp-json\/wp\/v2\/media\/87566"}],"wp:attachment":[{"href":"https:\/\/gentedebasquet.com.ar\/sitio\/wp-json\/wp\/v2\/media?parent=87563"}],"wp:term":[{"taxonomy":"category","embeddable":true,"href":"https:\/\/gentedebasquet.com.ar\/sitio\/wp-json\/wp\/v2\/categories?post=87563"},{"taxonomy":"post_tag","embeddable":true,"href":"https:\/\/gentedebasquet.com.ar\/sitio\/wp-json\/wp\/v2\/tags?post=87563"}],"curies":[{"name":"wp","href":"https:\/\/api.w.org\/{rel}","templated":true}]}}