{"id":87990,"date":"2018-09-18T23:47:09","date_gmt":"2018-09-19T02:47:09","guid":{"rendered":"http:\/\/www.gentedebasquet.com.ar\/?p=87990"},"modified":"2018-09-18T23:47:09","modified_gmt":"2018-09-19T02:47:09","slug":"se-le-dio-a-sportivo","status":"publish","type":"post","link":"https:\/\/gentedebasquet.com.ar\/sitio\/2018\/09\/18\/se-le-dio-a-sportivo\/","title":{"rendered":"Se le dio a Sportivo"},"content":{"rendered":"<p><strong>Doble satisfacci\u00f3n tuvo Sportivo Bahiense, al derrotar por primera vez en el a\u00f1o a Argentino, por 83 a 78, y sumarse al lote de perseguidores de Los Andes, el \u00fanico puntero.<\/strong><\/p>\n<p><strong>El tricolor se apoy\u00f3 en tres patas fundamentales: Facundo Goenaga (17, 8 rebotes y 3 tapas), Nahuel Rizzo (26) y Joaqu\u00edn Tuero (20 y 10 tableros), y lleg\u00f3 a sacar 15 de luz en el cierre del 2C.<\/strong><\/p>\n<p><strong>La visita recort\u00f3 aprovechando que Rizzo debi\u00f3 descansar casi todo el 3C por faltas y con triples de Susbielles, Mart\u00ednez y Aceituno, se coloc\u00f3 a un doble (78-76) a 29s.<\/strong><\/p>\n<p><strong>Pero una acci\u00f3n de doble y falta de Goenaga sell\u00f3 la victoria para el equipo de Gustavo Candia.<\/strong><\/p>\n<p>&nbsp;<\/p>\n<p>&nbsp;<\/p>\n<blockquote><p>Para poder ganarle a Argentino ten\u00edamos que hacer un partido perfecto, ten\u00edamos que jugar muy bien. Nosotros lo padecimos todo el a\u00f1o, hoy (por ayer) es como un premio a lo que venimos haciendo, lo que venimos laburando, porque\u00a0cuando termin\u00f3 el primer torneo quedamos otra vez desarmados y tuvimos que empezar\u00a0otra vez a ajustar los engranajes (Facundo Goenaga)<\/p><\/blockquote>\n<p>&nbsp;<\/p>\n<p><strong>S\u00edntesis |<\/strong>\u00a0Segunda Divisi\u00f3n \u2013 Segundo Tramo \u2013 Fecha #12<\/p>\n<p><strong>Sportivo Bahiense 83:\u00a0<\/strong>Joaqu\u00edn Tuero 20, Juli\u00e1n Gutt 11, Miguel Garc\u00eda 9 (X), Nahuel Rizzo 26, Facundo Goenaga 17 (FI); Luciano Temporelli 0, Lucas Santarelli 0 y Franco Bucca 0. DT: Gustavo Candia.<\/p>\n<p><strong>Argentino 78:<\/strong>\u00a0Carlos Nador 2, Sebasti\u00e1n Mart\u00ednez 20, Nicol\u00e1s Antonelli 24 (X), Bruno Aceituno 7, Ger\u00f3nimo Rausch 8 (FI); Sebasti\u00e1n Susbielles 14 y Mauro Montanaro 3. DT: Gast\u00f3n Fern\u00e1ndez.<\/p>\n<p><strong>Parciales:<\/strong>\u00a026-20, 48-34 (22-14), 64-58 (16-24) y 83-78 (19-20).<\/p>\n<p><strong>\u00c1rbitros:<\/strong>\u00a0Javier S\u00e1nchez &#8211; Sebasti\u00e1n Giannino.<\/p>\n<p><strong>Estadio:<\/strong>\u00a0Eladio Santos (Sportivo Bahiense).<\/p>\n<p><a href=\"https:\/\/docs.google.com\/spreadsheets\/d\/e\/2PACX-1vSs_BqV2phLL8WOcBQlK3RI69ktfFA0rlBZre-wt8Ll3w48k5o8lFMD3xz9cuOyRNIiZ7eY0UtIZN8F\/pubhtml?gid=1989934905&amp;single=true\" target=\"_blank\" rel=\"noopener\">Ver Planilla<\/a><\/p>\n","protected":false},"excerpt":{"rendered":"<p>Venci\u00f3 a Argentino por primera vez en el a\u00f1o: 83 a 78, en el Eladio Santos<\/p>\n","protected":false},"author":1,"featured_media":87991,"comment_status":"closed","ping_status":"open","sticky":false,"template":"","format":"standard","meta":{"jnews-multi-image_gallery":[],"jnews_single_post":[],"jnews_primary_category":[],"footnotes":""},"categories":[25,101],"tags":[4,20],"class_list":["post-87990","post","type-post","status-publish","format-standard","has-post-thumbnail","hentry","category-segunda","category-slide","tag-argentino","tag-sportivo-bahiense"],"yoast_head":"<!-- This site is optimized with the Yoast SEO plugin v27.5 - https:\/\/yoast.com\/product\/yoast-seo-wordpress\/ -->\n<title>Se le dio a Sportivo - Gente de B\u00e1squet<\/title>\n<meta name=\"robots\" content=\"index, follow, max-snippet:-1, max-image-preview:large, max-video-preview:-1\" \/>\n<link rel=\"canonical\" href=\"https:\/\/gentedebasquet.com.ar\/sitio\/2018\/09\/18\/se-le-dio-a-sportivo\/\" \/>\n<meta property=\"og:locale\" content=\"es_ES\" \/>\n<meta property=\"og:type\" content=\"article\" \/>\n<meta property=\"og:title\" content=\"Se le dio a Sportivo - Gente de B\u00e1squet\" \/>\n<meta property=\"og:description\" content=\"Venci\u00f3 a Argentino por primera vez en el a\u00f1o: 83 a 78, en el Eladio Santos\" \/>\n<meta property=\"og:url\" content=\"https:\/\/gentedebasquet.com.ar\/sitio\/2018\/09\/18\/se-le-dio-a-sportivo\/\" \/>\n<meta property=\"og:site_name\" content=\"Gente de B\u00e1squet\" \/>\n<meta property=\"article:published_time\" content=\"2018-09-19T02:47:09+00:00\" \/>\n<meta property=\"og:image\" content=\"https:\/\/gentedebasquet.com.ar\/sitio\/wp-content\/uploads\/2018\/09\/Sportivo-Argentino-Goenaga.jpg\" \/>\n\t<meta property=\"og:image:width\" content=\"690\" \/>\n\t<meta property=\"og:image:height\" content=\"319\" \/>\n\t<meta property=\"og:image:type\" content=\"image\/jpeg\" \/>\n<meta name=\"author\" content=\"Gente de B\u00e1squet\" \/>\n<meta name=\"twitter:card\" content=\"summary_large_image\" \/>\n<meta name=\"twitter:label1\" content=\"Escrito por\" \/>\n\t<meta name=\"twitter:data1\" content=\"Gente de B\u00e1squet\" \/>\n\t<meta name=\"twitter:label2\" content=\"Tiempo de lectura\" \/>\n\t<meta name=\"twitter:data2\" content=\"1 minuto\" \/>\n<script type=\"application\/ld+json\" class=\"yoast-schema-graph\">{\"@context\":\"https:\\\/\\\/schema.org\",\"@graph\":[{\"@type\":\"Article\",\"@id\":\"https:\\\/\\\/gentedebasquet.com.ar\\\/sitio\\\/2018\\\/09\\\/18\\\/se-le-dio-a-sportivo\\\/#article\",\"isPartOf\":{\"@id\":\"https:\\\/\\\/gentedebasquet.com.ar\\\/sitio\\\/2018\\\/09\\\/18\\\/se-le-dio-a-sportivo\\\/\"},\"author\":{\"name\":\"Gente de B\u00e1squet\",\"@id\":\"https:\\\/\\\/gentedebasquet.com.ar\\\/sitio\\\/#\\\/schema\\\/person\\\/ca0b63bbb977369988a7bbbdc519943a\"},\"headline\":\"Se le dio a Sportivo\",\"datePublished\":\"2018-09-19T02:47:09+00:00\",\"mainEntityOfPage\":{\"@id\":\"https:\\\/\\\/gentedebasquet.com.ar\\\/sitio\\\/2018\\\/09\\\/18\\\/se-le-dio-a-sportivo\\\/\"},\"wordCount\":271,\"image\":{\"@id\":\"https:\\\/\\\/gentedebasquet.com.ar\\\/sitio\\\/2018\\\/09\\\/18\\\/se-le-dio-a-sportivo\\\/#primaryimage\"},\"thumbnailUrl\":\"https:\\\/\\\/gentedebasquet.com.ar\\\/sitio\\\/wp-content\\\/uploads\\\/2018\\\/09\\\/Sportivo-Argentino-Goenaga.jpg\",\"keywords\":[\"Argentino\",\"Sportivo Bahiense\"],\"articleSection\":[\"Segunda\",\"Slide\"],\"inLanguage\":\"es\"},{\"@type\":\"WebPage\",\"@id\":\"https:\\\/\\\/gentedebasquet.com.ar\\\/sitio\\\/2018\\\/09\\\/18\\\/se-le-dio-a-sportivo\\\/\",\"url\":\"https:\\\/\\\/gentedebasquet.com.ar\\\/sitio\\\/2018\\\/09\\\/18\\\/se-le-dio-a-sportivo\\\/\",\"name\":\"Se le dio a Sportivo - Gente de B\u00e1squet\",\"isPartOf\":{\"@id\":\"https:\\\/\\\/gentedebasquet.com.ar\\\/sitio\\\/#website\"},\"primaryImageOfPage\":{\"@id\":\"https:\\\/\\\/gentedebasquet.com.ar\\\/sitio\\\/2018\\\/09\\\/18\\\/se-le-dio-a-sportivo\\\/#primaryimage\"},\"image\":{\"@id\":\"https:\\\/\\\/gentedebasquet.com.ar\\\/sitio\\\/2018\\\/09\\\/18\\\/se-le-dio-a-sportivo\\\/#primaryimage\"},\"thumbnailUrl\":\"https:\\\/\\\/gentedebasquet.com.ar\\\/sitio\\\/wp-content\\\/uploads\\\/2018\\\/09\\\/Sportivo-Argentino-Goenaga.jpg\",\"datePublished\":\"2018-09-19T02:47:09+00:00\",\"author\":{\"@id\":\"https:\\\/\\\/gentedebasquet.com.ar\\\/sitio\\\/#\\\/schema\\\/person\\\/ca0b63bbb977369988a7bbbdc519943a\"},\"breadcrumb\":{\"@id\":\"https:\\\/\\\/gentedebasquet.com.ar\\\/sitio\\\/2018\\\/09\\\/18\\\/se-le-dio-a-sportivo\\\/#breadcrumb\"},\"inLanguage\":\"es\",\"potentialAction\":[{\"@type\":\"ReadAction\",\"target\":[\"https:\\\/\\\/gentedebasquet.com.ar\\\/sitio\\\/2018\\\/09\\\/18\\\/se-le-dio-a-sportivo\\\/\"]}]},{\"@type\":\"ImageObject\",\"inLanguage\":\"es\",\"@id\":\"https:\\\/\\\/gentedebasquet.com.ar\\\/sitio\\\/2018\\\/09\\\/18\\\/se-le-dio-a-sportivo\\\/#primaryimage\",\"url\":\"https:\\\/\\\/gentedebasquet.com.ar\\\/sitio\\\/wp-content\\\/uploads\\\/2018\\\/09\\\/Sportivo-Argentino-Goenaga.jpg\",\"contentUrl\":\"https:\\\/\\\/gentedebasquet.com.ar\\\/sitio\\\/wp-content\\\/uploads\\\/2018\\\/09\\\/Sportivo-Argentino-Goenaga.jpg\",\"width\":690,\"height\":319},{\"@type\":\"BreadcrumbList\",\"@id\":\"https:\\\/\\\/gentedebasquet.com.ar\\\/sitio\\\/2018\\\/09\\\/18\\\/se-le-dio-a-sportivo\\\/#breadcrumb\",\"itemListElement\":[{\"@type\":\"ListItem\",\"position\":1,\"name\":\"Portada\",\"item\":\"https:\\\/\\\/gentedebasquet.com.ar\\\/sitio\\\/\"},{\"@type\":\"ListItem\",\"position\":2,\"name\":\"Se le dio a Sportivo\"}]},{\"@type\":\"WebSite\",\"@id\":\"https:\\\/\\\/gentedebasquet.com.ar\\\/sitio\\\/#website\",\"url\":\"https:\\\/\\\/gentedebasquet.com.ar\\\/sitio\\\/\",\"name\":\"Gente de B\u00e1squet\",\"description\":\"La revista del basquet de Bah\u00eda Blanca\",\"potentialAction\":[{\"@type\":\"SearchAction\",\"target\":{\"@type\":\"EntryPoint\",\"urlTemplate\":\"https:\\\/\\\/gentedebasquet.com.ar\\\/sitio\\\/?s={search_term_string}\"},\"query-input\":{\"@type\":\"PropertyValueSpecification\",\"valueRequired\":true,\"valueName\":\"search_term_string\"}}],\"inLanguage\":\"es\"},{\"@type\":\"Person\",\"@id\":\"https:\\\/\\\/gentedebasquet.com.ar\\\/sitio\\\/#\\\/schema\\\/person\\\/ca0b63bbb977369988a7bbbdc519943a\",\"name\":\"Gente de B\u00e1squet\",\"image\":{\"@type\":\"ImageObject\",\"inLanguage\":\"es\",\"@id\":\"https:\\\/\\\/secure.gravatar.com\\\/avatar\\\/7f2c48bdc33b30088f941fb6082e555f2874c98e20cb159d7b92b50eadfce793?s=96&d=mm&r=g\",\"url\":\"https:\\\/\\\/secure.gravatar.com\\\/avatar\\\/7f2c48bdc33b30088f941fb6082e555f2874c98e20cb159d7b92b50eadfce793?s=96&d=mm&r=g\",\"contentUrl\":\"https:\\\/\\\/secure.gravatar.com\\\/avatar\\\/7f2c48bdc33b30088f941fb6082e555f2874c98e20cb159d7b92b50eadfce793?s=96&d=mm&r=g\",\"caption\":\"Gente de B\u00e1squet\"},\"sameAs\":[\"http:\\\/\\\/gentedebasquet.com.ar\\\/sitio\"],\"url\":\"https:\\\/\\\/gentedebasquet.com.ar\\\/sitio\\\/author\\\/ulises\\\/\"}]}<\/script>\n<!-- \/ Yoast SEO plugin. -->","yoast_head_json":{"title":"Se le dio a Sportivo - Gente de B\u00e1squet","robots":{"index":"index","follow":"follow","max-snippet":"max-snippet:-1","max-image-preview":"max-image-preview:large","max-video-preview":"max-video-preview:-1"},"canonical":"https:\/\/gentedebasquet.com.ar\/sitio\/2018\/09\/18\/se-le-dio-a-sportivo\/","og_locale":"es_ES","og_type":"article","og_title":"Se le dio a Sportivo - Gente de B\u00e1squet","og_description":"Venci\u00f3 a Argentino por primera vez en el a\u00f1o: 83 a 78, en el Eladio Santos","og_url":"https:\/\/gentedebasquet.com.ar\/sitio\/2018\/09\/18\/se-le-dio-a-sportivo\/","og_site_name":"Gente de B\u00e1squet","article_published_time":"2018-09-19T02:47:09+00:00","og_image":[{"width":690,"height":319,"url":"https:\/\/gentedebasquet.com.ar\/sitio\/wp-content\/uploads\/2018\/09\/Sportivo-Argentino-Goenaga.jpg","type":"image\/jpeg"}],"author":"Gente de B\u00e1squet","twitter_card":"summary_large_image","twitter_misc":{"Escrito por":"Gente de B\u00e1squet","Tiempo de lectura":"1 minuto"},"schema":{"@context":"https:\/\/schema.org","@graph":[{"@type":"Article","@id":"https:\/\/gentedebasquet.com.ar\/sitio\/2018\/09\/18\/se-le-dio-a-sportivo\/#article","isPartOf":{"@id":"https:\/\/gentedebasquet.com.ar\/sitio\/2018\/09\/18\/se-le-dio-a-sportivo\/"},"author":{"name":"Gente de B\u00e1squet","@id":"https:\/\/gentedebasquet.com.ar\/sitio\/#\/schema\/person\/ca0b63bbb977369988a7bbbdc519943a"},"headline":"Se le dio a Sportivo","datePublished":"2018-09-19T02:47:09+00:00","mainEntityOfPage":{"@id":"https:\/\/gentedebasquet.com.ar\/sitio\/2018\/09\/18\/se-le-dio-a-sportivo\/"},"wordCount":271,"image":{"@id":"https:\/\/gentedebasquet.com.ar\/sitio\/2018\/09\/18\/se-le-dio-a-sportivo\/#primaryimage"},"thumbnailUrl":"https:\/\/gentedebasquet.com.ar\/sitio\/wp-content\/uploads\/2018\/09\/Sportivo-Argentino-Goenaga.jpg","keywords":["Argentino","Sportivo Bahiense"],"articleSection":["Segunda","Slide"],"inLanguage":"es"},{"@type":"WebPage","@id":"https:\/\/gentedebasquet.com.ar\/sitio\/2018\/09\/18\/se-le-dio-a-sportivo\/","url":"https:\/\/gentedebasquet.com.ar\/sitio\/2018\/09\/18\/se-le-dio-a-sportivo\/","name":"Se le dio a Sportivo - Gente de B\u00e1squet","isPartOf":{"@id":"https:\/\/gentedebasquet.com.ar\/sitio\/#website"},"primaryImageOfPage":{"@id":"https:\/\/gentedebasquet.com.ar\/sitio\/2018\/09\/18\/se-le-dio-a-sportivo\/#primaryimage"},"image":{"@id":"https:\/\/gentedebasquet.com.ar\/sitio\/2018\/09\/18\/se-le-dio-a-sportivo\/#primaryimage"},"thumbnailUrl":"https:\/\/gentedebasquet.com.ar\/sitio\/wp-content\/uploads\/2018\/09\/Sportivo-Argentino-Goenaga.jpg","datePublished":"2018-09-19T02:47:09+00:00","author":{"@id":"https:\/\/gentedebasquet.com.ar\/sitio\/#\/schema\/person\/ca0b63bbb977369988a7bbbdc519943a"},"breadcrumb":{"@id":"https:\/\/gentedebasquet.com.ar\/sitio\/2018\/09\/18\/se-le-dio-a-sportivo\/#breadcrumb"},"inLanguage":"es","potentialAction":[{"@type":"ReadAction","target":["https:\/\/gentedebasquet.com.ar\/sitio\/2018\/09\/18\/se-le-dio-a-sportivo\/"]}]},{"@type":"ImageObject","inLanguage":"es","@id":"https:\/\/gentedebasquet.com.ar\/sitio\/2018\/09\/18\/se-le-dio-a-sportivo\/#primaryimage","url":"https:\/\/gentedebasquet.com.ar\/sitio\/wp-content\/uploads\/2018\/09\/Sportivo-Argentino-Goenaga.jpg","contentUrl":"https:\/\/gentedebasquet.com.ar\/sitio\/wp-content\/uploads\/2018\/09\/Sportivo-Argentino-Goenaga.jpg","width":690,"height":319},{"@type":"BreadcrumbList","@id":"https:\/\/gentedebasquet.com.ar\/sitio\/2018\/09\/18\/se-le-dio-a-sportivo\/#breadcrumb","itemListElement":[{"@type":"ListItem","position":1,"name":"Portada","item":"https:\/\/gentedebasquet.com.ar\/sitio\/"},{"@type":"ListItem","position":2,"name":"Se le dio a Sportivo"}]},{"@type":"WebSite","@id":"https:\/\/gentedebasquet.com.ar\/sitio\/#website","url":"https:\/\/gentedebasquet.com.ar\/sitio\/","name":"Gente de B\u00e1squet","description":"La revista del basquet de Bah\u00eda Blanca","potentialAction":[{"@type":"SearchAction","target":{"@type":"EntryPoint","urlTemplate":"https:\/\/gentedebasquet.com.ar\/sitio\/?s={search_term_string}"},"query-input":{"@type":"PropertyValueSpecification","valueRequired":true,"valueName":"search_term_string"}}],"inLanguage":"es"},{"@type":"Person","@id":"https:\/\/gentedebasquet.com.ar\/sitio\/#\/schema\/person\/ca0b63bbb977369988a7bbbdc519943a","name":"Gente de B\u00e1squet","image":{"@type":"ImageObject","inLanguage":"es","@id":"https:\/\/secure.gravatar.com\/avatar\/7f2c48bdc33b30088f941fb6082e555f2874c98e20cb159d7b92b50eadfce793?s=96&d=mm&r=g","url":"https:\/\/secure.gravatar.com\/avatar\/7f2c48bdc33b30088f941fb6082e555f2874c98e20cb159d7b92b50eadfce793?s=96&d=mm&r=g","contentUrl":"https:\/\/secure.gravatar.com\/avatar\/7f2c48bdc33b30088f941fb6082e555f2874c98e20cb159d7b92b50eadfce793?s=96&d=mm&r=g","caption":"Gente de B\u00e1squet"},"sameAs":["http:\/\/gentedebasquet.com.ar\/sitio"],"url":"https:\/\/gentedebasquet.com.ar\/sitio\/author\/ulises\/"}]}},"_links":{"self":[{"href":"https:\/\/gentedebasquet.com.ar\/sitio\/wp-json\/wp\/v2\/posts\/87990","targetHints":{"allow":["GET"]}}],"collection":[{"href":"https:\/\/gentedebasquet.com.ar\/sitio\/wp-json\/wp\/v2\/posts"}],"about":[{"href":"https:\/\/gentedebasquet.com.ar\/sitio\/wp-json\/wp\/v2\/types\/post"}],"author":[{"embeddable":true,"href":"https:\/\/gentedebasquet.com.ar\/sitio\/wp-json\/wp\/v2\/users\/1"}],"replies":[{"embeddable":true,"href":"https:\/\/gentedebasquet.com.ar\/sitio\/wp-json\/wp\/v2\/comments?post=87990"}],"version-history":[{"count":0,"href":"https:\/\/gentedebasquet.com.ar\/sitio\/wp-json\/wp\/v2\/posts\/87990\/revisions"}],"wp:featuredmedia":[{"embeddable":true,"href":"https:\/\/gentedebasquet.com.ar\/sitio\/wp-json\/wp\/v2\/media\/87991"}],"wp:attachment":[{"href":"https:\/\/gentedebasquet.com.ar\/sitio\/wp-json\/wp\/v2\/media?parent=87990"}],"wp:term":[{"taxonomy":"category","embeddable":true,"href":"https:\/\/gentedebasquet.com.ar\/sitio\/wp-json\/wp\/v2\/categories?post=87990"},{"taxonomy":"post_tag","embeddable":true,"href":"https:\/\/gentedebasquet.com.ar\/sitio\/wp-json\/wp\/v2\/tags?post=87990"}],"curies":[{"name":"wp","href":"https:\/\/api.w.org\/{rel}","templated":true}]}}