{"id":87995,"date":"2018-09-18T23:45:33","date_gmt":"2018-09-19T02:45:33","guid":{"rendered":"http:\/\/www.gentedebasquet.com.ar\/?p=87995"},"modified":"2018-09-18T23:45:33","modified_gmt":"2018-09-19T02:45:33","slug":"grande-manu","status":"publish","type":"post","link":"https:\/\/gentedebasquet.com.ar\/sitio\/2018\/09\/18\/grande-manu\/","title":{"rendered":"Grande Manu"},"content":{"rendered":"<p><b>En un encuentro cargado de varios condimentos, Pac\u00edfico venci\u00f3 a Altense, en el William Hardingreen por 74 a 69. En el arranque, fueron los dirigidos por Gebruers que lideraron el juego hasta el inicio del 2C donde el due\u00f1o de casa, despert\u00f3, prolongando su buena racha hasta el 3C donde pudo imponer una buena ventaja (46-32) aunque Altense se acerc\u00f3 a tiempo. En un final cerrado, fueron los de Mart\u00edn Luis quienes con mayor iniciativa, se quedaron con el triunfo. <\/b><b>Manuel Maina fue el goleador del encuentro, con 27 unidades \u00a1\u00a1 7-8 en triples !! junto a Juan Cruz Marini (12+10) y Branco Salvatori (12). En la visita, Nahuel Altamirano con 22 unidades, fue la figura destacada,junto a Lucio Fruinque (14+9) y Hern\u00e1n Rava (13).<\/b><\/p>\n<p><img decoding=\"async\" class=\" wp-image-88011 alignright\" src=\"http:\/\/www.gentedebasquet.com.ar\/wp-content\/uploads\/2018\/09\/42059049_888542771335326_6796915999393185792_n-1.jpg\" alt=\"\" width=\"336\" height=\"227\" srcset=\"https:\/\/gentedebasquet.com.ar\/sitio\/wp-content\/uploads\/2018\/09\/42059049_888542771335326_6796915999393185792_n-1.jpg 400w, https:\/\/gentedebasquet.com.ar\/sitio\/wp-content\/uploads\/2018\/09\/42059049_888542771335326_6796915999393185792_n-1-300x203.jpg 300w\" sizes=\"(max-width: 336px) 100vw, 336px\" \/><\/p>\n<p>&nbsp;<\/p>\n<blockquote><p><span style=\"font-weight: 400;\">La verdad que fue un partido muy duro, sab\u00edamos que iban a venir con los dientes apretados, por suerte pudimos sacarlo adelante aunque fue muy parejo el partido, nos llevamos la victoria que es lo importante\u00a0<\/span><span style=\"font-weight: 400;\">y seguir peleando arriba. (Manuel Maina, Pac\u00edfico).\u00a0\u00a0<\/span><\/p><\/blockquote>\n<p><span style=\"font-weight: 400;\">Altense tuvo la iniciativa gracias al buen accionar de Fruinque- Goncalvez- Altamirano para sacar 6 de luz (8m) en el arranque. Pac\u00edfico sin reaccionar, aunque con un Maina despierto de larga distancia para abrir el marcador (7m32). El goleo del 1C fue bajo, por ambos lados, con m\u00e1s presi\u00f3n y menor efectividad. <\/span><\/p>\n<p><span style=\"font-weight: 400;\">El 2C se mostr\u00f3 m\u00e1s din\u00e1mico, con dos triples de Maina (6) para ponerse mano a mano con un rival s\u00f3lido en la pintura. No obstante, los de Gebruers estuvieron mas de 4m sin convertir, hasta la llegada de Altamirano (9) a la l\u00ednea (1-2), clave en el goleo visitante. En los tres minutos finales del segmento, los tiros de campo no fueron en abundancia (5-4) pero el verde supo ir al descanso liderando el juego, con un doble final de Marini (3seg).<\/span><\/p>\n<p><span style=\"font-weight: 400;\">Con un bombazo de Maina de larga distancia (9m22) iniciaba la etapa complementaria. Goncalvez que respond\u00eda <a href=\"http:\/\/www.gentedebasquet.com.ar\/wp-content\/uploads\/2018\/09\/42059010_352383595509803_5490360460886671360_n-1.jpg\"><img decoding=\"async\" class=\"size-full wp-image-88012 alignright\" src=\"http:\/\/www.gentedebasquet.com.ar\/wp-content\/uploads\/2018\/09\/42059010_352383595509803_5490360460886671360_n-1.jpg\" alt=\"\" width=\"400\" height=\"270\" srcset=\"https:\/\/gentedebasquet.com.ar\/sitio\/wp-content\/uploads\/2018\/09\/42059010_352383595509803_5490360460886671360_n-1.jpg 400w, https:\/\/gentedebasquet.com.ar\/sitio\/wp-content\/uploads\/2018\/09\/42059010_352383595509803_5490360460886671360_n-1-300x203.jpg 300w\" sizes=\"(max-width: 400px) 100vw, 400px\" \/><\/a>desde la l\u00ednea, con 2-2 con un parcial de 36-32 (7m09). En 2m los dirigidos por Mart\u00edn Luis establecieron un parcial de 10-0, con un Maina (11) imparable. Fruinque (10) fue el protagonista principal en los minutos restantes del periodo, junto a Rava efectivo desde el tiro libre. El 3C que finaliz\u00f3 52-50, con una paridad latente.<\/span><\/p>\n<p><span style=\"font-weight: 400;\">La etapa final, mostr\u00f3 semejanza en el comienzo, en un encuentro peleado y aguerrido. Buenos pasajes de Santill\u00e1n e Iturralde desde la pintura y resistencia ofensiva de Marini mientras que, en la vereda de enfrente, Marcos Polchi respond\u00eda de tres puntos (9m11). Aun as\u00ed, un triple clave de Maina (6m25) para sacar ventaja aunque pronto, llegar\u00eda Altamirano con un tiro de larga distancia (62-61). Esta pelea continu\u00f3 hasta los minutos finales, donde pudo definirse gracias a un buen trabajo en conjunto de Salvatori (7) y Maina (4). Pese al compasivo trabajo de Altamirano, los de Gebruers no pudieron ante Pac\u00edfico. <\/span><\/p>\n<p><b>S\u00edntesis | Segunda Divisi\u00f3n \u2013 Segundo Tramo \u2013 Fecha #12<\/b><span style=\"font-weight: 400;\"><br \/>\n<\/span><span style=\"font-weight: 400;\"><br \/>\n<\/span><b>Pac\u00edfico 74: <\/b><span style=\"font-weight: 400;\">Branco Salvatori 12, Manuel Maina 27, Juan Cruz Marini 12, Mat\u00edas Pristupa 5, Mauro Santillan 7 (x) (FI); Facundo Wattson 6, Esteban Richotti 0 (D) y Juan Iturralde 5. DT: Mart\u00edn Luis.<\/span><span style=\"font-weight: 400;\"><br \/>\n<\/span><span style=\"font-weight: 400;\"><br \/>\n<\/span><b>Altense 69<\/b><span style=\"font-weight: 400;\">: Jerem\u00edas Goncalvez 6, Franco Percello 8, Hern\u00e1n Rava 13, Lucio Fruinque 14, Nahuel Altamirano 22 (FI); Matias Leiva 0, Marcos Polchi 5 y Jose Tshering 1. DT: Mat\u00edas Gebruers.<\/span><span style=\"font-weight: 400;\"><br \/>\n<\/span><span style=\"font-weight: 400;\"><br \/>\n<\/span><b>Parciales<\/b><span style=\"font-weight: 400;\">: 11-16, 33-30 (22-14), 52-50 (19-20) y 74-69 (22-19).<\/span><span style=\"font-weight: 400;\"><br \/>\n<\/span><span style=\"font-weight: 400;\"><br \/>\n<\/span><b>\u00c1rbitros<\/b><span style=\"font-weight: 400;\">: Eduardo Ferreyra &#8211; Jorge Scheffer.<\/span><\/p>\n<p><b>Estadio<\/b><span style=\"font-weight: 400;\">: William Hardingreen (Pacifico).<\/span><\/p>\n<p><a class=\"modalf iframe\" title=\"Planilla\" href=\"https:\/\/docs.google.com\/spreadsheets\/d\/e\/2PACX-1vRg2WsKn_mmaLUgC8pqA9OFpCb54SWywVQJgJC15e7lsRSE4sDQABFpncdDzqhcJYRECxQQZ9Vd-Jtv\/pubhtml\" target=\"_blank\" rel=\"noopener\">Ver Planilla<\/a><\/p>\n","protected":false},"excerpt":{"rendered":"<p>Pacifico suma su s\u00e9ptima victoria en fila: 74 a 69 ante Altense.<\/p>\n","protected":false},"author":1,"featured_media":88010,"comment_status":"closed","ping_status":"open","sticky":false,"template":"","format":"standard","meta":{"jnews-multi-image_gallery":[],"jnews_single_post":[],"jnews_primary_category":[],"footnotes":""},"categories":[25,101],"tags":[213,1386,309,1631,1272,1632,17],"class_list":["post-87995","post","type-post","status-publish","format-standard","has-post-thumbnail","hentry","category-segunda","category-slide","tag-altense","tag-branco-salvatori","tag-juan-cruz-marini","tag-lucio-fruinque","tag-manuel-maina","tag-nahuel-altamirano","tag-pacifico"],"yoast_head":"<!-- This site is optimized with the Yoast SEO plugin v27.5 - https:\/\/yoast.com\/product\/yoast-seo-wordpress\/ -->\n<title>Grande Manu - Gente de B\u00e1squet<\/title>\n<meta name=\"robots\" content=\"index, follow, max-snippet:-1, max-image-preview:large, max-video-preview:-1\" \/>\n<link rel=\"canonical\" href=\"http:\/\/gentedebasquet.com.ar\/sitio\/2018\/09\/18\/grande-manu\/\" \/>\n<meta property=\"og:locale\" content=\"es_ES\" \/>\n<meta property=\"og:type\" content=\"article\" \/>\n<meta property=\"og:title\" content=\"Grande Manu - Gente de B\u00e1squet\" \/>\n<meta property=\"og:description\" content=\"Pacifico suma su s\u00e9ptima victoria en fila: 74 a 69 ante Altense.\" \/>\n<meta property=\"og:url\" content=\"http:\/\/gentedebasquet.com.ar\/sitio\/2018\/09\/18\/grande-manu\/\" \/>\n<meta property=\"og:site_name\" content=\"Gente de B\u00e1squet\" \/>\n<meta property=\"article:published_time\" content=\"2018-09-19T02:45:33+00:00\" \/>\n<meta property=\"og:image\" content=\"http:\/\/gentedebasquet.com.ar\/sitio\/wp-content\/uploads\/2018\/09\/42059436_2115060165400023_1639430845569695744_n-1.jpg\" \/>\n\t<meta property=\"og:image:width\" content=\"690\" \/>\n\t<meta property=\"og:image:height\" content=\"319\" \/>\n\t<meta property=\"og:image:type\" content=\"image\/jpeg\" \/>\n<meta name=\"author\" content=\"Gente de B\u00e1squet\" \/>\n<meta name=\"twitter:card\" content=\"summary_large_image\" \/>\n<meta name=\"twitter:label1\" content=\"Escrito por\" \/>\n\t<meta name=\"twitter:data1\" content=\"Gente de B\u00e1squet\" \/>\n\t<meta name=\"twitter:label2\" content=\"Tiempo de lectura\" \/>\n\t<meta name=\"twitter:data2\" content=\"3 minutos\" \/>\n<script type=\"application\/ld+json\" class=\"yoast-schema-graph\">{\"@context\":\"https:\\\/\\\/schema.org\",\"@graph\":[{\"@type\":\"Article\",\"@id\":\"http:\\\/\\\/gentedebasquet.com.ar\\\/sitio\\\/2018\\\/09\\\/18\\\/grande-manu\\\/#article\",\"isPartOf\":{\"@id\":\"http:\\\/\\\/gentedebasquet.com.ar\\\/sitio\\\/2018\\\/09\\\/18\\\/grande-manu\\\/\"},\"author\":{\"name\":\"Gente de B\u00e1squet\",\"@id\":\"https:\\\/\\\/gentedebasquet.com.ar\\\/sitio\\\/#\\\/schema\\\/person\\\/ca0b63bbb977369988a7bbbdc519943a\"},\"headline\":\"Grande Manu\",\"datePublished\":\"2018-09-19T02:45:33+00:00\",\"mainEntityOfPage\":{\"@id\":\"http:\\\/\\\/gentedebasquet.com.ar\\\/sitio\\\/2018\\\/09\\\/18\\\/grande-manu\\\/\"},\"wordCount\":565,\"image\":{\"@id\":\"http:\\\/\\\/gentedebasquet.com.ar\\\/sitio\\\/2018\\\/09\\\/18\\\/grande-manu\\\/#primaryimage\"},\"thumbnailUrl\":\"https:\\\/\\\/gentedebasquet.com.ar\\\/sitio\\\/wp-content\\\/uploads\\\/2018\\\/09\\\/42059436_2115060165400023_1639430845569695744_n-1.jpg\",\"keywords\":[\"Altense\",\"Branco Salvatori\",\"Juan Cruz Marini\",\"Lucio Fruinque\",\"Manuel Maina\",\"Nahuel Altamirano\",\"Pacifico\"],\"articleSection\":[\"Segunda\",\"Slide\"],\"inLanguage\":\"es\"},{\"@type\":\"WebPage\",\"@id\":\"http:\\\/\\\/gentedebasquet.com.ar\\\/sitio\\\/2018\\\/09\\\/18\\\/grande-manu\\\/\",\"url\":\"http:\\\/\\\/gentedebasquet.com.ar\\\/sitio\\\/2018\\\/09\\\/18\\\/grande-manu\\\/\",\"name\":\"Grande Manu - Gente de B\u00e1squet\",\"isPartOf\":{\"@id\":\"https:\\\/\\\/gentedebasquet.com.ar\\\/sitio\\\/#website\"},\"primaryImageOfPage\":{\"@id\":\"http:\\\/\\\/gentedebasquet.com.ar\\\/sitio\\\/2018\\\/09\\\/18\\\/grande-manu\\\/#primaryimage\"},\"image\":{\"@id\":\"http:\\\/\\\/gentedebasquet.com.ar\\\/sitio\\\/2018\\\/09\\\/18\\\/grande-manu\\\/#primaryimage\"},\"thumbnailUrl\":\"https:\\\/\\\/gentedebasquet.com.ar\\\/sitio\\\/wp-content\\\/uploads\\\/2018\\\/09\\\/42059436_2115060165400023_1639430845569695744_n-1.jpg\",\"datePublished\":\"2018-09-19T02:45:33+00:00\",\"author\":{\"@id\":\"https:\\\/\\\/gentedebasquet.com.ar\\\/sitio\\\/#\\\/schema\\\/person\\\/ca0b63bbb977369988a7bbbdc519943a\"},\"breadcrumb\":{\"@id\":\"http:\\\/\\\/gentedebasquet.com.ar\\\/sitio\\\/2018\\\/09\\\/18\\\/grande-manu\\\/#breadcrumb\"},\"inLanguage\":\"es\",\"potentialAction\":[{\"@type\":\"ReadAction\",\"target\":[\"http:\\\/\\\/gentedebasquet.com.ar\\\/sitio\\\/2018\\\/09\\\/18\\\/grande-manu\\\/\"]}]},{\"@type\":\"ImageObject\",\"inLanguage\":\"es\",\"@id\":\"http:\\\/\\\/gentedebasquet.com.ar\\\/sitio\\\/2018\\\/09\\\/18\\\/grande-manu\\\/#primaryimage\",\"url\":\"https:\\\/\\\/gentedebasquet.com.ar\\\/sitio\\\/wp-content\\\/uploads\\\/2018\\\/09\\\/42059436_2115060165400023_1639430845569695744_n-1.jpg\",\"contentUrl\":\"https:\\\/\\\/gentedebasquet.com.ar\\\/sitio\\\/wp-content\\\/uploads\\\/2018\\\/09\\\/42059436_2115060165400023_1639430845569695744_n-1.jpg\",\"width\":690,\"height\":319},{\"@type\":\"BreadcrumbList\",\"@id\":\"http:\\\/\\\/gentedebasquet.com.ar\\\/sitio\\\/2018\\\/09\\\/18\\\/grande-manu\\\/#breadcrumb\",\"itemListElement\":[{\"@type\":\"ListItem\",\"position\":1,\"name\":\"Portada\",\"item\":\"https:\\\/\\\/gentedebasquet.com.ar\\\/sitio\\\/\"},{\"@type\":\"ListItem\",\"position\":2,\"name\":\"Grande Manu\"}]},{\"@type\":\"WebSite\",\"@id\":\"https:\\\/\\\/gentedebasquet.com.ar\\\/sitio\\\/#website\",\"url\":\"https:\\\/\\\/gentedebasquet.com.ar\\\/sitio\\\/\",\"name\":\"Gente de B\u00e1squet\",\"description\":\"La revista del basquet de Bah\u00eda Blanca\",\"potentialAction\":[{\"@type\":\"SearchAction\",\"target\":{\"@type\":\"EntryPoint\",\"urlTemplate\":\"https:\\\/\\\/gentedebasquet.com.ar\\\/sitio\\\/?s={search_term_string}\"},\"query-input\":{\"@type\":\"PropertyValueSpecification\",\"valueRequired\":true,\"valueName\":\"search_term_string\"}}],\"inLanguage\":\"es\"},{\"@type\":\"Person\",\"@id\":\"https:\\\/\\\/gentedebasquet.com.ar\\\/sitio\\\/#\\\/schema\\\/person\\\/ca0b63bbb977369988a7bbbdc519943a\",\"name\":\"Gente de B\u00e1squet\",\"image\":{\"@type\":\"ImageObject\",\"inLanguage\":\"es\",\"@id\":\"https:\\\/\\\/secure.gravatar.com\\\/avatar\\\/7f2c48bdc33b30088f941fb6082e555f2874c98e20cb159d7b92b50eadfce793?s=96&d=mm&r=g\",\"url\":\"https:\\\/\\\/secure.gravatar.com\\\/avatar\\\/7f2c48bdc33b30088f941fb6082e555f2874c98e20cb159d7b92b50eadfce793?s=96&d=mm&r=g\",\"contentUrl\":\"https:\\\/\\\/secure.gravatar.com\\\/avatar\\\/7f2c48bdc33b30088f941fb6082e555f2874c98e20cb159d7b92b50eadfce793?s=96&d=mm&r=g\",\"caption\":\"Gente de B\u00e1squet\"},\"sameAs\":[\"http:\\\/\\\/gentedebasquet.com.ar\\\/sitio\"],\"url\":\"https:\\\/\\\/gentedebasquet.com.ar\\\/sitio\\\/author\\\/ulises\\\/\"}]}<\/script>\n<!-- \/ Yoast SEO plugin. -->","yoast_head_json":{"title":"Grande Manu - Gente de B\u00e1squet","robots":{"index":"index","follow":"follow","max-snippet":"max-snippet:-1","max-image-preview":"max-image-preview:large","max-video-preview":"max-video-preview:-1"},"canonical":"http:\/\/gentedebasquet.com.ar\/sitio\/2018\/09\/18\/grande-manu\/","og_locale":"es_ES","og_type":"article","og_title":"Grande Manu - Gente de B\u00e1squet","og_description":"Pacifico suma su s\u00e9ptima victoria en fila: 74 a 69 ante Altense.","og_url":"http:\/\/gentedebasquet.com.ar\/sitio\/2018\/09\/18\/grande-manu\/","og_site_name":"Gente de B\u00e1squet","article_published_time":"2018-09-19T02:45:33+00:00","og_image":[{"width":690,"height":319,"url":"http:\/\/gentedebasquet.com.ar\/sitio\/wp-content\/uploads\/2018\/09\/42059436_2115060165400023_1639430845569695744_n-1.jpg","type":"image\/jpeg"}],"author":"Gente de B\u00e1squet","twitter_card":"summary_large_image","twitter_misc":{"Escrito por":"Gente de B\u00e1squet","Tiempo de lectura":"3 minutos"},"schema":{"@context":"https:\/\/schema.org","@graph":[{"@type":"Article","@id":"http:\/\/gentedebasquet.com.ar\/sitio\/2018\/09\/18\/grande-manu\/#article","isPartOf":{"@id":"http:\/\/gentedebasquet.com.ar\/sitio\/2018\/09\/18\/grande-manu\/"},"author":{"name":"Gente de B\u00e1squet","@id":"https:\/\/gentedebasquet.com.ar\/sitio\/#\/schema\/person\/ca0b63bbb977369988a7bbbdc519943a"},"headline":"Grande Manu","datePublished":"2018-09-19T02:45:33+00:00","mainEntityOfPage":{"@id":"http:\/\/gentedebasquet.com.ar\/sitio\/2018\/09\/18\/grande-manu\/"},"wordCount":565,"image":{"@id":"http:\/\/gentedebasquet.com.ar\/sitio\/2018\/09\/18\/grande-manu\/#primaryimage"},"thumbnailUrl":"https:\/\/gentedebasquet.com.ar\/sitio\/wp-content\/uploads\/2018\/09\/42059436_2115060165400023_1639430845569695744_n-1.jpg","keywords":["Altense","Branco Salvatori","Juan Cruz Marini","Lucio Fruinque","Manuel Maina","Nahuel Altamirano","Pacifico"],"articleSection":["Segunda","Slide"],"inLanguage":"es"},{"@type":"WebPage","@id":"http:\/\/gentedebasquet.com.ar\/sitio\/2018\/09\/18\/grande-manu\/","url":"http:\/\/gentedebasquet.com.ar\/sitio\/2018\/09\/18\/grande-manu\/","name":"Grande Manu - Gente de B\u00e1squet","isPartOf":{"@id":"https:\/\/gentedebasquet.com.ar\/sitio\/#website"},"primaryImageOfPage":{"@id":"http:\/\/gentedebasquet.com.ar\/sitio\/2018\/09\/18\/grande-manu\/#primaryimage"},"image":{"@id":"http:\/\/gentedebasquet.com.ar\/sitio\/2018\/09\/18\/grande-manu\/#primaryimage"},"thumbnailUrl":"https:\/\/gentedebasquet.com.ar\/sitio\/wp-content\/uploads\/2018\/09\/42059436_2115060165400023_1639430845569695744_n-1.jpg","datePublished":"2018-09-19T02:45:33+00:00","author":{"@id":"https:\/\/gentedebasquet.com.ar\/sitio\/#\/schema\/person\/ca0b63bbb977369988a7bbbdc519943a"},"breadcrumb":{"@id":"http:\/\/gentedebasquet.com.ar\/sitio\/2018\/09\/18\/grande-manu\/#breadcrumb"},"inLanguage":"es","potentialAction":[{"@type":"ReadAction","target":["http:\/\/gentedebasquet.com.ar\/sitio\/2018\/09\/18\/grande-manu\/"]}]},{"@type":"ImageObject","inLanguage":"es","@id":"http:\/\/gentedebasquet.com.ar\/sitio\/2018\/09\/18\/grande-manu\/#primaryimage","url":"https:\/\/gentedebasquet.com.ar\/sitio\/wp-content\/uploads\/2018\/09\/42059436_2115060165400023_1639430845569695744_n-1.jpg","contentUrl":"https:\/\/gentedebasquet.com.ar\/sitio\/wp-content\/uploads\/2018\/09\/42059436_2115060165400023_1639430845569695744_n-1.jpg","width":690,"height":319},{"@type":"BreadcrumbList","@id":"http:\/\/gentedebasquet.com.ar\/sitio\/2018\/09\/18\/grande-manu\/#breadcrumb","itemListElement":[{"@type":"ListItem","position":1,"name":"Portada","item":"https:\/\/gentedebasquet.com.ar\/sitio\/"},{"@type":"ListItem","position":2,"name":"Grande Manu"}]},{"@type":"WebSite","@id":"https:\/\/gentedebasquet.com.ar\/sitio\/#website","url":"https:\/\/gentedebasquet.com.ar\/sitio\/","name":"Gente de B\u00e1squet","description":"La revista del basquet de Bah\u00eda Blanca","potentialAction":[{"@type":"SearchAction","target":{"@type":"EntryPoint","urlTemplate":"https:\/\/gentedebasquet.com.ar\/sitio\/?s={search_term_string}"},"query-input":{"@type":"PropertyValueSpecification","valueRequired":true,"valueName":"search_term_string"}}],"inLanguage":"es"},{"@type":"Person","@id":"https:\/\/gentedebasquet.com.ar\/sitio\/#\/schema\/person\/ca0b63bbb977369988a7bbbdc519943a","name":"Gente de B\u00e1squet","image":{"@type":"ImageObject","inLanguage":"es","@id":"https:\/\/secure.gravatar.com\/avatar\/7f2c48bdc33b30088f941fb6082e555f2874c98e20cb159d7b92b50eadfce793?s=96&d=mm&r=g","url":"https:\/\/secure.gravatar.com\/avatar\/7f2c48bdc33b30088f941fb6082e555f2874c98e20cb159d7b92b50eadfce793?s=96&d=mm&r=g","contentUrl":"https:\/\/secure.gravatar.com\/avatar\/7f2c48bdc33b30088f941fb6082e555f2874c98e20cb159d7b92b50eadfce793?s=96&d=mm&r=g","caption":"Gente de B\u00e1squet"},"sameAs":["http:\/\/gentedebasquet.com.ar\/sitio"],"url":"https:\/\/gentedebasquet.com.ar\/sitio\/author\/ulises\/"}]}},"_links":{"self":[{"href":"https:\/\/gentedebasquet.com.ar\/sitio\/wp-json\/wp\/v2\/posts\/87995","targetHints":{"allow":["GET"]}}],"collection":[{"href":"https:\/\/gentedebasquet.com.ar\/sitio\/wp-json\/wp\/v2\/posts"}],"about":[{"href":"https:\/\/gentedebasquet.com.ar\/sitio\/wp-json\/wp\/v2\/types\/post"}],"author":[{"embeddable":true,"href":"https:\/\/gentedebasquet.com.ar\/sitio\/wp-json\/wp\/v2\/users\/1"}],"replies":[{"embeddable":true,"href":"https:\/\/gentedebasquet.com.ar\/sitio\/wp-json\/wp\/v2\/comments?post=87995"}],"version-history":[{"count":0,"href":"https:\/\/gentedebasquet.com.ar\/sitio\/wp-json\/wp\/v2\/posts\/87995\/revisions"}],"wp:featuredmedia":[{"embeddable":true,"href":"https:\/\/gentedebasquet.com.ar\/sitio\/wp-json\/wp\/v2\/media\/88010"}],"wp:attachment":[{"href":"https:\/\/gentedebasquet.com.ar\/sitio\/wp-json\/wp\/v2\/media?parent=87995"}],"wp:term":[{"taxonomy":"category","embeddable":true,"href":"https:\/\/gentedebasquet.com.ar\/sitio\/wp-json\/wp\/v2\/categories?post=87995"},{"taxonomy":"post_tag","embeddable":true,"href":"https:\/\/gentedebasquet.com.ar\/sitio\/wp-json\/wp\/v2\/tags?post=87995"}],"curies":[{"name":"wp","href":"https:\/\/api.w.org\/{rel}","templated":true}]}}