{"id":88121,"date":"2018-09-22T23:47:14","date_gmt":"2018-09-23T02:47:14","guid":{"rendered":"http:\/\/www.gentedebasquet.com.ar\/?p=88121"},"modified":"2018-09-22T23:47:14","modified_gmt":"2018-09-23T02:47:14","slug":"con-la-calculadora","status":"publish","type":"post","link":"https:\/\/gentedebasquet.com.ar\/sitio\/2018\/09\/22\/con-la-calculadora\/","title":{"rendered":"Con la calculadora"},"content":{"rendered":"<p><strong>Pese a haber cerrado la fase sin victorias como local y por debajo de su rendimiento promedio, El Nacional logr\u00f3 avanzar al Final Four del Provincial de Clubes Femenino.<\/strong><\/p>\n<p><strong>El Celeste cay\u00f3 con C\u00edrculo Penitenciario (La Plata) por 59 a 54, aunque se vio beneficiado -ante la igualdad en la tabla de posiciones- por la victoria que consigui\u00f3 cuando viaj\u00f3 a la ciudad de las diagonales (50-66).<\/strong><\/p>\n<p><strong>Nadia Vrizz (16 y 11 rebotes) y Roc\u00edo Conti (14, con 6\/7 en dobles) tuvieron las mejores tareas en el equipo de Viviana Albizu; mientras que la portuguesa Eduarda Umabano, de la visita, fue la goleadora del juego, con 22 tantos.<\/strong><\/p>\n<p><strong>El F4 ir\u00e1 en sede a licitar, entre el 6 y el 7 de octubre. De all\u00ed, los dos mejores equipos obtendr\u00e1n plaza en el Torneo Federal.<\/strong><\/p>\n<p>La noche del domingo 26 de agosto termin\u00f3 siendo crucial en la vida deportiva de El Nacional, ya que aquella victoria termin\u00f3 significando la \u00fanica lograda en la primera fase del Provincial de Clubes Femenino y la que le dio la clasificaci\u00f3n al Final Four.<\/p>\n<figure id=\"attachment_88119\" aria-describedby=\"caption-attachment-88119\" style=\"width: 400px\" class=\"wp-caption alignright\"><img decoding=\"async\" class=\"wp-image-88119 size-full\" src=\"http:\/\/www.gentedebasquet.com.ar\/wp-content\/uploads\/2018\/09\/El-Nacional-Penitenciario-Umabano.jpg\" alt=\"\" width=\"400\" height=\"270\" srcset=\"https:\/\/gentedebasquet.com.ar\/sitio\/wp-content\/uploads\/2018\/09\/El-Nacional-Penitenciario-Umabano.jpg 400w, https:\/\/gentedebasquet.com.ar\/sitio\/wp-content\/uploads\/2018\/09\/El-Nacional-Penitenciario-Umabano-300x203.jpg 300w\" sizes=\"(max-width: 400px) 100vw, 400px\" \/><figcaption id=\"caption-attachment-88119\" class=\"wp-caption-text\">Umabano gana el rebote entre Chcair, Tombesi y Lazar.<\/figcaption><\/figure>\n<p><a href=\"http:\/\/www.gentedebasquet.com.ar\/se-recupero-el-nacional\/\" target=\"_blank\" rel=\"noopener\">En aquella oportunidad<\/a>, el Celeste se impuso a C\u00edrculo Penitenciario, en La Plata, por 66 a 50 (hubo 34 puntos de Vrizz). Y, probablemente, ese +16 le jug\u00f3 una mala pasada al equipo de Viviana Albizu, que no disput\u00f3 el duelo ante las platenses, en nuestra ciudad, con la m\u00e1xima concentraci\u00f3n.<\/p>\n<p>\u00abNo fue un partido muy bueno, no nos salieron las cosas. No s\u00e9 si est\u00e1bamos confiadas; se logr\u00f3 la clasificaci\u00f3n pero no hubo motivaci\u00f3n y no me voy contenta\u00bb, cont\u00f3 la entrenadora.<\/p>\n<p>Un espejismo result\u00f3 ser, en ese sentido, el arranque del duelo. El local se coloc\u00f3 6-0 al frente haci\u00e9ndole llegar la bola a Tombesi. Aunque en el marco de un tr\u00e1mite lento, la visita cambi\u00f3 el ritmo, contra atac\u00f3 y pas\u00f3 al frente (6-8) a 6m38 del 1C, luci\u00e9ndose Umabano.<\/p>\n<p>Luego entr\u00f3 en ritmo Vrizz y El Nacional retom\u00f3 el liderazgo. Incluso, el due\u00f1o de casa sali\u00f3 mejor al 2C, estirando la ventaja a 18-11 con gol de Conti (3\/3 t2 en el 1T) y a 24-13 -m\u00e1xima-, a 2m52 del ET, con canasta de Agustina T\u00e9vez.<\/p>\n<p>\u00abAll\u00e1 fue parejo, ellas nos hab\u00edan sacado 10 puntos pero lo levantamos y lo jugamos manteni\u00e9ndonos arriba. Fue un partido muy diferente este al otro, las defensas de ellas all\u00e1 fueron mucho m\u00e1s duras y lo sacamos a flote. Hoy no fue tan as\u00ed, pero no nos salieron las cosas\u00bb, admiti\u00f3 Vivi.<\/p>\n<p>Toda la calma que mantuvo el local en la primera mitad desapareci\u00f3 tras el descanso largo.<\/p>\n<p>Creci\u00f3 el trabajo de Morales y Otar\u00e1n, sum\u00e1ndose a la prolija actuaci\u00f3n de la portuguesa Umabano, y C\u00edrculo se fue transformando en un rival inc\u00f3modo.<\/p>\n<figure id=\"attachment_88118\" aria-describedby=\"caption-attachment-88118\" style=\"width: 400px\" class=\"wp-caption alignleft\"><img decoding=\"async\" class=\"wp-image-88118 size-full\" src=\"http:\/\/www.gentedebasquet.com.ar\/wp-content\/uploads\/2018\/09\/El-Nacional-Penitenciario-Lazar.jpg\" alt=\"\" width=\"400\" height=\"270\" srcset=\"https:\/\/gentedebasquet.com.ar\/sitio\/wp-content\/uploads\/2018\/09\/El-Nacional-Penitenciario-Lazar.jpg 400w, https:\/\/gentedebasquet.com.ar\/sitio\/wp-content\/uploads\/2018\/09\/El-Nacional-Penitenciario-Lazar-300x203.jpg 300w\" sizes=\"(max-width: 400px) 100vw, 400px\" \/><figcaption id=\"caption-attachment-88118\" class=\"wp-caption-text\">La barilochense Lazar inicia la ofensiva de El Nacional.<\/figcaption><\/figure>\n<p>Las dirigidas por Maximiliano M\u00e9rida sellaron un parcial de 12-0 que las coloc\u00f3 al frente: 26-32 a 4m47 del 3C. Tombesi, en la l\u00ednea (1\/2) cort\u00f3 una racha de 4m51 sin convertir para el local, aunque en lo sucesivo, Umabano acert\u00f3 a distancia provocando que el local empiece a sacar cuentas.<\/p>\n<p>La m\u00e1xima de la visita lleg\u00f3 a ser de 12 puntos (27-39) a 2m57 del 3C. Es decir, alcanz\u00f3 a ubicarse a dos pelotas de la clasificaci\u00f3n.<\/p>\n<p>\u00abHoy estuvimos en un nivel inferior al acostumbrado, no podemos decir que fue un partido normal m\u00e1s all\u00e1 de que a veces se plantean cosas que no salen. Empezamos bien, sacando 11 puntos, pero se nos vinieron, hice los cambios que pude y no dio resultado\u00bb, a\u00f1adi\u00f3 Albizu.<\/p>\n<p>Dos acciones de Conti sacaron al Celeste del letargo. Ya en el 4C, fueron Tombesi (jugada de doble y falta) y Vrizz las que le devolvieron la tranquilidad al local.<\/p>\n<p>C\u00edrculo fue de menor a mayor, aunque tras su m\u00e1xima (27-39) comenz\u00f3 a lamentar la baj\u00edsima efectividad a distancia (totaliz\u00f3 1\/18) y vio como la clasificaci\u00f3n, al principio compleja y m\u00e1s tarde posible, se le termin\u00f3 escapando.<\/p>\n<p>\u00abEn la pr\u00f3xima instancia los rivales van a ser m\u00e1s duros, vamos a tener que mejorar la concentraci\u00f3n porque hoy perdimos muchas pelotas y estuvimos mal en defensa, dejado chicas muy solas abajo del aro. Esperemos que en la segunda etapa tengamos m\u00e1s motivaci\u00f3n y podamos mejorar\u00bb, complet\u00f3 Albizu.<\/p>\n<p><iframe loading=\"lazy\" src=\"https:\/\/www.youtube.com\/embed\/e0W0cmoxVAA\" width=\"560\" height=\"315\" frameborder=\"0\" allowfullscreen=\"allowfullscreen\"><\/iframe><\/p>\n<p><strong>S\u00edntesis |<\/strong> Provincial de Clubes Femenino &#8211; Zona B &#8211; Fecha #6<\/p>\n<p><strong>El Nacional 54:<\/strong> Luciana Ort\u00edz 2, Nadia Vrizz 16, Josefina Calvento 0, Roc\u00edo Conti 14, Bel\u00e9n Tombesi 11 (FI); Paulina Lazar 5, Aldana Chcair 2, Victoria P\u00e9rez 0, Agustina T\u00e9vez 2 y Aldana Rodr\u00edguez 2. DT: Viviana Albizu.<\/p>\n<p><strong>C\u00edrculo Penitenciario (La Plata) 59:<\/strong> Ail\u00edn Demontis 3, Eduarda Umabano 22, Alfonsina Morales 11, Antonella Otar\u00e1n 12, Carolina P\u00e9rez 8 (FI); Ayel\u00e9n Demontis 0, Ana Rimada 2, Juliana Santa Mar\u00eda 1, Marina El\u00edas 0, Ivana Tronelli 0 y Ail\u00e9n Lafont 0. DT: Maximiliano M\u00e9rida.<\/p>\n<p><strong>Parciales:<\/strong> 14-11, 24-20 (10-9), 36-39 (12-19) y 54-59 (18-20).<\/p>\n<p><strong>\u00c1rbitros:<\/strong> Marjorie Stuardo &#8211; Tadeo L\u00f3pez Hoyos.<\/p>\n<p><strong>Estadio:<\/strong> Delfo y Pac\u00edfico Ciccioli (El Nacional).<\/p>\n<p><a href=\"https:\/\/docs.google.com\/spreadsheets\/d\/e\/2PACX-1vRj14mzK9a64ytTorSiJOeO41Ti6jGJaOEyWg6UnRPCf_31N2uCVX3I4rFnf5KN4MLdaPT4xdjiJnQ9\/pubhtml\" target=\"_blank\" rel=\"noopener\">Ver Planilla<\/a><\/p>\n<p>&nbsp;<\/p>\n<table border=\"2\" width=\"100%\">\n<tbody>\n<tr>\n<td align=\"center\" bgcolor=\"#e87006\"><span style=\"color: #000000; font-family: tahoma, verdana, arial, helvetica, sans-serif; font-size: small;\"><strong>PROVINCIAL FEMENINO<\/strong><\/span><\/td>\n<td align=\"center\" bgcolor=\"#000000\"><span style=\"color: #ffffff; font-family: tahoma, verdana, arial, helvetica, sans-serif; font-size: small;\"><strong>\u00a0 \u00a0 \u00a0 \u00a0 \u00a0 ZONA SUR\u00a0 \u00a0 \u00a0 \u00a0 \u00a0<\/strong><\/span><\/td>\n<\/tr>\n<\/tbody>\n<\/table>\n<table border=\"2\" width=\"100%\">\n<tbody>\n<tr>\n<td align=\"center\" bgcolor=\"#095abf\"><span style=\"color: #ffffff; font-family: tahoma, verdana, arial, helvetica, sans-serif; font-size: small;\"><strong>POS<\/strong><\/span><\/td>\n<td align=\"center\" bgcolor=\"#095abf\"><strong><span style=\"color: #ffffff; font-family: tahoma, verdana, arial, helvetica, sans-serif; font-size: small;\">EQUIPO<\/span><\/strong><\/td>\n<td align=\"center\" bgcolor=\"#000000\"><strong><span style=\"color: #ffffff; font-family: tahoma, verdana, arial, helvetica, sans-serif; font-size: small;\">PTS<\/span><\/strong><\/td>\n<td align=\"center\" bgcolor=\"#095abf\"><strong><span style=\"color: #ffffff; font-family: tahoma, verdana, arial, helvetica, sans-serif; font-size: small;\">PJ<\/span><\/strong><\/td>\n<td align=\"center\" bgcolor=\"#095abf\"><strong><span style=\"color: #ffffff; font-family: tahoma, verdana, arial, helvetica, sans-serif; font-size: small;\">PG<\/span><\/strong><\/td>\n<td align=\"center\" bgcolor=\"#095abf\"><strong><span style=\"color: #ffffff; font-family: tahoma, verdana, arial, helvetica, sans-serif; font-size: small;\">PP<\/span><\/strong><\/td>\n<td align=\"center\" bgcolor=\"#000000\"><strong><span style=\"color: #ffffff; font-family: tahoma, verdana, arial, helvetica, sans-serif; font-size: small;\">GF<\/span><\/strong><\/td>\n<td align=\"center\" bgcolor=\"#000000\"><strong><span style=\"color: #ffffff; font-family: tahoma, verdana, arial, helvetica, sans-serif; font-size: small;\">GC<\/span><\/strong><\/td>\n<\/tr>\n<tr>\n<td align=\"center\" bgcolor=\"#dcdcdc\"><span style=\"font-family: tahoma, verdana, arial, helvetica, sans-serif; font-size: small;\">1\u00ba<\/span><\/td>\n<td align=\"center\" bgcolor=\"#dcdcdc\"><span style=\"font-family: tahoma, verdana, arial, helvetica, sans-serif; font-size: small;\">Ferro<\/span><\/td>\n<td align=\"center\" bgcolor=\"#dcdcdc\"><span style=\"font-family: tahoma, verdana, arial, helvetica, sans-serif; font-size: small;\">8<\/span><\/td>\n<td align=\"center\" bgcolor=\"#dcdcdc\"><span style=\"font-family: tahoma, verdana, arial, helvetica, sans-serif; font-size: small;\">4<\/span><\/td>\n<td align=\"center\" bgcolor=\"#dcdcdc\"><span style=\"font-family: tahoma, verdana, arial, helvetica, sans-serif; font-size: small;\"><span style=\"line-height: 19.5px;\">4<\/span><\/span><\/td>\n<td align=\"center\" bgcolor=\"#dcdcdc\"><span style=\"font-family: tahoma, verdana, arial, helvetica, sans-serif; font-size: small;\">0<\/span><\/td>\n<td align=\"center\" bgcolor=\"#dcdcdc\"><span style=\"font-family: tahoma, verdana, arial, helvetica, sans-serif; font-size: small;\">246<\/span><\/td>\n<td align=\"center\" bgcolor=\"#dcdcdc\"><span style=\"font-family: tahoma, verdana, arial, helvetica, sans-serif; font-size: small;\">187<\/span><\/td>\n<\/tr>\n<tr>\n<td align=\"center\" bgcolor=\"#eeeeee\"><span style=\"font-family: tahoma, verdana, arial, helvetica, sans-serif; font-size: small;\">2\u00ba<\/span><\/td>\n<td align=\"center\" bgcolor=\"#eeeeee\"><span style=\"font-family: tahoma, verdana, arial, helvetica, sans-serif; font-size: small;\">EL NACIONAL<\/span><\/td>\n<td align=\"center\" bgcolor=\"#eeeeee\"><span style=\"font-family: tahoma, verdana, arial, helvetica, sans-serif; font-size: small;\">5<\/span><\/td>\n<td align=\"center\" bgcolor=\"#eeeeee\"><span style=\"font-family: tahoma, verdana, arial, helvetica, sans-serif; font-size: small;\">4<\/span><\/td>\n<td align=\"center\" bgcolor=\"#eeeeee\"><span style=\"font-family: tahoma, verdana, arial, helvetica, sans-serif; font-size: small;\">1<\/span><\/td>\n<td align=\"center\" bgcolor=\"#eeeeee\"><span style=\"font-family: tahoma, verdana, arial, helvetica, sans-serif; font-size: small;\">3<\/span><\/td>\n<td align=\"center\" bgcolor=\"#eeeeee\"><span style=\"font-family: tahoma, verdana, arial, helvetica, sans-serif; font-size: small;\">228<\/span><\/td>\n<td align=\"center\" bgcolor=\"#eeeeee\"><span style=\"font-family: tahoma, verdana, arial, helvetica, sans-serif; font-size: small;\">242<\/span><\/td>\n<\/tr>\n<tr>\n<td align=\"center\" bgcolor=\"#dcdcdc\"><span style=\"font-family: tahoma, verdana, arial, helvetica, sans-serif; font-size: small;\">3\u00ba<\/span><\/td>\n<td align=\"center\" bgcolor=\"#dcdcdc\"><span style=\"font-family: tahoma, verdana, arial, helvetica, sans-serif; font-size: small;\">C. Penitenciario<\/span><\/td>\n<td align=\"center\" bgcolor=\"#dcdcdc\"><span style=\"font-family: tahoma, verdana, arial, helvetica, sans-serif; font-size: small;\">4<\/span><\/td>\n<td align=\"center\" bgcolor=\"#dcdcdc\"><span style=\"font-family: tahoma, verdana, arial, helvetica, sans-serif; font-size: small;\"><span style=\"line-height: 19.5px;\">4<\/span><\/span><\/td>\n<td align=\"center\" bgcolor=\"#dcdcdc\"><span style=\"font-family: tahoma, verdana, arial, helvetica, sans-serif; font-size: small;\">1<\/span><\/td>\n<td align=\"center\" bgcolor=\"#dcdcdc\"><span style=\"font-family: tahoma, verdana, arial, helvetica, sans-serif; font-size: small;\">3<\/span><\/td>\n<td align=\"center\" bgcolor=\"#dcdcdc\"><span style=\"font-family: tahoma, verdana, arial, helvetica, sans-serif; font-size: small;\">188<\/span><\/td>\n<td align=\"center\" bgcolor=\"#dcdcdc\"><span style=\"font-family: tahoma, verdana, arial, helvetica, sans-serif; font-size: small;\">233<\/span><\/td>\n<\/tr>\n<\/tbody>\n<\/table>\n<p>Ferro de Olavarr\u00eda (1\u00ba) y El Nacional (2\u00ba) lograron la clasificaci\u00f3n al Final Four.<\/p>\n<h5 style=\"text-align: center;\">EL NACIONAL<\/h5>\n<figure id=\"attachment_86575\" aria-describedby=\"caption-attachment-86575\" style=\"width: 1000px\" class=\"wp-caption aligncenter\"><img decoding=\"async\" class=\"wp-image-86575\" src=\"http:\/\/www.gentedebasquet.com.ar\/wp-content\/uploads\/2018\/08\/El-Nacional-Femenino-2018-Provincial-3.jpg\" alt=\"\" width=\"1000\" height=\"667\" \/><figcaption id=\"caption-attachment-86575\" class=\"wp-caption-text\">Tombesi, Conti, Calvento, Chcair y Vrizz, el grupo de las experimentadas<\/figcaption><\/figure>\n<p>&nbsp;<\/p>\n<table border=\"2\" width=\"100%\">\n<tbody>\n<tr>\n<td align=\"center\" bgcolor=\"#ffffff\"><span style=\"color: #000000; font-family: tahoma, verdana, arial, helvetica, sans-serif; font-size: small;\"><strong>PROVINCIAL FEMENINO<\/strong><\/span><\/td>\n<td align=\"center\" bgcolor=\"#ffffff\"><span style=\"color: #000000; font-family: tahoma, verdana, arial, helvetica, sans-serif; font-size: small;\"><strong>\u00a0 \u00a0 \u00a0 PRIMERA FASE\u00a0 \u00a0 \u00a0\u00a0<\/strong><\/span><\/td>\n<\/tr>\n<\/tbody>\n<\/table>\n<p>&nbsp;<\/p>\n<table border=\"2\" width=\"100%\">\n<tbody>\n<tr>\n<td align=\"center\" bgcolor=\"#095abf\"><span style=\"color: #ffffff; font-family: tahoma, verdana, arial, helvetica, sans-serif; font-size: small;\"><strong>FECHA 1<\/strong><\/span><\/td>\n<\/tr>\n<\/tbody>\n<\/table>\n<table border=\"2\" width=\"100%\">\n<tbody>\n<tr>\n<td align=\"center\" bgcolor=\"#e87006\"><span style=\"color: #000000; font-family: tahoma, verdana, arial, helvetica, sans-serif; font-size: small;\"><strong>D\u00cdA<\/strong><\/span><\/td>\n<td align=\"center\" bgcolor=\"#e87006\"><span style=\"color: #000000; font-family: tahoma, verdana, arial, helvetica, sans-serif; font-size: small;\"><strong>LOCAL<\/strong><\/span><\/td>\n<td align=\"center\" bgcolor=\"#000000\"><span style=\"color: #ffffff; font-family: tahoma, verdana, arial, helvetica, sans-serif; font-size: small;\"><strong>RES<\/strong><\/span><\/td>\n<td align=\"center\" bgcolor=\"#e87006\"><span style=\"color: #000000; font-family: tahoma, verdana, arial, helvetica, sans-serif; font-size: small;\"><strong>VISITANTE<\/strong><\/span><\/td>\n<\/tr>\n<tr>\n<td align=\"center\" bgcolor=\"#eeeeee\"><span style=\"font-family: tahoma, verdana, arial, helvetica, sans-serif; font-size: small;\">11-08-2018<\/span><\/td>\n<td align=\"center\" bgcolor=\"#eeeeee\"><span style=\"font-family: tahoma, verdana, arial, helvetica, sans-serif; font-size: small;\"><span style=\"line-height: 19.5px;\">Ferro<\/span><\/span><\/td>\n<td align=\"center\" bgcolor=\"#eeeeee\"><span style=\"font-family: tahoma, verdana, arial, helvetica, sans-serif; font-size: small;\">53-30<\/span><\/td>\n<td align=\"center\" bgcolor=\"#eeeeee\"><span style=\"font-family: tahoma, verdana, arial, helvetica, sans-serif; font-size: small;\"><span style=\"line-height: 19.5px;\">C. Penitenciario<\/span><\/span><\/td>\n<\/tr>\n<tr>\n<td align=\"center\" bgcolor=\"#095abf\"><span style=\"font-family: tahoma, verdana, arial, helvetica, sans-serif; font-size: small;\">**********<\/span><\/td>\n<td align=\"center\" bgcolor=\"#095abf\"><span style=\"font-family: tahoma, verdana, arial, helvetica, sans-serif; font-size: small;\">*************<\/span><\/td>\n<td align=\"center\" bgcolor=\"#095abf\"><span style=\"font-family: tahoma, verdana, arial, helvetica, sans-serif; font-size: small;\">******<\/span><\/td>\n<td align=\"center\" bgcolor=\"#095abf\"><span style=\"font-family: tahoma, verdana, arial, helvetica, sans-serif; font-size: small;\">*************<\/span><\/td>\n<\/tr>\n<\/tbody>\n<\/table>\n<p>&nbsp;<\/p>\n<table border=\"2\" width=\"100%\">\n<tbody>\n<tr>\n<td align=\"center\" bgcolor=\"#095abf\"><span style=\"color: #ffffff; font-family: tahoma, verdana, arial, helvetica, sans-serif; font-size: small;\"><strong>FECHA 2<\/strong><\/span><\/td>\n<\/tr>\n<\/tbody>\n<\/table>\n<table border=\"2\" width=\"100%\">\n<tbody>\n<tr>\n<td align=\"center\" bgcolor=\"#e87006\"><span style=\"color: #000000; font-family: tahoma, verdana, arial, helvetica, sans-serif; font-size: small;\"><strong>D\u00cdA<\/strong><\/span><\/td>\n<td align=\"center\" bgcolor=\"#e87006\"><span style=\"color: #000000; font-family: tahoma, verdana, arial, helvetica, sans-serif; font-size: small;\"><strong>LOCAL<\/strong><\/span><\/td>\n<td align=\"center\" bgcolor=\"#000000\"><span style=\"color: #ffffff; font-family: tahoma, verdana, arial, helvetica, sans-serif; font-size: small;\"><strong>RES<\/strong><\/span><\/td>\n<td align=\"center\" bgcolor=\"#e87006\"><span style=\"color: #000000; font-family: tahoma, verdana, arial, helvetica, sans-serif; font-size: small;\"><strong>VISITANTE<\/strong><\/span><\/td>\n<\/tr>\n<tr>\n<td align=\"center\" bgcolor=\"#eeeeee\"><span style=\"font-family: tahoma, verdana, arial, helvetica, sans-serif; font-size: small;\">18-08-2018<\/span><\/td>\n<td align=\"center\" bgcolor=\"#eeeeee\"><span style=\"font-family: tahoma, verdana, arial, helvetica, sans-serif; font-size: small;\"><span style=\"line-height: 19.5px;\">EL NACIONAL<\/span><\/span><\/td>\n<td align=\"center\" bgcolor=\"#eeeeee\"><span style=\"font-family: tahoma, verdana, arial, helvetica, sans-serif; font-size: small;\">52-60<\/span><\/td>\n<td align=\"center\" bgcolor=\"#eeeeee\"><span style=\"font-family: tahoma, verdana, arial, helvetica, sans-serif; font-size: small;\"><span style=\"line-height: 19.5px;\">Ferro<\/span><\/span><\/td>\n<\/tr>\n<tr>\n<td align=\"center\" bgcolor=\"#095abf\"><span style=\"font-family: tahoma, verdana, arial, helvetica, sans-serif; font-size: small;\">**********<\/span><\/td>\n<td align=\"center\" bgcolor=\"#095abf\"><span style=\"font-family: tahoma, verdana, arial, helvetica, sans-serif; font-size: small;\">*************<\/span><\/td>\n<td align=\"center\" bgcolor=\"#095abf\"><span style=\"font-family: tahoma, verdana, arial, helvetica, sans-serif; font-size: small;\">******<\/span><\/td>\n<td align=\"center\" bgcolor=\"#095abf\"><span style=\"font-family: tahoma, verdana, arial, helvetica, sans-serif; font-size: small;\">*************<\/span><\/td>\n<\/tr>\n<\/tbody>\n<\/table>\n<p>&nbsp;<\/p>\n<table border=\"2\" width=\"100%\">\n<tbody>\n<tr>\n<td align=\"center\" bgcolor=\"#095abf\"><span style=\"color: #ffffff; font-family: tahoma, verdana, arial, helvetica, sans-serif; font-size: small;\"><strong>FECHA 3<\/strong><\/span><\/td>\n<\/tr>\n<\/tbody>\n<\/table>\n<table border=\"2\" width=\"100%\">\n<tbody>\n<tr>\n<td align=\"center\" bgcolor=\"#e87006\"><span style=\"color: #000000; font-family: tahoma, verdana, arial, helvetica, sans-serif; font-size: small;\"><strong>D\u00cdA<\/strong><\/span><\/td>\n<td align=\"center\" bgcolor=\"#e87006\"><span style=\"color: #000000; font-family: tahoma, verdana, arial, helvetica, sans-serif; font-size: small;\"><strong>LOCAL<\/strong><\/span><\/td>\n<td align=\"center\" bgcolor=\"#000000\"><span style=\"color: #ffffff; font-family: tahoma, verdana, arial, helvetica, sans-serif; font-size: small;\"><strong>RES<\/strong><\/span><\/td>\n<td align=\"center\" bgcolor=\"#e87006\"><span style=\"color: #000000; font-family: tahoma, verdana, arial, helvetica, sans-serif; font-size: small;\"><strong>VISITANTE<\/strong><\/span><\/td>\n<\/tr>\n<tr>\n<td align=\"center\" bgcolor=\"#eeeeee\"><span style=\"font-family: tahoma, verdana, arial, helvetica, sans-serif; font-size: small;\">25-08-2018<\/span><\/td>\n<td align=\"center\" bgcolor=\"#eeeeee\"><span style=\"font-family: tahoma, verdana, arial, helvetica, sans-serif; font-size: small;\"><span style=\"line-height: 19.5px;\">C. Penitenciario<\/span><\/span><\/td>\n<td align=\"center\" bgcolor=\"#eeeeee\"><span style=\"font-family: tahoma, verdana, arial, helvetica, sans-serif; font-size: small;\">50-66<\/span><\/td>\n<td align=\"center\" bgcolor=\"#eeeeee\"><span style=\"font-family: tahoma, verdana, arial, helvetica, sans-serif; font-size: small;\"><span style=\"line-height: 19.5px;\">EL NACIONAL<\/span><\/span><\/td>\n<\/tr>\n<tr>\n<td align=\"center\" bgcolor=\"#095abf\"><span style=\"font-family: tahoma, verdana, arial, helvetica, sans-serif; font-size: small;\">**********<\/span><\/td>\n<td align=\"center\" bgcolor=\"#095abf\"><span style=\"font-family: tahoma, verdana, arial, helvetica, sans-serif; font-size: small;\">*************<\/span><\/td>\n<td align=\"center\" bgcolor=\"#095abf\"><span style=\"font-family: tahoma, verdana, arial, helvetica, sans-serif; font-size: small;\">******<\/span><\/td>\n<td align=\"center\" bgcolor=\"#095abf\"><span style=\"font-family: tahoma, verdana, arial, helvetica, sans-serif; font-size: small;\">*************<\/span><\/td>\n<\/tr>\n<\/tbody>\n<\/table>\n<p>&nbsp;<\/p>\n<table border=\"2\" width=\"100%\">\n<tbody>\n<tr>\n<td align=\"center\" bgcolor=\"#095abf\"><span style=\"color: #ffffff; font-family: tahoma, verdana, arial, helvetica, sans-serif; font-size: small;\"><strong>FECHA 4<\/strong><\/span><\/td>\n<\/tr>\n<\/tbody>\n<\/table>\n<table border=\"2\" width=\"100%\">\n<tbody>\n<tr>\n<td align=\"center\" bgcolor=\"#e87006\"><span style=\"color: #000000; font-family: tahoma, verdana, arial, helvetica, sans-serif; font-size: small;\"><strong>D\u00cdA<\/strong><\/span><\/td>\n<td align=\"center\" bgcolor=\"#e87006\"><span style=\"color: #000000; font-family: tahoma, verdana, arial, helvetica, sans-serif; font-size: small;\"><strong>LOCAL<\/strong><\/span><\/td>\n<td align=\"center\" bgcolor=\"#000000\"><span style=\"color: #ffffff; font-family: tahoma, verdana, arial, helvetica, sans-serif; font-size: small;\"><strong>RES<\/strong><\/span><\/td>\n<td align=\"center\" bgcolor=\"#e87006\"><span style=\"color: #000000; font-family: tahoma, verdana, arial, helvetica, sans-serif; font-size: small;\"><strong>VISITANTE<\/strong><\/span><\/td>\n<\/tr>\n<tr>\n<td align=\"center\" bgcolor=\"#eeeeee\"><span style=\"font-family: tahoma, verdana, arial, helvetica, sans-serif; font-size: small;\">01-09-2018<\/span><\/td>\n<td align=\"center\" bgcolor=\"#eeeeee\"><span style=\"font-family: tahoma, verdana, arial, helvetica, sans-serif; font-size: small;\"><span style=\"line-height: 19.5px;\">C. Penitenciario<\/span><\/span><\/td>\n<td align=\"center\" bgcolor=\"#eeeeee\"><span style=\"font-family: tahoma, verdana, arial, helvetica, sans-serif; font-size: small;\">49-60<\/span><\/td>\n<td align=\"center\" bgcolor=\"#eeeeee\"><span style=\"font-family: tahoma, verdana, arial, helvetica, sans-serif; font-size: small;\"><span style=\"line-height: 19.5px;\">Ferro<\/span><\/span><\/td>\n<\/tr>\n<tr>\n<td align=\"center\" bgcolor=\"#095abf\"><span style=\"font-family: tahoma, verdana, arial, helvetica, sans-serif; font-size: small;\">**********<\/span><\/td>\n<td align=\"center\" bgcolor=\"#095abf\"><span style=\"font-family: tahoma, verdana, arial, helvetica, sans-serif; font-size: small;\">*************<\/span><\/td>\n<td align=\"center\" bgcolor=\"#095abf\"><span style=\"font-family: tahoma, verdana, arial, helvetica, sans-serif; font-size: small;\">******<\/span><\/td>\n<td align=\"center\" bgcolor=\"#095abf\"><span style=\"font-family: tahoma, verdana, arial, helvetica, sans-serif; font-size: small;\">*************<\/span><\/td>\n<\/tr>\n<\/tbody>\n<\/table>\n<p>&nbsp;<\/p>\n<table border=\"2\" width=\"100%\">\n<tbody>\n<tr>\n<td align=\"center\" bgcolor=\"#095abf\"><span style=\"color: #ffffff; font-family: tahoma, verdana, arial, helvetica, sans-serif; font-size: small;\"><strong>FECHA 5<\/strong><\/span><\/td>\n<\/tr>\n<\/tbody>\n<\/table>\n<table border=\"2\" width=\"100%\">\n<tbody>\n<tr>\n<td align=\"center\" bgcolor=\"#e87006\"><span style=\"color: #000000; font-family: tahoma, verdana, arial, helvetica, sans-serif; font-size: small;\"><strong>D\u00cdA<\/strong><\/span><\/td>\n<td align=\"center\" bgcolor=\"#e87006\"><span style=\"color: #000000; font-family: tahoma, verdana, arial, helvetica, sans-serif; font-size: small;\"><strong>LOCAL<\/strong><\/span><\/td>\n<td align=\"center\" bgcolor=\"#000000\"><span style=\"color: #ffffff; font-family: tahoma, verdana, arial, helvetica, sans-serif; font-size: small;\"><strong>RES<\/strong><\/span><\/td>\n<td align=\"center\" bgcolor=\"#e87006\"><span style=\"color: #000000; font-family: tahoma, verdana, arial, helvetica, sans-serif; font-size: small;\"><strong>VISITANTE<\/strong><\/span><\/td>\n<\/tr>\n<tr>\n<td align=\"center\" bgcolor=\"#eeeeee\"><span style=\"font-family: tahoma, verdana, arial, helvetica, sans-serif; font-size: small;\">08-09-2018<\/span><\/td>\n<td align=\"center\" bgcolor=\"#eeeeee\"><span style=\"font-family: tahoma, verdana, arial, helvetica, sans-serif; font-size: small;\"><span style=\"line-height: 19.5px;\">Ferro<\/span><\/span><\/td>\n<td align=\"center\" bgcolor=\"#eeeeee\"><span style=\"font-family: tahoma, verdana, arial, helvetica, sans-serif; font-size: small;\">73-56<\/span><\/td>\n<td align=\"center\" bgcolor=\"#eeeeee\"><span style=\"font-family: tahoma, verdana, arial, helvetica, sans-serif; font-size: small;\"><span style=\"line-height: 19.5px;\">EL NACIONAL<\/span><\/span><\/td>\n<\/tr>\n<tr>\n<td align=\"center\" bgcolor=\"#095abf\"><span style=\"font-family: tahoma, verdana, arial, helvetica, sans-serif; font-size: small;\">**********<\/span><\/td>\n<td align=\"center\" bgcolor=\"#095abf\"><span style=\"font-family: tahoma, verdana, arial, helvetica, sans-serif; font-size: small;\">*************<\/span><\/td>\n<td align=\"center\" bgcolor=\"#095abf\"><span style=\"font-family: tahoma, verdana, arial, helvetica, sans-serif; font-size: small;\">******<\/span><\/td>\n<td align=\"center\" bgcolor=\"#095abf\"><span style=\"font-family: tahoma, verdana, arial, helvetica, sans-serif; font-size: small;\">*************<\/span><\/td>\n<\/tr>\n<\/tbody>\n<\/table>\n<p>&nbsp;<\/p>\n<table border=\"2\" width=\"100%\">\n<tbody>\n<tr>\n<td align=\"center\" bgcolor=\"#095abf\"><span style=\"color: #ffffff; font-family: tahoma, verdana, arial, helvetica, sans-serif; font-size: small;\"><strong>FECHA 6<\/strong><\/span><\/td>\n<\/tr>\n<\/tbody>\n<\/table>\n<table border=\"2\" width=\"100%\">\n<tbody>\n<tr>\n<td align=\"center\" bgcolor=\"#e87006\"><span style=\"color: #000000; font-family: tahoma, verdana, arial, helvetica, sans-serif; font-size: small;\"><strong>D\u00cdA<\/strong><\/span><\/td>\n<td align=\"center\" bgcolor=\"#e87006\"><span style=\"color: #000000; font-family: tahoma, verdana, arial, helvetica, sans-serif; font-size: small;\"><strong>LOCAL<\/strong><\/span><\/td>\n<td align=\"center\" bgcolor=\"#000000\"><span style=\"color: #ffffff; font-family: tahoma, verdana, arial, helvetica, sans-serif; font-size: small;\"><strong>RES<\/strong><\/span><\/td>\n<td align=\"center\" bgcolor=\"#e87006\"><span style=\"color: #000000; font-family: tahoma, verdana, arial, helvetica, sans-serif; font-size: small;\"><strong>VISITANTE<\/strong><\/span><\/td>\n<\/tr>\n<tr>\n<td align=\"center\" bgcolor=\"#eeeeee\"><span style=\"font-family: tahoma, verdana, arial, helvetica, sans-serif; font-size: small;\">22-09-2018<\/span><\/td>\n<td align=\"center\" bgcolor=\"#eeeeee\"><span style=\"font-family: tahoma, verdana, arial, helvetica, sans-serif; font-size: small;\"><span style=\"line-height: 19.5px;\">EL NACIONAL<\/span><\/span><\/td>\n<td align=\"center\" bgcolor=\"#eeeeee\"><span style=\"font-family: tahoma, verdana, arial, helvetica, sans-serif; font-size: small;\">54-59<\/span><\/td>\n<td align=\"center\" bgcolor=\"#eeeeee\"><span style=\"font-family: tahoma, verdana, arial, helvetica, sans-serif; font-size: small;\"><span style=\"line-height: 19.5px;\">C. Penitenciario<\/span><\/span><\/td>\n<\/tr>\n<tr>\n<td align=\"center\" bgcolor=\"#095abf\"><span style=\"font-family: tahoma, verdana, arial, helvetica, sans-serif; font-size: small;\">**********<\/span><\/td>\n<td align=\"center\" bgcolor=\"#095abf\"><span style=\"font-family: tahoma, verdana, arial, helvetica, sans-serif; font-size: small;\">*************<\/span><\/td>\n<td align=\"center\" bgcolor=\"#095abf\"><span style=\"font-family: tahoma, verdana, arial, helvetica, sans-serif; font-size: small;\">******<\/span><\/td>\n<td align=\"center\" bgcolor=\"#095abf\"><span style=\"font-family: tahoma, verdana, arial, helvetica, sans-serif; font-size: small;\">*************<\/span><\/td>\n<\/tr>\n<\/tbody>\n<\/table>\n<p>&nbsp;<\/p>\n<table border=\"2\" width=\"100%\">\n<tbody>\n<tr>\n<td align=\"center\" bgcolor=\"#ececec\"><img decoding=\"async\" class=\"aligncenter size-full wp-image-86589\" src=\"http:\/\/www.gentedebasquet.com.ar\/wp-content\/uploads\/2018\/08\/Paulina-Lazar.jpg\" alt=\"\" width=\"200\" height=\"200\" srcset=\"https:\/\/gentedebasquet.com.ar\/sitio\/wp-content\/uploads\/2018\/08\/Paulina-Lazar.jpg 200w, https:\/\/gentedebasquet.com.ar\/sitio\/wp-content\/uploads\/2018\/08\/Paulina-Lazar-150x150.jpg 150w\" sizes=\"(max-width: 200px) 100vw, 200px\" \/><\/td>\n<td align=\"center\" bgcolor=\"#ececec\"><img decoding=\"async\" class=\"aligncenter size-full wp-image-86587\" src=\"http:\/\/www.gentedebasquet.com.ar\/wp-content\/uploads\/2018\/08\/Nadia-Vrizz.jpg\" alt=\"\" width=\"200\" height=\"200\" srcset=\"https:\/\/gentedebasquet.com.ar\/sitio\/wp-content\/uploads\/2018\/08\/Nadia-Vrizz.jpg 200w, https:\/\/gentedebasquet.com.ar\/sitio\/wp-content\/uploads\/2018\/08\/Nadia-Vrizz-150x150.jpg 150w\" sizes=\"(max-width: 200px) 100vw, 200px\" \/><\/td>\n<td align=\"center\" bgcolor=\"#ececec\"><img decoding=\"async\" class=\"aligncenter size-full wp-image-86583\" src=\"http:\/\/www.gentedebasquet.com.ar\/wp-content\/uploads\/2018\/08\/Josefina-Calvento.jpg\" alt=\"\" width=\"200\" height=\"200\" srcset=\"https:\/\/gentedebasquet.com.ar\/sitio\/wp-content\/uploads\/2018\/08\/Josefina-Calvento.jpg 200w, https:\/\/gentedebasquet.com.ar\/sitio\/wp-content\/uploads\/2018\/08\/Josefina-Calvento-150x150.jpg 150w\" sizes=\"(max-width: 200px) 100vw, 200px\" \/><\/td>\n<\/tr>\n<tr>\n<td align=\"center\" bgcolor=\"#000000\"><span style=\"color: #ffffff;\">Paulina LAZAR<\/span><\/td>\n<td align=\"center\" bgcolor=\"#000000\"><span style=\"color: #ffffff;\">Nadia VRIZZ<\/span><\/td>\n<td align=\"center\" bgcolor=\"#000000\"><span style=\"color: #ffffff;\">Josefina CALVENTO<\/span><\/td>\n<\/tr>\n<tr>\n<td align=\"center\" bgcolor=\"#ffffff\">Escolta &#8211; 09\/06\/2000<\/td>\n<td align=\"center\" bgcolor=\"#ffffff\">Escolta &#8211; 22\/09\/1985<\/td>\n<td align=\"center\" bgcolor=\"#ffffff\">Alera &#8211; 15\/10\/1988<\/td>\n<\/tr>\n<tr>\n<td align=\"center\" bgcolor=\"#ffffff\">1m64 &#8211; 68kg<\/td>\n<td align=\"center\" bgcolor=\"#ffffff\">1m70 &#8211; 68kg<\/td>\n<td align=\"center\" bgcolor=\"#ffffff\">1m62 &#8211; 72kg<\/td>\n<\/tr>\n<tr>\n<td align=\"center\" bgcolor=\"#ececec\"><img decoding=\"async\" class=\"aligncenter size-full wp-image-86592\" src=\"http:\/\/www.gentedebasquet.com.ar\/wp-content\/uploads\/2018\/08\/Victoria-P\u00e9rez.jpg\" alt=\"\" width=\"200\" height=\"200\" \/><\/td>\n<td align=\"center\" bgcolor=\"#ececec\"><img decoding=\"async\" class=\"aligncenter size-full wp-image-86579\" src=\"http:\/\/www.gentedebasquet.com.ar\/wp-content\/uploads\/2018\/08\/Agustina-T\u00e9vez.jpg\" alt=\"\" width=\"200\" height=\"200\" \/><\/td>\n<td align=\"center\" bgcolor=\"#ececec\"><img decoding=\"async\" class=\"aligncenter size-full wp-image-86581\" src=\"http:\/\/www.gentedebasquet.com.ar\/wp-content\/uploads\/2018\/08\/Bel\u00e9n-Tombesi.jpg\" alt=\"\" width=\"200\" height=\"200\" \/><\/td>\n<\/tr>\n<tr>\n<td align=\"center\" bgcolor=\"#000000\"><span style=\"color: #ffffff;\">Victoria P\u00c9REZ<\/span><\/td>\n<td align=\"center\" bgcolor=\"#000000\"><span style=\"color: #ffffff;\">Agustina T\u00c9VEZ<\/span><\/td>\n<td align=\"center\" bgcolor=\"#000000\"><span style=\"color: #ffffff;\">Bel\u00e9n TOMBESI<\/span><\/td>\n<\/tr>\n<tr>\n<td align=\"center\" bgcolor=\"#ffffff\">Base &#8211; 02\/07\/2001<\/td>\n<td align=\"center\" bgcolor=\"#ffffff\">Pivot\u00a0&#8211; 06\/03\/2000<\/td>\n<td align=\"center\" bgcolor=\"#ffffff\">Ala Pivot\u00a0&#8211; 28\/08\/1995<\/td>\n<\/tr>\n<tr>\n<td align=\"center\" bgcolor=\"#ffffff\">1m66 &#8211; 61kg<\/td>\n<td align=\"center\" bgcolor=\"#ffffff\">1m71 &#8211; 61kg<\/td>\n<td align=\"center\" bgcolor=\"#ffffff\">1m81 &#8211; 77kg<\/td>\n<\/tr>\n<tr>\n<td align=\"center\" bgcolor=\"#ececec\"><img decoding=\"async\" class=\"aligncenter size-full wp-image-86584\" src=\"http:\/\/www.gentedebasquet.com.ar\/wp-content\/uploads\/2018\/08\/Luc\u00eda-Ort\u00edz.jpg\" alt=\"\" width=\"200\" height=\"200\" \/><\/td>\n<td align=\"center\" bgcolor=\"#ececec\"><img decoding=\"async\" class=\"aligncenter size-full wp-image-86591\" src=\"http:\/\/www.gentedebasquet.com.ar\/wp-content\/uploads\/2018\/08\/Roc\u00edo-Conti.jpg\" alt=\"\" width=\"200\" height=\"200\" \/><\/td>\n<td align=\"center\" bgcolor=\"#ececec\"><img decoding=\"async\" class=\"aligncenter size-full wp-image-86588\" src=\"http:\/\/www.gentedebasquet.com.ar\/wp-content\/uploads\/2018\/08\/Nicolla-Abelda\u00f1o.jpg\" alt=\"\" width=\"200\" height=\"200\" \/><\/td>\n<\/tr>\n<tr>\n<td align=\"center\" bgcolor=\"#000000\"><span style=\"color: #ffffff;\">Luc\u00eda ORT\u00cdZ<\/span><\/td>\n<td align=\"center\" bgcolor=\"#000000\"><span style=\"color: #ffffff;\">Roc\u00edo CONTI<\/span><\/td>\n<td align=\"center\" bgcolor=\"#000000\"><span style=\"color: #ffffff;\">Nicolle ABELDA\u00d1O<\/span><\/td>\n<\/tr>\n<tr>\n<td align=\"center\" bgcolor=\"#ffffff\">Escolta &#8211; 16\/12\/2003<\/td>\n<td align=\"center\" bgcolor=\"#ffffff\">Ala Pivot &#8211; 29\/03\/1992<\/td>\n<td align=\"center\" bgcolor=\"#ffffff\">Escolta\u00a0&#8211; 13\/04\/2000<\/td>\n<\/tr>\n<tr>\n<td align=\"center\" bgcolor=\"#ffffff\">1m61 &#8211; 61kg<\/td>\n<td align=\"center\" bgcolor=\"#ffffff\">1m76 &#8211; 65kg<\/td>\n<td align=\"center\" bgcolor=\"#ffffff\">1m61 &#8211; 54kg<\/td>\n<\/tr>\n<tr>\n<td align=\"center\" bgcolor=\"#ececec\"><img decoding=\"async\" class=\"aligncenter size-full wp-image-86585\" src=\"http:\/\/www.gentedebasquet.com.ar\/wp-content\/uploads\/2018\/08\/Luciana-Ort\u00edz.jpg\" alt=\"\" width=\"200\" height=\"200\" \/><\/td>\n<td align=\"center\" bgcolor=\"#ececec\"><img decoding=\"async\" class=\"aligncenter size-full wp-image-86580\" src=\"http:\/\/www.gentedebasquet.com.ar\/wp-content\/uploads\/2018\/08\/Aldana-Chcair.jpg\" alt=\"\" width=\"200\" height=\"200\" srcset=\"https:\/\/gentedebasquet.com.ar\/sitio\/wp-content\/uploads\/2018\/08\/Aldana-Chcair.jpg 200w, https:\/\/gentedebasquet.com.ar\/sitio\/wp-content\/uploads\/2018\/08\/Aldana-Chcair-150x150.jpg 150w\" sizes=\"(max-width: 200px) 100vw, 200px\" \/><\/td>\n<td align=\"center\" bgcolor=\"#ececec\"><img decoding=\"async\" class=\"aligncenter size-full wp-image-86586\" src=\"http:\/\/www.gentedebasquet.com.ar\/wp-content\/uploads\/2018\/08\/Morena-Wentland.jpg\" alt=\"\" width=\"200\" height=\"200\" srcset=\"https:\/\/gentedebasquet.com.ar\/sitio\/wp-content\/uploads\/2018\/08\/Morena-Wentland.jpg 200w, https:\/\/gentedebasquet.com.ar\/sitio\/wp-content\/uploads\/2018\/08\/Morena-Wentland-150x150.jpg 150w\" sizes=\"(max-width: 200px) 100vw, 200px\" \/><\/td>\n<\/tr>\n<tr>\n<td align=\"center\" bgcolor=\"#000000\"><span style=\"color: #ffffff;\">Luciana ORT\u00cdZ<\/span><\/td>\n<td align=\"center\" bgcolor=\"#000000\"><span style=\"color: #ffffff;\">Aldana CHCAIR<\/span><\/td>\n<td align=\"center\" bgcolor=\"#000000\"><span style=\"color: #ffffff;\">Morena WENTLAND<\/span><\/td>\n<\/tr>\n<tr>\n<td align=\"center\" bgcolor=\"#ffffff\">Base &#8211; 16\/07\/1999<\/td>\n<td align=\"center\" bgcolor=\"#ffffff\">Pivot &#8211; 05\/09\/1980<\/td>\n<td align=\"center\" bgcolor=\"#ffffff\">Escolta &#8211; 17\/06\/2003<\/td>\n<\/tr>\n<tr>\n<td align=\"center\" bgcolor=\"#ffffff\">1m55 &#8211; 60kg<\/td>\n<td align=\"center\" bgcolor=\"#ffffff\">1m81 &#8211; 74kg<\/td>\n<td align=\"center\" bgcolor=\"#ffffff\">1m61 &#8211; 59kg<\/td>\n<\/tr>\n<tr>\n<td align=\"center\" bgcolor=\"#ececec\"><img decoding=\"async\" class=\"aligncenter size-full wp-image-86590\" src=\"http:\/\/www.gentedebasquet.com.ar\/wp-content\/uploads\/2018\/08\/Paz-Roberson.jpg\" alt=\"\" width=\"200\" height=\"200\" srcset=\"https:\/\/gentedebasquet.com.ar\/sitio\/wp-content\/uploads\/2018\/08\/Paz-Roberson.jpg 200w, https:\/\/gentedebasquet.com.ar\/sitio\/wp-content\/uploads\/2018\/08\/Paz-Roberson-150x150.jpg 150w\" sizes=\"(max-width: 200px) 100vw, 200px\" \/><\/td>\n<td align=\"center\" bgcolor=\"#ececec\"><img decoding=\"async\" class=\"aligncenter size-full wp-image-86582\" src=\"http:\/\/www.gentedebasquet.com.ar\/wp-content\/uploads\/2018\/08\/Javier-Larrasolo.jpg\" alt=\"\" width=\"200\" height=\"200\" srcset=\"https:\/\/gentedebasquet.com.ar\/sitio\/wp-content\/uploads\/2018\/08\/Javier-Larrasolo.jpg 200w, https:\/\/gentedebasquet.com.ar\/sitio\/wp-content\/uploads\/2018\/08\/Javier-Larrasolo-150x150.jpg 150w\" sizes=\"(max-width: 200px) 100vw, 200px\" \/><\/td>\n<td align=\"center\" bgcolor=\"#ececec\"><img decoding=\"async\" class=\"aligncenter size-full wp-image-86593\" src=\"http:\/\/www.gentedebasquet.com.ar\/wp-content\/uploads\/2018\/08\/Viviana-Albizu.jpg\" alt=\"\" width=\"200\" height=\"200\" srcset=\"https:\/\/gentedebasquet.com.ar\/sitio\/wp-content\/uploads\/2018\/08\/Viviana-Albizu.jpg 200w, https:\/\/gentedebasquet.com.ar\/sitio\/wp-content\/uploads\/2018\/08\/Viviana-Albizu-150x150.jpg 150w\" sizes=\"(max-width: 200px) 100vw, 200px\" \/><\/td>\n<\/tr>\n<tr>\n<td align=\"center\" bgcolor=\"#000000\"><span style=\"color: #ffffff;\">Paz ROBERSON<\/span><\/td>\n<td align=\"center\" bgcolor=\"#000000\"><span style=\"color: #ffffff;\">Javier LARRASOLO<\/span><\/td>\n<td align=\"center\" bgcolor=\"#000000\"><span style=\"color: #ffffff;\">Viviana ALBIZU<\/span><\/td>\n<\/tr>\n<tr>\n<td align=\"center\" bgcolor=\"#ffffff\">Pivot &#8211; 21\/03\/2002<\/td>\n<td align=\"center\" bgcolor=\"#ffffff\">Asistente<\/td>\n<td align=\"center\" bgcolor=\"#ffffff\">Entrenadora<\/td>\n<\/tr>\n<tr>\n<td align=\"center\" bgcolor=\"#ffffff\">1m82 &#8211; 90kg<\/td>\n<td align=\"center\" bgcolor=\"#ffffff\">27\/06\/1991<\/td>\n<td align=\"center\" bgcolor=\"#ffffff\">09\/12\/1968<\/td>\n<\/tr>\n<\/tbody>\n<\/table>\n<p><strong>Fotos:<\/strong> Mart\u00edn G\u00e1lvez y gentileza Andres Arouxet.<\/p>\n","protected":false},"excerpt":{"rendered":"<p>El Nacional perdi\u00f3, pero avanz\u00f3 al Final Four del Provincial de Clubes Femenino<\/p>\n","protected":false},"author":1,"featured_media":88120,"comment_status":"closed","ping_status":"open","sticky":false,"template":"","format":"standard","meta":{"jnews-multi-image_gallery":[],"jnews_single_post":[],"jnews_primary_category":[],"footnotes":""},"categories":[102,33,63,101],"tags":[1682,1683,9,184,821,114,1684,1207],"class_list":["post-88121","post","type-post","status-publish","format-standard","has-post-thumbnail","hentry","category-federal-femenino","category-femenino","category-prov-de-clubes","category-slide","tag-circulo-penitenciario","tag-eduarda-umabano","tag-el-nacional","tag-federal-femenino","tag-nadia-vrizz","tag-provincial-de-clubes","tag-rocio-conti","tag-tffb"],"yoast_head":"<!-- This site is optimized with the Yoast SEO plugin v27.4 - https:\/\/yoast.com\/product\/yoast-seo-wordpress\/ -->\n<title>Con la calculadora - Gente de B\u00e1squet<\/title>\n<meta name=\"robots\" content=\"index, follow, max-snippet:-1, max-image-preview:large, max-video-preview:-1\" \/>\n<link rel=\"canonical\" href=\"https:\/\/gentedebasquet.com.ar\/sitio\/2018\/09\/22\/con-la-calculadora\/\" \/>\n<meta property=\"og:locale\" content=\"es_ES\" \/>\n<meta property=\"og:type\" content=\"article\" \/>\n<meta property=\"og:title\" content=\"Con la calculadora - Gente de B\u00e1squet\" \/>\n<meta property=\"og:description\" content=\"El Nacional perdi\u00f3, pero avanz\u00f3 al Final Four del Provincial de Clubes Femenino\" \/>\n<meta property=\"og:url\" content=\"https:\/\/gentedebasquet.com.ar\/sitio\/2018\/09\/22\/con-la-calculadora\/\" \/>\n<meta property=\"og:site_name\" content=\"Gente de B\u00e1squet\" \/>\n<meta property=\"article:published_time\" content=\"2018-09-23T02:47:14+00:00\" \/>\n<meta property=\"og:image\" content=\"https:\/\/gentedebasquet.com.ar\/sitio\/wp-content\/uploads\/2018\/09\/El-Nacional-Penitenciario-Vrizz.jpg\" \/>\n\t<meta property=\"og:image:width\" content=\"690\" \/>\n\t<meta property=\"og:image:height\" content=\"319\" \/>\n\t<meta property=\"og:image:type\" content=\"image\/jpeg\" \/>\n<meta name=\"author\" content=\"Gente de B\u00e1squet\" \/>\n<meta name=\"twitter:card\" content=\"summary_large_image\" \/>\n<meta name=\"twitter:label1\" content=\"Escrito por\" \/>\n\t<meta name=\"twitter:data1\" content=\"Gente de B\u00e1squet\" \/>\n\t<meta name=\"twitter:label2\" content=\"Tiempo de lectura\" \/>\n\t<meta name=\"twitter:data2\" content=\"6 minutos\" \/>\n<script type=\"application\/ld+json\" class=\"yoast-schema-graph\">{\"@context\":\"https:\\\/\\\/schema.org\",\"@graph\":[{\"@type\":\"Article\",\"@id\":\"https:\\\/\\\/gentedebasquet.com.ar\\\/sitio\\\/2018\\\/09\\\/22\\\/con-la-calculadora\\\/#article\",\"isPartOf\":{\"@id\":\"https:\\\/\\\/gentedebasquet.com.ar\\\/sitio\\\/2018\\\/09\\\/22\\\/con-la-calculadora\\\/\"},\"author\":{\"name\":\"Gente de B\u00e1squet\",\"@id\":\"http:\\\/\\\/gentedebasquet.com.ar\\\/sitio\\\/#\\\/schema\\\/person\\\/ca0b63bbb977369988a7bbbdc519943a\"},\"headline\":\"Con la calculadora\",\"datePublished\":\"2018-09-23T02:47:14+00:00\",\"mainEntityOfPage\":{\"@id\":\"https:\\\/\\\/gentedebasquet.com.ar\\\/sitio\\\/2018\\\/09\\\/22\\\/con-la-calculadora\\\/\"},\"wordCount\":1116,\"image\":{\"@id\":\"https:\\\/\\\/gentedebasquet.com.ar\\\/sitio\\\/2018\\\/09\\\/22\\\/con-la-calculadora\\\/#primaryimage\"},\"thumbnailUrl\":\"https:\\\/\\\/gentedebasquet.com.ar\\\/sitio\\\/wp-content\\\/uploads\\\/2018\\\/09\\\/El-Nacional-Penitenciario-Vrizz.jpg\",\"keywords\":[\"C\u00edrculo Penitenciario\",\"Eduarda Umabano\",\"El Nacional\",\"Federal Femenino\",\"Nadia Vrizz\",\"Provincial de Clubes\",\"Roc\u00edo Conti\",\"TFFB\"],\"articleSection\":[\"Federal Femenino\",\"Femenino\",\"Prov. de Clubes\",\"Slide\"],\"inLanguage\":\"es\"},{\"@type\":\"WebPage\",\"@id\":\"https:\\\/\\\/gentedebasquet.com.ar\\\/sitio\\\/2018\\\/09\\\/22\\\/con-la-calculadora\\\/\",\"url\":\"https:\\\/\\\/gentedebasquet.com.ar\\\/sitio\\\/2018\\\/09\\\/22\\\/con-la-calculadora\\\/\",\"name\":\"Con la calculadora - Gente de B\u00e1squet\",\"isPartOf\":{\"@id\":\"http:\\\/\\\/gentedebasquet.com.ar\\\/sitio\\\/#website\"},\"primaryImageOfPage\":{\"@id\":\"https:\\\/\\\/gentedebasquet.com.ar\\\/sitio\\\/2018\\\/09\\\/22\\\/con-la-calculadora\\\/#primaryimage\"},\"image\":{\"@id\":\"https:\\\/\\\/gentedebasquet.com.ar\\\/sitio\\\/2018\\\/09\\\/22\\\/con-la-calculadora\\\/#primaryimage\"},\"thumbnailUrl\":\"https:\\\/\\\/gentedebasquet.com.ar\\\/sitio\\\/wp-content\\\/uploads\\\/2018\\\/09\\\/El-Nacional-Penitenciario-Vrizz.jpg\",\"datePublished\":\"2018-09-23T02:47:14+00:00\",\"author\":{\"@id\":\"http:\\\/\\\/gentedebasquet.com.ar\\\/sitio\\\/#\\\/schema\\\/person\\\/ca0b63bbb977369988a7bbbdc519943a\"},\"breadcrumb\":{\"@id\":\"https:\\\/\\\/gentedebasquet.com.ar\\\/sitio\\\/2018\\\/09\\\/22\\\/con-la-calculadora\\\/#breadcrumb\"},\"inLanguage\":\"es\",\"potentialAction\":[{\"@type\":\"ReadAction\",\"target\":[\"https:\\\/\\\/gentedebasquet.com.ar\\\/sitio\\\/2018\\\/09\\\/22\\\/con-la-calculadora\\\/\"]}]},{\"@type\":\"ImageObject\",\"inLanguage\":\"es\",\"@id\":\"https:\\\/\\\/gentedebasquet.com.ar\\\/sitio\\\/2018\\\/09\\\/22\\\/con-la-calculadora\\\/#primaryimage\",\"url\":\"https:\\\/\\\/gentedebasquet.com.ar\\\/sitio\\\/wp-content\\\/uploads\\\/2018\\\/09\\\/El-Nacional-Penitenciario-Vrizz.jpg\",\"contentUrl\":\"https:\\\/\\\/gentedebasquet.com.ar\\\/sitio\\\/wp-content\\\/uploads\\\/2018\\\/09\\\/El-Nacional-Penitenciario-Vrizz.jpg\",\"width\":690,\"height\":319},{\"@type\":\"BreadcrumbList\",\"@id\":\"https:\\\/\\\/gentedebasquet.com.ar\\\/sitio\\\/2018\\\/09\\\/22\\\/con-la-calculadora\\\/#breadcrumb\",\"itemListElement\":[{\"@type\":\"ListItem\",\"position\":1,\"name\":\"Portada\",\"item\":\"http:\\\/\\\/gentedebasquet.com.ar\\\/sitio\\\/\"},{\"@type\":\"ListItem\",\"position\":2,\"name\":\"Con la calculadora\"}]},{\"@type\":\"WebSite\",\"@id\":\"http:\\\/\\\/gentedebasquet.com.ar\\\/sitio\\\/#website\",\"url\":\"http:\\\/\\\/gentedebasquet.com.ar\\\/sitio\\\/\",\"name\":\"Gente de B\u00e1squet\",\"description\":\"La revista del basquet de Bah\u00eda Blanca\",\"potentialAction\":[{\"@type\":\"SearchAction\",\"target\":{\"@type\":\"EntryPoint\",\"urlTemplate\":\"http:\\\/\\\/gentedebasquet.com.ar\\\/sitio\\\/?s={search_term_string}\"},\"query-input\":{\"@type\":\"PropertyValueSpecification\",\"valueRequired\":true,\"valueName\":\"search_term_string\"}}],\"inLanguage\":\"es\"},{\"@type\":\"Person\",\"@id\":\"http:\\\/\\\/gentedebasquet.com.ar\\\/sitio\\\/#\\\/schema\\\/person\\\/ca0b63bbb977369988a7bbbdc519943a\",\"name\":\"Gente de B\u00e1squet\",\"image\":{\"@type\":\"ImageObject\",\"inLanguage\":\"es\",\"@id\":\"https:\\\/\\\/secure.gravatar.com\\\/avatar\\\/7f2c48bdc33b30088f941fb6082e555f2874c98e20cb159d7b92b50eadfce793?s=96&d=mm&r=g\",\"url\":\"https:\\\/\\\/secure.gravatar.com\\\/avatar\\\/7f2c48bdc33b30088f941fb6082e555f2874c98e20cb159d7b92b50eadfce793?s=96&d=mm&r=g\",\"contentUrl\":\"https:\\\/\\\/secure.gravatar.com\\\/avatar\\\/7f2c48bdc33b30088f941fb6082e555f2874c98e20cb159d7b92b50eadfce793?s=96&d=mm&r=g\",\"caption\":\"Gente de B\u00e1squet\"},\"sameAs\":[\"http:\\\/\\\/gentedebasquet.com.ar\\\/sitio\"],\"url\":\"https:\\\/\\\/gentedebasquet.com.ar\\\/sitio\\\/author\\\/ulises\\\/\"}]}<\/script>\n<!-- \/ Yoast SEO plugin. -->","yoast_head_json":{"title":"Con la calculadora - Gente de B\u00e1squet","robots":{"index":"index","follow":"follow","max-snippet":"max-snippet:-1","max-image-preview":"max-image-preview:large","max-video-preview":"max-video-preview:-1"},"canonical":"https:\/\/gentedebasquet.com.ar\/sitio\/2018\/09\/22\/con-la-calculadora\/","og_locale":"es_ES","og_type":"article","og_title":"Con la calculadora - Gente de B\u00e1squet","og_description":"El Nacional perdi\u00f3, pero avanz\u00f3 al Final Four del Provincial de Clubes Femenino","og_url":"https:\/\/gentedebasquet.com.ar\/sitio\/2018\/09\/22\/con-la-calculadora\/","og_site_name":"Gente de B\u00e1squet","article_published_time":"2018-09-23T02:47:14+00:00","og_image":[{"width":690,"height":319,"url":"https:\/\/gentedebasquet.com.ar\/sitio\/wp-content\/uploads\/2018\/09\/El-Nacional-Penitenciario-Vrizz.jpg","type":"image\/jpeg"}],"author":"Gente de B\u00e1squet","twitter_card":"summary_large_image","twitter_misc":{"Escrito por":"Gente de B\u00e1squet","Tiempo de lectura":"6 minutos"},"schema":{"@context":"https:\/\/schema.org","@graph":[{"@type":"Article","@id":"https:\/\/gentedebasquet.com.ar\/sitio\/2018\/09\/22\/con-la-calculadora\/#article","isPartOf":{"@id":"https:\/\/gentedebasquet.com.ar\/sitio\/2018\/09\/22\/con-la-calculadora\/"},"author":{"name":"Gente de B\u00e1squet","@id":"http:\/\/gentedebasquet.com.ar\/sitio\/#\/schema\/person\/ca0b63bbb977369988a7bbbdc519943a"},"headline":"Con la calculadora","datePublished":"2018-09-23T02:47:14+00:00","mainEntityOfPage":{"@id":"https:\/\/gentedebasquet.com.ar\/sitio\/2018\/09\/22\/con-la-calculadora\/"},"wordCount":1116,"image":{"@id":"https:\/\/gentedebasquet.com.ar\/sitio\/2018\/09\/22\/con-la-calculadora\/#primaryimage"},"thumbnailUrl":"https:\/\/gentedebasquet.com.ar\/sitio\/wp-content\/uploads\/2018\/09\/El-Nacional-Penitenciario-Vrizz.jpg","keywords":["C\u00edrculo Penitenciario","Eduarda Umabano","El Nacional","Federal Femenino","Nadia Vrizz","Provincial de Clubes","Roc\u00edo Conti","TFFB"],"articleSection":["Federal Femenino","Femenino","Prov. de Clubes","Slide"],"inLanguage":"es"},{"@type":"WebPage","@id":"https:\/\/gentedebasquet.com.ar\/sitio\/2018\/09\/22\/con-la-calculadora\/","url":"https:\/\/gentedebasquet.com.ar\/sitio\/2018\/09\/22\/con-la-calculadora\/","name":"Con la calculadora - Gente de B\u00e1squet","isPartOf":{"@id":"http:\/\/gentedebasquet.com.ar\/sitio\/#website"},"primaryImageOfPage":{"@id":"https:\/\/gentedebasquet.com.ar\/sitio\/2018\/09\/22\/con-la-calculadora\/#primaryimage"},"image":{"@id":"https:\/\/gentedebasquet.com.ar\/sitio\/2018\/09\/22\/con-la-calculadora\/#primaryimage"},"thumbnailUrl":"https:\/\/gentedebasquet.com.ar\/sitio\/wp-content\/uploads\/2018\/09\/El-Nacional-Penitenciario-Vrizz.jpg","datePublished":"2018-09-23T02:47:14+00:00","author":{"@id":"http:\/\/gentedebasquet.com.ar\/sitio\/#\/schema\/person\/ca0b63bbb977369988a7bbbdc519943a"},"breadcrumb":{"@id":"https:\/\/gentedebasquet.com.ar\/sitio\/2018\/09\/22\/con-la-calculadora\/#breadcrumb"},"inLanguage":"es","potentialAction":[{"@type":"ReadAction","target":["https:\/\/gentedebasquet.com.ar\/sitio\/2018\/09\/22\/con-la-calculadora\/"]}]},{"@type":"ImageObject","inLanguage":"es","@id":"https:\/\/gentedebasquet.com.ar\/sitio\/2018\/09\/22\/con-la-calculadora\/#primaryimage","url":"https:\/\/gentedebasquet.com.ar\/sitio\/wp-content\/uploads\/2018\/09\/El-Nacional-Penitenciario-Vrizz.jpg","contentUrl":"https:\/\/gentedebasquet.com.ar\/sitio\/wp-content\/uploads\/2018\/09\/El-Nacional-Penitenciario-Vrizz.jpg","width":690,"height":319},{"@type":"BreadcrumbList","@id":"https:\/\/gentedebasquet.com.ar\/sitio\/2018\/09\/22\/con-la-calculadora\/#breadcrumb","itemListElement":[{"@type":"ListItem","position":1,"name":"Portada","item":"http:\/\/gentedebasquet.com.ar\/sitio\/"},{"@type":"ListItem","position":2,"name":"Con la calculadora"}]},{"@type":"WebSite","@id":"http:\/\/gentedebasquet.com.ar\/sitio\/#website","url":"http:\/\/gentedebasquet.com.ar\/sitio\/","name":"Gente de B\u00e1squet","description":"La revista del basquet de Bah\u00eda Blanca","potentialAction":[{"@type":"SearchAction","target":{"@type":"EntryPoint","urlTemplate":"http:\/\/gentedebasquet.com.ar\/sitio\/?s={search_term_string}"},"query-input":{"@type":"PropertyValueSpecification","valueRequired":true,"valueName":"search_term_string"}}],"inLanguage":"es"},{"@type":"Person","@id":"http:\/\/gentedebasquet.com.ar\/sitio\/#\/schema\/person\/ca0b63bbb977369988a7bbbdc519943a","name":"Gente de B\u00e1squet","image":{"@type":"ImageObject","inLanguage":"es","@id":"https:\/\/secure.gravatar.com\/avatar\/7f2c48bdc33b30088f941fb6082e555f2874c98e20cb159d7b92b50eadfce793?s=96&d=mm&r=g","url":"https:\/\/secure.gravatar.com\/avatar\/7f2c48bdc33b30088f941fb6082e555f2874c98e20cb159d7b92b50eadfce793?s=96&d=mm&r=g","contentUrl":"https:\/\/secure.gravatar.com\/avatar\/7f2c48bdc33b30088f941fb6082e555f2874c98e20cb159d7b92b50eadfce793?s=96&d=mm&r=g","caption":"Gente de B\u00e1squet"},"sameAs":["http:\/\/gentedebasquet.com.ar\/sitio"],"url":"https:\/\/gentedebasquet.com.ar\/sitio\/author\/ulises\/"}]}},"_links":{"self":[{"href":"https:\/\/gentedebasquet.com.ar\/sitio\/wp-json\/wp\/v2\/posts\/88121","targetHints":{"allow":["GET"]}}],"collection":[{"href":"https:\/\/gentedebasquet.com.ar\/sitio\/wp-json\/wp\/v2\/posts"}],"about":[{"href":"https:\/\/gentedebasquet.com.ar\/sitio\/wp-json\/wp\/v2\/types\/post"}],"author":[{"embeddable":true,"href":"https:\/\/gentedebasquet.com.ar\/sitio\/wp-json\/wp\/v2\/users\/1"}],"replies":[{"embeddable":true,"href":"https:\/\/gentedebasquet.com.ar\/sitio\/wp-json\/wp\/v2\/comments?post=88121"}],"version-history":[{"count":0,"href":"https:\/\/gentedebasquet.com.ar\/sitio\/wp-json\/wp\/v2\/posts\/88121\/revisions"}],"wp:featuredmedia":[{"embeddable":true,"href":"https:\/\/gentedebasquet.com.ar\/sitio\/wp-json\/wp\/v2\/media\/88120"}],"wp:attachment":[{"href":"https:\/\/gentedebasquet.com.ar\/sitio\/wp-json\/wp\/v2\/media?parent=88121"}],"wp:term":[{"taxonomy":"category","embeddable":true,"href":"https:\/\/gentedebasquet.com.ar\/sitio\/wp-json\/wp\/v2\/categories?post=88121"},{"taxonomy":"post_tag","embeddable":true,"href":"https:\/\/gentedebasquet.com.ar\/sitio\/wp-json\/wp\/v2\/tags?post=88121"}],"curies":[{"name":"wp","href":"https:\/\/api.w.org\/{rel}","templated":true}]}}