{"id":88251,"date":"2018-09-27T15:29:46","date_gmt":"2018-09-27T18:29:46","guid":{"rendered":"http:\/\/www.gentedebasquet.com.ar\/?p=88251"},"modified":"2018-09-27T15:29:46","modified_gmt":"2018-09-27T18:29:46","slug":"buenos-aires-alla-vamos","status":"publish","type":"post","link":"https:\/\/gentedebasquet.com.ar\/sitio\/2018\/09\/27\/buenos-aires-alla-vamos\/","title":{"rendered":"Buenos Aires, all\u00e1 vamos"},"content":{"rendered":"<p><strong>Quedaron confirmados los planteles que representar\u00e1n a la Argentina en los Juegos Ol\u00edmpicos de la Juventud que se celebrar\u00e1n en Buenos Aires. <\/strong><\/p>\n<p><strong>El formato de disputa ser\u00e1 \u00fanicamente 3&#215;3 y nuestro pa\u00eds presentar\u00e1 equipo tanto en la rama femenina como en la masculina.<\/strong><\/p>\n<p><strong>Fausto Ruesga, alero de Olimpo, y Laura Cors, entrenadora de Lan\u00fas, representar\u00e1n a Bah\u00eda Blanca en la primera cita ol\u00edmpica que organizar\u00e1 nuestro pa\u00eds.<\/strong><\/p>\n<p><strong>La actividad se desarrollar\u00e1 en el Parque Urbano, en Puerto Madero, del 7 al 17 de octubre.<\/strong><\/p>\n<p>En el caso de los varones, el plantel estar\u00e1 compuesto por Juan De La Fuente, Marco Giordano, Fausto Ruesga y Juan Hierrezuelo y ser\u00e1 dirigido por Juan Gatti. Los chicos integrar\u00e1n el Grupo C junto a Estonia, Estados Unidos, Mongolia y Rusia.<\/p>\n<p>En un principio, la convocatoria integr\u00f3 a Leandro Bolmaro, flamante refuerzo de Barcelona. No obstante, el club espa\u00f1ol se neg\u00f3 a ceder al jugador con pasado en Bah\u00eda Basket antes del 6\/10, por lo que desde CABB decidieron reemplazarlo por Giordano.<\/p>\n<p>El equipo repite tres de los cuatro integrantes que consiguieron la medalla de plata este a\u00f1o en los <a href=\"http:\/\/www.gentedebasquet.com.ar\/cochabamba-de-plata\/\" target=\"_blank\" rel=\"noopener\">Juegos Suramericanos celebrados en Cochabamba<\/a>, compitiendo ante mayores.<\/p>\n<p><img decoding=\"async\" class=\"size-full wp-image-77294 alignright\" src=\"http:\/\/www.gentedebasquet.com.ar\/wp-content\/uploads\/2017\/10\/11.jpg\" alt=\"\" width=\"400\" height=\"267\" srcset=\"https:\/\/gentedebasquet.com.ar\/sitio\/wp-content\/uploads\/2017\/10\/11.jpg 400w, https:\/\/gentedebasquet.com.ar\/sitio\/wp-content\/uploads\/2017\/10\/11-300x200.jpg 300w\" sizes=\"(max-width: 400px) 100vw, 400px\" \/><\/p>\n<p>Por el lado de las chicas, el plantel que conduce Laura Cors est\u00e1 conformado por Sof\u00eda Acevedo, Sol Castro, Florencia Chagas y Victoria Gauna. Ellas compartir\u00e1n el Grupo C junto a Francia, Andorra, Indonesia y M\u00e9xico.<\/p>\n<p>En este caso, el cuarteto es el mismo que consigui\u00f3 el oro en los <a href=\"http:\/\/www.gentedebasquet.com.ar\/cors-y-un-equipo-de-oro\/\" target=\"_blank\" rel=\"noopener\">Juegos Suramericanos de la Juventud que el a\u00f1o pasado se desarrollaron en Santiago de Chile<\/a> y adem\u00e1s, presenta un solo cambio con respecto al equipo que consigui\u00f3 la medalla de plata en los ODESUR de junio de este a\u00f1o.<\/p>\n<p>Ambos planteles permanecer\u00e1n concentrados desde este mi\u00e9rcoles 26 hasta el d\u00eda de ingreso a la Villa Ol\u00edmpica el 2 de octubre.<\/p>\n<p>La ronda preliminar ser\u00e1 del 7 al 14 de octubre, el 16 se jugar\u00e1n los cuartos de final y el 17 se definir\u00e1n los medallistas. Pero el programa del b\u00e1squetbol 3\u00d73 incluye una jornada especial el 15, con el concurso de triples para mujeres y la competencia de volcadas para los hombres.<\/p>\n<p><img decoding=\"async\" class=\"aligncenter size-full wp-image-88051\" src=\"http:\/\/www.gentedebasquet.com.ar\/wp-content\/uploads\/2018\/09\/3x3.jpg\" alt=\"\" width=\"1200\" height=\"700\" srcset=\"https:\/\/gentedebasquet.com.ar\/sitio\/wp-content\/uploads\/2018\/09\/3x3.jpg 1200w, https:\/\/gentedebasquet.com.ar\/sitio\/wp-content\/uploads\/2018\/09\/3x3-300x175.jpg 300w, https:\/\/gentedebasquet.com.ar\/sitio\/wp-content\/uploads\/2018\/09\/3x3-1024x597.jpg 1024w, https:\/\/gentedebasquet.com.ar\/sitio\/wp-content\/uploads\/2018\/09\/3x3-768x448.jpg 768w\" sizes=\"(max-width: 1200px) 100vw, 1200px\" \/><\/p>\n<p><strong>Fuente:<\/strong> Ra\u00fal Ruscitti (CABB).<\/p>\n","protected":false},"excerpt":{"rendered":"<p>Quedaron confirmados los planteles que representar\u00e1n a Argentina en los YOG<\/p>\n","protected":false},"author":1,"featured_media":88259,"comment_status":"closed","ping_status":"open","sticky":false,"template":"","format":"standard","meta":{"jnews-multi-image_gallery":[],"jnews_single_post":[],"jnews_primary_category":[],"footnotes":""},"categories":[1493,61,101],"tags":[1510,720,1491,1142,1198,1122,402,1496],"class_list":["post-88251","post","type-post","status-publish","format-standard","has-post-thumbnail","hentry","category-camino-olimpico","category-selecciones-nacionales","category-slide","tag-3x3","tag-argentina","tag-buenos-aires-2018","tag-fausto-ruesga","tag-juegos-olimpicos","tag-laura-cors","tag-seleccion-argentina","tag-yog"],"yoast_head":"<!-- This site is optimized with the Yoast SEO plugin v27.5 - https:\/\/yoast.com\/product\/yoast-seo-wordpress\/ -->\n<title>Buenos Aires, all\u00e1 vamos - Gente de B\u00e1squet<\/title>\n<meta name=\"robots\" content=\"index, follow, max-snippet:-1, max-image-preview:large, max-video-preview:-1\" \/>\n<link rel=\"canonical\" href=\"http:\/\/gentedebasquet.com.ar\/sitio\/2018\/09\/27\/buenos-aires-alla-vamos\/\" \/>\n<meta property=\"og:locale\" content=\"es_ES\" \/>\n<meta property=\"og:type\" content=\"article\" \/>\n<meta property=\"og:title\" content=\"Buenos Aires, all\u00e1 vamos - Gente de B\u00e1squet\" \/>\n<meta property=\"og:description\" content=\"Quedaron confirmados los planteles que representar\u00e1n a Argentina en los YOG\" \/>\n<meta property=\"og:url\" content=\"http:\/\/gentedebasquet.com.ar\/sitio\/2018\/09\/27\/buenos-aires-alla-vamos\/\" \/>\n<meta property=\"og:site_name\" content=\"Gente de B\u00e1squet\" \/>\n<meta property=\"article:published_time\" content=\"2018-09-27T18:29:46+00:00\" \/>\n<meta property=\"og:image\" content=\"http:\/\/gentedebasquet.com.ar\/sitio\/wp-content\/uploads\/2018\/09\/Fausto-Ruesga-3x3-1.jpg\" \/>\n\t<meta property=\"og:image:width\" content=\"690\" \/>\n\t<meta property=\"og:image:height\" content=\"319\" \/>\n\t<meta property=\"og:image:type\" content=\"image\/jpeg\" \/>\n<meta name=\"author\" content=\"Gente de B\u00e1squet\" \/>\n<meta name=\"twitter:card\" content=\"summary_large_image\" \/>\n<meta name=\"twitter:label1\" content=\"Escrito por\" \/>\n\t<meta name=\"twitter:data1\" content=\"Gente de B\u00e1squet\" \/>\n\t<meta name=\"twitter:label2\" content=\"Tiempo de lectura\" \/>\n\t<meta name=\"twitter:data2\" content=\"2 minutos\" \/>\n<script type=\"application\/ld+json\" class=\"yoast-schema-graph\">{\"@context\":\"https:\\\/\\\/schema.org\",\"@graph\":[{\"@type\":\"Article\",\"@id\":\"http:\\\/\\\/gentedebasquet.com.ar\\\/sitio\\\/2018\\\/09\\\/27\\\/buenos-aires-alla-vamos\\\/#article\",\"isPartOf\":{\"@id\":\"http:\\\/\\\/gentedebasquet.com.ar\\\/sitio\\\/2018\\\/09\\\/27\\\/buenos-aires-alla-vamos\\\/\"},\"author\":{\"name\":\"Gente de B\u00e1squet\",\"@id\":\"https:\\\/\\\/gentedebasquet.com.ar\\\/sitio\\\/#\\\/schema\\\/person\\\/ca0b63bbb977369988a7bbbdc519943a\"},\"headline\":\"Buenos Aires, all\u00e1 vamos\",\"datePublished\":\"2018-09-27T18:29:46+00:00\",\"mainEntityOfPage\":{\"@id\":\"http:\\\/\\\/gentedebasquet.com.ar\\\/sitio\\\/2018\\\/09\\\/27\\\/buenos-aires-alla-vamos\\\/\"},\"wordCount\":379,\"image\":{\"@id\":\"http:\\\/\\\/gentedebasquet.com.ar\\\/sitio\\\/2018\\\/09\\\/27\\\/buenos-aires-alla-vamos\\\/#primaryimage\"},\"thumbnailUrl\":\"https:\\\/\\\/gentedebasquet.com.ar\\\/sitio\\\/wp-content\\\/uploads\\\/2018\\\/09\\\/Fausto-Ruesga-3x3-1.jpg\",\"keywords\":[\"3x3\",\"Argentina\",\"Buenos Aires 2018\",\"Fausto Ruesga\",\"Juegos Ol\u00edmpicos\",\"Laura Cors\",\"Selecci\u00f3n Argentina\",\"YOG\"],\"articleSection\":[\"Camino Ol\u00edmpico\",\"Selecciones Nacionales\",\"Slide\"],\"inLanguage\":\"es\"},{\"@type\":\"WebPage\",\"@id\":\"http:\\\/\\\/gentedebasquet.com.ar\\\/sitio\\\/2018\\\/09\\\/27\\\/buenos-aires-alla-vamos\\\/\",\"url\":\"http:\\\/\\\/gentedebasquet.com.ar\\\/sitio\\\/2018\\\/09\\\/27\\\/buenos-aires-alla-vamos\\\/\",\"name\":\"Buenos Aires, all\u00e1 vamos - Gente de B\u00e1squet\",\"isPartOf\":{\"@id\":\"https:\\\/\\\/gentedebasquet.com.ar\\\/sitio\\\/#website\"},\"primaryImageOfPage\":{\"@id\":\"http:\\\/\\\/gentedebasquet.com.ar\\\/sitio\\\/2018\\\/09\\\/27\\\/buenos-aires-alla-vamos\\\/#primaryimage\"},\"image\":{\"@id\":\"http:\\\/\\\/gentedebasquet.com.ar\\\/sitio\\\/2018\\\/09\\\/27\\\/buenos-aires-alla-vamos\\\/#primaryimage\"},\"thumbnailUrl\":\"https:\\\/\\\/gentedebasquet.com.ar\\\/sitio\\\/wp-content\\\/uploads\\\/2018\\\/09\\\/Fausto-Ruesga-3x3-1.jpg\",\"datePublished\":\"2018-09-27T18:29:46+00:00\",\"author\":{\"@id\":\"https:\\\/\\\/gentedebasquet.com.ar\\\/sitio\\\/#\\\/schema\\\/person\\\/ca0b63bbb977369988a7bbbdc519943a\"},\"breadcrumb\":{\"@id\":\"http:\\\/\\\/gentedebasquet.com.ar\\\/sitio\\\/2018\\\/09\\\/27\\\/buenos-aires-alla-vamos\\\/#breadcrumb\"},\"inLanguage\":\"es\",\"potentialAction\":[{\"@type\":\"ReadAction\",\"target\":[\"http:\\\/\\\/gentedebasquet.com.ar\\\/sitio\\\/2018\\\/09\\\/27\\\/buenos-aires-alla-vamos\\\/\"]}]},{\"@type\":\"ImageObject\",\"inLanguage\":\"es\",\"@id\":\"http:\\\/\\\/gentedebasquet.com.ar\\\/sitio\\\/2018\\\/09\\\/27\\\/buenos-aires-alla-vamos\\\/#primaryimage\",\"url\":\"https:\\\/\\\/gentedebasquet.com.ar\\\/sitio\\\/wp-content\\\/uploads\\\/2018\\\/09\\\/Fausto-Ruesga-3x3-1.jpg\",\"contentUrl\":\"https:\\\/\\\/gentedebasquet.com.ar\\\/sitio\\\/wp-content\\\/uploads\\\/2018\\\/09\\\/Fausto-Ruesga-3x3-1.jpg\",\"width\":690,\"height\":319},{\"@type\":\"BreadcrumbList\",\"@id\":\"http:\\\/\\\/gentedebasquet.com.ar\\\/sitio\\\/2018\\\/09\\\/27\\\/buenos-aires-alla-vamos\\\/#breadcrumb\",\"itemListElement\":[{\"@type\":\"ListItem\",\"position\":1,\"name\":\"Portada\",\"item\":\"https:\\\/\\\/gentedebasquet.com.ar\\\/sitio\\\/\"},{\"@type\":\"ListItem\",\"position\":2,\"name\":\"Buenos Aires, all\u00e1 vamos\"}]},{\"@type\":\"WebSite\",\"@id\":\"https:\\\/\\\/gentedebasquet.com.ar\\\/sitio\\\/#website\",\"url\":\"https:\\\/\\\/gentedebasquet.com.ar\\\/sitio\\\/\",\"name\":\"Gente de B\u00e1squet\",\"description\":\"La revista del basquet de Bah\u00eda Blanca\",\"potentialAction\":[{\"@type\":\"SearchAction\",\"target\":{\"@type\":\"EntryPoint\",\"urlTemplate\":\"https:\\\/\\\/gentedebasquet.com.ar\\\/sitio\\\/?s={search_term_string}\"},\"query-input\":{\"@type\":\"PropertyValueSpecification\",\"valueRequired\":true,\"valueName\":\"search_term_string\"}}],\"inLanguage\":\"es\"},{\"@type\":\"Person\",\"@id\":\"https:\\\/\\\/gentedebasquet.com.ar\\\/sitio\\\/#\\\/schema\\\/person\\\/ca0b63bbb977369988a7bbbdc519943a\",\"name\":\"Gente de B\u00e1squet\",\"image\":{\"@type\":\"ImageObject\",\"inLanguage\":\"es\",\"@id\":\"https:\\\/\\\/secure.gravatar.com\\\/avatar\\\/7f2c48bdc33b30088f941fb6082e555f2874c98e20cb159d7b92b50eadfce793?s=96&d=mm&r=g\",\"url\":\"https:\\\/\\\/secure.gravatar.com\\\/avatar\\\/7f2c48bdc33b30088f941fb6082e555f2874c98e20cb159d7b92b50eadfce793?s=96&d=mm&r=g\",\"contentUrl\":\"https:\\\/\\\/secure.gravatar.com\\\/avatar\\\/7f2c48bdc33b30088f941fb6082e555f2874c98e20cb159d7b92b50eadfce793?s=96&d=mm&r=g\",\"caption\":\"Gente de B\u00e1squet\"},\"sameAs\":[\"http:\\\/\\\/gentedebasquet.com.ar\\\/sitio\"],\"url\":\"https:\\\/\\\/gentedebasquet.com.ar\\\/sitio\\\/author\\\/ulises\\\/\"}]}<\/script>\n<!-- \/ Yoast SEO plugin. -->","yoast_head_json":{"title":"Buenos Aires, all\u00e1 vamos - Gente de B\u00e1squet","robots":{"index":"index","follow":"follow","max-snippet":"max-snippet:-1","max-image-preview":"max-image-preview:large","max-video-preview":"max-video-preview:-1"},"canonical":"http:\/\/gentedebasquet.com.ar\/sitio\/2018\/09\/27\/buenos-aires-alla-vamos\/","og_locale":"es_ES","og_type":"article","og_title":"Buenos Aires, all\u00e1 vamos - Gente de B\u00e1squet","og_description":"Quedaron confirmados los planteles que representar\u00e1n a Argentina en los YOG","og_url":"http:\/\/gentedebasquet.com.ar\/sitio\/2018\/09\/27\/buenos-aires-alla-vamos\/","og_site_name":"Gente de B\u00e1squet","article_published_time":"2018-09-27T18:29:46+00:00","og_image":[{"width":690,"height":319,"url":"http:\/\/gentedebasquet.com.ar\/sitio\/wp-content\/uploads\/2018\/09\/Fausto-Ruesga-3x3-1.jpg","type":"image\/jpeg"}],"author":"Gente de B\u00e1squet","twitter_card":"summary_large_image","twitter_misc":{"Escrito por":"Gente de B\u00e1squet","Tiempo de lectura":"2 minutos"},"schema":{"@context":"https:\/\/schema.org","@graph":[{"@type":"Article","@id":"http:\/\/gentedebasquet.com.ar\/sitio\/2018\/09\/27\/buenos-aires-alla-vamos\/#article","isPartOf":{"@id":"http:\/\/gentedebasquet.com.ar\/sitio\/2018\/09\/27\/buenos-aires-alla-vamos\/"},"author":{"name":"Gente de B\u00e1squet","@id":"https:\/\/gentedebasquet.com.ar\/sitio\/#\/schema\/person\/ca0b63bbb977369988a7bbbdc519943a"},"headline":"Buenos Aires, all\u00e1 vamos","datePublished":"2018-09-27T18:29:46+00:00","mainEntityOfPage":{"@id":"http:\/\/gentedebasquet.com.ar\/sitio\/2018\/09\/27\/buenos-aires-alla-vamos\/"},"wordCount":379,"image":{"@id":"http:\/\/gentedebasquet.com.ar\/sitio\/2018\/09\/27\/buenos-aires-alla-vamos\/#primaryimage"},"thumbnailUrl":"https:\/\/gentedebasquet.com.ar\/sitio\/wp-content\/uploads\/2018\/09\/Fausto-Ruesga-3x3-1.jpg","keywords":["3x3","Argentina","Buenos Aires 2018","Fausto Ruesga","Juegos Ol\u00edmpicos","Laura Cors","Selecci\u00f3n Argentina","YOG"],"articleSection":["Camino Ol\u00edmpico","Selecciones Nacionales","Slide"],"inLanguage":"es"},{"@type":"WebPage","@id":"http:\/\/gentedebasquet.com.ar\/sitio\/2018\/09\/27\/buenos-aires-alla-vamos\/","url":"http:\/\/gentedebasquet.com.ar\/sitio\/2018\/09\/27\/buenos-aires-alla-vamos\/","name":"Buenos Aires, all\u00e1 vamos - Gente de B\u00e1squet","isPartOf":{"@id":"https:\/\/gentedebasquet.com.ar\/sitio\/#website"},"primaryImageOfPage":{"@id":"http:\/\/gentedebasquet.com.ar\/sitio\/2018\/09\/27\/buenos-aires-alla-vamos\/#primaryimage"},"image":{"@id":"http:\/\/gentedebasquet.com.ar\/sitio\/2018\/09\/27\/buenos-aires-alla-vamos\/#primaryimage"},"thumbnailUrl":"https:\/\/gentedebasquet.com.ar\/sitio\/wp-content\/uploads\/2018\/09\/Fausto-Ruesga-3x3-1.jpg","datePublished":"2018-09-27T18:29:46+00:00","author":{"@id":"https:\/\/gentedebasquet.com.ar\/sitio\/#\/schema\/person\/ca0b63bbb977369988a7bbbdc519943a"},"breadcrumb":{"@id":"http:\/\/gentedebasquet.com.ar\/sitio\/2018\/09\/27\/buenos-aires-alla-vamos\/#breadcrumb"},"inLanguage":"es","potentialAction":[{"@type":"ReadAction","target":["http:\/\/gentedebasquet.com.ar\/sitio\/2018\/09\/27\/buenos-aires-alla-vamos\/"]}]},{"@type":"ImageObject","inLanguage":"es","@id":"http:\/\/gentedebasquet.com.ar\/sitio\/2018\/09\/27\/buenos-aires-alla-vamos\/#primaryimage","url":"https:\/\/gentedebasquet.com.ar\/sitio\/wp-content\/uploads\/2018\/09\/Fausto-Ruesga-3x3-1.jpg","contentUrl":"https:\/\/gentedebasquet.com.ar\/sitio\/wp-content\/uploads\/2018\/09\/Fausto-Ruesga-3x3-1.jpg","width":690,"height":319},{"@type":"BreadcrumbList","@id":"http:\/\/gentedebasquet.com.ar\/sitio\/2018\/09\/27\/buenos-aires-alla-vamos\/#breadcrumb","itemListElement":[{"@type":"ListItem","position":1,"name":"Portada","item":"https:\/\/gentedebasquet.com.ar\/sitio\/"},{"@type":"ListItem","position":2,"name":"Buenos Aires, all\u00e1 vamos"}]},{"@type":"WebSite","@id":"https:\/\/gentedebasquet.com.ar\/sitio\/#website","url":"https:\/\/gentedebasquet.com.ar\/sitio\/","name":"Gente de B\u00e1squet","description":"La revista del basquet de Bah\u00eda Blanca","potentialAction":[{"@type":"SearchAction","target":{"@type":"EntryPoint","urlTemplate":"https:\/\/gentedebasquet.com.ar\/sitio\/?s={search_term_string}"},"query-input":{"@type":"PropertyValueSpecification","valueRequired":true,"valueName":"search_term_string"}}],"inLanguage":"es"},{"@type":"Person","@id":"https:\/\/gentedebasquet.com.ar\/sitio\/#\/schema\/person\/ca0b63bbb977369988a7bbbdc519943a","name":"Gente de B\u00e1squet","image":{"@type":"ImageObject","inLanguage":"es","@id":"https:\/\/secure.gravatar.com\/avatar\/7f2c48bdc33b30088f941fb6082e555f2874c98e20cb159d7b92b50eadfce793?s=96&d=mm&r=g","url":"https:\/\/secure.gravatar.com\/avatar\/7f2c48bdc33b30088f941fb6082e555f2874c98e20cb159d7b92b50eadfce793?s=96&d=mm&r=g","contentUrl":"https:\/\/secure.gravatar.com\/avatar\/7f2c48bdc33b30088f941fb6082e555f2874c98e20cb159d7b92b50eadfce793?s=96&d=mm&r=g","caption":"Gente de B\u00e1squet"},"sameAs":["http:\/\/gentedebasquet.com.ar\/sitio"],"url":"https:\/\/gentedebasquet.com.ar\/sitio\/author\/ulises\/"}]}},"_links":{"self":[{"href":"https:\/\/gentedebasquet.com.ar\/sitio\/wp-json\/wp\/v2\/posts\/88251","targetHints":{"allow":["GET"]}}],"collection":[{"href":"https:\/\/gentedebasquet.com.ar\/sitio\/wp-json\/wp\/v2\/posts"}],"about":[{"href":"https:\/\/gentedebasquet.com.ar\/sitio\/wp-json\/wp\/v2\/types\/post"}],"author":[{"embeddable":true,"href":"https:\/\/gentedebasquet.com.ar\/sitio\/wp-json\/wp\/v2\/users\/1"}],"replies":[{"embeddable":true,"href":"https:\/\/gentedebasquet.com.ar\/sitio\/wp-json\/wp\/v2\/comments?post=88251"}],"version-history":[{"count":0,"href":"https:\/\/gentedebasquet.com.ar\/sitio\/wp-json\/wp\/v2\/posts\/88251\/revisions"}],"wp:featuredmedia":[{"embeddable":true,"href":"https:\/\/gentedebasquet.com.ar\/sitio\/wp-json\/wp\/v2\/media\/88259"}],"wp:attachment":[{"href":"https:\/\/gentedebasquet.com.ar\/sitio\/wp-json\/wp\/v2\/media?parent=88251"}],"wp:term":[{"taxonomy":"category","embeddable":true,"href":"https:\/\/gentedebasquet.com.ar\/sitio\/wp-json\/wp\/v2\/categories?post=88251"},{"taxonomy":"post_tag","embeddable":true,"href":"https:\/\/gentedebasquet.com.ar\/sitio\/wp-json\/wp\/v2\/tags?post=88251"}],"curies":[{"name":"wp","href":"https:\/\/api.w.org\/{rel}","templated":true}]}}