{"id":88505,"date":"2018-10-03T23:54:03","date_gmt":"2018-10-04T02:54:03","guid":{"rendered":"http:\/\/www.gentedebasquet.com.ar\/?p=88505"},"modified":"2018-10-03T23:54:03","modified_gmt":"2018-10-04T02:54:03","slug":"mirenlo-a-villalon","status":"publish","type":"post","link":"https:\/\/gentedebasquet.com.ar\/sitio\/2018\/10\/03\/mirenlo-a-villalon\/","title":{"rendered":"Mirenlo a Villal\u00f3n"},"content":{"rendered":"<p><strong>Partido igualado en 71 y en poder la \u00faltima pelota para 9 de Julio, a falta de 7 seg. Agust\u00edn Villal\u00f3n tom\u00f3 la responsabilidad y a pura potencia y decision fue hacia el aro y con una bandeja decret\u00f3 el important\u00edsimo y luchado triunfo de su equipo ante Estudiantes por 73 a 71, en el juego pendiente de la fecha 15. Ese \u00faltimo doble redonde\u00f3 un partido brillante del ex Olimpo, autor de 19 puntos (2\/5 t3, 6\/9 t2), 9 rebotes, 5 asistencias, 2 recuperos y 2 tapas. Adem\u00e1s, Pomar Garbarino (16 pts y 9 recobres) y Agust\u00edn Pena (11, 2\/4 t3) aportaron su granito de arena. En el albo, Amore se destac\u00f3 con 14 tantos (9 en el 3c, 4\/6 t3) y 10 tableros.<\/strong><\/p>\n<p>No fue del todo preciso el arranque en el Osvaldo Casanova, aunque el que puso primera fue 9 de Julio, buscando como premisa correr la cancha y buscar los tiros externos, v\u00eda Carci (6, 2\/4 t3), para adelantarse 9 a 4.\u00a0Lo que pas\u00f3 es que Estudiantes tuvo a un inspirado Castets.<\/p>\n<p>Convirti\u00f3 sus primeros 8 puntos del juego (termin\u00f3 con 10 de los 12 en el 1C) y eso ayud\u00f3 a que su equipo se coloque a una unidad: 8-9. En consiguiente, el albo estuvo 4 minutos sin anotar. Sufri\u00f3 horrores la escasez de variantes en ataque y por su parte, el visitante fue mucho m\u00e1s din\u00e1mico y finaliz\u00f3 el primer segmento arriba: 12-18.<\/p>\n<p><a href=\"http:\/\/www.gentedebasquet.com.ar\/wp-content\/uploads\/2018\/10\/Beron-EST-VS-9DJ.jpg\"><img decoding=\"async\" class=\"size-medium wp-image-88507 alignright\" src=\"http:\/\/www.gentedebasquet.com.ar\/wp-content\/uploads\/2018\/10\/Beron-EST-VS-9DJ-300x165.jpg\" alt=\"\" width=\"300\" height=\"165\" srcset=\"https:\/\/gentedebasquet.com.ar\/sitio\/wp-content\/uploads\/2018\/10\/Beron-EST-VS-9DJ-300x165.jpg 300w, https:\/\/gentedebasquet.com.ar\/sitio\/wp-content\/uploads\/2018\/10\/Beron-EST-VS-9DJ.jpg 400w\" sizes=\"(max-width: 300px) 100vw, 300px\" \/><\/a><\/p>\n<p>No cambi\u00f3 la fisonom\u00eda del desarrollo. 9 de Julio defendi\u00f3 con mucha intensidad y anul\u00f3 todas las v\u00edas propuestas por el albo. En ataque, supo leer los momentos. Utiliz\u00f3 a Garbarino bajo el aro (7) y encontr\u00f3 tiros abiertos de Pena (6, 2\/e t3) cuando era necesario. Tambi\u00e9n, se sum\u00f3 Villal\u00f3n al repertorio (4 pts y 2 asis).<\/p>\n<p>Por ende, el visitante plasm\u00f3 un parcial de 10-0: 16-32. Luego del minuto de Romernisyzn, su equipo se plant\u00f3 en zona, encontr\u00f3 algo m\u00e1s de firmeza, pero m\u00e1s que nada comenz\u00f3 a ir con decisi\u00f3n hacia el aro, situaci\u00f3n que concluy\u00f3 Scarpaci (5, 3\/3 t1) y Cinti (5). Sirvi\u00f3 para que el local cierre con otra cara y motivaci\u00f3n el primer tiempo: 28-39.<\/p>\n<blockquote><p><em>Fue un partido muy peleado, no tenemos muchas armas, pero le hacemos partido a cualquier equipo y ya lo hemos demostrado durante el torneo. Seguimos con la misma intensidad y esto nos permite estar un poco mejor en la tabla, m\u00e1s holgado y desprenderse un poco de la zona de abajo. Llegamos mejor f\u00edsicamente\u00a0al final del partido y por eso nos quedamos con esta victoria important\u00edsima para nosotros (Agust\u00edn Villal\u00f3n)<\/em><\/p><\/blockquote>\n<p>Un cambio brusco se produjo en el tercer periodo. Se dio vuelta la tortilla. Ahora, el que arras\u00f3 y domin\u00f3 el juego fue Estudiantes. Termin\u00f3 concretando un criminal parcial de 17-0, desde el min 9 al min 2, es decir 9 de Julio estuvo 7 minutos sin poder anotar.\u00a0En ese lapso, como dijimos, el albo se transform\u00f3. Amore martill\u00f3 el aro (3\/3 t3), Duvanced ingres\u00f3 correctamente para luchar en la pintura y Scarpaci fue el conductor designado (3 asistencias).<\/p>\n<p>Factores suficientes para que se de vuelta la historia y colocarse en el marcador 45-41. Sin embargo, no hab\u00eda momento para distraerse, el desarrollo era muy cambiante. Porque el visitante reaccion\u00f3 y lo hizo mediante un pasaje contundente de 10-0, v\u00eda Villal\u00f3n (5), para que vuelva a todo como estaba antes: 45-51.<\/p>\n<p><a href=\"http:\/\/www.gentedebasquet.com.ar\/wp-content\/uploads\/2018\/10\/Pena-EST-VS-9DJ.jpg\"><img decoding=\"async\" class=\"size-medium wp-image-88506 alignright\" src=\"http:\/\/www.gentedebasquet.com.ar\/wp-content\/uploads\/2018\/10\/Pena-EST-VS-9DJ-300x165.jpg\" alt=\"\" width=\"300\" height=\"165\" srcset=\"https:\/\/gentedebasquet.com.ar\/sitio\/wp-content\/uploads\/2018\/10\/Pena-EST-VS-9DJ-300x165.jpg 300w, https:\/\/gentedebasquet.com.ar\/sitio\/wp-content\/uploads\/2018\/10\/Pena-EST-VS-9DJ.jpg 400w\" sizes=\"(max-width: 300px) 100vw, 300px\" \/><\/a><\/p>\n<p>Entramos al \u00faltimo cuarto y fue para alquilar balcones. Palo a palo hasta el cierre, con una leve ventaja del lado del equipo de Iannamico. En el albo, Alema\u00f1y iba a tomar protagonismo (11) con la vuelta a cancha de Castets, luego de estar 20 minutos en el banco, como dato curioso. Por su parte, en el visitante, Turcato fue su carta de gol (5), junto al esfuerzo en la pintura de Garbarino (5 y 5 recobres).<\/p>\n<p>Tuvo un problema el visitante, se carg\u00f3 de faltas y el rival empez\u00f3 a recortar la brecha con los viajes a la l\u00ednea (7\/9). Lleg\u00f3 a ponerse a una sola unidad: 67-68, a falta de un minuto. Luego, Pena\u00a0 estableci\u00f3 una ventaja de +3 y adem\u00e1s, su equipo tuvo un doble errado de Pomar, a falta de 30 seg, para poder definir el partido, pero debi\u00f3 sufrir m\u00e1s de la cuenta.<\/p>\n<p>R\u00e1pidamente, Mitoire convirti\u00f3 y se puso a tiro: 69-70, momento en el cu\u00e1l Bruni anot\u00f3 1\/2 (69-71), a falta de 15 seg. Sin embargo, nuevamente Jer\u00f3nimo tom\u00f3 la pelota y encest\u00f3 un doble largo para igualar el tramite en 71, con 7 seg por jugar. Y lleg\u00f3 el momento de la noche. Villal\u00f3n coron\u00f3 su fenomenal partido con una penetraci\u00f3n a pura potencia, que la finaliz\u00f3 con una bandeja, para desatar la alegr\u00eda de todo el pueblo de \u00a8nueve\u00a8, que consigui\u00f3 un crucial partido ante Estudiantes por 73 a 71.<\/p>\n<p><iframe loading=\"lazy\" src=\"https:\/\/www.youtube.com\/embed\/Ubr8pMgYpo0\" width=\"560\" height=\"315\" frameborder=\"0\" allowfullscreen=\"allowfullscreen\"><\/iframe><\/p>\n<p><b>S\u00edntesis<\/b><strong>\u00a0&#8211;<\/strong> Primera Divisi\u00f3n &#8211; Fecha #15<\/p>\n<p><strong>Estudiantes 71:\u00a0<\/strong>Mariano Castets 13, Leonel Alema\u00f1y 11, Nehu\u00e9n Ber\u00f3n 0, Agust\u00edn Amore 14, David Pineda 0 (FI); Jer\u00f3nimo Mitoire 13, Tom\u00e1s Scarpaci 11, Sebasti\u00e1n Cinti 7 y Valent\u00edn Duvanced 2. DT: Walter Romernisyzn.<\/p>\n<p><strong>9 de Julio 73:\u00a0<\/strong>Dami\u00e1n Carci 6, Tom\u00e1s Bruni 8, Agust\u00edn Villal\u00f3n 19, Guillermo Mallemacci 2, Pomar Garbarino 16 (FI); Fernando Pe\u00f1alver 4, Agust\u00edn Pena 11 y Juli\u00e1n Turcato 7. DT: Andr\u00e9s Iannamico.<\/p>\n<p><strong>Parciales:\u00a0<\/strong>12-18, 28-39 (16-21), 45-51 (17-12) y 71-73 (26-22).<\/p>\n<p><b>\u00c1rbitros<\/b><strong>:\u00a0<\/strong>Alejandro Ramallo &#8211; Sebasti\u00e1n Arcas.<\/p>\n<p><strong>Estadio:\u00a0<\/strong>Osvaldo Casanova (Estudiantes).<\/p>\n<p><a href=\"https:\/\/docs.google.com\/spreadsheets\/d\/e\/2PACX-1vRVufT2UXiOoGJUd1bYoQKO_LaGifFsS_oW4Bje833ySEg2sI78clU9FNFBOVnc0jmIN3M7SzRuZVdJ\/pubhtml? target=\" target=\"_blank\" rel=\"noopener\">Ver planilla<\/a><\/p>\n<p>&nbsp;<\/p>\n","protected":false},"excerpt":{"rendered":"<p>9 de Julio festej\u00f3 ante Estudiantes por 73 a 71 y comanda el 6\u00b0 puesto de la tabla.<\/p>\n","protected":false},"author":1,"featured_media":88508,"comment_status":"closed","ping_status":"open","sticky":false,"template":"","format":"standard","meta":{"jnews-multi-image_gallery":[],"jnews_single_post":[],"jnews_primary_category":[],"footnotes":""},"categories":[23,101],"tags":[2,201,1141,1679,11,137,616],"class_list":["post-88505","post","type-post","status-publish","format-standard","has-post-thumbnail","hentry","category-primera","category-slide","tag-9dejulio","tag-agustin-amore","tag-agustin-pena","tag-agustin-villalon","tag-estudiantes","tag-mariano-castets","tag-pomar-garbarino"],"yoast_head":"<!-- This site is optimized with the Yoast SEO plugin v27.5 - https:\/\/yoast.com\/product\/yoast-seo-wordpress\/ -->\n<title>Mirenlo a Villal\u00f3n - Gente de B\u00e1squet<\/title>\n<meta name=\"robots\" content=\"index, follow, max-snippet:-1, max-image-preview:large, max-video-preview:-1\" \/>\n<link rel=\"canonical\" href=\"http:\/\/gentedebasquet.com.ar\/sitio\/2018\/10\/03\/mirenlo-a-villalon\/\" \/>\n<meta property=\"og:locale\" content=\"es_ES\" \/>\n<meta property=\"og:type\" content=\"article\" \/>\n<meta property=\"og:title\" content=\"Mirenlo a Villal\u00f3n - Gente de B\u00e1squet\" \/>\n<meta property=\"og:description\" content=\"9 de Julio festej\u00f3 ante Estudiantes por 73 a 71 y comanda el 6\u00b0 puesto de la tabla.\" \/>\n<meta property=\"og:url\" content=\"http:\/\/gentedebasquet.com.ar\/sitio\/2018\/10\/03\/mirenlo-a-villalon\/\" \/>\n<meta property=\"og:site_name\" content=\"Gente de B\u00e1squet\" \/>\n<meta property=\"article:published_time\" content=\"2018-10-04T02:54:03+00:00\" \/>\n<meta property=\"og:image\" content=\"http:\/\/gentedebasquet.com.ar\/sitio\/wp-content\/uploads\/2018\/10\/Mallemacci-EST-VS-9DJ.jpg\" \/>\n\t<meta property=\"og:image:width\" content=\"690\" \/>\n\t<meta property=\"og:image:height\" content=\"318\" \/>\n\t<meta property=\"og:image:type\" content=\"image\/jpeg\" \/>\n<meta name=\"author\" content=\"Gente de B\u00e1squet\" \/>\n<meta name=\"twitter:card\" content=\"summary_large_image\" \/>\n<meta name=\"twitter:label1\" content=\"Escrito por\" \/>\n\t<meta name=\"twitter:data1\" content=\"Gente de B\u00e1squet\" \/>\n\t<meta name=\"twitter:label2\" content=\"Tiempo de lectura\" \/>\n\t<meta name=\"twitter:data2\" content=\"4 minutos\" \/>\n<script type=\"application\/ld+json\" class=\"yoast-schema-graph\">{\"@context\":\"https:\\\/\\\/schema.org\",\"@graph\":[{\"@type\":\"Article\",\"@id\":\"http:\\\/\\\/gentedebasquet.com.ar\\\/sitio\\\/2018\\\/10\\\/03\\\/mirenlo-a-villalon\\\/#article\",\"isPartOf\":{\"@id\":\"http:\\\/\\\/gentedebasquet.com.ar\\\/sitio\\\/2018\\\/10\\\/03\\\/mirenlo-a-villalon\\\/\"},\"author\":{\"name\":\"Gente de B\u00e1squet\",\"@id\":\"https:\\\/\\\/gentedebasquet.com.ar\\\/sitio\\\/#\\\/schema\\\/person\\\/ca0b63bbb977369988a7bbbdc519943a\"},\"headline\":\"Mirenlo a Villal\u00f3n\",\"datePublished\":\"2018-10-04T02:54:03+00:00\",\"mainEntityOfPage\":{\"@id\":\"http:\\\/\\\/gentedebasquet.com.ar\\\/sitio\\\/2018\\\/10\\\/03\\\/mirenlo-a-villalon\\\/\"},\"wordCount\":876,\"image\":{\"@id\":\"http:\\\/\\\/gentedebasquet.com.ar\\\/sitio\\\/2018\\\/10\\\/03\\\/mirenlo-a-villalon\\\/#primaryimage\"},\"thumbnailUrl\":\"https:\\\/\\\/gentedebasquet.com.ar\\\/sitio\\\/wp-content\\\/uploads\\\/2018\\\/10\\\/Mallemacci-EST-VS-9DJ.jpg\",\"keywords\":[\"9 de Julio\",\"Agust\u00edn Amore\",\"Agust\u00edn Pena\",\"Agust\u00edn Villal\u00f3n\",\"Estudiantes\",\"Mariano Castets\",\"pomar garbarino\"],\"articleSection\":[\"Primera\",\"Slide\"],\"inLanguage\":\"es\"},{\"@type\":\"WebPage\",\"@id\":\"http:\\\/\\\/gentedebasquet.com.ar\\\/sitio\\\/2018\\\/10\\\/03\\\/mirenlo-a-villalon\\\/\",\"url\":\"http:\\\/\\\/gentedebasquet.com.ar\\\/sitio\\\/2018\\\/10\\\/03\\\/mirenlo-a-villalon\\\/\",\"name\":\"Mirenlo a Villal\u00f3n - Gente de B\u00e1squet\",\"isPartOf\":{\"@id\":\"https:\\\/\\\/gentedebasquet.com.ar\\\/sitio\\\/#website\"},\"primaryImageOfPage\":{\"@id\":\"http:\\\/\\\/gentedebasquet.com.ar\\\/sitio\\\/2018\\\/10\\\/03\\\/mirenlo-a-villalon\\\/#primaryimage\"},\"image\":{\"@id\":\"http:\\\/\\\/gentedebasquet.com.ar\\\/sitio\\\/2018\\\/10\\\/03\\\/mirenlo-a-villalon\\\/#primaryimage\"},\"thumbnailUrl\":\"https:\\\/\\\/gentedebasquet.com.ar\\\/sitio\\\/wp-content\\\/uploads\\\/2018\\\/10\\\/Mallemacci-EST-VS-9DJ.jpg\",\"datePublished\":\"2018-10-04T02:54:03+00:00\",\"author\":{\"@id\":\"https:\\\/\\\/gentedebasquet.com.ar\\\/sitio\\\/#\\\/schema\\\/person\\\/ca0b63bbb977369988a7bbbdc519943a\"},\"breadcrumb\":{\"@id\":\"http:\\\/\\\/gentedebasquet.com.ar\\\/sitio\\\/2018\\\/10\\\/03\\\/mirenlo-a-villalon\\\/#breadcrumb\"},\"inLanguage\":\"es\",\"potentialAction\":[{\"@type\":\"ReadAction\",\"target\":[\"http:\\\/\\\/gentedebasquet.com.ar\\\/sitio\\\/2018\\\/10\\\/03\\\/mirenlo-a-villalon\\\/\"]}]},{\"@type\":\"ImageObject\",\"inLanguage\":\"es\",\"@id\":\"http:\\\/\\\/gentedebasquet.com.ar\\\/sitio\\\/2018\\\/10\\\/03\\\/mirenlo-a-villalon\\\/#primaryimage\",\"url\":\"https:\\\/\\\/gentedebasquet.com.ar\\\/sitio\\\/wp-content\\\/uploads\\\/2018\\\/10\\\/Mallemacci-EST-VS-9DJ.jpg\",\"contentUrl\":\"https:\\\/\\\/gentedebasquet.com.ar\\\/sitio\\\/wp-content\\\/uploads\\\/2018\\\/10\\\/Mallemacci-EST-VS-9DJ.jpg\",\"width\":690,\"height\":318},{\"@type\":\"BreadcrumbList\",\"@id\":\"http:\\\/\\\/gentedebasquet.com.ar\\\/sitio\\\/2018\\\/10\\\/03\\\/mirenlo-a-villalon\\\/#breadcrumb\",\"itemListElement\":[{\"@type\":\"ListItem\",\"position\":1,\"name\":\"Portada\",\"item\":\"https:\\\/\\\/gentedebasquet.com.ar\\\/sitio\\\/\"},{\"@type\":\"ListItem\",\"position\":2,\"name\":\"Mirenlo a Villal\u00f3n\"}]},{\"@type\":\"WebSite\",\"@id\":\"https:\\\/\\\/gentedebasquet.com.ar\\\/sitio\\\/#website\",\"url\":\"https:\\\/\\\/gentedebasquet.com.ar\\\/sitio\\\/\",\"name\":\"Gente de B\u00e1squet\",\"description\":\"La revista del basquet de Bah\u00eda Blanca\",\"potentialAction\":[{\"@type\":\"SearchAction\",\"target\":{\"@type\":\"EntryPoint\",\"urlTemplate\":\"https:\\\/\\\/gentedebasquet.com.ar\\\/sitio\\\/?s={search_term_string}\"},\"query-input\":{\"@type\":\"PropertyValueSpecification\",\"valueRequired\":true,\"valueName\":\"search_term_string\"}}],\"inLanguage\":\"es\"},{\"@type\":\"Person\",\"@id\":\"https:\\\/\\\/gentedebasquet.com.ar\\\/sitio\\\/#\\\/schema\\\/person\\\/ca0b63bbb977369988a7bbbdc519943a\",\"name\":\"Gente de B\u00e1squet\",\"image\":{\"@type\":\"ImageObject\",\"inLanguage\":\"es\",\"@id\":\"https:\\\/\\\/secure.gravatar.com\\\/avatar\\\/7f2c48bdc33b30088f941fb6082e555f2874c98e20cb159d7b92b50eadfce793?s=96&d=mm&r=g\",\"url\":\"https:\\\/\\\/secure.gravatar.com\\\/avatar\\\/7f2c48bdc33b30088f941fb6082e555f2874c98e20cb159d7b92b50eadfce793?s=96&d=mm&r=g\",\"contentUrl\":\"https:\\\/\\\/secure.gravatar.com\\\/avatar\\\/7f2c48bdc33b30088f941fb6082e555f2874c98e20cb159d7b92b50eadfce793?s=96&d=mm&r=g\",\"caption\":\"Gente de B\u00e1squet\"},\"sameAs\":[\"http:\\\/\\\/gentedebasquet.com.ar\\\/sitio\"],\"url\":\"https:\\\/\\\/gentedebasquet.com.ar\\\/sitio\\\/author\\\/ulises\\\/\"}]}<\/script>\n<!-- \/ Yoast SEO plugin. -->","yoast_head_json":{"title":"Mirenlo a Villal\u00f3n - Gente de B\u00e1squet","robots":{"index":"index","follow":"follow","max-snippet":"max-snippet:-1","max-image-preview":"max-image-preview:large","max-video-preview":"max-video-preview:-1"},"canonical":"http:\/\/gentedebasquet.com.ar\/sitio\/2018\/10\/03\/mirenlo-a-villalon\/","og_locale":"es_ES","og_type":"article","og_title":"Mirenlo a Villal\u00f3n - Gente de B\u00e1squet","og_description":"9 de Julio festej\u00f3 ante Estudiantes por 73 a 71 y comanda el 6\u00b0 puesto de la tabla.","og_url":"http:\/\/gentedebasquet.com.ar\/sitio\/2018\/10\/03\/mirenlo-a-villalon\/","og_site_name":"Gente de B\u00e1squet","article_published_time":"2018-10-04T02:54:03+00:00","og_image":[{"width":690,"height":318,"url":"http:\/\/gentedebasquet.com.ar\/sitio\/wp-content\/uploads\/2018\/10\/Mallemacci-EST-VS-9DJ.jpg","type":"image\/jpeg"}],"author":"Gente de B\u00e1squet","twitter_card":"summary_large_image","twitter_misc":{"Escrito por":"Gente de B\u00e1squet","Tiempo de lectura":"4 minutos"},"schema":{"@context":"https:\/\/schema.org","@graph":[{"@type":"Article","@id":"http:\/\/gentedebasquet.com.ar\/sitio\/2018\/10\/03\/mirenlo-a-villalon\/#article","isPartOf":{"@id":"http:\/\/gentedebasquet.com.ar\/sitio\/2018\/10\/03\/mirenlo-a-villalon\/"},"author":{"name":"Gente de B\u00e1squet","@id":"https:\/\/gentedebasquet.com.ar\/sitio\/#\/schema\/person\/ca0b63bbb977369988a7bbbdc519943a"},"headline":"Mirenlo a Villal\u00f3n","datePublished":"2018-10-04T02:54:03+00:00","mainEntityOfPage":{"@id":"http:\/\/gentedebasquet.com.ar\/sitio\/2018\/10\/03\/mirenlo-a-villalon\/"},"wordCount":876,"image":{"@id":"http:\/\/gentedebasquet.com.ar\/sitio\/2018\/10\/03\/mirenlo-a-villalon\/#primaryimage"},"thumbnailUrl":"https:\/\/gentedebasquet.com.ar\/sitio\/wp-content\/uploads\/2018\/10\/Mallemacci-EST-VS-9DJ.jpg","keywords":["9 de Julio","Agust\u00edn Amore","Agust\u00edn Pena","Agust\u00edn Villal\u00f3n","Estudiantes","Mariano Castets","pomar garbarino"],"articleSection":["Primera","Slide"],"inLanguage":"es"},{"@type":"WebPage","@id":"http:\/\/gentedebasquet.com.ar\/sitio\/2018\/10\/03\/mirenlo-a-villalon\/","url":"http:\/\/gentedebasquet.com.ar\/sitio\/2018\/10\/03\/mirenlo-a-villalon\/","name":"Mirenlo a Villal\u00f3n - Gente de B\u00e1squet","isPartOf":{"@id":"https:\/\/gentedebasquet.com.ar\/sitio\/#website"},"primaryImageOfPage":{"@id":"http:\/\/gentedebasquet.com.ar\/sitio\/2018\/10\/03\/mirenlo-a-villalon\/#primaryimage"},"image":{"@id":"http:\/\/gentedebasquet.com.ar\/sitio\/2018\/10\/03\/mirenlo-a-villalon\/#primaryimage"},"thumbnailUrl":"https:\/\/gentedebasquet.com.ar\/sitio\/wp-content\/uploads\/2018\/10\/Mallemacci-EST-VS-9DJ.jpg","datePublished":"2018-10-04T02:54:03+00:00","author":{"@id":"https:\/\/gentedebasquet.com.ar\/sitio\/#\/schema\/person\/ca0b63bbb977369988a7bbbdc519943a"},"breadcrumb":{"@id":"http:\/\/gentedebasquet.com.ar\/sitio\/2018\/10\/03\/mirenlo-a-villalon\/#breadcrumb"},"inLanguage":"es","potentialAction":[{"@type":"ReadAction","target":["http:\/\/gentedebasquet.com.ar\/sitio\/2018\/10\/03\/mirenlo-a-villalon\/"]}]},{"@type":"ImageObject","inLanguage":"es","@id":"http:\/\/gentedebasquet.com.ar\/sitio\/2018\/10\/03\/mirenlo-a-villalon\/#primaryimage","url":"https:\/\/gentedebasquet.com.ar\/sitio\/wp-content\/uploads\/2018\/10\/Mallemacci-EST-VS-9DJ.jpg","contentUrl":"https:\/\/gentedebasquet.com.ar\/sitio\/wp-content\/uploads\/2018\/10\/Mallemacci-EST-VS-9DJ.jpg","width":690,"height":318},{"@type":"BreadcrumbList","@id":"http:\/\/gentedebasquet.com.ar\/sitio\/2018\/10\/03\/mirenlo-a-villalon\/#breadcrumb","itemListElement":[{"@type":"ListItem","position":1,"name":"Portada","item":"https:\/\/gentedebasquet.com.ar\/sitio\/"},{"@type":"ListItem","position":2,"name":"Mirenlo a Villal\u00f3n"}]},{"@type":"WebSite","@id":"https:\/\/gentedebasquet.com.ar\/sitio\/#website","url":"https:\/\/gentedebasquet.com.ar\/sitio\/","name":"Gente de B\u00e1squet","description":"La revista del basquet de Bah\u00eda Blanca","potentialAction":[{"@type":"SearchAction","target":{"@type":"EntryPoint","urlTemplate":"https:\/\/gentedebasquet.com.ar\/sitio\/?s={search_term_string}"},"query-input":{"@type":"PropertyValueSpecification","valueRequired":true,"valueName":"search_term_string"}}],"inLanguage":"es"},{"@type":"Person","@id":"https:\/\/gentedebasquet.com.ar\/sitio\/#\/schema\/person\/ca0b63bbb977369988a7bbbdc519943a","name":"Gente de B\u00e1squet","image":{"@type":"ImageObject","inLanguage":"es","@id":"https:\/\/secure.gravatar.com\/avatar\/7f2c48bdc33b30088f941fb6082e555f2874c98e20cb159d7b92b50eadfce793?s=96&d=mm&r=g","url":"https:\/\/secure.gravatar.com\/avatar\/7f2c48bdc33b30088f941fb6082e555f2874c98e20cb159d7b92b50eadfce793?s=96&d=mm&r=g","contentUrl":"https:\/\/secure.gravatar.com\/avatar\/7f2c48bdc33b30088f941fb6082e555f2874c98e20cb159d7b92b50eadfce793?s=96&d=mm&r=g","caption":"Gente de B\u00e1squet"},"sameAs":["http:\/\/gentedebasquet.com.ar\/sitio"],"url":"https:\/\/gentedebasquet.com.ar\/sitio\/author\/ulises\/"}]}},"_links":{"self":[{"href":"https:\/\/gentedebasquet.com.ar\/sitio\/wp-json\/wp\/v2\/posts\/88505","targetHints":{"allow":["GET"]}}],"collection":[{"href":"https:\/\/gentedebasquet.com.ar\/sitio\/wp-json\/wp\/v2\/posts"}],"about":[{"href":"https:\/\/gentedebasquet.com.ar\/sitio\/wp-json\/wp\/v2\/types\/post"}],"author":[{"embeddable":true,"href":"https:\/\/gentedebasquet.com.ar\/sitio\/wp-json\/wp\/v2\/users\/1"}],"replies":[{"embeddable":true,"href":"https:\/\/gentedebasquet.com.ar\/sitio\/wp-json\/wp\/v2\/comments?post=88505"}],"version-history":[{"count":0,"href":"https:\/\/gentedebasquet.com.ar\/sitio\/wp-json\/wp\/v2\/posts\/88505\/revisions"}],"wp:featuredmedia":[{"embeddable":true,"href":"https:\/\/gentedebasquet.com.ar\/sitio\/wp-json\/wp\/v2\/media\/88508"}],"wp:attachment":[{"href":"https:\/\/gentedebasquet.com.ar\/sitio\/wp-json\/wp\/v2\/media?parent=88505"}],"wp:term":[{"taxonomy":"category","embeddable":true,"href":"https:\/\/gentedebasquet.com.ar\/sitio\/wp-json\/wp\/v2\/categories?post=88505"},{"taxonomy":"post_tag","embeddable":true,"href":"https:\/\/gentedebasquet.com.ar\/sitio\/wp-json\/wp\/v2\/tags?post=88505"}],"curies":[{"name":"wp","href":"https:\/\/api.w.org\/{rel}","templated":true}]}}