{"id":88555,"date":"2018-10-05T23:45:24","date_gmt":"2018-10-06T02:45:24","guid":{"rendered":"http:\/\/www.gentedebasquet.com.ar\/?p=88555"},"modified":"2018-10-05T23:45:24","modified_gmt":"2018-10-06T02:45:24","slug":"arranque-para-el-infarto","status":"publish","type":"post","link":"https:\/\/gentedebasquet.com.ar\/sitio\/2018\/10\/05\/arranque-para-el-infarto\/","title":{"rendered":"Un arranque para el infarto"},"content":{"rendered":"<p><b>Afrontando el primer juego en este Final Four por el Provincial de Clubes Femenino, El Nacional venci\u00f3 en condici\u00f3n de local a Club Social Alejandro Korn por 47 a 42, con un final no apto para card\u00edacos. <\/b><\/p>\n<p><b>Pese a que el 1C fue parejo, en la segunda parte las de Albizu lograron remontar algunos puntos e imponerse en el marcador. Aunque en el tercer periodo, la visita logr\u00f3 imponerse estirando su buena racha hasta mediados del 4C donde las due\u00f1as de casa, revirtieron la situaci\u00f3n, llevando el encuentro a un final ajustado definido por tiros libres en el minuto final.<\/b><\/p>\n<p><b>Nadia Vrizz (13) y Paulina Lazar (13) fueron las destacadas por el local, junto a Bel\u00e9n Tombesi (9). En el equipo dirigido por Pablo Leguizam\u00f3n, Julieta Bord\u00f3n\u00a0fue autora de 16 unidades junto a Candela Barciocco (12).<\/b><\/p>\n<p><b>Por otra parte, en el primer encuentro de la jornada, Ferro de Olavarria venci\u00f3\u00a0a Presidente Derqui por 67 a 62, por un lado con Sofia Cabrera (20) y por el otro, con Antonella Martinelli (14).<\/b><\/p>\n<blockquote><p><span style=\"font-weight: 400;\">Para nosotras eran todos partidos a jugar y a poner lo mejor de cada una, si bien nos cost\u00f3 un poquito en el arranque, ven\u00edamos sin entrenar por varias razones, pasando los cuartos nos pudimos encontrar y logramos sacar la diferencia. Fue clave la defensa y cambiar la cabeza.(Paulina Lazar, El Nacional).<\/span><\/p><\/blockquote>\n<p><span style=\"font-weight: 400;\"><a href=\"http:\/\/www.gentedebasquet.com.ar\/wp-content\/uploads\/2018\/10\/43331084_547623205679839_4859162618138460160_n-1.jpg\"><img decoding=\"async\" class=\"size-full wp-image-88561 alignright\" src=\"http:\/\/www.gentedebasquet.com.ar\/wp-content\/uploads\/2018\/10\/43331084_547623205679839_4859162618138460160_n-1.jpg\" alt=\"\" width=\"400\" height=\"270\" srcset=\"https:\/\/gentedebasquet.com.ar\/sitio\/wp-content\/uploads\/2018\/10\/43331084_547623205679839_4859162618138460160_n-1.jpg 400w, https:\/\/gentedebasquet.com.ar\/sitio\/wp-content\/uploads\/2018\/10\/43331084_547623205679839_4859162618138460160_n-1-300x203.jpg 300w\" sizes=\"(max-width: 400px) 100vw, 400px\" \/><\/a><\/span><\/p>\n<p><span style=\"font-weight: 400;\">Previo al arranque de El Nacional vs. Club Social Alejandro Korn, en el otro encuentro de la jornada, Ferrocarril Sud de Olavarr\u00eda derrot\u00f3 a Presidente Derqui, por 67 a 62. \u00a0Sofia Cabrera (20) fue la goleadora junto a Aldana Duarte (17); en la visita, Antonella Martinelli fue lo mejor con 14 unidades.<\/span><\/p>\n<p><span style=\"font-weight: 400;\">Un encendido arranque para Julieta Bordon, autora de los primeros puntos de la noche por el lado visitante, estableciendo un buen parcial de inicio (5-0) dejando a un local sin reacci\u00f3n. De la mano de Luciana Ortiz (8m03), las de Albizu convert\u00edan los primeros puntos de la noche, lo que hizo abrir el aro a Tombesi y Vrizz. Sin embargo, no detuvo el avance de Club Social, con una Bord\u00f3n (8) imparable junto al apoyo ofensivo de Leguizam\u00f3n y Barciocco. <\/span><\/p>\n<p><span style=\"font-weight: 400;\">El segundo tramo la historia fue otra, porque el equipo due\u00f1o de casa estableci\u00f3 un parcial de 10 a 7 (2m52) tras un buen pasaje de Lazar (9) y Vrizz (5), con tan solo dos tiros de larga distancia en todo el juego convertidos en este segmento, que fueron de gran ayuda para ponerse 18 iguales con menos de tres minutos restantes de esta primera etapa. Las dirigidas por Albizu demostraron un buen juego, aguerrido y determinante, lo que le dio ventaja en los segundos finales para irse a vestuarios 25 a 20.<\/span><\/p>\n<p><span style=\"font-weight: 400;\">El segundo tiempo mostr\u00f3 dos caras. El 3C devel\u00f3 un celeste recargado, con un parcial de 6-0 en los primeros minutos, aunque fue r\u00e1pida la reacci\u00f3n de Barciocco anotando 4 puntos seguidos para no perderle el rastro al local. Posteriormente, las de Albizu tuvieron un lapsus sin conversiones, dando lugar a las de Club Social para acercarse en el marcador -31 a 29 con 4m02 por jugarse-. Igualado el encuentro en 31 con un doble de Pires (3m35), fue clave una conversi\u00f3n de Vrizz para pasar al frente. Lo que parec\u00eda ya resuelto de este segmento, una bomba de larga distancia de Bord\u00f3n (30s) le dio la ventaja a las suyas, pasando al frente y liderando las acciones de juego. <\/span><\/p>\n<p><span style=\"font-weight: 400;\">Ya en la \u00faltima parte del partido, sin Nadia Vrizz quien sali\u00f3 con 5 faltas personales finalizando el tercer cuarto, Tombesi anot\u00f3 un doble recuperando la ventaja en el marcador para su equipo. Bordon (4) y Barciocco (2) fueron protagonistas, en la ventaja restablecida en las dirigidas por Pablo Leguizam\u00f3n. De ac\u00e1 en adelante,fue importante el trabajo de Victoria P\u00e9rez (7) desde la l\u00ednea con 75% de efectividad, en esta remontada local,con un doble clave de para pasar al frente y liderar hasta el final. Para sellar la victoria definitiva, 3-4 en libres de Lazar y P\u00e9rez, responsables en el triunfo rotundo de las dirigidas por Albizu. <\/span><\/p>\n<p>[youtube]https:\/\/www.youtube.com\/watch?v=9SLis3p1Ww4&amp;t=109s[\/youtube]<\/p>\n<p><b>S\u00edntesis<\/b><span style=\"font-weight: 400;\"> | Provincial de Clubes Femenino \u2013 Final Four \u2013 Fecha #1<\/span><span style=\"font-weight: 400;\"><br \/>\n<\/span><span style=\"font-weight: 400;\"><br \/>\n<\/span><b>El Nacional 47<\/b><span style=\"font-weight: 400;\">: Luciana Ort\u00edz 1, Nadia Vrizz 13 (x), Josefina Calvento 1, Roc\u00edo Conti 0, Bel\u00e9n Tombesi 9 (FI); Paulina Lazar 13, Aldana Chcair 3, Victoria P\u00e9rez 7 y Agustina T\u00e9vez 0. DT: Viviana Albizu.<\/span><span style=\"font-weight: 400;\"><br \/>\n<\/span><span style=\"font-weight: 400;\"><br \/>\n<\/span><b>Club Social Alejandro Korn 42:\u00a0<\/b><span style=\"font-weight: 400;\">Valeria Pires 3 (x), Julieta Bordon 16, Ornella Zeolla 3, Laura Leguizam\u00f3n 3, Candela Barciocco 12 (FI); Yamila Ocampo 1, Aixa Sehbib 2, Maite Pumilla 0 y Jimena Pre 2. DT: Pablo Leguizam\u00f3n.<\/span><span style=\"font-weight: 400;\"><br \/>\n<\/span><span style=\"font-weight: 400;\"><br \/>\n<\/span><b>Parciales<\/b><span style=\"font-weight: 400;\">: 8-11, 25-20 (17-9), 33-34 (8-14) y 47-42 (14-8).<\/span><span style=\"font-weight: 400;\"><br \/>\n<\/span><span style=\"font-weight: 400;\"><br \/>\n<\/span><b>\u00c1rbitros<\/b><span style=\"font-weight: 400;\">: Alejandro Vizcaino &#8211; Ariel Mallemaci.<\/span><span style=\"font-weight: 400;\"><br \/>\n<\/span><span style=\"font-weight: 400;\"><br \/>\n<\/span><b>Estadio<\/b><span style=\"font-weight: 400;\">: Delfo y Pac\u00edfico Ciccioli (El Nacional).<\/span><\/p>\n<p><a class=\"modalf iframe\" title=\"Planilla\" href=\"https:\/\/docs.google.com\/spreadsheets\/d\/e\/2PACX-1vT5FVrjUeITNawHnCidO6oOKMmJX59zfij6TjJsX1vVV9PFRtYeGGJK7A29UFmscv2ywg124TsQLe-4\/pubhtml\" target=\"_blank\" rel=\"noopener\">Ver Planilla<\/a><\/p>\n<p><b>Im\u00e1genes\u00a0y v\u00eddeo:\u00a0<\/b>Rodrigo Mesa.<\/p>\n<p>El Nacional<a href=\"http:\/\/www.gentedebasquet.com.ar\/wp-content\/uploads\/2018\/10\/43213583_590087158073197_2129066149629919232_n.jpg\"><br \/>\n<img decoding=\"async\" class=\"size-full wp-image-88569 aligncenter\" src=\"http:\/\/www.gentedebasquet.com.ar\/wp-content\/uploads\/2018\/10\/43213583_590087158073197_2129066149629919232_n.jpg\" alt=\"\" width=\"1280\" height=\"959\" srcset=\"https:\/\/gentedebasquet.com.ar\/sitio\/wp-content\/uploads\/2018\/10\/43213583_590087158073197_2129066149629919232_n.jpg 1280w, https:\/\/gentedebasquet.com.ar\/sitio\/wp-content\/uploads\/2018\/10\/43213583_590087158073197_2129066149629919232_n-300x225.jpg 300w, https:\/\/gentedebasquet.com.ar\/sitio\/wp-content\/uploads\/2018\/10\/43213583_590087158073197_2129066149629919232_n-1024x767.jpg 1024w, https:\/\/gentedebasquet.com.ar\/sitio\/wp-content\/uploads\/2018\/10\/43213583_590087158073197_2129066149629919232_n-768x575.jpg 768w\" sizes=\"(max-width: 1280px) 100vw, 1280px\" \/><\/a><\/p>\n<p>Club Social Alejandro Korn.<a href=\"http:\/\/www.gentedebasquet.com.ar\/wp-content\/uploads\/2018\/10\/43305520_657200384674135_6262018770894585856_n.jpg\"><br \/>\n<img decoding=\"async\" class=\"size-full wp-image-88570 aligncenter\" src=\"http:\/\/www.gentedebasquet.com.ar\/wp-content\/uploads\/2018\/10\/43305520_657200384674135_6262018770894585856_n.jpg\" alt=\"\" width=\"1280\" height=\"959\" srcset=\"https:\/\/gentedebasquet.com.ar\/sitio\/wp-content\/uploads\/2018\/10\/43305520_657200384674135_6262018770894585856_n.jpg 1280w, https:\/\/gentedebasquet.com.ar\/sitio\/wp-content\/uploads\/2018\/10\/43305520_657200384674135_6262018770894585856_n-300x225.jpg 300w, https:\/\/gentedebasquet.com.ar\/sitio\/wp-content\/uploads\/2018\/10\/43305520_657200384674135_6262018770894585856_n-1024x767.jpg 1024w, https:\/\/gentedebasquet.com.ar\/sitio\/wp-content\/uploads\/2018\/10\/43305520_657200384674135_6262018770894585856_n-768x575.jpg 768w\" sizes=\"(max-width: 1280px) 100vw, 1280px\" \/><\/a><\/p>\n","protected":false},"excerpt":{"rendered":"<p>El Nacional venci\u00f3 a CS Alejandro Korn por 47 a 42 y sue\u00f1a con seguir. <\/p>\n","protected":false},"author":1,"featured_media":88564,"comment_status":"closed","ping_status":"open","sticky":false,"template":"","format":"standard","meta":{"jnews-multi-image_gallery":[],"jnews_single_post":[],"jnews_primary_category":[],"footnotes":""},"categories":[33,75,101],"tags":[1699,9,1700,821,1701],"class_list":["post-88555","post","type-post","status-publish","format-standard","has-post-thumbnail","hentry","category-femenino","category-provincia","category-slide","tag-club-social-alejandro-korn","tag-el-nacional","tag-julieta-bordon","tag-nadia-vrizz","tag-paulina-lazar"],"yoast_head":"<!-- This site is optimized with the Yoast SEO plugin v27.4 - https:\/\/yoast.com\/product\/yoast-seo-wordpress\/ -->\n<title>Un arranque para el infarto - Gente de B\u00e1squet<\/title>\n<meta name=\"robots\" content=\"index, follow, max-snippet:-1, max-image-preview:large, max-video-preview:-1\" \/>\n<link rel=\"canonical\" href=\"https:\/\/gentedebasquet.com.ar\/sitio\/2018\/10\/05\/arranque-para-el-infarto\/\" \/>\n<meta property=\"og:locale\" content=\"es_ES\" \/>\n<meta property=\"og:type\" content=\"article\" \/>\n<meta property=\"og:title\" content=\"Un arranque para el infarto - Gente de B\u00e1squet\" \/>\n<meta property=\"og:description\" content=\"El Nacional venci\u00f3 a CS Alejandro Korn por 47 a 42 y sue\u00f1a con seguir.\" \/>\n<meta property=\"og:url\" content=\"https:\/\/gentedebasquet.com.ar\/sitio\/2018\/10\/05\/arranque-para-el-infarto\/\" \/>\n<meta property=\"og:site_name\" content=\"Gente de B\u00e1squet\" \/>\n<meta property=\"article:published_time\" content=\"2018-10-06T02:45:24+00:00\" \/>\n<meta property=\"og:image\" content=\"https:\/\/gentedebasquet.com.ar\/sitio\/wp-content\/uploads\/2018\/10\/43225968_2171990379540788_8756257290731913216_n-1.jpg\" \/>\n\t<meta property=\"og:image:width\" content=\"690\" \/>\n\t<meta property=\"og:image:height\" content=\"319\" \/>\n\t<meta property=\"og:image:type\" content=\"image\/jpeg\" \/>\n<meta name=\"author\" content=\"Gente de B\u00e1squet\" \/>\n<meta name=\"twitter:card\" content=\"summary_large_image\" \/>\n<meta name=\"twitter:label1\" content=\"Escrito por\" \/>\n\t<meta name=\"twitter:data1\" content=\"Gente de B\u00e1squet\" \/>\n\t<meta name=\"twitter:label2\" content=\"Tiempo de lectura\" \/>\n\t<meta name=\"twitter:data2\" content=\"4 minutos\" \/>\n<script type=\"application\/ld+json\" class=\"yoast-schema-graph\">{\"@context\":\"https:\\\/\\\/schema.org\",\"@graph\":[{\"@type\":\"Article\",\"@id\":\"https:\\\/\\\/gentedebasquet.com.ar\\\/sitio\\\/2018\\\/10\\\/05\\\/arranque-para-el-infarto\\\/#article\",\"isPartOf\":{\"@id\":\"https:\\\/\\\/gentedebasquet.com.ar\\\/sitio\\\/2018\\\/10\\\/05\\\/arranque-para-el-infarto\\\/\"},\"author\":{\"name\":\"Gente de B\u00e1squet\",\"@id\":\"http:\\\/\\\/gentedebasquet.com.ar\\\/sitio\\\/#\\\/schema\\\/person\\\/ca0b63bbb977369988a7bbbdc519943a\"},\"headline\":\"Un arranque para el infarto\",\"datePublished\":\"2018-10-06T02:45:24+00:00\",\"mainEntityOfPage\":{\"@id\":\"https:\\\/\\\/gentedebasquet.com.ar\\\/sitio\\\/2018\\\/10\\\/05\\\/arranque-para-el-infarto\\\/\"},\"wordCount\":798,\"image\":{\"@id\":\"https:\\\/\\\/gentedebasquet.com.ar\\\/sitio\\\/2018\\\/10\\\/05\\\/arranque-para-el-infarto\\\/#primaryimage\"},\"thumbnailUrl\":\"https:\\\/\\\/gentedebasquet.com.ar\\\/sitio\\\/wp-content\\\/uploads\\\/2018\\\/10\\\/43225968_2171990379540788_8756257290731913216_n-1.jpg\",\"keywords\":[\"Club Social Alejandro Korn\",\"El Nacional\",\"Julieta Bordon\",\"Nadia Vrizz\",\"Paulina Lazar\"],\"articleSection\":[\"Femenino\",\"Provincia\",\"Slide\"],\"inLanguage\":\"es\"},{\"@type\":\"WebPage\",\"@id\":\"https:\\\/\\\/gentedebasquet.com.ar\\\/sitio\\\/2018\\\/10\\\/05\\\/arranque-para-el-infarto\\\/\",\"url\":\"https:\\\/\\\/gentedebasquet.com.ar\\\/sitio\\\/2018\\\/10\\\/05\\\/arranque-para-el-infarto\\\/\",\"name\":\"Un arranque para el infarto - Gente de B\u00e1squet\",\"isPartOf\":{\"@id\":\"http:\\\/\\\/gentedebasquet.com.ar\\\/sitio\\\/#website\"},\"primaryImageOfPage\":{\"@id\":\"https:\\\/\\\/gentedebasquet.com.ar\\\/sitio\\\/2018\\\/10\\\/05\\\/arranque-para-el-infarto\\\/#primaryimage\"},\"image\":{\"@id\":\"https:\\\/\\\/gentedebasquet.com.ar\\\/sitio\\\/2018\\\/10\\\/05\\\/arranque-para-el-infarto\\\/#primaryimage\"},\"thumbnailUrl\":\"https:\\\/\\\/gentedebasquet.com.ar\\\/sitio\\\/wp-content\\\/uploads\\\/2018\\\/10\\\/43225968_2171990379540788_8756257290731913216_n-1.jpg\",\"datePublished\":\"2018-10-06T02:45:24+00:00\",\"author\":{\"@id\":\"http:\\\/\\\/gentedebasquet.com.ar\\\/sitio\\\/#\\\/schema\\\/person\\\/ca0b63bbb977369988a7bbbdc519943a\"},\"breadcrumb\":{\"@id\":\"https:\\\/\\\/gentedebasquet.com.ar\\\/sitio\\\/2018\\\/10\\\/05\\\/arranque-para-el-infarto\\\/#breadcrumb\"},\"inLanguage\":\"es\",\"potentialAction\":[{\"@type\":\"ReadAction\",\"target\":[\"https:\\\/\\\/gentedebasquet.com.ar\\\/sitio\\\/2018\\\/10\\\/05\\\/arranque-para-el-infarto\\\/\"]}]},{\"@type\":\"ImageObject\",\"inLanguage\":\"es\",\"@id\":\"https:\\\/\\\/gentedebasquet.com.ar\\\/sitio\\\/2018\\\/10\\\/05\\\/arranque-para-el-infarto\\\/#primaryimage\",\"url\":\"https:\\\/\\\/gentedebasquet.com.ar\\\/sitio\\\/wp-content\\\/uploads\\\/2018\\\/10\\\/43225968_2171990379540788_8756257290731913216_n-1.jpg\",\"contentUrl\":\"https:\\\/\\\/gentedebasquet.com.ar\\\/sitio\\\/wp-content\\\/uploads\\\/2018\\\/10\\\/43225968_2171990379540788_8756257290731913216_n-1.jpg\",\"width\":690,\"height\":319},{\"@type\":\"BreadcrumbList\",\"@id\":\"https:\\\/\\\/gentedebasquet.com.ar\\\/sitio\\\/2018\\\/10\\\/05\\\/arranque-para-el-infarto\\\/#breadcrumb\",\"itemListElement\":[{\"@type\":\"ListItem\",\"position\":1,\"name\":\"Portada\",\"item\":\"http:\\\/\\\/gentedebasquet.com.ar\\\/sitio\\\/\"},{\"@type\":\"ListItem\",\"position\":2,\"name\":\"Un arranque para el infarto\"}]},{\"@type\":\"WebSite\",\"@id\":\"http:\\\/\\\/gentedebasquet.com.ar\\\/sitio\\\/#website\",\"url\":\"http:\\\/\\\/gentedebasquet.com.ar\\\/sitio\\\/\",\"name\":\"Gente de B\u00e1squet\",\"description\":\"La revista del basquet de Bah\u00eda Blanca\",\"potentialAction\":[{\"@type\":\"SearchAction\",\"target\":{\"@type\":\"EntryPoint\",\"urlTemplate\":\"http:\\\/\\\/gentedebasquet.com.ar\\\/sitio\\\/?s={search_term_string}\"},\"query-input\":{\"@type\":\"PropertyValueSpecification\",\"valueRequired\":true,\"valueName\":\"search_term_string\"}}],\"inLanguage\":\"es\"},{\"@type\":\"Person\",\"@id\":\"http:\\\/\\\/gentedebasquet.com.ar\\\/sitio\\\/#\\\/schema\\\/person\\\/ca0b63bbb977369988a7bbbdc519943a\",\"name\":\"Gente de B\u00e1squet\",\"image\":{\"@type\":\"ImageObject\",\"inLanguage\":\"es\",\"@id\":\"https:\\\/\\\/secure.gravatar.com\\\/avatar\\\/7f2c48bdc33b30088f941fb6082e555f2874c98e20cb159d7b92b50eadfce793?s=96&d=mm&r=g\",\"url\":\"https:\\\/\\\/secure.gravatar.com\\\/avatar\\\/7f2c48bdc33b30088f941fb6082e555f2874c98e20cb159d7b92b50eadfce793?s=96&d=mm&r=g\",\"contentUrl\":\"https:\\\/\\\/secure.gravatar.com\\\/avatar\\\/7f2c48bdc33b30088f941fb6082e555f2874c98e20cb159d7b92b50eadfce793?s=96&d=mm&r=g\",\"caption\":\"Gente de B\u00e1squet\"},\"sameAs\":[\"http:\\\/\\\/gentedebasquet.com.ar\\\/sitio\"],\"url\":\"https:\\\/\\\/gentedebasquet.com.ar\\\/sitio\\\/author\\\/ulises\\\/\"}]}<\/script>\n<!-- \/ Yoast SEO plugin. -->","yoast_head_json":{"title":"Un arranque para el infarto - Gente de B\u00e1squet","robots":{"index":"index","follow":"follow","max-snippet":"max-snippet:-1","max-image-preview":"max-image-preview:large","max-video-preview":"max-video-preview:-1"},"canonical":"https:\/\/gentedebasquet.com.ar\/sitio\/2018\/10\/05\/arranque-para-el-infarto\/","og_locale":"es_ES","og_type":"article","og_title":"Un arranque para el infarto - Gente de B\u00e1squet","og_description":"El Nacional venci\u00f3 a CS Alejandro Korn por 47 a 42 y sue\u00f1a con seguir.","og_url":"https:\/\/gentedebasquet.com.ar\/sitio\/2018\/10\/05\/arranque-para-el-infarto\/","og_site_name":"Gente de B\u00e1squet","article_published_time":"2018-10-06T02:45:24+00:00","og_image":[{"width":690,"height":319,"url":"https:\/\/gentedebasquet.com.ar\/sitio\/wp-content\/uploads\/2018\/10\/43225968_2171990379540788_8756257290731913216_n-1.jpg","type":"image\/jpeg"}],"author":"Gente de B\u00e1squet","twitter_card":"summary_large_image","twitter_misc":{"Escrito por":"Gente de B\u00e1squet","Tiempo de lectura":"4 minutos"},"schema":{"@context":"https:\/\/schema.org","@graph":[{"@type":"Article","@id":"https:\/\/gentedebasquet.com.ar\/sitio\/2018\/10\/05\/arranque-para-el-infarto\/#article","isPartOf":{"@id":"https:\/\/gentedebasquet.com.ar\/sitio\/2018\/10\/05\/arranque-para-el-infarto\/"},"author":{"name":"Gente de B\u00e1squet","@id":"http:\/\/gentedebasquet.com.ar\/sitio\/#\/schema\/person\/ca0b63bbb977369988a7bbbdc519943a"},"headline":"Un arranque para el infarto","datePublished":"2018-10-06T02:45:24+00:00","mainEntityOfPage":{"@id":"https:\/\/gentedebasquet.com.ar\/sitio\/2018\/10\/05\/arranque-para-el-infarto\/"},"wordCount":798,"image":{"@id":"https:\/\/gentedebasquet.com.ar\/sitio\/2018\/10\/05\/arranque-para-el-infarto\/#primaryimage"},"thumbnailUrl":"https:\/\/gentedebasquet.com.ar\/sitio\/wp-content\/uploads\/2018\/10\/43225968_2171990379540788_8756257290731913216_n-1.jpg","keywords":["Club Social Alejandro Korn","El Nacional","Julieta Bordon","Nadia Vrizz","Paulina Lazar"],"articleSection":["Femenino","Provincia","Slide"],"inLanguage":"es"},{"@type":"WebPage","@id":"https:\/\/gentedebasquet.com.ar\/sitio\/2018\/10\/05\/arranque-para-el-infarto\/","url":"https:\/\/gentedebasquet.com.ar\/sitio\/2018\/10\/05\/arranque-para-el-infarto\/","name":"Un arranque para el infarto - Gente de B\u00e1squet","isPartOf":{"@id":"http:\/\/gentedebasquet.com.ar\/sitio\/#website"},"primaryImageOfPage":{"@id":"https:\/\/gentedebasquet.com.ar\/sitio\/2018\/10\/05\/arranque-para-el-infarto\/#primaryimage"},"image":{"@id":"https:\/\/gentedebasquet.com.ar\/sitio\/2018\/10\/05\/arranque-para-el-infarto\/#primaryimage"},"thumbnailUrl":"https:\/\/gentedebasquet.com.ar\/sitio\/wp-content\/uploads\/2018\/10\/43225968_2171990379540788_8756257290731913216_n-1.jpg","datePublished":"2018-10-06T02:45:24+00:00","author":{"@id":"http:\/\/gentedebasquet.com.ar\/sitio\/#\/schema\/person\/ca0b63bbb977369988a7bbbdc519943a"},"breadcrumb":{"@id":"https:\/\/gentedebasquet.com.ar\/sitio\/2018\/10\/05\/arranque-para-el-infarto\/#breadcrumb"},"inLanguage":"es","potentialAction":[{"@type":"ReadAction","target":["https:\/\/gentedebasquet.com.ar\/sitio\/2018\/10\/05\/arranque-para-el-infarto\/"]}]},{"@type":"ImageObject","inLanguage":"es","@id":"https:\/\/gentedebasquet.com.ar\/sitio\/2018\/10\/05\/arranque-para-el-infarto\/#primaryimage","url":"https:\/\/gentedebasquet.com.ar\/sitio\/wp-content\/uploads\/2018\/10\/43225968_2171990379540788_8756257290731913216_n-1.jpg","contentUrl":"https:\/\/gentedebasquet.com.ar\/sitio\/wp-content\/uploads\/2018\/10\/43225968_2171990379540788_8756257290731913216_n-1.jpg","width":690,"height":319},{"@type":"BreadcrumbList","@id":"https:\/\/gentedebasquet.com.ar\/sitio\/2018\/10\/05\/arranque-para-el-infarto\/#breadcrumb","itemListElement":[{"@type":"ListItem","position":1,"name":"Portada","item":"http:\/\/gentedebasquet.com.ar\/sitio\/"},{"@type":"ListItem","position":2,"name":"Un arranque para el infarto"}]},{"@type":"WebSite","@id":"http:\/\/gentedebasquet.com.ar\/sitio\/#website","url":"http:\/\/gentedebasquet.com.ar\/sitio\/","name":"Gente de B\u00e1squet","description":"La revista del basquet de Bah\u00eda Blanca","potentialAction":[{"@type":"SearchAction","target":{"@type":"EntryPoint","urlTemplate":"http:\/\/gentedebasquet.com.ar\/sitio\/?s={search_term_string}"},"query-input":{"@type":"PropertyValueSpecification","valueRequired":true,"valueName":"search_term_string"}}],"inLanguage":"es"},{"@type":"Person","@id":"http:\/\/gentedebasquet.com.ar\/sitio\/#\/schema\/person\/ca0b63bbb977369988a7bbbdc519943a","name":"Gente de B\u00e1squet","image":{"@type":"ImageObject","inLanguage":"es","@id":"https:\/\/secure.gravatar.com\/avatar\/7f2c48bdc33b30088f941fb6082e555f2874c98e20cb159d7b92b50eadfce793?s=96&d=mm&r=g","url":"https:\/\/secure.gravatar.com\/avatar\/7f2c48bdc33b30088f941fb6082e555f2874c98e20cb159d7b92b50eadfce793?s=96&d=mm&r=g","contentUrl":"https:\/\/secure.gravatar.com\/avatar\/7f2c48bdc33b30088f941fb6082e555f2874c98e20cb159d7b92b50eadfce793?s=96&d=mm&r=g","caption":"Gente de B\u00e1squet"},"sameAs":["http:\/\/gentedebasquet.com.ar\/sitio"],"url":"https:\/\/gentedebasquet.com.ar\/sitio\/author\/ulises\/"}]}},"_links":{"self":[{"href":"https:\/\/gentedebasquet.com.ar\/sitio\/wp-json\/wp\/v2\/posts\/88555","targetHints":{"allow":["GET"]}}],"collection":[{"href":"https:\/\/gentedebasquet.com.ar\/sitio\/wp-json\/wp\/v2\/posts"}],"about":[{"href":"https:\/\/gentedebasquet.com.ar\/sitio\/wp-json\/wp\/v2\/types\/post"}],"author":[{"embeddable":true,"href":"https:\/\/gentedebasquet.com.ar\/sitio\/wp-json\/wp\/v2\/users\/1"}],"replies":[{"embeddable":true,"href":"https:\/\/gentedebasquet.com.ar\/sitio\/wp-json\/wp\/v2\/comments?post=88555"}],"version-history":[{"count":0,"href":"https:\/\/gentedebasquet.com.ar\/sitio\/wp-json\/wp\/v2\/posts\/88555\/revisions"}],"wp:featuredmedia":[{"embeddable":true,"href":"https:\/\/gentedebasquet.com.ar\/sitio\/wp-json\/wp\/v2\/media\/88564"}],"wp:attachment":[{"href":"https:\/\/gentedebasquet.com.ar\/sitio\/wp-json\/wp\/v2\/media?parent=88555"}],"wp:term":[{"taxonomy":"category","embeddable":true,"href":"https:\/\/gentedebasquet.com.ar\/sitio\/wp-json\/wp\/v2\/categories?post=88555"},{"taxonomy":"post_tag","embeddable":true,"href":"https:\/\/gentedebasquet.com.ar\/sitio\/wp-json\/wp\/v2\/tags?post=88555"}],"curies":[{"name":"wp","href":"https:\/\/api.w.org\/{rel}","templated":true}]}}