{"id":89140,"date":"2018-10-25T23:42:47","date_gmt":"2018-10-26T02:42:47","guid":{"rendered":"http:\/\/www.gentedebasquet.com.ar\/?p=89140"},"modified":"2018-10-25T23:42:47","modified_gmt":"2018-10-26T02:42:47","slug":"con-la-cabeza-en-alto","status":"publish","type":"post","link":"https:\/\/gentedebasquet.com.ar\/sitio\/2018\/10\/25\/con-la-cabeza-en-alto\/","title":{"rendered":"Con la cabeza en alto"},"content":{"rendered":"<p><strong>Reci\u00e9n con los 2-2 simples de Mat\u00edas Chaves a 8s6\/10 del ep\u00edlogo, se dibuj\u00f3 el 68-65 con el que se termin\u00f3 el partido y la fase regular para Pueyrred\u00f3n y Estudiantes. Con esta victoria, el auriazul autom\u00e1ticamente se trep\u00f3 a la quinta colocaci\u00f3n del campeonato de primera divisi\u00f3n. Desde el jueves, se enfrentar\u00e1 con desventaja deportiva y al mejor de cinco, al alica\u00eddo Bahiense del Norte, que acarrea seis traspi\u00e9s en fila&#8230; El albo, en tanto, culmin\u00f3 en la octava posici\u00f3n y se las ver\u00e1 contra Liniers, el n\u00famero uno.<\/strong><\/p>\n<p>Se trataba de la fecha final y todav\u00eda ten\u00edan cosas valiosas en juego.<\/p>\n<p>Un triunfo, tanto para Estudiantes como para Pueyrred\u00f3n, significaba escalar un puesto.<\/p>\n<p>Lo comenz\u00f3 mejor pisado el hu\u00e9sped, con 2+1 de Eddie Roberson m\u00e1s un alley-oop suyo tras pase de Gast\u00f3n Rivera, dispar\u00e1ndose a 2-8 y 7-12. De a poco, el anfitri\u00f3n emparej\u00f3 con Mariano Castets (8) tomando la batuta, pero con nulo acompa\u00f1amiento&#8230;<\/p>\n<p>As\u00ed las cosas, Purre hall\u00f3 dos bombas casi seguidas de Luciano Fern\u00e1ndez y se apropi\u00f3 del segmento inicial por 11-15.<\/p>\n<p><a href=\"http:\/\/www.gentedebasquet.com.ar\/wp-content\/uploads\/2018\/10\/44819296_706844923024571_1958334920371732480_n-1.jpg\"><img decoding=\"async\" class=\"size-medium wp-image-89153 alignleft\" src=\"http:\/\/www.gentedebasquet.com.ar\/wp-content\/uploads\/2018\/10\/44819296_706844923024571_1958334920371732480_n-1-300x203.jpg\" alt=\"\" width=\"300\" height=\"203\" srcset=\"https:\/\/gentedebasquet.com.ar\/sitio\/wp-content\/uploads\/2018\/10\/44819296_706844923024571_1958334920371732480_n-1-300x203.jpg 300w, https:\/\/gentedebasquet.com.ar\/sitio\/wp-content\/uploads\/2018\/10\/44819296_706844923024571_1958334920371732480_n-1.jpg 400w\" sizes=\"(max-width: 300px) 100vw, 300px\" \/><\/a><\/p>\n<p>Para el 2\u00baC, Estudiantes se rehabilit\u00f3 con una tempranera granada de Agust\u00edn Amore y el positivo ingreso de Jer\u00f3nimo Mitoire, otorg\u00e1ndole la primera supremac\u00eda de la noche (16-15), en 3m45s de ese chico.<\/p>\n<p>No obstante, Pueyrred\u00f3n contuvo ese embate con Roberson (6) desequilibrando adentro m\u00e1s oportunas apariciones de Jos\u00e9 Belleggia (4), justamente un ex albo.<\/p>\n<p>De esa forma, escap\u00f3 a 16-25 al promediar ese per\u00edodo y a 21-29 con 2m11s para arribar al descanso m\u00e1s extenso. Un bombazo de Leonel Alema\u00f1y (24-31) intent\u00f3 animar a los suyos, pero el visitante se mantuvo en su libreto y disfrut\u00f3 de nueve tantos de renta, camino a los vestuarios: 24-33.<\/p>\n<blockquote><p>Es el segundo a\u00f1o que estamos trabajando en el club. En 2017, clasificamos s\u00e9ptimo en la \u00faltima fecha y jugamos playoffs por el t\u00edtulo, despu\u00e9s de mucho tiempo. Estuvimos cerca de bajar a Villa Mitre. En este 2018, el objetivo fue el mismo: zafar de la permanencia. Y lo conseguimos en una situaci\u00f3n inmejorable, debajo de los candidatos de siempre. Estamos muy contentos, pero sabiendo que podemos y que queremos m\u00e1s. La idea era evitar a Liniers y Villa Mitre. Bahiense es el rival que quer\u00edamos, porque la partida de Pennacchiotti lo afect\u00f3, aunque sigue siendo un buen equipo. Pero \u00e9l era la v\u00eda de gol, el rebotero y generaba juego. Prepararemos la serie para ser un rival dif\u00edcil. (Mauricio Vago-DT de Pueyrred\u00f3n).<\/p><\/blockquote>\n<p>Al regreso, en apenas 1m21s de acci\u00f3n, a Pueyrred\u00f3n le sancionaron tres faltas.<\/p>\n<p>Aunque no hizo mella en su producci\u00f3n, porque comenzaron a aparecer m\u00e1s obreros, como Marcos Fern\u00e1ndez (3), y sendos triples de Luchito Fern\u00e1ndez m\u00e1s Roberson, pudiendo ampliar su brecha a la m\u00e1xima de 35-49, despu\u00e9s de la \u00fanica conversi\u00f3n de Dami\u00e1n Foulkes y con 3m41s por consumirse de ese tercer acto.<\/p>\n<p>En el due\u00f1o de casa, los que salieron a dar la cara en ese negro pasaje fueron Agustin Amore (2-3 t3, 1-2 t2 y 2-2 t1) y Catete (4).<\/p>\n<p>En la primera fracci\u00f3n del tramo definitorio, continu\u00f3 mandando a piacere Pueyrred\u00f3n: hubo dos apariciones consecutivas de Rivera (45-54), simples de Mat\u00edas Chaves (47-56) y jugada de doble m\u00e1s adicional de Marcos Fern\u00e1ndez (52-59).<\/p>\n<p>A partir de all\u00ed, Belleggia se le peg\u00f3 como estampilla a Castets y sobrevinieron dos acciones de faltas mutua al producirse roces entre ellos&#8230;<\/p>\n<p><a href=\"http:\/\/www.gentedebasquet.com.ar\/wp-content\/uploads\/2018\/10\/43629502_2202931916699511_6310741167663218688_n-1.jpg\"><img decoding=\"async\" class=\"size-medium wp-image-89154 alignright\" src=\"http:\/\/www.gentedebasquet.com.ar\/wp-content\/uploads\/2018\/10\/43629502_2202931916699511_6310741167663218688_n-1-300x203.jpg\" alt=\"\" width=\"300\" height=\"203\" srcset=\"https:\/\/gentedebasquet.com.ar\/sitio\/wp-content\/uploads\/2018\/10\/43629502_2202931916699511_6310741167663218688_n-1-300x203.jpg 300w, https:\/\/gentedebasquet.com.ar\/sitio\/wp-content\/uploads\/2018\/10\/43629502_2202931916699511_6310741167663218688_n-1.jpg 400w\" sizes=\"(max-width: 300px) 100vw, 300px\" \/><\/a><\/p>\n<p>A 4m05s, un triple de Alema\u00f1y mand\u00f3 el mensaje: 55-59. Y, luego, asust\u00f3 m\u00e1s a\u00fan con sendos simples del propio Leonel (57-59), a 3m46s.<\/p>\n<p>Dos viajes perfectos a la l\u00ednea de Chaves y Marcos Fern\u00e1ndez, le brindaron alivio a Purre, con 2m19s en el reloj (58-63). Y el propio Chavito se encarg\u00f3 de mantener la distancia al embocar de dos, quedando 1m44s (60-65).<\/p>\n<p>Se ingres\u00f3 en el embudo final, haci\u00e9ndose cargo Castets en el local (62-65) a 1m23s. Despu\u00e9s, la perdi\u00f3 Rivera a 58s7 y Catete marr\u00f3 su intento de dos, a 46s.<\/p>\n<p>El hu\u00e9sped malgast\u00f3 su siguiente ofensiva y, posteriormente, mand\u00f3 a la l\u00ednea a Juli\u00e1n Rodr\u00edguez: aplic\u00f3 1-2 (63-65), con 16s4.<\/p>\n<p>En contrapartida, Estudiantes fren\u00f3 a Chaves, que tambi\u00e9n hizo 1-2 t1 a 13s5; para que en lo sucesivo Juli\u00e1n Rodr\u00edguez le tocara volver a ejecutar, ahora encestando ambos a 9s7: 65-66.<\/p>\n<p>Con la solicitud de tiempo muerto pertinente de Vago, Pueyrred\u00f3n dise\u00f1\u00f3 la \u00faltima para trasladarle la bola a su mejor tirador: Chaves fue cortado y a 8s6 archiv\u00f3 los dos libres, poniendo arriba a los suyos por 65-68.<\/p>\n<p>En el ataque final, el albo se trab\u00f3 con la bola y Rivera, r\u00e1pido de reflejos, la extirp\u00f3 para salir airoso de la acci\u00f3n y sentenciar el \u00e9xito auriazul.<\/p>\n<p>Pueyrred\u00f3n ya hace dos a\u00f1os que no sufre.<\/p>\n<p>Anda con la cabeza en alto.<\/p>\n<p><iframe loading=\"lazy\" src=\"https:\/\/www.youtube.com\/embed\/Rc2mjNyRCZw\" width=\"560\" height=\"315\" frameborder=\"0\" allowfullscreen=\"allowfullscreen\"><\/iframe><\/p>\n<p><strong>S\u00edntesis |\u00a0<\/strong>Primera Divisi\u00f3n \u2013 Segundo Tramo \u2013 Fecha #22<\/p>\n<p><strong>Estudiantes 65:\u00a0<\/strong>Mariano Castets 26, Leonel Alema\u00f1y 9, Nehu\u00e9n Ber\u00f3n 3, Agust\u00edn Amore 16, David Pineda 2, (FI); Jer\u00f3nimo Mitoire 4,\u00a0Sebasti\u00e1n Cinti 0, Tom\u00e1s Scarpaci 0, Valent\u00edn Duvanced 0, Bruno Ferrandi 0 y Juli\u00e1n Rodr\u00edguez 5.\u00a0DT:\u00a0Walter Romerniszyn.<\/p>\n<p><strong>Pueyrred\u00f3n 68:\u00a0<\/strong>Luciano Fern\u00e1ndez 11, Gast\u00f3n Rivera 8, Mat\u00edas Chaves 15, Eddie Roberson 16, Marcos Fern\u00e1ndez 8, (FI); Dami\u00e1n Foulkes 2, Jos\u00e9 Belleggia 4, Juan Ignacio Scattolini 2 y Fernando Alfonso 2. DT: Mauricio Vago.<\/p>\n<p><strong>Parciales:<\/strong> 11-15, 24-33 (13-18), 40-50 (16-17) y 65-68 (25-18).<\/p>\n<p><strong>\u00c1rbitros:<\/strong> Sebasti\u00e1n Arcas-Nicol\u00e1s Larrasolo.<\/p>\n<p><strong>Estadio:<\/strong> Osvaldo Casanova (club Estudiantes).<\/p>\n<p><a class=\"modalf iframe\" title=\"Planilla\" href=\"https:\/\/docs.google.com\/spreadsheets\/d\/e\/2PACX-1vSZzUKe8W9kxxznCbjDrgULpChKNybYLTiWITHJ3hAAwPrZ44eYrD7xRyD_DTc5i_C-mgsTSj7VdQcB\/pubhtml\" target=\"_blank\" rel=\"noopener\">Ver Planilla<\/a><\/p>\n","protected":false},"excerpt":{"rendered":"<p>Pueyrred\u00f3n super\u00f3 al albo por 68 a 65, termin\u00f3 quinto y enfrentar\u00e1 a Bahiense.<\/p>\n","protected":false},"author":1,"featured_media":89151,"comment_status":"closed","ping_status":"open","sticky":false,"template":"","format":"standard","meta":{"jnews-multi-image_gallery":[],"jnews_single_post":[],"jnews_primary_category":[],"footnotes":""},"categories":[23,101],"tags":[201,689,11,288,289,224,137,51,18],"class_list":["post-89140","post","type-post","status-publish","format-standard","has-post-thumbnail","hentry","category-primera","category-slide","tag-agustin-amore","tag-eddie-roberson","tag-estudiantes","tag-gaston-rivera","tag-leonel-alemany","tag-luciano-fernandez","tag-mariano-castets","tag-matias-chaves","tag-pueyrredon"],"yoast_head":"<!-- This site is optimized with the Yoast SEO plugin v27.5 - https:\/\/yoast.com\/product\/yoast-seo-wordpress\/ -->\n<title>Con la cabeza en alto - Gente de B\u00e1squet<\/title>\n<meta name=\"robots\" content=\"index, follow, max-snippet:-1, max-image-preview:large, max-video-preview:-1\" \/>\n<link rel=\"canonical\" href=\"https:\/\/gentedebasquet.com.ar\/sitio\/2018\/10\/25\/con-la-cabeza-en-alto\/\" \/>\n<meta property=\"og:locale\" content=\"es_ES\" \/>\n<meta property=\"og:type\" content=\"article\" \/>\n<meta property=\"og:title\" content=\"Con la cabeza en alto - Gente de B\u00e1squet\" \/>\n<meta property=\"og:description\" content=\"Pueyrred\u00f3n super\u00f3 al albo por 68 a 65, termin\u00f3 quinto y enfrentar\u00e1 a Bahiense.\" \/>\n<meta property=\"og:url\" content=\"https:\/\/gentedebasquet.com.ar\/sitio\/2018\/10\/25\/con-la-cabeza-en-alto\/\" \/>\n<meta property=\"og:site_name\" content=\"Gente de B\u00e1squet\" \/>\n<meta property=\"article:published_time\" content=\"2018-10-26T02:42:47+00:00\" \/>\n<meta property=\"og:image\" content=\"https:\/\/gentedebasquet.com.ar\/sitio\/wp-content\/uploads\/2018\/10\/43426723_698952793818204_5367992783879536640_n-1.jpg\" \/>\n\t<meta property=\"og:image:width\" content=\"690\" \/>\n\t<meta property=\"og:image:height\" content=\"319\" \/>\n\t<meta property=\"og:image:type\" content=\"image\/jpeg\" \/>\n<meta name=\"author\" content=\"Gente de B\u00e1squet\" \/>\n<meta name=\"twitter:card\" content=\"summary_large_image\" \/>\n<meta name=\"twitter:label1\" content=\"Escrito por\" \/>\n\t<meta name=\"twitter:data1\" content=\"Gente de B\u00e1squet\" \/>\n\t<meta name=\"twitter:label2\" content=\"Tiempo de lectura\" \/>\n\t<meta name=\"twitter:data2\" content=\"5 minutos\" \/>\n<script type=\"application\/ld+json\" class=\"yoast-schema-graph\">{\"@context\":\"https:\\\/\\\/schema.org\",\"@graph\":[{\"@type\":\"Article\",\"@id\":\"https:\\\/\\\/gentedebasquet.com.ar\\\/sitio\\\/2018\\\/10\\\/25\\\/con-la-cabeza-en-alto\\\/#article\",\"isPartOf\":{\"@id\":\"https:\\\/\\\/gentedebasquet.com.ar\\\/sitio\\\/2018\\\/10\\\/25\\\/con-la-cabeza-en-alto\\\/\"},\"author\":{\"name\":\"Gente de B\u00e1squet\",\"@id\":\"https:\\\/\\\/gentedebasquet.com.ar\\\/sitio\\\/#\\\/schema\\\/person\\\/ca0b63bbb977369988a7bbbdc519943a\"},\"headline\":\"Con la cabeza en alto\",\"datePublished\":\"2018-10-26T02:42:47+00:00\",\"mainEntityOfPage\":{\"@id\":\"https:\\\/\\\/gentedebasquet.com.ar\\\/sitio\\\/2018\\\/10\\\/25\\\/con-la-cabeza-en-alto\\\/\"},\"wordCount\":964,\"image\":{\"@id\":\"https:\\\/\\\/gentedebasquet.com.ar\\\/sitio\\\/2018\\\/10\\\/25\\\/con-la-cabeza-en-alto\\\/#primaryimage\"},\"thumbnailUrl\":\"https:\\\/\\\/gentedebasquet.com.ar\\\/sitio\\\/wp-content\\\/uploads\\\/2018\\\/10\\\/43426723_698952793818204_5367992783879536640_n-1.jpg\",\"keywords\":[\"Agust\u00edn Amore\",\"Eddie Roberson\",\"Estudiantes\",\"Gast\u00f3n Rivera\",\"Leonel Alema\u00f1y\",\"luciano fernandez\",\"Mariano Castets\",\"Mat\u00edas Chaves\",\"Pueyrredon\"],\"articleSection\":[\"Primera\",\"Slide\"],\"inLanguage\":\"es\"},{\"@type\":\"WebPage\",\"@id\":\"https:\\\/\\\/gentedebasquet.com.ar\\\/sitio\\\/2018\\\/10\\\/25\\\/con-la-cabeza-en-alto\\\/\",\"url\":\"https:\\\/\\\/gentedebasquet.com.ar\\\/sitio\\\/2018\\\/10\\\/25\\\/con-la-cabeza-en-alto\\\/\",\"name\":\"Con la cabeza en alto - Gente de B\u00e1squet\",\"isPartOf\":{\"@id\":\"https:\\\/\\\/gentedebasquet.com.ar\\\/sitio\\\/#website\"},\"primaryImageOfPage\":{\"@id\":\"https:\\\/\\\/gentedebasquet.com.ar\\\/sitio\\\/2018\\\/10\\\/25\\\/con-la-cabeza-en-alto\\\/#primaryimage\"},\"image\":{\"@id\":\"https:\\\/\\\/gentedebasquet.com.ar\\\/sitio\\\/2018\\\/10\\\/25\\\/con-la-cabeza-en-alto\\\/#primaryimage\"},\"thumbnailUrl\":\"https:\\\/\\\/gentedebasquet.com.ar\\\/sitio\\\/wp-content\\\/uploads\\\/2018\\\/10\\\/43426723_698952793818204_5367992783879536640_n-1.jpg\",\"datePublished\":\"2018-10-26T02:42:47+00:00\",\"author\":{\"@id\":\"https:\\\/\\\/gentedebasquet.com.ar\\\/sitio\\\/#\\\/schema\\\/person\\\/ca0b63bbb977369988a7bbbdc519943a\"},\"breadcrumb\":{\"@id\":\"https:\\\/\\\/gentedebasquet.com.ar\\\/sitio\\\/2018\\\/10\\\/25\\\/con-la-cabeza-en-alto\\\/#breadcrumb\"},\"inLanguage\":\"es\",\"potentialAction\":[{\"@type\":\"ReadAction\",\"target\":[\"https:\\\/\\\/gentedebasquet.com.ar\\\/sitio\\\/2018\\\/10\\\/25\\\/con-la-cabeza-en-alto\\\/\"]}]},{\"@type\":\"ImageObject\",\"inLanguage\":\"es\",\"@id\":\"https:\\\/\\\/gentedebasquet.com.ar\\\/sitio\\\/2018\\\/10\\\/25\\\/con-la-cabeza-en-alto\\\/#primaryimage\",\"url\":\"https:\\\/\\\/gentedebasquet.com.ar\\\/sitio\\\/wp-content\\\/uploads\\\/2018\\\/10\\\/43426723_698952793818204_5367992783879536640_n-1.jpg\",\"contentUrl\":\"https:\\\/\\\/gentedebasquet.com.ar\\\/sitio\\\/wp-content\\\/uploads\\\/2018\\\/10\\\/43426723_698952793818204_5367992783879536640_n-1.jpg\",\"width\":690,\"height\":319},{\"@type\":\"BreadcrumbList\",\"@id\":\"https:\\\/\\\/gentedebasquet.com.ar\\\/sitio\\\/2018\\\/10\\\/25\\\/con-la-cabeza-en-alto\\\/#breadcrumb\",\"itemListElement\":[{\"@type\":\"ListItem\",\"position\":1,\"name\":\"Portada\",\"item\":\"https:\\\/\\\/gentedebasquet.com.ar\\\/sitio\\\/\"},{\"@type\":\"ListItem\",\"position\":2,\"name\":\"Con la cabeza en alto\"}]},{\"@type\":\"WebSite\",\"@id\":\"https:\\\/\\\/gentedebasquet.com.ar\\\/sitio\\\/#website\",\"url\":\"https:\\\/\\\/gentedebasquet.com.ar\\\/sitio\\\/\",\"name\":\"Gente de B\u00e1squet\",\"description\":\"La revista del basquet de Bah\u00eda Blanca\",\"potentialAction\":[{\"@type\":\"SearchAction\",\"target\":{\"@type\":\"EntryPoint\",\"urlTemplate\":\"https:\\\/\\\/gentedebasquet.com.ar\\\/sitio\\\/?s={search_term_string}\"},\"query-input\":{\"@type\":\"PropertyValueSpecification\",\"valueRequired\":true,\"valueName\":\"search_term_string\"}}],\"inLanguage\":\"es\"},{\"@type\":\"Person\",\"@id\":\"https:\\\/\\\/gentedebasquet.com.ar\\\/sitio\\\/#\\\/schema\\\/person\\\/ca0b63bbb977369988a7bbbdc519943a\",\"name\":\"Gente de B\u00e1squet\",\"image\":{\"@type\":\"ImageObject\",\"inLanguage\":\"es\",\"@id\":\"https:\\\/\\\/secure.gravatar.com\\\/avatar\\\/7f2c48bdc33b30088f941fb6082e555f2874c98e20cb159d7b92b50eadfce793?s=96&d=mm&r=g\",\"url\":\"https:\\\/\\\/secure.gravatar.com\\\/avatar\\\/7f2c48bdc33b30088f941fb6082e555f2874c98e20cb159d7b92b50eadfce793?s=96&d=mm&r=g\",\"contentUrl\":\"https:\\\/\\\/secure.gravatar.com\\\/avatar\\\/7f2c48bdc33b30088f941fb6082e555f2874c98e20cb159d7b92b50eadfce793?s=96&d=mm&r=g\",\"caption\":\"Gente de B\u00e1squet\"},\"sameAs\":[\"http:\\\/\\\/gentedebasquet.com.ar\\\/sitio\"],\"url\":\"https:\\\/\\\/gentedebasquet.com.ar\\\/sitio\\\/author\\\/ulises\\\/\"}]}<\/script>\n<!-- \/ Yoast SEO plugin. -->","yoast_head_json":{"title":"Con la cabeza en alto - Gente de B\u00e1squet","robots":{"index":"index","follow":"follow","max-snippet":"max-snippet:-1","max-image-preview":"max-image-preview:large","max-video-preview":"max-video-preview:-1"},"canonical":"https:\/\/gentedebasquet.com.ar\/sitio\/2018\/10\/25\/con-la-cabeza-en-alto\/","og_locale":"es_ES","og_type":"article","og_title":"Con la cabeza en alto - Gente de B\u00e1squet","og_description":"Pueyrred\u00f3n super\u00f3 al albo por 68 a 65, termin\u00f3 quinto y enfrentar\u00e1 a Bahiense.","og_url":"https:\/\/gentedebasquet.com.ar\/sitio\/2018\/10\/25\/con-la-cabeza-en-alto\/","og_site_name":"Gente de B\u00e1squet","article_published_time":"2018-10-26T02:42:47+00:00","og_image":[{"width":690,"height":319,"url":"https:\/\/gentedebasquet.com.ar\/sitio\/wp-content\/uploads\/2018\/10\/43426723_698952793818204_5367992783879536640_n-1.jpg","type":"image\/jpeg"}],"author":"Gente de B\u00e1squet","twitter_card":"summary_large_image","twitter_misc":{"Escrito por":"Gente de B\u00e1squet","Tiempo de lectura":"5 minutos"},"schema":{"@context":"https:\/\/schema.org","@graph":[{"@type":"Article","@id":"https:\/\/gentedebasquet.com.ar\/sitio\/2018\/10\/25\/con-la-cabeza-en-alto\/#article","isPartOf":{"@id":"https:\/\/gentedebasquet.com.ar\/sitio\/2018\/10\/25\/con-la-cabeza-en-alto\/"},"author":{"name":"Gente de B\u00e1squet","@id":"https:\/\/gentedebasquet.com.ar\/sitio\/#\/schema\/person\/ca0b63bbb977369988a7bbbdc519943a"},"headline":"Con la cabeza en alto","datePublished":"2018-10-26T02:42:47+00:00","mainEntityOfPage":{"@id":"https:\/\/gentedebasquet.com.ar\/sitio\/2018\/10\/25\/con-la-cabeza-en-alto\/"},"wordCount":964,"image":{"@id":"https:\/\/gentedebasquet.com.ar\/sitio\/2018\/10\/25\/con-la-cabeza-en-alto\/#primaryimage"},"thumbnailUrl":"https:\/\/gentedebasquet.com.ar\/sitio\/wp-content\/uploads\/2018\/10\/43426723_698952793818204_5367992783879536640_n-1.jpg","keywords":["Agust\u00edn Amore","Eddie Roberson","Estudiantes","Gast\u00f3n Rivera","Leonel Alema\u00f1y","luciano fernandez","Mariano Castets","Mat\u00edas Chaves","Pueyrredon"],"articleSection":["Primera","Slide"],"inLanguage":"es"},{"@type":"WebPage","@id":"https:\/\/gentedebasquet.com.ar\/sitio\/2018\/10\/25\/con-la-cabeza-en-alto\/","url":"https:\/\/gentedebasquet.com.ar\/sitio\/2018\/10\/25\/con-la-cabeza-en-alto\/","name":"Con la cabeza en alto - Gente de B\u00e1squet","isPartOf":{"@id":"https:\/\/gentedebasquet.com.ar\/sitio\/#website"},"primaryImageOfPage":{"@id":"https:\/\/gentedebasquet.com.ar\/sitio\/2018\/10\/25\/con-la-cabeza-en-alto\/#primaryimage"},"image":{"@id":"https:\/\/gentedebasquet.com.ar\/sitio\/2018\/10\/25\/con-la-cabeza-en-alto\/#primaryimage"},"thumbnailUrl":"https:\/\/gentedebasquet.com.ar\/sitio\/wp-content\/uploads\/2018\/10\/43426723_698952793818204_5367992783879536640_n-1.jpg","datePublished":"2018-10-26T02:42:47+00:00","author":{"@id":"https:\/\/gentedebasquet.com.ar\/sitio\/#\/schema\/person\/ca0b63bbb977369988a7bbbdc519943a"},"breadcrumb":{"@id":"https:\/\/gentedebasquet.com.ar\/sitio\/2018\/10\/25\/con-la-cabeza-en-alto\/#breadcrumb"},"inLanguage":"es","potentialAction":[{"@type":"ReadAction","target":["https:\/\/gentedebasquet.com.ar\/sitio\/2018\/10\/25\/con-la-cabeza-en-alto\/"]}]},{"@type":"ImageObject","inLanguage":"es","@id":"https:\/\/gentedebasquet.com.ar\/sitio\/2018\/10\/25\/con-la-cabeza-en-alto\/#primaryimage","url":"https:\/\/gentedebasquet.com.ar\/sitio\/wp-content\/uploads\/2018\/10\/43426723_698952793818204_5367992783879536640_n-1.jpg","contentUrl":"https:\/\/gentedebasquet.com.ar\/sitio\/wp-content\/uploads\/2018\/10\/43426723_698952793818204_5367992783879536640_n-1.jpg","width":690,"height":319},{"@type":"BreadcrumbList","@id":"https:\/\/gentedebasquet.com.ar\/sitio\/2018\/10\/25\/con-la-cabeza-en-alto\/#breadcrumb","itemListElement":[{"@type":"ListItem","position":1,"name":"Portada","item":"https:\/\/gentedebasquet.com.ar\/sitio\/"},{"@type":"ListItem","position":2,"name":"Con la cabeza en alto"}]},{"@type":"WebSite","@id":"https:\/\/gentedebasquet.com.ar\/sitio\/#website","url":"https:\/\/gentedebasquet.com.ar\/sitio\/","name":"Gente de B\u00e1squet","description":"La revista del basquet de Bah\u00eda Blanca","potentialAction":[{"@type":"SearchAction","target":{"@type":"EntryPoint","urlTemplate":"https:\/\/gentedebasquet.com.ar\/sitio\/?s={search_term_string}"},"query-input":{"@type":"PropertyValueSpecification","valueRequired":true,"valueName":"search_term_string"}}],"inLanguage":"es"},{"@type":"Person","@id":"https:\/\/gentedebasquet.com.ar\/sitio\/#\/schema\/person\/ca0b63bbb977369988a7bbbdc519943a","name":"Gente de B\u00e1squet","image":{"@type":"ImageObject","inLanguage":"es","@id":"https:\/\/secure.gravatar.com\/avatar\/7f2c48bdc33b30088f941fb6082e555f2874c98e20cb159d7b92b50eadfce793?s=96&d=mm&r=g","url":"https:\/\/secure.gravatar.com\/avatar\/7f2c48bdc33b30088f941fb6082e555f2874c98e20cb159d7b92b50eadfce793?s=96&d=mm&r=g","contentUrl":"https:\/\/secure.gravatar.com\/avatar\/7f2c48bdc33b30088f941fb6082e555f2874c98e20cb159d7b92b50eadfce793?s=96&d=mm&r=g","caption":"Gente de B\u00e1squet"},"sameAs":["http:\/\/gentedebasquet.com.ar\/sitio"],"url":"https:\/\/gentedebasquet.com.ar\/sitio\/author\/ulises\/"}]}},"_links":{"self":[{"href":"https:\/\/gentedebasquet.com.ar\/sitio\/wp-json\/wp\/v2\/posts\/89140","targetHints":{"allow":["GET"]}}],"collection":[{"href":"https:\/\/gentedebasquet.com.ar\/sitio\/wp-json\/wp\/v2\/posts"}],"about":[{"href":"https:\/\/gentedebasquet.com.ar\/sitio\/wp-json\/wp\/v2\/types\/post"}],"author":[{"embeddable":true,"href":"https:\/\/gentedebasquet.com.ar\/sitio\/wp-json\/wp\/v2\/users\/1"}],"replies":[{"embeddable":true,"href":"https:\/\/gentedebasquet.com.ar\/sitio\/wp-json\/wp\/v2\/comments?post=89140"}],"version-history":[{"count":0,"href":"https:\/\/gentedebasquet.com.ar\/sitio\/wp-json\/wp\/v2\/posts\/89140\/revisions"}],"wp:featuredmedia":[{"embeddable":true,"href":"https:\/\/gentedebasquet.com.ar\/sitio\/wp-json\/wp\/v2\/media\/89151"}],"wp:attachment":[{"href":"https:\/\/gentedebasquet.com.ar\/sitio\/wp-json\/wp\/v2\/media?parent=89140"}],"wp:term":[{"taxonomy":"category","embeddable":true,"href":"https:\/\/gentedebasquet.com.ar\/sitio\/wp-json\/wp\/v2\/categories?post=89140"},{"taxonomy":"post_tag","embeddable":true,"href":"https:\/\/gentedebasquet.com.ar\/sitio\/wp-json\/wp\/v2\/tags?post=89140"}],"curies":[{"name":"wp","href":"https:\/\/api.w.org\/{rel}","templated":true}]}}