{"id":91135,"date":"2019-02-12T22:12:38","date_gmt":"2019-02-13T01:12:38","guid":{"rendered":"http:\/\/www.gentedebasquet.com.ar\/?p=91135"},"modified":"2019-02-12T22:12:38","modified_gmt":"2019-02-13T01:12:38","slug":"da-tomasi-y-richotti-al-mando","status":"publish","type":"post","link":"https:\/\/gentedebasquet.com.ar\/sitio\/2019\/02\/12\/da-tomasi-y-richotti-al-mando\/","title":{"rendered":"De Tomasi y Richotti, al mando"},"content":{"rendered":"<p><strong>La ABB\u00a0confirm\u00f3 su staff camino a los Zonales y Provinciales de 2019. <\/strong><\/p>\n<p><strong>Todas las categor\u00edas masculinas (U13, U15, U17 y U19) ser\u00e1n dirigidas por Mauro Richotti, siendo Juan Cruz Santini su asistente y Lisandro De Tomasi el coordinador administrativo.<\/strong><\/p>\n<p><strong>La primera categor\u00eda en salir a escena ser\u00e1 la de Cadetes, camino al Provincial que organizar\u00e1, en principio, del 21 al 24 de marzo (podr\u00eda retrasarse una semana).<\/strong><\/p>\n<p><strong>Recordamos que el pr\u00f3ximo s\u00e1bado 16, en la Federaci\u00f3n, se podr\u00eda confirmar el traspaso de Tres Arroyos a la Zona 3 que hasta el momento integran Bah\u00eda y Punta Alta. Es decir, de producirse tal modificaci\u00f3n, Punta Alta y Tres Arroyos deber\u00edan jugar un Zanal para ver qui\u00e9n disputa el Provincial U17 en nuestra ciudad.<\/strong><\/p>\n<p><strong>En ese sentido, para los restantes torneo provinciales, las tres asociaciones estar\u00e1n obligadas a jugar un triangular clasificatorio.<\/strong><\/p>\n<p>Al margen -si bien no podr\u00e1n asistir todos-, hay 23 citados para la <a href=\"https:\/\/www.facebook.com\/pg\/Gente-de-B%C3%A1squet-251256128328794\/photos\/?tab=album&amp;album_id=2029994717121584\" target=\"_blank\" rel=\"noopener\">primera pr\u00e1ctica<\/a>, a desarrollarse el jueves en el Polideportivo Norte.<\/p>\n<p>&nbsp;<\/p>\n<h5>PRESELECCI\u00d3N U17<\/h5>\n<p>Valent\u00edn Forestier (Alem)<br \/>\nLautaro Cavero (Alem)<br \/>\nBautista Ott (Alem)<br \/>\nJuan Cruz Mambretti (Alem)<br \/>\nEmanuel Fern\u00e1ndez (Bahiense)<br \/>\nJuli\u00e1n Lambertucci (Bahiense)<br \/>\nPedro Rossi (Bahiense)<br \/>\nRamiro Furriol (Bahiense)<br \/>\nSantino Bassa (Bahiense)<br \/>\nJano Mart\u00ednez (Villa Mitre)<br \/>\nAlejo Azpilicueta (Villa Mitre)<br \/>\nTom\u00e1s Bussetti (Villa Mitre)<br \/>\nEmanuel Barthe (Villa Mitre)<br \/>\nFacunco Tolosa (Bah\u00eda Basket)<br \/>\nGonzalo Alonso (Bah\u00eda Basket)<br \/>\nLucas Garriz (Estudiantes)<br \/>\nJoaqu\u00edn Luini (Estudiantes)<br \/>\nValent\u00edn Carrizo (El Nacional)<br \/>\nPedro Santiago (El Nacional)<br \/>\nFacundo Slonimsqui (9 de Julio)<br \/>\nFerm\u00edn Mariezcurrena (Argentino)<br \/>\nMirko Cenzual (Olimpo)<br \/>\nFacundo\u00a0Zani (Olimpo)<\/p>\n<h5>STAFF T\u00c9CNICO<\/h5>\n<p>Coordinador administrativo: Lisandro De Tomasi<br \/>\nEntrenador Jefe: Mauro Richotti<br \/>\nAsistente: Juan Cruz Santini<br \/>\nPreparadores F\u00edsicos: Ezequiel Micca y Luciano Concetti<br \/>\nKinesi\u00f3logos: Marcos Luis y Clemente Anibali<br \/>\nNutricionista: Noelia Garc\u00eda<\/p>\n<h5>Calendario 2019<\/h5>\n<p>U17 &gt; 4 al 7 de abril en Bah\u00eda Blanca<br \/>\nU15 &gt; 25 al 28 de abril en La Plata<br \/>\nU19 &gt; 23 al 26 de mayo en Zona 1<br \/>\nMayores &gt; 20 al 23 de junio en Zona 2<br \/>\nU13 &gt; 5 al 8 de setiembre en Zona 4<\/p>\n","protected":false},"excerpt":{"rendered":"<p>Lichi ser\u00e1 Coordinador y Mauro dirigir\u00e1 las selecciones locales menores en todo 2019<\/p>\n","protected":false},"author":1,"featured_media":91196,"comment_status":"closed","ping_status":"open","sticky":false,"template":"","format":"standard","meta":{"jnews-multi-image_gallery":[],"jnews_single_post":[],"jnews_primary_category":[],"footnotes":""},"categories":[59,428,101],"tags":[357,69,70,1245,1175,110],"class_list":["post-91135","post","type-post","status-publish","format-standard","has-post-thumbnail","hentry","category-bahia-2","category-bahiau17","category-slide","tag-abb","tag-bahia","tag-bahia-blanca","tag-lisandro-de-tomasi","tag-mauro-richotti","tag-provincial-u17"],"yoast_head":"<!-- This site is optimized with the Yoast SEO plugin v27.5 - https:\/\/yoast.com\/product\/yoast-seo-wordpress\/ -->\n<title>De Tomasi y Richotti, al mando - Gente de B\u00e1squet<\/title>\n<meta name=\"robots\" content=\"index, follow, max-snippet:-1, max-image-preview:large, max-video-preview:-1\" \/>\n<link rel=\"canonical\" href=\"https:\/\/gentedebasquet.com.ar\/sitio\/2019\/02\/12\/da-tomasi-y-richotti-al-mando\/\" \/>\n<meta property=\"og:locale\" content=\"es_ES\" \/>\n<meta property=\"og:type\" content=\"article\" \/>\n<meta property=\"og:title\" content=\"De Tomasi y Richotti, al mando - Gente de B\u00e1squet\" \/>\n<meta property=\"og:description\" content=\"Lichi ser\u00e1 Coordinador y Mauro dirigir\u00e1 las selecciones locales menores en todo 2019\" \/>\n<meta property=\"og:url\" content=\"https:\/\/gentedebasquet.com.ar\/sitio\/2019\/02\/12\/da-tomasi-y-richotti-al-mando\/\" \/>\n<meta property=\"og:site_name\" content=\"Gente de B\u00e1squet\" \/>\n<meta property=\"article:published_time\" content=\"2019-02-13T01:12:38+00:00\" \/>\n<meta property=\"og:image\" content=\"https:\/\/gentedebasquet.com.ar\/sitio\/wp-content\/uploads\/2019\/02\/Santini-Barco-Richotti.jpg\" \/>\n\t<meta property=\"og:image:width\" content=\"690\" \/>\n\t<meta property=\"og:image:height\" content=\"319\" \/>\n\t<meta property=\"og:image:type\" content=\"image\/jpeg\" \/>\n<meta name=\"author\" content=\"Gente de B\u00e1squet\" \/>\n<meta name=\"twitter:card\" content=\"summary_large_image\" \/>\n<meta name=\"twitter:label1\" content=\"Escrito por\" \/>\n\t<meta name=\"twitter:data1\" content=\"Gente de B\u00e1squet\" \/>\n\t<meta name=\"twitter:label2\" content=\"Tiempo de lectura\" \/>\n\t<meta name=\"twitter:data2\" content=\"2 minutos\" \/>\n<script type=\"application\/ld+json\" class=\"yoast-schema-graph\">{\"@context\":\"https:\\\/\\\/schema.org\",\"@graph\":[{\"@type\":\"Article\",\"@id\":\"https:\\\/\\\/gentedebasquet.com.ar\\\/sitio\\\/2019\\\/02\\\/12\\\/da-tomasi-y-richotti-al-mando\\\/#article\",\"isPartOf\":{\"@id\":\"https:\\\/\\\/gentedebasquet.com.ar\\\/sitio\\\/2019\\\/02\\\/12\\\/da-tomasi-y-richotti-al-mando\\\/\"},\"author\":{\"name\":\"Gente de B\u00e1squet\",\"@id\":\"https:\\\/\\\/gentedebasquet.com.ar\\\/sitio\\\/#\\\/schema\\\/person\\\/ca0b63bbb977369988a7bbbdc519943a\"},\"headline\":\"De Tomasi y Richotti, al mando\",\"datePublished\":\"2019-02-13T01:12:38+00:00\",\"mainEntityOfPage\":{\"@id\":\"https:\\\/\\\/gentedebasquet.com.ar\\\/sitio\\\/2019\\\/02\\\/12\\\/da-tomasi-y-richotti-al-mando\\\/\"},\"wordCount\":346,\"image\":{\"@id\":\"https:\\\/\\\/gentedebasquet.com.ar\\\/sitio\\\/2019\\\/02\\\/12\\\/da-tomasi-y-richotti-al-mando\\\/#primaryimage\"},\"thumbnailUrl\":\"https:\\\/\\\/gentedebasquet.com.ar\\\/sitio\\\/wp-content\\\/uploads\\\/2019\\\/02\\\/Santini-Barco-Richotti.jpg\",\"keywords\":[\"ABB\",\"Bahia\",\"Bah\u00eda Blanca\",\"Lisandro De Tomasi\",\"Mauro Richotti\",\"Provincial U17\"],\"articleSection\":[\"#Bah\u00eda\",\"#Bah\u00edaU17\",\"Slide\"],\"inLanguage\":\"es\"},{\"@type\":\"WebPage\",\"@id\":\"https:\\\/\\\/gentedebasquet.com.ar\\\/sitio\\\/2019\\\/02\\\/12\\\/da-tomasi-y-richotti-al-mando\\\/\",\"url\":\"https:\\\/\\\/gentedebasquet.com.ar\\\/sitio\\\/2019\\\/02\\\/12\\\/da-tomasi-y-richotti-al-mando\\\/\",\"name\":\"De Tomasi y Richotti, al mando - Gente de B\u00e1squet\",\"isPartOf\":{\"@id\":\"https:\\\/\\\/gentedebasquet.com.ar\\\/sitio\\\/#website\"},\"primaryImageOfPage\":{\"@id\":\"https:\\\/\\\/gentedebasquet.com.ar\\\/sitio\\\/2019\\\/02\\\/12\\\/da-tomasi-y-richotti-al-mando\\\/#primaryimage\"},\"image\":{\"@id\":\"https:\\\/\\\/gentedebasquet.com.ar\\\/sitio\\\/2019\\\/02\\\/12\\\/da-tomasi-y-richotti-al-mando\\\/#primaryimage\"},\"thumbnailUrl\":\"https:\\\/\\\/gentedebasquet.com.ar\\\/sitio\\\/wp-content\\\/uploads\\\/2019\\\/02\\\/Santini-Barco-Richotti.jpg\",\"datePublished\":\"2019-02-13T01:12:38+00:00\",\"author\":{\"@id\":\"https:\\\/\\\/gentedebasquet.com.ar\\\/sitio\\\/#\\\/schema\\\/person\\\/ca0b63bbb977369988a7bbbdc519943a\"},\"breadcrumb\":{\"@id\":\"https:\\\/\\\/gentedebasquet.com.ar\\\/sitio\\\/2019\\\/02\\\/12\\\/da-tomasi-y-richotti-al-mando\\\/#breadcrumb\"},\"inLanguage\":\"es\",\"potentialAction\":[{\"@type\":\"ReadAction\",\"target\":[\"https:\\\/\\\/gentedebasquet.com.ar\\\/sitio\\\/2019\\\/02\\\/12\\\/da-tomasi-y-richotti-al-mando\\\/\"]}]},{\"@type\":\"ImageObject\",\"inLanguage\":\"es\",\"@id\":\"https:\\\/\\\/gentedebasquet.com.ar\\\/sitio\\\/2019\\\/02\\\/12\\\/da-tomasi-y-richotti-al-mando\\\/#primaryimage\",\"url\":\"https:\\\/\\\/gentedebasquet.com.ar\\\/sitio\\\/wp-content\\\/uploads\\\/2019\\\/02\\\/Santini-Barco-Richotti.jpg\",\"contentUrl\":\"https:\\\/\\\/gentedebasquet.com.ar\\\/sitio\\\/wp-content\\\/uploads\\\/2019\\\/02\\\/Santini-Barco-Richotti.jpg\",\"width\":690,\"height\":319},{\"@type\":\"BreadcrumbList\",\"@id\":\"https:\\\/\\\/gentedebasquet.com.ar\\\/sitio\\\/2019\\\/02\\\/12\\\/da-tomasi-y-richotti-al-mando\\\/#breadcrumb\",\"itemListElement\":[{\"@type\":\"ListItem\",\"position\":1,\"name\":\"Portada\",\"item\":\"https:\\\/\\\/gentedebasquet.com.ar\\\/sitio\\\/\"},{\"@type\":\"ListItem\",\"position\":2,\"name\":\"De Tomasi y Richotti, al mando\"}]},{\"@type\":\"WebSite\",\"@id\":\"https:\\\/\\\/gentedebasquet.com.ar\\\/sitio\\\/#website\",\"url\":\"https:\\\/\\\/gentedebasquet.com.ar\\\/sitio\\\/\",\"name\":\"Gente de B\u00e1squet\",\"description\":\"La revista del basquet de Bah\u00eda Blanca\",\"potentialAction\":[{\"@type\":\"SearchAction\",\"target\":{\"@type\":\"EntryPoint\",\"urlTemplate\":\"https:\\\/\\\/gentedebasquet.com.ar\\\/sitio\\\/?s={search_term_string}\"},\"query-input\":{\"@type\":\"PropertyValueSpecification\",\"valueRequired\":true,\"valueName\":\"search_term_string\"}}],\"inLanguage\":\"es\"},{\"@type\":\"Person\",\"@id\":\"https:\\\/\\\/gentedebasquet.com.ar\\\/sitio\\\/#\\\/schema\\\/person\\\/ca0b63bbb977369988a7bbbdc519943a\",\"name\":\"Gente de B\u00e1squet\",\"image\":{\"@type\":\"ImageObject\",\"inLanguage\":\"es\",\"@id\":\"https:\\\/\\\/secure.gravatar.com\\\/avatar\\\/7f2c48bdc33b30088f941fb6082e555f2874c98e20cb159d7b92b50eadfce793?s=96&d=mm&r=g\",\"url\":\"https:\\\/\\\/secure.gravatar.com\\\/avatar\\\/7f2c48bdc33b30088f941fb6082e555f2874c98e20cb159d7b92b50eadfce793?s=96&d=mm&r=g\",\"contentUrl\":\"https:\\\/\\\/secure.gravatar.com\\\/avatar\\\/7f2c48bdc33b30088f941fb6082e555f2874c98e20cb159d7b92b50eadfce793?s=96&d=mm&r=g\",\"caption\":\"Gente de B\u00e1squet\"},\"sameAs\":[\"http:\\\/\\\/gentedebasquet.com.ar\\\/sitio\"],\"url\":\"https:\\\/\\\/gentedebasquet.com.ar\\\/sitio\\\/author\\\/ulises\\\/\"}]}<\/script>\n<!-- \/ Yoast SEO plugin. -->","yoast_head_json":{"title":"De Tomasi y Richotti, al mando - Gente de B\u00e1squet","robots":{"index":"index","follow":"follow","max-snippet":"max-snippet:-1","max-image-preview":"max-image-preview:large","max-video-preview":"max-video-preview:-1"},"canonical":"https:\/\/gentedebasquet.com.ar\/sitio\/2019\/02\/12\/da-tomasi-y-richotti-al-mando\/","og_locale":"es_ES","og_type":"article","og_title":"De Tomasi y Richotti, al mando - Gente de B\u00e1squet","og_description":"Lichi ser\u00e1 Coordinador y Mauro dirigir\u00e1 las selecciones locales menores en todo 2019","og_url":"https:\/\/gentedebasquet.com.ar\/sitio\/2019\/02\/12\/da-tomasi-y-richotti-al-mando\/","og_site_name":"Gente de B\u00e1squet","article_published_time":"2019-02-13T01:12:38+00:00","og_image":[{"width":690,"height":319,"url":"https:\/\/gentedebasquet.com.ar\/sitio\/wp-content\/uploads\/2019\/02\/Santini-Barco-Richotti.jpg","type":"image\/jpeg"}],"author":"Gente de B\u00e1squet","twitter_card":"summary_large_image","twitter_misc":{"Escrito por":"Gente de B\u00e1squet","Tiempo de lectura":"2 minutos"},"schema":{"@context":"https:\/\/schema.org","@graph":[{"@type":"Article","@id":"https:\/\/gentedebasquet.com.ar\/sitio\/2019\/02\/12\/da-tomasi-y-richotti-al-mando\/#article","isPartOf":{"@id":"https:\/\/gentedebasquet.com.ar\/sitio\/2019\/02\/12\/da-tomasi-y-richotti-al-mando\/"},"author":{"name":"Gente de B\u00e1squet","@id":"https:\/\/gentedebasquet.com.ar\/sitio\/#\/schema\/person\/ca0b63bbb977369988a7bbbdc519943a"},"headline":"De Tomasi y Richotti, al mando","datePublished":"2019-02-13T01:12:38+00:00","mainEntityOfPage":{"@id":"https:\/\/gentedebasquet.com.ar\/sitio\/2019\/02\/12\/da-tomasi-y-richotti-al-mando\/"},"wordCount":346,"image":{"@id":"https:\/\/gentedebasquet.com.ar\/sitio\/2019\/02\/12\/da-tomasi-y-richotti-al-mando\/#primaryimage"},"thumbnailUrl":"https:\/\/gentedebasquet.com.ar\/sitio\/wp-content\/uploads\/2019\/02\/Santini-Barco-Richotti.jpg","keywords":["ABB","Bahia","Bah\u00eda Blanca","Lisandro De Tomasi","Mauro Richotti","Provincial U17"],"articleSection":["#Bah\u00eda","#Bah\u00edaU17","Slide"],"inLanguage":"es"},{"@type":"WebPage","@id":"https:\/\/gentedebasquet.com.ar\/sitio\/2019\/02\/12\/da-tomasi-y-richotti-al-mando\/","url":"https:\/\/gentedebasquet.com.ar\/sitio\/2019\/02\/12\/da-tomasi-y-richotti-al-mando\/","name":"De Tomasi y Richotti, al mando - Gente de B\u00e1squet","isPartOf":{"@id":"https:\/\/gentedebasquet.com.ar\/sitio\/#website"},"primaryImageOfPage":{"@id":"https:\/\/gentedebasquet.com.ar\/sitio\/2019\/02\/12\/da-tomasi-y-richotti-al-mando\/#primaryimage"},"image":{"@id":"https:\/\/gentedebasquet.com.ar\/sitio\/2019\/02\/12\/da-tomasi-y-richotti-al-mando\/#primaryimage"},"thumbnailUrl":"https:\/\/gentedebasquet.com.ar\/sitio\/wp-content\/uploads\/2019\/02\/Santini-Barco-Richotti.jpg","datePublished":"2019-02-13T01:12:38+00:00","author":{"@id":"https:\/\/gentedebasquet.com.ar\/sitio\/#\/schema\/person\/ca0b63bbb977369988a7bbbdc519943a"},"breadcrumb":{"@id":"https:\/\/gentedebasquet.com.ar\/sitio\/2019\/02\/12\/da-tomasi-y-richotti-al-mando\/#breadcrumb"},"inLanguage":"es","potentialAction":[{"@type":"ReadAction","target":["https:\/\/gentedebasquet.com.ar\/sitio\/2019\/02\/12\/da-tomasi-y-richotti-al-mando\/"]}]},{"@type":"ImageObject","inLanguage":"es","@id":"https:\/\/gentedebasquet.com.ar\/sitio\/2019\/02\/12\/da-tomasi-y-richotti-al-mando\/#primaryimage","url":"https:\/\/gentedebasquet.com.ar\/sitio\/wp-content\/uploads\/2019\/02\/Santini-Barco-Richotti.jpg","contentUrl":"https:\/\/gentedebasquet.com.ar\/sitio\/wp-content\/uploads\/2019\/02\/Santini-Barco-Richotti.jpg","width":690,"height":319},{"@type":"BreadcrumbList","@id":"https:\/\/gentedebasquet.com.ar\/sitio\/2019\/02\/12\/da-tomasi-y-richotti-al-mando\/#breadcrumb","itemListElement":[{"@type":"ListItem","position":1,"name":"Portada","item":"https:\/\/gentedebasquet.com.ar\/sitio\/"},{"@type":"ListItem","position":2,"name":"De Tomasi y Richotti, al mando"}]},{"@type":"WebSite","@id":"https:\/\/gentedebasquet.com.ar\/sitio\/#website","url":"https:\/\/gentedebasquet.com.ar\/sitio\/","name":"Gente de B\u00e1squet","description":"La revista del basquet de Bah\u00eda Blanca","potentialAction":[{"@type":"SearchAction","target":{"@type":"EntryPoint","urlTemplate":"https:\/\/gentedebasquet.com.ar\/sitio\/?s={search_term_string}"},"query-input":{"@type":"PropertyValueSpecification","valueRequired":true,"valueName":"search_term_string"}}],"inLanguage":"es"},{"@type":"Person","@id":"https:\/\/gentedebasquet.com.ar\/sitio\/#\/schema\/person\/ca0b63bbb977369988a7bbbdc519943a","name":"Gente de B\u00e1squet","image":{"@type":"ImageObject","inLanguage":"es","@id":"https:\/\/secure.gravatar.com\/avatar\/7f2c48bdc33b30088f941fb6082e555f2874c98e20cb159d7b92b50eadfce793?s=96&d=mm&r=g","url":"https:\/\/secure.gravatar.com\/avatar\/7f2c48bdc33b30088f941fb6082e555f2874c98e20cb159d7b92b50eadfce793?s=96&d=mm&r=g","contentUrl":"https:\/\/secure.gravatar.com\/avatar\/7f2c48bdc33b30088f941fb6082e555f2874c98e20cb159d7b92b50eadfce793?s=96&d=mm&r=g","caption":"Gente de B\u00e1squet"},"sameAs":["http:\/\/gentedebasquet.com.ar\/sitio"],"url":"https:\/\/gentedebasquet.com.ar\/sitio\/author\/ulises\/"}]}},"_links":{"self":[{"href":"https:\/\/gentedebasquet.com.ar\/sitio\/wp-json\/wp\/v2\/posts\/91135","targetHints":{"allow":["GET"]}}],"collection":[{"href":"https:\/\/gentedebasquet.com.ar\/sitio\/wp-json\/wp\/v2\/posts"}],"about":[{"href":"https:\/\/gentedebasquet.com.ar\/sitio\/wp-json\/wp\/v2\/types\/post"}],"author":[{"embeddable":true,"href":"https:\/\/gentedebasquet.com.ar\/sitio\/wp-json\/wp\/v2\/users\/1"}],"replies":[{"embeddable":true,"href":"https:\/\/gentedebasquet.com.ar\/sitio\/wp-json\/wp\/v2\/comments?post=91135"}],"version-history":[{"count":0,"href":"https:\/\/gentedebasquet.com.ar\/sitio\/wp-json\/wp\/v2\/posts\/91135\/revisions"}],"wp:featuredmedia":[{"embeddable":true,"href":"https:\/\/gentedebasquet.com.ar\/sitio\/wp-json\/wp\/v2\/media\/91196"}],"wp:attachment":[{"href":"https:\/\/gentedebasquet.com.ar\/sitio\/wp-json\/wp\/v2\/media?parent=91135"}],"wp:term":[{"taxonomy":"category","embeddable":true,"href":"https:\/\/gentedebasquet.com.ar\/sitio\/wp-json\/wp\/v2\/categories?post=91135"},{"taxonomy":"post_tag","embeddable":true,"href":"https:\/\/gentedebasquet.com.ar\/sitio\/wp-json\/wp\/v2\/tags?post=91135"}],"curies":[{"name":"wp","href":"https:\/\/api.w.org\/{rel}","templated":true}]}}