{"id":91317,"date":"2019-02-27T20:12:00","date_gmt":"2019-02-27T23:12:00","guid":{"rendered":"http:\/\/www.gentedebasquet.com.ar\/?p=91317"},"modified":"2019-02-27T20:12:00","modified_gmt":"2019-02-27T23:12:00","slug":"zonal-u17-a-la-vista","status":"publish","type":"post","link":"https:\/\/gentedebasquet.com.ar\/sitio\/2019\/02\/27\/zonal-u17-a-la-vista\/","title":{"rendered":"Zonal U17 a la vista"},"content":{"rendered":"<p><strong>El <a href=\"http:\/\/www.gentedebasquet.com.ar\/provinciales-definidos\/\" target=\"_blank\" rel=\"noopener\">cambio aceptado por la Federaci\u00f3n de la Provincia<\/a> modific\u00f3, como adelant\u00e1ramos, el panorama de los torneos Zonales y Provinciales. En ese sentido, al U17 a realizarse en Bah\u00eda Blanca no llegar\u00e1 Punta Alta directamente, sino que la Roja deber\u00e1 jugarse la clasificaci\u00f3n ante Tres Arroyos.<\/strong><\/p>\n<p><strong>Por tal motivo, ambas asociaciones comenzaron los preparativos de cara al duelo mano a mano, a llevarse a cabo el 15 y 17 de marzo.<\/strong><\/p>\n<p><strong>Punta Alta trabajar\u00e1 desde este lunes bajo la conducci\u00f3n de Juan Garayzar; mientras que Tres Arroyos viene trabajando desde el 13 de febrero, al mando de Dami\u00e1n Beit\u00eda y Fabi\u00e1n Gondean.<\/strong><\/p>\n<p><strong>En <a href=\"http:\/\/www.gentedebasquet.com.ar\/da-tomasi-y-richotti-al-mando\/\" target=\"_blank\" rel=\"noopener\">el plantel de Bah\u00eda Blanca<\/a>, que <a href=\"https:\/\/www.youtube.com\/watch?v=K2GD0F8bIeQ&amp;t=15s\" target=\"_blank\" rel=\"noopener\">comenz\u00f3 a ensayar el pasado 14 del corriente<\/a>, las principales novedades pasan por los cortes de Mariezcurrena, Barthe, Bussetti y Luini (este \u00faltimo, lesionado).<\/strong><\/p>\n<p>&nbsp;<\/p>\n<h5>PRESELECCI\u00d3N U17 &#8211; PUNTA ALTA<\/h5>\n<p>Mateo Barrera (Espora)<br \/>\nMarcos Casco (Ateneo)<br \/>\nCatriel Cejas (Pellegrini)<br \/>\nMirko Cenzual (Olimpo)<br \/>\nSantino Conti (Los Andes)<br \/>\nManuel Del Puerto (Pellegrini)<br \/>\nJes\u00fas Dom\u00ednguez (Altense)<br \/>\nBenjam\u00edn Falcioni (Espora)<br \/>\nLautaro Fonsfr\u00eda (Estudiantes)<br \/>\nValentino Frascarelli (Pellegrini)<br \/>\nValent\u00edn Gemetro (Alem)<br \/>\nTom\u00e1s Godoy (Los Andes)<br \/>\nLucas G\u00f3mez (Ateneo)<br \/>\nBenjam\u00edn Gonz\u00e1lez (Espora)<br \/>\nEmanuel Greco (Altense)<br \/>\nIan Kalister (Altense)<br \/>\n\u00c1lvaro Lorca (Estudiantes)<br \/>\nAndr\u00e9s Miguez (Alem)<br \/>\nFelipe Munaf\u00f3 (Altense)<br \/>\nJuan Manuel Otz (Altense)<br \/>\nJerem\u00edas Scheible (Ateneo)<br \/>\nNahuel Taboada (Altense)<br \/>\nJonathan Yakimiuk (Ateneo)<br \/>\nDT Juan Garayzar<br \/>\nAT Ge\u00f3nimo Pereyra<\/p>\n<h5>PRESELECCI\u00d3N U17 &#8211; TRES ARROYOS<\/h5>\n<p>Sebasti\u00e1n Cameroni (Blanco y Negro)<br \/>\nIgnacio Nieves (Blanco y Negro)<br \/>\nMart\u00edn Denaro (Blanco y Negro)<br \/>\nJoaqu\u00edn Weimann (Blanco y Negro)<br \/>\nJoaqu\u00edn Bruel (Costa Sud)<br \/>\nTob\u00edas Sandoval (Argentino Junior)<br \/>\nValent\u00edn Calvete (Argentino Junior)<br \/>\nBautista Sode (Costa Sud)<br \/>\nJerem\u00edas Sandoval (Argentino Junior)<br \/>\nUlises Otero (Hurac\u00e1n)<br \/>\nLucas Carricajo (Sarmiento)<br \/>\nSantiago Montenegro (Alumni)<br \/>\nCamilo Goizueta (Hurac\u00e1n)<br \/>\nIgnacio Girves (Hurac\u00e1n)<br \/>\nJuan Cruz Peralta (Hurac\u00e1n)<br \/>\nJoaqu\u00edn Gonzal\u00eda (Argentino Junior)<br \/>\nDT Dami\u00e1n Beit\u00eda<br \/>\nDT Fabi\u00e1n Gondean<br \/>\nPF Osvaldo Frapiccini<\/p>\n<p><strong>Fuente:<\/strong> Punta B\u00e1squet y Gente de B\u00e1squet.<\/p>\n","protected":false},"excerpt":{"rendered":"<p>Punta Alta y Tres Arroyos se preparan para venir al Provincial de Bah\u00eda<\/p>\n","protected":false},"author":1,"featured_media":91319,"comment_status":"closed","ping_status":"open","sticky":false,"template":"","format":"standard","meta":{"jnews-multi-image_gallery":[],"jnews_single_post":[],"jnews_primary_category":[],"footnotes":""},"categories":[428,101],"tags":[69,70,71,489,465],"class_list":["post-91317","post","type-post","status-publish","format-standard","has-post-thumbnail","hentry","category-bahiau17","category-slide","tag-bahia","tag-bahia-blanca","tag-punta-alta","tag-tres-arroyos","tag-zonal-u17"],"yoast_head":"<!-- This site is optimized with the Yoast SEO plugin v27.5 - https:\/\/yoast.com\/product\/yoast-seo-wordpress\/ -->\n<title>Zonal U17 a la vista - Gente de B\u00e1squet<\/title>\n<meta name=\"robots\" content=\"index, follow, max-snippet:-1, max-image-preview:large, max-video-preview:-1\" \/>\n<link rel=\"canonical\" href=\"https:\/\/gentedebasquet.com.ar\/sitio\/2019\/02\/27\/zonal-u17-a-la-vista\/\" \/>\n<meta property=\"og:locale\" content=\"es_ES\" \/>\n<meta property=\"og:type\" content=\"article\" \/>\n<meta property=\"og:title\" content=\"Zonal U17 a la vista - Gente de B\u00e1squet\" \/>\n<meta property=\"og:description\" content=\"Punta Alta y Tres Arroyos se preparan para venir al Provincial de Bah\u00eda\" \/>\n<meta property=\"og:url\" content=\"https:\/\/gentedebasquet.com.ar\/sitio\/2019\/02\/27\/zonal-u17-a-la-vista\/\" \/>\n<meta property=\"og:site_name\" content=\"Gente de B\u00e1squet\" \/>\n<meta property=\"article:published_time\" content=\"2019-02-27T23:12:00+00:00\" \/>\n<meta property=\"og:image\" content=\"https:\/\/gentedebasquet.com.ar\/sitio\/wp-content\/uploads\/2019\/02\/Punta-Alta-Tres-Arroyos-Zonal.jpg\" \/>\n\t<meta property=\"og:image:width\" content=\"690\" \/>\n\t<meta property=\"og:image:height\" content=\"319\" \/>\n\t<meta property=\"og:image:type\" content=\"image\/jpeg\" \/>\n<meta name=\"author\" content=\"Gente de B\u00e1squet\" \/>\n<meta name=\"twitter:card\" content=\"summary_large_image\" \/>\n<meta name=\"twitter:label1\" content=\"Escrito por\" \/>\n\t<meta name=\"twitter:data1\" content=\"Gente de B\u00e1squet\" \/>\n\t<meta name=\"twitter:label2\" content=\"Tiempo de lectura\" \/>\n\t<meta name=\"twitter:data2\" content=\"2 minutos\" \/>\n<script type=\"application\/ld+json\" class=\"yoast-schema-graph\">{\"@context\":\"https:\\\/\\\/schema.org\",\"@graph\":[{\"@type\":\"Article\",\"@id\":\"https:\\\/\\\/gentedebasquet.com.ar\\\/sitio\\\/2019\\\/02\\\/27\\\/zonal-u17-a-la-vista\\\/#article\",\"isPartOf\":{\"@id\":\"https:\\\/\\\/gentedebasquet.com.ar\\\/sitio\\\/2019\\\/02\\\/27\\\/zonal-u17-a-la-vista\\\/\"},\"author\":{\"name\":\"Gente de B\u00e1squet\",\"@id\":\"https:\\\/\\\/gentedebasquet.com.ar\\\/sitio\\\/#\\\/schema\\\/person\\\/ca0b63bbb977369988a7bbbdc519943a\"},\"headline\":\"Zonal U17 a la vista\",\"datePublished\":\"2019-02-27T23:12:00+00:00\",\"mainEntityOfPage\":{\"@id\":\"https:\\\/\\\/gentedebasquet.com.ar\\\/sitio\\\/2019\\\/02\\\/27\\\/zonal-u17-a-la-vista\\\/\"},\"wordCount\":344,\"image\":{\"@id\":\"https:\\\/\\\/gentedebasquet.com.ar\\\/sitio\\\/2019\\\/02\\\/27\\\/zonal-u17-a-la-vista\\\/#primaryimage\"},\"thumbnailUrl\":\"https:\\\/\\\/gentedebasquet.com.ar\\\/sitio\\\/wp-content\\\/uploads\\\/2019\\\/02\\\/Punta-Alta-Tres-Arroyos-Zonal.jpg\",\"keywords\":[\"Bahia\",\"Bah\u00eda Blanca\",\"Punta Alta\",\"Tres Arroyos\",\"Zonal U17\"],\"articleSection\":[\"#Bah\u00edaU17\",\"Slide\"],\"inLanguage\":\"es\"},{\"@type\":\"WebPage\",\"@id\":\"https:\\\/\\\/gentedebasquet.com.ar\\\/sitio\\\/2019\\\/02\\\/27\\\/zonal-u17-a-la-vista\\\/\",\"url\":\"https:\\\/\\\/gentedebasquet.com.ar\\\/sitio\\\/2019\\\/02\\\/27\\\/zonal-u17-a-la-vista\\\/\",\"name\":\"Zonal U17 a la vista - Gente de B\u00e1squet\",\"isPartOf\":{\"@id\":\"https:\\\/\\\/gentedebasquet.com.ar\\\/sitio\\\/#website\"},\"primaryImageOfPage\":{\"@id\":\"https:\\\/\\\/gentedebasquet.com.ar\\\/sitio\\\/2019\\\/02\\\/27\\\/zonal-u17-a-la-vista\\\/#primaryimage\"},\"image\":{\"@id\":\"https:\\\/\\\/gentedebasquet.com.ar\\\/sitio\\\/2019\\\/02\\\/27\\\/zonal-u17-a-la-vista\\\/#primaryimage\"},\"thumbnailUrl\":\"https:\\\/\\\/gentedebasquet.com.ar\\\/sitio\\\/wp-content\\\/uploads\\\/2019\\\/02\\\/Punta-Alta-Tres-Arroyos-Zonal.jpg\",\"datePublished\":\"2019-02-27T23:12:00+00:00\",\"author\":{\"@id\":\"https:\\\/\\\/gentedebasquet.com.ar\\\/sitio\\\/#\\\/schema\\\/person\\\/ca0b63bbb977369988a7bbbdc519943a\"},\"breadcrumb\":{\"@id\":\"https:\\\/\\\/gentedebasquet.com.ar\\\/sitio\\\/2019\\\/02\\\/27\\\/zonal-u17-a-la-vista\\\/#breadcrumb\"},\"inLanguage\":\"es\",\"potentialAction\":[{\"@type\":\"ReadAction\",\"target\":[\"https:\\\/\\\/gentedebasquet.com.ar\\\/sitio\\\/2019\\\/02\\\/27\\\/zonal-u17-a-la-vista\\\/\"]}]},{\"@type\":\"ImageObject\",\"inLanguage\":\"es\",\"@id\":\"https:\\\/\\\/gentedebasquet.com.ar\\\/sitio\\\/2019\\\/02\\\/27\\\/zonal-u17-a-la-vista\\\/#primaryimage\",\"url\":\"https:\\\/\\\/gentedebasquet.com.ar\\\/sitio\\\/wp-content\\\/uploads\\\/2019\\\/02\\\/Punta-Alta-Tres-Arroyos-Zonal.jpg\",\"contentUrl\":\"https:\\\/\\\/gentedebasquet.com.ar\\\/sitio\\\/wp-content\\\/uploads\\\/2019\\\/02\\\/Punta-Alta-Tres-Arroyos-Zonal.jpg\",\"width\":690,\"height\":319},{\"@type\":\"BreadcrumbList\",\"@id\":\"https:\\\/\\\/gentedebasquet.com.ar\\\/sitio\\\/2019\\\/02\\\/27\\\/zonal-u17-a-la-vista\\\/#breadcrumb\",\"itemListElement\":[{\"@type\":\"ListItem\",\"position\":1,\"name\":\"Portada\",\"item\":\"https:\\\/\\\/gentedebasquet.com.ar\\\/sitio\\\/\"},{\"@type\":\"ListItem\",\"position\":2,\"name\":\"Zonal U17 a la vista\"}]},{\"@type\":\"WebSite\",\"@id\":\"https:\\\/\\\/gentedebasquet.com.ar\\\/sitio\\\/#website\",\"url\":\"https:\\\/\\\/gentedebasquet.com.ar\\\/sitio\\\/\",\"name\":\"Gente de B\u00e1squet\",\"description\":\"La revista del basquet de Bah\u00eda Blanca\",\"potentialAction\":[{\"@type\":\"SearchAction\",\"target\":{\"@type\":\"EntryPoint\",\"urlTemplate\":\"https:\\\/\\\/gentedebasquet.com.ar\\\/sitio\\\/?s={search_term_string}\"},\"query-input\":{\"@type\":\"PropertyValueSpecification\",\"valueRequired\":true,\"valueName\":\"search_term_string\"}}],\"inLanguage\":\"es\"},{\"@type\":\"Person\",\"@id\":\"https:\\\/\\\/gentedebasquet.com.ar\\\/sitio\\\/#\\\/schema\\\/person\\\/ca0b63bbb977369988a7bbbdc519943a\",\"name\":\"Gente de B\u00e1squet\",\"image\":{\"@type\":\"ImageObject\",\"inLanguage\":\"es\",\"@id\":\"https:\\\/\\\/secure.gravatar.com\\\/avatar\\\/7f2c48bdc33b30088f941fb6082e555f2874c98e20cb159d7b92b50eadfce793?s=96&d=mm&r=g\",\"url\":\"https:\\\/\\\/secure.gravatar.com\\\/avatar\\\/7f2c48bdc33b30088f941fb6082e555f2874c98e20cb159d7b92b50eadfce793?s=96&d=mm&r=g\",\"contentUrl\":\"https:\\\/\\\/secure.gravatar.com\\\/avatar\\\/7f2c48bdc33b30088f941fb6082e555f2874c98e20cb159d7b92b50eadfce793?s=96&d=mm&r=g\",\"caption\":\"Gente de B\u00e1squet\"},\"sameAs\":[\"http:\\\/\\\/gentedebasquet.com.ar\\\/sitio\"],\"url\":\"https:\\\/\\\/gentedebasquet.com.ar\\\/sitio\\\/author\\\/ulises\\\/\"}]}<\/script>\n<!-- \/ Yoast SEO plugin. -->","yoast_head_json":{"title":"Zonal U17 a la vista - Gente de B\u00e1squet","robots":{"index":"index","follow":"follow","max-snippet":"max-snippet:-1","max-image-preview":"max-image-preview:large","max-video-preview":"max-video-preview:-1"},"canonical":"https:\/\/gentedebasquet.com.ar\/sitio\/2019\/02\/27\/zonal-u17-a-la-vista\/","og_locale":"es_ES","og_type":"article","og_title":"Zonal U17 a la vista - Gente de B\u00e1squet","og_description":"Punta Alta y Tres Arroyos se preparan para venir al Provincial de Bah\u00eda","og_url":"https:\/\/gentedebasquet.com.ar\/sitio\/2019\/02\/27\/zonal-u17-a-la-vista\/","og_site_name":"Gente de B\u00e1squet","article_published_time":"2019-02-27T23:12:00+00:00","og_image":[{"width":690,"height":319,"url":"https:\/\/gentedebasquet.com.ar\/sitio\/wp-content\/uploads\/2019\/02\/Punta-Alta-Tres-Arroyos-Zonal.jpg","type":"image\/jpeg"}],"author":"Gente de B\u00e1squet","twitter_card":"summary_large_image","twitter_misc":{"Escrito por":"Gente de B\u00e1squet","Tiempo de lectura":"2 minutos"},"schema":{"@context":"https:\/\/schema.org","@graph":[{"@type":"Article","@id":"https:\/\/gentedebasquet.com.ar\/sitio\/2019\/02\/27\/zonal-u17-a-la-vista\/#article","isPartOf":{"@id":"https:\/\/gentedebasquet.com.ar\/sitio\/2019\/02\/27\/zonal-u17-a-la-vista\/"},"author":{"name":"Gente de B\u00e1squet","@id":"https:\/\/gentedebasquet.com.ar\/sitio\/#\/schema\/person\/ca0b63bbb977369988a7bbbdc519943a"},"headline":"Zonal U17 a la vista","datePublished":"2019-02-27T23:12:00+00:00","mainEntityOfPage":{"@id":"https:\/\/gentedebasquet.com.ar\/sitio\/2019\/02\/27\/zonal-u17-a-la-vista\/"},"wordCount":344,"image":{"@id":"https:\/\/gentedebasquet.com.ar\/sitio\/2019\/02\/27\/zonal-u17-a-la-vista\/#primaryimage"},"thumbnailUrl":"https:\/\/gentedebasquet.com.ar\/sitio\/wp-content\/uploads\/2019\/02\/Punta-Alta-Tres-Arroyos-Zonal.jpg","keywords":["Bahia","Bah\u00eda Blanca","Punta Alta","Tres Arroyos","Zonal U17"],"articleSection":["#Bah\u00edaU17","Slide"],"inLanguage":"es"},{"@type":"WebPage","@id":"https:\/\/gentedebasquet.com.ar\/sitio\/2019\/02\/27\/zonal-u17-a-la-vista\/","url":"https:\/\/gentedebasquet.com.ar\/sitio\/2019\/02\/27\/zonal-u17-a-la-vista\/","name":"Zonal U17 a la vista - Gente de B\u00e1squet","isPartOf":{"@id":"https:\/\/gentedebasquet.com.ar\/sitio\/#website"},"primaryImageOfPage":{"@id":"https:\/\/gentedebasquet.com.ar\/sitio\/2019\/02\/27\/zonal-u17-a-la-vista\/#primaryimage"},"image":{"@id":"https:\/\/gentedebasquet.com.ar\/sitio\/2019\/02\/27\/zonal-u17-a-la-vista\/#primaryimage"},"thumbnailUrl":"https:\/\/gentedebasquet.com.ar\/sitio\/wp-content\/uploads\/2019\/02\/Punta-Alta-Tres-Arroyos-Zonal.jpg","datePublished":"2019-02-27T23:12:00+00:00","author":{"@id":"https:\/\/gentedebasquet.com.ar\/sitio\/#\/schema\/person\/ca0b63bbb977369988a7bbbdc519943a"},"breadcrumb":{"@id":"https:\/\/gentedebasquet.com.ar\/sitio\/2019\/02\/27\/zonal-u17-a-la-vista\/#breadcrumb"},"inLanguage":"es","potentialAction":[{"@type":"ReadAction","target":["https:\/\/gentedebasquet.com.ar\/sitio\/2019\/02\/27\/zonal-u17-a-la-vista\/"]}]},{"@type":"ImageObject","inLanguage":"es","@id":"https:\/\/gentedebasquet.com.ar\/sitio\/2019\/02\/27\/zonal-u17-a-la-vista\/#primaryimage","url":"https:\/\/gentedebasquet.com.ar\/sitio\/wp-content\/uploads\/2019\/02\/Punta-Alta-Tres-Arroyos-Zonal.jpg","contentUrl":"https:\/\/gentedebasquet.com.ar\/sitio\/wp-content\/uploads\/2019\/02\/Punta-Alta-Tres-Arroyos-Zonal.jpg","width":690,"height":319},{"@type":"BreadcrumbList","@id":"https:\/\/gentedebasquet.com.ar\/sitio\/2019\/02\/27\/zonal-u17-a-la-vista\/#breadcrumb","itemListElement":[{"@type":"ListItem","position":1,"name":"Portada","item":"https:\/\/gentedebasquet.com.ar\/sitio\/"},{"@type":"ListItem","position":2,"name":"Zonal U17 a la vista"}]},{"@type":"WebSite","@id":"https:\/\/gentedebasquet.com.ar\/sitio\/#website","url":"https:\/\/gentedebasquet.com.ar\/sitio\/","name":"Gente de B\u00e1squet","description":"La revista del basquet de Bah\u00eda Blanca","potentialAction":[{"@type":"SearchAction","target":{"@type":"EntryPoint","urlTemplate":"https:\/\/gentedebasquet.com.ar\/sitio\/?s={search_term_string}"},"query-input":{"@type":"PropertyValueSpecification","valueRequired":true,"valueName":"search_term_string"}}],"inLanguage":"es"},{"@type":"Person","@id":"https:\/\/gentedebasquet.com.ar\/sitio\/#\/schema\/person\/ca0b63bbb977369988a7bbbdc519943a","name":"Gente de B\u00e1squet","image":{"@type":"ImageObject","inLanguage":"es","@id":"https:\/\/secure.gravatar.com\/avatar\/7f2c48bdc33b30088f941fb6082e555f2874c98e20cb159d7b92b50eadfce793?s=96&d=mm&r=g","url":"https:\/\/secure.gravatar.com\/avatar\/7f2c48bdc33b30088f941fb6082e555f2874c98e20cb159d7b92b50eadfce793?s=96&d=mm&r=g","contentUrl":"https:\/\/secure.gravatar.com\/avatar\/7f2c48bdc33b30088f941fb6082e555f2874c98e20cb159d7b92b50eadfce793?s=96&d=mm&r=g","caption":"Gente de B\u00e1squet"},"sameAs":["http:\/\/gentedebasquet.com.ar\/sitio"],"url":"https:\/\/gentedebasquet.com.ar\/sitio\/author\/ulises\/"}]}},"_links":{"self":[{"href":"https:\/\/gentedebasquet.com.ar\/sitio\/wp-json\/wp\/v2\/posts\/91317","targetHints":{"allow":["GET"]}}],"collection":[{"href":"https:\/\/gentedebasquet.com.ar\/sitio\/wp-json\/wp\/v2\/posts"}],"about":[{"href":"https:\/\/gentedebasquet.com.ar\/sitio\/wp-json\/wp\/v2\/types\/post"}],"author":[{"embeddable":true,"href":"https:\/\/gentedebasquet.com.ar\/sitio\/wp-json\/wp\/v2\/users\/1"}],"replies":[{"embeddable":true,"href":"https:\/\/gentedebasquet.com.ar\/sitio\/wp-json\/wp\/v2\/comments?post=91317"}],"version-history":[{"count":0,"href":"https:\/\/gentedebasquet.com.ar\/sitio\/wp-json\/wp\/v2\/posts\/91317\/revisions"}],"wp:featuredmedia":[{"embeddable":true,"href":"https:\/\/gentedebasquet.com.ar\/sitio\/wp-json\/wp\/v2\/media\/91319"}],"wp:attachment":[{"href":"https:\/\/gentedebasquet.com.ar\/sitio\/wp-json\/wp\/v2\/media?parent=91317"}],"wp:term":[{"taxonomy":"category","embeddable":true,"href":"https:\/\/gentedebasquet.com.ar\/sitio\/wp-json\/wp\/v2\/categories?post=91317"},{"taxonomy":"post_tag","embeddable":true,"href":"https:\/\/gentedebasquet.com.ar\/sitio\/wp-json\/wp\/v2\/tags?post=91317"}],"curies":[{"name":"wp","href":"https:\/\/api.w.org\/{rel}","templated":true}]}}