{"id":91330,"date":"2019-02-28T14:30:33","date_gmt":"2019-02-28T17:30:33","guid":{"rendered":"http:\/\/www.gentedebasquet.com.ar\/?p=91330"},"modified":"2019-02-28T14:30:33","modified_gmt":"2019-02-28T17:30:33","slug":"entrenan-las-infantiles","status":"publish","type":"post","link":"https:\/\/gentedebasquet.com.ar\/sitio\/2019\/02\/28\/entrenan-las-infantiles\/","title":{"rendered":"Entrenan las Infantiles"},"content":{"rendered":"<p><strong>Al mando de Georgina Fornetti comenz\u00f3 a entrenar este jueves, en el Osvaldo Casanova del Club Estudiantes, la preselecci\u00f3n femenina U15 de Bah\u00eda Blanca.\u00a0<\/strong><\/p>\n<p><strong>Hay 19 jugadoras citadas, de los clubes Pac\u00edfico, El Nacional, Estudiantes, 9 de Julio y Comercial.<\/strong><\/p>\n<p><strong>El Provincial se jugar\u00e1 del 5 al 7 de abril en sede a definir, aunque <a href=\"http:\/\/www.gentedebasquet.com.ar\/provinciales-definidos\/\" target=\"_blank\" rel=\"noopener\">con el cambio de esquema<\/a>, Bah\u00eda deber\u00e1 buscar la clasificaci\u00f3n disputando el Zonal (16 y 17 de marzo) ante Tres Arroyos.<\/strong><\/p>\n<p><strong>El a\u00f1o pasado, las Infantiles <a href=\"http:\/\/www.gentedebasquet.com.ar\/bahia-no-pudo-con-el-local\/\" target=\"_blank\" rel=\"noopener\">fueron subcampeonas <\/a>de Olavarr\u00eda.<\/strong><\/p>\n<p>&nbsp;<\/p>\n<h5>PRESELECCI\u00d3N U15 FEMENINA &#8211; BAH\u00cdA BLANCA<\/h5>\n<div class=\"text_exposed_show\">\n<p>Josefina Rodr\u00edguez (Estudiantes)<br \/>\nJulieta Fitterer (Estudiantes)<br \/>\nVioleta Del Molino (Estudiantes)<br \/>\nMirari Souvill\u00e9 (Estudiantes)<br \/>\nValentina Rompani (Pac\u00edfico)<br \/>\nJuliana Salvarezza (Pac\u00edfico)<br \/>\nJuliana Martinelli (Pac\u00edfico)<br \/>\nJosefina Ducournau (Pac\u00edfico)<br \/>\nBianca Cragno (Pac\u00edfico)<br \/>\nCandela Ubach (El Nacional)<br \/>\nGuadalupe Labado (El Nacional)<br \/>\nJazm\u00edn Ru\u00edz (El Nacional)<br \/>\nJosefina Conca (El Nacional)<br \/>\nJulia Guardiola (El Nacional)<br \/>\nValentina Torres (9 de Julio)<br \/>\nPaloma Fern\u00e1ndez (9 de Julio)<br \/>\nLudmila Ogerstchnigg (Comercial)<br \/>\nJosefina Mudel (9 de Julio)<br \/>\nMilagros Cisneros (9 de Julio)<br \/>\nDT Georgina Fornetti<br \/>\nAT Vivina Albizu<br \/>\nPF V\u00edctor Bustamante<\/p>\n<blockquote class=\"twitter-tweet\" data-lang=\"es\">\n<p dir=\"ltr\" lang=\"es\">En el club <a href=\"https:\/\/twitter.com\/CEstudiantes_BB?ref_src=twsrc%5Etfw\">@CEstudiantes_BB<\/a> y de la mano de <a href=\"https:\/\/twitter.com\/Choorchi?ref_src=twsrc%5Etfw\">@Choorchi<\/a> Fornetti, comenz\u00f3 a entrenar la Preselecci\u00f3n U15 <a href=\"https:\/\/twitter.com\/hashtag\/Femenina?src=hash&amp;ref_src=twsrc%5Etfw\">#Femenina<\/a> de <a href=\"https:\/\/twitter.com\/hashtag\/Bah%C3%ADa?src=hash&amp;ref_src=twsrc%5Etfw\">#Bah\u00eda<\/a>.<\/p>\n<p>\ud83d\udc49 <a href=\"https:\/\/t.co\/Ysx8McBYhz\">https:\/\/t.co\/Ysx8McBYhz<\/a> <a href=\"https:\/\/t.co\/Mg77KKNae2\">pic.twitter.com\/Mg77KKNae2<\/a><\/p>\n<p>\u2014 Gente de B\u00e1squet (@GenteDeBasquet) <a href=\"https:\/\/twitter.com\/GenteDeBasquet\/status\/1101177482705813505?ref_src=twsrc%5Etfw\">28 de febrero de 2019<\/a><\/p><\/blockquote>\n<p><script async src=\"https:\/\/platform.twitter.com\/widgets.js\" charset=\"utf-8\"><\/script><\/p>\n<h5>PRESELECCI\u00d3N U15 FEMENINA &#8211; TRES ARROYOS<\/h5>\n<p>Azul Rodr\u00edguez (Club de Pelota)<br \/>\nLucero Gastelu (Club de Pelota)<br \/>\nLucero Menna (Club de Pelota)<br \/>\nOrnella Blanco (Club de Pelota)<br \/>\nLola Piovani (Club de Pelota)<br \/>\nDelfina Ju\u00e1rez (Club de Pelota)<br \/>\nCelina Amado (Club de Pelota)<br \/>\nMartina Caparr\u00f3z (Club de Pelota)<br \/>\nMar\u00eda Jos\u00e9 Franco (Argentino Junior)<br \/>\nOlivia Guti\u00e9rrez (Hurac\u00e1n)<br \/>\nCamila Dom\u00ednguez (Sports Club)<br \/>\nLucia G\u00f3mez (Recreativo Claromec\u00f3)<br \/>\nMartina Lavarini (Recreativo Claromec\u00f3)<br \/>\nAntonella Defrieri (Recreativo Claromec\u00f3)<br \/>\nMa\u00eda Van der Host (Recreativo Claromec\u00f3)<br \/>\nLuc\u00eda Monsalvo (Argentino Junior)<br \/>\nPaloma Hermida Arnaiz (Argentino Junior)<br \/>\nDT Ra\u00fal Bianco<br \/>\nAT\u00a0Nirvana Damiani<br \/>\nPF Osvaldo Frapiccini<\/p>\n<\/div>\n","protected":false},"excerpt":{"rendered":"<p>Al mando de Georgina Fornetti comenz\u00f3 a ensayar la preselecci\u00f3n femenina U15<\/p>\n","protected":false},"author":1,"featured_media":91336,"comment_status":"closed","ping_status":"open","sticky":false,"template":"","format":"standard","meta":{"jnews-multi-image_gallery":[],"jnews_single_post":[],"jnews_primary_category":[],"footnotes":""},"categories":[59,247,101],"tags":[69,70,1745,248,1611],"class_list":["post-91330","post","type-post","status-publish","format-standard","has-post-thumbnail","hentry","category-bahia-2","category-bahiau15","category-slide","tag-bahia","tag-bahia-blanca","tag-georgina-fornetti","tag-provincial-u15","tag-zonal-u15"],"yoast_head":"<!-- This site is optimized with the Yoast SEO plugin v27.5 - https:\/\/yoast.com\/product\/yoast-seo-wordpress\/ -->\n<title>Entrenan las Infantiles - Gente de B\u00e1squet<\/title>\n<meta name=\"robots\" content=\"index, follow, max-snippet:-1, max-image-preview:large, max-video-preview:-1\" \/>\n<link rel=\"canonical\" href=\"https:\/\/gentedebasquet.com.ar\/sitio\/2019\/02\/28\/entrenan-las-infantiles\/\" \/>\n<meta property=\"og:locale\" content=\"es_ES\" \/>\n<meta property=\"og:type\" content=\"article\" \/>\n<meta property=\"og:title\" content=\"Entrenan las Infantiles - Gente de B\u00e1squet\" \/>\n<meta property=\"og:description\" content=\"Al mando de Georgina Fornetti comenz\u00f3 a ensayar la preselecci\u00f3n femenina U15\" \/>\n<meta property=\"og:url\" content=\"https:\/\/gentedebasquet.com.ar\/sitio\/2019\/02\/28\/entrenan-las-infantiles\/\" \/>\n<meta property=\"og:site_name\" content=\"Gente de B\u00e1squet\" \/>\n<meta property=\"article:published_time\" content=\"2019-02-28T17:30:33+00:00\" \/>\n<meta property=\"og:image\" content=\"https:\/\/gentedebasquet.com.ar\/sitio\/wp-content\/uploads\/2019\/02\/Bahia-U15-Femenino-2019.jpg\" \/>\n\t<meta property=\"og:image:width\" content=\"690\" \/>\n\t<meta property=\"og:image:height\" content=\"319\" \/>\n\t<meta property=\"og:image:type\" content=\"image\/jpeg\" \/>\n<meta name=\"author\" content=\"Gente de B\u00e1squet\" \/>\n<meta name=\"twitter:card\" content=\"summary_large_image\" \/>\n<meta name=\"twitter:label1\" content=\"Escrito por\" \/>\n\t<meta name=\"twitter:data1\" content=\"Gente de B\u00e1squet\" \/>\n\t<meta name=\"twitter:label2\" content=\"Tiempo de lectura\" \/>\n\t<meta name=\"twitter:data2\" content=\"2 minutos\" \/>\n<script type=\"application\/ld+json\" class=\"yoast-schema-graph\">{\"@context\":\"https:\\\/\\\/schema.org\",\"@graph\":[{\"@type\":\"Article\",\"@id\":\"https:\\\/\\\/gentedebasquet.com.ar\\\/sitio\\\/2019\\\/02\\\/28\\\/entrenan-las-infantiles\\\/#article\",\"isPartOf\":{\"@id\":\"https:\\\/\\\/gentedebasquet.com.ar\\\/sitio\\\/2019\\\/02\\\/28\\\/entrenan-las-infantiles\\\/\"},\"author\":{\"name\":\"Gente de B\u00e1squet\",\"@id\":\"https:\\\/\\\/gentedebasquet.com.ar\\\/sitio\\\/#\\\/schema\\\/person\\\/ca0b63bbb977369988a7bbbdc519943a\"},\"headline\":\"Entrenan las Infantiles\",\"datePublished\":\"2019-02-28T17:30:33+00:00\",\"mainEntityOfPage\":{\"@id\":\"https:\\\/\\\/gentedebasquet.com.ar\\\/sitio\\\/2019\\\/02\\\/28\\\/entrenan-las-infantiles\\\/\"},\"wordCount\":331,\"image\":{\"@id\":\"https:\\\/\\\/gentedebasquet.com.ar\\\/sitio\\\/2019\\\/02\\\/28\\\/entrenan-las-infantiles\\\/#primaryimage\"},\"thumbnailUrl\":\"https:\\\/\\\/gentedebasquet.com.ar\\\/sitio\\\/wp-content\\\/uploads\\\/2019\\\/02\\\/Bahia-U15-Femenino-2019.jpg\",\"keywords\":[\"Bahia\",\"Bah\u00eda Blanca\",\"Georgina Fornetti\",\"Provincial U15\",\"Zonal U15\"],\"articleSection\":[\"#Bah\u00eda\",\"#Bah\u00edaU15\",\"Slide\"],\"inLanguage\":\"es\"},{\"@type\":\"WebPage\",\"@id\":\"https:\\\/\\\/gentedebasquet.com.ar\\\/sitio\\\/2019\\\/02\\\/28\\\/entrenan-las-infantiles\\\/\",\"url\":\"https:\\\/\\\/gentedebasquet.com.ar\\\/sitio\\\/2019\\\/02\\\/28\\\/entrenan-las-infantiles\\\/\",\"name\":\"Entrenan las Infantiles - Gente de B\u00e1squet\",\"isPartOf\":{\"@id\":\"https:\\\/\\\/gentedebasquet.com.ar\\\/sitio\\\/#website\"},\"primaryImageOfPage\":{\"@id\":\"https:\\\/\\\/gentedebasquet.com.ar\\\/sitio\\\/2019\\\/02\\\/28\\\/entrenan-las-infantiles\\\/#primaryimage\"},\"image\":{\"@id\":\"https:\\\/\\\/gentedebasquet.com.ar\\\/sitio\\\/2019\\\/02\\\/28\\\/entrenan-las-infantiles\\\/#primaryimage\"},\"thumbnailUrl\":\"https:\\\/\\\/gentedebasquet.com.ar\\\/sitio\\\/wp-content\\\/uploads\\\/2019\\\/02\\\/Bahia-U15-Femenino-2019.jpg\",\"datePublished\":\"2019-02-28T17:30:33+00:00\",\"author\":{\"@id\":\"https:\\\/\\\/gentedebasquet.com.ar\\\/sitio\\\/#\\\/schema\\\/person\\\/ca0b63bbb977369988a7bbbdc519943a\"},\"breadcrumb\":{\"@id\":\"https:\\\/\\\/gentedebasquet.com.ar\\\/sitio\\\/2019\\\/02\\\/28\\\/entrenan-las-infantiles\\\/#breadcrumb\"},\"inLanguage\":\"es\",\"potentialAction\":[{\"@type\":\"ReadAction\",\"target\":[\"https:\\\/\\\/gentedebasquet.com.ar\\\/sitio\\\/2019\\\/02\\\/28\\\/entrenan-las-infantiles\\\/\"]}]},{\"@type\":\"ImageObject\",\"inLanguage\":\"es\",\"@id\":\"https:\\\/\\\/gentedebasquet.com.ar\\\/sitio\\\/2019\\\/02\\\/28\\\/entrenan-las-infantiles\\\/#primaryimage\",\"url\":\"https:\\\/\\\/gentedebasquet.com.ar\\\/sitio\\\/wp-content\\\/uploads\\\/2019\\\/02\\\/Bahia-U15-Femenino-2019.jpg\",\"contentUrl\":\"https:\\\/\\\/gentedebasquet.com.ar\\\/sitio\\\/wp-content\\\/uploads\\\/2019\\\/02\\\/Bahia-U15-Femenino-2019.jpg\",\"width\":690,\"height\":319},{\"@type\":\"BreadcrumbList\",\"@id\":\"https:\\\/\\\/gentedebasquet.com.ar\\\/sitio\\\/2019\\\/02\\\/28\\\/entrenan-las-infantiles\\\/#breadcrumb\",\"itemListElement\":[{\"@type\":\"ListItem\",\"position\":1,\"name\":\"Portada\",\"item\":\"https:\\\/\\\/gentedebasquet.com.ar\\\/sitio\\\/\"},{\"@type\":\"ListItem\",\"position\":2,\"name\":\"Entrenan las Infantiles\"}]},{\"@type\":\"WebSite\",\"@id\":\"https:\\\/\\\/gentedebasquet.com.ar\\\/sitio\\\/#website\",\"url\":\"https:\\\/\\\/gentedebasquet.com.ar\\\/sitio\\\/\",\"name\":\"Gente de B\u00e1squet\",\"description\":\"La revista del basquet de Bah\u00eda Blanca\",\"potentialAction\":[{\"@type\":\"SearchAction\",\"target\":{\"@type\":\"EntryPoint\",\"urlTemplate\":\"https:\\\/\\\/gentedebasquet.com.ar\\\/sitio\\\/?s={search_term_string}\"},\"query-input\":{\"@type\":\"PropertyValueSpecification\",\"valueRequired\":true,\"valueName\":\"search_term_string\"}}],\"inLanguage\":\"es\"},{\"@type\":\"Person\",\"@id\":\"https:\\\/\\\/gentedebasquet.com.ar\\\/sitio\\\/#\\\/schema\\\/person\\\/ca0b63bbb977369988a7bbbdc519943a\",\"name\":\"Gente de B\u00e1squet\",\"image\":{\"@type\":\"ImageObject\",\"inLanguage\":\"es\",\"@id\":\"https:\\\/\\\/secure.gravatar.com\\\/avatar\\\/7f2c48bdc33b30088f941fb6082e555f2874c98e20cb159d7b92b50eadfce793?s=96&d=mm&r=g\",\"url\":\"https:\\\/\\\/secure.gravatar.com\\\/avatar\\\/7f2c48bdc33b30088f941fb6082e555f2874c98e20cb159d7b92b50eadfce793?s=96&d=mm&r=g\",\"contentUrl\":\"https:\\\/\\\/secure.gravatar.com\\\/avatar\\\/7f2c48bdc33b30088f941fb6082e555f2874c98e20cb159d7b92b50eadfce793?s=96&d=mm&r=g\",\"caption\":\"Gente de B\u00e1squet\"},\"sameAs\":[\"http:\\\/\\\/gentedebasquet.com.ar\\\/sitio\"],\"url\":\"https:\\\/\\\/gentedebasquet.com.ar\\\/sitio\\\/author\\\/ulises\\\/\"}]}<\/script>\n<!-- \/ Yoast SEO plugin. -->","yoast_head_json":{"title":"Entrenan las Infantiles - Gente de B\u00e1squet","robots":{"index":"index","follow":"follow","max-snippet":"max-snippet:-1","max-image-preview":"max-image-preview:large","max-video-preview":"max-video-preview:-1"},"canonical":"https:\/\/gentedebasquet.com.ar\/sitio\/2019\/02\/28\/entrenan-las-infantiles\/","og_locale":"es_ES","og_type":"article","og_title":"Entrenan las Infantiles - Gente de B\u00e1squet","og_description":"Al mando de Georgina Fornetti comenz\u00f3 a ensayar la preselecci\u00f3n femenina U15","og_url":"https:\/\/gentedebasquet.com.ar\/sitio\/2019\/02\/28\/entrenan-las-infantiles\/","og_site_name":"Gente de B\u00e1squet","article_published_time":"2019-02-28T17:30:33+00:00","og_image":[{"width":690,"height":319,"url":"https:\/\/gentedebasquet.com.ar\/sitio\/wp-content\/uploads\/2019\/02\/Bahia-U15-Femenino-2019.jpg","type":"image\/jpeg"}],"author":"Gente de B\u00e1squet","twitter_card":"summary_large_image","twitter_misc":{"Escrito por":"Gente de B\u00e1squet","Tiempo de lectura":"2 minutos"},"schema":{"@context":"https:\/\/schema.org","@graph":[{"@type":"Article","@id":"https:\/\/gentedebasquet.com.ar\/sitio\/2019\/02\/28\/entrenan-las-infantiles\/#article","isPartOf":{"@id":"https:\/\/gentedebasquet.com.ar\/sitio\/2019\/02\/28\/entrenan-las-infantiles\/"},"author":{"name":"Gente de B\u00e1squet","@id":"https:\/\/gentedebasquet.com.ar\/sitio\/#\/schema\/person\/ca0b63bbb977369988a7bbbdc519943a"},"headline":"Entrenan las Infantiles","datePublished":"2019-02-28T17:30:33+00:00","mainEntityOfPage":{"@id":"https:\/\/gentedebasquet.com.ar\/sitio\/2019\/02\/28\/entrenan-las-infantiles\/"},"wordCount":331,"image":{"@id":"https:\/\/gentedebasquet.com.ar\/sitio\/2019\/02\/28\/entrenan-las-infantiles\/#primaryimage"},"thumbnailUrl":"https:\/\/gentedebasquet.com.ar\/sitio\/wp-content\/uploads\/2019\/02\/Bahia-U15-Femenino-2019.jpg","keywords":["Bahia","Bah\u00eda Blanca","Georgina Fornetti","Provincial U15","Zonal U15"],"articleSection":["#Bah\u00eda","#Bah\u00edaU15","Slide"],"inLanguage":"es"},{"@type":"WebPage","@id":"https:\/\/gentedebasquet.com.ar\/sitio\/2019\/02\/28\/entrenan-las-infantiles\/","url":"https:\/\/gentedebasquet.com.ar\/sitio\/2019\/02\/28\/entrenan-las-infantiles\/","name":"Entrenan las Infantiles - Gente de B\u00e1squet","isPartOf":{"@id":"https:\/\/gentedebasquet.com.ar\/sitio\/#website"},"primaryImageOfPage":{"@id":"https:\/\/gentedebasquet.com.ar\/sitio\/2019\/02\/28\/entrenan-las-infantiles\/#primaryimage"},"image":{"@id":"https:\/\/gentedebasquet.com.ar\/sitio\/2019\/02\/28\/entrenan-las-infantiles\/#primaryimage"},"thumbnailUrl":"https:\/\/gentedebasquet.com.ar\/sitio\/wp-content\/uploads\/2019\/02\/Bahia-U15-Femenino-2019.jpg","datePublished":"2019-02-28T17:30:33+00:00","author":{"@id":"https:\/\/gentedebasquet.com.ar\/sitio\/#\/schema\/person\/ca0b63bbb977369988a7bbbdc519943a"},"breadcrumb":{"@id":"https:\/\/gentedebasquet.com.ar\/sitio\/2019\/02\/28\/entrenan-las-infantiles\/#breadcrumb"},"inLanguage":"es","potentialAction":[{"@type":"ReadAction","target":["https:\/\/gentedebasquet.com.ar\/sitio\/2019\/02\/28\/entrenan-las-infantiles\/"]}]},{"@type":"ImageObject","inLanguage":"es","@id":"https:\/\/gentedebasquet.com.ar\/sitio\/2019\/02\/28\/entrenan-las-infantiles\/#primaryimage","url":"https:\/\/gentedebasquet.com.ar\/sitio\/wp-content\/uploads\/2019\/02\/Bahia-U15-Femenino-2019.jpg","contentUrl":"https:\/\/gentedebasquet.com.ar\/sitio\/wp-content\/uploads\/2019\/02\/Bahia-U15-Femenino-2019.jpg","width":690,"height":319},{"@type":"BreadcrumbList","@id":"https:\/\/gentedebasquet.com.ar\/sitio\/2019\/02\/28\/entrenan-las-infantiles\/#breadcrumb","itemListElement":[{"@type":"ListItem","position":1,"name":"Portada","item":"https:\/\/gentedebasquet.com.ar\/sitio\/"},{"@type":"ListItem","position":2,"name":"Entrenan las Infantiles"}]},{"@type":"WebSite","@id":"https:\/\/gentedebasquet.com.ar\/sitio\/#website","url":"https:\/\/gentedebasquet.com.ar\/sitio\/","name":"Gente de B\u00e1squet","description":"La revista del basquet de Bah\u00eda Blanca","potentialAction":[{"@type":"SearchAction","target":{"@type":"EntryPoint","urlTemplate":"https:\/\/gentedebasquet.com.ar\/sitio\/?s={search_term_string}"},"query-input":{"@type":"PropertyValueSpecification","valueRequired":true,"valueName":"search_term_string"}}],"inLanguage":"es"},{"@type":"Person","@id":"https:\/\/gentedebasquet.com.ar\/sitio\/#\/schema\/person\/ca0b63bbb977369988a7bbbdc519943a","name":"Gente de B\u00e1squet","image":{"@type":"ImageObject","inLanguage":"es","@id":"https:\/\/secure.gravatar.com\/avatar\/7f2c48bdc33b30088f941fb6082e555f2874c98e20cb159d7b92b50eadfce793?s=96&d=mm&r=g","url":"https:\/\/secure.gravatar.com\/avatar\/7f2c48bdc33b30088f941fb6082e555f2874c98e20cb159d7b92b50eadfce793?s=96&d=mm&r=g","contentUrl":"https:\/\/secure.gravatar.com\/avatar\/7f2c48bdc33b30088f941fb6082e555f2874c98e20cb159d7b92b50eadfce793?s=96&d=mm&r=g","caption":"Gente de B\u00e1squet"},"sameAs":["http:\/\/gentedebasquet.com.ar\/sitio"],"url":"https:\/\/gentedebasquet.com.ar\/sitio\/author\/ulises\/"}]}},"_links":{"self":[{"href":"https:\/\/gentedebasquet.com.ar\/sitio\/wp-json\/wp\/v2\/posts\/91330","targetHints":{"allow":["GET"]}}],"collection":[{"href":"https:\/\/gentedebasquet.com.ar\/sitio\/wp-json\/wp\/v2\/posts"}],"about":[{"href":"https:\/\/gentedebasquet.com.ar\/sitio\/wp-json\/wp\/v2\/types\/post"}],"author":[{"embeddable":true,"href":"https:\/\/gentedebasquet.com.ar\/sitio\/wp-json\/wp\/v2\/users\/1"}],"replies":[{"embeddable":true,"href":"https:\/\/gentedebasquet.com.ar\/sitio\/wp-json\/wp\/v2\/comments?post=91330"}],"version-history":[{"count":0,"href":"https:\/\/gentedebasquet.com.ar\/sitio\/wp-json\/wp\/v2\/posts\/91330\/revisions"}],"wp:featuredmedia":[{"embeddable":true,"href":"https:\/\/gentedebasquet.com.ar\/sitio\/wp-json\/wp\/v2\/media\/91336"}],"wp:attachment":[{"href":"https:\/\/gentedebasquet.com.ar\/sitio\/wp-json\/wp\/v2\/media?parent=91330"}],"wp:term":[{"taxonomy":"category","embeddable":true,"href":"https:\/\/gentedebasquet.com.ar\/sitio\/wp-json\/wp\/v2\/categories?post=91330"},{"taxonomy":"post_tag","embeddable":true,"href":"https:\/\/gentedebasquet.com.ar\/sitio\/wp-json\/wp\/v2\/tags?post=91330"}],"curies":[{"name":"wp","href":"https:\/\/api.w.org\/{rel}","templated":true}]}}