{"id":91643,"date":"2019-03-22T23:56:34","date_gmt":"2019-03-23T02:56:34","guid":{"rendered":"http:\/\/www.gentedebasquet.com.ar\/?p=91643"},"modified":"2019-03-22T23:56:34","modified_gmt":"2019-03-23T02:56:34","slug":"candia-y-zanotto-son-nba","status":"publish","type":"post","link":"https:\/\/gentedebasquet.com.ar\/sitio\/2019\/03\/22\/candia-y-zanotto-son-nba\/","title":{"rendered":"Candia y Zanotto son NBA"},"content":{"rendered":"<p><strong>Santiago Candia y Mat\u00edas Zanotto fueron convocados para formar parte del Campamento Selectivo Jr. NBA, que se llevar\u00e1 a cabo del 8 al 10 de abril en el CeNARD.<\/strong><\/p>\n<p><strong>A trav\u00e9s del coordinador ejecutivo Facundo Petracci, la CABB envi\u00f3 este viernes la convocatoria de 12 jugadores y otras 12 jugadoras para dicho Campamento.<\/strong><\/p>\n<p><strong>Ambos jugadores forman parte de la <a href=\"http:\/\/www.gentedebasquet.com.ar\/el-turno-de-los-infantiles\/\" target=\"_blank\" rel=\"noopener\">Preselecci\u00f3n U15 bahiense<\/a> que se prepara para jugar el Zonal y el Provincial de la categor\u00eda. Asimismo, el interno viene de participar en la <a href=\"http:\/\/www.gentedebasquet.com.ar\/zanotto-a-la-academia\/\" target=\"_blank\" rel=\"noopener\">Academia CABB<\/a>.<\/strong><\/p>\n<p>&nbsp;<\/p>\n<h5><strong>LISTA DE CONVOCADOS<\/strong><\/h5>\n<p>Juana Amaya (Harrods, Buenos Aires)<br \/>\nLuz And\u00fajar (Wilde)<br \/>\nDelfina Cergneux\u00a0(Rocamora, Concepci\u00f3n del Uruguay)<br \/>\nAngelina Giaconne (Alba B, Maciel)<br \/>\nLara Bel\u00e9n Guglielmi (Villa del Parque)<br \/>\nDagmar Hentschel (San Andr\u00e9s)<br \/>\nAbriel Kauer (Banda Norte, R\u00edo Cuarto)<br \/>\nMar\u00eda Angelina Marchi\u00a0(Ben Hur, Rosario)<br \/>\nConstanza Marchioni (Pe\u00f1arol, Mar del Plata)<br \/>\nClara Monta\u00f1ana (Parque Sur, Concepci\u00f3n del Uruguay)<br \/>\nAbril Vernnazza (Ben Hur, Rosario)<br \/>\nMaira Villanova (Central Entrerriano, Gualeguaych\u00fa)<br \/>\nThiago Aguirrezabala (Villa Congreso, Viedma)<br \/>\nFernando Alsina (H\u00e9rcules, Corrientes)<br \/>\n<strong>Santiago Candia (Bahiense del Norte)<\/strong><br \/>\nTiago Drocezesky (Regatas, Resistencia)<br \/>\nTob\u00edas Flosi (Estudiantil Porte\u00f1o, Ramos Mej\u00eda)<br \/>\nLucas Giovanetti (Sportivo Escobar, Escobar)<br \/>\nTom\u00e1s Ortega (Germinal, Rawson)<br \/>\nCeferino Paniagua (River Plate, Buenos Aires)<br \/>\nMart\u00edn Porrchoneg (Uni\u00f3n, Crespo)<br \/>\nJuan Raspaud (Rocamora, Concepci\u00f3n del Uruguay)<br \/>\nFacundo Wolinsky (River Plate, Buenos Aires)<br \/>\n<strong>Mat\u00edas Zanotto (Bahiense del Norte)<\/strong><\/p>\n","protected":false},"excerpt":{"rendered":"<p>Fueron citados para formar parte del Campamento Selectivo Jr. NBA<\/p>\n","protected":false},"author":1,"featured_media":91645,"comment_status":"closed","ping_status":"open","sticky":false,"template":"","format":"standard","meta":{"jnews-multi-image_gallery":[],"jnews_single_post":[],"jnews_primary_category":[],"footnotes":""},"categories":[24,101],"tags":[5,1364,1733,1698],"class_list":["post-91643","post","type-post","status-publish","format-standard","has-post-thumbnail","hentry","category-overtime","category-slide","tag-bahiense-del-norte","tag-junior-nba","tag-matias-zanotto","tag-santiago-candia"],"yoast_head":"<!-- This site is optimized with the Yoast SEO plugin v27.5 - https:\/\/yoast.com\/product\/yoast-seo-wordpress\/ -->\n<title>Candia y Zanotto son NBA - Gente de B\u00e1squet<\/title>\n<meta name=\"robots\" content=\"index, follow, max-snippet:-1, max-image-preview:large, max-video-preview:-1\" \/>\n<link rel=\"canonical\" href=\"https:\/\/gentedebasquet.com.ar\/sitio\/2019\/03\/22\/candia-y-zanotto-son-nba\/\" \/>\n<meta property=\"og:locale\" content=\"es_ES\" \/>\n<meta property=\"og:type\" content=\"article\" \/>\n<meta property=\"og:title\" content=\"Candia y Zanotto son NBA - Gente de B\u00e1squet\" \/>\n<meta property=\"og:description\" content=\"Fueron citados para formar parte del Campamento Selectivo Jr. NBA\" \/>\n<meta property=\"og:url\" content=\"https:\/\/gentedebasquet.com.ar\/sitio\/2019\/03\/22\/candia-y-zanotto-son-nba\/\" \/>\n<meta property=\"og:site_name\" content=\"Gente de B\u00e1squet\" \/>\n<meta property=\"article:published_time\" content=\"2019-03-23T02:56:34+00:00\" \/>\n<meta property=\"og:image\" content=\"https:\/\/gentedebasquet.com.ar\/sitio\/wp-content\/uploads\/2019\/03\/Candia-Zanotto.jpg\" \/>\n\t<meta property=\"og:image:width\" content=\"690\" \/>\n\t<meta property=\"og:image:height\" content=\"319\" \/>\n\t<meta property=\"og:image:type\" content=\"image\/jpeg\" \/>\n<meta name=\"author\" content=\"Gente de B\u00e1squet\" \/>\n<meta name=\"twitter:card\" content=\"summary_large_image\" \/>\n<meta name=\"twitter:label1\" content=\"Escrito por\" \/>\n\t<meta name=\"twitter:data1\" content=\"Gente de B\u00e1squet\" \/>\n\t<meta name=\"twitter:label2\" content=\"Tiempo de lectura\" \/>\n\t<meta name=\"twitter:data2\" content=\"1 minuto\" \/>\n<script type=\"application\/ld+json\" class=\"yoast-schema-graph\">{\"@context\":\"https:\\\/\\\/schema.org\",\"@graph\":[{\"@type\":\"Article\",\"@id\":\"https:\\\/\\\/gentedebasquet.com.ar\\\/sitio\\\/2019\\\/03\\\/22\\\/candia-y-zanotto-son-nba\\\/#article\",\"isPartOf\":{\"@id\":\"https:\\\/\\\/gentedebasquet.com.ar\\\/sitio\\\/2019\\\/03\\\/22\\\/candia-y-zanotto-son-nba\\\/\"},\"author\":{\"name\":\"Gente de B\u00e1squet\",\"@id\":\"https:\\\/\\\/gentedebasquet.com.ar\\\/sitio\\\/#\\\/schema\\\/person\\\/ca0b63bbb977369988a7bbbdc519943a\"},\"headline\":\"Candia y Zanotto son NBA\",\"datePublished\":\"2019-03-23T02:56:34+00:00\",\"mainEntityOfPage\":{\"@id\":\"https:\\\/\\\/gentedebasquet.com.ar\\\/sitio\\\/2019\\\/03\\\/22\\\/candia-y-zanotto-son-nba\\\/\"},\"wordCount\":236,\"image\":{\"@id\":\"https:\\\/\\\/gentedebasquet.com.ar\\\/sitio\\\/2019\\\/03\\\/22\\\/candia-y-zanotto-son-nba\\\/#primaryimage\"},\"thumbnailUrl\":\"https:\\\/\\\/gentedebasquet.com.ar\\\/sitio\\\/wp-content\\\/uploads\\\/2019\\\/03\\\/Candia-Zanotto.jpg\",\"keywords\":[\"Bahiense Del Norte\",\"Junior NBA\",\"Matias Zanotto\",\"Santiago Candia\"],\"articleSection\":[\"#Overtime\",\"Slide\"],\"inLanguage\":\"es\"},{\"@type\":\"WebPage\",\"@id\":\"https:\\\/\\\/gentedebasquet.com.ar\\\/sitio\\\/2019\\\/03\\\/22\\\/candia-y-zanotto-son-nba\\\/\",\"url\":\"https:\\\/\\\/gentedebasquet.com.ar\\\/sitio\\\/2019\\\/03\\\/22\\\/candia-y-zanotto-son-nba\\\/\",\"name\":\"Candia y Zanotto son NBA - Gente de B\u00e1squet\",\"isPartOf\":{\"@id\":\"https:\\\/\\\/gentedebasquet.com.ar\\\/sitio\\\/#website\"},\"primaryImageOfPage\":{\"@id\":\"https:\\\/\\\/gentedebasquet.com.ar\\\/sitio\\\/2019\\\/03\\\/22\\\/candia-y-zanotto-son-nba\\\/#primaryimage\"},\"image\":{\"@id\":\"https:\\\/\\\/gentedebasquet.com.ar\\\/sitio\\\/2019\\\/03\\\/22\\\/candia-y-zanotto-son-nba\\\/#primaryimage\"},\"thumbnailUrl\":\"https:\\\/\\\/gentedebasquet.com.ar\\\/sitio\\\/wp-content\\\/uploads\\\/2019\\\/03\\\/Candia-Zanotto.jpg\",\"datePublished\":\"2019-03-23T02:56:34+00:00\",\"author\":{\"@id\":\"https:\\\/\\\/gentedebasquet.com.ar\\\/sitio\\\/#\\\/schema\\\/person\\\/ca0b63bbb977369988a7bbbdc519943a\"},\"breadcrumb\":{\"@id\":\"https:\\\/\\\/gentedebasquet.com.ar\\\/sitio\\\/2019\\\/03\\\/22\\\/candia-y-zanotto-son-nba\\\/#breadcrumb\"},\"inLanguage\":\"es\",\"potentialAction\":[{\"@type\":\"ReadAction\",\"target\":[\"https:\\\/\\\/gentedebasquet.com.ar\\\/sitio\\\/2019\\\/03\\\/22\\\/candia-y-zanotto-son-nba\\\/\"]}]},{\"@type\":\"ImageObject\",\"inLanguage\":\"es\",\"@id\":\"https:\\\/\\\/gentedebasquet.com.ar\\\/sitio\\\/2019\\\/03\\\/22\\\/candia-y-zanotto-son-nba\\\/#primaryimage\",\"url\":\"https:\\\/\\\/gentedebasquet.com.ar\\\/sitio\\\/wp-content\\\/uploads\\\/2019\\\/03\\\/Candia-Zanotto.jpg\",\"contentUrl\":\"https:\\\/\\\/gentedebasquet.com.ar\\\/sitio\\\/wp-content\\\/uploads\\\/2019\\\/03\\\/Candia-Zanotto.jpg\",\"width\":690,\"height\":319},{\"@type\":\"BreadcrumbList\",\"@id\":\"https:\\\/\\\/gentedebasquet.com.ar\\\/sitio\\\/2019\\\/03\\\/22\\\/candia-y-zanotto-son-nba\\\/#breadcrumb\",\"itemListElement\":[{\"@type\":\"ListItem\",\"position\":1,\"name\":\"Portada\",\"item\":\"https:\\\/\\\/gentedebasquet.com.ar\\\/sitio\\\/\"},{\"@type\":\"ListItem\",\"position\":2,\"name\":\"Candia y Zanotto son NBA\"}]},{\"@type\":\"WebSite\",\"@id\":\"https:\\\/\\\/gentedebasquet.com.ar\\\/sitio\\\/#website\",\"url\":\"https:\\\/\\\/gentedebasquet.com.ar\\\/sitio\\\/\",\"name\":\"Gente de B\u00e1squet\",\"description\":\"La revista del basquet de Bah\u00eda Blanca\",\"potentialAction\":[{\"@type\":\"SearchAction\",\"target\":{\"@type\":\"EntryPoint\",\"urlTemplate\":\"https:\\\/\\\/gentedebasquet.com.ar\\\/sitio\\\/?s={search_term_string}\"},\"query-input\":{\"@type\":\"PropertyValueSpecification\",\"valueRequired\":true,\"valueName\":\"search_term_string\"}}],\"inLanguage\":\"es\"},{\"@type\":\"Person\",\"@id\":\"https:\\\/\\\/gentedebasquet.com.ar\\\/sitio\\\/#\\\/schema\\\/person\\\/ca0b63bbb977369988a7bbbdc519943a\",\"name\":\"Gente de B\u00e1squet\",\"image\":{\"@type\":\"ImageObject\",\"inLanguage\":\"es\",\"@id\":\"https:\\\/\\\/secure.gravatar.com\\\/avatar\\\/7f2c48bdc33b30088f941fb6082e555f2874c98e20cb159d7b92b50eadfce793?s=96&d=mm&r=g\",\"url\":\"https:\\\/\\\/secure.gravatar.com\\\/avatar\\\/7f2c48bdc33b30088f941fb6082e555f2874c98e20cb159d7b92b50eadfce793?s=96&d=mm&r=g\",\"contentUrl\":\"https:\\\/\\\/secure.gravatar.com\\\/avatar\\\/7f2c48bdc33b30088f941fb6082e555f2874c98e20cb159d7b92b50eadfce793?s=96&d=mm&r=g\",\"caption\":\"Gente de B\u00e1squet\"},\"sameAs\":[\"http:\\\/\\\/gentedebasquet.com.ar\\\/sitio\"],\"url\":\"https:\\\/\\\/gentedebasquet.com.ar\\\/sitio\\\/author\\\/ulises\\\/\"}]}<\/script>\n<!-- \/ Yoast SEO plugin. -->","yoast_head_json":{"title":"Candia y Zanotto son NBA - Gente de B\u00e1squet","robots":{"index":"index","follow":"follow","max-snippet":"max-snippet:-1","max-image-preview":"max-image-preview:large","max-video-preview":"max-video-preview:-1"},"canonical":"https:\/\/gentedebasquet.com.ar\/sitio\/2019\/03\/22\/candia-y-zanotto-son-nba\/","og_locale":"es_ES","og_type":"article","og_title":"Candia y Zanotto son NBA - Gente de B\u00e1squet","og_description":"Fueron citados para formar parte del Campamento Selectivo Jr. NBA","og_url":"https:\/\/gentedebasquet.com.ar\/sitio\/2019\/03\/22\/candia-y-zanotto-son-nba\/","og_site_name":"Gente de B\u00e1squet","article_published_time":"2019-03-23T02:56:34+00:00","og_image":[{"width":690,"height":319,"url":"https:\/\/gentedebasquet.com.ar\/sitio\/wp-content\/uploads\/2019\/03\/Candia-Zanotto.jpg","type":"image\/jpeg"}],"author":"Gente de B\u00e1squet","twitter_card":"summary_large_image","twitter_misc":{"Escrito por":"Gente de B\u00e1squet","Tiempo de lectura":"1 minuto"},"schema":{"@context":"https:\/\/schema.org","@graph":[{"@type":"Article","@id":"https:\/\/gentedebasquet.com.ar\/sitio\/2019\/03\/22\/candia-y-zanotto-son-nba\/#article","isPartOf":{"@id":"https:\/\/gentedebasquet.com.ar\/sitio\/2019\/03\/22\/candia-y-zanotto-son-nba\/"},"author":{"name":"Gente de B\u00e1squet","@id":"https:\/\/gentedebasquet.com.ar\/sitio\/#\/schema\/person\/ca0b63bbb977369988a7bbbdc519943a"},"headline":"Candia y Zanotto son NBA","datePublished":"2019-03-23T02:56:34+00:00","mainEntityOfPage":{"@id":"https:\/\/gentedebasquet.com.ar\/sitio\/2019\/03\/22\/candia-y-zanotto-son-nba\/"},"wordCount":236,"image":{"@id":"https:\/\/gentedebasquet.com.ar\/sitio\/2019\/03\/22\/candia-y-zanotto-son-nba\/#primaryimage"},"thumbnailUrl":"https:\/\/gentedebasquet.com.ar\/sitio\/wp-content\/uploads\/2019\/03\/Candia-Zanotto.jpg","keywords":["Bahiense Del Norte","Junior NBA","Matias Zanotto","Santiago Candia"],"articleSection":["#Overtime","Slide"],"inLanguage":"es"},{"@type":"WebPage","@id":"https:\/\/gentedebasquet.com.ar\/sitio\/2019\/03\/22\/candia-y-zanotto-son-nba\/","url":"https:\/\/gentedebasquet.com.ar\/sitio\/2019\/03\/22\/candia-y-zanotto-son-nba\/","name":"Candia y Zanotto son NBA - Gente de B\u00e1squet","isPartOf":{"@id":"https:\/\/gentedebasquet.com.ar\/sitio\/#website"},"primaryImageOfPage":{"@id":"https:\/\/gentedebasquet.com.ar\/sitio\/2019\/03\/22\/candia-y-zanotto-son-nba\/#primaryimage"},"image":{"@id":"https:\/\/gentedebasquet.com.ar\/sitio\/2019\/03\/22\/candia-y-zanotto-son-nba\/#primaryimage"},"thumbnailUrl":"https:\/\/gentedebasquet.com.ar\/sitio\/wp-content\/uploads\/2019\/03\/Candia-Zanotto.jpg","datePublished":"2019-03-23T02:56:34+00:00","author":{"@id":"https:\/\/gentedebasquet.com.ar\/sitio\/#\/schema\/person\/ca0b63bbb977369988a7bbbdc519943a"},"breadcrumb":{"@id":"https:\/\/gentedebasquet.com.ar\/sitio\/2019\/03\/22\/candia-y-zanotto-son-nba\/#breadcrumb"},"inLanguage":"es","potentialAction":[{"@type":"ReadAction","target":["https:\/\/gentedebasquet.com.ar\/sitio\/2019\/03\/22\/candia-y-zanotto-son-nba\/"]}]},{"@type":"ImageObject","inLanguage":"es","@id":"https:\/\/gentedebasquet.com.ar\/sitio\/2019\/03\/22\/candia-y-zanotto-son-nba\/#primaryimage","url":"https:\/\/gentedebasquet.com.ar\/sitio\/wp-content\/uploads\/2019\/03\/Candia-Zanotto.jpg","contentUrl":"https:\/\/gentedebasquet.com.ar\/sitio\/wp-content\/uploads\/2019\/03\/Candia-Zanotto.jpg","width":690,"height":319},{"@type":"BreadcrumbList","@id":"https:\/\/gentedebasquet.com.ar\/sitio\/2019\/03\/22\/candia-y-zanotto-son-nba\/#breadcrumb","itemListElement":[{"@type":"ListItem","position":1,"name":"Portada","item":"https:\/\/gentedebasquet.com.ar\/sitio\/"},{"@type":"ListItem","position":2,"name":"Candia y Zanotto son NBA"}]},{"@type":"WebSite","@id":"https:\/\/gentedebasquet.com.ar\/sitio\/#website","url":"https:\/\/gentedebasquet.com.ar\/sitio\/","name":"Gente de B\u00e1squet","description":"La revista del basquet de Bah\u00eda Blanca","potentialAction":[{"@type":"SearchAction","target":{"@type":"EntryPoint","urlTemplate":"https:\/\/gentedebasquet.com.ar\/sitio\/?s={search_term_string}"},"query-input":{"@type":"PropertyValueSpecification","valueRequired":true,"valueName":"search_term_string"}}],"inLanguage":"es"},{"@type":"Person","@id":"https:\/\/gentedebasquet.com.ar\/sitio\/#\/schema\/person\/ca0b63bbb977369988a7bbbdc519943a","name":"Gente de B\u00e1squet","image":{"@type":"ImageObject","inLanguage":"es","@id":"https:\/\/secure.gravatar.com\/avatar\/7f2c48bdc33b30088f941fb6082e555f2874c98e20cb159d7b92b50eadfce793?s=96&d=mm&r=g","url":"https:\/\/secure.gravatar.com\/avatar\/7f2c48bdc33b30088f941fb6082e555f2874c98e20cb159d7b92b50eadfce793?s=96&d=mm&r=g","contentUrl":"https:\/\/secure.gravatar.com\/avatar\/7f2c48bdc33b30088f941fb6082e555f2874c98e20cb159d7b92b50eadfce793?s=96&d=mm&r=g","caption":"Gente de B\u00e1squet"},"sameAs":["http:\/\/gentedebasquet.com.ar\/sitio"],"url":"https:\/\/gentedebasquet.com.ar\/sitio\/author\/ulises\/"}]}},"_links":{"self":[{"href":"https:\/\/gentedebasquet.com.ar\/sitio\/wp-json\/wp\/v2\/posts\/91643","targetHints":{"allow":["GET"]}}],"collection":[{"href":"https:\/\/gentedebasquet.com.ar\/sitio\/wp-json\/wp\/v2\/posts"}],"about":[{"href":"https:\/\/gentedebasquet.com.ar\/sitio\/wp-json\/wp\/v2\/types\/post"}],"author":[{"embeddable":true,"href":"https:\/\/gentedebasquet.com.ar\/sitio\/wp-json\/wp\/v2\/users\/1"}],"replies":[{"embeddable":true,"href":"https:\/\/gentedebasquet.com.ar\/sitio\/wp-json\/wp\/v2\/comments?post=91643"}],"version-history":[{"count":0,"href":"https:\/\/gentedebasquet.com.ar\/sitio\/wp-json\/wp\/v2\/posts\/91643\/revisions"}],"wp:featuredmedia":[{"embeddable":true,"href":"https:\/\/gentedebasquet.com.ar\/sitio\/wp-json\/wp\/v2\/media\/91645"}],"wp:attachment":[{"href":"https:\/\/gentedebasquet.com.ar\/sitio\/wp-json\/wp\/v2\/media?parent=91643"}],"wp:term":[{"taxonomy":"category","embeddable":true,"href":"https:\/\/gentedebasquet.com.ar\/sitio\/wp-json\/wp\/v2\/categories?post=91643"},{"taxonomy":"post_tag","embeddable":true,"href":"https:\/\/gentedebasquet.com.ar\/sitio\/wp-json\/wp\/v2\/tags?post=91643"}],"curies":[{"name":"wp","href":"https:\/\/api.w.org\/{rel}","templated":true}]}}