{"id":94710,"date":"2019-07-27T12:34:01","date_gmt":"2019-07-27T15:34:01","guid":{"rendered":"http:\/\/www.gentedebasquet.com.ar\/?p=94710"},"modified":"2019-07-27T12:34:01","modified_gmt":"2019-07-27T15:34:01","slug":"ahora-si-se-viene-lima","status":"publish","type":"post","link":"https:\/\/gentedebasquet.com.ar\/sitio\/2019\/07\/27\/ahora-si-se-viene-lima\/","title":{"rendered":"Ahora s\u00ed, se viene Lima"},"content":{"rendered":"<p><strong>Por segunda jornada consecutiva, el imponente Parque Roca fue anfitri\u00f3n de un nuevo triunfo de la Selecci\u00f3n Nacional masculina. Ante un gran marco de p\u00fablico, Argentina derrot\u00f3 a Puerto Rico por 76-67 en un partido de rachas en el que altern\u00f3 pasajes de alto nivel. <\/strong><\/p>\n<p><strong>Luis Scola fue el goleador del encuentro con 24 puntos y tambi\u00e9n fue nombrado MVP del certamen. Nicol\u00e1s Brussino y Gabriel Deck lo escoltaron con 12 y 10 unidades respectivamente. <\/strong><\/p>\n<p><strong>De esta manera, los dirigidos por Sergio Hern\u00e1ndez se quedaron con el Tres Naciones de manera invicta y dejaron todo listo para partir hacia Lima. <\/strong><\/p>\n<p><strong>Con los cortes de Leandro Bolmaro y Facundo Pi\u00f1ero, el cuerpo t\u00e9cnico defini\u00f3 el plantel que disputar\u00e1 los Juegos Panamericanos desde el pr\u00f3ximo mi\u00e9rcoles.<\/strong><\/p>\n<p>Argentina fue un festival ofensivo en el cuarto inicial. Tras unos primeros minutos de paridad, el equipo nacional se solt\u00f3 y tom\u00f3 el comando del partido mostrando todas sus variantes en ataque. Con Luis Scola nuevamente a la cabeza, cerr\u00f3 el primer cap\u00edtulo con una ventaja de 30-18. El envi\u00f3n del comienzo se prolong\u00f3 en el inicio de un segundo cuarto en el que el seleccionado lleg\u00f3 a sacar 18 de luz. Pero Puerto Rico reaccion\u00f3 y descont\u00f3 la diferencia aprovech\u00e1ndose de las imprecisiones y la falta de contundencia del elenco nacional en ese pasaje del juego. Argentina no pudo mantener los altos porcentajes del inicio y cedi\u00f3 el parcial por 21-14. Al cierre del primer tiempo, el resultado era de 44-39 para los locales.<\/p>\n<p>A la vuelta de los vestuarios, Argentina revirti\u00f3 la tendencia y volvi\u00f3 a hacerse due\u00f1o del partido. Con Gabriel Deck, Nicol\u00e1s Brussino y, sobre todo, Luis Scola como estandartes, meti\u00f3 un parcial de 12-0 en el arranque del cuarto que le devolvi\u00f3 la ventaja tranquilizadora. El gran capit\u00e1n anot\u00f3 nueve puntos en un per\u00edodo que el Seleccionado Nacional domin\u00f3 por 22-11, para llegar al tramo final con una ventaja de 16. En el \u00faltimo cap\u00edtulo, los anfitriones no brillaron. Puerto Rico no dio el brazo a torcer y se mostr\u00f3 m\u00e1s intenso para correr y aprovechar los errores de su rival, descontando la brecha a un solo d\u00edgito. De todas maneras, el esfuerzo de los caribe\u00f1os no fue suficiente para meterse en juego y Argentina lo resolvi\u00f3 sin pasar sobresaltos, estampando el 76-67 final.<\/p>\n<p>Luego del encuentro, el cuerpo t\u00e9cnico dispuso los cortes de Leandro Bolmaro y Facundo Pi\u00f1ero, por lo que el plantel que viajar\u00e1 a Lima estar\u00e1 compuesto por: Facundo Campazzo, Nicol\u00e1s Laprovittola, Luca Vildoza, Nicol\u00e1s Brussino, Lucio Redivo, Patricio Garino, Gabriel Deck, M\u00e1ximo Fjellerup, Luis Scola, Agust\u00edn C\u00e1ffaro, Marcos Del\u00eda y Tayavek Gallizzi.<\/p>\n<p><strong>Fuente:<\/strong> Ra\u00fal Ruscitti (prensa CABB).<\/p>\n<p><strong>Fotos:<\/strong> CABB.<\/p>\n","protected":false},"excerpt":{"rendered":"<p>Argentina gan\u00f3 el Tres Naciones y viaja a los Panamericanos<\/p>\n","protected":false},"author":1,"featured_media":94712,"comment_status":"closed","ping_status":"open","sticky":false,"template":"","format":"standard","meta":{"jnews-multi-image_gallery":[],"jnews_single_post":[],"jnews_primary_category":[],"footnotes":""},"categories":[61,101],"tags":[720,1731,1732,155,532,402,403,848],"class_list":["post-94710","post","type-post","status-publish","format-standard","has-post-thumbnail","hentry","category-selecciones-nacionales","category-slide","tag-argentina","tag-juegos-panamericanos","tag-lima-2019","tag-lucio-redivo","tag-puerto-rico","tag-seleccion-argentina","tag-sergio-hernandez","tag-tres-naciones"],"yoast_head":"<!-- This site is optimized with the Yoast SEO plugin v27.5 - https:\/\/yoast.com\/product\/yoast-seo-wordpress\/ -->\n<title>Ahora s\u00ed, se viene Lima - Gente de B\u00e1squet<\/title>\n<meta name=\"robots\" content=\"index, follow, max-snippet:-1, max-image-preview:large, max-video-preview:-1\" \/>\n<link rel=\"canonical\" href=\"http:\/\/gentedebasquet.com.ar\/sitio\/2019\/07\/27\/ahora-si-se-viene-lima\/\" \/>\n<meta property=\"og:locale\" content=\"es_ES\" \/>\n<meta property=\"og:type\" content=\"article\" \/>\n<meta property=\"og:title\" content=\"Ahora s\u00ed, se viene Lima - Gente de B\u00e1squet\" \/>\n<meta property=\"og:description\" content=\"Argentina gan\u00f3 el Tres Naciones y viaja a los Panamericanos\" \/>\n<meta property=\"og:url\" content=\"http:\/\/gentedebasquet.com.ar\/sitio\/2019\/07\/27\/ahora-si-se-viene-lima\/\" \/>\n<meta property=\"og:site_name\" content=\"Gente de B\u00e1squet\" \/>\n<meta property=\"article:published_time\" content=\"2019-07-27T15:34:01+00:00\" \/>\n<meta property=\"og:image\" content=\"http:\/\/gentedebasquet.com.ar\/sitio\/wp-content\/uploads\/2019\/07\/Tres-Naciones-Argentina-Puerto-Rico.jpg\" \/>\n\t<meta property=\"og:image:width\" content=\"690\" \/>\n\t<meta property=\"og:image:height\" content=\"319\" \/>\n\t<meta property=\"og:image:type\" content=\"image\/jpeg\" \/>\n<meta name=\"author\" content=\"Gente de B\u00e1squet\" \/>\n<meta name=\"twitter:card\" content=\"summary_large_image\" \/>\n<meta name=\"twitter:label1\" content=\"Escrito por\" \/>\n\t<meta name=\"twitter:data1\" content=\"Gente de B\u00e1squet\" \/>\n\t<meta name=\"twitter:label2\" content=\"Tiempo de lectura\" \/>\n\t<meta name=\"twitter:data2\" content=\"2 minutos\" \/>\n<script type=\"application\/ld+json\" class=\"yoast-schema-graph\">{\"@context\":\"https:\\\/\\\/schema.org\",\"@graph\":[{\"@type\":\"Article\",\"@id\":\"http:\\\/\\\/gentedebasquet.com.ar\\\/sitio\\\/2019\\\/07\\\/27\\\/ahora-si-se-viene-lima\\\/#article\",\"isPartOf\":{\"@id\":\"http:\\\/\\\/gentedebasquet.com.ar\\\/sitio\\\/2019\\\/07\\\/27\\\/ahora-si-se-viene-lima\\\/\"},\"author\":{\"name\":\"Gente de B\u00e1squet\",\"@id\":\"https:\\\/\\\/gentedebasquet.com.ar\\\/sitio\\\/#\\\/schema\\\/person\\\/ca0b63bbb977369988a7bbbdc519943a\"},\"headline\":\"Ahora s\u00ed, se viene Lima\",\"datePublished\":\"2019-07-27T15:34:01+00:00\",\"mainEntityOfPage\":{\"@id\":\"http:\\\/\\\/gentedebasquet.com.ar\\\/sitio\\\/2019\\\/07\\\/27\\\/ahora-si-se-viene-lima\\\/\"},\"wordCount\":472,\"image\":{\"@id\":\"http:\\\/\\\/gentedebasquet.com.ar\\\/sitio\\\/2019\\\/07\\\/27\\\/ahora-si-se-viene-lima\\\/#primaryimage\"},\"thumbnailUrl\":\"https:\\\/\\\/gentedebasquet.com.ar\\\/sitio\\\/wp-content\\\/uploads\\\/2019\\\/07\\\/Tres-Naciones-Argentina-Puerto-Rico.jpg\",\"keywords\":[\"Argentina\",\"Juegos Panamericanos\",\"Lima 2019\",\"Lucio Redivo\",\"Puerto Rico\",\"Selecci\u00f3n Argentina\",\"Sergio Hern\u00e1ndez\",\"Tres Naciones\"],\"articleSection\":[\"Selecciones Nacionales\",\"Slide\"],\"inLanguage\":\"es\"},{\"@type\":\"WebPage\",\"@id\":\"http:\\\/\\\/gentedebasquet.com.ar\\\/sitio\\\/2019\\\/07\\\/27\\\/ahora-si-se-viene-lima\\\/\",\"url\":\"http:\\\/\\\/gentedebasquet.com.ar\\\/sitio\\\/2019\\\/07\\\/27\\\/ahora-si-se-viene-lima\\\/\",\"name\":\"Ahora s\u00ed, se viene Lima - Gente de B\u00e1squet\",\"isPartOf\":{\"@id\":\"https:\\\/\\\/gentedebasquet.com.ar\\\/sitio\\\/#website\"},\"primaryImageOfPage\":{\"@id\":\"http:\\\/\\\/gentedebasquet.com.ar\\\/sitio\\\/2019\\\/07\\\/27\\\/ahora-si-se-viene-lima\\\/#primaryimage\"},\"image\":{\"@id\":\"http:\\\/\\\/gentedebasquet.com.ar\\\/sitio\\\/2019\\\/07\\\/27\\\/ahora-si-se-viene-lima\\\/#primaryimage\"},\"thumbnailUrl\":\"https:\\\/\\\/gentedebasquet.com.ar\\\/sitio\\\/wp-content\\\/uploads\\\/2019\\\/07\\\/Tres-Naciones-Argentina-Puerto-Rico.jpg\",\"datePublished\":\"2019-07-27T15:34:01+00:00\",\"author\":{\"@id\":\"https:\\\/\\\/gentedebasquet.com.ar\\\/sitio\\\/#\\\/schema\\\/person\\\/ca0b63bbb977369988a7bbbdc519943a\"},\"breadcrumb\":{\"@id\":\"http:\\\/\\\/gentedebasquet.com.ar\\\/sitio\\\/2019\\\/07\\\/27\\\/ahora-si-se-viene-lima\\\/#breadcrumb\"},\"inLanguage\":\"es\",\"potentialAction\":[{\"@type\":\"ReadAction\",\"target\":[\"http:\\\/\\\/gentedebasquet.com.ar\\\/sitio\\\/2019\\\/07\\\/27\\\/ahora-si-se-viene-lima\\\/\"]}]},{\"@type\":\"ImageObject\",\"inLanguage\":\"es\",\"@id\":\"http:\\\/\\\/gentedebasquet.com.ar\\\/sitio\\\/2019\\\/07\\\/27\\\/ahora-si-se-viene-lima\\\/#primaryimage\",\"url\":\"https:\\\/\\\/gentedebasquet.com.ar\\\/sitio\\\/wp-content\\\/uploads\\\/2019\\\/07\\\/Tres-Naciones-Argentina-Puerto-Rico.jpg\",\"contentUrl\":\"https:\\\/\\\/gentedebasquet.com.ar\\\/sitio\\\/wp-content\\\/uploads\\\/2019\\\/07\\\/Tres-Naciones-Argentina-Puerto-Rico.jpg\",\"width\":690,\"height\":319},{\"@type\":\"BreadcrumbList\",\"@id\":\"http:\\\/\\\/gentedebasquet.com.ar\\\/sitio\\\/2019\\\/07\\\/27\\\/ahora-si-se-viene-lima\\\/#breadcrumb\",\"itemListElement\":[{\"@type\":\"ListItem\",\"position\":1,\"name\":\"Portada\",\"item\":\"https:\\\/\\\/gentedebasquet.com.ar\\\/sitio\\\/\"},{\"@type\":\"ListItem\",\"position\":2,\"name\":\"Ahora s\u00ed, se viene Lima\"}]},{\"@type\":\"WebSite\",\"@id\":\"https:\\\/\\\/gentedebasquet.com.ar\\\/sitio\\\/#website\",\"url\":\"https:\\\/\\\/gentedebasquet.com.ar\\\/sitio\\\/\",\"name\":\"Gente de B\u00e1squet\",\"description\":\"La revista del basquet de Bah\u00eda Blanca\",\"potentialAction\":[{\"@type\":\"SearchAction\",\"target\":{\"@type\":\"EntryPoint\",\"urlTemplate\":\"https:\\\/\\\/gentedebasquet.com.ar\\\/sitio\\\/?s={search_term_string}\"},\"query-input\":{\"@type\":\"PropertyValueSpecification\",\"valueRequired\":true,\"valueName\":\"search_term_string\"}}],\"inLanguage\":\"es\"},{\"@type\":\"Person\",\"@id\":\"https:\\\/\\\/gentedebasquet.com.ar\\\/sitio\\\/#\\\/schema\\\/person\\\/ca0b63bbb977369988a7bbbdc519943a\",\"name\":\"Gente de B\u00e1squet\",\"image\":{\"@type\":\"ImageObject\",\"inLanguage\":\"es\",\"@id\":\"https:\\\/\\\/secure.gravatar.com\\\/avatar\\\/7f2c48bdc33b30088f941fb6082e555f2874c98e20cb159d7b92b50eadfce793?s=96&d=mm&r=g\",\"url\":\"https:\\\/\\\/secure.gravatar.com\\\/avatar\\\/7f2c48bdc33b30088f941fb6082e555f2874c98e20cb159d7b92b50eadfce793?s=96&d=mm&r=g\",\"contentUrl\":\"https:\\\/\\\/secure.gravatar.com\\\/avatar\\\/7f2c48bdc33b30088f941fb6082e555f2874c98e20cb159d7b92b50eadfce793?s=96&d=mm&r=g\",\"caption\":\"Gente de B\u00e1squet\"},\"sameAs\":[\"http:\\\/\\\/gentedebasquet.com.ar\\\/sitio\"],\"url\":\"https:\\\/\\\/gentedebasquet.com.ar\\\/sitio\\\/author\\\/ulises\\\/\"}]}<\/script>\n<!-- \/ Yoast SEO plugin. -->","yoast_head_json":{"title":"Ahora s\u00ed, se viene Lima - Gente de B\u00e1squet","robots":{"index":"index","follow":"follow","max-snippet":"max-snippet:-1","max-image-preview":"max-image-preview:large","max-video-preview":"max-video-preview:-1"},"canonical":"http:\/\/gentedebasquet.com.ar\/sitio\/2019\/07\/27\/ahora-si-se-viene-lima\/","og_locale":"es_ES","og_type":"article","og_title":"Ahora s\u00ed, se viene Lima - Gente de B\u00e1squet","og_description":"Argentina gan\u00f3 el Tres Naciones y viaja a los Panamericanos","og_url":"http:\/\/gentedebasquet.com.ar\/sitio\/2019\/07\/27\/ahora-si-se-viene-lima\/","og_site_name":"Gente de B\u00e1squet","article_published_time":"2019-07-27T15:34:01+00:00","og_image":[{"width":690,"height":319,"url":"http:\/\/gentedebasquet.com.ar\/sitio\/wp-content\/uploads\/2019\/07\/Tres-Naciones-Argentina-Puerto-Rico.jpg","type":"image\/jpeg"}],"author":"Gente de B\u00e1squet","twitter_card":"summary_large_image","twitter_misc":{"Escrito por":"Gente de B\u00e1squet","Tiempo de lectura":"2 minutos"},"schema":{"@context":"https:\/\/schema.org","@graph":[{"@type":"Article","@id":"http:\/\/gentedebasquet.com.ar\/sitio\/2019\/07\/27\/ahora-si-se-viene-lima\/#article","isPartOf":{"@id":"http:\/\/gentedebasquet.com.ar\/sitio\/2019\/07\/27\/ahora-si-se-viene-lima\/"},"author":{"name":"Gente de B\u00e1squet","@id":"https:\/\/gentedebasquet.com.ar\/sitio\/#\/schema\/person\/ca0b63bbb977369988a7bbbdc519943a"},"headline":"Ahora s\u00ed, se viene Lima","datePublished":"2019-07-27T15:34:01+00:00","mainEntityOfPage":{"@id":"http:\/\/gentedebasquet.com.ar\/sitio\/2019\/07\/27\/ahora-si-se-viene-lima\/"},"wordCount":472,"image":{"@id":"http:\/\/gentedebasquet.com.ar\/sitio\/2019\/07\/27\/ahora-si-se-viene-lima\/#primaryimage"},"thumbnailUrl":"https:\/\/gentedebasquet.com.ar\/sitio\/wp-content\/uploads\/2019\/07\/Tres-Naciones-Argentina-Puerto-Rico.jpg","keywords":["Argentina","Juegos Panamericanos","Lima 2019","Lucio Redivo","Puerto Rico","Selecci\u00f3n Argentina","Sergio Hern\u00e1ndez","Tres Naciones"],"articleSection":["Selecciones Nacionales","Slide"],"inLanguage":"es"},{"@type":"WebPage","@id":"http:\/\/gentedebasquet.com.ar\/sitio\/2019\/07\/27\/ahora-si-se-viene-lima\/","url":"http:\/\/gentedebasquet.com.ar\/sitio\/2019\/07\/27\/ahora-si-se-viene-lima\/","name":"Ahora s\u00ed, se viene Lima - Gente de B\u00e1squet","isPartOf":{"@id":"https:\/\/gentedebasquet.com.ar\/sitio\/#website"},"primaryImageOfPage":{"@id":"http:\/\/gentedebasquet.com.ar\/sitio\/2019\/07\/27\/ahora-si-se-viene-lima\/#primaryimage"},"image":{"@id":"http:\/\/gentedebasquet.com.ar\/sitio\/2019\/07\/27\/ahora-si-se-viene-lima\/#primaryimage"},"thumbnailUrl":"https:\/\/gentedebasquet.com.ar\/sitio\/wp-content\/uploads\/2019\/07\/Tres-Naciones-Argentina-Puerto-Rico.jpg","datePublished":"2019-07-27T15:34:01+00:00","author":{"@id":"https:\/\/gentedebasquet.com.ar\/sitio\/#\/schema\/person\/ca0b63bbb977369988a7bbbdc519943a"},"breadcrumb":{"@id":"http:\/\/gentedebasquet.com.ar\/sitio\/2019\/07\/27\/ahora-si-se-viene-lima\/#breadcrumb"},"inLanguage":"es","potentialAction":[{"@type":"ReadAction","target":["http:\/\/gentedebasquet.com.ar\/sitio\/2019\/07\/27\/ahora-si-se-viene-lima\/"]}]},{"@type":"ImageObject","inLanguage":"es","@id":"http:\/\/gentedebasquet.com.ar\/sitio\/2019\/07\/27\/ahora-si-se-viene-lima\/#primaryimage","url":"https:\/\/gentedebasquet.com.ar\/sitio\/wp-content\/uploads\/2019\/07\/Tres-Naciones-Argentina-Puerto-Rico.jpg","contentUrl":"https:\/\/gentedebasquet.com.ar\/sitio\/wp-content\/uploads\/2019\/07\/Tres-Naciones-Argentina-Puerto-Rico.jpg","width":690,"height":319},{"@type":"BreadcrumbList","@id":"http:\/\/gentedebasquet.com.ar\/sitio\/2019\/07\/27\/ahora-si-se-viene-lima\/#breadcrumb","itemListElement":[{"@type":"ListItem","position":1,"name":"Portada","item":"https:\/\/gentedebasquet.com.ar\/sitio\/"},{"@type":"ListItem","position":2,"name":"Ahora s\u00ed, se viene Lima"}]},{"@type":"WebSite","@id":"https:\/\/gentedebasquet.com.ar\/sitio\/#website","url":"https:\/\/gentedebasquet.com.ar\/sitio\/","name":"Gente de B\u00e1squet","description":"La revista del basquet de Bah\u00eda Blanca","potentialAction":[{"@type":"SearchAction","target":{"@type":"EntryPoint","urlTemplate":"https:\/\/gentedebasquet.com.ar\/sitio\/?s={search_term_string}"},"query-input":{"@type":"PropertyValueSpecification","valueRequired":true,"valueName":"search_term_string"}}],"inLanguage":"es"},{"@type":"Person","@id":"https:\/\/gentedebasquet.com.ar\/sitio\/#\/schema\/person\/ca0b63bbb977369988a7bbbdc519943a","name":"Gente de B\u00e1squet","image":{"@type":"ImageObject","inLanguage":"es","@id":"https:\/\/secure.gravatar.com\/avatar\/7f2c48bdc33b30088f941fb6082e555f2874c98e20cb159d7b92b50eadfce793?s=96&d=mm&r=g","url":"https:\/\/secure.gravatar.com\/avatar\/7f2c48bdc33b30088f941fb6082e555f2874c98e20cb159d7b92b50eadfce793?s=96&d=mm&r=g","contentUrl":"https:\/\/secure.gravatar.com\/avatar\/7f2c48bdc33b30088f941fb6082e555f2874c98e20cb159d7b92b50eadfce793?s=96&d=mm&r=g","caption":"Gente de B\u00e1squet"},"sameAs":["http:\/\/gentedebasquet.com.ar\/sitio"],"url":"https:\/\/gentedebasquet.com.ar\/sitio\/author\/ulises\/"}]}},"_links":{"self":[{"href":"https:\/\/gentedebasquet.com.ar\/sitio\/wp-json\/wp\/v2\/posts\/94710","targetHints":{"allow":["GET"]}}],"collection":[{"href":"https:\/\/gentedebasquet.com.ar\/sitio\/wp-json\/wp\/v2\/posts"}],"about":[{"href":"https:\/\/gentedebasquet.com.ar\/sitio\/wp-json\/wp\/v2\/types\/post"}],"author":[{"embeddable":true,"href":"https:\/\/gentedebasquet.com.ar\/sitio\/wp-json\/wp\/v2\/users\/1"}],"replies":[{"embeddable":true,"href":"https:\/\/gentedebasquet.com.ar\/sitio\/wp-json\/wp\/v2\/comments?post=94710"}],"version-history":[{"count":0,"href":"https:\/\/gentedebasquet.com.ar\/sitio\/wp-json\/wp\/v2\/posts\/94710\/revisions"}],"wp:featuredmedia":[{"embeddable":true,"href":"https:\/\/gentedebasquet.com.ar\/sitio\/wp-json\/wp\/v2\/media\/94712"}],"wp:attachment":[{"href":"https:\/\/gentedebasquet.com.ar\/sitio\/wp-json\/wp\/v2\/media?parent=94710"}],"wp:term":[{"taxonomy":"category","embeddable":true,"href":"https:\/\/gentedebasquet.com.ar\/sitio\/wp-json\/wp\/v2\/categories?post=94710"},{"taxonomy":"post_tag","embeddable":true,"href":"https:\/\/gentedebasquet.com.ar\/sitio\/wp-json\/wp\/v2\/tags?post=94710"}],"curies":[{"name":"wp","href":"https:\/\/api.w.org\/{rel}","templated":true}]}}