{"id":97357,"date":"2020-01-07T23:27:20","date_gmt":"2020-01-08T02:27:20","guid":{"rendered":"http:\/\/www.gentedebasquet.com.ar\/?p=97357"},"modified":"2020-01-07T23:27:20","modified_gmt":"2020-01-08T02:27:20","slug":"que-arranque-che","status":"publish","type":"post","link":"https:\/\/gentedebasquet.com.ar\/sitio\/2020\/01\/07\/que-arranque-che\/","title":{"rendered":"\u00a1Qu\u00e9 arranque, Che!"},"content":{"rendered":"<p><strong>En el estreno del Che Garc\u00eda como entrenador del Cicl\u00f3n, San Lorenzo le gan\u00f3 <a href=\"https:\/\/www.fibalivestats.com\/u\/ADC\/1461735\/\" target=\"_blank\" rel=\"noopener\">68-66<\/a> a Boca y sum\u00f3 el primer triunfo del 2020 en la Liga Nacional.<\/strong><\/p>\n<p><strong> El jueves recibir\u00e1 a Ferro, otra vez en el Pando.<\/strong><\/p>\n<p>En un duro partido, el Cicl\u00f3n se despert\u00f3 en el segundo tiempo para pintar el cl\u00e1sico de azulgrana. San Lorenzo revirti\u00f3 la cara despu\u00e9s de un primer tiempo err\u00e1tico, jug\u00f3 una segunda mitad acorde a su nivel y se qued\u00f3 con un importante triunfo que le sirve de envi\u00f3n an\u00edmico. Fue 68-66 en Boedo ante Boca, para sumar la primera victoria en el a\u00f1o y la octava en lo que va de la Liga Nacional.<\/p>\n<p>Aguirre, Gonz\u00e1lez, Mata, C\u00e1ffaro y Batista salieron a la cancha ante un Polideportivo que acompa\u00f1\u00f3 con gran cantidad de p\u00fablico. De todas formas, el arranque no fue bueno: el primer cuarto encontr\u00f3 a un San Lorenzo con poca punter\u00eda que, encima, sufri\u00f3 des\u00f3rdenes defensivos y se fue 13-9 abajo. En el segundo cap\u00edtulo, el Cicl\u00f3n sigui\u00f3 sumando nerviosismo y, aunque intent\u00f3, no logr\u00f3 revertir la cara y la diferencia aument\u00f3 a 36-25.<\/p>\n<p><a href=\"http:\/\/www.gentedebasquet.com.ar\/wp-content\/uploads\/2020\/01\/Batista-Leiva-LNB-San-Lorenzo-Boca.jpg\"><img decoding=\"async\" class=\"alignnone size-large wp-image-97358\" src=\"http:\/\/www.gentedebasquet.com.ar\/wp-content\/uploads\/2020\/01\/Batista-Leiva-LNB-San-Lorenzo-Boca-1024x682.jpg\" alt=\"\" width=\"1024\" height=\"682\" srcset=\"https:\/\/gentedebasquet.com.ar\/sitio\/wp-content\/uploads\/2020\/01\/Batista-Leiva-LNB-San-Lorenzo-Boca-1024x682.jpg 1024w, https:\/\/gentedebasquet.com.ar\/sitio\/wp-content\/uploads\/2020\/01\/Batista-Leiva-LNB-San-Lorenzo-Boca-300x200.jpg 300w, https:\/\/gentedebasquet.com.ar\/sitio\/wp-content\/uploads\/2020\/01\/Batista-Leiva-LNB-San-Lorenzo-Boca-768x511.jpg 768w, https:\/\/gentedebasquet.com.ar\/sitio\/wp-content\/uploads\/2020\/01\/Batista-Leiva-LNB-San-Lorenzo-Boca.jpg 1280w\" sizes=\"(max-width: 1024px) 100vw, 1024px\" \/><\/a><\/p>\n<p>Empujado por las ganas, por el aliento de la gente y con orgullo de un campe\u00f3n, el equipo dirigido por primera vez por el Che Garc\u00eda jug\u00f3 un gran tercer cuarto para empezar a so\u00f1ar con el triunfo. Ganas, sacrificio, intensidad defensiva y potencia goleadora: con un parcial de 27-16, San Lorenzo igual\u00f3 la chapa y dej\u00f3 que la historia se defina en el final.<\/p>\n<p>El \u00faltimo cap\u00edtulo fue emocionante. Como en cada momento clave de estos \u00faltimos a\u00f1os, el Penka Aguirre sac\u00f3 pech\u00f3 y manej\u00f3 la orquesta a su antojo. A falta de un minuto, el Cicl\u00f3n sac\u00f3 dos de ventaja y empez\u00f3 a ser m\u00e1s inteligente, jugar con el tablero y preocuparse por la solidez defensiva: as\u00ed, dej\u00f3 la marcador 68-66 y, aunque Silva tuvo un tiro de tres con la chicharra por sonar, la naranja toc\u00f3 el aro y se fue, y el cl\u00e1sico tuvo puro color azulgrana. \u00a1Enorme!<\/p>\n<p><a href=\"http:\/\/www.gentedebasquet.com.ar\/wp-content\/uploads\/2020\/01\/Che-Garc\u00eda-LNB-San-Lorenzo-1.jpg\"><img decoding=\"async\" class=\"alignnone size-large wp-image-97359\" src=\"http:\/\/www.gentedebasquet.com.ar\/wp-content\/uploads\/2020\/01\/Che-Garc\u00eda-LNB-San-Lorenzo-1-924x1024.jpg\" alt=\"\" width=\"924\" height=\"1024\" \/><\/a><\/p>\n<p>Pero esto no es todo: el calendario de La Liga Nacional es ajustado para el Cicl\u00f3n. El jueves, a las 21, San Lorenzo recibe a Ferro otra vez en el Polidepotivo, en busca de otro \u00e9xito en el certamen local. Y pronto nom\u00e1s est\u00e1 la Basketball Champions League Am\u00e9ricas, as\u00ed que se viene un enero movido.<\/p>\n<p><strong>Fuente:<\/strong> prensa San Lorenzo.<\/p>\n<p><strong>Fotos:<\/strong> LNB y prensa San Lorenzo.<\/p>\n","protected":false},"excerpt":{"rendered":"<p>En el estreno de Garc\u00eda como entrenador, San Lorenzo le gan\u00f3 68-66 a Boca<\/p>\n","protected":false},"author":1,"featured_media":97360,"comment_status":"closed","ping_status":"open","sticky":false,"template":"","format":"standard","meta":{"jnews-multi-image_gallery":[],"jnews_single_post":[],"jnews_primary_category":[],"footnotes":""},"categories":[43,39,101],"tags":[76,1078,78,846,805],"class_list":["post-97357","post","type-post","status-publish","format-standard","has-post-thumbnail","hentry","category-la-liga","category-nacional","category-slide","tag-boca-juniors","tag-liga-nacional","tag-lnb","tag-nestor-garcia","tag-san-lorenzo-almagro"],"yoast_head":"<!-- This site is optimized with the Yoast SEO plugin v27.5 - https:\/\/yoast.com\/product\/yoast-seo-wordpress\/ -->\n<title>\u00a1Qu\u00e9 arranque, Che! - Gente de B\u00e1squet<\/title>\n<meta name=\"robots\" content=\"index, follow, max-snippet:-1, max-image-preview:large, max-video-preview:-1\" \/>\n<link rel=\"canonical\" href=\"https:\/\/gentedebasquet.com.ar\/sitio\/2020\/01\/07\/que-arranque-che\/\" \/>\n<meta property=\"og:locale\" content=\"es_ES\" \/>\n<meta property=\"og:type\" content=\"article\" \/>\n<meta property=\"og:title\" content=\"\u00a1Qu\u00e9 arranque, Che! - Gente de B\u00e1squet\" \/>\n<meta property=\"og:description\" content=\"En el estreno de Garc\u00eda como entrenador, San Lorenzo le gan\u00f3 68-66 a Boca\" \/>\n<meta property=\"og:url\" content=\"https:\/\/gentedebasquet.com.ar\/sitio\/2020\/01\/07\/que-arranque-che\/\" \/>\n<meta property=\"og:site_name\" content=\"Gente de B\u00e1squet\" \/>\n<meta property=\"article:published_time\" content=\"2020-01-08T02:27:20+00:00\" \/>\n<meta property=\"og:image\" content=\"https:\/\/gentedebasquet.com.ar\/sitio\/wp-content\/uploads\/2020\/01\/Che-Garcia-LNB-San-Lorenzo-3.jpg\" \/>\n\t<meta property=\"og:image:width\" content=\"690\" \/>\n\t<meta property=\"og:image:height\" content=\"319\" \/>\n\t<meta property=\"og:image:type\" content=\"image\/jpeg\" \/>\n<meta name=\"author\" content=\"Gente de B\u00e1squet\" \/>\n<meta name=\"twitter:card\" content=\"summary_large_image\" \/>\n<meta name=\"twitter:label1\" content=\"Escrito por\" \/>\n\t<meta name=\"twitter:data1\" content=\"Gente de B\u00e1squet\" \/>\n\t<meta name=\"twitter:label2\" content=\"Tiempo de lectura\" \/>\n\t<meta name=\"twitter:data2\" content=\"2 minutos\" \/>\n<script type=\"application\/ld+json\" class=\"yoast-schema-graph\">{\"@context\":\"https:\\\/\\\/schema.org\",\"@graph\":[{\"@type\":\"Article\",\"@id\":\"https:\\\/\\\/gentedebasquet.com.ar\\\/sitio\\\/2020\\\/01\\\/07\\\/que-arranque-che\\\/#article\",\"isPartOf\":{\"@id\":\"https:\\\/\\\/gentedebasquet.com.ar\\\/sitio\\\/2020\\\/01\\\/07\\\/que-arranque-che\\\/\"},\"author\":{\"name\":\"Gente de B\u00e1squet\",\"@id\":\"https:\\\/\\\/gentedebasquet.com.ar\\\/sitio\\\/#\\\/schema\\\/person\\\/ca0b63bbb977369988a7bbbdc519943a\"},\"headline\":\"\u00a1Qu\u00e9 arranque, Che!\",\"datePublished\":\"2020-01-08T02:27:20+00:00\",\"mainEntityOfPage\":{\"@id\":\"https:\\\/\\\/gentedebasquet.com.ar\\\/sitio\\\/2020\\\/01\\\/07\\\/que-arranque-che\\\/\"},\"wordCount\":431,\"image\":{\"@id\":\"https:\\\/\\\/gentedebasquet.com.ar\\\/sitio\\\/2020\\\/01\\\/07\\\/que-arranque-che\\\/#primaryimage\"},\"thumbnailUrl\":\"https:\\\/\\\/gentedebasquet.com.ar\\\/sitio\\\/wp-content\\\/uploads\\\/2020\\\/01\\\/Che-Garcia-LNB-San-Lorenzo-3.jpg\",\"keywords\":[\"Boca Juniors\",\"liga nacional\",\"LNB\",\"N\u00e9stor Garc\u00eda\",\"San Lorenzo Almagro\"],\"articleSection\":[\"Liga Nacional\",\"Nacional\",\"Slide\"],\"inLanguage\":\"es\"},{\"@type\":\"WebPage\",\"@id\":\"https:\\\/\\\/gentedebasquet.com.ar\\\/sitio\\\/2020\\\/01\\\/07\\\/que-arranque-che\\\/\",\"url\":\"https:\\\/\\\/gentedebasquet.com.ar\\\/sitio\\\/2020\\\/01\\\/07\\\/que-arranque-che\\\/\",\"name\":\"\u00a1Qu\u00e9 arranque, Che! - Gente de B\u00e1squet\",\"isPartOf\":{\"@id\":\"https:\\\/\\\/gentedebasquet.com.ar\\\/sitio\\\/#website\"},\"primaryImageOfPage\":{\"@id\":\"https:\\\/\\\/gentedebasquet.com.ar\\\/sitio\\\/2020\\\/01\\\/07\\\/que-arranque-che\\\/#primaryimage\"},\"image\":{\"@id\":\"https:\\\/\\\/gentedebasquet.com.ar\\\/sitio\\\/2020\\\/01\\\/07\\\/que-arranque-che\\\/#primaryimage\"},\"thumbnailUrl\":\"https:\\\/\\\/gentedebasquet.com.ar\\\/sitio\\\/wp-content\\\/uploads\\\/2020\\\/01\\\/Che-Garcia-LNB-San-Lorenzo-3.jpg\",\"datePublished\":\"2020-01-08T02:27:20+00:00\",\"author\":{\"@id\":\"https:\\\/\\\/gentedebasquet.com.ar\\\/sitio\\\/#\\\/schema\\\/person\\\/ca0b63bbb977369988a7bbbdc519943a\"},\"breadcrumb\":{\"@id\":\"https:\\\/\\\/gentedebasquet.com.ar\\\/sitio\\\/2020\\\/01\\\/07\\\/que-arranque-che\\\/#breadcrumb\"},\"inLanguage\":\"es\",\"potentialAction\":[{\"@type\":\"ReadAction\",\"target\":[\"https:\\\/\\\/gentedebasquet.com.ar\\\/sitio\\\/2020\\\/01\\\/07\\\/que-arranque-che\\\/\"]}]},{\"@type\":\"ImageObject\",\"inLanguage\":\"es\",\"@id\":\"https:\\\/\\\/gentedebasquet.com.ar\\\/sitio\\\/2020\\\/01\\\/07\\\/que-arranque-che\\\/#primaryimage\",\"url\":\"https:\\\/\\\/gentedebasquet.com.ar\\\/sitio\\\/wp-content\\\/uploads\\\/2020\\\/01\\\/Che-Garcia-LNB-San-Lorenzo-3.jpg\",\"contentUrl\":\"https:\\\/\\\/gentedebasquet.com.ar\\\/sitio\\\/wp-content\\\/uploads\\\/2020\\\/01\\\/Che-Garcia-LNB-San-Lorenzo-3.jpg\",\"width\":690,\"height\":319},{\"@type\":\"BreadcrumbList\",\"@id\":\"https:\\\/\\\/gentedebasquet.com.ar\\\/sitio\\\/2020\\\/01\\\/07\\\/que-arranque-che\\\/#breadcrumb\",\"itemListElement\":[{\"@type\":\"ListItem\",\"position\":1,\"name\":\"Portada\",\"item\":\"https:\\\/\\\/gentedebasquet.com.ar\\\/sitio\\\/\"},{\"@type\":\"ListItem\",\"position\":2,\"name\":\"\u00a1Qu\u00e9 arranque, Che!\"}]},{\"@type\":\"WebSite\",\"@id\":\"https:\\\/\\\/gentedebasquet.com.ar\\\/sitio\\\/#website\",\"url\":\"https:\\\/\\\/gentedebasquet.com.ar\\\/sitio\\\/\",\"name\":\"Gente de B\u00e1squet\",\"description\":\"La revista del basquet de Bah\u00eda Blanca\",\"potentialAction\":[{\"@type\":\"SearchAction\",\"target\":{\"@type\":\"EntryPoint\",\"urlTemplate\":\"https:\\\/\\\/gentedebasquet.com.ar\\\/sitio\\\/?s={search_term_string}\"},\"query-input\":{\"@type\":\"PropertyValueSpecification\",\"valueRequired\":true,\"valueName\":\"search_term_string\"}}],\"inLanguage\":\"es\"},{\"@type\":\"Person\",\"@id\":\"https:\\\/\\\/gentedebasquet.com.ar\\\/sitio\\\/#\\\/schema\\\/person\\\/ca0b63bbb977369988a7bbbdc519943a\",\"name\":\"Gente de B\u00e1squet\",\"image\":{\"@type\":\"ImageObject\",\"inLanguage\":\"es\",\"@id\":\"https:\\\/\\\/secure.gravatar.com\\\/avatar\\\/7f2c48bdc33b30088f941fb6082e555f2874c98e20cb159d7b92b50eadfce793?s=96&d=mm&r=g\",\"url\":\"https:\\\/\\\/secure.gravatar.com\\\/avatar\\\/7f2c48bdc33b30088f941fb6082e555f2874c98e20cb159d7b92b50eadfce793?s=96&d=mm&r=g\",\"contentUrl\":\"https:\\\/\\\/secure.gravatar.com\\\/avatar\\\/7f2c48bdc33b30088f941fb6082e555f2874c98e20cb159d7b92b50eadfce793?s=96&d=mm&r=g\",\"caption\":\"Gente de B\u00e1squet\"},\"sameAs\":[\"http:\\\/\\\/gentedebasquet.com.ar\\\/sitio\"],\"url\":\"https:\\\/\\\/gentedebasquet.com.ar\\\/sitio\\\/author\\\/ulises\\\/\"}]}<\/script>\n<!-- \/ Yoast SEO plugin. -->","yoast_head_json":{"title":"\u00a1Qu\u00e9 arranque, Che! - Gente de B\u00e1squet","robots":{"index":"index","follow":"follow","max-snippet":"max-snippet:-1","max-image-preview":"max-image-preview:large","max-video-preview":"max-video-preview:-1"},"canonical":"https:\/\/gentedebasquet.com.ar\/sitio\/2020\/01\/07\/que-arranque-che\/","og_locale":"es_ES","og_type":"article","og_title":"\u00a1Qu\u00e9 arranque, Che! - Gente de B\u00e1squet","og_description":"En el estreno de Garc\u00eda como entrenador, San Lorenzo le gan\u00f3 68-66 a Boca","og_url":"https:\/\/gentedebasquet.com.ar\/sitio\/2020\/01\/07\/que-arranque-che\/","og_site_name":"Gente de B\u00e1squet","article_published_time":"2020-01-08T02:27:20+00:00","og_image":[{"width":690,"height":319,"url":"https:\/\/gentedebasquet.com.ar\/sitio\/wp-content\/uploads\/2020\/01\/Che-Garcia-LNB-San-Lorenzo-3.jpg","type":"image\/jpeg"}],"author":"Gente de B\u00e1squet","twitter_card":"summary_large_image","twitter_misc":{"Escrito por":"Gente de B\u00e1squet","Tiempo de lectura":"2 minutos"},"schema":{"@context":"https:\/\/schema.org","@graph":[{"@type":"Article","@id":"https:\/\/gentedebasquet.com.ar\/sitio\/2020\/01\/07\/que-arranque-che\/#article","isPartOf":{"@id":"https:\/\/gentedebasquet.com.ar\/sitio\/2020\/01\/07\/que-arranque-che\/"},"author":{"name":"Gente de B\u00e1squet","@id":"https:\/\/gentedebasquet.com.ar\/sitio\/#\/schema\/person\/ca0b63bbb977369988a7bbbdc519943a"},"headline":"\u00a1Qu\u00e9 arranque, Che!","datePublished":"2020-01-08T02:27:20+00:00","mainEntityOfPage":{"@id":"https:\/\/gentedebasquet.com.ar\/sitio\/2020\/01\/07\/que-arranque-che\/"},"wordCount":431,"image":{"@id":"https:\/\/gentedebasquet.com.ar\/sitio\/2020\/01\/07\/que-arranque-che\/#primaryimage"},"thumbnailUrl":"https:\/\/gentedebasquet.com.ar\/sitio\/wp-content\/uploads\/2020\/01\/Che-Garcia-LNB-San-Lorenzo-3.jpg","keywords":["Boca Juniors","liga nacional","LNB","N\u00e9stor Garc\u00eda","San Lorenzo Almagro"],"articleSection":["Liga Nacional","Nacional","Slide"],"inLanguage":"es"},{"@type":"WebPage","@id":"https:\/\/gentedebasquet.com.ar\/sitio\/2020\/01\/07\/que-arranque-che\/","url":"https:\/\/gentedebasquet.com.ar\/sitio\/2020\/01\/07\/que-arranque-che\/","name":"\u00a1Qu\u00e9 arranque, Che! - Gente de B\u00e1squet","isPartOf":{"@id":"https:\/\/gentedebasquet.com.ar\/sitio\/#website"},"primaryImageOfPage":{"@id":"https:\/\/gentedebasquet.com.ar\/sitio\/2020\/01\/07\/que-arranque-che\/#primaryimage"},"image":{"@id":"https:\/\/gentedebasquet.com.ar\/sitio\/2020\/01\/07\/que-arranque-che\/#primaryimage"},"thumbnailUrl":"https:\/\/gentedebasquet.com.ar\/sitio\/wp-content\/uploads\/2020\/01\/Che-Garcia-LNB-San-Lorenzo-3.jpg","datePublished":"2020-01-08T02:27:20+00:00","author":{"@id":"https:\/\/gentedebasquet.com.ar\/sitio\/#\/schema\/person\/ca0b63bbb977369988a7bbbdc519943a"},"breadcrumb":{"@id":"https:\/\/gentedebasquet.com.ar\/sitio\/2020\/01\/07\/que-arranque-che\/#breadcrumb"},"inLanguage":"es","potentialAction":[{"@type":"ReadAction","target":["https:\/\/gentedebasquet.com.ar\/sitio\/2020\/01\/07\/que-arranque-che\/"]}]},{"@type":"ImageObject","inLanguage":"es","@id":"https:\/\/gentedebasquet.com.ar\/sitio\/2020\/01\/07\/que-arranque-che\/#primaryimage","url":"https:\/\/gentedebasquet.com.ar\/sitio\/wp-content\/uploads\/2020\/01\/Che-Garcia-LNB-San-Lorenzo-3.jpg","contentUrl":"https:\/\/gentedebasquet.com.ar\/sitio\/wp-content\/uploads\/2020\/01\/Che-Garcia-LNB-San-Lorenzo-3.jpg","width":690,"height":319},{"@type":"BreadcrumbList","@id":"https:\/\/gentedebasquet.com.ar\/sitio\/2020\/01\/07\/que-arranque-che\/#breadcrumb","itemListElement":[{"@type":"ListItem","position":1,"name":"Portada","item":"https:\/\/gentedebasquet.com.ar\/sitio\/"},{"@type":"ListItem","position":2,"name":"\u00a1Qu\u00e9 arranque, Che!"}]},{"@type":"WebSite","@id":"https:\/\/gentedebasquet.com.ar\/sitio\/#website","url":"https:\/\/gentedebasquet.com.ar\/sitio\/","name":"Gente de B\u00e1squet","description":"La revista del basquet de Bah\u00eda Blanca","potentialAction":[{"@type":"SearchAction","target":{"@type":"EntryPoint","urlTemplate":"https:\/\/gentedebasquet.com.ar\/sitio\/?s={search_term_string}"},"query-input":{"@type":"PropertyValueSpecification","valueRequired":true,"valueName":"search_term_string"}}],"inLanguage":"es"},{"@type":"Person","@id":"https:\/\/gentedebasquet.com.ar\/sitio\/#\/schema\/person\/ca0b63bbb977369988a7bbbdc519943a","name":"Gente de B\u00e1squet","image":{"@type":"ImageObject","inLanguage":"es","@id":"https:\/\/secure.gravatar.com\/avatar\/7f2c48bdc33b30088f941fb6082e555f2874c98e20cb159d7b92b50eadfce793?s=96&d=mm&r=g","url":"https:\/\/secure.gravatar.com\/avatar\/7f2c48bdc33b30088f941fb6082e555f2874c98e20cb159d7b92b50eadfce793?s=96&d=mm&r=g","contentUrl":"https:\/\/secure.gravatar.com\/avatar\/7f2c48bdc33b30088f941fb6082e555f2874c98e20cb159d7b92b50eadfce793?s=96&d=mm&r=g","caption":"Gente de B\u00e1squet"},"sameAs":["http:\/\/gentedebasquet.com.ar\/sitio"],"url":"https:\/\/gentedebasquet.com.ar\/sitio\/author\/ulises\/"}]}},"_links":{"self":[{"href":"https:\/\/gentedebasquet.com.ar\/sitio\/wp-json\/wp\/v2\/posts\/97357","targetHints":{"allow":["GET"]}}],"collection":[{"href":"https:\/\/gentedebasquet.com.ar\/sitio\/wp-json\/wp\/v2\/posts"}],"about":[{"href":"https:\/\/gentedebasquet.com.ar\/sitio\/wp-json\/wp\/v2\/types\/post"}],"author":[{"embeddable":true,"href":"https:\/\/gentedebasquet.com.ar\/sitio\/wp-json\/wp\/v2\/users\/1"}],"replies":[{"embeddable":true,"href":"https:\/\/gentedebasquet.com.ar\/sitio\/wp-json\/wp\/v2\/comments?post=97357"}],"version-history":[{"count":0,"href":"https:\/\/gentedebasquet.com.ar\/sitio\/wp-json\/wp\/v2\/posts\/97357\/revisions"}],"wp:featuredmedia":[{"embeddable":true,"href":"https:\/\/gentedebasquet.com.ar\/sitio\/wp-json\/wp\/v2\/media\/97360"}],"wp:attachment":[{"href":"https:\/\/gentedebasquet.com.ar\/sitio\/wp-json\/wp\/v2\/media?parent=97357"}],"wp:term":[{"taxonomy":"category","embeddable":true,"href":"https:\/\/gentedebasquet.com.ar\/sitio\/wp-json\/wp\/v2\/categories?post=97357"},{"taxonomy":"post_tag","embeddable":true,"href":"https:\/\/gentedebasquet.com.ar\/sitio\/wp-json\/wp\/v2\/tags?post=97357"}],"curies":[{"name":"wp","href":"https:\/\/api.w.org\/{rel}","templated":true}]}}