{"id":97713,"date":"2020-02-28T23:58:28","date_gmt":"2020-02-29T02:58:28","guid":{"rendered":"http:\/\/www.gentedebasquet.com.ar\/?p=97713"},"modified":"2020-02-28T23:58:28","modified_gmt":"2020-02-29T02:58:28","slug":"derrota-en-la-plata","status":"publish","type":"post","link":"https:\/\/gentedebasquet.com.ar\/sitio\/2020\/02\/28\/derrota-en-la-plata\/","title":{"rendered":"Derrota en La Plata"},"content":{"rendered":"<p><strong>Segunda derrota en fila para Villa Mitre, esta vez en La Plata, frente a Gimnasia por 73 a 68.\u00a0<\/strong><\/p>\n<p><strong>Federico Harina fue el goleador con 22 unidades, secundado por Franco Pennacchiotti con 16 puntos.<\/strong><\/p>\n<p><b>Con este resultado, el equipo tricolor se posiciona en el primer lugar de la Conferencia con 38pts, es de aclarar que con partidos m\u00e1s que sus perseguidores. El r\u00e9cord\u00a0de esta segunda fase es: 11-7.\u00a0<\/b><\/p>\n<p><b>El pr\u00f3ximo\u00a0compromiso de Villa Mitre ser\u00e1 el 1 de Marzo, cuando visite a Quilmes (Mar del Plata).\u00a0<\/b><\/p>\n<p>&nbsp;<\/p>\n<p style=\"text-align: center;\"><a href=\"http:\/\/www.gentedebasquet.com.ar\/wp-content\/uploads\/2019\/11\/Villa-Mitre-A.jpg\"><img decoding=\"async\" class=\"alignnone size-full wp-image-96592\" src=\"http:\/\/www.gentedebasquet.com.ar\/wp-content\/uploads\/2019\/11\/Villa-Mitre-A.jpg\" alt=\"\" width=\"600\" height=\"250\" srcset=\"https:\/\/gentedebasquet.com.ar\/sitio\/wp-content\/uploads\/2019\/11\/Villa-Mitre-A.jpg 600w, https:\/\/gentedebasquet.com.ar\/sitio\/wp-content\/uploads\/2019\/11\/Villa-Mitre-A-300x125.jpg 300w\" sizes=\"(max-width: 600px) 100vw, 600px\" \/><\/a><\/p>\n<p style=\"text-align: center;\"><a href=\"http:\/\/www.gentedebasquet.com.ar\/wp-content\/uploads\/2019\/11\/Villa-Mitre-B.jpg\"><img decoding=\"async\" class=\"alignnone size-full wp-image-96593\" src=\"http:\/\/www.gentedebasquet.com.ar\/wp-content\/uploads\/2019\/11\/Villa-Mitre-B.jpg\" alt=\"\" width=\"600\" height=\"250\" srcset=\"https:\/\/gentedebasquet.com.ar\/sitio\/wp-content\/uploads\/2019\/11\/Villa-Mitre-B.jpg 600w, https:\/\/gentedebasquet.com.ar\/sitio\/wp-content\/uploads\/2019\/11\/Villa-Mitre-B-300x125.jpg 300w\" sizes=\"(max-width: 600px) 100vw, 600px\" \/><\/a><\/p>\n<p style=\"text-align: center;\"><a href=\"http:\/\/www.gentedebasquet.com.ar\/wp-content\/uploads\/2019\/11\/Villa-Mitre-C.jpg\"><img decoding=\"async\" class=\"alignnone size-full wp-image-96594\" src=\"http:\/\/www.gentedebasquet.com.ar\/wp-content\/uploads\/2019\/11\/Villa-Mitre-C.jpg\" alt=\"\" width=\"600\" height=\"250\" srcset=\"https:\/\/gentedebasquet.com.ar\/sitio\/wp-content\/uploads\/2019\/11\/Villa-Mitre-C.jpg 600w, https:\/\/gentedebasquet.com.ar\/sitio\/wp-content\/uploads\/2019\/11\/Villa-Mitre-C-300x125.jpg 300w\" sizes=\"(max-width: 600px) 100vw, 600px\" \/><\/a><\/p>\n<p>El comienzo del encuentro se mostr\u00f3 parejo durante los primeros diez minutos. Si bien tuvo a la visita con un mejor arranque, en donde sac\u00f3 la primera luz de ventaja al ponerse 4-0 aprovechando la primera imprecisi\u00f3n del local. Pero enseguida Gimnasia emparej\u00f3, no s\u00f3lo el marcador, tambi\u00e9n las acciones en el juego. Comenz\u00f3 a mover la pelota en ataque, estirando la posesi\u00f3n y encontr\u00f3 la mejor oportunidad para tirar.<\/p>\n<p>La primera vez que pas\u00f3 al frente en el marcador fue promediando el parcial cuando Joaqu\u00edn R\u00edos anot\u00f3 un triple para el 12 a 11 y levantar a la gran cantidad de hinchas que se hicieron presentes en el Nethol. A partir de all\u00ed el marcador se mantuvo parejo sin que ning\u00fan equipo logre imponer su juego y sacar diferencias. De esta manera cerraron 22 a 21 a favor del conjunto Mens Sana.<\/p>\n<p>Un 6 a 0 para Mitre en el principio del segundo cuarto puso nuevamente arriba a los de Bah\u00eda, aunque respondi\u00f3 Marcos Risso con un triple (\u00fanicos puntos en el juego) para achicar diferencias. Tras una anotaci\u00f3n de R\u00edos y un doble por parte de Woodson el Lobo pas\u00f3 al frente por 29 a 27, forzando a Lisandro De Tomassi a pedir tiempo muerto.<\/p>\n<p>A partir de ah\u00ed Gimnasia cay\u00f3 en una etapa err\u00e1tica en ofensiva y sin poder bajar los rebotes en su propio tablero, lo que permiti\u00f3 que la visita recupere el liderazgo por 31 a 29. Con un triple de Elnes Bolling y posteriores anotaciones de Ezequiel Dentis y Pablo Alderete, el Lobo se ubic\u00f3 36 a 33 arriba con el que se marcharon al descanso.<\/p>\n<p>&nbsp;<\/p>\n<p>&nbsp;<\/p>\n<p style=\"text-align: center;\"><a href=\"http:\/\/www.gentedebasquet.com.ar\/wp-content\/uploads\/2019\/11\/Villa-Mitre-E.jpg\"><img decoding=\"async\" class=\"alignnone size-full wp-image-96596\" src=\"http:\/\/www.gentedebasquet.com.ar\/wp-content\/uploads\/2019\/11\/Villa-Mitre-E.jpg\" alt=\"\" width=\"600\" height=\"250\" srcset=\"https:\/\/gentedebasquet.com.ar\/sitio\/wp-content\/uploads\/2019\/11\/Villa-Mitre-E.jpg 600w, https:\/\/gentedebasquet.com.ar\/sitio\/wp-content\/uploads\/2019\/11\/Villa-Mitre-E-300x125.jpg 300w\" sizes=\"(max-width: 600px) 100vw, 600px\" \/><\/a><\/p>\n<p style=\"text-align: center;\"><a href=\"http:\/\/www.gentedebasquet.com.ar\/wp-content\/uploads\/2019\/11\/Villa-Mitre-F.jpg\"><img decoding=\"async\" class=\"alignnone size-full wp-image-96597\" src=\"http:\/\/www.gentedebasquet.com.ar\/wp-content\/uploads\/2019\/11\/Villa-Mitre-F.jpg\" alt=\"\" width=\"600\" height=\"250\" srcset=\"https:\/\/gentedebasquet.com.ar\/sitio\/wp-content\/uploads\/2019\/11\/Villa-Mitre-F.jpg 600w, https:\/\/gentedebasquet.com.ar\/sitio\/wp-content\/uploads\/2019\/11\/Villa-Mitre-F-300x125.jpg 300w\" sizes=\"(max-width: 600px) 100vw, 600px\" \/><\/a><\/p>\n<p style=\"text-align: center;\"><a href=\"http:\/\/www.gentedebasquet.com.ar\/wp-content\/uploads\/2019\/11\/Villa-Mitre-D.jpg\"><img decoding=\"async\" class=\"alignnone size-full wp-image-96595\" src=\"http:\/\/www.gentedebasquet.com.ar\/wp-content\/uploads\/2019\/11\/Villa-Mitre-D.jpg\" alt=\"\" width=\"600\" height=\"250\" srcset=\"https:\/\/gentedebasquet.com.ar\/sitio\/wp-content\/uploads\/2019\/11\/Villa-Mitre-D.jpg 600w, https:\/\/gentedebasquet.com.ar\/sitio\/wp-content\/uploads\/2019\/11\/Villa-Mitre-D-300x125.jpg 300w\" sizes=\"(max-width: 600px) 100vw, 600px\" \/><\/a><\/p>\n<p>Tas el intervalo fue Villa Mitre qui\u00e9n arranc\u00f3 mejor, con un parcial de 8 a 4 para pasar al frente por la m\u00ednima (40 a 41). Esto fue producto de ser m\u00e1s certero en sus lanzamientos y correr la cancha cuando su rival de equivocaba. Despu\u00e9s de un nuevo contragolpe de la visita y un triple de Federico Martini para estirar la ventaja por 46 a 40, fue Mauro Tartaglia quien pidi\u00f3 tiempo muerto y frenar el envi\u00f3n de su rival.<\/p>\n<p>Pese a esto, Gimnasia sigui\u00f3 de forma imprecisa en ataque y sin poder contener las penetraciones de los jugadores visitantes, que en varias ocasiones fue de doble y falta para llegar a la m\u00e1xima de once (51 a 40) a favor de Mitre. Sin embargo, cuando parec\u00eda que el conjunto bahiense tomaba ventaja definitiva lleg\u00f3 la reacci\u00f3n del Lobo, empujado por su gente que se levant\u00f3 tras un gran tap\u00f3n de Woodson y un triple de Bolling para ponerse a siete (46 a 53) y creer en la remontada a falta de menos de un minuto. En ese tiempo solo hubo un par de anotaciones para llegar al \u00faltimo con el score 47 a 55 para la visita.<\/p>\n<p>Los \u00faltimos diez minutos comenzaron con un nuevo triple de Bolling (3 de 8 en el partido) para Gimnasia, que se puso a cinco. En la siguiente ofensiva del local, Agust\u00edn S\u00e1nchez cort\u00f3 al aro y Bolling le dio la asistencia para la jugada de tres a la antigua y poner a su equipo a cuatro, 53 a 57. Inmediatamente despu\u00e9s el local corri\u00f3 la cancha tras un recupero para quedar abajo por dos, en un parcial de 8 a 2.<\/p>\n<p>Gimnasia continu\u00f3 con su envi\u00f3n deportivo y an\u00edmico, en especial de la mano de Woodson que creci\u00f3 en el pasaje (5 puntos y 8 rebotes, 1 tapa y 1 asistencia en el cuarto) y su equipo pas\u00f3 al frente por 59 a 57 promediando la mitad de la \u00faltima manga.<\/p>\n<p>Con una racha de 5-0, un triple de Remolina y un doble de Bolling, los triperos estiraron su diferencia a siete (64 a 57), siendo la m\u00e1xima a su favor. En un final caliente, con un clima intenso desde las tribunas y algunos fallos arbitrales pol\u00e9micos, Gimnasia aprovech\u00f3 su momento gracias a los ataques al aro y los rebotes de Woodson tanto en el tablero propio como ofensivos que le permitieron tener segundas oportunidades y aprovecharlas para estirar la diferencia que terminar\u00eda siendo definitiva por 73 a 68.<\/p>\n<p>&nbsp;<\/p>\n<p><strong>Informe &#8211; Foto:<\/strong>\u00a0Prensa Gimnasia<\/p>\n<p><a href=\"https:\/\/www.fibalivestats.com\/u\/ADC\/1472421\/\">ESTAD\u00cdSTICAS ONLINE<\/a><\/p>\n","protected":false},"excerpt":{"rendered":"<p>Villa Mitre perdi\u00f3 26 a 13 el 4C y cay\u00f3 frente a Gimnasia.<\/p>\n","protected":false},"author":1,"featured_media":97714,"comment_status":"closed","ping_status":"open","sticky":false,"template":"","format":"standard","meta":{"jnews-multi-image_gallery":[],"jnews_single_post":[],"jnews_primary_category":[],"footnotes":""},"categories":[112,101],"tags":[209,97,22],"class_list":["post-97713","post","type-post","status-publish","format-standard","has-post-thumbnail","hentry","category-tna","category-slide","tag-federico-harina","tag-gimnasia-lp","tag-villa-mitre"],"yoast_head":"<!-- This site is optimized with the Yoast SEO plugin v27.5 - https:\/\/yoast.com\/product\/yoast-seo-wordpress\/ -->\n<title>Derrota en La Plata - Gente de B\u00e1squet<\/title>\n<meta name=\"robots\" content=\"index, follow, max-snippet:-1, max-image-preview:large, max-video-preview:-1\" \/>\n<link rel=\"canonical\" href=\"https:\/\/gentedebasquet.com.ar\/sitio\/2020\/02\/28\/derrota-en-la-plata\/\" \/>\n<meta property=\"og:locale\" content=\"es_ES\" \/>\n<meta property=\"og:type\" content=\"article\" \/>\n<meta property=\"og:title\" content=\"Derrota en La Plata - Gente de B\u00e1squet\" \/>\n<meta property=\"og:description\" content=\"Villa Mitre perdi\u00f3 26 a 13 el 4C y cay\u00f3 frente a Gimnasia.\" \/>\n<meta property=\"og:url\" content=\"https:\/\/gentedebasquet.com.ar\/sitio\/2020\/02\/28\/derrota-en-la-plata\/\" \/>\n<meta property=\"og:site_name\" content=\"Gente de B\u00e1squet\" \/>\n<meta property=\"article:published_time\" content=\"2020-02-29T02:58:28+00:00\" \/>\n<meta property=\"og:image\" content=\"https:\/\/gentedebasquet.com.ar\/sitio\/wp-content\/uploads\/2020\/02\/GIM-VM.jpg\" \/>\n\t<meta property=\"og:image:width\" content=\"690\" \/>\n\t<meta property=\"og:image:height\" content=\"319\" \/>\n\t<meta property=\"og:image:type\" content=\"image\/jpeg\" \/>\n<meta name=\"author\" content=\"Gente de B\u00e1squet\" \/>\n<meta name=\"twitter:card\" content=\"summary_large_image\" \/>\n<meta name=\"twitter:label1\" content=\"Escrito por\" \/>\n\t<meta name=\"twitter:data1\" content=\"Gente de B\u00e1squet\" \/>\n\t<meta name=\"twitter:label2\" content=\"Tiempo de lectura\" \/>\n\t<meta name=\"twitter:data2\" content=\"4 minutos\" \/>\n<script type=\"application\/ld+json\" class=\"yoast-schema-graph\">{\"@context\":\"https:\\\/\\\/schema.org\",\"@graph\":[{\"@type\":\"Article\",\"@id\":\"https:\\\/\\\/gentedebasquet.com.ar\\\/sitio\\\/2020\\\/02\\\/28\\\/derrota-en-la-plata\\\/#article\",\"isPartOf\":{\"@id\":\"https:\\\/\\\/gentedebasquet.com.ar\\\/sitio\\\/2020\\\/02\\\/28\\\/derrota-en-la-plata\\\/\"},\"author\":{\"name\":\"Gente de B\u00e1squet\",\"@id\":\"http:\\\/\\\/gentedebasquet.com.ar\\\/sitio\\\/#\\\/schema\\\/person\\\/ca0b63bbb977369988a7bbbdc519943a\"},\"headline\":\"Derrota en La Plata\",\"datePublished\":\"2020-02-29T02:58:28+00:00\",\"mainEntityOfPage\":{\"@id\":\"https:\\\/\\\/gentedebasquet.com.ar\\\/sitio\\\/2020\\\/02\\\/28\\\/derrota-en-la-plata\\\/\"},\"wordCount\":779,\"image\":{\"@id\":\"https:\\\/\\\/gentedebasquet.com.ar\\\/sitio\\\/2020\\\/02\\\/28\\\/derrota-en-la-plata\\\/#primaryimage\"},\"thumbnailUrl\":\"https:\\\/\\\/gentedebasquet.com.ar\\\/sitio\\\/wp-content\\\/uploads\\\/2020\\\/02\\\/GIM-VM.jpg\",\"keywords\":[\"Federico Harina\",\"Gimnasia LP\",\"Villa Mitre\"],\"articleSection\":[\"Liga Argentina\",\"Slide\"],\"inLanguage\":\"es\"},{\"@type\":\"WebPage\",\"@id\":\"https:\\\/\\\/gentedebasquet.com.ar\\\/sitio\\\/2020\\\/02\\\/28\\\/derrota-en-la-plata\\\/\",\"url\":\"https:\\\/\\\/gentedebasquet.com.ar\\\/sitio\\\/2020\\\/02\\\/28\\\/derrota-en-la-plata\\\/\",\"name\":\"Derrota en La Plata - Gente de B\u00e1squet\",\"isPartOf\":{\"@id\":\"http:\\\/\\\/gentedebasquet.com.ar\\\/sitio\\\/#website\"},\"primaryImageOfPage\":{\"@id\":\"https:\\\/\\\/gentedebasquet.com.ar\\\/sitio\\\/2020\\\/02\\\/28\\\/derrota-en-la-plata\\\/#primaryimage\"},\"image\":{\"@id\":\"https:\\\/\\\/gentedebasquet.com.ar\\\/sitio\\\/2020\\\/02\\\/28\\\/derrota-en-la-plata\\\/#primaryimage\"},\"thumbnailUrl\":\"https:\\\/\\\/gentedebasquet.com.ar\\\/sitio\\\/wp-content\\\/uploads\\\/2020\\\/02\\\/GIM-VM.jpg\",\"datePublished\":\"2020-02-29T02:58:28+00:00\",\"author\":{\"@id\":\"http:\\\/\\\/gentedebasquet.com.ar\\\/sitio\\\/#\\\/schema\\\/person\\\/ca0b63bbb977369988a7bbbdc519943a\"},\"breadcrumb\":{\"@id\":\"https:\\\/\\\/gentedebasquet.com.ar\\\/sitio\\\/2020\\\/02\\\/28\\\/derrota-en-la-plata\\\/#breadcrumb\"},\"inLanguage\":\"es\",\"potentialAction\":[{\"@type\":\"ReadAction\",\"target\":[\"https:\\\/\\\/gentedebasquet.com.ar\\\/sitio\\\/2020\\\/02\\\/28\\\/derrota-en-la-plata\\\/\"]}]},{\"@type\":\"ImageObject\",\"inLanguage\":\"es\",\"@id\":\"https:\\\/\\\/gentedebasquet.com.ar\\\/sitio\\\/2020\\\/02\\\/28\\\/derrota-en-la-plata\\\/#primaryimage\",\"url\":\"https:\\\/\\\/gentedebasquet.com.ar\\\/sitio\\\/wp-content\\\/uploads\\\/2020\\\/02\\\/GIM-VM.jpg\",\"contentUrl\":\"https:\\\/\\\/gentedebasquet.com.ar\\\/sitio\\\/wp-content\\\/uploads\\\/2020\\\/02\\\/GIM-VM.jpg\",\"width\":690,\"height\":319},{\"@type\":\"BreadcrumbList\",\"@id\":\"https:\\\/\\\/gentedebasquet.com.ar\\\/sitio\\\/2020\\\/02\\\/28\\\/derrota-en-la-plata\\\/#breadcrumb\",\"itemListElement\":[{\"@type\":\"ListItem\",\"position\":1,\"name\":\"Portada\",\"item\":\"http:\\\/\\\/gentedebasquet.com.ar\\\/sitio\\\/\"},{\"@type\":\"ListItem\",\"position\":2,\"name\":\"Derrota en La Plata\"}]},{\"@type\":\"WebSite\",\"@id\":\"http:\\\/\\\/gentedebasquet.com.ar\\\/sitio\\\/#website\",\"url\":\"http:\\\/\\\/gentedebasquet.com.ar\\\/sitio\\\/\",\"name\":\"Gente de B\u00e1squet\",\"description\":\"La revista del basquet de Bah\u00eda Blanca\",\"potentialAction\":[{\"@type\":\"SearchAction\",\"target\":{\"@type\":\"EntryPoint\",\"urlTemplate\":\"http:\\\/\\\/gentedebasquet.com.ar\\\/sitio\\\/?s={search_term_string}\"},\"query-input\":{\"@type\":\"PropertyValueSpecification\",\"valueRequired\":true,\"valueName\":\"search_term_string\"}}],\"inLanguage\":\"es\"},{\"@type\":\"Person\",\"@id\":\"http:\\\/\\\/gentedebasquet.com.ar\\\/sitio\\\/#\\\/schema\\\/person\\\/ca0b63bbb977369988a7bbbdc519943a\",\"name\":\"Gente de B\u00e1squet\",\"image\":{\"@type\":\"ImageObject\",\"inLanguage\":\"es\",\"@id\":\"https:\\\/\\\/secure.gravatar.com\\\/avatar\\\/7f2c48bdc33b30088f941fb6082e555f2874c98e20cb159d7b92b50eadfce793?s=96&d=mm&r=g\",\"url\":\"https:\\\/\\\/secure.gravatar.com\\\/avatar\\\/7f2c48bdc33b30088f941fb6082e555f2874c98e20cb159d7b92b50eadfce793?s=96&d=mm&r=g\",\"contentUrl\":\"https:\\\/\\\/secure.gravatar.com\\\/avatar\\\/7f2c48bdc33b30088f941fb6082e555f2874c98e20cb159d7b92b50eadfce793?s=96&d=mm&r=g\",\"caption\":\"Gente de B\u00e1squet\"},\"sameAs\":[\"http:\\\/\\\/gentedebasquet.com.ar\\\/sitio\"],\"url\":\"https:\\\/\\\/gentedebasquet.com.ar\\\/sitio\\\/author\\\/ulises\\\/\"}]}<\/script>\n<!-- \/ Yoast SEO plugin. -->","yoast_head_json":{"title":"Derrota en La Plata - Gente de B\u00e1squet","robots":{"index":"index","follow":"follow","max-snippet":"max-snippet:-1","max-image-preview":"max-image-preview:large","max-video-preview":"max-video-preview:-1"},"canonical":"https:\/\/gentedebasquet.com.ar\/sitio\/2020\/02\/28\/derrota-en-la-plata\/","og_locale":"es_ES","og_type":"article","og_title":"Derrota en La Plata - Gente de B\u00e1squet","og_description":"Villa Mitre perdi\u00f3 26 a 13 el 4C y cay\u00f3 frente a Gimnasia.","og_url":"https:\/\/gentedebasquet.com.ar\/sitio\/2020\/02\/28\/derrota-en-la-plata\/","og_site_name":"Gente de B\u00e1squet","article_published_time":"2020-02-29T02:58:28+00:00","og_image":[{"width":690,"height":319,"url":"https:\/\/gentedebasquet.com.ar\/sitio\/wp-content\/uploads\/2020\/02\/GIM-VM.jpg","type":"image\/jpeg"}],"author":"Gente de B\u00e1squet","twitter_card":"summary_large_image","twitter_misc":{"Escrito por":"Gente de B\u00e1squet","Tiempo de lectura":"4 minutos"},"schema":{"@context":"https:\/\/schema.org","@graph":[{"@type":"Article","@id":"https:\/\/gentedebasquet.com.ar\/sitio\/2020\/02\/28\/derrota-en-la-plata\/#article","isPartOf":{"@id":"https:\/\/gentedebasquet.com.ar\/sitio\/2020\/02\/28\/derrota-en-la-plata\/"},"author":{"name":"Gente de B\u00e1squet","@id":"http:\/\/gentedebasquet.com.ar\/sitio\/#\/schema\/person\/ca0b63bbb977369988a7bbbdc519943a"},"headline":"Derrota en La Plata","datePublished":"2020-02-29T02:58:28+00:00","mainEntityOfPage":{"@id":"https:\/\/gentedebasquet.com.ar\/sitio\/2020\/02\/28\/derrota-en-la-plata\/"},"wordCount":779,"image":{"@id":"https:\/\/gentedebasquet.com.ar\/sitio\/2020\/02\/28\/derrota-en-la-plata\/#primaryimage"},"thumbnailUrl":"https:\/\/gentedebasquet.com.ar\/sitio\/wp-content\/uploads\/2020\/02\/GIM-VM.jpg","keywords":["Federico Harina","Gimnasia LP","Villa Mitre"],"articleSection":["Liga Argentina","Slide"],"inLanguage":"es"},{"@type":"WebPage","@id":"https:\/\/gentedebasquet.com.ar\/sitio\/2020\/02\/28\/derrota-en-la-plata\/","url":"https:\/\/gentedebasquet.com.ar\/sitio\/2020\/02\/28\/derrota-en-la-plata\/","name":"Derrota en La Plata - Gente de B\u00e1squet","isPartOf":{"@id":"http:\/\/gentedebasquet.com.ar\/sitio\/#website"},"primaryImageOfPage":{"@id":"https:\/\/gentedebasquet.com.ar\/sitio\/2020\/02\/28\/derrota-en-la-plata\/#primaryimage"},"image":{"@id":"https:\/\/gentedebasquet.com.ar\/sitio\/2020\/02\/28\/derrota-en-la-plata\/#primaryimage"},"thumbnailUrl":"https:\/\/gentedebasquet.com.ar\/sitio\/wp-content\/uploads\/2020\/02\/GIM-VM.jpg","datePublished":"2020-02-29T02:58:28+00:00","author":{"@id":"http:\/\/gentedebasquet.com.ar\/sitio\/#\/schema\/person\/ca0b63bbb977369988a7bbbdc519943a"},"breadcrumb":{"@id":"https:\/\/gentedebasquet.com.ar\/sitio\/2020\/02\/28\/derrota-en-la-plata\/#breadcrumb"},"inLanguage":"es","potentialAction":[{"@type":"ReadAction","target":["https:\/\/gentedebasquet.com.ar\/sitio\/2020\/02\/28\/derrota-en-la-plata\/"]}]},{"@type":"ImageObject","inLanguage":"es","@id":"https:\/\/gentedebasquet.com.ar\/sitio\/2020\/02\/28\/derrota-en-la-plata\/#primaryimage","url":"https:\/\/gentedebasquet.com.ar\/sitio\/wp-content\/uploads\/2020\/02\/GIM-VM.jpg","contentUrl":"https:\/\/gentedebasquet.com.ar\/sitio\/wp-content\/uploads\/2020\/02\/GIM-VM.jpg","width":690,"height":319},{"@type":"BreadcrumbList","@id":"https:\/\/gentedebasquet.com.ar\/sitio\/2020\/02\/28\/derrota-en-la-plata\/#breadcrumb","itemListElement":[{"@type":"ListItem","position":1,"name":"Portada","item":"http:\/\/gentedebasquet.com.ar\/sitio\/"},{"@type":"ListItem","position":2,"name":"Derrota en La Plata"}]},{"@type":"WebSite","@id":"http:\/\/gentedebasquet.com.ar\/sitio\/#website","url":"http:\/\/gentedebasquet.com.ar\/sitio\/","name":"Gente de B\u00e1squet","description":"La revista del basquet de Bah\u00eda Blanca","potentialAction":[{"@type":"SearchAction","target":{"@type":"EntryPoint","urlTemplate":"http:\/\/gentedebasquet.com.ar\/sitio\/?s={search_term_string}"},"query-input":{"@type":"PropertyValueSpecification","valueRequired":true,"valueName":"search_term_string"}}],"inLanguage":"es"},{"@type":"Person","@id":"http:\/\/gentedebasquet.com.ar\/sitio\/#\/schema\/person\/ca0b63bbb977369988a7bbbdc519943a","name":"Gente de B\u00e1squet","image":{"@type":"ImageObject","inLanguage":"es","@id":"https:\/\/secure.gravatar.com\/avatar\/7f2c48bdc33b30088f941fb6082e555f2874c98e20cb159d7b92b50eadfce793?s=96&d=mm&r=g","url":"https:\/\/secure.gravatar.com\/avatar\/7f2c48bdc33b30088f941fb6082e555f2874c98e20cb159d7b92b50eadfce793?s=96&d=mm&r=g","contentUrl":"https:\/\/secure.gravatar.com\/avatar\/7f2c48bdc33b30088f941fb6082e555f2874c98e20cb159d7b92b50eadfce793?s=96&d=mm&r=g","caption":"Gente de B\u00e1squet"},"sameAs":["http:\/\/gentedebasquet.com.ar\/sitio"],"url":"https:\/\/gentedebasquet.com.ar\/sitio\/author\/ulises\/"}]}},"_links":{"self":[{"href":"https:\/\/gentedebasquet.com.ar\/sitio\/wp-json\/wp\/v2\/posts\/97713","targetHints":{"allow":["GET"]}}],"collection":[{"href":"https:\/\/gentedebasquet.com.ar\/sitio\/wp-json\/wp\/v2\/posts"}],"about":[{"href":"https:\/\/gentedebasquet.com.ar\/sitio\/wp-json\/wp\/v2\/types\/post"}],"author":[{"embeddable":true,"href":"https:\/\/gentedebasquet.com.ar\/sitio\/wp-json\/wp\/v2\/users\/1"}],"replies":[{"embeddable":true,"href":"https:\/\/gentedebasquet.com.ar\/sitio\/wp-json\/wp\/v2\/comments?post=97713"}],"version-history":[{"count":0,"href":"https:\/\/gentedebasquet.com.ar\/sitio\/wp-json\/wp\/v2\/posts\/97713\/revisions"}],"wp:featuredmedia":[{"embeddable":true,"href":"https:\/\/gentedebasquet.com.ar\/sitio\/wp-json\/wp\/v2\/media\/97714"}],"wp:attachment":[{"href":"https:\/\/gentedebasquet.com.ar\/sitio\/wp-json\/wp\/v2\/media?parent=97713"}],"wp:term":[{"taxonomy":"category","embeddable":true,"href":"https:\/\/gentedebasquet.com.ar\/sitio\/wp-json\/wp\/v2\/categories?post=97713"},{"taxonomy":"post_tag","embeddable":true,"href":"https:\/\/gentedebasquet.com.ar\/sitio\/wp-json\/wp\/v2\/tags?post=97713"}],"curies":[{"name":"wp","href":"https:\/\/api.w.org\/{rel}","templated":true}]}}