{"id":981,"date":"2011-11-03T04:34:59","date_gmt":"2011-11-03T04:34:59","guid":{"rendered":"http:\/\/www.gentedebasquet.com.ar\/?p=981"},"modified":"2011-11-03T04:34:59","modified_gmt":"2011-11-03T04:34:59","slug":"lo-pinto-de-celeste","status":"publish","type":"post","link":"https:\/\/gentedebasquet.com.ar\/sitio\/2011\/11\/03\/lo-pinto-de-celeste\/","title":{"rendered":"Lo pint\u00f3 de Celeste"},"content":{"rendered":"<p><a href=\"http:\/\/www.gentedebasquet.com.ar\/wp-content\/uploads\/2011\/11\/9JCEN.jpg\"><img decoding=\"async\" class=\"size-full wp-image-982 alignnone\" src=\"http:\/\/www.gentedebasquet.com.ar\/wp-content\/uploads\/2011\/11\/9JCEN.jpg\" alt=\"\" width=\"448\" height=\"324\" \/><\/a><\/p>\n<p><strong><em>El Nacional venci\u00f3 a 9 de Julio por 59 a 58 y se clasific\u00f3 a las semifinales del Oficial de Primera. Cerr\u00f3 su serie 2-0, ya que hab\u00eda ganado como local 75 a 65. El juego interior de Hoffman y Heinrich fue sustancial, ya que ambos anotaron 26 puntos y bajaron 23 rebotes. En 9 de Julio se destac\u00f3 Badano con 15 tantos. Los de Juan Andr\u00e9s Garc\u00eda chocar\u00e1n con Bahiense.<!--more--> <\/em><\/strong><\/p>\n<p>Las 14 veces en que hubo cambio de liderazgo y las 7 oportunidades en las que el marcador estuvo igualado marcan la paridad de este partido. El Nacional se lo llev\u00f3 59 a 58 sobre 9 de Julio, pero bien podr\u00eda haber sido el equipo de Ugolini el que festeje en el N\u00e9stor Damiani. La dupla interna Heinrich \u2013 Hoffman lider\u00f3 al conjunto visitante, anotando 26 puntos (19 de Francisco) y tomando 23 rebotes (19 de Ramiro).<\/p>\n<p>Arranc\u00f3 malo y desdibujado el juego, con p\u00e9rdidas infantiles y bajo porcentaje en tiros al aro. En la mitad el primer cuarto, el local estaba arriba 7-3 y El Nacional no hab\u00eda convertido de campo. \u00a0El visitante congestion\u00f3 la pintura, apoy\u00e1ndose en el primer juego de la serie, en el que Chotard hab\u00eda bajado 19 rebotes; y Hoffman comenz\u00f3 a mostrar que iba a tener una buena noche.<\/p>\n<p>El segundo cuarto marc\u00f3 una m\u00ednima ventaja para El Nacional. Sin embargo se mantuvo la ineficacia, ya que el tanteador no se movi\u00f3 hasta los 3 minutos.\u00a0Sin embargo marc\u00f3 una m\u00ednima ventaja para El Nacional, sobre todo en el final, ya que anot\u00f3 dos triples consecutivos ante la zona 2-3 del local (llevaba 2\/14 hasta ese momento). En los primeros 5 minutos del tercer cuarto 9 de Julio estableci\u00f3 un parcial de 12-4 y se puso arriba 38-34. Mor\u00e1n y una bomba de Alonso (ingres\u00f3 por la acumulaci\u00f3n de faltas de Vago) devolvieron la paridad.<\/p>\n<p>El desenlace era incierto, porque el partido se mantuvo muy cerrado hasta el \u00faltimo minuto. Faltando 58 segundos el juego estaba igualado en 55. Una bandeja de Iraola puso al Celeste 57-55 (a 32 segundos) y una p\u00e9rdida de Zangla le devolvi\u00f3 la pelota al visitante. Falta mediante, Iraola fue a la l\u00ednea (1\/2) y repuso \u201c9\u201d con una bandeja fallida de Severini. Chotard cort\u00f3 a Iraola que hizo 2\/2 en libres y el cierre con triple incluido de Zangla solo quedar\u00e1 en la estad\u00edstica.<\/p>\n<p>&nbsp;<\/p>\n<p><strong><em><span style=\"text-decoration: underline\">S\u00edntesis: <\/span><\/em><\/strong><\/p>\n<p><strong>9 de Julio 58:<\/strong><\/p>\n<p>Iniciales: Gonzalo Badano (15), Fabio Zangla (14), Fernando Temporelli (0), Alejandro Chotard (6) y Fabricio Starc (9).<br \/>\nIngresaron: Diego Zilio (5), Juan Ignacio Diomedi (0), Andr\u00e9s Severini (4) y Dami\u00e1n Su\u00e1rez (5).<br \/>\nDT: Ariel Ugolini.<\/p>\n<p><strong>El Nacional 59:<\/strong><\/p>\n<p>Iniciales: Juan Pablo Mor\u00e1n (11), Mauricio Vago (4), Emiliano Iraola (13), Francisco Hoffman (19) y Ramiro Heinrich (7).<\/p>\n<p>Ingresaron: Fabrizio Montironi (0), Nicol\u00e1s Breppe (0), Emilio Gim\u00e9nez (2) y Braian Alonso (3).<br \/>\nDT: Juan Andr\u00e9s Garc\u00eda.<\/p>\n<p><strong>Cuartos:<\/strong> 9 de Julio 12-12, 26-30, 47-46 y 58-59.<\/p>\n<p><strong>5 Faltas:<\/strong> Mauricio Vago y Braian Alonso (EN).<br \/>\n<strong>\u00c1rbitros:<\/strong> Emanuel S\u00e1nchez y Luis De Marchi.<\/p>\n<p><strong>Otros resultados: <\/strong>Pac\u00edfico 74 \u2013 80 Bahiense; Argentino 64 \u2013 66 Villa Mitre y Estudiantes 72 &#8211; 91 Liniers.<\/p>\n<p><strong>Cuartos de final:<\/strong> El Nacional 2 \u2013 0 9 de Julio; Bahiense 2 \u2013 0 Pac\u00edfico; Liniers 2 \u2013 0 Estudiantes y Villa Mitre 2 \u2013 0 Argentino.<\/p>\n<p><strong>Semifinales:<\/strong>\u00a0Bahiense \u2013 El Nacional y Villa Mitre \u2013 Liniers.<\/p>\n<p>&nbsp;<\/p>\n<p><a class=\"modalf iframe\" title=\"Planilla\" href=\"https:\/\/docs.google.com\/spreadsheet\/pub?hl=es&amp;hl=es&amp;key=0AhWH6MgjN9X5dHZWcFoyeTY4MmhvOG1mNHlWVThDZkE&amp;single=true&amp;gid=0&amp;output=html\">Ver Planilla<\/a><\/p>\n","protected":false},"excerpt":{"rendered":"<p>El Nacional venci\u00f3 a 9 de Julio por 59 a 58 y se clasific\u00f3 a las semifinales del Oficial de Primera. Cerr\u00f3 su serie 2-0, ya que hab\u00eda ganado como local 75 a 65. El juego interior de Hoffman y Heinrich fue sustancial, ya que ambos anotaron 26 puntos y bajaron 23 rebotes. En 9 [&hellip;]<\/p>\n","protected":false},"author":1,"featured_media":0,"comment_status":"open","ping_status":"open","sticky":false,"template":"","format":"standard","meta":{"jnews-multi-image_gallery":[],"jnews_single_post":[],"jnews_primary_category":[],"footnotes":""},"categories":[23],"tags":[2,9],"class_list":["post-981","post","type-post","status-publish","format-standard","hentry","category-primera","tag-9dejulio","tag-el-nacional"],"yoast_head":"<!-- This site is optimized with the Yoast SEO plugin v27.5 - https:\/\/yoast.com\/product\/yoast-seo-wordpress\/ -->\n<title>Lo pint\u00f3 de Celeste - Gente de B\u00e1squet<\/title>\n<meta name=\"robots\" content=\"index, follow, max-snippet:-1, max-image-preview:large, max-video-preview:-1\" \/>\n<link rel=\"canonical\" href=\"https:\/\/gentedebasquet.com.ar\/sitio\/2011\/11\/03\/lo-pinto-de-celeste\/\" \/>\n<meta property=\"og:locale\" content=\"es_ES\" \/>\n<meta property=\"og:type\" content=\"article\" \/>\n<meta property=\"og:title\" content=\"Lo pint\u00f3 de Celeste - Gente de B\u00e1squet\" \/>\n<meta property=\"og:description\" content=\"El Nacional venci\u00f3 a 9 de Julio por 59 a 58 y se clasific\u00f3 a las semifinales del Oficial de Primera. Cerr\u00f3 su serie 2-0, ya que hab\u00eda ganado como local 75 a 65. El juego interior de Hoffman y Heinrich fue sustancial, ya que ambos anotaron 26 puntos y bajaron 23 rebotes. En 9 [&hellip;]\" \/>\n<meta property=\"og:url\" content=\"https:\/\/gentedebasquet.com.ar\/sitio\/2011\/11\/03\/lo-pinto-de-celeste\/\" \/>\n<meta property=\"og:site_name\" content=\"Gente de B\u00e1squet\" \/>\n<meta property=\"article:published_time\" content=\"2011-11-03T04:34:59+00:00\" \/>\n<meta property=\"og:image\" content=\"http:\/\/www.gentedebasquet.com.ar\/wp-content\/uploads\/2011\/11\/9JCEN.jpg\" \/>\n<meta name=\"author\" content=\"Gente de B\u00e1squet\" \/>\n<meta name=\"twitter:card\" content=\"summary_large_image\" \/>\n<meta name=\"twitter:label1\" content=\"Escrito por\" \/>\n\t<meta name=\"twitter:data1\" content=\"Gente de B\u00e1squet\" \/>\n\t<meta name=\"twitter:label2\" content=\"Tiempo de lectura\" \/>\n\t<meta name=\"twitter:data2\" content=\"3 minutos\" \/>\n<script type=\"application\/ld+json\" class=\"yoast-schema-graph\">{\"@context\":\"https:\\\/\\\/schema.org\",\"@graph\":[{\"@type\":\"Article\",\"@id\":\"https:\\\/\\\/gentedebasquet.com.ar\\\/sitio\\\/2011\\\/11\\\/03\\\/lo-pinto-de-celeste\\\/#article\",\"isPartOf\":{\"@id\":\"https:\\\/\\\/gentedebasquet.com.ar\\\/sitio\\\/2011\\\/11\\\/03\\\/lo-pinto-de-celeste\\\/\"},\"author\":{\"name\":\"Gente de B\u00e1squet\",\"@id\":\"https:\\\/\\\/gentedebasquet.com.ar\\\/sitio\\\/#\\\/schema\\\/person\\\/ca0b63bbb977369988a7bbbdc519943a\"},\"headline\":\"Lo pint\u00f3 de Celeste\",\"datePublished\":\"2011-11-03T04:34:59+00:00\",\"mainEntityOfPage\":{\"@id\":\"https:\\\/\\\/gentedebasquet.com.ar\\\/sitio\\\/2011\\\/11\\\/03\\\/lo-pinto-de-celeste\\\/\"},\"wordCount\":518,\"commentCount\":0,\"image\":{\"@id\":\"https:\\\/\\\/gentedebasquet.com.ar\\\/sitio\\\/2011\\\/11\\\/03\\\/lo-pinto-de-celeste\\\/#primaryimage\"},\"thumbnailUrl\":\"http:\\\/\\\/www.gentedebasquet.com.ar\\\/wp-content\\\/uploads\\\/2011\\\/11\\\/9JCEN.jpg\",\"keywords\":[\"9 de Julio\",\"El Nacional\"],\"articleSection\":[\"Primera\"],\"inLanguage\":\"es\",\"potentialAction\":[{\"@type\":\"CommentAction\",\"name\":\"Comment\",\"target\":[\"https:\\\/\\\/gentedebasquet.com.ar\\\/sitio\\\/2011\\\/11\\\/03\\\/lo-pinto-de-celeste\\\/#respond\"]}]},{\"@type\":\"WebPage\",\"@id\":\"https:\\\/\\\/gentedebasquet.com.ar\\\/sitio\\\/2011\\\/11\\\/03\\\/lo-pinto-de-celeste\\\/\",\"url\":\"https:\\\/\\\/gentedebasquet.com.ar\\\/sitio\\\/2011\\\/11\\\/03\\\/lo-pinto-de-celeste\\\/\",\"name\":\"Lo pint\u00f3 de Celeste - Gente de B\u00e1squet\",\"isPartOf\":{\"@id\":\"https:\\\/\\\/gentedebasquet.com.ar\\\/sitio\\\/#website\"},\"primaryImageOfPage\":{\"@id\":\"https:\\\/\\\/gentedebasquet.com.ar\\\/sitio\\\/2011\\\/11\\\/03\\\/lo-pinto-de-celeste\\\/#primaryimage\"},\"image\":{\"@id\":\"https:\\\/\\\/gentedebasquet.com.ar\\\/sitio\\\/2011\\\/11\\\/03\\\/lo-pinto-de-celeste\\\/#primaryimage\"},\"thumbnailUrl\":\"http:\\\/\\\/www.gentedebasquet.com.ar\\\/wp-content\\\/uploads\\\/2011\\\/11\\\/9JCEN.jpg\",\"datePublished\":\"2011-11-03T04:34:59+00:00\",\"author\":{\"@id\":\"https:\\\/\\\/gentedebasquet.com.ar\\\/sitio\\\/#\\\/schema\\\/person\\\/ca0b63bbb977369988a7bbbdc519943a\"},\"breadcrumb\":{\"@id\":\"https:\\\/\\\/gentedebasquet.com.ar\\\/sitio\\\/2011\\\/11\\\/03\\\/lo-pinto-de-celeste\\\/#breadcrumb\"},\"inLanguage\":\"es\",\"potentialAction\":[{\"@type\":\"ReadAction\",\"target\":[\"https:\\\/\\\/gentedebasquet.com.ar\\\/sitio\\\/2011\\\/11\\\/03\\\/lo-pinto-de-celeste\\\/\"]}]},{\"@type\":\"ImageObject\",\"inLanguage\":\"es\",\"@id\":\"https:\\\/\\\/gentedebasquet.com.ar\\\/sitio\\\/2011\\\/11\\\/03\\\/lo-pinto-de-celeste\\\/#primaryimage\",\"url\":\"http:\\\/\\\/www.gentedebasquet.com.ar\\\/wp-content\\\/uploads\\\/2011\\\/11\\\/9JCEN.jpg\",\"contentUrl\":\"http:\\\/\\\/www.gentedebasquet.com.ar\\\/wp-content\\\/uploads\\\/2011\\\/11\\\/9JCEN.jpg\"},{\"@type\":\"BreadcrumbList\",\"@id\":\"https:\\\/\\\/gentedebasquet.com.ar\\\/sitio\\\/2011\\\/11\\\/03\\\/lo-pinto-de-celeste\\\/#breadcrumb\",\"itemListElement\":[{\"@type\":\"ListItem\",\"position\":1,\"name\":\"Portada\",\"item\":\"https:\\\/\\\/gentedebasquet.com.ar\\\/sitio\\\/\"},{\"@type\":\"ListItem\",\"position\":2,\"name\":\"Lo pint\u00f3 de Celeste\"}]},{\"@type\":\"WebSite\",\"@id\":\"https:\\\/\\\/gentedebasquet.com.ar\\\/sitio\\\/#website\",\"url\":\"https:\\\/\\\/gentedebasquet.com.ar\\\/sitio\\\/\",\"name\":\"Gente de B\u00e1squet\",\"description\":\"La revista del basquet de Bah\u00eda Blanca\",\"potentialAction\":[{\"@type\":\"SearchAction\",\"target\":{\"@type\":\"EntryPoint\",\"urlTemplate\":\"https:\\\/\\\/gentedebasquet.com.ar\\\/sitio\\\/?s={search_term_string}\"},\"query-input\":{\"@type\":\"PropertyValueSpecification\",\"valueRequired\":true,\"valueName\":\"search_term_string\"}}],\"inLanguage\":\"es\"},{\"@type\":\"Person\",\"@id\":\"https:\\\/\\\/gentedebasquet.com.ar\\\/sitio\\\/#\\\/schema\\\/person\\\/ca0b63bbb977369988a7bbbdc519943a\",\"name\":\"Gente de B\u00e1squet\",\"image\":{\"@type\":\"ImageObject\",\"inLanguage\":\"es\",\"@id\":\"https:\\\/\\\/secure.gravatar.com\\\/avatar\\\/7f2c48bdc33b30088f941fb6082e555f2874c98e20cb159d7b92b50eadfce793?s=96&d=mm&r=g\",\"url\":\"https:\\\/\\\/secure.gravatar.com\\\/avatar\\\/7f2c48bdc33b30088f941fb6082e555f2874c98e20cb159d7b92b50eadfce793?s=96&d=mm&r=g\",\"contentUrl\":\"https:\\\/\\\/secure.gravatar.com\\\/avatar\\\/7f2c48bdc33b30088f941fb6082e555f2874c98e20cb159d7b92b50eadfce793?s=96&d=mm&r=g\",\"caption\":\"Gente de B\u00e1squet\"},\"sameAs\":[\"http:\\\/\\\/gentedebasquet.com.ar\\\/sitio\"],\"url\":\"https:\\\/\\\/gentedebasquet.com.ar\\\/sitio\\\/author\\\/ulises\\\/\"}]}<\/script>\n<!-- \/ Yoast SEO plugin. -->","yoast_head_json":{"title":"Lo pint\u00f3 de Celeste - Gente de B\u00e1squet","robots":{"index":"index","follow":"follow","max-snippet":"max-snippet:-1","max-image-preview":"max-image-preview:large","max-video-preview":"max-video-preview:-1"},"canonical":"https:\/\/gentedebasquet.com.ar\/sitio\/2011\/11\/03\/lo-pinto-de-celeste\/","og_locale":"es_ES","og_type":"article","og_title":"Lo pint\u00f3 de Celeste - Gente de B\u00e1squet","og_description":"El Nacional venci\u00f3 a 9 de Julio por 59 a 58 y se clasific\u00f3 a las semifinales del Oficial de Primera. Cerr\u00f3 su serie 2-0, ya que hab\u00eda ganado como local 75 a 65. El juego interior de Hoffman y Heinrich fue sustancial, ya que ambos anotaron 26 puntos y bajaron 23 rebotes. En 9 [&hellip;]","og_url":"https:\/\/gentedebasquet.com.ar\/sitio\/2011\/11\/03\/lo-pinto-de-celeste\/","og_site_name":"Gente de B\u00e1squet","article_published_time":"2011-11-03T04:34:59+00:00","og_image":[{"url":"http:\/\/www.gentedebasquet.com.ar\/wp-content\/uploads\/2011\/11\/9JCEN.jpg","type":"","width":"","height":""}],"author":"Gente de B\u00e1squet","twitter_card":"summary_large_image","twitter_misc":{"Escrito por":"Gente de B\u00e1squet","Tiempo de lectura":"3 minutos"},"schema":{"@context":"https:\/\/schema.org","@graph":[{"@type":"Article","@id":"https:\/\/gentedebasquet.com.ar\/sitio\/2011\/11\/03\/lo-pinto-de-celeste\/#article","isPartOf":{"@id":"https:\/\/gentedebasquet.com.ar\/sitio\/2011\/11\/03\/lo-pinto-de-celeste\/"},"author":{"name":"Gente de B\u00e1squet","@id":"https:\/\/gentedebasquet.com.ar\/sitio\/#\/schema\/person\/ca0b63bbb977369988a7bbbdc519943a"},"headline":"Lo pint\u00f3 de Celeste","datePublished":"2011-11-03T04:34:59+00:00","mainEntityOfPage":{"@id":"https:\/\/gentedebasquet.com.ar\/sitio\/2011\/11\/03\/lo-pinto-de-celeste\/"},"wordCount":518,"commentCount":0,"image":{"@id":"https:\/\/gentedebasquet.com.ar\/sitio\/2011\/11\/03\/lo-pinto-de-celeste\/#primaryimage"},"thumbnailUrl":"http:\/\/www.gentedebasquet.com.ar\/wp-content\/uploads\/2011\/11\/9JCEN.jpg","keywords":["9 de Julio","El Nacional"],"articleSection":["Primera"],"inLanguage":"es","potentialAction":[{"@type":"CommentAction","name":"Comment","target":["https:\/\/gentedebasquet.com.ar\/sitio\/2011\/11\/03\/lo-pinto-de-celeste\/#respond"]}]},{"@type":"WebPage","@id":"https:\/\/gentedebasquet.com.ar\/sitio\/2011\/11\/03\/lo-pinto-de-celeste\/","url":"https:\/\/gentedebasquet.com.ar\/sitio\/2011\/11\/03\/lo-pinto-de-celeste\/","name":"Lo pint\u00f3 de Celeste - Gente de B\u00e1squet","isPartOf":{"@id":"https:\/\/gentedebasquet.com.ar\/sitio\/#website"},"primaryImageOfPage":{"@id":"https:\/\/gentedebasquet.com.ar\/sitio\/2011\/11\/03\/lo-pinto-de-celeste\/#primaryimage"},"image":{"@id":"https:\/\/gentedebasquet.com.ar\/sitio\/2011\/11\/03\/lo-pinto-de-celeste\/#primaryimage"},"thumbnailUrl":"http:\/\/www.gentedebasquet.com.ar\/wp-content\/uploads\/2011\/11\/9JCEN.jpg","datePublished":"2011-11-03T04:34:59+00:00","author":{"@id":"https:\/\/gentedebasquet.com.ar\/sitio\/#\/schema\/person\/ca0b63bbb977369988a7bbbdc519943a"},"breadcrumb":{"@id":"https:\/\/gentedebasquet.com.ar\/sitio\/2011\/11\/03\/lo-pinto-de-celeste\/#breadcrumb"},"inLanguage":"es","potentialAction":[{"@type":"ReadAction","target":["https:\/\/gentedebasquet.com.ar\/sitio\/2011\/11\/03\/lo-pinto-de-celeste\/"]}]},{"@type":"ImageObject","inLanguage":"es","@id":"https:\/\/gentedebasquet.com.ar\/sitio\/2011\/11\/03\/lo-pinto-de-celeste\/#primaryimage","url":"http:\/\/www.gentedebasquet.com.ar\/wp-content\/uploads\/2011\/11\/9JCEN.jpg","contentUrl":"http:\/\/www.gentedebasquet.com.ar\/wp-content\/uploads\/2011\/11\/9JCEN.jpg"},{"@type":"BreadcrumbList","@id":"https:\/\/gentedebasquet.com.ar\/sitio\/2011\/11\/03\/lo-pinto-de-celeste\/#breadcrumb","itemListElement":[{"@type":"ListItem","position":1,"name":"Portada","item":"https:\/\/gentedebasquet.com.ar\/sitio\/"},{"@type":"ListItem","position":2,"name":"Lo pint\u00f3 de Celeste"}]},{"@type":"WebSite","@id":"https:\/\/gentedebasquet.com.ar\/sitio\/#website","url":"https:\/\/gentedebasquet.com.ar\/sitio\/","name":"Gente de B\u00e1squet","description":"La revista del basquet de Bah\u00eda Blanca","potentialAction":[{"@type":"SearchAction","target":{"@type":"EntryPoint","urlTemplate":"https:\/\/gentedebasquet.com.ar\/sitio\/?s={search_term_string}"},"query-input":{"@type":"PropertyValueSpecification","valueRequired":true,"valueName":"search_term_string"}}],"inLanguage":"es"},{"@type":"Person","@id":"https:\/\/gentedebasquet.com.ar\/sitio\/#\/schema\/person\/ca0b63bbb977369988a7bbbdc519943a","name":"Gente de B\u00e1squet","image":{"@type":"ImageObject","inLanguage":"es","@id":"https:\/\/secure.gravatar.com\/avatar\/7f2c48bdc33b30088f941fb6082e555f2874c98e20cb159d7b92b50eadfce793?s=96&d=mm&r=g","url":"https:\/\/secure.gravatar.com\/avatar\/7f2c48bdc33b30088f941fb6082e555f2874c98e20cb159d7b92b50eadfce793?s=96&d=mm&r=g","contentUrl":"https:\/\/secure.gravatar.com\/avatar\/7f2c48bdc33b30088f941fb6082e555f2874c98e20cb159d7b92b50eadfce793?s=96&d=mm&r=g","caption":"Gente de B\u00e1squet"},"sameAs":["http:\/\/gentedebasquet.com.ar\/sitio"],"url":"https:\/\/gentedebasquet.com.ar\/sitio\/author\/ulises\/"}]}},"_links":{"self":[{"href":"https:\/\/gentedebasquet.com.ar\/sitio\/wp-json\/wp\/v2\/posts\/981","targetHints":{"allow":["GET"]}}],"collection":[{"href":"https:\/\/gentedebasquet.com.ar\/sitio\/wp-json\/wp\/v2\/posts"}],"about":[{"href":"https:\/\/gentedebasquet.com.ar\/sitio\/wp-json\/wp\/v2\/types\/post"}],"author":[{"embeddable":true,"href":"https:\/\/gentedebasquet.com.ar\/sitio\/wp-json\/wp\/v2\/users\/1"}],"replies":[{"embeddable":true,"href":"https:\/\/gentedebasquet.com.ar\/sitio\/wp-json\/wp\/v2\/comments?post=981"}],"version-history":[{"count":0,"href":"https:\/\/gentedebasquet.com.ar\/sitio\/wp-json\/wp\/v2\/posts\/981\/revisions"}],"wp:attachment":[{"href":"https:\/\/gentedebasquet.com.ar\/sitio\/wp-json\/wp\/v2\/media?parent=981"}],"wp:term":[{"taxonomy":"category","embeddable":true,"href":"https:\/\/gentedebasquet.com.ar\/sitio\/wp-json\/wp\/v2\/categories?post=981"},{"taxonomy":"post_tag","embeddable":true,"href":"https:\/\/gentedebasquet.com.ar\/sitio\/wp-json\/wp\/v2\/tags?post=981"}],"curies":[{"name":"wp","href":"https:\/\/api.w.org\/{rel}","templated":true}]}}