{"id":98196,"date":"2020-08-05T13:34:49","date_gmt":"2020-08-05T16:34:49","guid":{"rendered":"http:\/\/www.gentedebasquet.com.ar\/?p=98196"},"modified":"2020-08-05T13:34:49","modified_gmt":"2020-08-05T16:34:49","slug":"richotti-cambio-de-equipo","status":"publish","type":"post","link":"https:\/\/gentedebasquet.com.ar\/sitio\/2020\/08\/05\/richotti-cambio-de-equipo\/","title":{"rendered":"Richotti cambi\u00f3 de equipo"},"content":{"rendered":"<p><strong>Nicol\u00e1s Richotti se convierti\u00f3 en el cuarto jugador que se incorpora al Destino Palencia para la temporada 2020\/21\u00a0de la liga LEB Oro del ascenso espa\u00f1ol.<\/strong><\/p>\n<p><strong>El bahiense tiene una dilatada experiencia en la m\u00e1xima categor\u00eda del baloncesto espa\u00f1ol, habiendo disputado siete temporadas consecutivas con el Iberostar Tenerife. La pasada campa\u00f1a firm\u00f3 por el Montakit Fuenlabrada, equipo con el que disput\u00f3 20 jornadas.<\/strong><\/p>\n<p><strong>\u00ab\u00a1All\u00e1 voy Palencia! De vuelta a la categor\u00eda que tanto me dio, con la mayor ilusi\u00f3n y feliz por formar parte de esta gran familia morada&#8230; \u00a1Lo mejor est\u00e1 por llegar!\u00bb, se\u00f1al\u00f3 Nico.<\/strong><\/p>\n<p><a href=\"http:\/\/www.storti-faggiano.com.ar\/\" target=\"_blank\" rel=\"noopener\"><img decoding=\"async\" class=\"aligncenter size-full wp-image-58161\" src=\"http:\/\/www.gentedebasquet.com.ar\/wp-content\/uploads\/2016\/04\/Faggiano-277x195.jpg\" alt=\"\" width=\"277\" height=\"195\" \/><\/a><\/p>\n<p>\u00abEs un jugador que yo ya segu\u00eda cuando lleg\u00f3 a Tenerife desde Italia, a jugar en Liga EBA. Es un jugador que llam\u00f3 la atenci\u00f3n del Real Madrid jugando en su equipo de LEB Plata y pasando ya despu\u00e9s a disputar 9 temporadas en Tenerife donde fue capit\u00e1n y con quienes logr\u00f3 una intercontinental. Creo que esa presentaci\u00f3n ya lo dice todo\u00bb afirm\u00f3 el director t\u00e9cnico morado, Arturo \u00c1lvarez.<\/p>\n<p><a href=\"https:\/\/bajocero.sed.com.ar\/\" target=\"_blank\" rel=\"noopener\"><img decoding=\"async\" class=\"aligncenter size-full wp-image-98137\" src=\"http:\/\/www.gentedebasquet.com.ar\/wp-content\/uploads\/2020\/07\/Bajo-Cero-web.jpg\" alt=\"\" width=\"300\" height=\"263\" \/><\/a><\/p>\n<p>El escolta destaca por ser \u00abun jugador muy intenso, muy espectacular, muy f\u00edsico, que puede alternar su posici\u00f3n natural de dos, con momentos de ayuda al base. Es un jugador que creo que en la LEB va a ser un salto de calidad\u00bb finaliz\u00f3 \u00c1lvarez.<\/p>\n<p><a href=\"https:\/\/rayoseguridadprivada.com\/\" target=\"_blank\" rel=\"noopener\"><img decoding=\"async\" class=\"aligncenter size-full wp-image-93534\" src=\"http:\/\/www.gentedebasquet.com.ar\/wp-content\/uploads\/2019\/05\/Rayo-300x250.jpg\" alt=\"\" width=\"300\" height=\"250\" \/><\/a><\/p>\n<p><iframe loading=\"lazy\" style=\"border: none; overflow: hidden;\" src=\"https:\/\/www.facebook.com\/plugins\/video.php?href=https%3A%2F%2Fwww.facebook.com%2Fpalenciabasket%2Fvideos%2F220045365981077%2F&amp;show_text=0&amp;width=380\" width=\"380\" height=\"476\" frameborder=\"0\" scrolling=\"no\" allowfullscreen=\"allowfullscreen\"><\/iframe><\/p>\n<p><a href=\"https:\/\/www.facebook.com\/4estaciones.bb\/\" target=\"_blank\" rel=\"noopener\"><img decoding=\"async\" class=\"aligncenter size-full wp-image-98072\" src=\"http:\/\/www.gentedebasquet.com.ar\/wp-content\/uploads\/2020\/07\/Cuatro-Estaciones-b.jpg\" alt=\"\" width=\"300\" height=\"250\" \/><\/a><\/p>\n<p><img decoding=\"async\" class=\"aligncenter size-full wp-image-98171\" src=\"http:\/\/www.gentedebasquet.com.ar\/wp-content\/uploads\/2020\/07\/Piscinas.jpg\" alt=\"\" width=\"300\" height=\"250\" \/><\/p>\n<p><img decoding=\"async\" class=\"aligncenter size-full wp-image-98176\" src=\"http:\/\/www.gentedebasquet.com.ar\/wp-content\/uploads\/2020\/07\/Boy\u00e9-T\u00e9cnica.jpg\" alt=\"\" width=\"300\" height=\"250\" \/><\/p>\n","protected":false},"excerpt":{"rendered":"<p>Nicol\u00e1s jugar\u00e1 la pr\u00f3xima LEB Oro de Espa\u00f1a con Palencia Basket<\/p>\n","protected":false},"author":1,"featured_media":98197,"comment_status":"closed","ping_status":"open","sticky":false,"template":"","format":"standard","meta":{"jnews-multi-image_gallery":[],"jnews_single_post":[],"jnews_primary_category":[],"footnotes":""},"categories":[34,101],"tags":[365,540,198,1797],"class_list":["post-98196","post","type-post","status-publish","format-standard","has-post-thumbnail","hentry","category-bahienses-afuera","category-slide","tag-espana","tag-leb-oro","tag-nicolas-richotti","tag-palencia"],"yoast_head":"<!-- This site is optimized with the Yoast SEO plugin v27.5 - https:\/\/yoast.com\/product\/yoast-seo-wordpress\/ -->\n<title>Richotti cambi\u00f3 de equipo - Gente de B\u00e1squet<\/title>\n<meta name=\"robots\" content=\"index, follow, max-snippet:-1, max-image-preview:large, max-video-preview:-1\" \/>\n<link rel=\"canonical\" href=\"http:\/\/gentedebasquet.com.ar\/sitio\/2020\/08\/05\/richotti-cambio-de-equipo\/\" \/>\n<meta property=\"og:locale\" content=\"es_ES\" \/>\n<meta property=\"og:type\" content=\"article\" \/>\n<meta property=\"og:title\" content=\"Richotti cambi\u00f3 de equipo - Gente de B\u00e1squet\" \/>\n<meta property=\"og:description\" content=\"Nicol\u00e1s jugar\u00e1 la pr\u00f3xima LEB Oro de Espa\u00f1a con Palencia Basket\" \/>\n<meta property=\"og:url\" content=\"http:\/\/gentedebasquet.com.ar\/sitio\/2020\/08\/05\/richotti-cambio-de-equipo\/\" \/>\n<meta property=\"og:site_name\" content=\"Gente de B\u00e1squet\" \/>\n<meta property=\"article:published_time\" content=\"2020-08-05T16:34:49+00:00\" \/>\n<meta property=\"og:image\" content=\"http:\/\/gentedebasquet.com.ar\/sitio\/wp-content\/uploads\/2020\/08\/Palencia-Richotti.jpg\" \/>\n\t<meta property=\"og:image:width\" content=\"690\" \/>\n\t<meta property=\"og:image:height\" content=\"319\" \/>\n\t<meta property=\"og:image:type\" content=\"image\/jpeg\" \/>\n<meta name=\"author\" content=\"Gente de B\u00e1squet\" \/>\n<meta name=\"twitter:card\" content=\"summary_large_image\" \/>\n<meta name=\"twitter:label1\" content=\"Escrito por\" \/>\n\t<meta name=\"twitter:data1\" content=\"Gente de B\u00e1squet\" \/>\n\t<meta name=\"twitter:label2\" content=\"Tiempo de lectura\" \/>\n\t<meta name=\"twitter:data2\" content=\"1 minuto\" \/>\n<script type=\"application\/ld+json\" class=\"yoast-schema-graph\">{\"@context\":\"https:\\\/\\\/schema.org\",\"@graph\":[{\"@type\":\"Article\",\"@id\":\"http:\\\/\\\/gentedebasquet.com.ar\\\/sitio\\\/2020\\\/08\\\/05\\\/richotti-cambio-de-equipo\\\/#article\",\"isPartOf\":{\"@id\":\"http:\\\/\\\/gentedebasquet.com.ar\\\/sitio\\\/2020\\\/08\\\/05\\\/richotti-cambio-de-equipo\\\/\"},\"author\":{\"name\":\"Gente de B\u00e1squet\",\"@id\":\"https:\\\/\\\/gentedebasquet.com.ar\\\/sitio\\\/#\\\/schema\\\/person\\\/ca0b63bbb977369988a7bbbdc519943a\"},\"headline\":\"Richotti cambi\u00f3 de equipo\",\"datePublished\":\"2020-08-05T16:34:49+00:00\",\"mainEntityOfPage\":{\"@id\":\"http:\\\/\\\/gentedebasquet.com.ar\\\/sitio\\\/2020\\\/08\\\/05\\\/richotti-cambio-de-equipo\\\/\"},\"wordCount\":228,\"image\":{\"@id\":\"http:\\\/\\\/gentedebasquet.com.ar\\\/sitio\\\/2020\\\/08\\\/05\\\/richotti-cambio-de-equipo\\\/#primaryimage\"},\"thumbnailUrl\":\"https:\\\/\\\/gentedebasquet.com.ar\\\/sitio\\\/wp-content\\\/uploads\\\/2020\\\/08\\\/Palencia-Richotti.jpg\",\"keywords\":[\"Espa\u00f1a\",\"LEB Oro\",\"Nicol\u00e1s Richotti\",\"Palencia\"],\"articleSection\":[\"Bahienses Afuera\",\"Slide\"],\"inLanguage\":\"es\"},{\"@type\":\"WebPage\",\"@id\":\"http:\\\/\\\/gentedebasquet.com.ar\\\/sitio\\\/2020\\\/08\\\/05\\\/richotti-cambio-de-equipo\\\/\",\"url\":\"http:\\\/\\\/gentedebasquet.com.ar\\\/sitio\\\/2020\\\/08\\\/05\\\/richotti-cambio-de-equipo\\\/\",\"name\":\"Richotti cambi\u00f3 de equipo - Gente de B\u00e1squet\",\"isPartOf\":{\"@id\":\"https:\\\/\\\/gentedebasquet.com.ar\\\/sitio\\\/#website\"},\"primaryImageOfPage\":{\"@id\":\"http:\\\/\\\/gentedebasquet.com.ar\\\/sitio\\\/2020\\\/08\\\/05\\\/richotti-cambio-de-equipo\\\/#primaryimage\"},\"image\":{\"@id\":\"http:\\\/\\\/gentedebasquet.com.ar\\\/sitio\\\/2020\\\/08\\\/05\\\/richotti-cambio-de-equipo\\\/#primaryimage\"},\"thumbnailUrl\":\"https:\\\/\\\/gentedebasquet.com.ar\\\/sitio\\\/wp-content\\\/uploads\\\/2020\\\/08\\\/Palencia-Richotti.jpg\",\"datePublished\":\"2020-08-05T16:34:49+00:00\",\"author\":{\"@id\":\"https:\\\/\\\/gentedebasquet.com.ar\\\/sitio\\\/#\\\/schema\\\/person\\\/ca0b63bbb977369988a7bbbdc519943a\"},\"breadcrumb\":{\"@id\":\"http:\\\/\\\/gentedebasquet.com.ar\\\/sitio\\\/2020\\\/08\\\/05\\\/richotti-cambio-de-equipo\\\/#breadcrumb\"},\"inLanguage\":\"es\",\"potentialAction\":[{\"@type\":\"ReadAction\",\"target\":[\"http:\\\/\\\/gentedebasquet.com.ar\\\/sitio\\\/2020\\\/08\\\/05\\\/richotti-cambio-de-equipo\\\/\"]}]},{\"@type\":\"ImageObject\",\"inLanguage\":\"es\",\"@id\":\"http:\\\/\\\/gentedebasquet.com.ar\\\/sitio\\\/2020\\\/08\\\/05\\\/richotti-cambio-de-equipo\\\/#primaryimage\",\"url\":\"https:\\\/\\\/gentedebasquet.com.ar\\\/sitio\\\/wp-content\\\/uploads\\\/2020\\\/08\\\/Palencia-Richotti.jpg\",\"contentUrl\":\"https:\\\/\\\/gentedebasquet.com.ar\\\/sitio\\\/wp-content\\\/uploads\\\/2020\\\/08\\\/Palencia-Richotti.jpg\",\"width\":690,\"height\":319},{\"@type\":\"BreadcrumbList\",\"@id\":\"http:\\\/\\\/gentedebasquet.com.ar\\\/sitio\\\/2020\\\/08\\\/05\\\/richotti-cambio-de-equipo\\\/#breadcrumb\",\"itemListElement\":[{\"@type\":\"ListItem\",\"position\":1,\"name\":\"Portada\",\"item\":\"https:\\\/\\\/gentedebasquet.com.ar\\\/sitio\\\/\"},{\"@type\":\"ListItem\",\"position\":2,\"name\":\"Richotti cambi\u00f3 de equipo\"}]},{\"@type\":\"WebSite\",\"@id\":\"https:\\\/\\\/gentedebasquet.com.ar\\\/sitio\\\/#website\",\"url\":\"https:\\\/\\\/gentedebasquet.com.ar\\\/sitio\\\/\",\"name\":\"Gente de B\u00e1squet\",\"description\":\"La revista del basquet de Bah\u00eda Blanca\",\"potentialAction\":[{\"@type\":\"SearchAction\",\"target\":{\"@type\":\"EntryPoint\",\"urlTemplate\":\"https:\\\/\\\/gentedebasquet.com.ar\\\/sitio\\\/?s={search_term_string}\"},\"query-input\":{\"@type\":\"PropertyValueSpecification\",\"valueRequired\":true,\"valueName\":\"search_term_string\"}}],\"inLanguage\":\"es\"},{\"@type\":\"Person\",\"@id\":\"https:\\\/\\\/gentedebasquet.com.ar\\\/sitio\\\/#\\\/schema\\\/person\\\/ca0b63bbb977369988a7bbbdc519943a\",\"name\":\"Gente de B\u00e1squet\",\"image\":{\"@type\":\"ImageObject\",\"inLanguage\":\"es\",\"@id\":\"https:\\\/\\\/secure.gravatar.com\\\/avatar\\\/7f2c48bdc33b30088f941fb6082e555f2874c98e20cb159d7b92b50eadfce793?s=96&d=mm&r=g\",\"url\":\"https:\\\/\\\/secure.gravatar.com\\\/avatar\\\/7f2c48bdc33b30088f941fb6082e555f2874c98e20cb159d7b92b50eadfce793?s=96&d=mm&r=g\",\"contentUrl\":\"https:\\\/\\\/secure.gravatar.com\\\/avatar\\\/7f2c48bdc33b30088f941fb6082e555f2874c98e20cb159d7b92b50eadfce793?s=96&d=mm&r=g\",\"caption\":\"Gente de B\u00e1squet\"},\"sameAs\":[\"http:\\\/\\\/gentedebasquet.com.ar\\\/sitio\"],\"url\":\"https:\\\/\\\/gentedebasquet.com.ar\\\/sitio\\\/author\\\/ulises\\\/\"}]}<\/script>\n<!-- \/ Yoast SEO plugin. -->","yoast_head_json":{"title":"Richotti cambi\u00f3 de equipo - Gente de B\u00e1squet","robots":{"index":"index","follow":"follow","max-snippet":"max-snippet:-1","max-image-preview":"max-image-preview:large","max-video-preview":"max-video-preview:-1"},"canonical":"http:\/\/gentedebasquet.com.ar\/sitio\/2020\/08\/05\/richotti-cambio-de-equipo\/","og_locale":"es_ES","og_type":"article","og_title":"Richotti cambi\u00f3 de equipo - Gente de B\u00e1squet","og_description":"Nicol\u00e1s jugar\u00e1 la pr\u00f3xima LEB Oro de Espa\u00f1a con Palencia Basket","og_url":"http:\/\/gentedebasquet.com.ar\/sitio\/2020\/08\/05\/richotti-cambio-de-equipo\/","og_site_name":"Gente de B\u00e1squet","article_published_time":"2020-08-05T16:34:49+00:00","og_image":[{"width":690,"height":319,"url":"http:\/\/gentedebasquet.com.ar\/sitio\/wp-content\/uploads\/2020\/08\/Palencia-Richotti.jpg","type":"image\/jpeg"}],"author":"Gente de B\u00e1squet","twitter_card":"summary_large_image","twitter_misc":{"Escrito por":"Gente de B\u00e1squet","Tiempo de lectura":"1 minuto"},"schema":{"@context":"https:\/\/schema.org","@graph":[{"@type":"Article","@id":"http:\/\/gentedebasquet.com.ar\/sitio\/2020\/08\/05\/richotti-cambio-de-equipo\/#article","isPartOf":{"@id":"http:\/\/gentedebasquet.com.ar\/sitio\/2020\/08\/05\/richotti-cambio-de-equipo\/"},"author":{"name":"Gente de B\u00e1squet","@id":"https:\/\/gentedebasquet.com.ar\/sitio\/#\/schema\/person\/ca0b63bbb977369988a7bbbdc519943a"},"headline":"Richotti cambi\u00f3 de equipo","datePublished":"2020-08-05T16:34:49+00:00","mainEntityOfPage":{"@id":"http:\/\/gentedebasquet.com.ar\/sitio\/2020\/08\/05\/richotti-cambio-de-equipo\/"},"wordCount":228,"image":{"@id":"http:\/\/gentedebasquet.com.ar\/sitio\/2020\/08\/05\/richotti-cambio-de-equipo\/#primaryimage"},"thumbnailUrl":"https:\/\/gentedebasquet.com.ar\/sitio\/wp-content\/uploads\/2020\/08\/Palencia-Richotti.jpg","keywords":["Espa\u00f1a","LEB Oro","Nicol\u00e1s Richotti","Palencia"],"articleSection":["Bahienses Afuera","Slide"],"inLanguage":"es"},{"@type":"WebPage","@id":"http:\/\/gentedebasquet.com.ar\/sitio\/2020\/08\/05\/richotti-cambio-de-equipo\/","url":"http:\/\/gentedebasquet.com.ar\/sitio\/2020\/08\/05\/richotti-cambio-de-equipo\/","name":"Richotti cambi\u00f3 de equipo - Gente de B\u00e1squet","isPartOf":{"@id":"https:\/\/gentedebasquet.com.ar\/sitio\/#website"},"primaryImageOfPage":{"@id":"http:\/\/gentedebasquet.com.ar\/sitio\/2020\/08\/05\/richotti-cambio-de-equipo\/#primaryimage"},"image":{"@id":"http:\/\/gentedebasquet.com.ar\/sitio\/2020\/08\/05\/richotti-cambio-de-equipo\/#primaryimage"},"thumbnailUrl":"https:\/\/gentedebasquet.com.ar\/sitio\/wp-content\/uploads\/2020\/08\/Palencia-Richotti.jpg","datePublished":"2020-08-05T16:34:49+00:00","author":{"@id":"https:\/\/gentedebasquet.com.ar\/sitio\/#\/schema\/person\/ca0b63bbb977369988a7bbbdc519943a"},"breadcrumb":{"@id":"http:\/\/gentedebasquet.com.ar\/sitio\/2020\/08\/05\/richotti-cambio-de-equipo\/#breadcrumb"},"inLanguage":"es","potentialAction":[{"@type":"ReadAction","target":["http:\/\/gentedebasquet.com.ar\/sitio\/2020\/08\/05\/richotti-cambio-de-equipo\/"]}]},{"@type":"ImageObject","inLanguage":"es","@id":"http:\/\/gentedebasquet.com.ar\/sitio\/2020\/08\/05\/richotti-cambio-de-equipo\/#primaryimage","url":"https:\/\/gentedebasquet.com.ar\/sitio\/wp-content\/uploads\/2020\/08\/Palencia-Richotti.jpg","contentUrl":"https:\/\/gentedebasquet.com.ar\/sitio\/wp-content\/uploads\/2020\/08\/Palencia-Richotti.jpg","width":690,"height":319},{"@type":"BreadcrumbList","@id":"http:\/\/gentedebasquet.com.ar\/sitio\/2020\/08\/05\/richotti-cambio-de-equipo\/#breadcrumb","itemListElement":[{"@type":"ListItem","position":1,"name":"Portada","item":"https:\/\/gentedebasquet.com.ar\/sitio\/"},{"@type":"ListItem","position":2,"name":"Richotti cambi\u00f3 de equipo"}]},{"@type":"WebSite","@id":"https:\/\/gentedebasquet.com.ar\/sitio\/#website","url":"https:\/\/gentedebasquet.com.ar\/sitio\/","name":"Gente de B\u00e1squet","description":"La revista del basquet de Bah\u00eda Blanca","potentialAction":[{"@type":"SearchAction","target":{"@type":"EntryPoint","urlTemplate":"https:\/\/gentedebasquet.com.ar\/sitio\/?s={search_term_string}"},"query-input":{"@type":"PropertyValueSpecification","valueRequired":true,"valueName":"search_term_string"}}],"inLanguage":"es"},{"@type":"Person","@id":"https:\/\/gentedebasquet.com.ar\/sitio\/#\/schema\/person\/ca0b63bbb977369988a7bbbdc519943a","name":"Gente de B\u00e1squet","image":{"@type":"ImageObject","inLanguage":"es","@id":"https:\/\/secure.gravatar.com\/avatar\/7f2c48bdc33b30088f941fb6082e555f2874c98e20cb159d7b92b50eadfce793?s=96&d=mm&r=g","url":"https:\/\/secure.gravatar.com\/avatar\/7f2c48bdc33b30088f941fb6082e555f2874c98e20cb159d7b92b50eadfce793?s=96&d=mm&r=g","contentUrl":"https:\/\/secure.gravatar.com\/avatar\/7f2c48bdc33b30088f941fb6082e555f2874c98e20cb159d7b92b50eadfce793?s=96&d=mm&r=g","caption":"Gente de B\u00e1squet"},"sameAs":["http:\/\/gentedebasquet.com.ar\/sitio"],"url":"https:\/\/gentedebasquet.com.ar\/sitio\/author\/ulises\/"}]}},"_links":{"self":[{"href":"https:\/\/gentedebasquet.com.ar\/sitio\/wp-json\/wp\/v2\/posts\/98196","targetHints":{"allow":["GET"]}}],"collection":[{"href":"https:\/\/gentedebasquet.com.ar\/sitio\/wp-json\/wp\/v2\/posts"}],"about":[{"href":"https:\/\/gentedebasquet.com.ar\/sitio\/wp-json\/wp\/v2\/types\/post"}],"author":[{"embeddable":true,"href":"https:\/\/gentedebasquet.com.ar\/sitio\/wp-json\/wp\/v2\/users\/1"}],"replies":[{"embeddable":true,"href":"https:\/\/gentedebasquet.com.ar\/sitio\/wp-json\/wp\/v2\/comments?post=98196"}],"version-history":[{"count":0,"href":"https:\/\/gentedebasquet.com.ar\/sitio\/wp-json\/wp\/v2\/posts\/98196\/revisions"}],"wp:featuredmedia":[{"embeddable":true,"href":"https:\/\/gentedebasquet.com.ar\/sitio\/wp-json\/wp\/v2\/media\/98197"}],"wp:attachment":[{"href":"https:\/\/gentedebasquet.com.ar\/sitio\/wp-json\/wp\/v2\/media?parent=98196"}],"wp:term":[{"taxonomy":"category","embeddable":true,"href":"https:\/\/gentedebasquet.com.ar\/sitio\/wp-json\/wp\/v2\/categories?post=98196"},{"taxonomy":"post_tag","embeddable":true,"href":"https:\/\/gentedebasquet.com.ar\/sitio\/wp-json\/wp\/v2\/tags?post=98196"}],"curies":[{"name":"wp","href":"https:\/\/api.w.org\/{rel}","templated":true}]}}