{"id":98273,"date":"2020-08-21T14:07:39","date_gmt":"2020-08-21T17:07:39","guid":{"rendered":"http:\/\/www.gentedebasquet.com.ar\/?p=98273"},"modified":"2020-08-21T14:07:39","modified_gmt":"2020-08-21T17:07:39","slug":"pizzo-el-alero-del-siglo","status":"publish","type":"post","link":"https:\/\/gentedebasquet.com.ar\/sitio\/2020\/08\/21\/pizzo-el-alero-del-siglo\/","title":{"rendered":"Pizzo, el alero del siglo"},"content":{"rendered":"<p><strong>El Equipo de las Dos D\u00e9cadas ya conoce qui\u00e9n ocupar\u00e1 la posici\u00f3n de alero.<\/strong><\/p>\n<p><strong>Mariano Pizzo, en una final cabeza a cabeza con el Chino Trellini, se convirti\u00f3 en el mejor \u00ab3\u00bb de los \u00faltimos 20 a\u00f1os y acompa\u00f1ar\u00e1 a Amilcar Andreanelli y Mart\u00edn Ipucha en un per\u00edmetro de altos recursos.<\/strong><\/p>\n<p><strong>El Negro se impuso por menos de 100 votos en la que fue, hasta el momento, la final m\u00e1s apretada. Menos mal que hab\u00eda dicho que \u00abal estar retirado iba a pasar desapercibido\u00bb&#8230;<\/strong><\/p>\n<p><strong>No obstante, el total de votos cay\u00f3 considerablemente porque una falla en la red social Facebook, ajena a GDB, oblig\u00f3 a modificar \u2014con el consentimiento de ambos finalistas\u2014 el m\u00e9todo de elecci\u00f3n, apelando a un formulario de Google.<\/strong><\/p>\n<p><strong>\u00abAgradezco a todos los que se han tomado un tiempito para votar; familia, amigos, no amigos, simpatizantes, rivales&#8230; y le mando un saludo al Chino, a quien aprecio un mont\u00f3n. Hicieron muy felices a mis nonos\u00bb, se\u00f1al\u00f3 el surgido de Bahiense del Norte.<\/strong><\/p>\n<p><strong>Como ocurri\u00f3 con Amilcar y Mart\u00edn, Pizzo disfrutar\u00e1 de un premio que supera los 5.000 pesos gracias a lo aportado por nuestros amigos auspiciantes.<\/strong><\/p>\n<p><strong>Como imaginar\u00e1s, \u00a1esto no termina ac\u00e1! <\/strong><\/p>\n<p><strong>Se viene otro duelo para sacar boleto y permanecer expectante, ya que la semana que viene tendremos el cruce de dos grandes: el Flaco Lliteras y Fabricio Starc dirimir\u00e1n quien es el mejor entre los ala-pivotes\u00a0<\/strong><strong>de la era 2001-2020.<\/strong><\/p>\n<p><strong>Record\u00e1 que all\u00ed vos sos parte fundamental. \u00bfC\u00f3mo? Ingresando a\u00a0nuestras redes sociales y votando\u00a0a trav\u00e9s de nuestro\u00a0<a href=\"https:\/\/www.facebook.com\/Gente-de-B%C3%A1squet-251256128328794\/\" target=\"_blank\" rel=\"noopener\">Facebook<\/a>,\u00a0<a href=\"https:\/\/twitter.com\/GenteDeBasquet\" target=\"_blank\" rel=\"noopener\">Twitter<\/a>\u00a0e historias de\u00a0<a href=\"https:\/\/www.instagram.com\/gentedebasquet\/\" target=\"_blank\" rel=\"noopener\">Instagram<\/a>. Los votos de las tres redes se suman, as\u00ed que a estar atentos.<\/strong><\/p>\n<p><strong>\u00a1A subir el volumen! \u00a1Y a jugar!<\/strong><\/p>\n<p><a href=\"https:\/\/bajocero.sed.com.ar\/\" target=\"_blank\" rel=\"noopener\"><img decoding=\"async\" class=\"aligncenter size-full wp-image-98137\" src=\"http:\/\/www.gentedebasquet.com.ar\/wp-content\/uploads\/2020\/07\/Bajo-Cero-web.jpg\" alt=\"\" width=\"300\" height=\"263\" \/><\/a><\/p>\n<p>Mariano Pizzo, fiel exponente de la categor\u00eda 80&#8242; surgida de Bahiense del Norte (compa\u00f1ero de Canutti, entre otros), jug\u00f3 en el tricolor hasta que pas\u00f3 a Estudiantes, La Uni\u00f3n de Col\u00f3n, Central Entrerriano y El Nacional, paso previo para recalar en Liniers, su era m\u00e1s recordada por t\u00edtulos y por cercan\u00eda en el tiempo.<\/p>\n<p><a href=\"http:\/\/www.storti-faggiano.com.ar\/\" target=\"_blank\" rel=\"noopener\"><img decoding=\"async\" class=\"aligncenter size-full wp-image-58161\" src=\"http:\/\/www.gentedebasquet.com.ar\/wp-content\/uploads\/2016\/04\/Faggiano-277x195.jpg\" alt=\"\" width=\"277\" height=\"195\" \/><\/a><\/p>\n<p>Para abrir la competencia, el Negro se las vio con otro Negro: Sebasti\u00e1n Far\u00edas.<\/p>\n<p>Fue uno de los cruces m\u00e1s desparejos, ya que Pizzo se impuso 501 a 167 con una notable campa\u00f1a en Instagram: 368 a 119.<\/p>\n<p>En Facebook gan\u00f3 58 a 15 y en Twitter, 75 a 33. Iba calentando motores&#8230;<\/p>\n<p><a href=\"http:\/\/www.boyetecnica.com.ar\/\" target=\"_blank\" rel=\"noopener\"><img decoding=\"async\" class=\"aligncenter size-full wp-image-98176\" src=\"http:\/\/www.gentedebasquet.com.ar\/wp-content\/uploads\/2020\/07\/Boy\u00e9-T\u00e9cnica.jpg\" alt=\"\" width=\"300\" height=\"250\" \/><\/a><\/p>\n<p>Ya inserto en cuartos de final, a fines de junio, Pizzo debi\u00f3 medirse con Leandro Cecchi, otro con recorrido en categor\u00edas superiores del b\u00e1squetbol nacional.<\/p>\n<p>All\u00ed, el retirado en Liniers aplic\u00f3 otro contundente 70-30, ganando 526 a 216 para meterse entre los cuatro mejores.<\/p>\n<p>Sum\u00f3 353 votos en Instagram, 77 en Facebook y 96 en Twitter; contra 149, 31 y 36, respectivamente.<\/p>\n<p>Hasta all\u00ed, los resultados fueron l\u00f3gicos. Pero se le ven\u00eda el cruce con Franco Amigo&#8230;<\/p>\n<p><a href=\"https:\/\/www.facebook.com\/4estaciones.bb\/\" target=\"_blank\" rel=\"noopener\"><img decoding=\"async\" class=\"aligncenter size-full wp-image-98072\" src=\"http:\/\/www.gentedebasquet.com.ar\/wp-content\/uploads\/2020\/07\/Cuatro-Estaciones-b.jpg\" alt=\"\" width=\"300\" height=\"250\" \/><\/a><\/p>\n<p>La semifinal fue una parada brava para el Negro.<\/p>\n<p>Sin embargo, ya superando los mil sufragios, le gan\u00f3 562 a 479 al actual jugador de Villa Mitre y se meti\u00f3 de lleno en la final\u00edsima.<\/p>\n<p>Pizzo sac\u00f3 una buena ventaja en Facebook, al imponerse 150 a 95.<\/p>\n<p>Adem\u00e1s, sum\u00f3 295 votos en Instagram (contra 278) y 117 en Twitter (106) para liquidar la historia.<\/p>\n<p><a href=\"https:\/\/rayoseguridadprivada.com\/\" target=\"_blank\" rel=\"noopener\"><img decoding=\"async\" class=\"aligncenter size-full wp-image-93534\" src=\"http:\/\/www.gentedebasquet.com.ar\/wp-content\/uploads\/2019\/05\/Rayo-300x250.jpg\" alt=\"\" width=\"300\" height=\"250\" \/><\/a><\/p>\n<p>\u00abMis nonos siempre disfrutaron de Gente de B\u00e1squet, as\u00ed que quiero ganar para darle una alegr\u00eda a ellos. Para m\u00ed, ganar solo servir\u00eda al ego; quiero ganar m\u00e1s por ellos que por m\u00ed\u00bb, hab\u00eda contado Pizzo en el Live de IG que hicimos durante la semana.<\/p>\n<p>\u00a1Salud, nonos! El nieto se impuso a Trellini y ya es el mejor alero de los \u00faltimos 20 a\u00f1os.<\/p>\n<p>Como adelantamos, la votaci\u00f3n sufri\u00f3 un rev\u00e9s inesperado por una falla propia de Facebook. En ese sentido, la gente debi\u00f3 acceder a un formulario de Google para votar desde dicha red social. All\u00ed, Pizzo gan\u00f3 89 a 51.<\/p>\n<p>Adem\u00e1s, el Negro venci\u00f3 en Instagram (382 a 374) y en Twitter (169 a 130) para acumular los votos necesarios y alzarse con la corona.<\/p>\n<p><a href=\"http:\/\/www.acquam.com.ar\/\" target=\"_blank\" rel=\"noopener\"><img decoding=\"async\" class=\"aligncenter size-full wp-image-98171\" src=\"http:\/\/www.gentedebasquet.com.ar\/wp-content\/uploads\/2020\/07\/Piscinas.jpg\" alt=\"\" width=\"300\" height=\"250\" \/><\/a><\/p>\n<p><iframe loading=\"lazy\" src=\"https:\/\/www.youtube.com\/embed\/cw8SVeB-QrQ\" width=\"100%\" height=\"315\" frameborder=\"0\" allowfullscreen=\"allowfullscreen\"><\/iframe><\/p>\n<p>Los premios para cada ganador en El Equipo de las Dos D\u00e9cadas son:<\/p>\n<p>\ud83c\udfc0 Planeta Sport (Yrigoyen 119 y Av. Col\u00f3n y Beruti) &gt; orden de compra por $1.000<\/p>\n<p>\ud83c\udfc0 Bajo Cero, tienda de congelados (Alsina 665) &gt; orden de compra por $800<\/p>\n<p>\ud83c\udfc0 Panader\u00eda Pralin\u00e9 (Castelli 2567 y Chubut y 20 de Septiembre) &gt; orden de compra por $800<\/p>\n<p>\ud83c\udfc0 Movicell (Corrientes 463) &gt; un blindado antigolpes para el celular<\/p>\n<p>\ud83c\udfc0 Picadas Bah\u00eda &gt; una tabla de fiambres y quesos<\/p>\n<p>\ud83c\udfc0 Abuela Ana (Av. Col\u00f3n 184) &gt; pastas a elecci\u00f3n para dos personas<\/p>\n<p>\ud83c\udfc0 Quattro, pizza a las brasas (12 de Octubre 506) &gt; una pizza grande a elecci\u00f3n<\/p>\n<p>&nbsp;<\/p>\n<p><img decoding=\"async\" class=\"aligncenter size-full wp-image-98206\" src=\"http:\/\/www.gentedebasquet.com.ar\/wp-content\/uploads\/2020\/08\/2020Game1.gif\" alt=\"\" width=\"300\" height=\"250\" \/><\/p>\n<p>\u00a1Felicitaciones! Y gracias a todos los que de alguna u otra manera se sumaron para ser parte.<\/p>\n<p>Los esperamos la semana que viene con otro \u00e1spero cruce: Fernando Lliteras vs Fabricio Starc.<\/p>\n<p>\u00bfQui\u00e9n acompa\u00f1ar\u00e1 a Andreanelli, Ipucha y Pizzo?<\/p>\n<p><img decoding=\"async\" class=\"aligncenter size-large wp-image-98282\" src=\"http:\/\/www.gentedebasquet.com.ar\/wp-content\/uploads\/2020\/08\/Ganador-Game-3b-1024x683.jpg\" alt=\"\" width=\"1024\" height=\"683\" srcset=\"https:\/\/gentedebasquet.com.ar\/sitio\/wp-content\/uploads\/2020\/08\/Ganador-Game-3b-1024x683.jpg 1024w, https:\/\/gentedebasquet.com.ar\/sitio\/wp-content\/uploads\/2020\/08\/Ganador-Game-3b-300x200.jpg 300w, https:\/\/gentedebasquet.com.ar\/sitio\/wp-content\/uploads\/2020\/08\/Ganador-Game-3b-768x512.jpg 768w, https:\/\/gentedebasquet.com.ar\/sitio\/wp-content\/uploads\/2020\/08\/Ganador-Game-3b-1536x1024.jpg 1536w, https:\/\/gentedebasquet.com.ar\/sitio\/wp-content\/uploads\/2020\/08\/Ganador-Game-3b.jpg 1600w\" sizes=\"(max-width: 1024px) 100vw, 1024px\" \/><\/p>\n<p><img decoding=\"async\" class=\"aligncenter size-full wp-image-98289\" src=\"http:\/\/www.gentedebasquet.com.ar\/wp-content\/uploads\/2020\/08\/2020Game6.gif\" alt=\"\" width=\"300\" height=\"250\" \/><\/p>\n<h5 style=\"text-align: center;\">EL CAMINO DEL CAMPE\u00d3N<\/h5>\n<p><img decoding=\"async\" class=\"aligncenter size-large wp-image-98280\" src=\"http:\/\/www.gentedebasquet.com.ar\/wp-content\/uploads\/2020\/08\/Resultado-Final-Alero-1024x261.jpg\" alt=\"\" width=\"1024\" height=\"261\" srcset=\"https:\/\/gentedebasquet.com.ar\/sitio\/wp-content\/uploads\/2020\/08\/Resultado-Final-Alero-1024x261.jpg 1024w, https:\/\/gentedebasquet.com.ar\/sitio\/wp-content\/uploads\/2020\/08\/Resultado-Final-Alero-300x76.jpg 300w, https:\/\/gentedebasquet.com.ar\/sitio\/wp-content\/uploads\/2020\/08\/Resultado-Final-Alero-768x196.jpg 768w, https:\/\/gentedebasquet.com.ar\/sitio\/wp-content\/uploads\/2020\/08\/Resultado-Final-Alero-1536x391.jpg 1536w, https:\/\/gentedebasquet.com.ar\/sitio\/wp-content\/uploads\/2020\/08\/Resultado-Final-Alero-2048x522.jpg 2048w\" sizes=\"(max-width: 1024px) 100vw, 1024px\" \/><\/p>\n<p><img decoding=\"async\" class=\"aligncenter size-full wp-image-98288\" src=\"http:\/\/www.gentedebasquet.com.ar\/wp-content\/uploads\/2020\/08\/2020Game5.gif\" alt=\"\" width=\"300\" height=\"250\" \/><\/p>\n<p><img decoding=\"async\" class=\"aligncenter size-large wp-image-98283\" src=\"http:\/\/www.gentedebasquet.com.ar\/wp-content\/uploads\/2020\/08\/3ZB-1024x683.jpg\" alt=\"\" width=\"1024\" height=\"683\" srcset=\"https:\/\/gentedebasquet.com.ar\/sitio\/wp-content\/uploads\/2020\/08\/3ZB-1024x683.jpg 1024w, https:\/\/gentedebasquet.com.ar\/sitio\/wp-content\/uploads\/2020\/08\/3ZB-300x200.jpg 300w, https:\/\/gentedebasquet.com.ar\/sitio\/wp-content\/uploads\/2020\/08\/3ZB-768x512.jpg 768w, https:\/\/gentedebasquet.com.ar\/sitio\/wp-content\/uploads\/2020\/08\/3ZB-1536x1024.jpg 1536w, https:\/\/gentedebasquet.com.ar\/sitio\/wp-content\/uploads\/2020\/08\/3ZB.jpg 1600w\" sizes=\"(max-width: 1024px) 100vw, 1024px\" \/><\/p>\n","protected":false},"excerpt":{"rendered":"<p>Para alegr\u00eda de sus nonos, fue elegido el mejor \u00ab3\u00bb de la era GDB<\/p>\n","protected":false},"author":1,"featured_media":98279,"comment_status":"closed","ping_status":"open","sticky":false,"template":"","format":"standard","meta":{"jnews-multi-image_gallery":[],"jnews_single_post":[],"jnews_primary_category":[],"footnotes":""},"categories":[24,23,101],"tags":[5,1787,1788,14,243,619],"class_list":["post-98273","post","type-post","status-publish","format-standard","has-post-thumbnail","hentry","category-overtime","category-primera","category-slide","tag-bahiense-del-norte","tag-el-equipo-de-las-dos-decadas","tag-gdb","tag-liniers","tag-mariano-pizzo","tag-mariano-trellini"],"yoast_head":"<!-- This site is optimized with the Yoast SEO plugin v27.5 - https:\/\/yoast.com\/product\/yoast-seo-wordpress\/ -->\n<title>Pizzo, el alero del siglo - Gente de B\u00e1squet<\/title>\n<meta name=\"robots\" content=\"index, follow, max-snippet:-1, max-image-preview:large, max-video-preview:-1\" \/>\n<link rel=\"canonical\" href=\"http:\/\/gentedebasquet.com.ar\/sitio\/2020\/08\/21\/pizzo-el-alero-del-siglo\/\" \/>\n<meta property=\"og:locale\" content=\"es_ES\" \/>\n<meta property=\"og:type\" content=\"article\" \/>\n<meta property=\"og:title\" content=\"Pizzo, el alero del siglo - Gente de B\u00e1squet\" \/>\n<meta property=\"og:description\" content=\"Para alegr\u00eda de sus nonos, fue elegido el mejor &quot;3&quot; de la era GDB\" \/>\n<meta property=\"og:url\" content=\"http:\/\/gentedebasquet.com.ar\/sitio\/2020\/08\/21\/pizzo-el-alero-del-siglo\/\" \/>\n<meta property=\"og:site_name\" content=\"Gente de B\u00e1squet\" \/>\n<meta property=\"article:published_time\" content=\"2020-08-21T17:07:39+00:00\" \/>\n<meta property=\"og:image\" content=\"http:\/\/gentedebasquet.com.ar\/sitio\/wp-content\/uploads\/2020\/08\/Pizzo-Game-3.jpg\" \/>\n\t<meta property=\"og:image:width\" content=\"690\" \/>\n\t<meta property=\"og:image:height\" content=\"319\" \/>\n\t<meta property=\"og:image:type\" content=\"image\/jpeg\" \/>\n<meta name=\"author\" content=\"Gente de B\u00e1squet\" \/>\n<meta name=\"twitter:card\" content=\"summary_large_image\" \/>\n<meta name=\"twitter:label1\" content=\"Escrito por\" \/>\n\t<meta name=\"twitter:data1\" content=\"Gente de B\u00e1squet\" \/>\n\t<meta name=\"twitter:label2\" content=\"Tiempo de lectura\" \/>\n\t<meta name=\"twitter:data2\" content=\"4 minutos\" \/>\n<script type=\"application\/ld+json\" class=\"yoast-schema-graph\">{\"@context\":\"https:\\\/\\\/schema.org\",\"@graph\":[{\"@type\":\"Article\",\"@id\":\"http:\\\/\\\/gentedebasquet.com.ar\\\/sitio\\\/2020\\\/08\\\/21\\\/pizzo-el-alero-del-siglo\\\/#article\",\"isPartOf\":{\"@id\":\"http:\\\/\\\/gentedebasquet.com.ar\\\/sitio\\\/2020\\\/08\\\/21\\\/pizzo-el-alero-del-siglo\\\/\"},\"author\":{\"name\":\"Gente de B\u00e1squet\",\"@id\":\"https:\\\/\\\/gentedebasquet.com.ar\\\/sitio\\\/#\\\/schema\\\/person\\\/ca0b63bbb977369988a7bbbdc519943a\"},\"headline\":\"Pizzo, el alero del siglo\",\"datePublished\":\"2020-08-21T17:07:39+00:00\",\"mainEntityOfPage\":{\"@id\":\"http:\\\/\\\/gentedebasquet.com.ar\\\/sitio\\\/2020\\\/08\\\/21\\\/pizzo-el-alero-del-siglo\\\/\"},\"wordCount\":815,\"image\":{\"@id\":\"http:\\\/\\\/gentedebasquet.com.ar\\\/sitio\\\/2020\\\/08\\\/21\\\/pizzo-el-alero-del-siglo\\\/#primaryimage\"},\"thumbnailUrl\":\"https:\\\/\\\/gentedebasquet.com.ar\\\/sitio\\\/wp-content\\\/uploads\\\/2020\\\/08\\\/Pizzo-Game-3.jpg\",\"keywords\":[\"Bahiense Del Norte\",\"El Equipo de las Dos D\u00e9cadas\",\"GDB\",\"Liniers\",\"Mariano Pizzo\",\"Mariano Trellini\"],\"articleSection\":[\"#Overtime\",\"Primera\",\"Slide\"],\"inLanguage\":\"es\"},{\"@type\":\"WebPage\",\"@id\":\"http:\\\/\\\/gentedebasquet.com.ar\\\/sitio\\\/2020\\\/08\\\/21\\\/pizzo-el-alero-del-siglo\\\/\",\"url\":\"http:\\\/\\\/gentedebasquet.com.ar\\\/sitio\\\/2020\\\/08\\\/21\\\/pizzo-el-alero-del-siglo\\\/\",\"name\":\"Pizzo, el alero del siglo - Gente de B\u00e1squet\",\"isPartOf\":{\"@id\":\"https:\\\/\\\/gentedebasquet.com.ar\\\/sitio\\\/#website\"},\"primaryImageOfPage\":{\"@id\":\"http:\\\/\\\/gentedebasquet.com.ar\\\/sitio\\\/2020\\\/08\\\/21\\\/pizzo-el-alero-del-siglo\\\/#primaryimage\"},\"image\":{\"@id\":\"http:\\\/\\\/gentedebasquet.com.ar\\\/sitio\\\/2020\\\/08\\\/21\\\/pizzo-el-alero-del-siglo\\\/#primaryimage\"},\"thumbnailUrl\":\"https:\\\/\\\/gentedebasquet.com.ar\\\/sitio\\\/wp-content\\\/uploads\\\/2020\\\/08\\\/Pizzo-Game-3.jpg\",\"datePublished\":\"2020-08-21T17:07:39+00:00\",\"author\":{\"@id\":\"https:\\\/\\\/gentedebasquet.com.ar\\\/sitio\\\/#\\\/schema\\\/person\\\/ca0b63bbb977369988a7bbbdc519943a\"},\"breadcrumb\":{\"@id\":\"http:\\\/\\\/gentedebasquet.com.ar\\\/sitio\\\/2020\\\/08\\\/21\\\/pizzo-el-alero-del-siglo\\\/#breadcrumb\"},\"inLanguage\":\"es\",\"potentialAction\":[{\"@type\":\"ReadAction\",\"target\":[\"http:\\\/\\\/gentedebasquet.com.ar\\\/sitio\\\/2020\\\/08\\\/21\\\/pizzo-el-alero-del-siglo\\\/\"]}]},{\"@type\":\"ImageObject\",\"inLanguage\":\"es\",\"@id\":\"http:\\\/\\\/gentedebasquet.com.ar\\\/sitio\\\/2020\\\/08\\\/21\\\/pizzo-el-alero-del-siglo\\\/#primaryimage\",\"url\":\"https:\\\/\\\/gentedebasquet.com.ar\\\/sitio\\\/wp-content\\\/uploads\\\/2020\\\/08\\\/Pizzo-Game-3.jpg\",\"contentUrl\":\"https:\\\/\\\/gentedebasquet.com.ar\\\/sitio\\\/wp-content\\\/uploads\\\/2020\\\/08\\\/Pizzo-Game-3.jpg\",\"width\":690,\"height\":319},{\"@type\":\"BreadcrumbList\",\"@id\":\"http:\\\/\\\/gentedebasquet.com.ar\\\/sitio\\\/2020\\\/08\\\/21\\\/pizzo-el-alero-del-siglo\\\/#breadcrumb\",\"itemListElement\":[{\"@type\":\"ListItem\",\"position\":1,\"name\":\"Portada\",\"item\":\"https:\\\/\\\/gentedebasquet.com.ar\\\/sitio\\\/\"},{\"@type\":\"ListItem\",\"position\":2,\"name\":\"Pizzo, el alero del siglo\"}]},{\"@type\":\"WebSite\",\"@id\":\"https:\\\/\\\/gentedebasquet.com.ar\\\/sitio\\\/#website\",\"url\":\"https:\\\/\\\/gentedebasquet.com.ar\\\/sitio\\\/\",\"name\":\"Gente de B\u00e1squet\",\"description\":\"La revista del basquet de Bah\u00eda Blanca\",\"potentialAction\":[{\"@type\":\"SearchAction\",\"target\":{\"@type\":\"EntryPoint\",\"urlTemplate\":\"https:\\\/\\\/gentedebasquet.com.ar\\\/sitio\\\/?s={search_term_string}\"},\"query-input\":{\"@type\":\"PropertyValueSpecification\",\"valueRequired\":true,\"valueName\":\"search_term_string\"}}],\"inLanguage\":\"es\"},{\"@type\":\"Person\",\"@id\":\"https:\\\/\\\/gentedebasquet.com.ar\\\/sitio\\\/#\\\/schema\\\/person\\\/ca0b63bbb977369988a7bbbdc519943a\",\"name\":\"Gente de B\u00e1squet\",\"image\":{\"@type\":\"ImageObject\",\"inLanguage\":\"es\",\"@id\":\"https:\\\/\\\/secure.gravatar.com\\\/avatar\\\/7f2c48bdc33b30088f941fb6082e555f2874c98e20cb159d7b92b50eadfce793?s=96&d=mm&r=g\",\"url\":\"https:\\\/\\\/secure.gravatar.com\\\/avatar\\\/7f2c48bdc33b30088f941fb6082e555f2874c98e20cb159d7b92b50eadfce793?s=96&d=mm&r=g\",\"contentUrl\":\"https:\\\/\\\/secure.gravatar.com\\\/avatar\\\/7f2c48bdc33b30088f941fb6082e555f2874c98e20cb159d7b92b50eadfce793?s=96&d=mm&r=g\",\"caption\":\"Gente de B\u00e1squet\"},\"sameAs\":[\"http:\\\/\\\/gentedebasquet.com.ar\\\/sitio\"],\"url\":\"https:\\\/\\\/gentedebasquet.com.ar\\\/sitio\\\/author\\\/ulises\\\/\"}]}<\/script>\n<!-- \/ Yoast SEO plugin. -->","yoast_head_json":{"title":"Pizzo, el alero del siglo - Gente de B\u00e1squet","robots":{"index":"index","follow":"follow","max-snippet":"max-snippet:-1","max-image-preview":"max-image-preview:large","max-video-preview":"max-video-preview:-1"},"canonical":"http:\/\/gentedebasquet.com.ar\/sitio\/2020\/08\/21\/pizzo-el-alero-del-siglo\/","og_locale":"es_ES","og_type":"article","og_title":"Pizzo, el alero del siglo - Gente de B\u00e1squet","og_description":"Para alegr\u00eda de sus nonos, fue elegido el mejor \"3\" de la era GDB","og_url":"http:\/\/gentedebasquet.com.ar\/sitio\/2020\/08\/21\/pizzo-el-alero-del-siglo\/","og_site_name":"Gente de B\u00e1squet","article_published_time":"2020-08-21T17:07:39+00:00","og_image":[{"width":690,"height":319,"url":"http:\/\/gentedebasquet.com.ar\/sitio\/wp-content\/uploads\/2020\/08\/Pizzo-Game-3.jpg","type":"image\/jpeg"}],"author":"Gente de B\u00e1squet","twitter_card":"summary_large_image","twitter_misc":{"Escrito por":"Gente de B\u00e1squet","Tiempo de lectura":"4 minutos"},"schema":{"@context":"https:\/\/schema.org","@graph":[{"@type":"Article","@id":"http:\/\/gentedebasquet.com.ar\/sitio\/2020\/08\/21\/pizzo-el-alero-del-siglo\/#article","isPartOf":{"@id":"http:\/\/gentedebasquet.com.ar\/sitio\/2020\/08\/21\/pizzo-el-alero-del-siglo\/"},"author":{"name":"Gente de B\u00e1squet","@id":"https:\/\/gentedebasquet.com.ar\/sitio\/#\/schema\/person\/ca0b63bbb977369988a7bbbdc519943a"},"headline":"Pizzo, el alero del siglo","datePublished":"2020-08-21T17:07:39+00:00","mainEntityOfPage":{"@id":"http:\/\/gentedebasquet.com.ar\/sitio\/2020\/08\/21\/pizzo-el-alero-del-siglo\/"},"wordCount":815,"image":{"@id":"http:\/\/gentedebasquet.com.ar\/sitio\/2020\/08\/21\/pizzo-el-alero-del-siglo\/#primaryimage"},"thumbnailUrl":"https:\/\/gentedebasquet.com.ar\/sitio\/wp-content\/uploads\/2020\/08\/Pizzo-Game-3.jpg","keywords":["Bahiense Del Norte","El Equipo de las Dos D\u00e9cadas","GDB","Liniers","Mariano Pizzo","Mariano Trellini"],"articleSection":["#Overtime","Primera","Slide"],"inLanguage":"es"},{"@type":"WebPage","@id":"http:\/\/gentedebasquet.com.ar\/sitio\/2020\/08\/21\/pizzo-el-alero-del-siglo\/","url":"http:\/\/gentedebasquet.com.ar\/sitio\/2020\/08\/21\/pizzo-el-alero-del-siglo\/","name":"Pizzo, el alero del siglo - Gente de B\u00e1squet","isPartOf":{"@id":"https:\/\/gentedebasquet.com.ar\/sitio\/#website"},"primaryImageOfPage":{"@id":"http:\/\/gentedebasquet.com.ar\/sitio\/2020\/08\/21\/pizzo-el-alero-del-siglo\/#primaryimage"},"image":{"@id":"http:\/\/gentedebasquet.com.ar\/sitio\/2020\/08\/21\/pizzo-el-alero-del-siglo\/#primaryimage"},"thumbnailUrl":"https:\/\/gentedebasquet.com.ar\/sitio\/wp-content\/uploads\/2020\/08\/Pizzo-Game-3.jpg","datePublished":"2020-08-21T17:07:39+00:00","author":{"@id":"https:\/\/gentedebasquet.com.ar\/sitio\/#\/schema\/person\/ca0b63bbb977369988a7bbbdc519943a"},"breadcrumb":{"@id":"http:\/\/gentedebasquet.com.ar\/sitio\/2020\/08\/21\/pizzo-el-alero-del-siglo\/#breadcrumb"},"inLanguage":"es","potentialAction":[{"@type":"ReadAction","target":["http:\/\/gentedebasquet.com.ar\/sitio\/2020\/08\/21\/pizzo-el-alero-del-siglo\/"]}]},{"@type":"ImageObject","inLanguage":"es","@id":"http:\/\/gentedebasquet.com.ar\/sitio\/2020\/08\/21\/pizzo-el-alero-del-siglo\/#primaryimage","url":"https:\/\/gentedebasquet.com.ar\/sitio\/wp-content\/uploads\/2020\/08\/Pizzo-Game-3.jpg","contentUrl":"https:\/\/gentedebasquet.com.ar\/sitio\/wp-content\/uploads\/2020\/08\/Pizzo-Game-3.jpg","width":690,"height":319},{"@type":"BreadcrumbList","@id":"http:\/\/gentedebasquet.com.ar\/sitio\/2020\/08\/21\/pizzo-el-alero-del-siglo\/#breadcrumb","itemListElement":[{"@type":"ListItem","position":1,"name":"Portada","item":"https:\/\/gentedebasquet.com.ar\/sitio\/"},{"@type":"ListItem","position":2,"name":"Pizzo, el alero del siglo"}]},{"@type":"WebSite","@id":"https:\/\/gentedebasquet.com.ar\/sitio\/#website","url":"https:\/\/gentedebasquet.com.ar\/sitio\/","name":"Gente de B\u00e1squet","description":"La revista del basquet de Bah\u00eda Blanca","potentialAction":[{"@type":"SearchAction","target":{"@type":"EntryPoint","urlTemplate":"https:\/\/gentedebasquet.com.ar\/sitio\/?s={search_term_string}"},"query-input":{"@type":"PropertyValueSpecification","valueRequired":true,"valueName":"search_term_string"}}],"inLanguage":"es"},{"@type":"Person","@id":"https:\/\/gentedebasquet.com.ar\/sitio\/#\/schema\/person\/ca0b63bbb977369988a7bbbdc519943a","name":"Gente de B\u00e1squet","image":{"@type":"ImageObject","inLanguage":"es","@id":"https:\/\/secure.gravatar.com\/avatar\/7f2c48bdc33b30088f941fb6082e555f2874c98e20cb159d7b92b50eadfce793?s=96&d=mm&r=g","url":"https:\/\/secure.gravatar.com\/avatar\/7f2c48bdc33b30088f941fb6082e555f2874c98e20cb159d7b92b50eadfce793?s=96&d=mm&r=g","contentUrl":"https:\/\/secure.gravatar.com\/avatar\/7f2c48bdc33b30088f941fb6082e555f2874c98e20cb159d7b92b50eadfce793?s=96&d=mm&r=g","caption":"Gente de B\u00e1squet"},"sameAs":["http:\/\/gentedebasquet.com.ar\/sitio"],"url":"https:\/\/gentedebasquet.com.ar\/sitio\/author\/ulises\/"}]}},"_links":{"self":[{"href":"https:\/\/gentedebasquet.com.ar\/sitio\/wp-json\/wp\/v2\/posts\/98273","targetHints":{"allow":["GET"]}}],"collection":[{"href":"https:\/\/gentedebasquet.com.ar\/sitio\/wp-json\/wp\/v2\/posts"}],"about":[{"href":"https:\/\/gentedebasquet.com.ar\/sitio\/wp-json\/wp\/v2\/types\/post"}],"author":[{"embeddable":true,"href":"https:\/\/gentedebasquet.com.ar\/sitio\/wp-json\/wp\/v2\/users\/1"}],"replies":[{"embeddable":true,"href":"https:\/\/gentedebasquet.com.ar\/sitio\/wp-json\/wp\/v2\/comments?post=98273"}],"version-history":[{"count":0,"href":"https:\/\/gentedebasquet.com.ar\/sitio\/wp-json\/wp\/v2\/posts\/98273\/revisions"}],"wp:featuredmedia":[{"embeddable":true,"href":"https:\/\/gentedebasquet.com.ar\/sitio\/wp-json\/wp\/v2\/media\/98279"}],"wp:attachment":[{"href":"https:\/\/gentedebasquet.com.ar\/sitio\/wp-json\/wp\/v2\/media?parent=98273"}],"wp:term":[{"taxonomy":"category","embeddable":true,"href":"https:\/\/gentedebasquet.com.ar\/sitio\/wp-json\/wp\/v2\/categories?post=98273"},{"taxonomy":"post_tag","embeddable":true,"href":"https:\/\/gentedebasquet.com.ar\/sitio\/wp-json\/wp\/v2\/tags?post=98273"}],"curies":[{"name":"wp","href":"https:\/\/api.w.org\/{rel}","templated":true}]}}