{"id":98319,"date":"2020-09-01T10:53:51","date_gmt":"2020-09-01T13:53:51","guid":{"rendered":"http:\/\/www.gentedebasquet.com.ar\/?p=98319"},"modified":"2020-09-01T10:53:51","modified_gmt":"2020-09-01T13:53:51","slug":"asi-se-jugara-la-liga","status":"publish","type":"post","link":"https:\/\/gentedebasquet.com.ar\/sitio\/2020\/09\/01\/asi-se-jugara-la-liga\/","title":{"rendered":"As\u00ed se jugar\u00e1 la Liga"},"content":{"rendered":"<p><strong>Se desarroll\u00f3 ayer la Asamblea General Ordinaria de la Asociaci\u00f3n de Clubes de B\u00e1squetbol. <\/strong><\/p>\n<p><strong>En la misma se aprob\u00f3 el calendario para la temporada 2020\/2021, y las reformas reglamentarias tratadas en las reuniones de categor\u00eda.<\/strong><\/p>\n<p><strong>Empezar\u00e1 el 1 de noviembre de 2020.<\/strong><\/p>\n<p><strong>El sistema de juego ser\u00e1 dividido en dos conferencias, Norte y Sur; esta \u00faltima, integrada por Bah\u00eda Basket.<\/strong><\/p>\n<p><a href=\"https:\/\/bajocero.sed.com.ar\/\" target=\"_blank\" rel=\"noopener\"><img decoding=\"async\" class=\"aligncenter size-full wp-image-98137\" src=\"http:\/\/www.gentedebasquet.com.ar\/wp-content\/uploads\/2020\/07\/Bajo-Cero-web.jpg\" alt=\"\" width=\"300\" height=\"263\" \/><\/a><\/p>\n<p>Durante la\u00a0Asamblea General Ordinaria\u00a0(Deportiva) de la\u00a0Asociaci\u00f3n de Clubes (AdC), desarrollada en forma virtual, se inform\u00f3 el calendario para la nueva temporada y tambi\u00e9n\u00a0se aprobaron todos los puntos tratados oportunamente en las diferentes reuniones de categor\u00eda.<\/p>\n<p><a href=\"http:\/\/www.storti-faggiano.com.ar\/\" target=\"_blank\" rel=\"noopener\"><img decoding=\"async\" class=\"aligncenter size-full wp-image-58161\" src=\"http:\/\/www.gentedebasquet.com.ar\/wp-content\/uploads\/2016\/04\/Faggiano-277x195.jpg\" alt=\"\" width=\"277\" height=\"195\" \/><\/a><\/p>\n<p>La Liga Nacional 2020\/21\u00a0empezar\u00e1 el 1 de noviembre de 2020 con el sistema de juego dividido en dos conferencias, Norte y Sur.<\/p>\n<p>La primera fase finalizar\u00e1 el 20 de diciembre. Se jugar\u00e1n 38 d\u00edas en cada sede, y los equipos tendr\u00e1n 18 partidos cada uno. Lo entrenamientos al aire libre, volver\u00edan a mediados de septiembre de 2020, de acuerdo al protocolo sanitario presentado por el Comit\u00e9 de Crisis ante las autoridades del Ministerio de Turismo y Deportes.<\/p>\n<p><a href=\"http:\/\/www.boyetecnica.com.ar\/\" target=\"_blank\" rel=\"noopener\"><img decoding=\"async\" class=\"aligncenter size-full wp-image-98176\" src=\"http:\/\/www.gentedebasquet.com.ar\/wp-content\/uploads\/2020\/07\/Boy\u00e9-T\u00e9cnica.jpg\" alt=\"\" width=\"300\" height=\"250\" \/><\/a><\/p>\n<p>El presidente de la AdC,\u00a0Gerardo Montenegro, expres\u00f3: \u201cLe doy las gracias a todos por participar. Es una gran alegr\u00eda volver a encontrarnos. En nombre de todos los asamble\u00edstas de AdC, le agradecemos a las autoridades de CABB y a su presidente, Fabi\u00e1n Borro por estar con nosotros. Seguimos dando muestra de nuestro trabajo colectivo, todos juntos. Para nosotros representa un gran respaldo participar y acompa\u00f1ar a las pol\u00edticas de la Confederaci\u00f3n Argentina de B\u00e1squet. Se firm\u00f3 un convenio entre AdC &#8211; CABB, y la conformaci\u00f3n de una mesa de coordinaci\u00f3n entra ambas instituciones\u201d.<\/p>\n<p><a href=\"https:\/\/www.facebook.com\/4estaciones.bb\/\" target=\"_blank\" rel=\"noopener\"><img decoding=\"async\" class=\"aligncenter size-full wp-image-98072\" src=\"http:\/\/www.gentedebasquet.com.ar\/wp-content\/uploads\/2020\/07\/Cuatro-Estaciones-b.jpg\" alt=\"\" width=\"300\" height=\"250\" \/><\/a><\/p>\n<p>Cabe destacar que se aprob\u00f3 la alianza estrat\u00e9gica entre\u00a0AdC y CABB,\u00a0y el presidente\u00a0Fabi\u00e1n Borro, expres\u00f3:\u00a0\u201cEs un paso m\u00e1s de institucionalidad. Llegar a este momento es realmente especial. Estar juntos con el Consejo Directivo, es parte de la unidad y del trabajo en conjunto de nuestro b\u00e1squet. Esto es hist\u00f3rico porque pudimos cumplir con dos pilares de nuestra gesti\u00f3n y de las adecuaciones que nos pide FIBA. Nuestra alianza es una parte muy poderosa de la tan anhelada uni\u00f3n del b\u00e1squet argentino y lo hemos conseguido\u201d.<\/p>\n<p><a href=\"https:\/\/rayoseguridadprivada.com\/\" target=\"_blank\" rel=\"noopener\"><img decoding=\"async\" class=\"aligncenter size-full wp-image-93534\" src=\"http:\/\/www.gentedebasquet.com.ar\/wp-content\/uploads\/2019\/05\/Rayo-300x250.jpg\" alt=\"\" width=\"300\" height=\"250\" \/><\/a><\/p>\n<p><strong>Calendario<\/strong><\/p>\n<p>&#8211; Liga 3&#215;3 &#8211; 12 al 19 de octubre de 2020 &#8211; Sede \u00danica.<\/p>\n<p>&#8211; Liga Argentina &#8211; De enero a julio de 2021.<\/p>\n<p>&#8211; Liga Nacional Femenina &#8211; febrero\/marzo de 2021 &#8211; Sede \u00danica.<\/p>\n<p><a href=\"http:\/\/www.acquam.com.ar\/\" target=\"_blank\" rel=\"noopener\"><img decoding=\"async\" class=\"aligncenter size-full wp-image-98171\" src=\"http:\/\/www.gentedebasquet.com.ar\/wp-content\/uploads\/2020\/07\/Piscinas.jpg\" alt=\"\" width=\"300\" height=\"250\" \/><\/a><\/p>\n<p><strong>Formato de la Competencia &#8211; Juego por Conferencias (*)<\/strong><\/p>\n<p><em>Primera Fase &#8211; Sedes<\/em><\/p>\n<p>En Conferencia Norte y Sur.<span class=\"Apple-converted-space\"><br \/>\n<\/span><\/p>\n<p>Inicio &#8211; 1 de noviembre 2020.<\/p>\n<p>18 partidos cada equipo \u2013 38 d\u00edas de juego.<\/p>\n<p>Se clasifican los primeros 4 equipos de cada conferencia.<span class=\"Apple-converted-space\">\u00a0<\/span><\/p>\n<p>Cuadrangular final de cada conferencia:<\/p>\n<p>11, 12, y 13<span class=\"Apple-converted-space\">\u00a0\u00a0<\/span>de diciembre de 2020\u00a0en la misma sede.<\/p>\n<p>Final de la Primera Fase:<\/p>\n<p>18 &#8211; 19 &#8211; 20 diciembre\u00a0con Sede a definir, con los mejores 2 de cada conferencia.\u00a0<span class=\"Apple-converted-space\">\u00a0<\/span><\/p>\n<p><em>Segunda Fase<\/em><\/p>\n<p>Se jugar\u00e1 de acuerdo a las condiciones sanitarias en el pa\u00eds. Comenzar\u00e1 el 8 de enero.<span class=\"Apple-converted-space\">\u00a0<\/span><\/p>\n<p>(*) Sujeto a aprobaci\u00f3n del Ministerio de Turismo y Deportes de la Naci\u00f3n, y el Ministerio de Salud de la Naci\u00f3n.<\/p>\n<p><img decoding=\"async\" class=\"aligncenter size-full wp-image-98206\" src=\"http:\/\/www.gentedebasquet.com.ar\/wp-content\/uploads\/2020\/08\/2020Game1.gif\" alt=\"\" width=\"300\" height=\"250\" \/><\/p>\n<p><strong>Reformas Reglamentarias<\/strong><\/p>\n<p>Se establece el mecanismo de\u00a0Control Presupuestario\u00a0y adem\u00e1s se incorporan sanciones por incumplimientos econ\u00f3micos.\u00a0Tambi\u00e9n\u00a0 se confirm\u00f3 la clasificaci\u00f3n de\u00a0Ober\u00e1 Tenis Club (OTC)\u00a0a la pr\u00f3xima edici\u00f3n de la Liga Sudamericana tras haber ganado el S\u00faper 4 2020, como representante de la Liga Argentina.<\/p>\n<p>Plantillas.\u00a0Se podr\u00e1n tener\u00a0 en ambas categor\u00edas 4 fichas U23 de los cuales 3 deben ser de formaci\u00f3n. Condici\u00f3n de jugador de formaci\u00f3n 1 a\u00f1o en Liga Nacional, y en Liga Argentina.<\/p>\n<p>Fechas Administrativas.\u00a0Se aprobaron las fechas propuestas para: Cesi\u00f3n de Plaza &#8211; Inscripci\u00f3n &#8211; Avales &#8211; Reservas de Extranjeros &#8211; Presentaci\u00f3n de\u00a0 Lista de Buena Fe 2\/10\/2020.<\/p>\n<p><img decoding=\"async\" class=\"aligncenter size-full wp-image-98289\" src=\"http:\/\/www.gentedebasquet.com.ar\/wp-content\/uploads\/2020\/08\/2020Game6.gif\" alt=\"\" width=\"300\" height=\"250\" \/><\/p>\n<p><strong>COMISI\u00d3N DIRECTIVA ADC<\/strong><\/p>\n<p>Presidente<span class=\"Apple-converted-space\">\u00a0&gt;\u00a0<\/span>Gerardo Montenegro<span class=\"Apple-converted-space\">\u00a0<\/span>(Quimsa, Categor\u00eda A)<\/p>\n<p>Vicepresidente 1\u00b0<span class=\"Apple-converted-space\">\u00a0&gt;\u00a0<\/span>Eduardo Tassano<span class=\"Apple-converted-space\">\u00a0<\/span>(Regatas Corrientes, Categor\u00eda A)<\/p>\n<p>Vicepresidente 2\u00b0<span class=\"Apple-converted-space\">\u00a0&gt;\u00a0<\/span>Domingo Robles<span class=\"Apple-converted-space\">\u00a0<\/span>(Pe\u00f1arol, Categor\u00eda A)<\/p>\n<p>Vicepresidente 3\u00ba &gt;\u00a0Juan Cavagliatto<span class=\"Apple-converted-space\">\u00a0<\/span>(Instituto, Categor\u00eda A)<\/p>\n<p>Secretario<span class=\"Apple-converted-space\">\u00a0&gt;\u00a0<\/span>N\u00e9stor Chaves<span class=\"Apple-converted-space\">\u00a0<\/span>(Gimnasia de Comodoro, Categor\u00eda A)<\/p>\n<p>Tesorero<span class=\"Apple-converted-space\">\u00a0&gt;\u00a0<\/span>Andr\u00e9s Pelussi<span class=\"Apple-converted-space\">\u00a0<\/span>(Libertad de Sunchales, Categor\u00eda A)<\/p>\n<p>Protesorero &gt;\u00a0Patricio L\u00f3pez Isla\u00a0(Ol\u00edmpico, Categor\u00eda A)<\/p>\n<p>Prosecretario<span class=\"Apple-converted-space\">\u00a0&gt;\u00a0<\/span>Santiago Losada<span class=\"Apple-converted-space\">\u00a0<\/span>(Tom\u00e1s de Rocamora, Categor\u00eda Liga Argentina)<\/p>\n<p>Vocales Titulares<span class=\"Apple-converted-space\">\u00a0<\/span><\/p>\n<p>1o Marcelo Casaretto<span class=\"Apple-converted-space\">\u00a0<\/span>(Echag\u00fce de Paran\u00e1, Categor\u00eda Liga Argentina)<\/p>\n<p>2o C\u00e9sar Torres<span class=\"Apple-converted-space\">\u00a0<\/span>(Platense, Categor\u00eda A)<\/p>\n<p>3o Mario Garc\u00eda\u00a0(Club Barrio Parque, Categor\u00eda Liga Argentina)<\/p>\n<p>4o Marcelo Jim\u00e9nez\u00a0(Quilmes, Categor\u00eda Liga Argentina)<\/p>\n<p>Vocales Suplentes<span class=\"Apple-converted-space\">\u00a0<\/span><\/p>\n<p>1o Alejandro Desimone\u00a0(Boca Juniors, Categor\u00eda A)<\/p>\n<p>2o Pablo Giraudo\u00a0(Ameghino, Categor\u00eda Liga Argentina)<\/p>\n<p>3o Ariel Basteiro<span class=\"Apple-converted-space\">\u00a0<\/span>(V\u00e9lez, Categor\u00eda Liga Femenina)<\/p>\n<p>4o Fernando Casadei<span class=\"Apple-converted-space\">\u00a0<\/span>(Deportivo Viedma, Categor\u00eda Liga Argentina)<\/p>\n<p>5o Fernando Pal\u00f3poli<span class=\"Apple-converted-space\">\u00a0<\/span>(Salta Basket, Categor\u00eda Liga Argentina)<\/p>\n<p>6o Carlos Basualdo\u00a0(Independiente, Categor\u00eda Liga Argentina)<\/p>\n<p>7o\u00a0Pablo Trucco \u00a0(Ferro, Categor\u00eda A)<\/p>\n<p><img decoding=\"async\" class=\"aligncenter size-full wp-image-98288\" src=\"http:\/\/www.gentedebasquet.com.ar\/wp-content\/uploads\/2020\/08\/2020Game5.gif\" alt=\"\" width=\"300\" height=\"250\" \/><\/p>\n<p><strong>Fuente:<\/strong> prensa LNB.<\/p>\n","protected":false},"excerpt":{"rendered":"<p>Se dividir\u00e1 en dos zonas y comenzar\u00e1 el 1 de noviembre<\/p>\n","protected":false},"author":1,"featured_media":97418,"comment_status":"closed","ping_status":"open","sticky":false,"template":"","format":"standard","meta":{"jnews-multi-image_gallery":[],"jnews_single_post":[],"jnews_primary_category":[],"footnotes":""},"categories":[57,43,39,101],"tags":[58,1078,78],"class_list":["post-98319","post","type-post","status-publish","format-standard","has-post-thumbnail","hentry","category-bahia-basket","category-la-liga","category-nacional","category-slide","tag-bahiabasket","tag-liga-nacional","tag-lnb"],"yoast_head":"<!-- This site is optimized with the Yoast SEO plugin v27.5 - https:\/\/yoast.com\/product\/yoast-seo-wordpress\/ -->\n<title>As\u00ed se jugar\u00e1 la Liga - Gente de B\u00e1squet<\/title>\n<meta name=\"robots\" content=\"index, follow, max-snippet:-1, max-image-preview:large, max-video-preview:-1\" \/>\n<link rel=\"canonical\" href=\"https:\/\/gentedebasquet.com.ar\/sitio\/2020\/09\/01\/asi-se-jugara-la-liga\/\" \/>\n<meta property=\"og:locale\" content=\"es_ES\" \/>\n<meta property=\"og:type\" content=\"article\" \/>\n<meta property=\"og:title\" content=\"As\u00ed se jugar\u00e1 la Liga - Gente de B\u00e1squet\" \/>\n<meta property=\"og:description\" content=\"Se dividir\u00e1 en dos zonas y comenzar\u00e1 el 1 de noviembre\" \/>\n<meta property=\"og:url\" content=\"https:\/\/gentedebasquet.com.ar\/sitio\/2020\/09\/01\/asi-se-jugara-la-liga\/\" \/>\n<meta property=\"og:site_name\" content=\"Gente de B\u00e1squet\" \/>\n<meta property=\"article:published_time\" content=\"2020-09-01T13:53:51+00:00\" \/>\n<meta property=\"og:image\" content=\"https:\/\/gentedebasquet.com.ar\/sitio\/wp-content\/uploads\/2020\/01\/Bahia-Basket-La-Union-Caio-LNB.jpg\" \/>\n\t<meta property=\"og:image:width\" content=\"690\" \/>\n\t<meta property=\"og:image:height\" content=\"319\" \/>\n\t<meta property=\"og:image:type\" content=\"image\/jpeg\" \/>\n<meta name=\"author\" content=\"Gente de B\u00e1squet\" \/>\n<meta name=\"twitter:card\" content=\"summary_large_image\" \/>\n<meta name=\"twitter:label1\" content=\"Escrito por\" \/>\n\t<meta name=\"twitter:data1\" content=\"Gente de B\u00e1squet\" \/>\n\t<meta name=\"twitter:label2\" content=\"Tiempo de lectura\" \/>\n\t<meta name=\"twitter:data2\" content=\"4 minutos\" \/>\n<script type=\"application\/ld+json\" class=\"yoast-schema-graph\">{\"@context\":\"https:\\\/\\\/schema.org\",\"@graph\":[{\"@type\":\"Article\",\"@id\":\"https:\\\/\\\/gentedebasquet.com.ar\\\/sitio\\\/2020\\\/09\\\/01\\\/asi-se-jugara-la-liga\\\/#article\",\"isPartOf\":{\"@id\":\"https:\\\/\\\/gentedebasquet.com.ar\\\/sitio\\\/2020\\\/09\\\/01\\\/asi-se-jugara-la-liga\\\/\"},\"author\":{\"name\":\"Gente de B\u00e1squet\",\"@id\":\"https:\\\/\\\/gentedebasquet.com.ar\\\/sitio\\\/#\\\/schema\\\/person\\\/ca0b63bbb977369988a7bbbdc519943a\"},\"headline\":\"As\u00ed se jugar\u00e1 la Liga\",\"datePublished\":\"2020-09-01T13:53:51+00:00\",\"mainEntityOfPage\":{\"@id\":\"https:\\\/\\\/gentedebasquet.com.ar\\\/sitio\\\/2020\\\/09\\\/01\\\/asi-se-jugara-la-liga\\\/\"},\"wordCount\":828,\"image\":{\"@id\":\"https:\\\/\\\/gentedebasquet.com.ar\\\/sitio\\\/2020\\\/09\\\/01\\\/asi-se-jugara-la-liga\\\/#primaryimage\"},\"thumbnailUrl\":\"https:\\\/\\\/gentedebasquet.com.ar\\\/sitio\\\/wp-content\\\/uploads\\\/2020\\\/01\\\/Bahia-Basket-La-Union-Caio-LNB.jpg\",\"keywords\":[\"Bah\u00eda Basket\",\"liga nacional\",\"LNB\"],\"articleSection\":[\"Bah\u00eda Basket\",\"Liga Nacional\",\"Nacional\",\"Slide\"],\"inLanguage\":\"es\"},{\"@type\":\"WebPage\",\"@id\":\"https:\\\/\\\/gentedebasquet.com.ar\\\/sitio\\\/2020\\\/09\\\/01\\\/asi-se-jugara-la-liga\\\/\",\"url\":\"https:\\\/\\\/gentedebasquet.com.ar\\\/sitio\\\/2020\\\/09\\\/01\\\/asi-se-jugara-la-liga\\\/\",\"name\":\"As\u00ed se jugar\u00e1 la Liga - Gente de B\u00e1squet\",\"isPartOf\":{\"@id\":\"https:\\\/\\\/gentedebasquet.com.ar\\\/sitio\\\/#website\"},\"primaryImageOfPage\":{\"@id\":\"https:\\\/\\\/gentedebasquet.com.ar\\\/sitio\\\/2020\\\/09\\\/01\\\/asi-se-jugara-la-liga\\\/#primaryimage\"},\"image\":{\"@id\":\"https:\\\/\\\/gentedebasquet.com.ar\\\/sitio\\\/2020\\\/09\\\/01\\\/asi-se-jugara-la-liga\\\/#primaryimage\"},\"thumbnailUrl\":\"https:\\\/\\\/gentedebasquet.com.ar\\\/sitio\\\/wp-content\\\/uploads\\\/2020\\\/01\\\/Bahia-Basket-La-Union-Caio-LNB.jpg\",\"datePublished\":\"2020-09-01T13:53:51+00:00\",\"author\":{\"@id\":\"https:\\\/\\\/gentedebasquet.com.ar\\\/sitio\\\/#\\\/schema\\\/person\\\/ca0b63bbb977369988a7bbbdc519943a\"},\"breadcrumb\":{\"@id\":\"https:\\\/\\\/gentedebasquet.com.ar\\\/sitio\\\/2020\\\/09\\\/01\\\/asi-se-jugara-la-liga\\\/#breadcrumb\"},\"inLanguage\":\"es\",\"potentialAction\":[{\"@type\":\"ReadAction\",\"target\":[\"https:\\\/\\\/gentedebasquet.com.ar\\\/sitio\\\/2020\\\/09\\\/01\\\/asi-se-jugara-la-liga\\\/\"]}]},{\"@type\":\"ImageObject\",\"inLanguage\":\"es\",\"@id\":\"https:\\\/\\\/gentedebasquet.com.ar\\\/sitio\\\/2020\\\/09\\\/01\\\/asi-se-jugara-la-liga\\\/#primaryimage\",\"url\":\"https:\\\/\\\/gentedebasquet.com.ar\\\/sitio\\\/wp-content\\\/uploads\\\/2020\\\/01\\\/Bahia-Basket-La-Union-Caio-LNB.jpg\",\"contentUrl\":\"https:\\\/\\\/gentedebasquet.com.ar\\\/sitio\\\/wp-content\\\/uploads\\\/2020\\\/01\\\/Bahia-Basket-La-Union-Caio-LNB.jpg\",\"width\":690,\"height\":319},{\"@type\":\"BreadcrumbList\",\"@id\":\"https:\\\/\\\/gentedebasquet.com.ar\\\/sitio\\\/2020\\\/09\\\/01\\\/asi-se-jugara-la-liga\\\/#breadcrumb\",\"itemListElement\":[{\"@type\":\"ListItem\",\"position\":1,\"name\":\"Portada\",\"item\":\"https:\\\/\\\/gentedebasquet.com.ar\\\/sitio\\\/\"},{\"@type\":\"ListItem\",\"position\":2,\"name\":\"As\u00ed se jugar\u00e1 la Liga\"}]},{\"@type\":\"WebSite\",\"@id\":\"https:\\\/\\\/gentedebasquet.com.ar\\\/sitio\\\/#website\",\"url\":\"https:\\\/\\\/gentedebasquet.com.ar\\\/sitio\\\/\",\"name\":\"Gente de B\u00e1squet\",\"description\":\"La revista del basquet de Bah\u00eda Blanca\",\"potentialAction\":[{\"@type\":\"SearchAction\",\"target\":{\"@type\":\"EntryPoint\",\"urlTemplate\":\"https:\\\/\\\/gentedebasquet.com.ar\\\/sitio\\\/?s={search_term_string}\"},\"query-input\":{\"@type\":\"PropertyValueSpecification\",\"valueRequired\":true,\"valueName\":\"search_term_string\"}}],\"inLanguage\":\"es\"},{\"@type\":\"Person\",\"@id\":\"https:\\\/\\\/gentedebasquet.com.ar\\\/sitio\\\/#\\\/schema\\\/person\\\/ca0b63bbb977369988a7bbbdc519943a\",\"name\":\"Gente de B\u00e1squet\",\"image\":{\"@type\":\"ImageObject\",\"inLanguage\":\"es\",\"@id\":\"https:\\\/\\\/secure.gravatar.com\\\/avatar\\\/7f2c48bdc33b30088f941fb6082e555f2874c98e20cb159d7b92b50eadfce793?s=96&d=mm&r=g\",\"url\":\"https:\\\/\\\/secure.gravatar.com\\\/avatar\\\/7f2c48bdc33b30088f941fb6082e555f2874c98e20cb159d7b92b50eadfce793?s=96&d=mm&r=g\",\"contentUrl\":\"https:\\\/\\\/secure.gravatar.com\\\/avatar\\\/7f2c48bdc33b30088f941fb6082e555f2874c98e20cb159d7b92b50eadfce793?s=96&d=mm&r=g\",\"caption\":\"Gente de B\u00e1squet\"},\"sameAs\":[\"http:\\\/\\\/gentedebasquet.com.ar\\\/sitio\"],\"url\":\"https:\\\/\\\/gentedebasquet.com.ar\\\/sitio\\\/author\\\/ulises\\\/\"}]}<\/script>\n<!-- \/ Yoast SEO plugin. -->","yoast_head_json":{"title":"As\u00ed se jugar\u00e1 la Liga - Gente de B\u00e1squet","robots":{"index":"index","follow":"follow","max-snippet":"max-snippet:-1","max-image-preview":"max-image-preview:large","max-video-preview":"max-video-preview:-1"},"canonical":"https:\/\/gentedebasquet.com.ar\/sitio\/2020\/09\/01\/asi-se-jugara-la-liga\/","og_locale":"es_ES","og_type":"article","og_title":"As\u00ed se jugar\u00e1 la Liga - Gente de B\u00e1squet","og_description":"Se dividir\u00e1 en dos zonas y comenzar\u00e1 el 1 de noviembre","og_url":"https:\/\/gentedebasquet.com.ar\/sitio\/2020\/09\/01\/asi-se-jugara-la-liga\/","og_site_name":"Gente de B\u00e1squet","article_published_time":"2020-09-01T13:53:51+00:00","og_image":[{"width":690,"height":319,"url":"https:\/\/gentedebasquet.com.ar\/sitio\/wp-content\/uploads\/2020\/01\/Bahia-Basket-La-Union-Caio-LNB.jpg","type":"image\/jpeg"}],"author":"Gente de B\u00e1squet","twitter_card":"summary_large_image","twitter_misc":{"Escrito por":"Gente de B\u00e1squet","Tiempo de lectura":"4 minutos"},"schema":{"@context":"https:\/\/schema.org","@graph":[{"@type":"Article","@id":"https:\/\/gentedebasquet.com.ar\/sitio\/2020\/09\/01\/asi-se-jugara-la-liga\/#article","isPartOf":{"@id":"https:\/\/gentedebasquet.com.ar\/sitio\/2020\/09\/01\/asi-se-jugara-la-liga\/"},"author":{"name":"Gente de B\u00e1squet","@id":"https:\/\/gentedebasquet.com.ar\/sitio\/#\/schema\/person\/ca0b63bbb977369988a7bbbdc519943a"},"headline":"As\u00ed se jugar\u00e1 la Liga","datePublished":"2020-09-01T13:53:51+00:00","mainEntityOfPage":{"@id":"https:\/\/gentedebasquet.com.ar\/sitio\/2020\/09\/01\/asi-se-jugara-la-liga\/"},"wordCount":828,"image":{"@id":"https:\/\/gentedebasquet.com.ar\/sitio\/2020\/09\/01\/asi-se-jugara-la-liga\/#primaryimage"},"thumbnailUrl":"https:\/\/gentedebasquet.com.ar\/sitio\/wp-content\/uploads\/2020\/01\/Bahia-Basket-La-Union-Caio-LNB.jpg","keywords":["Bah\u00eda Basket","liga nacional","LNB"],"articleSection":["Bah\u00eda Basket","Liga Nacional","Nacional","Slide"],"inLanguage":"es"},{"@type":"WebPage","@id":"https:\/\/gentedebasquet.com.ar\/sitio\/2020\/09\/01\/asi-se-jugara-la-liga\/","url":"https:\/\/gentedebasquet.com.ar\/sitio\/2020\/09\/01\/asi-se-jugara-la-liga\/","name":"As\u00ed se jugar\u00e1 la Liga - Gente de B\u00e1squet","isPartOf":{"@id":"https:\/\/gentedebasquet.com.ar\/sitio\/#website"},"primaryImageOfPage":{"@id":"https:\/\/gentedebasquet.com.ar\/sitio\/2020\/09\/01\/asi-se-jugara-la-liga\/#primaryimage"},"image":{"@id":"https:\/\/gentedebasquet.com.ar\/sitio\/2020\/09\/01\/asi-se-jugara-la-liga\/#primaryimage"},"thumbnailUrl":"https:\/\/gentedebasquet.com.ar\/sitio\/wp-content\/uploads\/2020\/01\/Bahia-Basket-La-Union-Caio-LNB.jpg","datePublished":"2020-09-01T13:53:51+00:00","author":{"@id":"https:\/\/gentedebasquet.com.ar\/sitio\/#\/schema\/person\/ca0b63bbb977369988a7bbbdc519943a"},"breadcrumb":{"@id":"https:\/\/gentedebasquet.com.ar\/sitio\/2020\/09\/01\/asi-se-jugara-la-liga\/#breadcrumb"},"inLanguage":"es","potentialAction":[{"@type":"ReadAction","target":["https:\/\/gentedebasquet.com.ar\/sitio\/2020\/09\/01\/asi-se-jugara-la-liga\/"]}]},{"@type":"ImageObject","inLanguage":"es","@id":"https:\/\/gentedebasquet.com.ar\/sitio\/2020\/09\/01\/asi-se-jugara-la-liga\/#primaryimage","url":"https:\/\/gentedebasquet.com.ar\/sitio\/wp-content\/uploads\/2020\/01\/Bahia-Basket-La-Union-Caio-LNB.jpg","contentUrl":"https:\/\/gentedebasquet.com.ar\/sitio\/wp-content\/uploads\/2020\/01\/Bahia-Basket-La-Union-Caio-LNB.jpg","width":690,"height":319},{"@type":"BreadcrumbList","@id":"https:\/\/gentedebasquet.com.ar\/sitio\/2020\/09\/01\/asi-se-jugara-la-liga\/#breadcrumb","itemListElement":[{"@type":"ListItem","position":1,"name":"Portada","item":"https:\/\/gentedebasquet.com.ar\/sitio\/"},{"@type":"ListItem","position":2,"name":"As\u00ed se jugar\u00e1 la Liga"}]},{"@type":"WebSite","@id":"https:\/\/gentedebasquet.com.ar\/sitio\/#website","url":"https:\/\/gentedebasquet.com.ar\/sitio\/","name":"Gente de B\u00e1squet","description":"La revista del basquet de Bah\u00eda Blanca","potentialAction":[{"@type":"SearchAction","target":{"@type":"EntryPoint","urlTemplate":"https:\/\/gentedebasquet.com.ar\/sitio\/?s={search_term_string}"},"query-input":{"@type":"PropertyValueSpecification","valueRequired":true,"valueName":"search_term_string"}}],"inLanguage":"es"},{"@type":"Person","@id":"https:\/\/gentedebasquet.com.ar\/sitio\/#\/schema\/person\/ca0b63bbb977369988a7bbbdc519943a","name":"Gente de B\u00e1squet","image":{"@type":"ImageObject","inLanguage":"es","@id":"https:\/\/secure.gravatar.com\/avatar\/7f2c48bdc33b30088f941fb6082e555f2874c98e20cb159d7b92b50eadfce793?s=96&d=mm&r=g","url":"https:\/\/secure.gravatar.com\/avatar\/7f2c48bdc33b30088f941fb6082e555f2874c98e20cb159d7b92b50eadfce793?s=96&d=mm&r=g","contentUrl":"https:\/\/secure.gravatar.com\/avatar\/7f2c48bdc33b30088f941fb6082e555f2874c98e20cb159d7b92b50eadfce793?s=96&d=mm&r=g","caption":"Gente de B\u00e1squet"},"sameAs":["http:\/\/gentedebasquet.com.ar\/sitio"],"url":"https:\/\/gentedebasquet.com.ar\/sitio\/author\/ulises\/"}]}},"_links":{"self":[{"href":"https:\/\/gentedebasquet.com.ar\/sitio\/wp-json\/wp\/v2\/posts\/98319","targetHints":{"allow":["GET"]}}],"collection":[{"href":"https:\/\/gentedebasquet.com.ar\/sitio\/wp-json\/wp\/v2\/posts"}],"about":[{"href":"https:\/\/gentedebasquet.com.ar\/sitio\/wp-json\/wp\/v2\/types\/post"}],"author":[{"embeddable":true,"href":"https:\/\/gentedebasquet.com.ar\/sitio\/wp-json\/wp\/v2\/users\/1"}],"replies":[{"embeddable":true,"href":"https:\/\/gentedebasquet.com.ar\/sitio\/wp-json\/wp\/v2\/comments?post=98319"}],"version-history":[{"count":0,"href":"https:\/\/gentedebasquet.com.ar\/sitio\/wp-json\/wp\/v2\/posts\/98319\/revisions"}],"wp:featuredmedia":[{"embeddable":true,"href":"https:\/\/gentedebasquet.com.ar\/sitio\/wp-json\/wp\/v2\/media\/97418"}],"wp:attachment":[{"href":"https:\/\/gentedebasquet.com.ar\/sitio\/wp-json\/wp\/v2\/media?parent=98319"}],"wp:term":[{"taxonomy":"category","embeddable":true,"href":"https:\/\/gentedebasquet.com.ar\/sitio\/wp-json\/wp\/v2\/categories?post=98319"},{"taxonomy":"post_tag","embeddable":true,"href":"https:\/\/gentedebasquet.com.ar\/sitio\/wp-json\/wp\/v2\/tags?post=98319"}],"curies":[{"name":"wp","href":"https:\/\/api.w.org\/{rel}","templated":true}]}}