{"id":98370,"date":"2020-09-20T14:35:42","date_gmt":"2020-09-20T17:35:42","guid":{"rendered":"http:\/\/www.gentedebasquet.com.ar\/?p=98370"},"modified":"2020-09-20T14:35:42","modified_gmt":"2020-09-20T17:35:42","slug":"se-viene-la-segunda-parte","status":"publish","type":"post","link":"https:\/\/gentedebasquet.com.ar\/sitio\/2020\/09\/20\/se-viene-la-segunda-parte\/","title":{"rendered":"\u00a1Se viene la segunda parte!"},"content":{"rendered":"<p><strong><span class=\"css-901oao css-16my406 r-1qd0xha r-ad9z0x r-bcqeeo r-qvutc0\">Con la llegada de la primavera, se viene la segunda etapa del Juego de los 20 a\u00f1os de Gente de B\u00e1squet.<\/span><\/strong><\/p>\n<p><strong>Desde este lunes, El E<span class=\"css-901oao css-16my406 r-1qd0xha r-ad9z0x r-bcqeeo r-qvutc0\">quipo de las Dos D\u00e9cadas tendr\u00e1 nuevos rubros, otros seleccionados y m\u00e1s premios para jugar.<\/span><\/strong><\/p>\n<p><strong>As\u00ed, Amilcar Andreanelli, Mart\u00edn Ipucha, Mariano Pizzo, Fabricio Starc y Mauro Campa\u00f1a, el quinteto que eligi\u00f3 la gente para representar la era 2001-2020, tendr\u00e1 flamantes compa\u00f1eros para completar un plantel de lujo que ser\u00e1 dirigido por Guillermo L\u00f3pez.<\/strong><\/p>\n<p><strong>Como ya sab\u00e9s, pod\u00e9s ser parte. \u00bfC\u00f3mo? Vamos a buscar el mejor defensor, el mejor tirador, a quien consideren mejor compa\u00f1ero y a la mejor jugadora de los \u00faltimos tiempos. Ah, para completar, esta parte del Juego tendr\u00e1 la elecci\u00f3n del \u00e1rbitro m\u00e1s respetado.<\/strong><\/p>\n<p>Para eso, d\u00eda a d\u00eda vamos a ir publicando en nuestras redes sociales todos los duelos para que todos puedan votar.<\/p>\n<p>Pod\u00e9s hacerlo a trav\u00e9s de nuestro <a href=\"https:\/\/www.facebook.com\/Gente-de-B%C3%A1squet-251256128328794\/\" target=\"_blank\" rel=\"noopener\">Facebook<\/a>, en <a href=\"https:\/\/twitter.com\/GenteDeBasquet\" target=\"_blank\" rel=\"noopener\">Twitter<\/a> o v\u00eda historias de <a href=\"https:\/\/www.instagram.com\/gentedebasquet\/\" target=\"_blank\" rel=\"noopener\">Instagram<\/a>; ten\u00e9 en cuenta que se suman las tres redes sociales para elegir al ganador.<\/p>\n<p>El sistema de juego es un enorme playoffs a simple eliminaci\u00f3n, as\u00ed que a estar atento, relojear los posibles enfrentamientos y cruzar los dedos porque tambi\u00e9n habr\u00e1 regalos para todos los que participen.<\/p>\n<h5 style=\"text-align: center;\"><strong>LISTAS DE BUENA FE<\/strong><\/h5>\n<p><img decoding=\"async\" class=\"aligncenter wp-image-98371\" src=\"http:\/\/www.gentedebasquet.com.ar\/wp-content\/uploads\/2020\/09\/Elegidos-1-1024x593.jpg\" alt=\"\" width=\"900\" height=\"521\" srcset=\"https:\/\/gentedebasquet.com.ar\/sitio\/wp-content\/uploads\/2020\/09\/Elegidos-1-1024x593.jpg 1024w, https:\/\/gentedebasquet.com.ar\/sitio\/wp-content\/uploads\/2020\/09\/Elegidos-1-300x174.jpg 300w, https:\/\/gentedebasquet.com.ar\/sitio\/wp-content\/uploads\/2020\/09\/Elegidos-1-768x445.jpg 768w, https:\/\/gentedebasquet.com.ar\/sitio\/wp-content\/uploads\/2020\/09\/Elegidos-1-1536x889.jpg 1536w, https:\/\/gentedebasquet.com.ar\/sitio\/wp-content\/uploads\/2020\/09\/Elegidos-1.jpg 1781w\" sizes=\"(max-width: 900px) 100vw, 900px\" \/><\/p>\n<p><img decoding=\"async\" class=\"aligncenter wp-image-98381\" src=\"http:\/\/www.gentedebasquet.com.ar\/wp-content\/uploads\/2020\/09\/Elegidos-3-1024x887.jpg\" alt=\"\" width=\"600\" height=\"520\" srcset=\"https:\/\/gentedebasquet.com.ar\/sitio\/wp-content\/uploads\/2020\/09\/Elegidos-3-1024x887.jpg 1024w, https:\/\/gentedebasquet.com.ar\/sitio\/wp-content\/uploads\/2020\/09\/Elegidos-3-300x260.jpg 300w, https:\/\/gentedebasquet.com.ar\/sitio\/wp-content\/uploads\/2020\/09\/Elegidos-3-768x665.jpg 768w, https:\/\/gentedebasquet.com.ar\/sitio\/wp-content\/uploads\/2020\/09\/Elegidos-3.jpg 1190w\" sizes=\"(max-width: 600px) 100vw, 600px\" \/><\/p>\n<p><img decoding=\"async\" class=\"aligncenter size-large wp-image-98373\" src=\"http:\/\/www.gentedebasquet.com.ar\/wp-content\/uploads\/2020\/09\/Auspiciantes-GDB2-1024x576.jpg\" alt=\"\" width=\"1024\" height=\"576\" srcset=\"https:\/\/gentedebasquet.com.ar\/sitio\/wp-content\/uploads\/2020\/09\/Auspiciantes-GDB2-1024x576.jpg 1024w, https:\/\/gentedebasquet.com.ar\/sitio\/wp-content\/uploads\/2020\/09\/Auspiciantes-GDB2-300x169.jpg 300w, https:\/\/gentedebasquet.com.ar\/sitio\/wp-content\/uploads\/2020\/09\/Auspiciantes-GDB2-768x432.jpg 768w, https:\/\/gentedebasquet.com.ar\/sitio\/wp-content\/uploads\/2020\/09\/Auspiciantes-GDB2-1536x864.jpg 1536w, https:\/\/gentedebasquet.com.ar\/sitio\/wp-content\/uploads\/2020\/09\/Auspiciantes-GDB2.jpg 2000w\" sizes=\"(max-width: 1024px) 100vw, 1024px\" \/><\/p>\n<blockquote class=\"instagram-media\" style=\"background: #FFF; border: 0; border-radius: 3px; box-shadow: 0 0 1px 0 rgba(0,0,0,0.5),0 1px 10px 0 rgba(0,0,0,0.15); margin: 1px; max-width: 540px; min-width: 326px; padding: 0; width: calc(100% - 2px);\" data-instgrm-captioned=\"\" data-instgrm-permalink=\"https:\/\/www.instagram.com\/tv\/CFXVSh0lNgc\/?utm_source=ig_embed&amp;utm_campaign=loading\" data-instgrm-version=\"12\">\n<div style=\"padding: 16px;\">\n<p>&nbsp;<\/p>\n<div style=\"display: flex; flex-direction: row; align-items: center;\"><\/div>\n<div style=\"padding: 19% 0;\"><\/div>\n<div style=\"display: block; height: 50px; margin: 0 auto 12px; width: 50px;\"><\/div>\n<div style=\"padding-top: 8px;\">\n<div style=\"color: #3897f0; font-family: Arial,sans-serif; font-size: 14px; font-style: normal; font-weight: 550; line-height: 18px;\">Ver esta publicaci\u00f3n en Instagram<\/div>\n<\/div>\n<div style=\"padding: 12.5% 0;\"><\/div>\n<div style=\"display: flex; flex-direction: row; margin-bottom: 14px; align-items: center;\"><\/div>\n<p>&nbsp;<\/p>\n<p style=\"margin: 8px 0 0 0; padding: 0 4px;\"><a style=\"color: #000; font-family: Arial,sans-serif; font-size: 14px; font-style: normal; font-weight: normal; line-height: 17px; text-decoration: none; word-wrap: break-word;\" href=\"https:\/\/www.instagram.com\/tv\/CFXVSh0lNgc\/?utm_source=ig_embed&amp;utm_campaign=loading\" target=\"_blank\" rel=\"noopener\">\u2b50\ufe0f \u00abEl Equipo de las Dos D\u00e9cadas\u00bb no termin\u00f3: se viene la segunda etapa. \ud83d\udc49 Nuevos rubros, otros seleccionados y m\u00e1s premios para jugar. \u00bfEst\u00e1s listo para votar? \u00a1A subir el volumen! \u00a1Y a jugar! #GDBx20 #EquipoGDB<\/a><\/p>\n<p style=\"color: #c9c8cd; font-family: Arial,sans-serif; font-size: 14px; line-height: 17px; margin-bottom: 0; margin-top: 8px; overflow: hidden; padding: 8px 0 7px; text-align: center; text-overflow: ellipsis; white-space: nowrap;\">Una publicaci\u00f3n compartida de <a style=\"color: #c9c8cd; font-family: Arial,sans-serif; font-size: 14px; font-style: normal; font-weight: normal; line-height: 17px;\" href=\"https:\/\/www.instagram.com\/gentedebasquet\/?utm_source=ig_embed&amp;utm_campaign=loading\" target=\"_blank\" rel=\"noopener\"> Gente De B\u00e1squet<\/a> (@gentedebasquet) el <time style=\"font-family: Arial,sans-serif; font-size: 14px; line-height: 17px;\" datetime=\"2020-09-20T16:11:23+00:00\">20 Sep, 2020 a las 9:11 PDT<\/time><\/p>\n<\/div>\n<\/blockquote>\n<p><script async src=\"\/\/www.instagram.com\/embed.js\"><\/script><\/p>\n<p>Entre mayo y septiembre, y con casi cien mil votos, entre todos armamos El Equipo de las Dos D\u00e9cadas: los m\u00e1s destacados del b\u00e1squetbol masculino en la era Gente de B\u00e1squet (2001-2020).<\/p>\n<p>All\u00ed, <a href=\"http:\/\/www.gentedebasquet.com.ar\/amilcar-el-base-del-pueblo\/\" target=\"_blank\" rel=\"noopener\">Amilcar Andreanelli<\/a> realiz\u00f3 una enorme campa\u00f1a para quedarse con el lugar entre los bases, superando a Lucas Faggiano en la gran final.<\/p>\n<p>La posici\u00f3n de escolta, tan pol\u00e9mica, estar\u00e1 en manos de <a href=\"http:\/\/www.gentedebasquet.com.ar\/ipucha-tiro-las-redes\/\" target=\"_blank\" rel=\"noopener\">Mart\u00edn Ipucha<\/a>, que dej\u00f3 afuera a Juan Pablo Mor\u00e1n en la definici\u00f3n.<\/p>\n<p><a href=\"http:\/\/www.gentedebasquet.com.ar\/pizzo-el-alero-del-siglo\/\" target=\"_blank\" rel=\"noopener\">Mariano Pizzo<\/a>, tras una final cabeza a cabeza con el Chino Trellini, se convirti\u00f3 en el alero del Equipo.<\/p>\n<p>Mientras que <a href=\"http:\/\/www.gentedebasquet.com.ar\/un-leon-para-el-equipo\/\" target=\"_blank\" rel=\"noopener\">Fabricio Starc<\/a>\u00a0logr\u00f3 imponerse a Fernando Lliteras por tres puntos porcentuales para quedarse con la posici\u00f3n de ala pivot.<\/p>\n<p>En tanto que <a href=\"http:\/\/www.gentedebasquet.com.ar\/un-pivot-con-alta-campana\/\" target=\"_blank\" rel=\"noopener\">Mauro realiz\u00f3 una enorme Campa\u00f1a<\/a> para ser el mejor pivot, al imponerse a Franco Pennacchiotti.<\/p>\n<p>Por \u00faltimo, luego de una final\u00a0tremendamente pareja, que se defini\u00f3 en la \u00faltima hora y con un sprint final de novela,\u00a0<a href=\"http:\/\/www.gentedebasquet.com.ar\/el-ruso-lopez-al-mando\/\" target=\"_blank\" rel=\"noopener\">Guillermo L\u00f3pez<\/a> super\u00f3 a Claudio Queti para convertirse en el entrenador del Equipo.<\/p>\n<p>\u00bfQui\u00e9nes ser\u00e1n los pr\u00f3ximos ganadores?<\/p>\n<p>\u00a1A subir el volumen! \u00a1Y a jugar!<\/p>\n","protected":false},"excerpt":{"rendered":"<p>El Equipo de las Dos D\u00e9cadas tendr\u00e1 nuevos rubros y otros seleccionados<\/p>\n","protected":false},"author":1,"featured_media":0,"comment_status":"closed","ping_status":"open","sticky":false,"template":"","format":"standard","meta":{"jnews-multi-image_gallery":[],"jnews_single_post":[],"jnews_primary_category":[],"footnotes":""},"categories":[24,101],"tags":[1787,1788],"class_list":["post-98370","post","type-post","status-publish","format-standard","hentry","category-overtime","category-slide","tag-el-equipo-de-las-dos-decadas","tag-gdb"],"yoast_head":"<!-- This site is optimized with the Yoast SEO plugin v27.5 - https:\/\/yoast.com\/product\/yoast-seo-wordpress\/ -->\n<title>\u00a1Se viene la segunda parte! - Gente de B\u00e1squet<\/title>\n<meta name=\"robots\" content=\"index, follow, max-snippet:-1, max-image-preview:large, max-video-preview:-1\" \/>\n<link rel=\"canonical\" href=\"https:\/\/gentedebasquet.com.ar\/sitio\/2020\/09\/20\/se-viene-la-segunda-parte\/\" \/>\n<meta property=\"og:locale\" content=\"es_ES\" \/>\n<meta property=\"og:type\" content=\"article\" \/>\n<meta property=\"og:title\" content=\"\u00a1Se viene la segunda parte! - Gente de B\u00e1squet\" \/>\n<meta property=\"og:description\" content=\"El Equipo de las Dos D\u00e9cadas tendr\u00e1 nuevos rubros y otros seleccionados\" \/>\n<meta property=\"og:url\" content=\"https:\/\/gentedebasquet.com.ar\/sitio\/2020\/09\/20\/se-viene-la-segunda-parte\/\" \/>\n<meta property=\"og:site_name\" content=\"Gente de B\u00e1squet\" \/>\n<meta property=\"article:published_time\" content=\"2020-09-20T17:35:42+00:00\" \/>\n<meta property=\"og:image\" content=\"http:\/\/www.gentedebasquet.com.ar\/wp-content\/uploads\/2020\/09\/Elegidos-1-1024x593.jpg\" \/>\n<meta name=\"author\" content=\"Gente de B\u00e1squet\" \/>\n<meta name=\"twitter:card\" content=\"summary_large_image\" \/>\n<meta name=\"twitter:label1\" content=\"Escrito por\" \/>\n\t<meta name=\"twitter:data1\" content=\"Gente de B\u00e1squet\" \/>\n\t<meta name=\"twitter:label2\" content=\"Tiempo de lectura\" \/>\n\t<meta name=\"twitter:data2\" content=\"2 minutos\" \/>\n<script type=\"application\/ld+json\" class=\"yoast-schema-graph\">{\"@context\":\"https:\\\/\\\/schema.org\",\"@graph\":[{\"@type\":\"Article\",\"@id\":\"https:\\\/\\\/gentedebasquet.com.ar\\\/sitio\\\/2020\\\/09\\\/20\\\/se-viene-la-segunda-parte\\\/#article\",\"isPartOf\":{\"@id\":\"https:\\\/\\\/gentedebasquet.com.ar\\\/sitio\\\/2020\\\/09\\\/20\\\/se-viene-la-segunda-parte\\\/\"},\"author\":{\"name\":\"Gente de B\u00e1squet\",\"@id\":\"https:\\\/\\\/gentedebasquet.com.ar\\\/sitio\\\/#\\\/schema\\\/person\\\/ca0b63bbb977369988a7bbbdc519943a\"},\"headline\":\"\u00a1Se viene la segunda parte!\",\"datePublished\":\"2020-09-20T17:35:42+00:00\",\"mainEntityOfPage\":{\"@id\":\"https:\\\/\\\/gentedebasquet.com.ar\\\/sitio\\\/2020\\\/09\\\/20\\\/se-viene-la-segunda-parte\\\/\"},\"wordCount\":492,\"image\":{\"@id\":\"https:\\\/\\\/gentedebasquet.com.ar\\\/sitio\\\/2020\\\/09\\\/20\\\/se-viene-la-segunda-parte\\\/#primaryimage\"},\"thumbnailUrl\":\"http:\\\/\\\/www.gentedebasquet.com.ar\\\/wp-content\\\/uploads\\\/2020\\\/09\\\/Elegidos-1-1024x593.jpg\",\"keywords\":[\"El Equipo de las Dos D\u00e9cadas\",\"GDB\"],\"articleSection\":[\"#Overtime\",\"Slide\"],\"inLanguage\":\"es\"},{\"@type\":\"WebPage\",\"@id\":\"https:\\\/\\\/gentedebasquet.com.ar\\\/sitio\\\/2020\\\/09\\\/20\\\/se-viene-la-segunda-parte\\\/\",\"url\":\"https:\\\/\\\/gentedebasquet.com.ar\\\/sitio\\\/2020\\\/09\\\/20\\\/se-viene-la-segunda-parte\\\/\",\"name\":\"\u00a1Se viene la segunda parte! - Gente de B\u00e1squet\",\"isPartOf\":{\"@id\":\"https:\\\/\\\/gentedebasquet.com.ar\\\/sitio\\\/#website\"},\"primaryImageOfPage\":{\"@id\":\"https:\\\/\\\/gentedebasquet.com.ar\\\/sitio\\\/2020\\\/09\\\/20\\\/se-viene-la-segunda-parte\\\/#primaryimage\"},\"image\":{\"@id\":\"https:\\\/\\\/gentedebasquet.com.ar\\\/sitio\\\/2020\\\/09\\\/20\\\/se-viene-la-segunda-parte\\\/#primaryimage\"},\"thumbnailUrl\":\"http:\\\/\\\/www.gentedebasquet.com.ar\\\/wp-content\\\/uploads\\\/2020\\\/09\\\/Elegidos-1-1024x593.jpg\",\"datePublished\":\"2020-09-20T17:35:42+00:00\",\"author\":{\"@id\":\"https:\\\/\\\/gentedebasquet.com.ar\\\/sitio\\\/#\\\/schema\\\/person\\\/ca0b63bbb977369988a7bbbdc519943a\"},\"breadcrumb\":{\"@id\":\"https:\\\/\\\/gentedebasquet.com.ar\\\/sitio\\\/2020\\\/09\\\/20\\\/se-viene-la-segunda-parte\\\/#breadcrumb\"},\"inLanguage\":\"es\",\"potentialAction\":[{\"@type\":\"ReadAction\",\"target\":[\"https:\\\/\\\/gentedebasquet.com.ar\\\/sitio\\\/2020\\\/09\\\/20\\\/se-viene-la-segunda-parte\\\/\"]}]},{\"@type\":\"ImageObject\",\"inLanguage\":\"es\",\"@id\":\"https:\\\/\\\/gentedebasquet.com.ar\\\/sitio\\\/2020\\\/09\\\/20\\\/se-viene-la-segunda-parte\\\/#primaryimage\",\"url\":\"http:\\\/\\\/www.gentedebasquet.com.ar\\\/wp-content\\\/uploads\\\/2020\\\/09\\\/Elegidos-1-1024x593.jpg\",\"contentUrl\":\"http:\\\/\\\/www.gentedebasquet.com.ar\\\/wp-content\\\/uploads\\\/2020\\\/09\\\/Elegidos-1-1024x593.jpg\"},{\"@type\":\"BreadcrumbList\",\"@id\":\"https:\\\/\\\/gentedebasquet.com.ar\\\/sitio\\\/2020\\\/09\\\/20\\\/se-viene-la-segunda-parte\\\/#breadcrumb\",\"itemListElement\":[{\"@type\":\"ListItem\",\"position\":1,\"name\":\"Portada\",\"item\":\"https:\\\/\\\/gentedebasquet.com.ar\\\/sitio\\\/\"},{\"@type\":\"ListItem\",\"position\":2,\"name\":\"\u00a1Se viene la segunda parte!\"}]},{\"@type\":\"WebSite\",\"@id\":\"https:\\\/\\\/gentedebasquet.com.ar\\\/sitio\\\/#website\",\"url\":\"https:\\\/\\\/gentedebasquet.com.ar\\\/sitio\\\/\",\"name\":\"Gente de B\u00e1squet\",\"description\":\"La revista del basquet de Bah\u00eda Blanca\",\"potentialAction\":[{\"@type\":\"SearchAction\",\"target\":{\"@type\":\"EntryPoint\",\"urlTemplate\":\"https:\\\/\\\/gentedebasquet.com.ar\\\/sitio\\\/?s={search_term_string}\"},\"query-input\":{\"@type\":\"PropertyValueSpecification\",\"valueRequired\":true,\"valueName\":\"search_term_string\"}}],\"inLanguage\":\"es\"},{\"@type\":\"Person\",\"@id\":\"https:\\\/\\\/gentedebasquet.com.ar\\\/sitio\\\/#\\\/schema\\\/person\\\/ca0b63bbb977369988a7bbbdc519943a\",\"name\":\"Gente de B\u00e1squet\",\"image\":{\"@type\":\"ImageObject\",\"inLanguage\":\"es\",\"@id\":\"https:\\\/\\\/secure.gravatar.com\\\/avatar\\\/7f2c48bdc33b30088f941fb6082e555f2874c98e20cb159d7b92b50eadfce793?s=96&d=mm&r=g\",\"url\":\"https:\\\/\\\/secure.gravatar.com\\\/avatar\\\/7f2c48bdc33b30088f941fb6082e555f2874c98e20cb159d7b92b50eadfce793?s=96&d=mm&r=g\",\"contentUrl\":\"https:\\\/\\\/secure.gravatar.com\\\/avatar\\\/7f2c48bdc33b30088f941fb6082e555f2874c98e20cb159d7b92b50eadfce793?s=96&d=mm&r=g\",\"caption\":\"Gente de B\u00e1squet\"},\"sameAs\":[\"http:\\\/\\\/gentedebasquet.com.ar\\\/sitio\"],\"url\":\"https:\\\/\\\/gentedebasquet.com.ar\\\/sitio\\\/author\\\/ulises\\\/\"}]}<\/script>\n<!-- \/ Yoast SEO plugin. -->","yoast_head_json":{"title":"\u00a1Se viene la segunda parte! - Gente de B\u00e1squet","robots":{"index":"index","follow":"follow","max-snippet":"max-snippet:-1","max-image-preview":"max-image-preview:large","max-video-preview":"max-video-preview:-1"},"canonical":"https:\/\/gentedebasquet.com.ar\/sitio\/2020\/09\/20\/se-viene-la-segunda-parte\/","og_locale":"es_ES","og_type":"article","og_title":"\u00a1Se viene la segunda parte! - Gente de B\u00e1squet","og_description":"El Equipo de las Dos D\u00e9cadas tendr\u00e1 nuevos rubros y otros seleccionados","og_url":"https:\/\/gentedebasquet.com.ar\/sitio\/2020\/09\/20\/se-viene-la-segunda-parte\/","og_site_name":"Gente de B\u00e1squet","article_published_time":"2020-09-20T17:35:42+00:00","og_image":[{"url":"http:\/\/www.gentedebasquet.com.ar\/wp-content\/uploads\/2020\/09\/Elegidos-1-1024x593.jpg","type":"","width":"","height":""}],"author":"Gente de B\u00e1squet","twitter_card":"summary_large_image","twitter_misc":{"Escrito por":"Gente de B\u00e1squet","Tiempo de lectura":"2 minutos"},"schema":{"@context":"https:\/\/schema.org","@graph":[{"@type":"Article","@id":"https:\/\/gentedebasquet.com.ar\/sitio\/2020\/09\/20\/se-viene-la-segunda-parte\/#article","isPartOf":{"@id":"https:\/\/gentedebasquet.com.ar\/sitio\/2020\/09\/20\/se-viene-la-segunda-parte\/"},"author":{"name":"Gente de B\u00e1squet","@id":"https:\/\/gentedebasquet.com.ar\/sitio\/#\/schema\/person\/ca0b63bbb977369988a7bbbdc519943a"},"headline":"\u00a1Se viene la segunda parte!","datePublished":"2020-09-20T17:35:42+00:00","mainEntityOfPage":{"@id":"https:\/\/gentedebasquet.com.ar\/sitio\/2020\/09\/20\/se-viene-la-segunda-parte\/"},"wordCount":492,"image":{"@id":"https:\/\/gentedebasquet.com.ar\/sitio\/2020\/09\/20\/se-viene-la-segunda-parte\/#primaryimage"},"thumbnailUrl":"http:\/\/www.gentedebasquet.com.ar\/wp-content\/uploads\/2020\/09\/Elegidos-1-1024x593.jpg","keywords":["El Equipo de las Dos D\u00e9cadas","GDB"],"articleSection":["#Overtime","Slide"],"inLanguage":"es"},{"@type":"WebPage","@id":"https:\/\/gentedebasquet.com.ar\/sitio\/2020\/09\/20\/se-viene-la-segunda-parte\/","url":"https:\/\/gentedebasquet.com.ar\/sitio\/2020\/09\/20\/se-viene-la-segunda-parte\/","name":"\u00a1Se viene la segunda parte! - Gente de B\u00e1squet","isPartOf":{"@id":"https:\/\/gentedebasquet.com.ar\/sitio\/#website"},"primaryImageOfPage":{"@id":"https:\/\/gentedebasquet.com.ar\/sitio\/2020\/09\/20\/se-viene-la-segunda-parte\/#primaryimage"},"image":{"@id":"https:\/\/gentedebasquet.com.ar\/sitio\/2020\/09\/20\/se-viene-la-segunda-parte\/#primaryimage"},"thumbnailUrl":"http:\/\/www.gentedebasquet.com.ar\/wp-content\/uploads\/2020\/09\/Elegidos-1-1024x593.jpg","datePublished":"2020-09-20T17:35:42+00:00","author":{"@id":"https:\/\/gentedebasquet.com.ar\/sitio\/#\/schema\/person\/ca0b63bbb977369988a7bbbdc519943a"},"breadcrumb":{"@id":"https:\/\/gentedebasquet.com.ar\/sitio\/2020\/09\/20\/se-viene-la-segunda-parte\/#breadcrumb"},"inLanguage":"es","potentialAction":[{"@type":"ReadAction","target":["https:\/\/gentedebasquet.com.ar\/sitio\/2020\/09\/20\/se-viene-la-segunda-parte\/"]}]},{"@type":"ImageObject","inLanguage":"es","@id":"https:\/\/gentedebasquet.com.ar\/sitio\/2020\/09\/20\/se-viene-la-segunda-parte\/#primaryimage","url":"http:\/\/www.gentedebasquet.com.ar\/wp-content\/uploads\/2020\/09\/Elegidos-1-1024x593.jpg","contentUrl":"http:\/\/www.gentedebasquet.com.ar\/wp-content\/uploads\/2020\/09\/Elegidos-1-1024x593.jpg"},{"@type":"BreadcrumbList","@id":"https:\/\/gentedebasquet.com.ar\/sitio\/2020\/09\/20\/se-viene-la-segunda-parte\/#breadcrumb","itemListElement":[{"@type":"ListItem","position":1,"name":"Portada","item":"https:\/\/gentedebasquet.com.ar\/sitio\/"},{"@type":"ListItem","position":2,"name":"\u00a1Se viene la segunda parte!"}]},{"@type":"WebSite","@id":"https:\/\/gentedebasquet.com.ar\/sitio\/#website","url":"https:\/\/gentedebasquet.com.ar\/sitio\/","name":"Gente de B\u00e1squet","description":"La revista del basquet de Bah\u00eda Blanca","potentialAction":[{"@type":"SearchAction","target":{"@type":"EntryPoint","urlTemplate":"https:\/\/gentedebasquet.com.ar\/sitio\/?s={search_term_string}"},"query-input":{"@type":"PropertyValueSpecification","valueRequired":true,"valueName":"search_term_string"}}],"inLanguage":"es"},{"@type":"Person","@id":"https:\/\/gentedebasquet.com.ar\/sitio\/#\/schema\/person\/ca0b63bbb977369988a7bbbdc519943a","name":"Gente de B\u00e1squet","image":{"@type":"ImageObject","inLanguage":"es","@id":"https:\/\/secure.gravatar.com\/avatar\/7f2c48bdc33b30088f941fb6082e555f2874c98e20cb159d7b92b50eadfce793?s=96&d=mm&r=g","url":"https:\/\/secure.gravatar.com\/avatar\/7f2c48bdc33b30088f941fb6082e555f2874c98e20cb159d7b92b50eadfce793?s=96&d=mm&r=g","contentUrl":"https:\/\/secure.gravatar.com\/avatar\/7f2c48bdc33b30088f941fb6082e555f2874c98e20cb159d7b92b50eadfce793?s=96&d=mm&r=g","caption":"Gente de B\u00e1squet"},"sameAs":["http:\/\/gentedebasquet.com.ar\/sitio"],"url":"https:\/\/gentedebasquet.com.ar\/sitio\/author\/ulises\/"}]}},"_links":{"self":[{"href":"https:\/\/gentedebasquet.com.ar\/sitio\/wp-json\/wp\/v2\/posts\/98370","targetHints":{"allow":["GET"]}}],"collection":[{"href":"https:\/\/gentedebasquet.com.ar\/sitio\/wp-json\/wp\/v2\/posts"}],"about":[{"href":"https:\/\/gentedebasquet.com.ar\/sitio\/wp-json\/wp\/v2\/types\/post"}],"author":[{"embeddable":true,"href":"https:\/\/gentedebasquet.com.ar\/sitio\/wp-json\/wp\/v2\/users\/1"}],"replies":[{"embeddable":true,"href":"https:\/\/gentedebasquet.com.ar\/sitio\/wp-json\/wp\/v2\/comments?post=98370"}],"version-history":[{"count":0,"href":"https:\/\/gentedebasquet.com.ar\/sitio\/wp-json\/wp\/v2\/posts\/98370\/revisions"}],"wp:attachment":[{"href":"https:\/\/gentedebasquet.com.ar\/sitio\/wp-json\/wp\/v2\/media?parent=98370"}],"wp:term":[{"taxonomy":"category","embeddable":true,"href":"https:\/\/gentedebasquet.com.ar\/sitio\/wp-json\/wp\/v2\/categories?post=98370"},{"taxonomy":"post_tag","embeddable":true,"href":"https:\/\/gentedebasquet.com.ar\/sitio\/wp-json\/wp\/v2\/tags?post=98370"}],"curies":[{"name":"wp","href":"https:\/\/api.w.org\/{rel}","templated":true}]}}