{"id":98571,"date":"2020-11-12T13:29:31","date_gmt":"2020-11-12T16:29:31","guid":{"rendered":"http:\/\/www.gentedebasquet.com.ar\/?p=98571"},"modified":"2020-11-12T13:29:31","modified_gmt":"2020-11-12T16:29:31","slug":"esports-fecha-para-el-2-fiba-open","status":"publish","type":"post","link":"https:\/\/gentedebasquet.com.ar\/sitio\/2020\/11\/12\/esports-fecha-para-el-2-fiba-open\/","title":{"rendered":"Esports: fecha para el 2\u00b0 FIBA Open"},"content":{"rendered":"<p><strong>Argentina, vigente campe\u00f3n de Am\u00e9rica del Sur en el NBA2K, enfrentar\u00e1 a Brasil, Uruguay, Venezuela y Bolivia. <\/strong><\/p>\n<p><strong>La segunda edici\u00f3n se disputar\u00e1 del 19 y 20 de diciembre.\u00a0<\/strong><\/p>\n<p><strong>En la primera, all\u00e1 por junio, <a href=\"https:\/\/www.gentedebasquet.com.ar\/clasico-argento\/\" target=\"_blank\" rel=\"noopener\">particip\u00f3 del combinado nacional el bahiense Lautaro Rodr\u00edguez<\/a>.<\/strong><\/p>\n<p>FIBA anunci\u00f3 la ampliaci\u00f3n de los cupos (a 38) para la segunda edici\u00f3n del FIBA Esports Open (NBA2K 21), que tendr\u00e1 lugar durante tres fines de semana en siete conferencias regionales.<\/p>\n<p>La Conferencia de Am\u00e9rica del Sur pasar\u00e1 de dos a cinco equipos y el seleccionado argentino defender\u00e1 el t\u00edtulo contra Brasil \u2014rival al que venci\u00f3 por 4-1 en la primera edici\u00f3n de este campeonato\u2014, Uruguay, Venezuela y Bolivia, entre el 19 y 20 de diciembre.<\/p>\n<p>La entidad madre anunci\u00f3 que las otras conferencias ser\u00e1n \u00c1frica, Am\u00e9rica del Norte, Am\u00e9rica Central, Europa, Medio Oriente y Sudeste de Asia.<\/p>\n<p>Se organizaron de esa forma por las condiciones geogr\u00e1ficas y la distribuci\u00f3n de los servidores.<\/p>\n<p>Las tres de nuestro continente se disputar\u00e1n los mismos d\u00edas, del 19 al 20 de diciembre.<\/p>\n<p>Mientras que las finales se llevar\u00e1n a cabo en el FIBA Esports Open II en todas las conferencias, con un formato al mejor de tres.<\/p>\n<p>\u00abEsta nueva fecha me alegr\u00f3 much\u00edsimo porque se nota que FIBA tiene un inter\u00e9s de hacerlo cada vez mejor y con m\u00e1s pa\u00edses. Me motiva mucho realmente\u00bb, se\u00f1al\u00f3 Ramiro Ellero.<\/p>\n<p>\u00abY para nosotros, los integrantes del seleccionado, volver a representar al pa\u00eds es hermoso. Desde chiquito era mi sue\u00f1o y poder volver a hacerlo es una locura. El objetivo, como cabeza del equipo, es ganar la ventana. Tenemos claro que contamos con un muy buen nivel y estamos en condiciones e repetir, pero deberemos ir paso a paso, jugando cada partido como una final\u00bb, a\u00f1adi\u00f3 el capit\u00e1n, quien juega como pivote desde su nick ItsRamiro.<\/p>\n<p>\u00abEl formato anunciado me gust\u00f3: es un Round Robin y luego los dos mejores clasificados juegan una final al mejor de tres. Nos favorece porque no es un solo partido\u00bb, analiz\u00f3.<\/p>\n<p>Los otros integrantes en aquel duelo de junio con Brasil fueron Agust\u00edn Alonso (Arg_buho2k &#8211; Base), Adri\u00e1n L\u00f3pez (TrulyNumb &#8211; Escolta\/alero), Lorenzo Handula (SosUnPotato &#8211; Alero), Tom\u00e1s Gonz\u00e1lez Schell (xTIGS03x &#8211; Alero\/Ala pivote), Lisandro Tisnes (Lamogh &#8211; Ala pivote) <a href=\"https:\/\/www.gentedebasquet.com.ar\/de-bahia-a-la-seleccion\/\" target=\"_blank\" rel=\"noopener\">y el bahiense\u00a0Lautaro Rodr\u00edguez (Lauti_RDGZ &#8211; Base\/escolta).<\/a><\/p>\n<p>Los campeones vigentes, adem\u00e1s de Argentina, son Italia, Australia, Filipinas y Arabia Saudita.<\/p>\n<p>La primera edici\u00f3n se llev\u00f3 a cabo en junio, con 17 pa\u00edses. Ahora FIBA concreta una expansi\u00f3n en esta modalidad que crece a pasos agigantados y Argentina sigue siendo del grupo de elite.<\/p>\n<p>Paralelamente, la Asociaci\u00f3n Bahiense viene creciendo en la modalidad y ya realiz\u00f3 dos torneos dom\u00e9sticos.<\/p>\n<p>En ambos, el ganador fue Felipe Mandolesi, quien se desempe\u00f1a como jugador \u2014en el b\u00e1squetbol convencional\u2014 en el club Alem.<\/p>\n<p><strong>Fuente:<\/strong> prensa CABB.<\/p>\n","protected":false},"excerpt":{"rendered":"<p>En la primera edici\u00f3n, por Argentina jug\u00f3 el bahiense Lautaro Rodr\u00edguez<\/p>\n","protected":false},"author":1,"featured_media":98030,"comment_status":"closed","ping_status":"open","sticky":false,"template":"","format":"standard","meta":{"jnews-multi-image_gallery":[],"jnews_single_post":[],"jnews_primary_category":[],"footnotes":""},"categories":[24,101],"tags":[720,1793,1794,1795,402],"class_list":["post-98571","post","type-post","status-publish","format-standard","has-post-thumbnail","hentry","category-overtime","category-slide","tag-argentina","tag-esports","tag-fiba-esports-open-2020","tag-lautaro-rodriguez","tag-seleccion-argentina"],"yoast_head":"<!-- This site is optimized with the Yoast SEO plugin v27.5 - https:\/\/yoast.com\/product\/yoast-seo-wordpress\/ -->\n<title>Esports: fecha para el 2\u00b0 FIBA Open - Gente de B\u00e1squet<\/title>\n<meta name=\"robots\" content=\"index, follow, max-snippet:-1, max-image-preview:large, max-video-preview:-1\" \/>\n<link rel=\"canonical\" href=\"https:\/\/gentedebasquet.com.ar\/sitio\/2020\/11\/12\/esports-fecha-para-el-2-fiba-open\/\" \/>\n<meta property=\"og:locale\" content=\"es_ES\" \/>\n<meta property=\"og:type\" content=\"article\" \/>\n<meta property=\"og:title\" content=\"Esports: fecha para el 2\u00b0 FIBA Open - Gente de B\u00e1squet\" \/>\n<meta property=\"og:description\" content=\"En la primera edici\u00f3n, por Argentina jug\u00f3 el bahiense Lautaro Rodr\u00edguez\" \/>\n<meta property=\"og:url\" content=\"https:\/\/gentedebasquet.com.ar\/sitio\/2020\/11\/12\/esports-fecha-para-el-2-fiba-open\/\" \/>\n<meta property=\"og:site_name\" content=\"Gente de B\u00e1squet\" \/>\n<meta property=\"article:published_time\" content=\"2020-11-12T16:29:31+00:00\" \/>\n<meta property=\"og:image\" content=\"https:\/\/gentedebasquet.com.ar\/sitio\/wp-content\/uploads\/2020\/06\/Lautaro-Rodriguez-Esports.jpg\" \/>\n\t<meta property=\"og:image:width\" content=\"690\" \/>\n\t<meta property=\"og:image:height\" content=\"319\" \/>\n\t<meta property=\"og:image:type\" content=\"image\/jpeg\" \/>\n<meta name=\"author\" content=\"Gente de B\u00e1squet\" \/>\n<meta name=\"twitter:card\" content=\"summary_large_image\" \/>\n<meta name=\"twitter:label1\" content=\"Escrito por\" \/>\n\t<meta name=\"twitter:data1\" content=\"Gente de B\u00e1squet\" \/>\n\t<meta name=\"twitter:label2\" content=\"Tiempo de lectura\" \/>\n\t<meta name=\"twitter:data2\" content=\"3 minutos\" \/>\n<script type=\"application\/ld+json\" class=\"yoast-schema-graph\">{\"@context\":\"https:\\\/\\\/schema.org\",\"@graph\":[{\"@type\":\"Article\",\"@id\":\"https:\\\/\\\/gentedebasquet.com.ar\\\/sitio\\\/2020\\\/11\\\/12\\\/esports-fecha-para-el-2-fiba-open\\\/#article\",\"isPartOf\":{\"@id\":\"https:\\\/\\\/gentedebasquet.com.ar\\\/sitio\\\/2020\\\/11\\\/12\\\/esports-fecha-para-el-2-fiba-open\\\/\"},\"author\":{\"name\":\"Gente de B\u00e1squet\",\"@id\":\"https:\\\/\\\/gentedebasquet.com.ar\\\/sitio\\\/#\\\/schema\\\/person\\\/ca0b63bbb977369988a7bbbdc519943a\"},\"headline\":\"Esports: fecha para el 2\u00b0 FIBA Open\",\"datePublished\":\"2020-11-12T16:29:31+00:00\",\"mainEntityOfPage\":{\"@id\":\"https:\\\/\\\/gentedebasquet.com.ar\\\/sitio\\\/2020\\\/11\\\/12\\\/esports-fecha-para-el-2-fiba-open\\\/\"},\"wordCount\":509,\"image\":{\"@id\":\"https:\\\/\\\/gentedebasquet.com.ar\\\/sitio\\\/2020\\\/11\\\/12\\\/esports-fecha-para-el-2-fiba-open\\\/#primaryimage\"},\"thumbnailUrl\":\"https:\\\/\\\/gentedebasquet.com.ar\\\/sitio\\\/wp-content\\\/uploads\\\/2020\\\/06\\\/Lautaro-Rodriguez-Esports.jpg\",\"keywords\":[\"Argentina\",\"Esports\",\"FIBA Esports Open 2020\",\"Lautaro Rodr\u00edguez\",\"Selecci\u00f3n Argentina\"],\"articleSection\":[\"#Overtime\",\"Slide\"],\"inLanguage\":\"es\"},{\"@type\":\"WebPage\",\"@id\":\"https:\\\/\\\/gentedebasquet.com.ar\\\/sitio\\\/2020\\\/11\\\/12\\\/esports-fecha-para-el-2-fiba-open\\\/\",\"url\":\"https:\\\/\\\/gentedebasquet.com.ar\\\/sitio\\\/2020\\\/11\\\/12\\\/esports-fecha-para-el-2-fiba-open\\\/\",\"name\":\"Esports: fecha para el 2\u00b0 FIBA Open - Gente de B\u00e1squet\",\"isPartOf\":{\"@id\":\"https:\\\/\\\/gentedebasquet.com.ar\\\/sitio\\\/#website\"},\"primaryImageOfPage\":{\"@id\":\"https:\\\/\\\/gentedebasquet.com.ar\\\/sitio\\\/2020\\\/11\\\/12\\\/esports-fecha-para-el-2-fiba-open\\\/#primaryimage\"},\"image\":{\"@id\":\"https:\\\/\\\/gentedebasquet.com.ar\\\/sitio\\\/2020\\\/11\\\/12\\\/esports-fecha-para-el-2-fiba-open\\\/#primaryimage\"},\"thumbnailUrl\":\"https:\\\/\\\/gentedebasquet.com.ar\\\/sitio\\\/wp-content\\\/uploads\\\/2020\\\/06\\\/Lautaro-Rodriguez-Esports.jpg\",\"datePublished\":\"2020-11-12T16:29:31+00:00\",\"author\":{\"@id\":\"https:\\\/\\\/gentedebasquet.com.ar\\\/sitio\\\/#\\\/schema\\\/person\\\/ca0b63bbb977369988a7bbbdc519943a\"},\"breadcrumb\":{\"@id\":\"https:\\\/\\\/gentedebasquet.com.ar\\\/sitio\\\/2020\\\/11\\\/12\\\/esports-fecha-para-el-2-fiba-open\\\/#breadcrumb\"},\"inLanguage\":\"es\",\"potentialAction\":[{\"@type\":\"ReadAction\",\"target\":[\"https:\\\/\\\/gentedebasquet.com.ar\\\/sitio\\\/2020\\\/11\\\/12\\\/esports-fecha-para-el-2-fiba-open\\\/\"]}]},{\"@type\":\"ImageObject\",\"inLanguage\":\"es\",\"@id\":\"https:\\\/\\\/gentedebasquet.com.ar\\\/sitio\\\/2020\\\/11\\\/12\\\/esports-fecha-para-el-2-fiba-open\\\/#primaryimage\",\"url\":\"https:\\\/\\\/gentedebasquet.com.ar\\\/sitio\\\/wp-content\\\/uploads\\\/2020\\\/06\\\/Lautaro-Rodriguez-Esports.jpg\",\"contentUrl\":\"https:\\\/\\\/gentedebasquet.com.ar\\\/sitio\\\/wp-content\\\/uploads\\\/2020\\\/06\\\/Lautaro-Rodriguez-Esports.jpg\",\"width\":690,\"height\":319},{\"@type\":\"BreadcrumbList\",\"@id\":\"https:\\\/\\\/gentedebasquet.com.ar\\\/sitio\\\/2020\\\/11\\\/12\\\/esports-fecha-para-el-2-fiba-open\\\/#breadcrumb\",\"itemListElement\":[{\"@type\":\"ListItem\",\"position\":1,\"name\":\"Portada\",\"item\":\"https:\\\/\\\/gentedebasquet.com.ar\\\/sitio\\\/\"},{\"@type\":\"ListItem\",\"position\":2,\"name\":\"Esports: fecha para el 2\u00b0 FIBA Open\"}]},{\"@type\":\"WebSite\",\"@id\":\"https:\\\/\\\/gentedebasquet.com.ar\\\/sitio\\\/#website\",\"url\":\"https:\\\/\\\/gentedebasquet.com.ar\\\/sitio\\\/\",\"name\":\"Gente de B\u00e1squet\",\"description\":\"La revista del basquet de Bah\u00eda Blanca\",\"potentialAction\":[{\"@type\":\"SearchAction\",\"target\":{\"@type\":\"EntryPoint\",\"urlTemplate\":\"https:\\\/\\\/gentedebasquet.com.ar\\\/sitio\\\/?s={search_term_string}\"},\"query-input\":{\"@type\":\"PropertyValueSpecification\",\"valueRequired\":true,\"valueName\":\"search_term_string\"}}],\"inLanguage\":\"es\"},{\"@type\":\"Person\",\"@id\":\"https:\\\/\\\/gentedebasquet.com.ar\\\/sitio\\\/#\\\/schema\\\/person\\\/ca0b63bbb977369988a7bbbdc519943a\",\"name\":\"Gente de B\u00e1squet\",\"image\":{\"@type\":\"ImageObject\",\"inLanguage\":\"es\",\"@id\":\"https:\\\/\\\/secure.gravatar.com\\\/avatar\\\/7f2c48bdc33b30088f941fb6082e555f2874c98e20cb159d7b92b50eadfce793?s=96&d=mm&r=g\",\"url\":\"https:\\\/\\\/secure.gravatar.com\\\/avatar\\\/7f2c48bdc33b30088f941fb6082e555f2874c98e20cb159d7b92b50eadfce793?s=96&d=mm&r=g\",\"contentUrl\":\"https:\\\/\\\/secure.gravatar.com\\\/avatar\\\/7f2c48bdc33b30088f941fb6082e555f2874c98e20cb159d7b92b50eadfce793?s=96&d=mm&r=g\",\"caption\":\"Gente de B\u00e1squet\"},\"sameAs\":[\"http:\\\/\\\/gentedebasquet.com.ar\\\/sitio\"],\"url\":\"https:\\\/\\\/gentedebasquet.com.ar\\\/sitio\\\/author\\\/ulises\\\/\"}]}<\/script>\n<!-- \/ Yoast SEO plugin. -->","yoast_head_json":{"title":"Esports: fecha para el 2\u00b0 FIBA Open - Gente de B\u00e1squet","robots":{"index":"index","follow":"follow","max-snippet":"max-snippet:-1","max-image-preview":"max-image-preview:large","max-video-preview":"max-video-preview:-1"},"canonical":"https:\/\/gentedebasquet.com.ar\/sitio\/2020\/11\/12\/esports-fecha-para-el-2-fiba-open\/","og_locale":"es_ES","og_type":"article","og_title":"Esports: fecha para el 2\u00b0 FIBA Open - Gente de B\u00e1squet","og_description":"En la primera edici\u00f3n, por Argentina jug\u00f3 el bahiense Lautaro Rodr\u00edguez","og_url":"https:\/\/gentedebasquet.com.ar\/sitio\/2020\/11\/12\/esports-fecha-para-el-2-fiba-open\/","og_site_name":"Gente de B\u00e1squet","article_published_time":"2020-11-12T16:29:31+00:00","og_image":[{"width":690,"height":319,"url":"https:\/\/gentedebasquet.com.ar\/sitio\/wp-content\/uploads\/2020\/06\/Lautaro-Rodriguez-Esports.jpg","type":"image\/jpeg"}],"author":"Gente de B\u00e1squet","twitter_card":"summary_large_image","twitter_misc":{"Escrito por":"Gente de B\u00e1squet","Tiempo de lectura":"3 minutos"},"schema":{"@context":"https:\/\/schema.org","@graph":[{"@type":"Article","@id":"https:\/\/gentedebasquet.com.ar\/sitio\/2020\/11\/12\/esports-fecha-para-el-2-fiba-open\/#article","isPartOf":{"@id":"https:\/\/gentedebasquet.com.ar\/sitio\/2020\/11\/12\/esports-fecha-para-el-2-fiba-open\/"},"author":{"name":"Gente de B\u00e1squet","@id":"https:\/\/gentedebasquet.com.ar\/sitio\/#\/schema\/person\/ca0b63bbb977369988a7bbbdc519943a"},"headline":"Esports: fecha para el 2\u00b0 FIBA Open","datePublished":"2020-11-12T16:29:31+00:00","mainEntityOfPage":{"@id":"https:\/\/gentedebasquet.com.ar\/sitio\/2020\/11\/12\/esports-fecha-para-el-2-fiba-open\/"},"wordCount":509,"image":{"@id":"https:\/\/gentedebasquet.com.ar\/sitio\/2020\/11\/12\/esports-fecha-para-el-2-fiba-open\/#primaryimage"},"thumbnailUrl":"https:\/\/gentedebasquet.com.ar\/sitio\/wp-content\/uploads\/2020\/06\/Lautaro-Rodriguez-Esports.jpg","keywords":["Argentina","Esports","FIBA Esports Open 2020","Lautaro Rodr\u00edguez","Selecci\u00f3n Argentina"],"articleSection":["#Overtime","Slide"],"inLanguage":"es"},{"@type":"WebPage","@id":"https:\/\/gentedebasquet.com.ar\/sitio\/2020\/11\/12\/esports-fecha-para-el-2-fiba-open\/","url":"https:\/\/gentedebasquet.com.ar\/sitio\/2020\/11\/12\/esports-fecha-para-el-2-fiba-open\/","name":"Esports: fecha para el 2\u00b0 FIBA Open - Gente de B\u00e1squet","isPartOf":{"@id":"https:\/\/gentedebasquet.com.ar\/sitio\/#website"},"primaryImageOfPage":{"@id":"https:\/\/gentedebasquet.com.ar\/sitio\/2020\/11\/12\/esports-fecha-para-el-2-fiba-open\/#primaryimage"},"image":{"@id":"https:\/\/gentedebasquet.com.ar\/sitio\/2020\/11\/12\/esports-fecha-para-el-2-fiba-open\/#primaryimage"},"thumbnailUrl":"https:\/\/gentedebasquet.com.ar\/sitio\/wp-content\/uploads\/2020\/06\/Lautaro-Rodriguez-Esports.jpg","datePublished":"2020-11-12T16:29:31+00:00","author":{"@id":"https:\/\/gentedebasquet.com.ar\/sitio\/#\/schema\/person\/ca0b63bbb977369988a7bbbdc519943a"},"breadcrumb":{"@id":"https:\/\/gentedebasquet.com.ar\/sitio\/2020\/11\/12\/esports-fecha-para-el-2-fiba-open\/#breadcrumb"},"inLanguage":"es","potentialAction":[{"@type":"ReadAction","target":["https:\/\/gentedebasquet.com.ar\/sitio\/2020\/11\/12\/esports-fecha-para-el-2-fiba-open\/"]}]},{"@type":"ImageObject","inLanguage":"es","@id":"https:\/\/gentedebasquet.com.ar\/sitio\/2020\/11\/12\/esports-fecha-para-el-2-fiba-open\/#primaryimage","url":"https:\/\/gentedebasquet.com.ar\/sitio\/wp-content\/uploads\/2020\/06\/Lautaro-Rodriguez-Esports.jpg","contentUrl":"https:\/\/gentedebasquet.com.ar\/sitio\/wp-content\/uploads\/2020\/06\/Lautaro-Rodriguez-Esports.jpg","width":690,"height":319},{"@type":"BreadcrumbList","@id":"https:\/\/gentedebasquet.com.ar\/sitio\/2020\/11\/12\/esports-fecha-para-el-2-fiba-open\/#breadcrumb","itemListElement":[{"@type":"ListItem","position":1,"name":"Portada","item":"https:\/\/gentedebasquet.com.ar\/sitio\/"},{"@type":"ListItem","position":2,"name":"Esports: fecha para el 2\u00b0 FIBA Open"}]},{"@type":"WebSite","@id":"https:\/\/gentedebasquet.com.ar\/sitio\/#website","url":"https:\/\/gentedebasquet.com.ar\/sitio\/","name":"Gente de B\u00e1squet","description":"La revista del basquet de Bah\u00eda Blanca","potentialAction":[{"@type":"SearchAction","target":{"@type":"EntryPoint","urlTemplate":"https:\/\/gentedebasquet.com.ar\/sitio\/?s={search_term_string}"},"query-input":{"@type":"PropertyValueSpecification","valueRequired":true,"valueName":"search_term_string"}}],"inLanguage":"es"},{"@type":"Person","@id":"https:\/\/gentedebasquet.com.ar\/sitio\/#\/schema\/person\/ca0b63bbb977369988a7bbbdc519943a","name":"Gente de B\u00e1squet","image":{"@type":"ImageObject","inLanguage":"es","@id":"https:\/\/secure.gravatar.com\/avatar\/7f2c48bdc33b30088f941fb6082e555f2874c98e20cb159d7b92b50eadfce793?s=96&d=mm&r=g","url":"https:\/\/secure.gravatar.com\/avatar\/7f2c48bdc33b30088f941fb6082e555f2874c98e20cb159d7b92b50eadfce793?s=96&d=mm&r=g","contentUrl":"https:\/\/secure.gravatar.com\/avatar\/7f2c48bdc33b30088f941fb6082e555f2874c98e20cb159d7b92b50eadfce793?s=96&d=mm&r=g","caption":"Gente de B\u00e1squet"},"sameAs":["http:\/\/gentedebasquet.com.ar\/sitio"],"url":"https:\/\/gentedebasquet.com.ar\/sitio\/author\/ulises\/"}]}},"_links":{"self":[{"href":"https:\/\/gentedebasquet.com.ar\/sitio\/wp-json\/wp\/v2\/posts\/98571","targetHints":{"allow":["GET"]}}],"collection":[{"href":"https:\/\/gentedebasquet.com.ar\/sitio\/wp-json\/wp\/v2\/posts"}],"about":[{"href":"https:\/\/gentedebasquet.com.ar\/sitio\/wp-json\/wp\/v2\/types\/post"}],"author":[{"embeddable":true,"href":"https:\/\/gentedebasquet.com.ar\/sitio\/wp-json\/wp\/v2\/users\/1"}],"replies":[{"embeddable":true,"href":"https:\/\/gentedebasquet.com.ar\/sitio\/wp-json\/wp\/v2\/comments?post=98571"}],"version-history":[{"count":0,"href":"https:\/\/gentedebasquet.com.ar\/sitio\/wp-json\/wp\/v2\/posts\/98571\/revisions"}],"wp:featuredmedia":[{"embeddable":true,"href":"https:\/\/gentedebasquet.com.ar\/sitio\/wp-json\/wp\/v2\/media\/98030"}],"wp:attachment":[{"href":"https:\/\/gentedebasquet.com.ar\/sitio\/wp-json\/wp\/v2\/media?parent=98571"}],"wp:term":[{"taxonomy":"category","embeddable":true,"href":"https:\/\/gentedebasquet.com.ar\/sitio\/wp-json\/wp\/v2\/categories?post=98571"},{"taxonomy":"post_tag","embeddable":true,"href":"https:\/\/gentedebasquet.com.ar\/sitio\/wp-json\/wp\/v2\/tags?post=98571"}],"curies":[{"name":"wp","href":"https:\/\/api.w.org\/{rel}","templated":true}]}}